{"id":6178,"date":"2025-01-21T18:30:54","date_gmt":"2025-01-21T17:30:54","guid":{"rendered":"https:\/\/www.smedemokrati.sk\/?p=6178"},"modified":"2025-01-28T15:16:44","modified_gmt":"2025-01-28T14:16:44","slug":"podla-fica-organizujeme-majdan-podla-nas-vyuzivame-zakonne-moznosti-na-vyjadrenie-nazoru","status":"publish","type":"post","link":"https:\/\/www.smedemokrati.sk\/hu\/podla-fica-organizujeme-majdan-podla-nas-vyuzivame-zakonne-moznosti-na-vyjadrenie-nazoru\/","title":{"rendered":"Pod\u013ea Fica organizujeme majdan, pod\u013ea n\u00e1s vyu\u017e\u00edvame z\u00e1konn\u00e9 mo\u017enosti na vyjadrenie n\u00e1zoru"},"content":{"rendered":"<div id=\"fb-root\"><\/div>\n\n<p><strong>Pod\u013ea inform\u00e1ci\u00ed, ktor\u00e9 sa \u0161\u00edria parlamentom, premi\u00e9r v utajovanej spr\u00e1ve obvinil stranu Demokrati z organizovania pu\u010du a majdanu. Strana hovor\u00ed, \u017ee organizovan\u00edm protestov vyu\u017e\u00edva z\u00e1konn\u00e9 demokratick\u00e9 mo\u017enosti, ako vyjadri\u0165 nes\u00fahlas s vl\u00e1dou Roberta Fica. Poslanec \u013dubom\u00edr Galko, ktor\u00fd so stranou spolupracuje hovor\u00ed, \u017ee dne\u0161n\u00e9 vyst\u00fapenie predsedu vl\u00e1dy potvrdzuje obsah listu u\u017e vy\u0161e 500 psychiatrov a psychol\u00f3gov, ktor\u00ed ho vyzvali na sebareflexiu alebo odst\u00fapenie.&nbsp;<\/strong><\/p>\n\n\n\n<p><em>\u201eVyst\u00fapenie Roberta Fica pova\u017eujem za nehor\u00e1znos\u0165. E\u0161te pred otvoren\u00edm sch\u00f4dze komunikoval, \u017ee je pripraven\u00fd argumentova\u0165 a obh\u00e1ji\u0165 svojich ministrov na poz\u00edci\u00e1ch. Netrvalo dlho a zahral hru, z ktorej vy\u0161iel ako absol\u00fatny zbabelec, jednoducho sa schoval za ak\u00fasi utajovan\u00fa spr\u00e1vu, ktor\u00e1 bola tot\u00e1lnym v\u00fdsmechom. Jeho vyst\u00fapenie potvrdilo obsah listu od psychol\u00f3gov a psychiatrov, mysl\u00edm, \u017ee celej spolo\u010dnosti a v kone\u010dnom d\u00f4sledku aj premi\u00e9rovi by pomohlo, ak by si odd\u00fdchol, ide\u00e1lne \u010do naj\u010falej od politiky,&#8221;<\/em>\u00a0hovor\u00ed poslanec \u013dubom\u00edr Galko.<\/p>\n\n\n\n<p>Juraj \u0160eliga, podpredseda strany nazna\u010dil o \u010dom mohla by\u0165 utajovan\u00e1 spr\u00e1va, ktor\u00fa predniesol Robert Fico:\u00a0<em>\u201ePod\u013ea nemenovan\u00e9ho koali\u010dn\u00e9ho poslanca m\u00e1me by\u0165 radi, \u017ee sme boli Robertom Ficom obvinen\u00ed z organizovania pu\u010du a majdanu. My v\u0161ak pova\u017eujeme za na\u0161u ob\u010diansku povinnos\u0165 vyu\u017ei\u0165 v\u0161etky demokratick\u00e9 a legislat\u00edvne n\u00e1stroje na to, aby sme slu\u0161ne no zrete\u013ene povedali, \u017ee nes\u00fahlas\u00edme s vl\u00e1dou Roberta Fica. Jednou z mo\u017enost\u00ed je aj organizovanie protestov, z \u010doho nepo\u013eav\u00edme, aj ke\u010f u\u017e po\u010d\u00favame o krokoch, ktor\u00e9 sa chystaj\u00fa na ich zamedzenie.&#8221;\u00a0<\/em>Uzavrel \u0160eliga a pripomenul, \u017ee Robert Fico, nie raz organizoval protesty po Slovensku a ako je z nahr\u00e1vok z chaty v \u010cif\u00e1roch zrejm\u00e9, v\u017edy to bolo s nazv\u00e1\u017ean\u00fdmi \u013eu\u010fmi, ktor\u00ed dostali za \u00falohu burcova\u0165 n\u00e1lady a vyvola\u0165 dojem nespokojnosti alebo vulg\u00e1rne \u00fato\u010di\u0165 na prezidentku.<\/p>\n\n\n\n<p>Strana Demokrati pripom\u00edna, \u017ee sa v\u017edy postavila proti n\u00e1siliu alebo agresivite a v\u0161etky jej aktivity boli v s\u00falade s demokratick\u00fdmi princ\u00edpmi a \u00fastavou. Pova\u017eujeme za neprijate\u013en\u00e9, \u017ee existuj\u00fa v\u00e1\u017ene podozrenia, \u017ee \u0161t\u00e1tna moc sleduje, odpo\u010d\u00fava a kontroluje opozi\u010dn\u00fdch poslancov. Ak si Robert Fico mysl\u00ed, \u017ee n\u00e1s a tis\u00edce \u013eud\u00ed zastra\u0161ia ve\u013emi sa m\u00fdli.<\/p>\n\n\n<div class=\"fb-video\" data-href=\"https:\/\/fb.watch\/xfnXj1zUvd\" data-allowfullscreen=\"true\" data-autoplay=\"false\" data-width=\"\" data-show-text=\"false\" data-show-captions=\"true\"><\/div>\n","protected":false},"excerpt":{"rendered":"<p>Pod\u013ea inform\u00e1ci\u00ed, ktor\u00e9 sa \u0161\u00edria parlamentom, premi\u00e9r v utajovanej spr\u00e1ve obvinil stranu Demokrati z organizovania pu\u010du a majdanu. Strana hovor\u00ed, \u017ee organizovan\u00edm protestov vyu\u017e\u00edva z\u00e1konn\u00e9 demokratick\u00e9 mo\u017enosti, ako vyjadri\u0165 nes\u00fahlas s vl\u00e1dou Roberta Fica. Poslanec \u013dubom\u00edr Galko, ktor\u00fd so stranou spolupracuje hovor\u00ed, \u017ee dne\u0161n\u00e9 vyst\u00fapenie predsedu vl\u00e1dy potvrdzuje obsah listu u\u017e vy\u0161e 500 psychiatrov a [&hellip;]<\/p>\n","protected":false},"author":13,"featured_media":6179,"comment_status":"closed","ping_status":"closed","sticky":false,"template":"","format":"standard","meta":{"_acf_changed":false,"ngg_post_thumbnail":0,"footnotes":""},"categories":[4],"tags":[],"class_list":["post-6178","post","type-post","status-publish","format-standard","has-post-thumbnail","hentry","category-tlacove-spravy"],"acf":[],"yoast_head":"<!-- This site is optimized with the Yoast SEO plugin v27.2 - https:\/\/yoast.com\/product\/yoast-seo-wordpress\/ -->\n<title>Pod\u013ea Fica organizujeme majdan, pod\u013ea n\u00e1s vyu\u017e\u00edvame z\u00e1konn\u00e9 mo\u017enosti na vyjadrenie n\u00e1zoru<\/title>\n<meta name=\"robots\" content=\"index, follow, max-snippet:-1, max-image-preview:large, max-video-preview:-1\" \/>\n<link rel=\"canonical\" href=\"https:\/\/www.smedemokrati.sk\/hu\/podla-fica-organizujeme-majdan-podla-nas-vyuzivame-zakonne-moznosti-na-vyjadrenie-nazoru\/\" \/>\n<meta property=\"og:locale\" content=\"hu_HU\" \/>\n<meta property=\"og:locale:alternate\" content=\"en_US\" \/>\n<meta property=\"og:locale:alternate\" content=\"cs_CZ\" \/>\n<meta property=\"og:locale:alternate\" content=\"sk_SK\" \/>\n<meta property=\"og:locale:alternate\" content=\"sv_SE\" \/>\n<meta property=\"og:type\" content=\"article\" \/>\n<meta property=\"og:title\" content=\"Pod\u013ea Fica organizujeme majdan, pod\u013ea n\u00e1s vyu\u017e\u00edvame z\u00e1konn\u00e9 mo\u017enosti na vyjadrenie n\u00e1zoru\" \/>\n<meta property=\"og:description\" content=\"Pod\u013ea inform\u00e1ci\u00ed, ktor\u00e9 sa \u0161\u00edria parlamentom, premi\u00e9r v utajovanej spr\u00e1ve obvinil stranu Demokrati z organizovania pu\u010du a majdanu. Strana hovor\u00ed, \u017ee organizovan\u00edm protestov vyu\u017e\u00edva z\u00e1konn\u00e9 demokratick\u00e9 mo\u017enosti, ako vyjadri\u0165 nes\u00fahlas s vl\u00e1dou Roberta Fica. Poslanec \u013dubom\u00edr Galko, ktor\u00fd so stranou spolupracuje hovor\u00ed, \u017ee dne\u0161n\u00e9 vyst\u00fapenie predsedu vl\u00e1dy potvrdzuje obsah listu u\u017e vy\u0161e 500 psychiatrov a [&hellip;]\" \/>\n<meta property=\"og:url\" content=\"https:\/\/www.smedemokrati.sk\/hu\/podla-fica-organizujeme-majdan-podla-nas-vyuzivame-zakonne-moznosti-na-vyjadrenie-nazoru\/\" \/>\n<meta property=\"og:site_name\" content=\"Smedemokrati.sk\" \/>\n<meta property=\"article:publisher\" content=\"https:\/\/www.facebook.com\/smedemokrati2023\" \/>\n<meta property=\"article:published_time\" content=\"2025-01-21T17:30:54+00:00\" \/>\n<meta property=\"article:modified_time\" content=\"2025-01-28T14:16:44+00:00\" \/>\n<meta property=\"og:image\" content=\"https:\/\/www.smedemokrati.sk\/wp-content\/uploads\/2025\/01\/odvolavanie_fica.jpg\" \/>\n\t<meta property=\"og:image:width\" content=\"841\" \/>\n\t<meta property=\"og:image:height\" content=\"483\" \/>\n\t<meta property=\"og:image:type\" content=\"image\/jpeg\" \/>\n<meta name=\"author\" content=\"miro.sopko\" \/>\n<meta name=\"twitter:card\" content=\"summary_large_image\" \/>\n<meta name=\"twitter:label1\" content=\"Szerz\u0151:\" \/>\n\t<meta name=\"twitter:data1\" content=\"miro.sopko\" \/>\n\t<meta name=\"twitter:label2\" content=\"Becs\u00fclt olvas\u00e1si id\u0151\" \/>\n\t<meta name=\"twitter:data2\" content=\"2 perc\" \/>\n<script type=\"application\/ld+json\" class=\"yoast-schema-graph\">{\"@context\":\"https:\/\/schema.org\",\"@graph\":[{\"@type\":\"Article\",\"@id\":\"https:\/\/www.smedemokrati.sk\/podla-fica-organizujeme-majdan-podla-nas-vyuzivame-zakonne-moznosti-na-vyjadrenie-nazoru\/#article\",\"isPartOf\":{\"@id\":\"https:\/\/www.smedemokrati.sk\/podla-fica-organizujeme-majdan-podla-nas-vyuzivame-zakonne-moznosti-na-vyjadrenie-nazoru\/\"},\"author\":{\"name\":\"miro.sopko\",\"@id\":\"https:\/\/www.smedemokrati.sk\/#\/schema\/person\/21f147c88d605aa7ded900e1e7c344ba\"},\"headline\":\"Pod\u013ea Fica organizujeme majdan, pod\u013ea n\u00e1s vyu\u017e\u00edvame z\u00e1konn\u00e9 mo\u017enosti na vyjadrenie n\u00e1zoru\",\"datePublished\":\"2025-01-21T17:30:54+00:00\",\"dateModified\":\"2025-01-28T14:16:44+00:00\",\"mainEntityOfPage\":{\"@id\":\"https:\/\/www.smedemokrati.sk\/podla-fica-organizujeme-majdan-podla-nas-vyuzivame-zakonne-moznosti-na-vyjadrenie-nazoru\/\"},\"wordCount\":446,\"publisher\":{\"@id\":\"https:\/\/www.smedemokrati.sk\/#organization\"},\"image\":{\"@id\":\"https:\/\/www.smedemokrati.sk\/podla-fica-organizujeme-majdan-podla-nas-vyuzivame-zakonne-moznosti-na-vyjadrenie-nazoru\/#primaryimage\"},\"thumbnailUrl\":\"https:\/\/www.smedemokrati.sk\/wp-content\/uploads\/2025\/01\/odvolavanie_fica.jpg\",\"articleSection\":[\"Tla\u010dov\u00e9 spr\u00e1vy\"],\"inLanguage\":\"hu-HU\"},{\"@type\":\"WebPage\",\"@id\":\"https:\/\/www.smedemokrati.sk\/podla-fica-organizujeme-majdan-podla-nas-vyuzivame-zakonne-moznosti-na-vyjadrenie-nazoru\/\",\"url\":\"https:\/\/www.smedemokrati.sk\/podla-fica-organizujeme-majdan-podla-nas-vyuzivame-zakonne-moznosti-na-vyjadrenie-nazoru\/\",\"name\":\"Pod\u013ea Fica organizujeme majdan, pod\u013ea n\u00e1s vyu\u017e\u00edvame z\u00e1konn\u00e9 mo\u017enosti na vyjadrenie n\u00e1zoru\",\"isPartOf\":{\"@id\":\"https:\/\/www.smedemokrati.sk\/#website\"},\"primaryImageOfPage\":{\"@id\":\"https:\/\/www.smedemokrati.sk\/podla-fica-organizujeme-majdan-podla-nas-vyuzivame-zakonne-moznosti-na-vyjadrenie-nazoru\/#primaryimage\"},\"image\":{\"@id\":\"https:\/\/www.smedemokrati.sk\/podla-fica-organizujeme-majdan-podla-nas-vyuzivame-zakonne-moznosti-na-vyjadrenie-nazoru\/#primaryimage\"},\"thumbnailUrl\":\"https:\/\/www.smedemokrati.sk\/wp-content\/uploads\/2025\/01\/odvolavanie_fica.jpg\",\"datePublished\":\"2025-01-21T17:30:54+00:00\",\"dateModified\":\"2025-01-28T14:16:44+00:00\",\"breadcrumb\":{\"@id\":\"https:\/\/www.smedemokrati.sk\/podla-fica-organizujeme-majdan-podla-nas-vyuzivame-zakonne-moznosti-na-vyjadrenie-nazoru\/#breadcrumb\"},\"inLanguage\":\"hu-HU\",\"potentialAction\":[{\"@type\":\"ReadAction\",\"target\":[\"https:\/\/www.smedemokrati.sk\/podla-fica-organizujeme-majdan-podla-nas-vyuzivame-zakonne-moznosti-na-vyjadrenie-nazoru\/\"]}]},{\"@type\":\"ImageObject\",\"inLanguage\":\"hu-HU\",\"@id\":\"https:\/\/www.smedemokrati.sk\/podla-fica-organizujeme-majdan-podla-nas-vyuzivame-zakonne-moznosti-na-vyjadrenie-nazoru\/#primaryimage\",\"url\":\"https:\/\/www.smedemokrati.sk\/wp-content\/uploads\/2025\/01\/odvolavanie_fica.jpg\",\"contentUrl\":\"https:\/\/www.smedemokrati.sk\/wp-content\/uploads\/2025\/01\/odvolavanie_fica.jpg\",\"width\":841,\"height\":483},{\"@type\":\"BreadcrumbList\",\"@id\":\"https:\/\/www.smedemokrati.sk\/podla-fica-organizujeme-majdan-podla-nas-vyuzivame-zakonne-moznosti-na-vyjadrenie-nazoru\/#breadcrumb\",\"itemListElement\":[{\"@type\":\"ListItem\",\"position\":1,\"name\":\"Domovsk\u00e1 str\u00e1nka\",\"item\":\"https:\/\/www.smedemokrati.sk\/\"},{\"@type\":\"ListItem\",\"position\":2,\"name\":\"Pod\u013ea Fica organizujeme majdan, pod\u013ea n\u00e1s vyu\u017e\u00edvame z\u00e1konn\u00e9 mo\u017enosti na vyjadrenie n\u00e1zoru\"}]},{\"@type\":\"WebSite\",\"@id\":\"https:\/\/www.smedemokrati.sk\/#website\",\"url\":\"https:\/\/www.smedemokrati.sk\/\",\"name\":\"Smedemokrati.sk\",\"description\":\"Demokracia a slu\u0161nos\u0165 zv\u00ed\u0165az\u00ed\",\"publisher\":{\"@id\":\"https:\/\/www.smedemokrati.sk\/#organization\"},\"potentialAction\":[{\"@type\":\"SearchAction\",\"target\":{\"@type\":\"EntryPoint\",\"urlTemplate\":\"https:\/\/www.smedemokrati.sk\/?s={search_term_string}\"},\"query-input\":{\"@type\":\"PropertyValueSpecification\",\"valueRequired\":true,\"valueName\":\"search_term_string\"}}],\"inLanguage\":\"hu-HU\"},{\"@type\":\"Organization\",\"@id\":\"https:\/\/www.smedemokrati.sk\/#organization\",\"name\":\"Smedemokrati.sk\",\"url\":\"https:\/\/www.smedemokrati.sk\/\",\"logo\":{\"@type\":\"ImageObject\",\"inLanguage\":\"hu-HU\",\"@id\":\"https:\/\/www.smedemokrati.sk\/#\/schema\/logo\/image\/\",\"url\":\"https:\/\/www.smedemokrati.sk\/wp-content\/uploads\/2023\/04\/ff.002.jpeg\",\"contentUrl\":\"https:\/\/www.smedemokrati.sk\/wp-content\/uploads\/2023\/04\/ff.002.jpeg\",\"width\":640,\"height\":480,\"caption\":\"Smedemokrati.sk\"},\"image\":{\"@id\":\"https:\/\/www.smedemokrati.sk\/#\/schema\/logo\/image\/\"},\"sameAs\":[\"https:\/\/www.facebook.com\/smedemokrati2023\"]},{\"@type\":\"Person\",\"@id\":\"https:\/\/www.smedemokrati.sk\/#\/schema\/person\/21f147c88d605aa7ded900e1e7c344ba\",\"name\":\"miro.sopko\",\"image\":{\"@type\":\"ImageObject\",\"inLanguage\":\"hu-HU\",\"@id\":\"https:\/\/secure.gravatar.com\/avatar\/267e4a36f704376c109afe3a78740c1f5dd8675a2180a908699e7863c9247606?s=96&d=mm&r=g\",\"url\":\"https:\/\/secure.gravatar.com\/avatar\/267e4a36f704376c109afe3a78740c1f5dd8675a2180a908699e7863c9247606?s=96&d=mm&r=g\",\"contentUrl\":\"https:\/\/secure.gravatar.com\/avatar\/267e4a36f704376c109afe3a78740c1f5dd8675a2180a908699e7863c9247606?s=96&d=mm&r=g\",\"caption\":\"miro.sopko\"},\"url\":\"https:\/\/www.smedemokrati.sk\/hu\/author\/miro-sopko\/\"}]}<\/script>\n<!-- \/ Yoast SEO plugin. -->","yoast_head_json":{"title":"Pod\u013ea Fica organizujeme majdan, pod\u013ea n\u00e1s vyu\u017e\u00edvame z\u00e1konn\u00e9 mo\u017enosti na vyjadrenie n\u00e1zoru","robots":{"index":"index","follow":"follow","max-snippet":"max-snippet:-1","max-image-preview":"max-image-preview:large","max-video-preview":"max-video-preview:-1"},"canonical":"https:\/\/www.smedemokrati.sk\/hu\/podla-fica-organizujeme-majdan-podla-nas-vyuzivame-zakonne-moznosti-na-vyjadrenie-nazoru\/","og_locale":"hu_HU","og_type":"article","og_title":"[:sk]Pod\u013ea Fica organizujeme majdan, pod\u013ea n\u00e1s vyu\u017e\u00edvame z\u00e1konn\u00e9 mo\u017enosti na vyjadrenie n\u00e1zoru[:] - Smedemokrati.sk","og_description":"Pod\u013ea inform\u00e1ci\u00ed, ktor\u00e9 sa \u0161\u00edria parlamentom, premi\u00e9r v utajovanej spr\u00e1ve obvinil stranu Demokrati z organizovania pu\u010du a majdanu. Strana hovor\u00ed, \u017ee organizovan\u00edm protestov vyu\u017e\u00edva z\u00e1konn\u00e9 demokratick\u00e9 mo\u017enosti, ako vyjadri\u0165 nes\u00fahlas s vl\u00e1dou Roberta Fica. Poslanec \u013dubom\u00edr Galko, ktor\u00fd so stranou spolupracuje hovor\u00ed, \u017ee dne\u0161n\u00e9 vyst\u00fapenie predsedu vl\u00e1dy potvrdzuje obsah listu u\u017e vy\u0161e 500 psychiatrov a [&hellip;]","og_url":"https:\/\/www.smedemokrati.sk\/hu\/podla-fica-organizujeme-majdan-podla-nas-vyuzivame-zakonne-moznosti-na-vyjadrenie-nazoru\/","og_site_name":"Smedemokrati.sk","article_publisher":"https:\/\/www.facebook.com\/smedemokrati2023","article_published_time":"2025-01-21T17:30:54+00:00","article_modified_time":"2025-01-28T14:16:44+00:00","og_image":[{"width":841,"height":483,"url":"https:\/\/www.smedemokrati.sk\/wp-content\/uploads\/2025\/01\/odvolavanie_fica.jpg","type":"image\/jpeg"}],"author":"miro.sopko","twitter_card":"summary_large_image","twitter_misc":{"Szerz\u0151:":"miro.sopko","Becs\u00fclt olvas\u00e1si id\u0151":"2 perc"},"schema":{"@context":"https:\/\/schema.org","@graph":[{"@type":"Article","@id":"https:\/\/www.smedemokrati.sk\/podla-fica-organizujeme-majdan-podla-nas-vyuzivame-zakonne-moznosti-na-vyjadrenie-nazoru\/#article","isPartOf":{"@id":"https:\/\/www.smedemokrati.sk\/podla-fica-organizujeme-majdan-podla-nas-vyuzivame-zakonne-moznosti-na-vyjadrenie-nazoru\/"},"author":{"name":"miro.sopko","@id":"https:\/\/www.smedemokrati.sk\/#\/schema\/person\/21f147c88d605aa7ded900e1e7c344ba"},"headline":"Pod\u013ea Fica organizujeme majdan, pod\u013ea n\u00e1s vyu\u017e\u00edvame z\u00e1konn\u00e9 mo\u017enosti na vyjadrenie n\u00e1zoru","datePublished":"2025-01-21T17:30:54+00:00","dateModified":"2025-01-28T14:16:44+00:00","mainEntityOfPage":{"@id":"https:\/\/www.smedemokrati.sk\/podla-fica-organizujeme-majdan-podla-nas-vyuzivame-zakonne-moznosti-na-vyjadrenie-nazoru\/"},"wordCount":446,"publisher":{"@id":"https:\/\/www.smedemokrati.sk\/#organization"},"image":{"@id":"https:\/\/www.smedemokrati.sk\/podla-fica-organizujeme-majdan-podla-nas-vyuzivame-zakonne-moznosti-na-vyjadrenie-nazoru\/#primaryimage"},"thumbnailUrl":"https:\/\/www.smedemokrati.sk\/wp-content\/uploads\/2025\/01\/odvolavanie_fica.jpg","articleSection":["Tla\u010dov\u00e9 spr\u00e1vy"],"inLanguage":"hu-HU"},{"@type":"WebPage","@id":"https:\/\/www.smedemokrati.sk\/podla-fica-organizujeme-majdan-podla-nas-vyuzivame-zakonne-moznosti-na-vyjadrenie-nazoru\/","url":"https:\/\/www.smedemokrati.sk\/podla-fica-organizujeme-majdan-podla-nas-vyuzivame-zakonne-moznosti-na-vyjadrenie-nazoru\/","name":"Pod\u013ea Fica organizujeme majdan, pod\u013ea n\u00e1s vyu\u017e\u00edvame z\u00e1konn\u00e9 mo\u017enosti na vyjadrenie n\u00e1zoru","isPartOf":{"@id":"https:\/\/www.smedemokrati.sk\/#website"},"primaryImageOfPage":{"@id":"https:\/\/www.smedemokrati.sk\/podla-fica-organizujeme-majdan-podla-nas-vyuzivame-zakonne-moznosti-na-vyjadrenie-nazoru\/#primaryimage"},"image":{"@id":"https:\/\/www.smedemokrati.sk\/podla-fica-organizujeme-majdan-podla-nas-vyuzivame-zakonne-moznosti-na-vyjadrenie-nazoru\/#primaryimage"},"thumbnailUrl":"https:\/\/www.smedemokrati.sk\/wp-content\/uploads\/2025\/01\/odvolavanie_fica.jpg","datePublished":"2025-01-21T17:30:54+00:00","dateModified":"2025-01-28T14:16:44+00:00","breadcrumb":{"@id":"https:\/\/www.smedemokrati.sk\/podla-fica-organizujeme-majdan-podla-nas-vyuzivame-zakonne-moznosti-na-vyjadrenie-nazoru\/#breadcrumb"},"inLanguage":"hu-HU","potentialAction":[{"@type":"ReadAction","target":["https:\/\/www.smedemokrati.sk\/podla-fica-organizujeme-majdan-podla-nas-vyuzivame-zakonne-moznosti-na-vyjadrenie-nazoru\/"]}]},{"@type":"ImageObject","inLanguage":"hu-HU","@id":"https:\/\/www.smedemokrati.sk\/podla-fica-organizujeme-majdan-podla-nas-vyuzivame-zakonne-moznosti-na-vyjadrenie-nazoru\/#primaryimage","url":"https:\/\/www.smedemokrati.sk\/wp-content\/uploads\/2025\/01\/odvolavanie_fica.jpg","contentUrl":"https:\/\/www.smedemokrati.sk\/wp-content\/uploads\/2025\/01\/odvolavanie_fica.jpg","width":841,"height":483},{"@type":"BreadcrumbList","@id":"https:\/\/www.smedemokrati.sk\/podla-fica-organizujeme-majdan-podla-nas-vyuzivame-zakonne-moznosti-na-vyjadrenie-nazoru\/#breadcrumb","itemListElement":[{"@type":"ListItem","position":1,"name":"Domovsk\u00e1 str\u00e1nka","item":"https:\/\/www.smedemokrati.sk\/"},{"@type":"ListItem","position":2,"name":"Pod\u013ea Fica organizujeme majdan, pod\u013ea n\u00e1s vyu\u017e\u00edvame z\u00e1konn\u00e9 mo\u017enosti na vyjadrenie n\u00e1zoru"}]},{"@type":"WebSite","@id":"https:\/\/www.smedemokrati.sk\/#website","url":"https:\/\/www.smedemokrati.sk\/","name":"Smedemokrati.sk","description":"Demokracia a slu\u0161nos\u0165 zv\u00ed\u0165az\u00ed","publisher":{"@id":"https:\/\/www.smedemokrati.sk\/#organization"},"potentialAction":[{"@type":"SearchAction","target":{"@type":"EntryPoint","urlTemplate":"https:\/\/www.smedemokrati.sk\/?s={search_term_string}"},"query-input":{"@type":"PropertyValueSpecification","valueRequired":true,"valueName":"search_term_string"}}],"inLanguage":"hu-HU"},{"@type":"Organization","@id":"https:\/\/www.smedemokrati.sk\/#organization","name":"Smedemokrati.sk","url":"https:\/\/www.smedemokrati.sk\/","logo":{"@type":"ImageObject","inLanguage":"hu-HU","@id":"https:\/\/www.smedemokrati.sk\/#\/schema\/logo\/image\/","url":"https:\/\/www.smedemokrati.sk\/wp-content\/uploads\/2023\/04\/ff.002.jpeg","contentUrl":"https:\/\/www.smedemokrati.sk\/wp-content\/uploads\/2023\/04\/ff.002.jpeg","width":640,"height":480,"caption":"Smedemokrati.sk"},"image":{"@id":"https:\/\/www.smedemokrati.sk\/#\/schema\/logo\/image\/"},"sameAs":["https:\/\/www.facebook.com\/smedemokrati2023"]},{"@type":"Person","@id":"https:\/\/www.smedemokrati.sk\/#\/schema\/person\/21f147c88d605aa7ded900e1e7c344ba","name":"miro.sopko","image":{"@type":"ImageObject","inLanguage":"hu-HU","@id":"https:\/\/secure.gravatar.com\/avatar\/267e4a36f704376c109afe3a78740c1f5dd8675a2180a908699e7863c9247606?s=96&d=mm&r=g","url":"https:\/\/secure.gravatar.com\/avatar\/267e4a36f704376c109afe3a78740c1f5dd8675a2180a908699e7863c9247606?s=96&d=mm&r=g","contentUrl":"https:\/\/secure.gravatar.com\/avatar\/267e4a36f704376c109afe3a78740c1f5dd8675a2180a908699e7863c9247606?s=96&d=mm&r=g","caption":"miro.sopko"},"url":"https:\/\/www.smedemokrati.sk\/hu\/author\/miro-sopko\/"}]}},"_links":{"self":[{"href":"https:\/\/www.smedemokrati.sk\/hu\/wp-json\/wp\/v2\/posts\/6178","targetHints":{"allow":["GET"]}}],"collection":[{"href":"https:\/\/www.smedemokrati.sk\/hu\/wp-json\/wp\/v2\/posts"}],"about":[{"href":"https:\/\/www.smedemokrati.sk\/hu\/wp-json\/wp\/v2\/types\/post"}],"author":[{"embeddable":true,"href":"https:\/\/www.smedemokrati.sk\/hu\/wp-json\/wp\/v2\/users\/13"}],"replies":[{"embeddable":true,"href":"https:\/\/www.smedemokrati.sk\/hu\/wp-json\/wp\/v2\/comments?post=6178"}],"version-history":[{"count":1,"href":"https:\/\/www.smedemokrati.sk\/hu\/wp-json\/wp\/v2\/posts\/6178\/revisions"}],"predecessor-version":[{"id":6180,"href":"https:\/\/www.smedemokrati.sk\/hu\/wp-json\/wp\/v2\/posts\/6178\/revisions\/6180"}],"wp:featuredmedia":[{"embeddable":true,"href":"https:\/\/www.smedemokrati.sk\/hu\/wp-json\/wp\/v2\/media\/6179"}],"wp:attachment":[{"href":"https:\/\/www.smedemokrati.sk\/hu\/wp-json\/wp\/v2\/media?parent=6178"}],"wp:term":[{"taxonomy":"category","embeddable":true,"href":"https:\/\/www.smedemokrati.sk\/hu\/wp-json\/wp\/v2\/categories?post=6178"},{"taxonomy":"post_tag","embeddable":true,"href":"https:\/\/www.smedemokrati.sk\/hu\/wp-json\/wp\/v2\/tags?post=6178"}],"curies":[{"name":"wp","href":"https:\/\/api.w.org\/{rel}","templated":true}]}}