{"id":6143,"date":"2025-01-17T10:19:53","date_gmt":"2025-01-17T09:19:53","guid":{"rendered":"https:\/\/www.smedemokrati.sk\/?p=6143"},"modified":"2025-01-19T07:44:58","modified_gmt":"2025-01-19T06:44:58","slug":"bude-sa-kvoli-hlbinnemu-ulozisku-vyvlastnovat","status":"publish","type":"post","link":"https:\/\/www.smedemokrati.sk\/hu\/bude-sa-kvoli-hlbinnemu-ulozisku-vyvlastnovat\/","title":{"rendered":"Bude sa kv\u00f4li hlbinn\u00e9mu \u00falo\u017eisku vyvlast\u0148ova\u0165?"},"content":{"rendered":"<div id=\"fb-root\"><\/div>\n\n<p><strong>Aj t\u00fato ot\u00e1zku sme polo\u017eili v otvorenom liste Filipovi Kuffovi, \u010dlenovi dozornej rady N\u00e1rodn\u00e9ho jadrov\u00e9ho fondu. V\u0161etko toti\u017e nasved\u010duje tomu, \u017ee kv\u00f4li neschopnosti alebo neochote na v\u010dasn\u00e9 zapojenie obyvate\u013eov dotknut\u00fdch obc\u00ed do procesu v\u00fdberu miesta pre hlbinn\u00e9 \u00falo\u017eisko vyhoret\u00e9ho jadrov\u00e9ho paliva sa ohrozuje realiz\u00e1cia tohto strategick\u00e9ho projektu. Vyz\u00fdvame na bezodkladn\u00e9 a plnohodnotn\u00e9 zapojenie verejnosti do konzult\u00e1ci\u00ed o definit\u00edvnej lokalite a pr\u00edpravu a predstavenie kompenza\u010dn\u00fdch a rozvojov\u00fdch opatren\u00ed pre dotknut\u00e9 obce. Alebo si u\u017e vl\u00e1da potichu pripravuje vyhl\u00e1senie tejto invest\u00edcie za strategick\u00fa, \u010do by umo\u017enilo vyvlast\u0148ova\u0165 a ignorova\u0165 miestnych obyvate\u013eov? Zodpovedn\u00fdch \u010dlenov vl\u00e1dy budeme v tejto veci interpelova\u0165. <\/strong><\/p>\n\n\n\n<p>Pova\u017eujeme za neakceptovate\u013en\u00e9, ako s\u00fa ignorovan\u00e9 opr\u00e1vnen\u00e9 z\u00e1ujmy verejnosti a obyvate\u013eov dotknut\u00fdch obc\u00ed v procese umiestnenia hlbinn\u00e9ho \u00falo\u017eiska vyhoret\u00e9ho jadrov\u00e9ho paliva v Slovenskej republike, ktor\u00fd vedie N\u00e1rodn\u00fd jadrov\u00fd fond. Obyvatelia 32 miest a obc\u00ed z potenci\u00e1lnych lokal\u00edt, medzi nimi Hri\u0148ov\u00e1, Rimavsk\u00e1 Sobota \u010di Polt\u00e1r nemaj\u00fa o procese v\u00fdberu miesta prakticky \u017eiadne inform\u00e1cie a nikto s nimi nekomunikuje. Hlbinn\u00e9 \u00falo\u017eisko jadrov\u00e9ho odpadu je pre Slovensko k\u013e\u00fa\u010dov\u00e9 a mus\u00ed sa zrealizova\u0165. Slovensku ako krajine s vysok\u00fdm podielom jadrovej energie v na\u0161om energetickom mixe to vypl\u00fdva aj z pravidiel E\u00da, tzv. taxon\u00f3mie. O to viac by \u0161t\u00e1tu malo z\u00e1le\u017ea\u0165 na \u010do najtransparentnej\u0161om procese, informovan\u00ed obyvate\u013eov a ich zapojen\u00ed do rozhodovania. Inform\u00e1cie Banskobystrick\u00e9ho samospr\u00e1vneho kraja ale hovoria o opaku. Zbyto\u010dne si tak vytv\u00e1rame jeden obrovsk\u00fd probl\u00e9m pre Slovensko. <\/p>\n\n\n\n<p>Filipovi Kuffovi, \u010dlenovi dozornej rady N\u00e1rodn\u00e9ho jadrov\u00e9ho fondu, ktor\u00fd sa realiz\u00e1ciu invest\u00edcie zodpoved\u00e1, sme adresovali otvoren\u00fd list aj s n\u00e1vrhmi rie\u0161en\u00ed. <em>\u201eVyzvali sme ho na zapojenie Banskobystrick\u00e9ho samospr\u00e1vneho kraja a dotknut\u00fdch miest a obc\u00ed do procesu prij\u00edmania aktualiz\u00e1cie Vn\u00fatro\u0161t\u00e1tneho programu nakladania s vyhoret\u00fdm jadrov\u00fdm palivom, informovanie o najpravdepodobnej\u0161ej lokalite umiestnenia hlbinn\u00e9ho \u00falo\u017eiska, vykonanie konzult\u00e1ci\u00ed s dotknut\u00fdmi obcami vr\u00e1tane informovania o parametroch projektu a rizik\u00e1ch s n\u00edm spojen\u00fdch a napokon na predstavenie kompenza\u010dn\u00fdch a rozvojov\u00fdch opatren\u00ed pre dotknut\u00e9 obce, podobne ako je tomu v pr\u00edpade osobitnej dane, ktor\u00e1 sa plat\u00ed obciam za umiestnenie jadrovej elektr\u00e1rne,\u201d<\/em> podrobne objas\u0148uje Michal Ki\u010da, environment\u00e1lny expert strany. <\/p>\n\n\n\n<p>Ver\u00edme, \u017ee vl\u00e1da a osobitne Filip Kuffa, si tieto odpor\u00fa\u010dania osvoj\u00ed. V opa\u010dnom pr\u00edpade sa len op\u00e4\u0165 potvrd\u00ed, \u017ee jeho \u0161tyliz\u00e1cia do role bojovn\u00edka za obyvate\u013eov regi\u00f3nov je iba pr\u00e1zdna p\u00f3za. <em>\u201eV\u00fdstavba hlbinn\u00e9ho \u00falo\u017eiska m\u00f4\u017ee toti\u017e do ich \u017eivota bytostne zasiahnu\u0165. Ob\u00e1vame sa, \u017ee zanedbanie komunik\u00e1cie s obyvate\u013emi bude obrovskou prek\u00e1\u017ekou pre v\u00fdstavbu \u00falo\u017eiska. Alebo, \u010do je e\u0161te hor\u0161ie, vl\u00e1da je pripraven\u00e1 realizova\u0165 tak\u00fato mimoriadne citliv\u00fa miliardov\u00fa invest\u00edciu bez vedomia obyvate\u013eov, bez vysvetlenia, nasilu a proti ich v\u00f4li. V hre je toti\u017e aj vyu\u017eitie nasilu pretla\u010den\u00e9ho z\u00e1kona o strategick\u00fdch invest\u00edci\u00e1ch, \u010do by umo\u017enilo dotknut\u00fdch obyvate\u013eov ignorova\u0165 a napriek ich nes\u00fahlasu aj dokonca vyvlastni\u0165. Odpovede na tieto ot\u00e1zky budeme od ministra \u017eivotn\u00e9ho prostredia Tom\u00e1\u0161a Tarabu a ministerky hospod\u00e1rstva Denisy Sakovej po\u017eadova\u0165 aj v poslaneckej interpel\u00e1cii,\u201d<\/em> uzavrel Michal Ki\u010da. <\/p>\n\n\n\n<div data-wp-interactive=\"core\/file\" class=\"wp-block-file\"><object data-wp-bind--hidden=\"!state.hasPdfPreview\" hidden class=\"wp-block-file__embed\" data=\"https:\/\/www.smedemokrati.sk\/wp-content\/uploads\/2025\/01\/List_Demokrati_Kuffa.pdf.pdf\" type=\"application\/pdf\" style=\"width:100%;height:600px\" aria-label=\"List_Demokrati_Kuffa.pdf be\u00e1gyaz\u00e1sa\"><\/object><a id=\"wp-block-file--media-021d0ea3-649b-4db5-b059-02392b2e3193\" href=\"https:\/\/www.smedemokrati.sk\/wp-content\/uploads\/2025\/01\/List_Demokrati_Kuffa.pdf.pdf\">List_Demokrati_Kuffa.pdf<\/a><a href=\"https:\/\/www.smedemokrati.sk\/wp-content\/uploads\/2025\/01\/List_Demokrati_Kuffa.pdf.pdf\" class=\"wp-block-file__button wp-element-button\" download aria-describedby=\"wp-block-file--media-021d0ea3-649b-4db5-b059-02392b2e3193\">Stiahnu\u0165<\/a><\/div>\n\n\n","protected":false},"excerpt":{"rendered":"<p>Aj t\u00fato ot\u00e1zku sme polo\u017eili v otvorenom liste Filipovi Kuffovi, \u010dlenovi dozornej rady N\u00e1rodn\u00e9ho jadrov\u00e9ho fondu. V\u0161etko toti\u017e nasved\u010duje tomu, \u017ee kv\u00f4li neschopnosti alebo neochote na v\u010dasn\u00e9 zapojenie obyvate\u013eov dotknut\u00fdch obc\u00ed do procesu v\u00fdberu miesta pre hlbinn\u00e9 \u00falo\u017eisko vyhoret\u00e9ho jadrov\u00e9ho paliva sa ohrozuje realiz\u00e1cia tohto strategick\u00e9ho projektu. Vyz\u00fdvame na bezodkladn\u00e9 a plnohodnotn\u00e9 zapojenie verejnosti do [&hellip;]<\/p>\n","protected":false},"author":13,"featured_media":3995,"comment_status":"closed","ping_status":"closed","sticky":false,"template":"","format":"standard","meta":{"_acf_changed":false,"ngg_post_thumbnail":0,"footnotes":""},"categories":[4],"tags":[],"class_list":["post-6143","post","type-post","status-publish","format-standard","has-post-thumbnail","hentry","category-tlacove-spravy"],"acf":[],"yoast_head":"<!-- This site is optimized with the Yoast SEO plugin v27.2 - https:\/\/yoast.com\/product\/yoast-seo-wordpress\/ -->\n<title>Bude sa kv\u00f4li hlbinn\u00e9mu \u00falo\u017eisku vyvlast\u0148ova\u0165?<\/title>\n<meta name=\"robots\" content=\"index, follow, max-snippet:-1, max-image-preview:large, max-video-preview:-1\" \/>\n<link rel=\"canonical\" href=\"https:\/\/www.smedemokrati.sk\/hu\/bude-sa-kvoli-hlbinnemu-ulozisku-vyvlastnovat\/\" \/>\n<meta property=\"og:locale\" content=\"hu_HU\" \/>\n<meta property=\"og:locale:alternate\" content=\"en_US\" \/>\n<meta property=\"og:locale:alternate\" content=\"cs_CZ\" \/>\n<meta property=\"og:locale:alternate\" content=\"sk_SK\" \/>\n<meta property=\"og:locale:alternate\" content=\"sv_SE\" \/>\n<meta property=\"og:type\" content=\"article\" \/>\n<meta property=\"og:title\" content=\"Bude sa kv\u00f4li hlbinn\u00e9mu \u00falo\u017eisku vyvlast\u0148ova\u0165?\" \/>\n<meta property=\"og:description\" content=\"Aj t\u00fato ot\u00e1zku sme polo\u017eili v otvorenom liste Filipovi Kuffovi, \u010dlenovi dozornej rady N\u00e1rodn\u00e9ho jadrov\u00e9ho fondu. V\u0161etko toti\u017e nasved\u010duje tomu, \u017ee kv\u00f4li neschopnosti alebo neochote na v\u010dasn\u00e9 zapojenie obyvate\u013eov dotknut\u00fdch obc\u00ed do procesu v\u00fdberu miesta pre hlbinn\u00e9 \u00falo\u017eisko vyhoret\u00e9ho jadrov\u00e9ho paliva sa ohrozuje realiz\u00e1cia tohto strategick\u00e9ho projektu. Vyz\u00fdvame na bezodkladn\u00e9 a plnohodnotn\u00e9 zapojenie verejnosti do [&hellip;]\" \/>\n<meta property=\"og:url\" content=\"https:\/\/www.smedemokrati.sk\/hu\/bude-sa-kvoli-hlbinnemu-ulozisku-vyvlastnovat\/\" \/>\n<meta property=\"og:site_name\" content=\"Smedemokrati.sk\" \/>\n<meta property=\"article:publisher\" content=\"https:\/\/www.facebook.com\/smedemokrati2023\" \/>\n<meta property=\"article:published_time\" content=\"2025-01-17T09:19:53+00:00\" \/>\n<meta property=\"article:modified_time\" content=\"2025-01-19T06:44:58+00:00\" \/>\n<meta property=\"og:image\" content=\"https:\/\/www.smedemokrati.sk\/wp-content\/uploads\/2024\/04\/kufovci.jpg\" \/>\n\t<meta property=\"og:image:width\" content=\"1200\" \/>\n\t<meta property=\"og:image:height\" content=\"1094\" \/>\n\t<meta property=\"og:image:type\" content=\"image\/jpeg\" \/>\n<meta name=\"author\" content=\"miro.sopko\" \/>\n<meta name=\"twitter:card\" content=\"summary_large_image\" \/>\n<meta name=\"twitter:label1\" content=\"Szerz\u0151:\" \/>\n\t<meta name=\"twitter:data1\" content=\"miro.sopko\" \/>\n\t<meta name=\"twitter:label2\" content=\"Becs\u00fclt olvas\u00e1si id\u0151\" \/>\n\t<meta name=\"twitter:data2\" content=\"3 perc\" \/>\n<script type=\"application\/ld+json\" class=\"yoast-schema-graph\">{\"@context\":\"https:\/\/schema.org\",\"@graph\":[{\"@type\":\"Article\",\"@id\":\"https:\/\/www.smedemokrati.sk\/bude-sa-kvoli-hlbinnemu-ulozisku-vyvlastnovat\/#article\",\"isPartOf\":{\"@id\":\"https:\/\/www.smedemokrati.sk\/bude-sa-kvoli-hlbinnemu-ulozisku-vyvlastnovat\/\"},\"author\":{\"name\":\"miro.sopko\",\"@id\":\"https:\/\/www.smedemokrati.sk\/#\/schema\/person\/21f147c88d605aa7ded900e1e7c344ba\"},\"headline\":\"Bude sa kv\u00f4li hlbinn\u00e9mu \u00falo\u017eisku vyvlast\u0148ova\u0165?\",\"datePublished\":\"2025-01-17T09:19:53+00:00\",\"dateModified\":\"2025-01-19T06:44:58+00:00\",\"mainEntityOfPage\":{\"@id\":\"https:\/\/www.smedemokrati.sk\/bude-sa-kvoli-hlbinnemu-ulozisku-vyvlastnovat\/\"},\"wordCount\":613,\"publisher\":{\"@id\":\"https:\/\/www.smedemokrati.sk\/#organization\"},\"image\":{\"@id\":\"https:\/\/www.smedemokrati.sk\/bude-sa-kvoli-hlbinnemu-ulozisku-vyvlastnovat\/#primaryimage\"},\"thumbnailUrl\":\"https:\/\/www.smedemokrati.sk\/wp-content\/uploads\/2024\/04\/kufovci.jpg\",\"articleSection\":[\"Tla\u010dov\u00e9 spr\u00e1vy\"],\"inLanguage\":\"hu-HU\"},{\"@type\":\"WebPage\",\"@id\":\"https:\/\/www.smedemokrati.sk\/bude-sa-kvoli-hlbinnemu-ulozisku-vyvlastnovat\/\",\"url\":\"https:\/\/www.smedemokrati.sk\/bude-sa-kvoli-hlbinnemu-ulozisku-vyvlastnovat\/\",\"name\":\"Bude sa kv\u00f4li hlbinn\u00e9mu \u00falo\u017eisku vyvlast\u0148ova\u0165?\",\"isPartOf\":{\"@id\":\"https:\/\/www.smedemokrati.sk\/#website\"},\"primaryImageOfPage\":{\"@id\":\"https:\/\/www.smedemokrati.sk\/bude-sa-kvoli-hlbinnemu-ulozisku-vyvlastnovat\/#primaryimage\"},\"image\":{\"@id\":\"https:\/\/www.smedemokrati.sk\/bude-sa-kvoli-hlbinnemu-ulozisku-vyvlastnovat\/#primaryimage\"},\"thumbnailUrl\":\"https:\/\/www.smedemokrati.sk\/wp-content\/uploads\/2024\/04\/kufovci.jpg\",\"datePublished\":\"2025-01-17T09:19:53+00:00\",\"dateModified\":\"2025-01-19T06:44:58+00:00\",\"breadcrumb\":{\"@id\":\"https:\/\/www.smedemokrati.sk\/bude-sa-kvoli-hlbinnemu-ulozisku-vyvlastnovat\/#breadcrumb\"},\"inLanguage\":\"hu-HU\",\"potentialAction\":[{\"@type\":\"ReadAction\",\"target\":[\"https:\/\/www.smedemokrati.sk\/bude-sa-kvoli-hlbinnemu-ulozisku-vyvlastnovat\/\"]}]},{\"@type\":\"ImageObject\",\"inLanguage\":\"hu-HU\",\"@id\":\"https:\/\/www.smedemokrati.sk\/bude-sa-kvoli-hlbinnemu-ulozisku-vyvlastnovat\/#primaryimage\",\"url\":\"https:\/\/www.smedemokrati.sk\/wp-content\/uploads\/2024\/04\/kufovci.jpg\",\"contentUrl\":\"https:\/\/www.smedemokrati.sk\/wp-content\/uploads\/2024\/04\/kufovci.jpg\",\"width\":1200,\"height\":1094},{\"@type\":\"BreadcrumbList\",\"@id\":\"https:\/\/www.smedemokrati.sk\/bude-sa-kvoli-hlbinnemu-ulozisku-vyvlastnovat\/#breadcrumb\",\"itemListElement\":[{\"@type\":\"ListItem\",\"position\":1,\"name\":\"Domovsk\u00e1 str\u00e1nka\",\"item\":\"https:\/\/www.smedemokrati.sk\/\"},{\"@type\":\"ListItem\",\"position\":2,\"name\":\"Bude sa kv\u00f4li hlbinn\u00e9mu \u00falo\u017eisku vyvlast\u0148ova\u0165?\"}]},{\"@type\":\"WebSite\",\"@id\":\"https:\/\/www.smedemokrati.sk\/#website\",\"url\":\"https:\/\/www.smedemokrati.sk\/\",\"name\":\"Smedemokrati.sk\",\"description\":\"Demokracia a slu\u0161nos\u0165 zv\u00ed\u0165az\u00ed\",\"publisher\":{\"@id\":\"https:\/\/www.smedemokrati.sk\/#organization\"},\"potentialAction\":[{\"@type\":\"SearchAction\",\"target\":{\"@type\":\"EntryPoint\",\"urlTemplate\":\"https:\/\/www.smedemokrati.sk\/?s={search_term_string}\"},\"query-input\":{\"@type\":\"PropertyValueSpecification\",\"valueRequired\":true,\"valueName\":\"search_term_string\"}}],\"inLanguage\":\"hu-HU\"},{\"@type\":\"Organization\",\"@id\":\"https:\/\/www.smedemokrati.sk\/#organization\",\"name\":\"Smedemokrati.sk\",\"url\":\"https:\/\/www.smedemokrati.sk\/\",\"logo\":{\"@type\":\"ImageObject\",\"inLanguage\":\"hu-HU\",\"@id\":\"https:\/\/www.smedemokrati.sk\/#\/schema\/logo\/image\/\",\"url\":\"https:\/\/www.smedemokrati.sk\/wp-content\/uploads\/2023\/04\/ff.002.jpeg\",\"contentUrl\":\"https:\/\/www.smedemokrati.sk\/wp-content\/uploads\/2023\/04\/ff.002.jpeg\",\"width\":640,\"height\":480,\"caption\":\"Smedemokrati.sk\"},\"image\":{\"@id\":\"https:\/\/www.smedemokrati.sk\/#\/schema\/logo\/image\/\"},\"sameAs\":[\"https:\/\/www.facebook.com\/smedemokrati2023\"]},{\"@type\":\"Person\",\"@id\":\"https:\/\/www.smedemokrati.sk\/#\/schema\/person\/21f147c88d605aa7ded900e1e7c344ba\",\"name\":\"miro.sopko\",\"image\":{\"@type\":\"ImageObject\",\"inLanguage\":\"hu-HU\",\"@id\":\"https:\/\/secure.gravatar.com\/avatar\/267e4a36f704376c109afe3a78740c1f5dd8675a2180a908699e7863c9247606?s=96&d=mm&r=g\",\"url\":\"https:\/\/secure.gravatar.com\/avatar\/267e4a36f704376c109afe3a78740c1f5dd8675a2180a908699e7863c9247606?s=96&d=mm&r=g\",\"contentUrl\":\"https:\/\/secure.gravatar.com\/avatar\/267e4a36f704376c109afe3a78740c1f5dd8675a2180a908699e7863c9247606?s=96&d=mm&r=g\",\"caption\":\"miro.sopko\"},\"url\":\"https:\/\/www.smedemokrati.sk\/hu\/author\/miro-sopko\/\"}]}<\/script>\n<!-- \/ Yoast SEO plugin. -->","yoast_head_json":{"title":"Bude sa kv\u00f4li hlbinn\u00e9mu \u00falo\u017eisku vyvlast\u0148ova\u0165?","robots":{"index":"index","follow":"follow","max-snippet":"max-snippet:-1","max-image-preview":"max-image-preview:large","max-video-preview":"max-video-preview:-1"},"canonical":"https:\/\/www.smedemokrati.sk\/hu\/bude-sa-kvoli-hlbinnemu-ulozisku-vyvlastnovat\/","og_locale":"hu_HU","og_type":"article","og_title":"[:sk]Bude sa kv\u00f4li hlbinn\u00e9mu \u00falo\u017eisku vyvlast\u0148ova\u0165?[:] - Smedemokrati.sk","og_description":"Aj t\u00fato ot\u00e1zku sme polo\u017eili v otvorenom liste Filipovi Kuffovi, \u010dlenovi dozornej rady N\u00e1rodn\u00e9ho jadrov\u00e9ho fondu. V\u0161etko toti\u017e nasved\u010duje tomu, \u017ee kv\u00f4li neschopnosti alebo neochote na v\u010dasn\u00e9 zapojenie obyvate\u013eov dotknut\u00fdch obc\u00ed do procesu v\u00fdberu miesta pre hlbinn\u00e9 \u00falo\u017eisko vyhoret\u00e9ho jadrov\u00e9ho paliva sa ohrozuje realiz\u00e1cia tohto strategick\u00e9ho projektu. Vyz\u00fdvame na bezodkladn\u00e9 a plnohodnotn\u00e9 zapojenie verejnosti do [&hellip;]","og_url":"https:\/\/www.smedemokrati.sk\/hu\/bude-sa-kvoli-hlbinnemu-ulozisku-vyvlastnovat\/","og_site_name":"Smedemokrati.sk","article_publisher":"https:\/\/www.facebook.com\/smedemokrati2023","article_published_time":"2025-01-17T09:19:53+00:00","article_modified_time":"2025-01-19T06:44:58+00:00","og_image":[{"width":1200,"height":1094,"url":"https:\/\/www.smedemokrati.sk\/wp-content\/uploads\/2024\/04\/kufovci.jpg","type":"image\/jpeg"}],"author":"miro.sopko","twitter_card":"summary_large_image","twitter_misc":{"Szerz\u0151:":"miro.sopko","Becs\u00fclt olvas\u00e1si id\u0151":"3 perc"},"schema":{"@context":"https:\/\/schema.org","@graph":[{"@type":"Article","@id":"https:\/\/www.smedemokrati.sk\/bude-sa-kvoli-hlbinnemu-ulozisku-vyvlastnovat\/#article","isPartOf":{"@id":"https:\/\/www.smedemokrati.sk\/bude-sa-kvoli-hlbinnemu-ulozisku-vyvlastnovat\/"},"author":{"name":"miro.sopko","@id":"https:\/\/www.smedemokrati.sk\/#\/schema\/person\/21f147c88d605aa7ded900e1e7c344ba"},"headline":"Bude sa kv\u00f4li hlbinn\u00e9mu \u00falo\u017eisku vyvlast\u0148ova\u0165?","datePublished":"2025-01-17T09:19:53+00:00","dateModified":"2025-01-19T06:44:58+00:00","mainEntityOfPage":{"@id":"https:\/\/www.smedemokrati.sk\/bude-sa-kvoli-hlbinnemu-ulozisku-vyvlastnovat\/"},"wordCount":613,"publisher":{"@id":"https:\/\/www.smedemokrati.sk\/#organization"},"image":{"@id":"https:\/\/www.smedemokrati.sk\/bude-sa-kvoli-hlbinnemu-ulozisku-vyvlastnovat\/#primaryimage"},"thumbnailUrl":"https:\/\/www.smedemokrati.sk\/wp-content\/uploads\/2024\/04\/kufovci.jpg","articleSection":["Tla\u010dov\u00e9 spr\u00e1vy"],"inLanguage":"hu-HU"},{"@type":"WebPage","@id":"https:\/\/www.smedemokrati.sk\/bude-sa-kvoli-hlbinnemu-ulozisku-vyvlastnovat\/","url":"https:\/\/www.smedemokrati.sk\/bude-sa-kvoli-hlbinnemu-ulozisku-vyvlastnovat\/","name":"Bude sa kv\u00f4li hlbinn\u00e9mu \u00falo\u017eisku vyvlast\u0148ova\u0165?","isPartOf":{"@id":"https:\/\/www.smedemokrati.sk\/#website"},"primaryImageOfPage":{"@id":"https:\/\/www.smedemokrati.sk\/bude-sa-kvoli-hlbinnemu-ulozisku-vyvlastnovat\/#primaryimage"},"image":{"@id":"https:\/\/www.smedemokrati.sk\/bude-sa-kvoli-hlbinnemu-ulozisku-vyvlastnovat\/#primaryimage"},"thumbnailUrl":"https:\/\/www.smedemokrati.sk\/wp-content\/uploads\/2024\/04\/kufovci.jpg","datePublished":"2025-01-17T09:19:53+00:00","dateModified":"2025-01-19T06:44:58+00:00","breadcrumb":{"@id":"https:\/\/www.smedemokrati.sk\/bude-sa-kvoli-hlbinnemu-ulozisku-vyvlastnovat\/#breadcrumb"},"inLanguage":"hu-HU","potentialAction":[{"@type":"ReadAction","target":["https:\/\/www.smedemokrati.sk\/bude-sa-kvoli-hlbinnemu-ulozisku-vyvlastnovat\/"]}]},{"@type":"ImageObject","inLanguage":"hu-HU","@id":"https:\/\/www.smedemokrati.sk\/bude-sa-kvoli-hlbinnemu-ulozisku-vyvlastnovat\/#primaryimage","url":"https:\/\/www.smedemokrati.sk\/wp-content\/uploads\/2024\/04\/kufovci.jpg","contentUrl":"https:\/\/www.smedemokrati.sk\/wp-content\/uploads\/2024\/04\/kufovci.jpg","width":1200,"height":1094},{"@type":"BreadcrumbList","@id":"https:\/\/www.smedemokrati.sk\/bude-sa-kvoli-hlbinnemu-ulozisku-vyvlastnovat\/#breadcrumb","itemListElement":[{"@type":"ListItem","position":1,"name":"Domovsk\u00e1 str\u00e1nka","item":"https:\/\/www.smedemokrati.sk\/"},{"@type":"ListItem","position":2,"name":"Bude sa kv\u00f4li hlbinn\u00e9mu \u00falo\u017eisku vyvlast\u0148ova\u0165?"}]},{"@type":"WebSite","@id":"https:\/\/www.smedemokrati.sk\/#website","url":"https:\/\/www.smedemokrati.sk\/","name":"Smedemokrati.sk","description":"Demokracia a slu\u0161nos\u0165 zv\u00ed\u0165az\u00ed","publisher":{"@id":"https:\/\/www.smedemokrati.sk\/#organization"},"potentialAction":[{"@type":"SearchAction","target":{"@type":"EntryPoint","urlTemplate":"https:\/\/www.smedemokrati.sk\/?s={search_term_string}"},"query-input":{"@type":"PropertyValueSpecification","valueRequired":true,"valueName":"search_term_string"}}],"inLanguage":"hu-HU"},{"@type":"Organization","@id":"https:\/\/www.smedemokrati.sk\/#organization","name":"Smedemokrati.sk","url":"https:\/\/www.smedemokrati.sk\/","logo":{"@type":"ImageObject","inLanguage":"hu-HU","@id":"https:\/\/www.smedemokrati.sk\/#\/schema\/logo\/image\/","url":"https:\/\/www.smedemokrati.sk\/wp-content\/uploads\/2023\/04\/ff.002.jpeg","contentUrl":"https:\/\/www.smedemokrati.sk\/wp-content\/uploads\/2023\/04\/ff.002.jpeg","width":640,"height":480,"caption":"Smedemokrati.sk"},"image":{"@id":"https:\/\/www.smedemokrati.sk\/#\/schema\/logo\/image\/"},"sameAs":["https:\/\/www.facebook.com\/smedemokrati2023"]},{"@type":"Person","@id":"https:\/\/www.smedemokrati.sk\/#\/schema\/person\/21f147c88d605aa7ded900e1e7c344ba","name":"miro.sopko","image":{"@type":"ImageObject","inLanguage":"hu-HU","@id":"https:\/\/secure.gravatar.com\/avatar\/267e4a36f704376c109afe3a78740c1f5dd8675a2180a908699e7863c9247606?s=96&d=mm&r=g","url":"https:\/\/secure.gravatar.com\/avatar\/267e4a36f704376c109afe3a78740c1f5dd8675a2180a908699e7863c9247606?s=96&d=mm&r=g","contentUrl":"https:\/\/secure.gravatar.com\/avatar\/267e4a36f704376c109afe3a78740c1f5dd8675a2180a908699e7863c9247606?s=96&d=mm&r=g","caption":"miro.sopko"},"url":"https:\/\/www.smedemokrati.sk\/hu\/author\/miro-sopko\/"}]}},"_links":{"self":[{"href":"https:\/\/www.smedemokrati.sk\/hu\/wp-json\/wp\/v2\/posts\/6143","targetHints":{"allow":["GET"]}}],"collection":[{"href":"https:\/\/www.smedemokrati.sk\/hu\/wp-json\/wp\/v2\/posts"}],"about":[{"href":"https:\/\/www.smedemokrati.sk\/hu\/wp-json\/wp\/v2\/types\/post"}],"author":[{"embeddable":true,"href":"https:\/\/www.smedemokrati.sk\/hu\/wp-json\/wp\/v2\/users\/13"}],"replies":[{"embeddable":true,"href":"https:\/\/www.smedemokrati.sk\/hu\/wp-json\/wp\/v2\/comments?post=6143"}],"version-history":[{"count":1,"href":"https:\/\/www.smedemokrati.sk\/hu\/wp-json\/wp\/v2\/posts\/6143\/revisions"}],"predecessor-version":[{"id":6145,"href":"https:\/\/www.smedemokrati.sk\/hu\/wp-json\/wp\/v2\/posts\/6143\/revisions\/6145"}],"wp:featuredmedia":[{"embeddable":true,"href":"https:\/\/www.smedemokrati.sk\/hu\/wp-json\/wp\/v2\/media\/3995"}],"wp:attachment":[{"href":"https:\/\/www.smedemokrati.sk\/hu\/wp-json\/wp\/v2\/media?parent=6143"}],"wp:term":[{"taxonomy":"category","embeddable":true,"href":"https:\/\/www.smedemokrati.sk\/hu\/wp-json\/wp\/v2\/categories?post=6143"},{"taxonomy":"post_tag","embeddable":true,"href":"https:\/\/www.smedemokrati.sk\/hu\/wp-json\/wp\/v2\/tags?post=6143"}],"curies":[{"name":"wp","href":"https:\/\/api.w.org\/{rel}","templated":true}]}}