{"id":6138,"date":"2025-01-15T18:36:22","date_gmt":"2025-01-15T17:36:22","guid":{"rendered":"https:\/\/www.smedemokrati.sk\/?p=6138"},"modified":"2025-01-20T21:52:07","modified_gmt":"2025-01-20T20:52:07","slug":"policia-zacala-konat-vo-veci-estokovej-cesty-do-abu-dhabi","status":"publish","type":"post","link":"https:\/\/www.smedemokrati.sk\/hu\/policia-zacala-konat-vo-veci-estokovej-cesty-do-abu-dhabi\/","title":{"rendered":"Pol\u00edcia za\u010dala kona\u0165 vo veci E\u0161tokovej cesty do Abu Dhab\u00ed"},"content":{"rendered":"<div id=\"fb-root\"><\/div>\n\n<p>E\u0161te za\u010diatkom decembra minul\u00e9ho roka podala strana Demokrati na Gener\u00e1lnu prokurat\u00faru SR trestn\u00e9 ozn\u00e1menie na Mat\u00fa\u0161a \u0160utaja E\u0161toka v s\u00favislosti s cestou do Abu Dhabi. Strana sa domnieva, \u017ee minister vn\u00fatra mohol ma\u0165 \u00famysel vyu\u017ei\u0165 tzv. neopr\u00e1vnen\u00fa v\u00fdhodu, za ktor\u00fa si n\u00e1sledne osoby, ktor\u00e9 sa podie\u013eali na organiz\u00e1cii cesty (najm\u00e4 finan\u010dne), m\u00f4\u017eu \u017eiada\u0165 nejak\u00fa protihodnotu. Napr\u00edklad vo forme z\u00e1kazky na jednotliv\u00fdch ministerstv\u00e1ch. Minister vn\u00fatra do dne\u0161n\u00e9ho d\u0148a nevysvetlil, kto mu platil cestu, neuk\u00e1zal \u017eiadne blo\u010dky ani fakt\u00fary.&nbsp;<\/p>\n\n\n\n<p><em>&#8222;Dnes sme prijali ozn\u00e1menie, \u017ee gener\u00e1lna prokurat\u00fara u\u017e post\u00fapila na\u0161e trestn\u00e9 ozn\u00e1menie z decembra 2024 Krajsk\u00e9mu riadite\u013estvu PZ Bratislava, aby vo veci konala. \u00c1no, pol\u00edcii, ktor\u00e1 bude pre\u0161etrova\u0165 dan\u00fa vec \u0161\u00e9fuje Mat\u00fa\u0161 \u0160utaj E\u0161tok, no chcem pripomen\u00fa\u0165, \u017ee t\u00e1to vl\u00e1da tu nebude ve\u010dne a bud\u00facnos\u0165 sa pozrie na v\u0161etky, najm\u00e4 tieto exponovan\u00e9, pr\u00edpady. O\u010dak\u00e1vam preto nez\u00e1visl\u00e9 vy\u0161etrovanie bez politick\u00fdch pokynov,&#8221;&nbsp;<\/em>hovor\u00ed podpredseda Demokratov Juraj \u0160eliga a dod\u00e1va, \u017ee strana bude na\u010falej upozor\u0148ova\u0165 na konanie s\u00fa\u010dasnej koal\u00edcie, ktor\u00e9 m\u00f4\u017ee sp\u00f4sobova\u0165 prinajmen\u0161om podozrenie z&nbsp;poru\u0161enia z\u00e1kona a bude vyu\u017e\u00edva\u0165 v\u0161etky legislat\u00edvne r\u00e1mce na to, aby bolo tak\u00e9to konanie riadne pre\u0161etren\u00e9.&nbsp;<\/p>\n\n\n<div class=\"fb-video\" data-href=\"https:\/\/www.facebook.com\/smedemokrati2023\/videos\/1982121558954888\" data-allowfullscreen=\"true\" data-autoplay=\"false\" data-width=\"\" data-show-text=\"false\" data-show-captions=\"true\"><\/div>\n","protected":false},"excerpt":{"rendered":"<p>E\u0161te za\u010diatkom decembra minul\u00e9ho roka podala strana Demokrati na Gener\u00e1lnu prokurat\u00faru SR trestn\u00e9 ozn\u00e1menie na Mat\u00fa\u0161a \u0160utaja E\u0161toka v s\u00favislosti s cestou do Abu Dhabi. Strana sa domnieva, \u017ee minister vn\u00fatra mohol ma\u0165 \u00famysel vyu\u017ei\u0165 tzv. neopr\u00e1vnen\u00fa v\u00fdhodu, za ktor\u00fa si n\u00e1sledne osoby, ktor\u00e9 sa podie\u013eali na organiz\u00e1cii cesty (najm\u00e4 finan\u010dne), m\u00f4\u017eu \u017eiada\u0165 nejak\u00fa protihodnotu. [&hellip;]<\/p>\n","protected":false},"author":13,"featured_media":6139,"comment_status":"closed","ping_status":"closed","sticky":false,"template":"","format":"standard","meta":{"_acf_changed":false,"ngg_post_thumbnail":0,"footnotes":""},"categories":[4],"tags":[],"class_list":["post-6138","post","type-post","status-publish","format-standard","has-post-thumbnail","hentry","category-tlacove-spravy"],"acf":[],"yoast_head":"<!-- This site is optimized with the Yoast SEO plugin v27.2 - https:\/\/yoast.com\/product\/yoast-seo-wordpress\/ -->\n<title>Pol\u00edcia za\u010dala kona\u0165 vo veci E\u0161tokovej cesty do Abu Dhab\u00ed<\/title>\n<meta name=\"robots\" content=\"index, follow, max-snippet:-1, max-image-preview:large, max-video-preview:-1\" \/>\n<link rel=\"canonical\" href=\"https:\/\/www.smedemokrati.sk\/hu\/policia-zacala-konat-vo-veci-estokovej-cesty-do-abu-dhabi\/\" \/>\n<meta property=\"og:locale\" content=\"hu_HU\" \/>\n<meta property=\"og:locale:alternate\" content=\"en_US\" \/>\n<meta property=\"og:locale:alternate\" content=\"cs_CZ\" \/>\n<meta property=\"og:locale:alternate\" content=\"sk_SK\" \/>\n<meta property=\"og:locale:alternate\" content=\"sv_SE\" \/>\n<meta property=\"og:type\" content=\"article\" \/>\n<meta property=\"og:title\" content=\"Pol\u00edcia za\u010dala kona\u0165 vo veci E\u0161tokovej cesty do Abu Dhab\u00ed\" \/>\n<meta property=\"og:description\" content=\"E\u0161te za\u010diatkom decembra minul\u00e9ho roka podala strana Demokrati na Gener\u00e1lnu prokurat\u00faru SR trestn\u00e9 ozn\u00e1menie na Mat\u00fa\u0161a \u0160utaja E\u0161toka v s\u00favislosti s cestou do Abu Dhabi. Strana sa domnieva, \u017ee minister vn\u00fatra mohol ma\u0165 \u00famysel vyu\u017ei\u0165 tzv. neopr\u00e1vnen\u00fa v\u00fdhodu, za ktor\u00fa si n\u00e1sledne osoby, ktor\u00e9 sa podie\u013eali na organiz\u00e1cii cesty (najm\u00e4 finan\u010dne), m\u00f4\u017eu \u017eiada\u0165 nejak\u00fa protihodnotu. [&hellip;]\" \/>\n<meta property=\"og:url\" content=\"https:\/\/www.smedemokrati.sk\/hu\/policia-zacala-konat-vo-veci-estokovej-cesty-do-abu-dhabi\/\" \/>\n<meta property=\"og:site_name\" content=\"Smedemokrati.sk\" \/>\n<meta property=\"article:publisher\" content=\"https:\/\/www.facebook.com\/smedemokrati2023\" \/>\n<meta property=\"article:published_time\" content=\"2025-01-15T17:36:22+00:00\" \/>\n<meta property=\"article:modified_time\" content=\"2025-01-20T20:52:07+00:00\" \/>\n<meta property=\"og:image\" content=\"https:\/\/www.smedemokrati.sk\/wp-content\/uploads\/2025\/01\/f1-abu-dabi.jpg\" \/>\n\t<meta property=\"og:image:width\" content=\"592\" \/>\n\t<meta property=\"og:image:height\" content=\"436\" \/>\n\t<meta property=\"og:image:type\" content=\"image\/jpeg\" \/>\n<meta name=\"author\" content=\"miro.sopko\" \/>\n<meta name=\"twitter:card\" content=\"summary_large_image\" \/>\n<meta name=\"twitter:label1\" content=\"Szerz\u0151:\" \/>\n\t<meta name=\"twitter:data1\" content=\"miro.sopko\" \/>\n\t<meta name=\"twitter:label2\" content=\"Becs\u00fclt olvas\u00e1si id\u0151\" \/>\n\t<meta name=\"twitter:data2\" content=\"1 perc\" \/>\n<script type=\"application\/ld+json\" class=\"yoast-schema-graph\">{\"@context\":\"https:\/\/schema.org\",\"@graph\":[{\"@type\":\"Article\",\"@id\":\"https:\/\/www.smedemokrati.sk\/policia-zacala-konat-vo-veci-estokovej-cesty-do-abu-dhabi\/#article\",\"isPartOf\":{\"@id\":\"https:\/\/www.smedemokrati.sk\/policia-zacala-konat-vo-veci-estokovej-cesty-do-abu-dhabi\/\"},\"author\":{\"name\":\"miro.sopko\",\"@id\":\"https:\/\/www.smedemokrati.sk\/#\/schema\/person\/21f147c88d605aa7ded900e1e7c344ba\"},\"headline\":\"Pol\u00edcia za\u010dala kona\u0165 vo veci E\u0161tokovej cesty do Abu Dhab\u00ed\",\"datePublished\":\"2025-01-15T17:36:22+00:00\",\"dateModified\":\"2025-01-20T20:52:07+00:00\",\"mainEntityOfPage\":{\"@id\":\"https:\/\/www.smedemokrati.sk\/policia-zacala-konat-vo-veci-estokovej-cesty-do-abu-dhabi\/\"},\"wordCount\":270,\"publisher\":{\"@id\":\"https:\/\/www.smedemokrati.sk\/#organization\"},\"image\":{\"@id\":\"https:\/\/www.smedemokrati.sk\/policia-zacala-konat-vo-veci-estokovej-cesty-do-abu-dhabi\/#primaryimage\"},\"thumbnailUrl\":\"https:\/\/www.smedemokrati.sk\/wp-content\/uploads\/2025\/01\/f1-abu-dabi.jpg\",\"articleSection\":[\"Tla\u010dov\u00e9 spr\u00e1vy\"],\"inLanguage\":\"hu-HU\"},{\"@type\":\"WebPage\",\"@id\":\"https:\/\/www.smedemokrati.sk\/policia-zacala-konat-vo-veci-estokovej-cesty-do-abu-dhabi\/\",\"url\":\"https:\/\/www.smedemokrati.sk\/policia-zacala-konat-vo-veci-estokovej-cesty-do-abu-dhabi\/\",\"name\":\"Pol\u00edcia za\u010dala kona\u0165 vo veci E\u0161tokovej cesty do Abu Dhab\u00ed\",\"isPartOf\":{\"@id\":\"https:\/\/www.smedemokrati.sk\/#website\"},\"primaryImageOfPage\":{\"@id\":\"https:\/\/www.smedemokrati.sk\/policia-zacala-konat-vo-veci-estokovej-cesty-do-abu-dhabi\/#primaryimage\"},\"image\":{\"@id\":\"https:\/\/www.smedemokrati.sk\/policia-zacala-konat-vo-veci-estokovej-cesty-do-abu-dhabi\/#primaryimage\"},\"thumbnailUrl\":\"https:\/\/www.smedemokrati.sk\/wp-content\/uploads\/2025\/01\/f1-abu-dabi.jpg\",\"datePublished\":\"2025-01-15T17:36:22+00:00\",\"dateModified\":\"2025-01-20T20:52:07+00:00\",\"breadcrumb\":{\"@id\":\"https:\/\/www.smedemokrati.sk\/policia-zacala-konat-vo-veci-estokovej-cesty-do-abu-dhabi\/#breadcrumb\"},\"inLanguage\":\"hu-HU\",\"potentialAction\":[{\"@type\":\"ReadAction\",\"target\":[\"https:\/\/www.smedemokrati.sk\/policia-zacala-konat-vo-veci-estokovej-cesty-do-abu-dhabi\/\"]}]},{\"@type\":\"ImageObject\",\"inLanguage\":\"hu-HU\",\"@id\":\"https:\/\/www.smedemokrati.sk\/policia-zacala-konat-vo-veci-estokovej-cesty-do-abu-dhabi\/#primaryimage\",\"url\":\"https:\/\/www.smedemokrati.sk\/wp-content\/uploads\/2025\/01\/f1-abu-dabi.jpg\",\"contentUrl\":\"https:\/\/www.smedemokrati.sk\/wp-content\/uploads\/2025\/01\/f1-abu-dabi.jpg\",\"width\":592,\"height\":436},{\"@type\":\"BreadcrumbList\",\"@id\":\"https:\/\/www.smedemokrati.sk\/policia-zacala-konat-vo-veci-estokovej-cesty-do-abu-dhabi\/#breadcrumb\",\"itemListElement\":[{\"@type\":\"ListItem\",\"position\":1,\"name\":\"Domovsk\u00e1 str\u00e1nka\",\"item\":\"https:\/\/www.smedemokrati.sk\/\"},{\"@type\":\"ListItem\",\"position\":2,\"name\":\"Pol\u00edcia za\u010dala kona\u0165 vo veci E\u0161tokovej cesty do Abu Dhab\u00ed\"}]},{\"@type\":\"WebSite\",\"@id\":\"https:\/\/www.smedemokrati.sk\/#website\",\"url\":\"https:\/\/www.smedemokrati.sk\/\",\"name\":\"Smedemokrati.sk\",\"description\":\"Demokracia a slu\u0161nos\u0165 zv\u00ed\u0165az\u00ed\",\"publisher\":{\"@id\":\"https:\/\/www.smedemokrati.sk\/#organization\"},\"potentialAction\":[{\"@type\":\"SearchAction\",\"target\":{\"@type\":\"EntryPoint\",\"urlTemplate\":\"https:\/\/www.smedemokrati.sk\/?s={search_term_string}\"},\"query-input\":{\"@type\":\"PropertyValueSpecification\",\"valueRequired\":true,\"valueName\":\"search_term_string\"}}],\"inLanguage\":\"hu-HU\"},{\"@type\":\"Organization\",\"@id\":\"https:\/\/www.smedemokrati.sk\/#organization\",\"name\":\"Smedemokrati.sk\",\"url\":\"https:\/\/www.smedemokrati.sk\/\",\"logo\":{\"@type\":\"ImageObject\",\"inLanguage\":\"hu-HU\",\"@id\":\"https:\/\/www.smedemokrati.sk\/#\/schema\/logo\/image\/\",\"url\":\"https:\/\/www.smedemokrati.sk\/wp-content\/uploads\/2023\/04\/ff.002.jpeg\",\"contentUrl\":\"https:\/\/www.smedemokrati.sk\/wp-content\/uploads\/2023\/04\/ff.002.jpeg\",\"width\":640,\"height\":480,\"caption\":\"Smedemokrati.sk\"},\"image\":{\"@id\":\"https:\/\/www.smedemokrati.sk\/#\/schema\/logo\/image\/\"},\"sameAs\":[\"https:\/\/www.facebook.com\/smedemokrati2023\"]},{\"@type\":\"Person\",\"@id\":\"https:\/\/www.smedemokrati.sk\/#\/schema\/person\/21f147c88d605aa7ded900e1e7c344ba\",\"name\":\"miro.sopko\",\"image\":{\"@type\":\"ImageObject\",\"inLanguage\":\"hu-HU\",\"@id\":\"https:\/\/secure.gravatar.com\/avatar\/267e4a36f704376c109afe3a78740c1f5dd8675a2180a908699e7863c9247606?s=96&d=mm&r=g\",\"url\":\"https:\/\/secure.gravatar.com\/avatar\/267e4a36f704376c109afe3a78740c1f5dd8675a2180a908699e7863c9247606?s=96&d=mm&r=g\",\"contentUrl\":\"https:\/\/secure.gravatar.com\/avatar\/267e4a36f704376c109afe3a78740c1f5dd8675a2180a908699e7863c9247606?s=96&d=mm&r=g\",\"caption\":\"miro.sopko\"},\"url\":\"https:\/\/www.smedemokrati.sk\/hu\/author\/miro-sopko\/\"}]}<\/script>\n<!-- \/ Yoast SEO plugin. -->","yoast_head_json":{"title":"Pol\u00edcia za\u010dala kona\u0165 vo veci E\u0161tokovej cesty do Abu Dhab\u00ed","robots":{"index":"index","follow":"follow","max-snippet":"max-snippet:-1","max-image-preview":"max-image-preview:large","max-video-preview":"max-video-preview:-1"},"canonical":"https:\/\/www.smedemokrati.sk\/hu\/policia-zacala-konat-vo-veci-estokovej-cesty-do-abu-dhabi\/","og_locale":"hu_HU","og_type":"article","og_title":"[:sk]Pol\u00edcia za\u010dala kona\u0165 vo veci E\u0161tokovej cesty do Abu Dhab\u00ed[:] - Smedemokrati.sk","og_description":"E\u0161te za\u010diatkom decembra minul\u00e9ho roka podala strana Demokrati na Gener\u00e1lnu prokurat\u00faru SR trestn\u00e9 ozn\u00e1menie na Mat\u00fa\u0161a \u0160utaja E\u0161toka v s\u00favislosti s cestou do Abu Dhabi. Strana sa domnieva, \u017ee minister vn\u00fatra mohol ma\u0165 \u00famysel vyu\u017ei\u0165 tzv. neopr\u00e1vnen\u00fa v\u00fdhodu, za ktor\u00fa si n\u00e1sledne osoby, ktor\u00e9 sa podie\u013eali na organiz\u00e1cii cesty (najm\u00e4 finan\u010dne), m\u00f4\u017eu \u017eiada\u0165 nejak\u00fa protihodnotu. [&hellip;]","og_url":"https:\/\/www.smedemokrati.sk\/hu\/policia-zacala-konat-vo-veci-estokovej-cesty-do-abu-dhabi\/","og_site_name":"Smedemokrati.sk","article_publisher":"https:\/\/www.facebook.com\/smedemokrati2023","article_published_time":"2025-01-15T17:36:22+00:00","article_modified_time":"2025-01-20T20:52:07+00:00","og_image":[{"width":592,"height":436,"url":"https:\/\/www.smedemokrati.sk\/wp-content\/uploads\/2025\/01\/f1-abu-dabi.jpg","type":"image\/jpeg"}],"author":"miro.sopko","twitter_card":"summary_large_image","twitter_misc":{"Szerz\u0151:":"miro.sopko","Becs\u00fclt olvas\u00e1si id\u0151":"1 perc"},"schema":{"@context":"https:\/\/schema.org","@graph":[{"@type":"Article","@id":"https:\/\/www.smedemokrati.sk\/policia-zacala-konat-vo-veci-estokovej-cesty-do-abu-dhabi\/#article","isPartOf":{"@id":"https:\/\/www.smedemokrati.sk\/policia-zacala-konat-vo-veci-estokovej-cesty-do-abu-dhabi\/"},"author":{"name":"miro.sopko","@id":"https:\/\/www.smedemokrati.sk\/#\/schema\/person\/21f147c88d605aa7ded900e1e7c344ba"},"headline":"Pol\u00edcia za\u010dala kona\u0165 vo veci E\u0161tokovej cesty do Abu Dhab\u00ed","datePublished":"2025-01-15T17:36:22+00:00","dateModified":"2025-01-20T20:52:07+00:00","mainEntityOfPage":{"@id":"https:\/\/www.smedemokrati.sk\/policia-zacala-konat-vo-veci-estokovej-cesty-do-abu-dhabi\/"},"wordCount":270,"publisher":{"@id":"https:\/\/www.smedemokrati.sk\/#organization"},"image":{"@id":"https:\/\/www.smedemokrati.sk\/policia-zacala-konat-vo-veci-estokovej-cesty-do-abu-dhabi\/#primaryimage"},"thumbnailUrl":"https:\/\/www.smedemokrati.sk\/wp-content\/uploads\/2025\/01\/f1-abu-dabi.jpg","articleSection":["Tla\u010dov\u00e9 spr\u00e1vy"],"inLanguage":"hu-HU"},{"@type":"WebPage","@id":"https:\/\/www.smedemokrati.sk\/policia-zacala-konat-vo-veci-estokovej-cesty-do-abu-dhabi\/","url":"https:\/\/www.smedemokrati.sk\/policia-zacala-konat-vo-veci-estokovej-cesty-do-abu-dhabi\/","name":"Pol\u00edcia za\u010dala kona\u0165 vo veci E\u0161tokovej cesty do Abu Dhab\u00ed","isPartOf":{"@id":"https:\/\/www.smedemokrati.sk\/#website"},"primaryImageOfPage":{"@id":"https:\/\/www.smedemokrati.sk\/policia-zacala-konat-vo-veci-estokovej-cesty-do-abu-dhabi\/#primaryimage"},"image":{"@id":"https:\/\/www.smedemokrati.sk\/policia-zacala-konat-vo-veci-estokovej-cesty-do-abu-dhabi\/#primaryimage"},"thumbnailUrl":"https:\/\/www.smedemokrati.sk\/wp-content\/uploads\/2025\/01\/f1-abu-dabi.jpg","datePublished":"2025-01-15T17:36:22+00:00","dateModified":"2025-01-20T20:52:07+00:00","breadcrumb":{"@id":"https:\/\/www.smedemokrati.sk\/policia-zacala-konat-vo-veci-estokovej-cesty-do-abu-dhabi\/#breadcrumb"},"inLanguage":"hu-HU","potentialAction":[{"@type":"ReadAction","target":["https:\/\/www.smedemokrati.sk\/policia-zacala-konat-vo-veci-estokovej-cesty-do-abu-dhabi\/"]}]},{"@type":"ImageObject","inLanguage":"hu-HU","@id":"https:\/\/www.smedemokrati.sk\/policia-zacala-konat-vo-veci-estokovej-cesty-do-abu-dhabi\/#primaryimage","url":"https:\/\/www.smedemokrati.sk\/wp-content\/uploads\/2025\/01\/f1-abu-dabi.jpg","contentUrl":"https:\/\/www.smedemokrati.sk\/wp-content\/uploads\/2025\/01\/f1-abu-dabi.jpg","width":592,"height":436},{"@type":"BreadcrumbList","@id":"https:\/\/www.smedemokrati.sk\/policia-zacala-konat-vo-veci-estokovej-cesty-do-abu-dhabi\/#breadcrumb","itemListElement":[{"@type":"ListItem","position":1,"name":"Domovsk\u00e1 str\u00e1nka","item":"https:\/\/www.smedemokrati.sk\/"},{"@type":"ListItem","position":2,"name":"Pol\u00edcia za\u010dala kona\u0165 vo veci E\u0161tokovej cesty do Abu Dhab\u00ed"}]},{"@type":"WebSite","@id":"https:\/\/www.smedemokrati.sk\/#website","url":"https:\/\/www.smedemokrati.sk\/","name":"Smedemokrati.sk","description":"Demokracia a slu\u0161nos\u0165 zv\u00ed\u0165az\u00ed","publisher":{"@id":"https:\/\/www.smedemokrati.sk\/#organization"},"potentialAction":[{"@type":"SearchAction","target":{"@type":"EntryPoint","urlTemplate":"https:\/\/www.smedemokrati.sk\/?s={search_term_string}"},"query-input":{"@type":"PropertyValueSpecification","valueRequired":true,"valueName":"search_term_string"}}],"inLanguage":"hu-HU"},{"@type":"Organization","@id":"https:\/\/www.smedemokrati.sk\/#organization","name":"Smedemokrati.sk","url":"https:\/\/www.smedemokrati.sk\/","logo":{"@type":"ImageObject","inLanguage":"hu-HU","@id":"https:\/\/www.smedemokrati.sk\/#\/schema\/logo\/image\/","url":"https:\/\/www.smedemokrati.sk\/wp-content\/uploads\/2023\/04\/ff.002.jpeg","contentUrl":"https:\/\/www.smedemokrati.sk\/wp-content\/uploads\/2023\/04\/ff.002.jpeg","width":640,"height":480,"caption":"Smedemokrati.sk"},"image":{"@id":"https:\/\/www.smedemokrati.sk\/#\/schema\/logo\/image\/"},"sameAs":["https:\/\/www.facebook.com\/smedemokrati2023"]},{"@type":"Person","@id":"https:\/\/www.smedemokrati.sk\/#\/schema\/person\/21f147c88d605aa7ded900e1e7c344ba","name":"miro.sopko","image":{"@type":"ImageObject","inLanguage":"hu-HU","@id":"https:\/\/secure.gravatar.com\/avatar\/267e4a36f704376c109afe3a78740c1f5dd8675a2180a908699e7863c9247606?s=96&d=mm&r=g","url":"https:\/\/secure.gravatar.com\/avatar\/267e4a36f704376c109afe3a78740c1f5dd8675a2180a908699e7863c9247606?s=96&d=mm&r=g","contentUrl":"https:\/\/secure.gravatar.com\/avatar\/267e4a36f704376c109afe3a78740c1f5dd8675a2180a908699e7863c9247606?s=96&d=mm&r=g","caption":"miro.sopko"},"url":"https:\/\/www.smedemokrati.sk\/hu\/author\/miro-sopko\/"}]}},"_links":{"self":[{"href":"https:\/\/www.smedemokrati.sk\/hu\/wp-json\/wp\/v2\/posts\/6138","targetHints":{"allow":["GET"]}}],"collection":[{"href":"https:\/\/www.smedemokrati.sk\/hu\/wp-json\/wp\/v2\/posts"}],"about":[{"href":"https:\/\/www.smedemokrati.sk\/hu\/wp-json\/wp\/v2\/types\/post"}],"author":[{"embeddable":true,"href":"https:\/\/www.smedemokrati.sk\/hu\/wp-json\/wp\/v2\/users\/13"}],"replies":[{"embeddable":true,"href":"https:\/\/www.smedemokrati.sk\/hu\/wp-json\/wp\/v2\/comments?post=6138"}],"version-history":[{"count":3,"href":"https:\/\/www.smedemokrati.sk\/hu\/wp-json\/wp\/v2\/posts\/6138\/revisions"}],"predecessor-version":[{"id":6167,"href":"https:\/\/www.smedemokrati.sk\/hu\/wp-json\/wp\/v2\/posts\/6138\/revisions\/6167"}],"wp:featuredmedia":[{"embeddable":true,"href":"https:\/\/www.smedemokrati.sk\/hu\/wp-json\/wp\/v2\/media\/6139"}],"wp:attachment":[{"href":"https:\/\/www.smedemokrati.sk\/hu\/wp-json\/wp\/v2\/media?parent=6138"}],"wp:term":[{"taxonomy":"category","embeddable":true,"href":"https:\/\/www.smedemokrati.sk\/hu\/wp-json\/wp\/v2\/categories?post=6138"},{"taxonomy":"post_tag","embeddable":true,"href":"https:\/\/www.smedemokrati.sk\/hu\/wp-json\/wp\/v2\/tags?post=6138"}],"curies":[{"name":"wp","href":"https:\/\/api.w.org\/{rel}","templated":true}]}}