{"id":6093,"date":"2025-01-10T14:28:58","date_gmt":"2025-01-10T13:28:58","guid":{"rendered":"https:\/\/www.smedemokrati.sk\/?p=6093"},"modified":"2025-01-13T12:25:55","modified_gmt":"2025-01-13T11:25:55","slug":"aj-presov-a-trencin-su-europa","status":"publish","type":"post","link":"https:\/\/www.smedemokrati.sk\/hu\/aj-presov-a-trencin-su-europa\/","title":{"rendered":"Aj Pre\u0161ov a Tren\u010d\u00edn s\u00fa Eur\u00f3pa!"},"content":{"rendered":"<div id=\"fb-root\"><\/div>\n\n<p><strong>Strana Demokrati dnes (10. janu\u00e1r 2025) organizuje protestn\u00e9 zhroma\u017edenia v Pre\u0161ove a Tren\u010d\u00edne. Pozvan\u00ed boli z\u00e1stupcovia parlamentn\u00fdch aj mimoparlamentn\u00fdch str\u00e1n, vyst\u00fapia hudobn\u00edci aj predstavitelia miestnych samospr\u00e1v a ukrajinsk\u00fdch komun\u00edt p\u00f4sobiacich na Slovensku. Oba protesty s\u00fa organizovan\u00e9 v koordin\u00e1cii s iniciat\u00edvou Mier Ukrajine. <\/strong><\/p>\n\n\n\n<p>V Pre\u0161ove je protestn\u00e9 zhroma\u017edenie napl\u00e1novan\u00e9 na 16:00 pred mestsk\u00fdm \u00faradom: <em>\u201eSlovensko n\u00e1s vol\u00e1 a my to nem\u00f4\u017eeme ignorova\u0165. Prilo\u017eili sme ruku k dielu a v\u0161etk\u00fdch poz\u00fdvame na dne\u0161n\u00e9 podujatia, nech s\u00fa kdeko\u013evek na Slovensku,&#8221; <\/em>hovor\u00ed predseda Demokratov Jaroslav Na\u010f.<\/p>\n\n\n\n<p><em>\u201eV Pre\u0161ove na p\u00f3diu za Demokratov vyst\u00fapi Franti\u0161ek O\u013eha (prim\u00e1tor mesta a podpredseda strany), exminister hospod\u00e1rstva a \u010dlen predsedn\u00edctva Karel Hirman a enviroexpert, b\u00fdval\u00fd \u0161t\u00e1tny tajomn\u00edk a \u010dlen predsedn\u00edctva Michal Ki\u010da. Za Progres\u00edvne Slovensko vyst\u00fapi Richard Dubovick\u00fd a za Pre\u0161ovsk\u00fd samospr\u00e1vny kraj Mari\u00e1n Damanko\u0161 . Oslovili sme aj priate\u013eov z Ukrajiny, ktor\u00ed p\u00f4sobia na Slovensku, vyst\u00fapi riadite\u013e Centra ukrajinsko-slovensk\u00e9ho partnerstva v Pre\u0161ove Mykhailo Kolibabchuk a za organiz\u00e1ciu Prepletenie bude hovori\u0165 Vikt\u00f3ria Reher. Hudobne podujatie zastre\u0161\u00ed zn\u00e1my pre\u0161ovsk\u00fd pesni\u010dk\u00e1r Edo Klena,&#8221;<\/em> hovor\u00ed o programe krajsk\u00fd predseda Demokratov Richard J\u00e1no\u0161.<\/p>\n\n\n\n<p>Protest v Tren\u010d\u00edne za\u010d\u00edna o 17:00 na Mierovom n\u00e1mest\u00ed, za Demokratov ho organizuje krajsk\u00e1 predsedn\u00ed\u010dka a man\u017eelka policajta, ktor\u00e1 spolu s \u010fal\u0161\u00edmi zverejnila nahr\u00e1vky z chaty v \u010cif\u00e1roch, Nat\u00e1lia Sv\u00edtkov\u00e1: <em>\u201eNa p\u00f3diu vyst\u00fapi podpredseda Demokratov Juraj \u0160eliga, za mlad\u00fdch Demokratov &#8211; Gener\u00e1ciu D to bude Radovan Huba. Zast\u00fapenie bud\u00fa ma\u0165 aj Pir\u00e1ti, verejnosti sa prihovor\u00ed Zuzana \u0160ubov\u00e1, predsedn\u00ed\u010dka strany a za ODS bude hovori\u0165 Pavel Macko. Za Hnutie Slovensko to bude Luk\u00e1\u0161 Ranik. Kult\u00farnu obec bude reprezentova\u0165 re\u017eis\u00e9r Peter Hled\u00edk a hudobn\u00edk J\u00e1n Babi\u010d. Za spravodlivos\u0165 a ob\u010dianskych aktivistov bude hovori\u0165 M\u00e1ria Galankov\u00e1 Jan\u00ed\u010dkov\u00e1.&#8221;<\/em><\/p>\n","protected":false},"excerpt":{"rendered":"<p>Strana Demokrati dnes (10. janu\u00e1r 2025) organizuje protestn\u00e9 zhroma\u017edenia v Pre\u0161ove a Tren\u010d\u00edne. Pozvan\u00ed boli z\u00e1stupcovia parlamentn\u00fdch aj mimoparlamentn\u00fdch str\u00e1n, vyst\u00fapia hudobn\u00edci aj predstavitelia miestnych samospr\u00e1v a ukrajinsk\u00fdch komun\u00edt p\u00f4sobiacich na Slovensku. Oba protesty s\u00fa organizovan\u00e9 v koordin\u00e1cii s iniciat\u00edvou Mier Ukrajine. V Pre\u0161ove je protestn\u00e9 zhroma\u017edenie napl\u00e1novan\u00e9 na 16:00 pred mestsk\u00fdm \u00faradom: \u201eSlovensko n\u00e1s [&hellip;]<\/p>\n","protected":false},"author":13,"featured_media":6094,"comment_status":"closed","ping_status":"closed","sticky":false,"template":"","format":"standard","meta":{"_acf_changed":false,"ngg_post_thumbnail":0,"footnotes":""},"categories":[4],"tags":[],"class_list":["post-6093","post","type-post","status-publish","format-standard","has-post-thumbnail","hentry","category-tlacove-spravy"],"acf":[],"yoast_head":"<!-- This site is optimized with the Yoast SEO plugin v27.2 - https:\/\/yoast.com\/product\/yoast-seo-wordpress\/ -->\n<title>Aj Pre\u0161ov a Tren\u010d\u00edn s\u00fa Eur\u00f3pa!<\/title>\n<meta name=\"robots\" content=\"index, follow, max-snippet:-1, max-image-preview:large, max-video-preview:-1\" \/>\n<link rel=\"canonical\" href=\"https:\/\/www.smedemokrati.sk\/hu\/aj-presov-a-trencin-su-europa\/\" \/>\n<meta property=\"og:locale\" content=\"hu_HU\" \/>\n<meta property=\"og:locale:alternate\" content=\"en_US\" \/>\n<meta property=\"og:locale:alternate\" content=\"cs_CZ\" \/>\n<meta property=\"og:locale:alternate\" content=\"sk_SK\" \/>\n<meta property=\"og:locale:alternate\" content=\"sv_SE\" \/>\n<meta property=\"og:type\" content=\"article\" \/>\n<meta property=\"og:title\" content=\"Aj Pre\u0161ov a Tren\u010d\u00edn s\u00fa Eur\u00f3pa!\" \/>\n<meta property=\"og:description\" content=\"Strana Demokrati dnes (10. janu\u00e1r 2025) organizuje protestn\u00e9 zhroma\u017edenia v Pre\u0161ove a Tren\u010d\u00edne. Pozvan\u00ed boli z\u00e1stupcovia parlamentn\u00fdch aj mimoparlamentn\u00fdch str\u00e1n, vyst\u00fapia hudobn\u00edci aj predstavitelia miestnych samospr\u00e1v a ukrajinsk\u00fdch komun\u00edt p\u00f4sobiacich na Slovensku. Oba protesty s\u00fa organizovan\u00e9 v koordin\u00e1cii s iniciat\u00edvou Mier Ukrajine. V Pre\u0161ove je protestn\u00e9 zhroma\u017edenie napl\u00e1novan\u00e9 na 16:00 pred mestsk\u00fdm \u00faradom: \u201eSlovensko n\u00e1s [&hellip;]\" \/>\n<meta property=\"og:url\" content=\"https:\/\/www.smedemokrati.sk\/hu\/aj-presov-a-trencin-su-europa\/\" \/>\n<meta property=\"og:site_name\" content=\"Smedemokrati.sk\" \/>\n<meta property=\"article:publisher\" content=\"https:\/\/www.facebook.com\/smedemokrati2023\" \/>\n<meta property=\"article:published_time\" content=\"2025-01-10T13:28:58+00:00\" \/>\n<meta property=\"article:modified_time\" content=\"2025-01-13T11:25:55+00:00\" \/>\n<meta property=\"og:image\" content=\"https:\/\/www.smedemokrati.sk\/wp-content\/uploads\/2025\/01\/IMG_20250110_142718.jpg\" \/>\n\t<meta property=\"og:image:width\" content=\"1350\" \/>\n\t<meta property=\"og:image:height\" content=\"793\" \/>\n\t<meta property=\"og:image:type\" content=\"image\/jpeg\" \/>\n<meta name=\"author\" content=\"miro.sopko\" \/>\n<meta name=\"twitter:card\" content=\"summary_large_image\" \/>\n<meta name=\"twitter:label1\" content=\"Szerz\u0151:\" \/>\n\t<meta name=\"twitter:data1\" content=\"miro.sopko\" \/>\n\t<meta name=\"twitter:label2\" content=\"Becs\u00fclt olvas\u00e1si id\u0151\" \/>\n\t<meta name=\"twitter:data2\" content=\"2 perc\" \/>\n<script type=\"application\/ld+json\" class=\"yoast-schema-graph\">{\"@context\":\"https:\/\/schema.org\",\"@graph\":[{\"@type\":\"Article\",\"@id\":\"https:\/\/www.smedemokrati.sk\/aj-presov-a-trencin-su-europa\/#article\",\"isPartOf\":{\"@id\":\"https:\/\/www.smedemokrati.sk\/aj-presov-a-trencin-su-europa\/\"},\"author\":{\"name\":\"miro.sopko\",\"@id\":\"https:\/\/www.smedemokrati.sk\/#\/schema\/person\/21f147c88d605aa7ded900e1e7c344ba\"},\"headline\":\"Aj Pre\u0161ov a Tren\u010d\u00edn s\u00fa Eur\u00f3pa!\",\"datePublished\":\"2025-01-10T13:28:58+00:00\",\"dateModified\":\"2025-01-13T11:25:55+00:00\",\"mainEntityOfPage\":{\"@id\":\"https:\/\/www.smedemokrati.sk\/aj-presov-a-trencin-su-europa\/\"},\"wordCount\":354,\"publisher\":{\"@id\":\"https:\/\/www.smedemokrati.sk\/#organization\"},\"image\":{\"@id\":\"https:\/\/www.smedemokrati.sk\/aj-presov-a-trencin-su-europa\/#primaryimage\"},\"thumbnailUrl\":\"https:\/\/www.smedemokrati.sk\/wp-content\/uploads\/2025\/01\/IMG_20250110_142718.jpg\",\"articleSection\":[\"Tla\u010dov\u00e9 spr\u00e1vy\"],\"inLanguage\":\"hu-HU\"},{\"@type\":\"WebPage\",\"@id\":\"https:\/\/www.smedemokrati.sk\/aj-presov-a-trencin-su-europa\/\",\"url\":\"https:\/\/www.smedemokrati.sk\/aj-presov-a-trencin-su-europa\/\",\"name\":\"Aj Pre\u0161ov a Tren\u010d\u00edn s\u00fa Eur\u00f3pa!\",\"isPartOf\":{\"@id\":\"https:\/\/www.smedemokrati.sk\/#website\"},\"primaryImageOfPage\":{\"@id\":\"https:\/\/www.smedemokrati.sk\/aj-presov-a-trencin-su-europa\/#primaryimage\"},\"image\":{\"@id\":\"https:\/\/www.smedemokrati.sk\/aj-presov-a-trencin-su-europa\/#primaryimage\"},\"thumbnailUrl\":\"https:\/\/www.smedemokrati.sk\/wp-content\/uploads\/2025\/01\/IMG_20250110_142718.jpg\",\"datePublished\":\"2025-01-10T13:28:58+00:00\",\"dateModified\":\"2025-01-13T11:25:55+00:00\",\"breadcrumb\":{\"@id\":\"https:\/\/www.smedemokrati.sk\/aj-presov-a-trencin-su-europa\/#breadcrumb\"},\"inLanguage\":\"hu-HU\",\"potentialAction\":[{\"@type\":\"ReadAction\",\"target\":[\"https:\/\/www.smedemokrati.sk\/aj-presov-a-trencin-su-europa\/\"]}]},{\"@type\":\"ImageObject\",\"inLanguage\":\"hu-HU\",\"@id\":\"https:\/\/www.smedemokrati.sk\/aj-presov-a-trencin-su-europa\/#primaryimage\",\"url\":\"https:\/\/www.smedemokrati.sk\/wp-content\/uploads\/2025\/01\/IMG_20250110_142718.jpg\",\"contentUrl\":\"https:\/\/www.smedemokrati.sk\/wp-content\/uploads\/2025\/01\/IMG_20250110_142718.jpg\",\"width\":1350,\"height\":793},{\"@type\":\"BreadcrumbList\",\"@id\":\"https:\/\/www.smedemokrati.sk\/aj-presov-a-trencin-su-europa\/#breadcrumb\",\"itemListElement\":[{\"@type\":\"ListItem\",\"position\":1,\"name\":\"Domovsk\u00e1 str\u00e1nka\",\"item\":\"https:\/\/www.smedemokrati.sk\/\"},{\"@type\":\"ListItem\",\"position\":2,\"name\":\"Aj Pre\u0161ov a Tren\u010d\u00edn s\u00fa Eur\u00f3pa!\"}]},{\"@type\":\"WebSite\",\"@id\":\"https:\/\/www.smedemokrati.sk\/#website\",\"url\":\"https:\/\/www.smedemokrati.sk\/\",\"name\":\"Smedemokrati.sk\",\"description\":\"Demokracia a slu\u0161nos\u0165 zv\u00ed\u0165az\u00ed\",\"publisher\":{\"@id\":\"https:\/\/www.smedemokrati.sk\/#organization\"},\"potentialAction\":[{\"@type\":\"SearchAction\",\"target\":{\"@type\":\"EntryPoint\",\"urlTemplate\":\"https:\/\/www.smedemokrati.sk\/?s={search_term_string}\"},\"query-input\":{\"@type\":\"PropertyValueSpecification\",\"valueRequired\":true,\"valueName\":\"search_term_string\"}}],\"inLanguage\":\"hu-HU\"},{\"@type\":\"Organization\",\"@id\":\"https:\/\/www.smedemokrati.sk\/#organization\",\"name\":\"Smedemokrati.sk\",\"url\":\"https:\/\/www.smedemokrati.sk\/\",\"logo\":{\"@type\":\"ImageObject\",\"inLanguage\":\"hu-HU\",\"@id\":\"https:\/\/www.smedemokrati.sk\/#\/schema\/logo\/image\/\",\"url\":\"https:\/\/www.smedemokrati.sk\/wp-content\/uploads\/2023\/04\/ff.002.jpeg\",\"contentUrl\":\"https:\/\/www.smedemokrati.sk\/wp-content\/uploads\/2023\/04\/ff.002.jpeg\",\"width\":640,\"height\":480,\"caption\":\"Smedemokrati.sk\"},\"image\":{\"@id\":\"https:\/\/www.smedemokrati.sk\/#\/schema\/logo\/image\/\"},\"sameAs\":[\"https:\/\/www.facebook.com\/smedemokrati2023\"]},{\"@type\":\"Person\",\"@id\":\"https:\/\/www.smedemokrati.sk\/#\/schema\/person\/21f147c88d605aa7ded900e1e7c344ba\",\"name\":\"miro.sopko\",\"image\":{\"@type\":\"ImageObject\",\"inLanguage\":\"hu-HU\",\"@id\":\"https:\/\/secure.gravatar.com\/avatar\/267e4a36f704376c109afe3a78740c1f5dd8675a2180a908699e7863c9247606?s=96&d=mm&r=g\",\"url\":\"https:\/\/secure.gravatar.com\/avatar\/267e4a36f704376c109afe3a78740c1f5dd8675a2180a908699e7863c9247606?s=96&d=mm&r=g\",\"contentUrl\":\"https:\/\/secure.gravatar.com\/avatar\/267e4a36f704376c109afe3a78740c1f5dd8675a2180a908699e7863c9247606?s=96&d=mm&r=g\",\"caption\":\"miro.sopko\"},\"url\":\"https:\/\/www.smedemokrati.sk\/hu\/author\/miro-sopko\/\"}]}<\/script>\n<!-- \/ Yoast SEO plugin. -->","yoast_head_json":{"title":"Aj Pre\u0161ov a Tren\u010d\u00edn s\u00fa Eur\u00f3pa!","robots":{"index":"index","follow":"follow","max-snippet":"max-snippet:-1","max-image-preview":"max-image-preview:large","max-video-preview":"max-video-preview:-1"},"canonical":"https:\/\/www.smedemokrati.sk\/hu\/aj-presov-a-trencin-su-europa\/","og_locale":"hu_HU","og_type":"article","og_title":"[:sk]Aj Pre\u0161ov a Tren\u010d\u00edn s\u00fa Eur\u00f3pa![:] - Smedemokrati.sk","og_description":"Strana Demokrati dnes (10. janu\u00e1r 2025) organizuje protestn\u00e9 zhroma\u017edenia v Pre\u0161ove a Tren\u010d\u00edne. Pozvan\u00ed boli z\u00e1stupcovia parlamentn\u00fdch aj mimoparlamentn\u00fdch str\u00e1n, vyst\u00fapia hudobn\u00edci aj predstavitelia miestnych samospr\u00e1v a ukrajinsk\u00fdch komun\u00edt p\u00f4sobiacich na Slovensku. Oba protesty s\u00fa organizovan\u00e9 v koordin\u00e1cii s iniciat\u00edvou Mier Ukrajine. V Pre\u0161ove je protestn\u00e9 zhroma\u017edenie napl\u00e1novan\u00e9 na 16:00 pred mestsk\u00fdm \u00faradom: \u201eSlovensko n\u00e1s [&hellip;]","og_url":"https:\/\/www.smedemokrati.sk\/hu\/aj-presov-a-trencin-su-europa\/","og_site_name":"Smedemokrati.sk","article_publisher":"https:\/\/www.facebook.com\/smedemokrati2023","article_published_time":"2025-01-10T13:28:58+00:00","article_modified_time":"2025-01-13T11:25:55+00:00","og_image":[{"width":1350,"height":793,"url":"https:\/\/www.smedemokrati.sk\/wp-content\/uploads\/2025\/01\/IMG_20250110_142718.jpg","type":"image\/jpeg"}],"author":"miro.sopko","twitter_card":"summary_large_image","twitter_misc":{"Szerz\u0151:":"miro.sopko","Becs\u00fclt olvas\u00e1si id\u0151":"2 perc"},"schema":{"@context":"https:\/\/schema.org","@graph":[{"@type":"Article","@id":"https:\/\/www.smedemokrati.sk\/aj-presov-a-trencin-su-europa\/#article","isPartOf":{"@id":"https:\/\/www.smedemokrati.sk\/aj-presov-a-trencin-su-europa\/"},"author":{"name":"miro.sopko","@id":"https:\/\/www.smedemokrati.sk\/#\/schema\/person\/21f147c88d605aa7ded900e1e7c344ba"},"headline":"Aj Pre\u0161ov a Tren\u010d\u00edn s\u00fa Eur\u00f3pa!","datePublished":"2025-01-10T13:28:58+00:00","dateModified":"2025-01-13T11:25:55+00:00","mainEntityOfPage":{"@id":"https:\/\/www.smedemokrati.sk\/aj-presov-a-trencin-su-europa\/"},"wordCount":354,"publisher":{"@id":"https:\/\/www.smedemokrati.sk\/#organization"},"image":{"@id":"https:\/\/www.smedemokrati.sk\/aj-presov-a-trencin-su-europa\/#primaryimage"},"thumbnailUrl":"https:\/\/www.smedemokrati.sk\/wp-content\/uploads\/2025\/01\/IMG_20250110_142718.jpg","articleSection":["Tla\u010dov\u00e9 spr\u00e1vy"],"inLanguage":"hu-HU"},{"@type":"WebPage","@id":"https:\/\/www.smedemokrati.sk\/aj-presov-a-trencin-su-europa\/","url":"https:\/\/www.smedemokrati.sk\/aj-presov-a-trencin-su-europa\/","name":"Aj Pre\u0161ov a Tren\u010d\u00edn s\u00fa Eur\u00f3pa!","isPartOf":{"@id":"https:\/\/www.smedemokrati.sk\/#website"},"primaryImageOfPage":{"@id":"https:\/\/www.smedemokrati.sk\/aj-presov-a-trencin-su-europa\/#primaryimage"},"image":{"@id":"https:\/\/www.smedemokrati.sk\/aj-presov-a-trencin-su-europa\/#primaryimage"},"thumbnailUrl":"https:\/\/www.smedemokrati.sk\/wp-content\/uploads\/2025\/01\/IMG_20250110_142718.jpg","datePublished":"2025-01-10T13:28:58+00:00","dateModified":"2025-01-13T11:25:55+00:00","breadcrumb":{"@id":"https:\/\/www.smedemokrati.sk\/aj-presov-a-trencin-su-europa\/#breadcrumb"},"inLanguage":"hu-HU","potentialAction":[{"@type":"ReadAction","target":["https:\/\/www.smedemokrati.sk\/aj-presov-a-trencin-su-europa\/"]}]},{"@type":"ImageObject","inLanguage":"hu-HU","@id":"https:\/\/www.smedemokrati.sk\/aj-presov-a-trencin-su-europa\/#primaryimage","url":"https:\/\/www.smedemokrati.sk\/wp-content\/uploads\/2025\/01\/IMG_20250110_142718.jpg","contentUrl":"https:\/\/www.smedemokrati.sk\/wp-content\/uploads\/2025\/01\/IMG_20250110_142718.jpg","width":1350,"height":793},{"@type":"BreadcrumbList","@id":"https:\/\/www.smedemokrati.sk\/aj-presov-a-trencin-su-europa\/#breadcrumb","itemListElement":[{"@type":"ListItem","position":1,"name":"Domovsk\u00e1 str\u00e1nka","item":"https:\/\/www.smedemokrati.sk\/"},{"@type":"ListItem","position":2,"name":"Aj Pre\u0161ov a Tren\u010d\u00edn s\u00fa Eur\u00f3pa!"}]},{"@type":"WebSite","@id":"https:\/\/www.smedemokrati.sk\/#website","url":"https:\/\/www.smedemokrati.sk\/","name":"Smedemokrati.sk","description":"Demokracia a slu\u0161nos\u0165 zv\u00ed\u0165az\u00ed","publisher":{"@id":"https:\/\/www.smedemokrati.sk\/#organization"},"potentialAction":[{"@type":"SearchAction","target":{"@type":"EntryPoint","urlTemplate":"https:\/\/www.smedemokrati.sk\/?s={search_term_string}"},"query-input":{"@type":"PropertyValueSpecification","valueRequired":true,"valueName":"search_term_string"}}],"inLanguage":"hu-HU"},{"@type":"Organization","@id":"https:\/\/www.smedemokrati.sk\/#organization","name":"Smedemokrati.sk","url":"https:\/\/www.smedemokrati.sk\/","logo":{"@type":"ImageObject","inLanguage":"hu-HU","@id":"https:\/\/www.smedemokrati.sk\/#\/schema\/logo\/image\/","url":"https:\/\/www.smedemokrati.sk\/wp-content\/uploads\/2023\/04\/ff.002.jpeg","contentUrl":"https:\/\/www.smedemokrati.sk\/wp-content\/uploads\/2023\/04\/ff.002.jpeg","width":640,"height":480,"caption":"Smedemokrati.sk"},"image":{"@id":"https:\/\/www.smedemokrati.sk\/#\/schema\/logo\/image\/"},"sameAs":["https:\/\/www.facebook.com\/smedemokrati2023"]},{"@type":"Person","@id":"https:\/\/www.smedemokrati.sk\/#\/schema\/person\/21f147c88d605aa7ded900e1e7c344ba","name":"miro.sopko","image":{"@type":"ImageObject","inLanguage":"hu-HU","@id":"https:\/\/secure.gravatar.com\/avatar\/267e4a36f704376c109afe3a78740c1f5dd8675a2180a908699e7863c9247606?s=96&d=mm&r=g","url":"https:\/\/secure.gravatar.com\/avatar\/267e4a36f704376c109afe3a78740c1f5dd8675a2180a908699e7863c9247606?s=96&d=mm&r=g","contentUrl":"https:\/\/secure.gravatar.com\/avatar\/267e4a36f704376c109afe3a78740c1f5dd8675a2180a908699e7863c9247606?s=96&d=mm&r=g","caption":"miro.sopko"},"url":"https:\/\/www.smedemokrati.sk\/hu\/author\/miro-sopko\/"}]}},"_links":{"self":[{"href":"https:\/\/www.smedemokrati.sk\/hu\/wp-json\/wp\/v2\/posts\/6093","targetHints":{"allow":["GET"]}}],"collection":[{"href":"https:\/\/www.smedemokrati.sk\/hu\/wp-json\/wp\/v2\/posts"}],"about":[{"href":"https:\/\/www.smedemokrati.sk\/hu\/wp-json\/wp\/v2\/types\/post"}],"author":[{"embeddable":true,"href":"https:\/\/www.smedemokrati.sk\/hu\/wp-json\/wp\/v2\/users\/13"}],"replies":[{"embeddable":true,"href":"https:\/\/www.smedemokrati.sk\/hu\/wp-json\/wp\/v2\/comments?post=6093"}],"version-history":[{"count":1,"href":"https:\/\/www.smedemokrati.sk\/hu\/wp-json\/wp\/v2\/posts\/6093\/revisions"}],"predecessor-version":[{"id":6095,"href":"https:\/\/www.smedemokrati.sk\/hu\/wp-json\/wp\/v2\/posts\/6093\/revisions\/6095"}],"wp:featuredmedia":[{"embeddable":true,"href":"https:\/\/www.smedemokrati.sk\/hu\/wp-json\/wp\/v2\/media\/6094"}],"wp:attachment":[{"href":"https:\/\/www.smedemokrati.sk\/hu\/wp-json\/wp\/v2\/media?parent=6093"}],"wp:term":[{"taxonomy":"category","embeddable":true,"href":"https:\/\/www.smedemokrati.sk\/hu\/wp-json\/wp\/v2\/categories?post=6093"},{"taxonomy":"post_tag","embeddable":true,"href":"https:\/\/www.smedemokrati.sk\/hu\/wp-json\/wp\/v2\/tags?post=6093"}],"curies":[{"name":"wp","href":"https:\/\/api.w.org\/{rel}","templated":true}]}}