{"id":6087,"date":"2025-01-09T17:44:41","date_gmt":"2025-01-09T16:44:41","guid":{"rendered":"https:\/\/www.smedemokrati.sk\/?p=6087"},"modified":"2025-01-13T12:25:46","modified_gmt":"2025-01-13T11:25:46","slug":"po-katastri-nefunguju-uz-aj-pasy-a-obcianske-preukazy-dalsi-dovod-na-odvolanie-sutaj-estoka","status":"publish","type":"post","link":"https:\/\/www.smedemokrati.sk\/hu\/po-katastri-nefunguju-uz-aj-pasy-a-obcianske-preukazy-dalsi-dovod-na-odvolanie-sutaj-estoka\/","title":{"rendered":"Po katastri nefunguj\u00fa u\u017e aj pasy a\u00a0ob\u010dianske preukazy, \u010fal\u0161\u00ed d\u00f4vod na odvolanie \u0160utaj E\u0161toka"},"content":{"rendered":"<div id=\"fb-root\"><\/div>\n\n<p><strong>Novo vydan\u00e9 pasy a&nbsp;tie\u017e ob\u010dianske preukazy nie s\u00fa nahrat\u00e9 v&nbsp;medzin\u00e1rodn\u00fdch datab\u00e1zach, in\u00fdmi slovami, coln\u00edci vo svete maj\u00fa probl\u00e9m overi\u0165, \u010di doklady, ktor\u00fdmi sa ob\u010dania preukazuj\u00fa s\u00fa ofici\u00e1lne slovensk\u00e9. Situ\u00e1cia sp\u00f4sobuje v\u00e1\u017ene probl\u00e9my slovensk\u00fdm ob\u010danom, Mat\u00fa\u0161 \u0160utaj E\u0161tok mus\u00ed odst\u00fapi\u0165.<\/strong><\/p>\n\n\n\n<p><em>\u201ePopri rozpadnutom policajnom zbore, katastri, najnov\u0161ie s\u00fa na rade cestovn\u00e9 doklady. Mat\u00fa\u0161 \u0160utaj E\u0161tok \u010doho sa chyt\u00ed \u2013 to je bu\u010f predra\u017een\u00e9, alebo nefunguje. Je to najneschopnej\u0161\u00ed minister, na ktor\u00e9ho dopl\u00e1caj\u00fa be\u017en\u00ed ob\u010dania,\u201c<\/em>&nbsp;hovor\u00ed podpredseda strany Juraj \u0160eliga a&nbsp;dod\u00e1va, \u017ee s\u00fa\u010dasn\u00fd minister vn\u00fatra mus\u00ed nies\u0165 politick\u00fa zodpovednos\u0165 za v\u0161etky zlyhania, ktor\u00e9 znepr\u00edjem\u0148uj\u00fa a&nbsp;s\u0165a\u017euj\u00fa \u017eivot Slov\u00e1kov.<\/p>\n\n\n\n<p><em>\u201eObracaj\u00fa sa na n\u00e1s \u013eudia, \u017ee nov\u00e9 pasy dobre nefunguj\u00fa a&nbsp;to z&nbsp;d\u00f4vodu, \u017ee nie s\u00fa nahrat\u00e9 v&nbsp;medzin\u00e1rodn\u00fdch datab\u00e1zach. Na hraniciach a letisk\u00e1ch to \u013eu\u010fom sp\u00f4sobuje v\u00e1\u017ene probl\u00e9my a&nbsp;nepr\u00edjemn\u00e9 zdr\u017eanie. Pozn\u00e1me aj pr\u00edpady, kedy jednoducho coln\u00edci nechceli pusti\u0165 slovensk\u00fdch ob\u010danov a&nbsp;kto za to m\u00f4\u017ee? Minister \u0160utaj E\u0161tok, ktor\u00fd si nie \u017ee nerob\u00ed svoju pr\u00e1cu poriadne, on nerob\u00ed ni\u010d a&nbsp;e\u0161te aj toho \u010do sa chyt\u00ed pokaz\u00ed.\u201c<\/em>&nbsp;Uzatv\u00e1ra predseda Demokratov Jaroslav Na\u010f.<\/p>\n\n\n\n<p>Opakujeme, rozpadnut\u00fd policajn\u00fd zbor, nefunguj\u00faci kataster, zabit\u00fd ob\u010dan v&nbsp;Ko\u0161iciach a zle funguj\u00face pasy s\u00fa \u010fal\u0161\u00edm z&nbsp;d\u00f4vodov, pre\u010do m\u00e1 Mat\u00fa\u0161 \u0160utaj E\u0161tok skon\u010di\u0165. Premi\u00e9r Fico by mal kone\u010dne za\u010da\u0165 rie\u0161i\u0165 probl\u00e9my \u013eud\u00ed na Slovensku, koniec koncov ver\u00edme, \u017ee za tie tis\u00edce si v&nbsp;Hanoji odd\u00fdchol.<\/p>\n","protected":false},"excerpt":{"rendered":"<p>Novo vydan\u00e9 pasy a&nbsp;tie\u017e ob\u010dianske preukazy nie s\u00fa nahrat\u00e9 v&nbsp;medzin\u00e1rodn\u00fdch datab\u00e1zach, in\u00fdmi slovami, coln\u00edci vo svete maj\u00fa probl\u00e9m overi\u0165, \u010di doklady, ktor\u00fdmi sa ob\u010dania preukazuj\u00fa s\u00fa ofici\u00e1lne slovensk\u00e9. Situ\u00e1cia sp\u00f4sobuje v\u00e1\u017ene probl\u00e9my slovensk\u00fdm ob\u010danom, Mat\u00fa\u0161 \u0160utaj E\u0161tok mus\u00ed odst\u00fapi\u0165. \u201ePopri rozpadnutom policajnom zbore, katastri, najnov\u0161ie s\u00fa na rade cestovn\u00e9 doklady. Mat\u00fa\u0161 \u0160utaj E\u0161tok \u010doho sa [&hellip;]<\/p>\n","protected":false},"author":13,"featured_media":4137,"comment_status":"closed","ping_status":"closed","sticky":false,"template":"","format":"standard","meta":{"_acf_changed":false,"ngg_post_thumbnail":0,"footnotes":""},"categories":[4],"tags":[],"class_list":["post-6087","post","type-post","status-publish","format-standard","has-post-thumbnail","hentry","category-tlacove-spravy"],"acf":[],"yoast_head":"<!-- This site is optimized with the Yoast SEO plugin v27.2 - https:\/\/yoast.com\/product\/yoast-seo-wordpress\/ -->\n<title>Po katastri nefunguj\u00fa u\u017e aj pasy a\u00a0ob\u010dianske preukazy, \u010fal\u0161\u00ed d\u00f4vod na odvolanie \u0160utaj E\u0161toka<\/title>\n<meta name=\"robots\" content=\"index, follow, max-snippet:-1, max-image-preview:large, max-video-preview:-1\" \/>\n<link rel=\"canonical\" href=\"https:\/\/www.smedemokrati.sk\/hu\/po-katastri-nefunguju-uz-aj-pasy-a-obcianske-preukazy-dalsi-dovod-na-odvolanie-sutaj-estoka\/\" \/>\n<meta property=\"og:locale\" content=\"hu_HU\" \/>\n<meta property=\"og:locale:alternate\" content=\"en_US\" \/>\n<meta property=\"og:locale:alternate\" content=\"cs_CZ\" \/>\n<meta property=\"og:locale:alternate\" content=\"sk_SK\" \/>\n<meta property=\"og:locale:alternate\" content=\"sv_SE\" \/>\n<meta property=\"og:type\" content=\"article\" \/>\n<meta property=\"og:title\" content=\"Po katastri nefunguj\u00fa u\u017e aj pasy a\u00a0ob\u010dianske preukazy, \u010fal\u0161\u00ed d\u00f4vod na odvolanie \u0160utaj E\u0161toka\" \/>\n<meta property=\"og:description\" content=\"Novo vydan\u00e9 pasy a&nbsp;tie\u017e ob\u010dianske preukazy nie s\u00fa nahrat\u00e9 v&nbsp;medzin\u00e1rodn\u00fdch datab\u00e1zach, in\u00fdmi slovami, coln\u00edci vo svete maj\u00fa probl\u00e9m overi\u0165, \u010di doklady, ktor\u00fdmi sa ob\u010dania preukazuj\u00fa s\u00fa ofici\u00e1lne slovensk\u00e9. Situ\u00e1cia sp\u00f4sobuje v\u00e1\u017ene probl\u00e9my slovensk\u00fdm ob\u010danom, Mat\u00fa\u0161 \u0160utaj E\u0161tok mus\u00ed odst\u00fapi\u0165. \u201ePopri rozpadnutom policajnom zbore, katastri, najnov\u0161ie s\u00fa na rade cestovn\u00e9 doklady. Mat\u00fa\u0161 \u0160utaj E\u0161tok \u010doho sa [&hellip;]\" \/>\n<meta property=\"og:url\" content=\"https:\/\/www.smedemokrati.sk\/hu\/po-katastri-nefunguju-uz-aj-pasy-a-obcianske-preukazy-dalsi-dovod-na-odvolanie-sutaj-estoka\/\" \/>\n<meta property=\"og:site_name\" content=\"Smedemokrati.sk\" \/>\n<meta property=\"article:publisher\" content=\"https:\/\/www.facebook.com\/smedemokrati2023\" \/>\n<meta property=\"article:published_time\" content=\"2025-01-09T16:44:41+00:00\" \/>\n<meta property=\"article:modified_time\" content=\"2025-01-13T11:25:46+00:00\" \/>\n<meta property=\"og:image\" content=\"https:\/\/www.smedemokrati.sk\/wp-content\/uploads\/2024\/05\/sutaj-estok-minister.jpg\" \/>\n\t<meta property=\"og:image:width\" content=\"960\" \/>\n\t<meta property=\"og:image:height\" content=\"540\" \/>\n\t<meta property=\"og:image:type\" content=\"image\/jpeg\" \/>\n<meta name=\"author\" content=\"miro.sopko\" \/>\n<meta name=\"twitter:card\" content=\"summary_large_image\" \/>\n<meta name=\"twitter:label1\" content=\"Szerz\u0151:\" \/>\n\t<meta name=\"twitter:data1\" content=\"miro.sopko\" \/>\n\t<meta name=\"twitter:label2\" content=\"Becs\u00fclt olvas\u00e1si id\u0151\" \/>\n\t<meta name=\"twitter:data2\" content=\"2 perc\" \/>\n<script type=\"application\/ld+json\" class=\"yoast-schema-graph\">{\"@context\":\"https:\/\/schema.org\",\"@graph\":[{\"@type\":\"Article\",\"@id\":\"https:\/\/www.smedemokrati.sk\/po-katastri-nefunguju-uz-aj-pasy-a-obcianske-preukazy-dalsi-dovod-na-odvolanie-sutaj-estoka\/#article\",\"isPartOf\":{\"@id\":\"https:\/\/www.smedemokrati.sk\/po-katastri-nefunguju-uz-aj-pasy-a-obcianske-preukazy-dalsi-dovod-na-odvolanie-sutaj-estoka\/\"},\"author\":{\"name\":\"miro.sopko\",\"@id\":\"https:\/\/www.smedemokrati.sk\/#\/schema\/person\/21f147c88d605aa7ded900e1e7c344ba\"},\"headline\":\"Po katastri nefunguj\u00fa u\u017e aj pasy a\u00a0ob\u010dianske preukazy, \u010fal\u0161\u00ed d\u00f4vod na odvolanie \u0160utaj E\u0161toka\",\"datePublished\":\"2025-01-09T16:44:41+00:00\",\"dateModified\":\"2025-01-13T11:25:46+00:00\",\"mainEntityOfPage\":{\"@id\":\"https:\/\/www.smedemokrati.sk\/po-katastri-nefunguju-uz-aj-pasy-a-obcianske-preukazy-dalsi-dovod-na-odvolanie-sutaj-estoka\/\"},\"wordCount\":326,\"publisher\":{\"@id\":\"https:\/\/www.smedemokrati.sk\/#organization\"},\"image\":{\"@id\":\"https:\/\/www.smedemokrati.sk\/po-katastri-nefunguju-uz-aj-pasy-a-obcianske-preukazy-dalsi-dovod-na-odvolanie-sutaj-estoka\/#primaryimage\"},\"thumbnailUrl\":\"https:\/\/www.smedemokrati.sk\/wp-content\/uploads\/2024\/05\/sutaj-estok-minister.jpg\",\"articleSection\":[\"Tla\u010dov\u00e9 spr\u00e1vy\"],\"inLanguage\":\"hu-HU\"},{\"@type\":\"WebPage\",\"@id\":\"https:\/\/www.smedemokrati.sk\/po-katastri-nefunguju-uz-aj-pasy-a-obcianske-preukazy-dalsi-dovod-na-odvolanie-sutaj-estoka\/\",\"url\":\"https:\/\/www.smedemokrati.sk\/po-katastri-nefunguju-uz-aj-pasy-a-obcianske-preukazy-dalsi-dovod-na-odvolanie-sutaj-estoka\/\",\"name\":\"Po katastri nefunguj\u00fa u\u017e aj pasy a\u00a0ob\u010dianske preukazy, \u010fal\u0161\u00ed d\u00f4vod na odvolanie \u0160utaj E\u0161toka\",\"isPartOf\":{\"@id\":\"https:\/\/www.smedemokrati.sk\/#website\"},\"primaryImageOfPage\":{\"@id\":\"https:\/\/www.smedemokrati.sk\/po-katastri-nefunguju-uz-aj-pasy-a-obcianske-preukazy-dalsi-dovod-na-odvolanie-sutaj-estoka\/#primaryimage\"},\"image\":{\"@id\":\"https:\/\/www.smedemokrati.sk\/po-katastri-nefunguju-uz-aj-pasy-a-obcianske-preukazy-dalsi-dovod-na-odvolanie-sutaj-estoka\/#primaryimage\"},\"thumbnailUrl\":\"https:\/\/www.smedemokrati.sk\/wp-content\/uploads\/2024\/05\/sutaj-estok-minister.jpg\",\"datePublished\":\"2025-01-09T16:44:41+00:00\",\"dateModified\":\"2025-01-13T11:25:46+00:00\",\"breadcrumb\":{\"@id\":\"https:\/\/www.smedemokrati.sk\/po-katastri-nefunguju-uz-aj-pasy-a-obcianske-preukazy-dalsi-dovod-na-odvolanie-sutaj-estoka\/#breadcrumb\"},\"inLanguage\":\"hu-HU\",\"potentialAction\":[{\"@type\":\"ReadAction\",\"target\":[\"https:\/\/www.smedemokrati.sk\/po-katastri-nefunguju-uz-aj-pasy-a-obcianske-preukazy-dalsi-dovod-na-odvolanie-sutaj-estoka\/\"]}]},{\"@type\":\"ImageObject\",\"inLanguage\":\"hu-HU\",\"@id\":\"https:\/\/www.smedemokrati.sk\/po-katastri-nefunguju-uz-aj-pasy-a-obcianske-preukazy-dalsi-dovod-na-odvolanie-sutaj-estoka\/#primaryimage\",\"url\":\"https:\/\/www.smedemokrati.sk\/wp-content\/uploads\/2024\/05\/sutaj-estok-minister.jpg\",\"contentUrl\":\"https:\/\/www.smedemokrati.sk\/wp-content\/uploads\/2024\/05\/sutaj-estok-minister.jpg\",\"width\":960,\"height\":540},{\"@type\":\"BreadcrumbList\",\"@id\":\"https:\/\/www.smedemokrati.sk\/po-katastri-nefunguju-uz-aj-pasy-a-obcianske-preukazy-dalsi-dovod-na-odvolanie-sutaj-estoka\/#breadcrumb\",\"itemListElement\":[{\"@type\":\"ListItem\",\"position\":1,\"name\":\"Domovsk\u00e1 str\u00e1nka\",\"item\":\"https:\/\/www.smedemokrati.sk\/\"},{\"@type\":\"ListItem\",\"position\":2,\"name\":\"Po katastri nefunguj\u00fa u\u017e aj pasy a\u00a0ob\u010dianske preukazy, \u010fal\u0161\u00ed d\u00f4vod na odvolanie \u0160utaj E\u0161toka\"}]},{\"@type\":\"WebSite\",\"@id\":\"https:\/\/www.smedemokrati.sk\/#website\",\"url\":\"https:\/\/www.smedemokrati.sk\/\",\"name\":\"Smedemokrati.sk\",\"description\":\"Demokracia a slu\u0161nos\u0165 zv\u00ed\u0165az\u00ed\",\"publisher\":{\"@id\":\"https:\/\/www.smedemokrati.sk\/#organization\"},\"potentialAction\":[{\"@type\":\"SearchAction\",\"target\":{\"@type\":\"EntryPoint\",\"urlTemplate\":\"https:\/\/www.smedemokrati.sk\/?s={search_term_string}\"},\"query-input\":{\"@type\":\"PropertyValueSpecification\",\"valueRequired\":true,\"valueName\":\"search_term_string\"}}],\"inLanguage\":\"hu-HU\"},{\"@type\":\"Organization\",\"@id\":\"https:\/\/www.smedemokrati.sk\/#organization\",\"name\":\"Smedemokrati.sk\",\"url\":\"https:\/\/www.smedemokrati.sk\/\",\"logo\":{\"@type\":\"ImageObject\",\"inLanguage\":\"hu-HU\",\"@id\":\"https:\/\/www.smedemokrati.sk\/#\/schema\/logo\/image\/\",\"url\":\"https:\/\/www.smedemokrati.sk\/wp-content\/uploads\/2023\/04\/ff.002.jpeg\",\"contentUrl\":\"https:\/\/www.smedemokrati.sk\/wp-content\/uploads\/2023\/04\/ff.002.jpeg\",\"width\":640,\"height\":480,\"caption\":\"Smedemokrati.sk\"},\"image\":{\"@id\":\"https:\/\/www.smedemokrati.sk\/#\/schema\/logo\/image\/\"},\"sameAs\":[\"https:\/\/www.facebook.com\/smedemokrati2023\"]},{\"@type\":\"Person\",\"@id\":\"https:\/\/www.smedemokrati.sk\/#\/schema\/person\/21f147c88d605aa7ded900e1e7c344ba\",\"name\":\"miro.sopko\",\"image\":{\"@type\":\"ImageObject\",\"inLanguage\":\"hu-HU\",\"@id\":\"https:\/\/secure.gravatar.com\/avatar\/267e4a36f704376c109afe3a78740c1f5dd8675a2180a908699e7863c9247606?s=96&d=mm&r=g\",\"url\":\"https:\/\/secure.gravatar.com\/avatar\/267e4a36f704376c109afe3a78740c1f5dd8675a2180a908699e7863c9247606?s=96&d=mm&r=g\",\"contentUrl\":\"https:\/\/secure.gravatar.com\/avatar\/267e4a36f704376c109afe3a78740c1f5dd8675a2180a908699e7863c9247606?s=96&d=mm&r=g\",\"caption\":\"miro.sopko\"},\"url\":\"https:\/\/www.smedemokrati.sk\/hu\/author\/miro-sopko\/\"}]}<\/script>\n<!-- \/ Yoast SEO plugin. -->","yoast_head_json":{"title":"Po katastri nefunguj\u00fa u\u017e aj pasy a\u00a0ob\u010dianske preukazy, \u010fal\u0161\u00ed d\u00f4vod na odvolanie \u0160utaj E\u0161toka","robots":{"index":"index","follow":"follow","max-snippet":"max-snippet:-1","max-image-preview":"max-image-preview:large","max-video-preview":"max-video-preview:-1"},"canonical":"https:\/\/www.smedemokrati.sk\/hu\/po-katastri-nefunguju-uz-aj-pasy-a-obcianske-preukazy-dalsi-dovod-na-odvolanie-sutaj-estoka\/","og_locale":"hu_HU","og_type":"article","og_title":"[:sk]Po katastri nefunguj\u00fa u\u017e aj pasy a\u00a0ob\u010dianske preukazy, \u010fal\u0161\u00ed d\u00f4vod na odvolanie \u0160utaj E\u0161toka[:] - Smedemokrati.sk","og_description":"Novo vydan\u00e9 pasy a&nbsp;tie\u017e ob\u010dianske preukazy nie s\u00fa nahrat\u00e9 v&nbsp;medzin\u00e1rodn\u00fdch datab\u00e1zach, in\u00fdmi slovami, coln\u00edci vo svete maj\u00fa probl\u00e9m overi\u0165, \u010di doklady, ktor\u00fdmi sa ob\u010dania preukazuj\u00fa s\u00fa ofici\u00e1lne slovensk\u00e9. Situ\u00e1cia sp\u00f4sobuje v\u00e1\u017ene probl\u00e9my slovensk\u00fdm ob\u010danom, Mat\u00fa\u0161 \u0160utaj E\u0161tok mus\u00ed odst\u00fapi\u0165. \u201ePopri rozpadnutom policajnom zbore, katastri, najnov\u0161ie s\u00fa na rade cestovn\u00e9 doklady. Mat\u00fa\u0161 \u0160utaj E\u0161tok \u010doho sa [&hellip;]","og_url":"https:\/\/www.smedemokrati.sk\/hu\/po-katastri-nefunguju-uz-aj-pasy-a-obcianske-preukazy-dalsi-dovod-na-odvolanie-sutaj-estoka\/","og_site_name":"Smedemokrati.sk","article_publisher":"https:\/\/www.facebook.com\/smedemokrati2023","article_published_time":"2025-01-09T16:44:41+00:00","article_modified_time":"2025-01-13T11:25:46+00:00","og_image":[{"width":960,"height":540,"url":"https:\/\/www.smedemokrati.sk\/wp-content\/uploads\/2024\/05\/sutaj-estok-minister.jpg","type":"image\/jpeg"}],"author":"miro.sopko","twitter_card":"summary_large_image","twitter_misc":{"Szerz\u0151:":"miro.sopko","Becs\u00fclt olvas\u00e1si id\u0151":"2 perc"},"schema":{"@context":"https:\/\/schema.org","@graph":[{"@type":"Article","@id":"https:\/\/www.smedemokrati.sk\/po-katastri-nefunguju-uz-aj-pasy-a-obcianske-preukazy-dalsi-dovod-na-odvolanie-sutaj-estoka\/#article","isPartOf":{"@id":"https:\/\/www.smedemokrati.sk\/po-katastri-nefunguju-uz-aj-pasy-a-obcianske-preukazy-dalsi-dovod-na-odvolanie-sutaj-estoka\/"},"author":{"name":"miro.sopko","@id":"https:\/\/www.smedemokrati.sk\/#\/schema\/person\/21f147c88d605aa7ded900e1e7c344ba"},"headline":"Po katastri nefunguj\u00fa u\u017e aj pasy a\u00a0ob\u010dianske preukazy, \u010fal\u0161\u00ed d\u00f4vod na odvolanie \u0160utaj E\u0161toka","datePublished":"2025-01-09T16:44:41+00:00","dateModified":"2025-01-13T11:25:46+00:00","mainEntityOfPage":{"@id":"https:\/\/www.smedemokrati.sk\/po-katastri-nefunguju-uz-aj-pasy-a-obcianske-preukazy-dalsi-dovod-na-odvolanie-sutaj-estoka\/"},"wordCount":326,"publisher":{"@id":"https:\/\/www.smedemokrati.sk\/#organization"},"image":{"@id":"https:\/\/www.smedemokrati.sk\/po-katastri-nefunguju-uz-aj-pasy-a-obcianske-preukazy-dalsi-dovod-na-odvolanie-sutaj-estoka\/#primaryimage"},"thumbnailUrl":"https:\/\/www.smedemokrati.sk\/wp-content\/uploads\/2024\/05\/sutaj-estok-minister.jpg","articleSection":["Tla\u010dov\u00e9 spr\u00e1vy"],"inLanguage":"hu-HU"},{"@type":"WebPage","@id":"https:\/\/www.smedemokrati.sk\/po-katastri-nefunguju-uz-aj-pasy-a-obcianske-preukazy-dalsi-dovod-na-odvolanie-sutaj-estoka\/","url":"https:\/\/www.smedemokrati.sk\/po-katastri-nefunguju-uz-aj-pasy-a-obcianske-preukazy-dalsi-dovod-na-odvolanie-sutaj-estoka\/","name":"Po katastri nefunguj\u00fa u\u017e aj pasy a\u00a0ob\u010dianske preukazy, \u010fal\u0161\u00ed d\u00f4vod na odvolanie \u0160utaj E\u0161toka","isPartOf":{"@id":"https:\/\/www.smedemokrati.sk\/#website"},"primaryImageOfPage":{"@id":"https:\/\/www.smedemokrati.sk\/po-katastri-nefunguju-uz-aj-pasy-a-obcianske-preukazy-dalsi-dovod-na-odvolanie-sutaj-estoka\/#primaryimage"},"image":{"@id":"https:\/\/www.smedemokrati.sk\/po-katastri-nefunguju-uz-aj-pasy-a-obcianske-preukazy-dalsi-dovod-na-odvolanie-sutaj-estoka\/#primaryimage"},"thumbnailUrl":"https:\/\/www.smedemokrati.sk\/wp-content\/uploads\/2024\/05\/sutaj-estok-minister.jpg","datePublished":"2025-01-09T16:44:41+00:00","dateModified":"2025-01-13T11:25:46+00:00","breadcrumb":{"@id":"https:\/\/www.smedemokrati.sk\/po-katastri-nefunguju-uz-aj-pasy-a-obcianske-preukazy-dalsi-dovod-na-odvolanie-sutaj-estoka\/#breadcrumb"},"inLanguage":"hu-HU","potentialAction":[{"@type":"ReadAction","target":["https:\/\/www.smedemokrati.sk\/po-katastri-nefunguju-uz-aj-pasy-a-obcianske-preukazy-dalsi-dovod-na-odvolanie-sutaj-estoka\/"]}]},{"@type":"ImageObject","inLanguage":"hu-HU","@id":"https:\/\/www.smedemokrati.sk\/po-katastri-nefunguju-uz-aj-pasy-a-obcianske-preukazy-dalsi-dovod-na-odvolanie-sutaj-estoka\/#primaryimage","url":"https:\/\/www.smedemokrati.sk\/wp-content\/uploads\/2024\/05\/sutaj-estok-minister.jpg","contentUrl":"https:\/\/www.smedemokrati.sk\/wp-content\/uploads\/2024\/05\/sutaj-estok-minister.jpg","width":960,"height":540},{"@type":"BreadcrumbList","@id":"https:\/\/www.smedemokrati.sk\/po-katastri-nefunguju-uz-aj-pasy-a-obcianske-preukazy-dalsi-dovod-na-odvolanie-sutaj-estoka\/#breadcrumb","itemListElement":[{"@type":"ListItem","position":1,"name":"Domovsk\u00e1 str\u00e1nka","item":"https:\/\/www.smedemokrati.sk\/"},{"@type":"ListItem","position":2,"name":"Po katastri nefunguj\u00fa u\u017e aj pasy a\u00a0ob\u010dianske preukazy, \u010fal\u0161\u00ed d\u00f4vod na odvolanie \u0160utaj E\u0161toka"}]},{"@type":"WebSite","@id":"https:\/\/www.smedemokrati.sk\/#website","url":"https:\/\/www.smedemokrati.sk\/","name":"Smedemokrati.sk","description":"Demokracia a slu\u0161nos\u0165 zv\u00ed\u0165az\u00ed","publisher":{"@id":"https:\/\/www.smedemokrati.sk\/#organization"},"potentialAction":[{"@type":"SearchAction","target":{"@type":"EntryPoint","urlTemplate":"https:\/\/www.smedemokrati.sk\/?s={search_term_string}"},"query-input":{"@type":"PropertyValueSpecification","valueRequired":true,"valueName":"search_term_string"}}],"inLanguage":"hu-HU"},{"@type":"Organization","@id":"https:\/\/www.smedemokrati.sk\/#organization","name":"Smedemokrati.sk","url":"https:\/\/www.smedemokrati.sk\/","logo":{"@type":"ImageObject","inLanguage":"hu-HU","@id":"https:\/\/www.smedemokrati.sk\/#\/schema\/logo\/image\/","url":"https:\/\/www.smedemokrati.sk\/wp-content\/uploads\/2023\/04\/ff.002.jpeg","contentUrl":"https:\/\/www.smedemokrati.sk\/wp-content\/uploads\/2023\/04\/ff.002.jpeg","width":640,"height":480,"caption":"Smedemokrati.sk"},"image":{"@id":"https:\/\/www.smedemokrati.sk\/#\/schema\/logo\/image\/"},"sameAs":["https:\/\/www.facebook.com\/smedemokrati2023"]},{"@type":"Person","@id":"https:\/\/www.smedemokrati.sk\/#\/schema\/person\/21f147c88d605aa7ded900e1e7c344ba","name":"miro.sopko","image":{"@type":"ImageObject","inLanguage":"hu-HU","@id":"https:\/\/secure.gravatar.com\/avatar\/267e4a36f704376c109afe3a78740c1f5dd8675a2180a908699e7863c9247606?s=96&d=mm&r=g","url":"https:\/\/secure.gravatar.com\/avatar\/267e4a36f704376c109afe3a78740c1f5dd8675a2180a908699e7863c9247606?s=96&d=mm&r=g","contentUrl":"https:\/\/secure.gravatar.com\/avatar\/267e4a36f704376c109afe3a78740c1f5dd8675a2180a908699e7863c9247606?s=96&d=mm&r=g","caption":"miro.sopko"},"url":"https:\/\/www.smedemokrati.sk\/hu\/author\/miro-sopko\/"}]}},"_links":{"self":[{"href":"https:\/\/www.smedemokrati.sk\/hu\/wp-json\/wp\/v2\/posts\/6087","targetHints":{"allow":["GET"]}}],"collection":[{"href":"https:\/\/www.smedemokrati.sk\/hu\/wp-json\/wp\/v2\/posts"}],"about":[{"href":"https:\/\/www.smedemokrati.sk\/hu\/wp-json\/wp\/v2\/types\/post"}],"author":[{"embeddable":true,"href":"https:\/\/www.smedemokrati.sk\/hu\/wp-json\/wp\/v2\/users\/13"}],"replies":[{"embeddable":true,"href":"https:\/\/www.smedemokrati.sk\/hu\/wp-json\/wp\/v2\/comments?post=6087"}],"version-history":[{"count":1,"href":"https:\/\/www.smedemokrati.sk\/hu\/wp-json\/wp\/v2\/posts\/6087\/revisions"}],"predecessor-version":[{"id":6088,"href":"https:\/\/www.smedemokrati.sk\/hu\/wp-json\/wp\/v2\/posts\/6087\/revisions\/6088"}],"wp:featuredmedia":[{"embeddable":true,"href":"https:\/\/www.smedemokrati.sk\/hu\/wp-json\/wp\/v2\/media\/4137"}],"wp:attachment":[{"href":"https:\/\/www.smedemokrati.sk\/hu\/wp-json\/wp\/v2\/media?parent=6087"}],"wp:term":[{"taxonomy":"category","embeddable":true,"href":"https:\/\/www.smedemokrati.sk\/hu\/wp-json\/wp\/v2\/categories?post=6087"},{"taxonomy":"post_tag","embeddable":true,"href":"https:\/\/www.smedemokrati.sk\/hu\/wp-json\/wp\/v2\/tags?post=6087"}],"curies":[{"name":"wp","href":"https:\/\/api.w.org\/{rel}","templated":true}]}}