{"id":6047,"date":"2025-01-03T15:29:50","date_gmt":"2025-01-03T14:29:50","guid":{"rendered":"https:\/\/www.smedemokrati.sk\/?p=6047"},"modified":"2025-01-08T13:20:45","modified_gmt":"2025-01-08T12:20:45","slug":"policajny-zbor-na-kolenach-kradne-sa-uz-aj-u-premiera","status":"publish","type":"post","link":"https:\/\/www.smedemokrati.sk\/hu\/policajny-zbor-na-kolenach-kradne-sa-uz-aj-u-premiera\/","title":{"rendered":"Policajn\u00fd zbor na kolen\u00e1ch: kradne sa u\u017e aj u premi\u00e9ra"},"content":{"rendered":"<div id=\"fb-root\"><\/div>\n\n<p><strong>Medzi sviatkami mala by\u0165 z bytov\u00e9ho domu, kde b\u00fdva premi\u00e9r SR R\u00f3bert Fico odcudzen\u00e1 motorka v hodnote nieko\u013eko tis\u00edc eur. Demokrati op\u00e4tovne vyz\u00fdvaj\u00fa vl\u00e1dnu koal\u00edciu, najm\u00e4 Mat\u00fa\u0161a \u0160utaja E\u0161toka aby rie\u0161il situ\u00e1ciu v policajnom zbore, ktor\u00fd je pod jeho veden\u00edm doslova na kolen\u00e1ch. Vzh\u013eadom na st\u00fapaj\u00facu kriminalitu, strana \u017eiada prevent\u00edvne opatrenia, ako aj komunika\u010dn\u00fa kampa\u0148, ktor\u00e1 by dala n\u00e1vod \u013eudom, ako ochr\u00e1ni\u0165 svoje zdravie a majetok, ktor\u00e9 s\u00fa pre rekordne n\u00edzky po\u010det policajn\u00fdch pr\u00edslu\u0161n\u00edkov ohrozen\u00e9.<\/strong><\/p>\n\n\n\n<p><em>\u201eAko sa maj\u00fa c\u00edti\u0165 \u013eudia, ke\u010f objekt, v ktorom b\u00fdva predseda vl\u00e1dy je vykradnut\u00fd? S\u00fa tam kamery, s\u00fa tam br\u00e1ny a navy\u0161e, pod\u013ea na\u0161ich inform\u00e1ci\u00ed bola motorka zabezpe\u010den\u00e1 re\u0165azou o bet\u00f3n. Kde boli policajn\u00e9 hliadky, \u00daO\u00da\u010c? Keby bol premi\u00e9r doma, ukradn\u00fa aj jeho? Premi\u00e9rova bytovka by mala by\u0165 najstr\u00e1\u017eenej\u0161ia budova na Slovensku a veselo sa tam kradne? Minister vn\u00fatra Mat\u00fa\u0161 \u0160utaj E\u0161tok op\u00e4\u0165 zlyhal, str\u00e1\u017ei v\u00f4bec niekto dom predsedu vl\u00e1dy? Ve\u010f ho pred p\u00e1r mesiacmi postrelili,\u201d<\/em> otv\u00e1ra t\u00e9mu podpredseda strany Juraj \u0160eliga a hovor\u00ed, \u017ee ku kr\u00e1de\u017ei malo d\u00f4js\u0165 medzi sviatkami, ke\u010f premi\u00e9r \u00fadajne op\u00e4\u0165 nebol na \u00fazem\u00ed Slovenska. <\/p>\n\n\n\n<p><em>\u201ePremi\u00e9r by sa namiesto neust\u00e1leho rie\u0161enia celosvetov\u00e9ho mieru mal vr\u00e1ti\u0165 na Slovensko a s\u00fastredi\u0165 sa na dom\u00e1ce probl\u00e9my. Tento pr\u00edpad je, obav\u00e1m sa, v\u0161ak \u010fal\u0161\u00edm d\u00f4kazom o tom, \u017ee ob\u010dania sa musia o seba postara\u0165 sami, preto\u017ee ak sa nevie pol\u00edcia postara\u0165 o premi\u00e9ra, a to vinou ministra \u0160utaj E\u0161toka, ako k tomu pr\u00eddu be\u017en\u00ed \u013eudia?\u201d<\/em> Uzatv\u00e1ra t\u00e9mu Juraj \u0160eliga a vyz\u00fdva ob\u010danov, aby nepodce\u0148ovali aktu\u00e1lnu bezpe\u010dnostn\u00fa situ\u00e1ciu a riadne si zabezpe\u010dili svoj majetok. \u017diada tie\u017e vedenie rezortu a policajn\u00e9ho zboru, aby prist\u00fapili k prevent\u00edvnym opatreniam a ku komunika\u010dnej kampani v prospech ochrany majetku a zdravia \u013eud\u00ed.<\/p>\n\n\n<div class=\"fb-video\" data-href=\"https:\/\/fb.watch\/wTu3ZGuJ90\" data-allowfullscreen=\"true\" data-autoplay=\"false\" data-width=\"\" data-show-text=\"false\" data-show-captions=\"true\"><\/div>\n","protected":false},"excerpt":{"rendered":"<p>Medzi sviatkami mala by\u0165 z bytov\u00e9ho domu, kde b\u00fdva premi\u00e9r SR R\u00f3bert Fico odcudzen\u00e1 motorka v hodnote nieko\u013eko tis\u00edc eur. Demokrati op\u00e4tovne vyz\u00fdvaj\u00fa vl\u00e1dnu koal\u00edciu, najm\u00e4 Mat\u00fa\u0161a \u0160utaja E\u0161toka aby rie\u0161il situ\u00e1ciu v policajnom zbore, ktor\u00fd je pod jeho veden\u00edm doslova na kolen\u00e1ch. Vzh\u013eadom na st\u00fapaj\u00facu kriminalitu, strana \u017eiada prevent\u00edvne opatrenia, ako aj komunika\u010dn\u00fa kampa\u0148, [&hellip;]<\/p>\n","protected":false},"author":13,"featured_media":4662,"comment_status":"closed","ping_status":"closed","sticky":false,"template":"","format":"standard","meta":{"_acf_changed":false,"ngg_post_thumbnail":0,"footnotes":""},"categories":[4],"tags":[],"class_list":["post-6047","post","type-post","status-publish","format-standard","has-post-thumbnail","hentry","category-tlacove-spravy"],"acf":[],"yoast_head":"<!-- This site is optimized with the Yoast SEO plugin v27.2 - https:\/\/yoast.com\/product\/yoast-seo-wordpress\/ -->\n<title>Policajn\u00fd zbor na kolen\u00e1ch: kradne sa u\u017e aj u premi\u00e9ra<\/title>\n<meta name=\"robots\" content=\"index, follow, max-snippet:-1, max-image-preview:large, max-video-preview:-1\" \/>\n<link rel=\"canonical\" href=\"https:\/\/www.smedemokrati.sk\/hu\/policajny-zbor-na-kolenach-kradne-sa-uz-aj-u-premiera\/\" \/>\n<meta property=\"og:locale\" content=\"hu_HU\" \/>\n<meta property=\"og:locale:alternate\" content=\"en_US\" \/>\n<meta property=\"og:locale:alternate\" content=\"cs_CZ\" \/>\n<meta property=\"og:locale:alternate\" content=\"sk_SK\" \/>\n<meta property=\"og:locale:alternate\" content=\"sv_SE\" \/>\n<meta property=\"og:type\" content=\"article\" \/>\n<meta property=\"og:title\" content=\"Policajn\u00fd zbor na kolen\u00e1ch: kradne sa u\u017e aj u premi\u00e9ra\" \/>\n<meta property=\"og:description\" content=\"Medzi sviatkami mala by\u0165 z bytov\u00e9ho domu, kde b\u00fdva premi\u00e9r SR R\u00f3bert Fico odcudzen\u00e1 motorka v hodnote nieko\u013eko tis\u00edc eur. Demokrati op\u00e4tovne vyz\u00fdvaj\u00fa vl\u00e1dnu koal\u00edciu, najm\u00e4 Mat\u00fa\u0161a \u0160utaja E\u0161toka aby rie\u0161il situ\u00e1ciu v policajnom zbore, ktor\u00fd je pod jeho veden\u00edm doslova na kolen\u00e1ch. Vzh\u013eadom na st\u00fapaj\u00facu kriminalitu, strana \u017eiada prevent\u00edvne opatrenia, ako aj komunika\u010dn\u00fa kampa\u0148, [&hellip;]\" \/>\n<meta property=\"og:url\" content=\"https:\/\/www.smedemokrati.sk\/hu\/policajny-zbor-na-kolenach-kradne-sa-uz-aj-u-premiera\/\" \/>\n<meta property=\"og:site_name\" content=\"Smedemokrati.sk\" \/>\n<meta property=\"article:publisher\" content=\"https:\/\/www.facebook.com\/smedemokrati2023\" \/>\n<meta property=\"article:published_time\" content=\"2025-01-03T14:29:50+00:00\" \/>\n<meta property=\"article:modified_time\" content=\"2025-01-08T12:20:45+00:00\" \/>\n<meta property=\"og:image\" content=\"https:\/\/www.smedemokrati.sk\/wp-content\/uploads\/2024\/07\/robert-fico-vlada.jpg\" \/>\n\t<meta property=\"og:image:width\" content=\"1280\" \/>\n\t<meta property=\"og:image:height\" content=\"720\" \/>\n\t<meta property=\"og:image:type\" content=\"image\/jpeg\" \/>\n<meta name=\"author\" content=\"miro.sopko\" \/>\n<meta name=\"twitter:card\" content=\"summary_large_image\" \/>\n<meta name=\"twitter:label1\" content=\"Szerz\u0151:\" \/>\n\t<meta name=\"twitter:data1\" content=\"miro.sopko\" \/>\n\t<meta name=\"twitter:label2\" content=\"Becs\u00fclt olvas\u00e1si id\u0151\" \/>\n\t<meta name=\"twitter:data2\" content=\"2 perc\" \/>\n<script type=\"application\/ld+json\" class=\"yoast-schema-graph\">{\"@context\":\"https:\/\/schema.org\",\"@graph\":[{\"@type\":\"Article\",\"@id\":\"https:\/\/www.smedemokrati.sk\/policajny-zbor-na-kolenach-kradne-sa-uz-aj-u-premiera\/#article\",\"isPartOf\":{\"@id\":\"https:\/\/www.smedemokrati.sk\/policajny-zbor-na-kolenach-kradne-sa-uz-aj-u-premiera\/\"},\"author\":{\"name\":\"miro.sopko\",\"@id\":\"https:\/\/www.smedemokrati.sk\/#\/schema\/person\/21f147c88d605aa7ded900e1e7c344ba\"},\"headline\":\"Policajn\u00fd zbor na kolen\u00e1ch: kradne sa u\u017e aj u premi\u00e9ra\",\"datePublished\":\"2025-01-03T14:29:50+00:00\",\"dateModified\":\"2025-01-08T12:20:45+00:00\",\"mainEntityOfPage\":{\"@id\":\"https:\/\/www.smedemokrati.sk\/policajny-zbor-na-kolenach-kradne-sa-uz-aj-u-premiera\/\"},\"wordCount\":383,\"publisher\":{\"@id\":\"https:\/\/www.smedemokrati.sk\/#organization\"},\"image\":{\"@id\":\"https:\/\/www.smedemokrati.sk\/policajny-zbor-na-kolenach-kradne-sa-uz-aj-u-premiera\/#primaryimage\"},\"thumbnailUrl\":\"https:\/\/www.smedemokrati.sk\/wp-content\/uploads\/2024\/07\/robert-fico-vlada.jpg\",\"articleSection\":[\"Tla\u010dov\u00e9 spr\u00e1vy\"],\"inLanguage\":\"hu-HU\"},{\"@type\":\"WebPage\",\"@id\":\"https:\/\/www.smedemokrati.sk\/policajny-zbor-na-kolenach-kradne-sa-uz-aj-u-premiera\/\",\"url\":\"https:\/\/www.smedemokrati.sk\/policajny-zbor-na-kolenach-kradne-sa-uz-aj-u-premiera\/\",\"name\":\"Policajn\u00fd zbor na kolen\u00e1ch: kradne sa u\u017e aj u premi\u00e9ra\",\"isPartOf\":{\"@id\":\"https:\/\/www.smedemokrati.sk\/#website\"},\"primaryImageOfPage\":{\"@id\":\"https:\/\/www.smedemokrati.sk\/policajny-zbor-na-kolenach-kradne-sa-uz-aj-u-premiera\/#primaryimage\"},\"image\":{\"@id\":\"https:\/\/www.smedemokrati.sk\/policajny-zbor-na-kolenach-kradne-sa-uz-aj-u-premiera\/#primaryimage\"},\"thumbnailUrl\":\"https:\/\/www.smedemokrati.sk\/wp-content\/uploads\/2024\/07\/robert-fico-vlada.jpg\",\"datePublished\":\"2025-01-03T14:29:50+00:00\",\"dateModified\":\"2025-01-08T12:20:45+00:00\",\"breadcrumb\":{\"@id\":\"https:\/\/www.smedemokrati.sk\/policajny-zbor-na-kolenach-kradne-sa-uz-aj-u-premiera\/#breadcrumb\"},\"inLanguage\":\"hu-HU\",\"potentialAction\":[{\"@type\":\"ReadAction\",\"target\":[\"https:\/\/www.smedemokrati.sk\/policajny-zbor-na-kolenach-kradne-sa-uz-aj-u-premiera\/\"]}]},{\"@type\":\"ImageObject\",\"inLanguage\":\"hu-HU\",\"@id\":\"https:\/\/www.smedemokrati.sk\/policajny-zbor-na-kolenach-kradne-sa-uz-aj-u-premiera\/#primaryimage\",\"url\":\"https:\/\/www.smedemokrati.sk\/wp-content\/uploads\/2024\/07\/robert-fico-vlada.jpg\",\"contentUrl\":\"https:\/\/www.smedemokrati.sk\/wp-content\/uploads\/2024\/07\/robert-fico-vlada.jpg\",\"width\":1280,\"height\":720},{\"@type\":\"BreadcrumbList\",\"@id\":\"https:\/\/www.smedemokrati.sk\/policajny-zbor-na-kolenach-kradne-sa-uz-aj-u-premiera\/#breadcrumb\",\"itemListElement\":[{\"@type\":\"ListItem\",\"position\":1,\"name\":\"Domovsk\u00e1 str\u00e1nka\",\"item\":\"https:\/\/www.smedemokrati.sk\/\"},{\"@type\":\"ListItem\",\"position\":2,\"name\":\"Policajn\u00fd zbor na kolen\u00e1ch: kradne sa u\u017e aj u premi\u00e9ra\"}]},{\"@type\":\"WebSite\",\"@id\":\"https:\/\/www.smedemokrati.sk\/#website\",\"url\":\"https:\/\/www.smedemokrati.sk\/\",\"name\":\"Smedemokrati.sk\",\"description\":\"Demokracia a slu\u0161nos\u0165 zv\u00ed\u0165az\u00ed\",\"publisher\":{\"@id\":\"https:\/\/www.smedemokrati.sk\/#organization\"},\"potentialAction\":[{\"@type\":\"SearchAction\",\"target\":{\"@type\":\"EntryPoint\",\"urlTemplate\":\"https:\/\/www.smedemokrati.sk\/?s={search_term_string}\"},\"query-input\":{\"@type\":\"PropertyValueSpecification\",\"valueRequired\":true,\"valueName\":\"search_term_string\"}}],\"inLanguage\":\"hu-HU\"},{\"@type\":\"Organization\",\"@id\":\"https:\/\/www.smedemokrati.sk\/#organization\",\"name\":\"Smedemokrati.sk\",\"url\":\"https:\/\/www.smedemokrati.sk\/\",\"logo\":{\"@type\":\"ImageObject\",\"inLanguage\":\"hu-HU\",\"@id\":\"https:\/\/www.smedemokrati.sk\/#\/schema\/logo\/image\/\",\"url\":\"https:\/\/www.smedemokrati.sk\/wp-content\/uploads\/2023\/04\/ff.002.jpeg\",\"contentUrl\":\"https:\/\/www.smedemokrati.sk\/wp-content\/uploads\/2023\/04\/ff.002.jpeg\",\"width\":640,\"height\":480,\"caption\":\"Smedemokrati.sk\"},\"image\":{\"@id\":\"https:\/\/www.smedemokrati.sk\/#\/schema\/logo\/image\/\"},\"sameAs\":[\"https:\/\/www.facebook.com\/smedemokrati2023\"]},{\"@type\":\"Person\",\"@id\":\"https:\/\/www.smedemokrati.sk\/#\/schema\/person\/21f147c88d605aa7ded900e1e7c344ba\",\"name\":\"miro.sopko\",\"image\":{\"@type\":\"ImageObject\",\"inLanguage\":\"hu-HU\",\"@id\":\"https:\/\/secure.gravatar.com\/avatar\/267e4a36f704376c109afe3a78740c1f5dd8675a2180a908699e7863c9247606?s=96&d=mm&r=g\",\"url\":\"https:\/\/secure.gravatar.com\/avatar\/267e4a36f704376c109afe3a78740c1f5dd8675a2180a908699e7863c9247606?s=96&d=mm&r=g\",\"contentUrl\":\"https:\/\/secure.gravatar.com\/avatar\/267e4a36f704376c109afe3a78740c1f5dd8675a2180a908699e7863c9247606?s=96&d=mm&r=g\",\"caption\":\"miro.sopko\"},\"url\":\"https:\/\/www.smedemokrati.sk\/hu\/author\/miro-sopko\/\"}]}<\/script>\n<!-- \/ Yoast SEO plugin. -->","yoast_head_json":{"title":"Policajn\u00fd zbor na kolen\u00e1ch: kradne sa u\u017e aj u premi\u00e9ra","robots":{"index":"index","follow":"follow","max-snippet":"max-snippet:-1","max-image-preview":"max-image-preview:large","max-video-preview":"max-video-preview:-1"},"canonical":"https:\/\/www.smedemokrati.sk\/hu\/policajny-zbor-na-kolenach-kradne-sa-uz-aj-u-premiera\/","og_locale":"hu_HU","og_type":"article","og_title":"[:sk]Policajn\u00fd zbor na kolen\u00e1ch: kradne sa u\u017e aj u premi\u00e9ra[:] - Smedemokrati.sk","og_description":"Medzi sviatkami mala by\u0165 z bytov\u00e9ho domu, kde b\u00fdva premi\u00e9r SR R\u00f3bert Fico odcudzen\u00e1 motorka v hodnote nieko\u013eko tis\u00edc eur. Demokrati op\u00e4tovne vyz\u00fdvaj\u00fa vl\u00e1dnu koal\u00edciu, najm\u00e4 Mat\u00fa\u0161a \u0160utaja E\u0161toka aby rie\u0161il situ\u00e1ciu v policajnom zbore, ktor\u00fd je pod jeho veden\u00edm doslova na kolen\u00e1ch. Vzh\u013eadom na st\u00fapaj\u00facu kriminalitu, strana \u017eiada prevent\u00edvne opatrenia, ako aj komunika\u010dn\u00fa kampa\u0148, [&hellip;]","og_url":"https:\/\/www.smedemokrati.sk\/hu\/policajny-zbor-na-kolenach-kradne-sa-uz-aj-u-premiera\/","og_site_name":"Smedemokrati.sk","article_publisher":"https:\/\/www.facebook.com\/smedemokrati2023","article_published_time":"2025-01-03T14:29:50+00:00","article_modified_time":"2025-01-08T12:20:45+00:00","og_image":[{"width":1280,"height":720,"url":"https:\/\/www.smedemokrati.sk\/wp-content\/uploads\/2024\/07\/robert-fico-vlada.jpg","type":"image\/jpeg"}],"author":"miro.sopko","twitter_card":"summary_large_image","twitter_misc":{"Szerz\u0151:":"miro.sopko","Becs\u00fclt olvas\u00e1si id\u0151":"2 perc"},"schema":{"@context":"https:\/\/schema.org","@graph":[{"@type":"Article","@id":"https:\/\/www.smedemokrati.sk\/policajny-zbor-na-kolenach-kradne-sa-uz-aj-u-premiera\/#article","isPartOf":{"@id":"https:\/\/www.smedemokrati.sk\/policajny-zbor-na-kolenach-kradne-sa-uz-aj-u-premiera\/"},"author":{"name":"miro.sopko","@id":"https:\/\/www.smedemokrati.sk\/#\/schema\/person\/21f147c88d605aa7ded900e1e7c344ba"},"headline":"Policajn\u00fd zbor na kolen\u00e1ch: kradne sa u\u017e aj u premi\u00e9ra","datePublished":"2025-01-03T14:29:50+00:00","dateModified":"2025-01-08T12:20:45+00:00","mainEntityOfPage":{"@id":"https:\/\/www.smedemokrati.sk\/policajny-zbor-na-kolenach-kradne-sa-uz-aj-u-premiera\/"},"wordCount":383,"publisher":{"@id":"https:\/\/www.smedemokrati.sk\/#organization"},"image":{"@id":"https:\/\/www.smedemokrati.sk\/policajny-zbor-na-kolenach-kradne-sa-uz-aj-u-premiera\/#primaryimage"},"thumbnailUrl":"https:\/\/www.smedemokrati.sk\/wp-content\/uploads\/2024\/07\/robert-fico-vlada.jpg","articleSection":["Tla\u010dov\u00e9 spr\u00e1vy"],"inLanguage":"hu-HU"},{"@type":"WebPage","@id":"https:\/\/www.smedemokrati.sk\/policajny-zbor-na-kolenach-kradne-sa-uz-aj-u-premiera\/","url":"https:\/\/www.smedemokrati.sk\/policajny-zbor-na-kolenach-kradne-sa-uz-aj-u-premiera\/","name":"Policajn\u00fd zbor na kolen\u00e1ch: kradne sa u\u017e aj u premi\u00e9ra","isPartOf":{"@id":"https:\/\/www.smedemokrati.sk\/#website"},"primaryImageOfPage":{"@id":"https:\/\/www.smedemokrati.sk\/policajny-zbor-na-kolenach-kradne-sa-uz-aj-u-premiera\/#primaryimage"},"image":{"@id":"https:\/\/www.smedemokrati.sk\/policajny-zbor-na-kolenach-kradne-sa-uz-aj-u-premiera\/#primaryimage"},"thumbnailUrl":"https:\/\/www.smedemokrati.sk\/wp-content\/uploads\/2024\/07\/robert-fico-vlada.jpg","datePublished":"2025-01-03T14:29:50+00:00","dateModified":"2025-01-08T12:20:45+00:00","breadcrumb":{"@id":"https:\/\/www.smedemokrati.sk\/policajny-zbor-na-kolenach-kradne-sa-uz-aj-u-premiera\/#breadcrumb"},"inLanguage":"hu-HU","potentialAction":[{"@type":"ReadAction","target":["https:\/\/www.smedemokrati.sk\/policajny-zbor-na-kolenach-kradne-sa-uz-aj-u-premiera\/"]}]},{"@type":"ImageObject","inLanguage":"hu-HU","@id":"https:\/\/www.smedemokrati.sk\/policajny-zbor-na-kolenach-kradne-sa-uz-aj-u-premiera\/#primaryimage","url":"https:\/\/www.smedemokrati.sk\/wp-content\/uploads\/2024\/07\/robert-fico-vlada.jpg","contentUrl":"https:\/\/www.smedemokrati.sk\/wp-content\/uploads\/2024\/07\/robert-fico-vlada.jpg","width":1280,"height":720},{"@type":"BreadcrumbList","@id":"https:\/\/www.smedemokrati.sk\/policajny-zbor-na-kolenach-kradne-sa-uz-aj-u-premiera\/#breadcrumb","itemListElement":[{"@type":"ListItem","position":1,"name":"Domovsk\u00e1 str\u00e1nka","item":"https:\/\/www.smedemokrati.sk\/"},{"@type":"ListItem","position":2,"name":"Policajn\u00fd zbor na kolen\u00e1ch: kradne sa u\u017e aj u premi\u00e9ra"}]},{"@type":"WebSite","@id":"https:\/\/www.smedemokrati.sk\/#website","url":"https:\/\/www.smedemokrati.sk\/","name":"Smedemokrati.sk","description":"Demokracia a slu\u0161nos\u0165 zv\u00ed\u0165az\u00ed","publisher":{"@id":"https:\/\/www.smedemokrati.sk\/#organization"},"potentialAction":[{"@type":"SearchAction","target":{"@type":"EntryPoint","urlTemplate":"https:\/\/www.smedemokrati.sk\/?s={search_term_string}"},"query-input":{"@type":"PropertyValueSpecification","valueRequired":true,"valueName":"search_term_string"}}],"inLanguage":"hu-HU"},{"@type":"Organization","@id":"https:\/\/www.smedemokrati.sk\/#organization","name":"Smedemokrati.sk","url":"https:\/\/www.smedemokrati.sk\/","logo":{"@type":"ImageObject","inLanguage":"hu-HU","@id":"https:\/\/www.smedemokrati.sk\/#\/schema\/logo\/image\/","url":"https:\/\/www.smedemokrati.sk\/wp-content\/uploads\/2023\/04\/ff.002.jpeg","contentUrl":"https:\/\/www.smedemokrati.sk\/wp-content\/uploads\/2023\/04\/ff.002.jpeg","width":640,"height":480,"caption":"Smedemokrati.sk"},"image":{"@id":"https:\/\/www.smedemokrati.sk\/#\/schema\/logo\/image\/"},"sameAs":["https:\/\/www.facebook.com\/smedemokrati2023"]},{"@type":"Person","@id":"https:\/\/www.smedemokrati.sk\/#\/schema\/person\/21f147c88d605aa7ded900e1e7c344ba","name":"miro.sopko","image":{"@type":"ImageObject","inLanguage":"hu-HU","@id":"https:\/\/secure.gravatar.com\/avatar\/267e4a36f704376c109afe3a78740c1f5dd8675a2180a908699e7863c9247606?s=96&d=mm&r=g","url":"https:\/\/secure.gravatar.com\/avatar\/267e4a36f704376c109afe3a78740c1f5dd8675a2180a908699e7863c9247606?s=96&d=mm&r=g","contentUrl":"https:\/\/secure.gravatar.com\/avatar\/267e4a36f704376c109afe3a78740c1f5dd8675a2180a908699e7863c9247606?s=96&d=mm&r=g","caption":"miro.sopko"},"url":"https:\/\/www.smedemokrati.sk\/hu\/author\/miro-sopko\/"}]}},"_links":{"self":[{"href":"https:\/\/www.smedemokrati.sk\/hu\/wp-json\/wp\/v2\/posts\/6047","targetHints":{"allow":["GET"]}}],"collection":[{"href":"https:\/\/www.smedemokrati.sk\/hu\/wp-json\/wp\/v2\/posts"}],"about":[{"href":"https:\/\/www.smedemokrati.sk\/hu\/wp-json\/wp\/v2\/types\/post"}],"author":[{"embeddable":true,"href":"https:\/\/www.smedemokrati.sk\/hu\/wp-json\/wp\/v2\/users\/13"}],"replies":[{"embeddable":true,"href":"https:\/\/www.smedemokrati.sk\/hu\/wp-json\/wp\/v2\/comments?post=6047"}],"version-history":[{"count":2,"href":"https:\/\/www.smedemokrati.sk\/hu\/wp-json\/wp\/v2\/posts\/6047\/revisions"}],"predecessor-version":[{"id":6049,"href":"https:\/\/www.smedemokrati.sk\/hu\/wp-json\/wp\/v2\/posts\/6047\/revisions\/6049"}],"wp:featuredmedia":[{"embeddable":true,"href":"https:\/\/www.smedemokrati.sk\/hu\/wp-json\/wp\/v2\/media\/4662"}],"wp:attachment":[{"href":"https:\/\/www.smedemokrati.sk\/hu\/wp-json\/wp\/v2\/media?parent=6047"}],"wp:term":[{"taxonomy":"category","embeddable":true,"href":"https:\/\/www.smedemokrati.sk\/hu\/wp-json\/wp\/v2\/categories?post=6047"},{"taxonomy":"post_tag","embeddable":true,"href":"https:\/\/www.smedemokrati.sk\/hu\/wp-json\/wp\/v2\/tags?post=6047"}],"curies":[{"name":"wp","href":"https:\/\/api.w.org\/{rel}","templated":true}]}}