{"id":6023,"date":"2024-12-20T16:14:21","date_gmt":"2024-12-20T15:14:21","guid":{"rendered":"https:\/\/www.smedemokrati.sk\/?p=6023"},"modified":"2025-01-03T17:10:58","modified_gmt":"2025-01-03T16:10:58","slug":"pre-sporne-milionove-zakazky-na-tazbu-dreva-v-narodnych-parkoch-sme-podali-trestne-oznamenie","status":"publish","type":"post","link":"https:\/\/www.smedemokrati.sk\/hu\/pre-sporne-milionove-zakazky-na-tazbu-dreva-v-narodnych-parkoch-sme-podali-trestne-oznamenie\/","title":{"rendered":"Pre sporn\u00e9 mili\u00f3nov\u00e9 z\u00e1kazky na \u0165a\u017ebu dreva v n\u00e1rodn\u00fdch parkoch sme podali trestn\u00e9 ozn\u00e1menie"},"content":{"rendered":"<div id=\"fb-root\"><\/div>\n\n<p><strong>V sektore m\u00e1lo zn\u00e1me prepojen\u00e9 spolo\u010dnosti TER-wood a MSGW z\u00edskali v priebehu nieko\u013ek\u00fdch mesiacov z\u00e1kazky na \u0165a\u017ebu dreva alebo priebe\u017ene uspeli vo verejn\u00fdch obstar\u00e1vaniach v troch n\u00e1rodn\u00fdch parkoch v hodnote viac ako 5,5 mil. eur. V mnoh\u00fdch pr\u00edpadoch sa tak udialo iba v\u010faka vyl\u00fa\u010deniu lacnej\u0161\u00edch pon\u00fak. \u00darad pre verejn\u00e9 obstar\u00e1vanie v\u0161ak medzi\u010dasom tak\u00e9to rozhodnutie spr\u00e1vy n\u00e1rodn\u00e9ho parku ozna\u010dil za nez\u00e1konn\u00e9. \u0160t\u00e1tny tajomn\u00edk Filip Kuffa ani po verejnej v\u00fdzve neobjasnil svoj vz\u0165ah s konate\u013eom jednej z t\u00fdchto spolo\u010dnost\u00ed. Pre mnoh\u00e9 pochybnosti a ml\u010danie rezortu sme preto dnes podali trestn\u00e9 ozn\u00e1menie Gener\u00e1lnej prokurat\u00fare SR. Z\u00e1rove\u0148 sme sa obr\u00e1tili aj na \u00darad pre verejn\u00e9 obstar\u00e1vanie, a to pre podobne \u0161kandal\u00f3znu z\u00e1kazku za skoro 100 mil. eur na \u0165a\u017ebu dreva v Lesoch SR.&nbsp;<\/strong><\/p>\n\n\n\n<p>Spolo\u010dnosti TER-wood a MSGW, ktor\u00e9 s\u00fa prepojen\u00e9 prostredn\u00edctvom \u010fal\u0161ej firmy, s\u00fa mimoriadne \u00faspe\u0161n\u00e9 vo verejn\u00fdch obstar\u00e1vaniach na \u0165a\u017ebu dreva v n\u00e1rodn\u00fdch parkoch. Deje sa tak v\u0161ak za podozriv\u00fdch okolnost\u00ed spochyb\u0148uj\u00facich z\u00e1konnos\u0165 v\u00fdberov\u00fdch konan\u00ed.&nbsp;<\/p>\n\n\n\n<p>V pr\u00edpade N\u00e1rodn\u00e9ho parku Mur\u00e1nska planina z\u00edskal v novembri TER-wood dve z\u00e1kazky spolu za viac ako 1,4 mil. eur. \u201e<em>Uspel napriek tomu, \u017ee samotn\u00e1 \u010dlenka v\u00fdberovej komisie vzniesla v\u00fdhradu, \u017ee cena za najfrekventovanej\u0161ie typy \u0165a\u017eby, ktor\u00fa m\u00e1 vykon\u00e1va\u0165, je vy\u0161\u0161ia ako priemer pri celej z\u00e1kazke. Inak povedan\u00e9, uch\u00e1dza\u010d s\u00edce pon\u00fakol najni\u017e\u0161iu priemern\u00fa cenu za v\u0161etky typy \u0165a\u017eieb spolu, ale pri tej, ktor\u00e1 je nosn\u00e1 a bude najfrekventovanej\u0161ia, je jeho cena vy\u0161\u0161ia. Uveden\u00e9 mohlo ma\u0165 vplyv na v\u00fdsledky verejn\u00e9ho obstar\u00e1vania,\u201d\u00a0<\/em>vysvet\u013euje Michal Ki\u010da, enviroexpert strany Demokrati.\u00a0<\/p>\n\n\n\n<p>V Tatranskom n\u00e1rodnom parku sa TER-Wood zapojil do verejn\u00e9ho obstar\u00e1vania na \u0165a\u017ebu dreva za 1,2 mil. eur rozdelen\u00fa na viacero lesn\u00fdch celkov. TER-wood pon\u00fakol najlacnej\u0161iu ponuku iba v jedinom pr\u00edpade, v \u010fal\u0161\u00edch 5 celkoch v\u0161ak mala spr\u00e1va n\u00e1rodn\u00e9ho parku vyl\u00fa\u010di\u0165 lacnej\u0161ie ponuky ako neprimerane n\u00edzke, v\u010faka \u010domu sa na prv\u00e9 miesto mal dosta\u0165 pr\u00e1ve TER-wood. Viacer\u00ed vyl\u00fa\u010den\u00ed uch\u00e1dza\u010di s lacnej\u0161\u00edmi ponukami sa obr\u00e1tili na \u00darad pre verejn\u00e9 obstar\u00e1vanie, ktor\u00fd u\u017e v troch pr\u00edpadoch ozna\u010dil tento postup za nez\u00e1konn\u00fd a spr\u00e1ve n\u00e1rodn\u00e9ho parku ulo\u017eil s\u00fa\u0165a\u017e nanovo vyhodnoti\u0165. Naviac kritizoval aj postupn\u00e9 zvy\u0161ovanie hodnoty z\u00e1kazky.&nbsp;<\/p>\n\n\n\n<p><em>\u201eN\u00e1rodn\u00fd park Ve\u013ek\u00e1 Fatra zvolil rovnak\u00fd postup, z ktor\u00e9ho benefitovala tentok\u00e1t druh\u00e1 prepojen\u00e1 spolo\u010dnos\u0165 MSGW. Vo verejnom obstar\u00e1van\u00ed na \u0165a\u017ebu v lesn\u00fdch celkoch \u010cier\u0148avy, Hubov\u00e1 a \u013duboch\u0148a vyl\u00fa\u010dil dokonca dve lacnej\u0161ie ponuky in\u00fdch uch\u00e1dza\u010dov. V\u00fdsledn\u00e1 zmluva m\u00e1 hodnotu viac ako 2,8 mil. eur, \u010do je skoro o 400 tis\u00edc eur viac ako najlacnej\u0161ia ponuka,\u201d\u00a0<\/em>vysvet\u013euje Ki\u010da.<\/p>\n\n\n\n<p>Jedn\u00e1 sa o extr\u00e9mne ve\u013ea \u201en\u00e1hod\u201d a nezrovnalost\u00ed. Obe spolo\u010dnosti a\u017e doteraz \u0165a\u017ebu pre \u0161t\u00e1t nevykon\u00e1vali. V sektore nie s\u00fa zn\u00e1me, nie s\u00fa ani z regi\u00f3nov dotknut\u00fdch n\u00e1rodn\u00fdch parkov. Ministerstvo \u017eivotn\u00e9ho prostredia najsk\u00f4r verejn\u00e9 obstar\u00e1vania na Mur\u00e1nskej planine brzdilo. A ke\u010f ich spust\u00ed, nielen tam, ale hne\u010f v troch n\u00e1rodn\u00fdch parkoch uspej\u00fa dovtedy nezn\u00e1me spolo\u010dnosti. A to preva\u017ene v\u010faka tomu, \u017ee viacer\u00e9 ponuky lacnej\u0161\u00edch uch\u00e1dza\u010dov boli vyl\u00fa\u010den\u00e9 v rozpore so z\u00e1konom, \u010do u\u017e kon\u0161tatoval aj \u00darad pre verejn\u00e9 obstar\u00e1vanie.\u00a0<\/p>\n\n\n\n<p><em>\u201eVysvet\u013eova\u0165 m\u00e1 \u010do aj Filip Kuffa. Okrem toho, \u017ee v\u0161etky verejn\u00e9 obstar\u00e1vania kontroluje, mal by objasni\u0165 aj svoj vz\u0165ah ku konate\u013eovi firmy MSGW Martinovi S\u00fanokovi. Osobu s rovnak\u00fdm menom a d\u00e1tumom narodenia m\u00e1 toti\u017e medzi priate\u013emi na soci\u00e1lnej sieti\u201d,\u00a0<\/em>uv\u00e1dza Ki\u010da. Kuffa zatia\u013e nijako nereagoval, hoci m\u00e1 n\u00e1rodn\u00e9 parky v gescii.\u00a0<\/p>\n\n\n\n<p>Demokrati dnes podali aj podnet na \u00darad pre verejn\u00e9 obstar\u00e1vanie v inej kauze. \u201c<em>\u0160t\u00e1tny podnik Lesy Slovenskej republiky v gescii ministra p\u00f4dohospod\u00e1rstva Tak\u00e1\u010da vyp\u00edsal kr\u00e1tko pred Vianocami megatender za skoro 100 mil. eur op\u00e4\u0165 na \u0165a\u017ebu dreva. Jedn\u00e1 sa o 3,2 mil. m3 kalamity. Z\u00fa\u010dastni\u0165 sa v\u0161ak m\u00f4\u017eu iba spolo\u010dnosti, ktor\u00e9 v predch\u00e1dzaj\u00facich troch rokoch vy\u0165a\u017eili aspo\u0148 1,6 mil. m3 dreva. To je pre drviv\u00fa v\u00e4\u010d\u0161inu subjektov na trhu ale nesplnite\u013en\u00e9. Pova\u017eujeme to za diskrimina\u010dn\u00fa podmienku, ktor\u00e1 m\u00f4\u017ee cel\u00fa z\u00e1kazku predra\u017ei\u0165. Miestne firmy, ktor\u00e9 by vedeli spravi\u0165 rovnak\u00fa slu\u017ebu mo\u017eno lacnej\u0161ie, sa do tendra skr\u00e1tka nedostan\u00fa,\u201d&nbsp;<\/em>vysvet\u013euje Michal Ki\u010da.&nbsp;<\/p>\n\n\n\n<p><em>\u201eUkazuje sa prav\u00e1 tv\u00e1r predstavite\u013eov SNS a SMER-u. Za slovami o rozvoji vidieka a boji proti lyko\u017er\u00fatovi a mimovl\u00e1dkam s\u00fa skutky. Sporn\u00e9 mili\u00f3nov\u00e9 z\u00e1kazky na \u0165a\u017ebu dreva pre nezn\u00e1me firmy alebo st\u00e1mili\u00f3nov\u00e9 tendre u\u0161it\u00e9 na mieru konkr\u00e9tnym v\u00ed\u0165azom,\u201d\u00a0<\/em>uzavrel Michal Ki\u010da.\u00a0<\/p>\n\n\n<div class=\"fb-video\" data-href=\"https:\/\/fb.watch\/wB5LObrVji\" data-allowfullscreen=\"true\" data-autoplay=\"false\" data-width=\"\" data-show-text=\"false\" data-show-captions=\"true\"><\/div>\n","protected":false},"excerpt":{"rendered":"<p>V sektore m\u00e1lo zn\u00e1me prepojen\u00e9 spolo\u010dnosti TER-wood a MSGW z\u00edskali v priebehu nieko\u013ek\u00fdch mesiacov z\u00e1kazky na \u0165a\u017ebu dreva alebo priebe\u017ene uspeli vo verejn\u00fdch obstar\u00e1vaniach v troch n\u00e1rodn\u00fdch parkoch v hodnote viac ako 5,5 mil. eur. V mnoh\u00fdch pr\u00edpadoch sa tak udialo iba v\u010faka vyl\u00fa\u010deniu lacnej\u0161\u00edch pon\u00fak. \u00darad pre verejn\u00e9 obstar\u00e1vanie v\u0161ak medzi\u010dasom tak\u00e9to rozhodnutie spr\u00e1vy [&hellip;]<\/p>\n","protected":false},"author":13,"featured_media":3995,"comment_status":"closed","ping_status":"closed","sticky":false,"template":"","format":"standard","meta":{"_acf_changed":false,"ngg_post_thumbnail":0,"footnotes":""},"categories":[4],"tags":[],"class_list":["post-6023","post","type-post","status-publish","format-standard","has-post-thumbnail","hentry","category-tlacove-spravy"],"acf":[],"yoast_head":"<!-- This site is optimized with the Yoast SEO plugin v27.2 - https:\/\/yoast.com\/product\/yoast-seo-wordpress\/ -->\n<title>Pre sporn\u00e9 mili\u00f3nov\u00e9 z\u00e1kazky na \u0165a\u017ebu dreva v n\u00e1rodn\u00fdch parkoch sme podali trestn\u00e9 ozn\u00e1menie<\/title>\n<meta name=\"robots\" content=\"index, follow, max-snippet:-1, max-image-preview:large, max-video-preview:-1\" \/>\n<link rel=\"canonical\" href=\"https:\/\/www.smedemokrati.sk\/hu\/pre-sporne-milionove-zakazky-na-tazbu-dreva-v-narodnych-parkoch-sme-podali-trestne-oznamenie\/\" \/>\n<meta property=\"og:locale\" content=\"hu_HU\" \/>\n<meta property=\"og:locale:alternate\" content=\"en_US\" \/>\n<meta property=\"og:locale:alternate\" content=\"cs_CZ\" \/>\n<meta property=\"og:locale:alternate\" content=\"sk_SK\" \/>\n<meta property=\"og:locale:alternate\" content=\"sv_SE\" \/>\n<meta property=\"og:type\" content=\"article\" \/>\n<meta property=\"og:title\" content=\"Pre sporn\u00e9 mili\u00f3nov\u00e9 z\u00e1kazky na \u0165a\u017ebu dreva v n\u00e1rodn\u00fdch parkoch sme podali trestn\u00e9 ozn\u00e1menie\" \/>\n<meta property=\"og:description\" content=\"V sektore m\u00e1lo zn\u00e1me prepojen\u00e9 spolo\u010dnosti TER-wood a MSGW z\u00edskali v priebehu nieko\u013ek\u00fdch mesiacov z\u00e1kazky na \u0165a\u017ebu dreva alebo priebe\u017ene uspeli vo verejn\u00fdch obstar\u00e1vaniach v troch n\u00e1rodn\u00fdch parkoch v hodnote viac ako 5,5 mil. eur. V mnoh\u00fdch pr\u00edpadoch sa tak udialo iba v\u010faka vyl\u00fa\u010deniu lacnej\u0161\u00edch pon\u00fak. \u00darad pre verejn\u00e9 obstar\u00e1vanie v\u0161ak medzi\u010dasom tak\u00e9to rozhodnutie spr\u00e1vy [&hellip;]\" \/>\n<meta property=\"og:url\" content=\"https:\/\/www.smedemokrati.sk\/hu\/pre-sporne-milionove-zakazky-na-tazbu-dreva-v-narodnych-parkoch-sme-podali-trestne-oznamenie\/\" \/>\n<meta property=\"og:site_name\" content=\"Smedemokrati.sk\" \/>\n<meta property=\"article:publisher\" content=\"https:\/\/www.facebook.com\/smedemokrati2023\" \/>\n<meta property=\"article:published_time\" content=\"2024-12-20T15:14:21+00:00\" \/>\n<meta property=\"article:modified_time\" content=\"2025-01-03T16:10:58+00:00\" \/>\n<meta property=\"og:image\" content=\"https:\/\/www.smedemokrati.sk\/wp-content\/uploads\/2024\/04\/kufovci.jpg\" \/>\n\t<meta property=\"og:image:width\" content=\"1200\" \/>\n\t<meta property=\"og:image:height\" content=\"1094\" \/>\n\t<meta property=\"og:image:type\" content=\"image\/jpeg\" \/>\n<meta name=\"author\" content=\"miro.sopko\" \/>\n<meta name=\"twitter:card\" content=\"summary_large_image\" \/>\n<meta name=\"twitter:label1\" content=\"Szerz\u0151:\" \/>\n\t<meta name=\"twitter:data1\" content=\"miro.sopko\" \/>\n\t<meta name=\"twitter:label2\" content=\"Becs\u00fclt olvas\u00e1si id\u0151\" \/>\n\t<meta name=\"twitter:data2\" content=\"4 perc\" \/>\n<script type=\"application\/ld+json\" class=\"yoast-schema-graph\">{\"@context\":\"https:\/\/schema.org\",\"@graph\":[{\"@type\":\"Article\",\"@id\":\"https:\/\/www.smedemokrati.sk\/pre-sporne-milionove-zakazky-na-tazbu-dreva-v-narodnych-parkoch-sme-podali-trestne-oznamenie\/#article\",\"isPartOf\":{\"@id\":\"https:\/\/www.smedemokrati.sk\/pre-sporne-milionove-zakazky-na-tazbu-dreva-v-narodnych-parkoch-sme-podali-trestne-oznamenie\/\"},\"author\":{\"name\":\"miro.sopko\",\"@id\":\"https:\/\/www.smedemokrati.sk\/#\/schema\/person\/21f147c88d605aa7ded900e1e7c344ba\"},\"headline\":\"Pre sporn\u00e9 mili\u00f3nov\u00e9 z\u00e1kazky na \u0165a\u017ebu dreva v n\u00e1rodn\u00fdch parkoch sme podali trestn\u00e9 ozn\u00e1menie\",\"datePublished\":\"2024-12-20T15:14:21+00:00\",\"dateModified\":\"2025-01-03T16:10:58+00:00\",\"mainEntityOfPage\":{\"@id\":\"https:\/\/www.smedemokrati.sk\/pre-sporne-milionove-zakazky-na-tazbu-dreva-v-narodnych-parkoch-sme-podali-trestne-oznamenie\/\"},\"wordCount\":909,\"publisher\":{\"@id\":\"https:\/\/www.smedemokrati.sk\/#organization\"},\"image\":{\"@id\":\"https:\/\/www.smedemokrati.sk\/pre-sporne-milionove-zakazky-na-tazbu-dreva-v-narodnych-parkoch-sme-podali-trestne-oznamenie\/#primaryimage\"},\"thumbnailUrl\":\"https:\/\/www.smedemokrati.sk\/wp-content\/uploads\/2024\/04\/kufovci.jpg\",\"articleSection\":[\"Tla\u010dov\u00e9 spr\u00e1vy\"],\"inLanguage\":\"hu-HU\"},{\"@type\":\"WebPage\",\"@id\":\"https:\/\/www.smedemokrati.sk\/pre-sporne-milionove-zakazky-na-tazbu-dreva-v-narodnych-parkoch-sme-podali-trestne-oznamenie\/\",\"url\":\"https:\/\/www.smedemokrati.sk\/pre-sporne-milionove-zakazky-na-tazbu-dreva-v-narodnych-parkoch-sme-podali-trestne-oznamenie\/\",\"name\":\"Pre sporn\u00e9 mili\u00f3nov\u00e9 z\u00e1kazky na \u0165a\u017ebu dreva v n\u00e1rodn\u00fdch parkoch sme podali trestn\u00e9 ozn\u00e1menie\",\"isPartOf\":{\"@id\":\"https:\/\/www.smedemokrati.sk\/#website\"},\"primaryImageOfPage\":{\"@id\":\"https:\/\/www.smedemokrati.sk\/pre-sporne-milionove-zakazky-na-tazbu-dreva-v-narodnych-parkoch-sme-podali-trestne-oznamenie\/#primaryimage\"},\"image\":{\"@id\":\"https:\/\/www.smedemokrati.sk\/pre-sporne-milionove-zakazky-na-tazbu-dreva-v-narodnych-parkoch-sme-podali-trestne-oznamenie\/#primaryimage\"},\"thumbnailUrl\":\"https:\/\/www.smedemokrati.sk\/wp-content\/uploads\/2024\/04\/kufovci.jpg\",\"datePublished\":\"2024-12-20T15:14:21+00:00\",\"dateModified\":\"2025-01-03T16:10:58+00:00\",\"breadcrumb\":{\"@id\":\"https:\/\/www.smedemokrati.sk\/pre-sporne-milionove-zakazky-na-tazbu-dreva-v-narodnych-parkoch-sme-podali-trestne-oznamenie\/#breadcrumb\"},\"inLanguage\":\"hu-HU\",\"potentialAction\":[{\"@type\":\"ReadAction\",\"target\":[\"https:\/\/www.smedemokrati.sk\/pre-sporne-milionove-zakazky-na-tazbu-dreva-v-narodnych-parkoch-sme-podali-trestne-oznamenie\/\"]}]},{\"@type\":\"ImageObject\",\"inLanguage\":\"hu-HU\",\"@id\":\"https:\/\/www.smedemokrati.sk\/pre-sporne-milionove-zakazky-na-tazbu-dreva-v-narodnych-parkoch-sme-podali-trestne-oznamenie\/#primaryimage\",\"url\":\"https:\/\/www.smedemokrati.sk\/wp-content\/uploads\/2024\/04\/kufovci.jpg\",\"contentUrl\":\"https:\/\/www.smedemokrati.sk\/wp-content\/uploads\/2024\/04\/kufovci.jpg\",\"width\":1200,\"height\":1094},{\"@type\":\"BreadcrumbList\",\"@id\":\"https:\/\/www.smedemokrati.sk\/pre-sporne-milionove-zakazky-na-tazbu-dreva-v-narodnych-parkoch-sme-podali-trestne-oznamenie\/#breadcrumb\",\"itemListElement\":[{\"@type\":\"ListItem\",\"position\":1,\"name\":\"Domovsk\u00e1 str\u00e1nka\",\"item\":\"https:\/\/www.smedemokrati.sk\/\"},{\"@type\":\"ListItem\",\"position\":2,\"name\":\"Pre sporn\u00e9 mili\u00f3nov\u00e9 z\u00e1kazky na \u0165a\u017ebu dreva v n\u00e1rodn\u00fdch parkoch sme podali trestn\u00e9 ozn\u00e1menie\"}]},{\"@type\":\"WebSite\",\"@id\":\"https:\/\/www.smedemokrati.sk\/#website\",\"url\":\"https:\/\/www.smedemokrati.sk\/\",\"name\":\"Smedemokrati.sk\",\"description\":\"Demokracia a slu\u0161nos\u0165 zv\u00ed\u0165az\u00ed\",\"publisher\":{\"@id\":\"https:\/\/www.smedemokrati.sk\/#organization\"},\"potentialAction\":[{\"@type\":\"SearchAction\",\"target\":{\"@type\":\"EntryPoint\",\"urlTemplate\":\"https:\/\/www.smedemokrati.sk\/?s={search_term_string}\"},\"query-input\":{\"@type\":\"PropertyValueSpecification\",\"valueRequired\":true,\"valueName\":\"search_term_string\"}}],\"inLanguage\":\"hu-HU\"},{\"@type\":\"Organization\",\"@id\":\"https:\/\/www.smedemokrati.sk\/#organization\",\"name\":\"Smedemokrati.sk\",\"url\":\"https:\/\/www.smedemokrati.sk\/\",\"logo\":{\"@type\":\"ImageObject\",\"inLanguage\":\"hu-HU\",\"@id\":\"https:\/\/www.smedemokrati.sk\/#\/schema\/logo\/image\/\",\"url\":\"https:\/\/www.smedemokrati.sk\/wp-content\/uploads\/2023\/04\/ff.002.jpeg\",\"contentUrl\":\"https:\/\/www.smedemokrati.sk\/wp-content\/uploads\/2023\/04\/ff.002.jpeg\",\"width\":640,\"height\":480,\"caption\":\"Smedemokrati.sk\"},\"image\":{\"@id\":\"https:\/\/www.smedemokrati.sk\/#\/schema\/logo\/image\/\"},\"sameAs\":[\"https:\/\/www.facebook.com\/smedemokrati2023\"]},{\"@type\":\"Person\",\"@id\":\"https:\/\/www.smedemokrati.sk\/#\/schema\/person\/21f147c88d605aa7ded900e1e7c344ba\",\"name\":\"miro.sopko\",\"image\":{\"@type\":\"ImageObject\",\"inLanguage\":\"hu-HU\",\"@id\":\"https:\/\/secure.gravatar.com\/avatar\/267e4a36f704376c109afe3a78740c1f5dd8675a2180a908699e7863c9247606?s=96&d=mm&r=g\",\"url\":\"https:\/\/secure.gravatar.com\/avatar\/267e4a36f704376c109afe3a78740c1f5dd8675a2180a908699e7863c9247606?s=96&d=mm&r=g\",\"contentUrl\":\"https:\/\/secure.gravatar.com\/avatar\/267e4a36f704376c109afe3a78740c1f5dd8675a2180a908699e7863c9247606?s=96&d=mm&r=g\",\"caption\":\"miro.sopko\"},\"url\":\"https:\/\/www.smedemokrati.sk\/hu\/author\/miro-sopko\/\"}]}<\/script>\n<!-- \/ Yoast SEO plugin. -->","yoast_head_json":{"title":"Pre sporn\u00e9 mili\u00f3nov\u00e9 z\u00e1kazky na \u0165a\u017ebu dreva v n\u00e1rodn\u00fdch parkoch sme podali trestn\u00e9 ozn\u00e1menie","robots":{"index":"index","follow":"follow","max-snippet":"max-snippet:-1","max-image-preview":"max-image-preview:large","max-video-preview":"max-video-preview:-1"},"canonical":"https:\/\/www.smedemokrati.sk\/hu\/pre-sporne-milionove-zakazky-na-tazbu-dreva-v-narodnych-parkoch-sme-podali-trestne-oznamenie\/","og_locale":"hu_HU","og_type":"article","og_title":"[:sk]Pre sporn\u00e9 mili\u00f3nov\u00e9 z\u00e1kazky na \u0165a\u017ebu dreva v n\u00e1rodn\u00fdch parkoch sme podali trestn\u00e9 ozn\u00e1menie[:] - Smedemokrati.sk","og_description":"V sektore m\u00e1lo zn\u00e1me prepojen\u00e9 spolo\u010dnosti TER-wood a MSGW z\u00edskali v priebehu nieko\u013ek\u00fdch mesiacov z\u00e1kazky na \u0165a\u017ebu dreva alebo priebe\u017ene uspeli vo verejn\u00fdch obstar\u00e1vaniach v troch n\u00e1rodn\u00fdch parkoch v hodnote viac ako 5,5 mil. eur. V mnoh\u00fdch pr\u00edpadoch sa tak udialo iba v\u010faka vyl\u00fa\u010deniu lacnej\u0161\u00edch pon\u00fak. \u00darad pre verejn\u00e9 obstar\u00e1vanie v\u0161ak medzi\u010dasom tak\u00e9to rozhodnutie spr\u00e1vy [&hellip;]","og_url":"https:\/\/www.smedemokrati.sk\/hu\/pre-sporne-milionove-zakazky-na-tazbu-dreva-v-narodnych-parkoch-sme-podali-trestne-oznamenie\/","og_site_name":"Smedemokrati.sk","article_publisher":"https:\/\/www.facebook.com\/smedemokrati2023","article_published_time":"2024-12-20T15:14:21+00:00","article_modified_time":"2025-01-03T16:10:58+00:00","og_image":[{"width":1200,"height":1094,"url":"https:\/\/www.smedemokrati.sk\/wp-content\/uploads\/2024\/04\/kufovci.jpg","type":"image\/jpeg"}],"author":"miro.sopko","twitter_card":"summary_large_image","twitter_misc":{"Szerz\u0151:":"miro.sopko","Becs\u00fclt olvas\u00e1si id\u0151":"4 perc"},"schema":{"@context":"https:\/\/schema.org","@graph":[{"@type":"Article","@id":"https:\/\/www.smedemokrati.sk\/pre-sporne-milionove-zakazky-na-tazbu-dreva-v-narodnych-parkoch-sme-podali-trestne-oznamenie\/#article","isPartOf":{"@id":"https:\/\/www.smedemokrati.sk\/pre-sporne-milionove-zakazky-na-tazbu-dreva-v-narodnych-parkoch-sme-podali-trestne-oznamenie\/"},"author":{"name":"miro.sopko","@id":"https:\/\/www.smedemokrati.sk\/#\/schema\/person\/21f147c88d605aa7ded900e1e7c344ba"},"headline":"Pre sporn\u00e9 mili\u00f3nov\u00e9 z\u00e1kazky na \u0165a\u017ebu dreva v n\u00e1rodn\u00fdch parkoch sme podali trestn\u00e9 ozn\u00e1menie","datePublished":"2024-12-20T15:14:21+00:00","dateModified":"2025-01-03T16:10:58+00:00","mainEntityOfPage":{"@id":"https:\/\/www.smedemokrati.sk\/pre-sporne-milionove-zakazky-na-tazbu-dreva-v-narodnych-parkoch-sme-podali-trestne-oznamenie\/"},"wordCount":909,"publisher":{"@id":"https:\/\/www.smedemokrati.sk\/#organization"},"image":{"@id":"https:\/\/www.smedemokrati.sk\/pre-sporne-milionove-zakazky-na-tazbu-dreva-v-narodnych-parkoch-sme-podali-trestne-oznamenie\/#primaryimage"},"thumbnailUrl":"https:\/\/www.smedemokrati.sk\/wp-content\/uploads\/2024\/04\/kufovci.jpg","articleSection":["Tla\u010dov\u00e9 spr\u00e1vy"],"inLanguage":"hu-HU"},{"@type":"WebPage","@id":"https:\/\/www.smedemokrati.sk\/pre-sporne-milionove-zakazky-na-tazbu-dreva-v-narodnych-parkoch-sme-podali-trestne-oznamenie\/","url":"https:\/\/www.smedemokrati.sk\/pre-sporne-milionove-zakazky-na-tazbu-dreva-v-narodnych-parkoch-sme-podali-trestne-oznamenie\/","name":"Pre sporn\u00e9 mili\u00f3nov\u00e9 z\u00e1kazky na \u0165a\u017ebu dreva v n\u00e1rodn\u00fdch parkoch sme podali trestn\u00e9 ozn\u00e1menie","isPartOf":{"@id":"https:\/\/www.smedemokrati.sk\/#website"},"primaryImageOfPage":{"@id":"https:\/\/www.smedemokrati.sk\/pre-sporne-milionove-zakazky-na-tazbu-dreva-v-narodnych-parkoch-sme-podali-trestne-oznamenie\/#primaryimage"},"image":{"@id":"https:\/\/www.smedemokrati.sk\/pre-sporne-milionove-zakazky-na-tazbu-dreva-v-narodnych-parkoch-sme-podali-trestne-oznamenie\/#primaryimage"},"thumbnailUrl":"https:\/\/www.smedemokrati.sk\/wp-content\/uploads\/2024\/04\/kufovci.jpg","datePublished":"2024-12-20T15:14:21+00:00","dateModified":"2025-01-03T16:10:58+00:00","breadcrumb":{"@id":"https:\/\/www.smedemokrati.sk\/pre-sporne-milionove-zakazky-na-tazbu-dreva-v-narodnych-parkoch-sme-podali-trestne-oznamenie\/#breadcrumb"},"inLanguage":"hu-HU","potentialAction":[{"@type":"ReadAction","target":["https:\/\/www.smedemokrati.sk\/pre-sporne-milionove-zakazky-na-tazbu-dreva-v-narodnych-parkoch-sme-podali-trestne-oznamenie\/"]}]},{"@type":"ImageObject","inLanguage":"hu-HU","@id":"https:\/\/www.smedemokrati.sk\/pre-sporne-milionove-zakazky-na-tazbu-dreva-v-narodnych-parkoch-sme-podali-trestne-oznamenie\/#primaryimage","url":"https:\/\/www.smedemokrati.sk\/wp-content\/uploads\/2024\/04\/kufovci.jpg","contentUrl":"https:\/\/www.smedemokrati.sk\/wp-content\/uploads\/2024\/04\/kufovci.jpg","width":1200,"height":1094},{"@type":"BreadcrumbList","@id":"https:\/\/www.smedemokrati.sk\/pre-sporne-milionove-zakazky-na-tazbu-dreva-v-narodnych-parkoch-sme-podali-trestne-oznamenie\/#breadcrumb","itemListElement":[{"@type":"ListItem","position":1,"name":"Domovsk\u00e1 str\u00e1nka","item":"https:\/\/www.smedemokrati.sk\/"},{"@type":"ListItem","position":2,"name":"Pre sporn\u00e9 mili\u00f3nov\u00e9 z\u00e1kazky na \u0165a\u017ebu dreva v n\u00e1rodn\u00fdch parkoch sme podali trestn\u00e9 ozn\u00e1menie"}]},{"@type":"WebSite","@id":"https:\/\/www.smedemokrati.sk\/#website","url":"https:\/\/www.smedemokrati.sk\/","name":"Smedemokrati.sk","description":"Demokracia a slu\u0161nos\u0165 zv\u00ed\u0165az\u00ed","publisher":{"@id":"https:\/\/www.smedemokrati.sk\/#organization"},"potentialAction":[{"@type":"SearchAction","target":{"@type":"EntryPoint","urlTemplate":"https:\/\/www.smedemokrati.sk\/?s={search_term_string}"},"query-input":{"@type":"PropertyValueSpecification","valueRequired":true,"valueName":"search_term_string"}}],"inLanguage":"hu-HU"},{"@type":"Organization","@id":"https:\/\/www.smedemokrati.sk\/#organization","name":"Smedemokrati.sk","url":"https:\/\/www.smedemokrati.sk\/","logo":{"@type":"ImageObject","inLanguage":"hu-HU","@id":"https:\/\/www.smedemokrati.sk\/#\/schema\/logo\/image\/","url":"https:\/\/www.smedemokrati.sk\/wp-content\/uploads\/2023\/04\/ff.002.jpeg","contentUrl":"https:\/\/www.smedemokrati.sk\/wp-content\/uploads\/2023\/04\/ff.002.jpeg","width":640,"height":480,"caption":"Smedemokrati.sk"},"image":{"@id":"https:\/\/www.smedemokrati.sk\/#\/schema\/logo\/image\/"},"sameAs":["https:\/\/www.facebook.com\/smedemokrati2023"]},{"@type":"Person","@id":"https:\/\/www.smedemokrati.sk\/#\/schema\/person\/21f147c88d605aa7ded900e1e7c344ba","name":"miro.sopko","image":{"@type":"ImageObject","inLanguage":"hu-HU","@id":"https:\/\/secure.gravatar.com\/avatar\/267e4a36f704376c109afe3a78740c1f5dd8675a2180a908699e7863c9247606?s=96&d=mm&r=g","url":"https:\/\/secure.gravatar.com\/avatar\/267e4a36f704376c109afe3a78740c1f5dd8675a2180a908699e7863c9247606?s=96&d=mm&r=g","contentUrl":"https:\/\/secure.gravatar.com\/avatar\/267e4a36f704376c109afe3a78740c1f5dd8675a2180a908699e7863c9247606?s=96&d=mm&r=g","caption":"miro.sopko"},"url":"https:\/\/www.smedemokrati.sk\/hu\/author\/miro-sopko\/"}]}},"_links":{"self":[{"href":"https:\/\/www.smedemokrati.sk\/hu\/wp-json\/wp\/v2\/posts\/6023","targetHints":{"allow":["GET"]}}],"collection":[{"href":"https:\/\/www.smedemokrati.sk\/hu\/wp-json\/wp\/v2\/posts"}],"about":[{"href":"https:\/\/www.smedemokrati.sk\/hu\/wp-json\/wp\/v2\/types\/post"}],"author":[{"embeddable":true,"href":"https:\/\/www.smedemokrati.sk\/hu\/wp-json\/wp\/v2\/users\/13"}],"replies":[{"embeddable":true,"href":"https:\/\/www.smedemokrati.sk\/hu\/wp-json\/wp\/v2\/comments?post=6023"}],"version-history":[{"count":1,"href":"https:\/\/www.smedemokrati.sk\/hu\/wp-json\/wp\/v2\/posts\/6023\/revisions"}],"predecessor-version":[{"id":6024,"href":"https:\/\/www.smedemokrati.sk\/hu\/wp-json\/wp\/v2\/posts\/6023\/revisions\/6024"}],"wp:featuredmedia":[{"embeddable":true,"href":"https:\/\/www.smedemokrati.sk\/hu\/wp-json\/wp\/v2\/media\/3995"}],"wp:attachment":[{"href":"https:\/\/www.smedemokrati.sk\/hu\/wp-json\/wp\/v2\/media?parent=6023"}],"wp:term":[{"taxonomy":"category","embeddable":true,"href":"https:\/\/www.smedemokrati.sk\/hu\/wp-json\/wp\/v2\/categories?post=6023"},{"taxonomy":"post_tag","embeddable":true,"href":"https:\/\/www.smedemokrati.sk\/hu\/wp-json\/wp\/v2\/tags?post=6023"}],"curies":[{"name":"wp","href":"https:\/\/api.w.org\/{rel}","templated":true}]}}