{"id":6017,"date":"2024-12-18T19:25:00","date_gmt":"2024-12-18T18:25:00","guid":{"rendered":"https:\/\/www.smedemokrati.sk\/?p=6017"},"modified":"2025-01-03T17:11:04","modified_gmt":"2025-01-03T16:11:04","slug":"milionove-zakazky-na-tazbu-dreva-v-narodnych-parkoch-ziskavaju-dve-prepojene-firmy-podozrenia-postupime-policii","status":"publish","type":"post","link":"https:\/\/www.smedemokrati.sk\/hu\/milionove-zakazky-na-tazbu-dreva-v-narodnych-parkoch-ziskavaju-dve-prepojene-firmy-podozrenia-postupime-policii\/","title":{"rendered":"Mili\u00f3nov\u00e9 z\u00e1kazky na \u0165a\u017ebu dreva v n\u00e1rodn\u00fdch parkoch z\u00edskavaj\u00fa dve prepojen\u00e9 firmy. Podozrenia post\u00fapime pol\u00edcii"},"content":{"rendered":"<div id=\"fb-root\"><\/div>\n\n<p><strong>V sektore m\u00e1lo zn\u00e1me prepojen\u00e9 spolo\u010dnosti TER-wood a MSGW z\u00edskali v priebehu nieko\u013ek\u00fdch mesiacov z\u00e1kazky na \u0165a\u017ebu dreva alebo priebe\u017ene uspeli vo verejn\u00fdch obstar\u00e1vaniach v troch n\u00e1rodn\u00fdch parkoch v hodnote viac ako 5,5 mil. eur. V mnoh\u00fdch pr\u00edpadoch sa tak udialo iba v\u010faka vyl\u00fa\u010deniu lacnej\u0161\u00edch pon\u00fak. \u00darad pre verejn\u00e9 obstar\u00e1vanie v\u0161ak medzi\u010dasom tak\u00e9to rozhodnutie spr\u00e1vy n\u00e1rodn\u00e9ho parku ozna\u010dil za nez\u00e1konn\u00e9. \u0160t\u00e1tneho tajomn\u00edka Filipa Kuffu vyz\u00fdvame, aby objasnil svoj vz\u0165ah s konate\u013eom jednej z t\u00fdchto spolo\u010dnost\u00ed. Na\u0161e zistenia post\u00fapime \u00daradu pre verejn\u00e9 obstar\u00e1vanie a org\u00e1nom \u010dinn\u00fdm v trestnom konan\u00ed.&nbsp;<\/strong><\/p>\n\n\n\n<p>Spolo\u010dnosti TER-wood a MSGW, ktor\u00e9 s\u00fa prepojen\u00e9 prostredn\u00edctvom spolo\u010dnej \u00fa\u010dasti ich konate\u013eov v inej firme, s\u00fa mimoriadne \u00faspe\u0161n\u00e9 vo verejn\u00fdch obstar\u00e1vaniach na \u0165a\u017ebu dreva v n\u00e1rodn\u00fdch parkoch. Deje sa tak v\u0161ak za podozriv\u00fdch okolnost\u00ed spochyb\u0148uj\u00facich z\u00e1konnos\u0165 v\u00fdberov\u00fdch konan\u00ed.&nbsp;<\/p>\n\n\n\n<p>V pr\u00edpade N\u00e1rodn\u00e9ho parku Mur\u00e1nska planina z\u00edskal v novembri TER-wood dve z\u00e1kazky spolu za viac ako 1,4 mil. eur. \u201e<em>Uspel napriek tomu, \u017ee samotn\u00e1 \u010dlenka v\u00fdberovej komisie vzniesla v\u00fdhradu, \u017ee cena za najfrekventovanej\u0161ie typy \u0165a\u017eby, ktor\u00fa m\u00e1 vykon\u00e1va\u0165, je vy\u0161\u0161ia ako priemer pri celej z\u00e1kazke. Inak povedan\u00e9, uch\u00e1dza\u010d s\u00edce pon\u00fakol najni\u017e\u0161iu priemern\u00fa cenu za v\u0161etky typy \u0165a\u017eieb spolu, ale pri tej, ktor\u00e1 je nosn\u00e1 a bude najfrekventovanej\u0161ia, je jeho cena vy\u0161\u0161ia. Uveden\u00e9 mohlo ma\u0165 vplyv na v\u00fdsledky verejn\u00e9ho obstar\u00e1vania,\u201d\u00a0<\/em>vysvet\u013euje Michal Ki\u010da, enviroexpert strany Demokrati.\u00a0<\/p>\n\n\n\n<p>V Tatranskom n\u00e1rodnom parku sa TER-Wood zapojil do verejn\u00e9ho obstar\u00e1vania na \u0165a\u017ebu dreva za 1,2 mil. eur rozdelen\u00fa na viacero lesn\u00fdch celkov. TER-wood pon\u00fakol najlacnej\u0161iu ponuku iba v jedinom pr\u00edpade, v \u010fal\u0161\u00edch 5 celkoch v\u0161ak mala spr\u00e1va n\u00e1rodn\u00e9ho parku vyl\u00fa\u010di\u0165 lacnej\u0161ie ponuky ako neprimerane n\u00edzke, v\u010faka \u010domu sa na prv\u00e9 miesto mal dosta\u0165 pr\u00e1ve TER-wood. Pod\u013ea na\u0161ich inform\u00e1ci\u00ed sa viacer\u00ed vyl\u00fa\u010den\u00ed uch\u00e1dza\u010di s lacnej\u0161\u00edmi ponukami obr\u00e1tili na \u00darad pre verejn\u00e9 obstar\u00e1vanie, ktor\u00fd zatia\u013e v jednom pr\u00edpade ozna\u010dil tento postup za nez\u00e1konn\u00fd a spr\u00e1ve n\u00e1rodn\u00e9ho parku ulo\u017eil s\u00fa\u0165a\u017e nanovo vyhodnoti\u0165. Naviac kritizoval aj postupn\u00e9 zvy\u0161ovanie hodnoty z\u00e1kazky.&nbsp;<\/p>\n\n\n\n<p><em>\u201eN\u00e1rodn\u00fd park Ve\u013ek\u00e1 Fatra zvolil rovnak\u00fd postup, z ktor\u00e9ho benefitovala tentok\u00e1t druh\u00e1 prepojen\u00e1 spolo\u010dnos\u0165 MSGW. Vo verejnom obstar\u00e1van\u00ed na \u0165a\u017ebu v lesn\u00fdch celkoch \u010cier\u0148avy, Hubov\u00e1 a \u013duboch\u0148a vyl\u00fa\u010dil dokonca dve lacnej\u0161ie ponuky in\u00fdch uch\u00e1dza\u010dov. V\u00fdsledn\u00e1 zmluva m\u00e1 hodnotu viac ako 2,8 mil. eur, \u010do je skoro o 400 tis\u00edc eur viac ako najlacnej\u0161ia ponuka,\u201d\u00a0<\/em>vysvet\u013euje Ki\u010da.<\/p>\n\n\n\n<p>Jedn\u00e1 sa o extr\u00e9mne ve\u013ea \u201cn\u00e1hod\u201d a nezrovnalost\u00ed. Obe spolo\u010dnosti a\u017e doteraz \u0165a\u017ebu pre \u0161t\u00e1t nevykon\u00e1vali. V sektore nie s\u00fa zn\u00e1me, nie s\u00fa ani z regi\u00f3nov dotknut\u00fdch n\u00e1rodn\u00fdch parkov. Ministerstvo \u017eivotn\u00e9ho prostredia najsk\u00f4r verejn\u00e9 obstar\u00e1vania na Mur\u00e1nskej planine brzdilo. A ke\u010f ich spust\u00ed, nielen tam, ale hne\u010f v troch n\u00e1rodn\u00fdch parkoch uspej\u00fa dovtedy nezn\u00e1me spolo\u010dnosti. A to preva\u017ene v\u010faka tomu, \u017ee ponuky lacnej\u0161\u00edch uch\u00e1dza\u010dov s\u00fa vyl\u00fa\u010den\u00e9. V zati\u013e prvom pr\u00edpade aj pod\u013ea \u00daradu pre verejn\u00e9 obstar\u00e1vanie v rozpore so z\u00e1konom.<\/p>\n\n\n\n<p><em>\u201eVysvet\u013eova\u0165 m\u00e1 \u010do aj Filip Kuffa. Okrem toho, \u017ee v\u0161etky verejn\u00e9 obstar\u00e1vania kontroluje, mal by objasni\u0165 aj svoj vz\u0165ah ku konate\u013eovi firmy MSGW Martinovi S\u00fanokovi. Osobu s rovnak\u00fdm menom a d\u00e1tumom narodenia m\u00e1 toti\u017e medzi priate\u013emi na soci\u00e1lnej sieti\u201d,\u00a0<\/em>uv\u00e1dza Ki\u010da, a verejne ho vyz\u00fdva, aby sa k t\u00fdmto prepojeniam vyjadril.\u00a0<\/p>\n\n\n\n<p><em>\u201eUkazuje sa prav\u00e1 tv\u00e1r predstavite\u013eov SNS. Za slovami o rozvoji vidieka a boji proti lyko\u017er\u00fatovi a mimovl\u00e1dkam s\u00fa skutky. Sporn\u00e9 mili\u00f3nov\u00e9 z\u00e1kazky na \u0165a\u017ebu dreva pre nezn\u00e1me firmy. V\u0161etky zistenia postupujeme \u00daradu pre verejn\u00e9 obstar\u00e1vanie a s oh\u013eadom na ich z\u00e1va\u017enos\u0165 aj org\u00e1nom \u010dinn\u00fdm v trestnom konan\u00ed,\u201d\u00a0<\/em>uzavrel Michal Ki\u010da.\u00a0<\/p>\n\n\n<div class=\"fb-video\" data-href=\"https:\/\/fb.watch\/wyI8mK5Rqu\" data-allowfullscreen=\"true\" data-autoplay=\"false\" data-width=\"\" data-show-text=\"false\" data-show-captions=\"true\"><\/div>\n","protected":false},"excerpt":{"rendered":"<p>V sektore m\u00e1lo zn\u00e1me prepojen\u00e9 spolo\u010dnosti TER-wood a MSGW z\u00edskali v priebehu nieko\u013ek\u00fdch mesiacov z\u00e1kazky na \u0165a\u017ebu dreva alebo priebe\u017ene uspeli vo verejn\u00fdch obstar\u00e1vaniach v troch n\u00e1rodn\u00fdch parkoch v hodnote viac ako 5,5 mil. eur. V mnoh\u00fdch pr\u00edpadoch sa tak udialo iba v\u010faka vyl\u00fa\u010deniu lacnej\u0161\u00edch pon\u00fak. \u00darad pre verejn\u00e9 obstar\u00e1vanie v\u0161ak medzi\u010dasom tak\u00e9to rozhodnutie spr\u00e1vy [&hellip;]<\/p>\n","protected":false},"author":13,"featured_media":6018,"comment_status":"closed","ping_status":"closed","sticky":false,"template":"","format":"standard","meta":{"_acf_changed":false,"ngg_post_thumbnail":0,"footnotes":""},"categories":[4],"tags":[],"class_list":["post-6017","post","type-post","status-publish","format-standard","has-post-thumbnail","hentry","category-tlacove-spravy"],"acf":[],"yoast_head":"<!-- This site is optimized with the Yoast SEO plugin v27.2 - https:\/\/yoast.com\/product\/yoast-seo-wordpress\/ -->\n<title>Mili\u00f3nov\u00e9 z\u00e1kazky na \u0165a\u017ebu dreva v n\u00e1rodn\u00fdch parkoch z\u00edskavaj\u00fa dve prepojen\u00e9 firmy. Podozrenia post\u00fapime pol\u00edcii<\/title>\n<meta name=\"robots\" content=\"index, follow, max-snippet:-1, max-image-preview:large, max-video-preview:-1\" \/>\n<link rel=\"canonical\" href=\"https:\/\/www.smedemokrati.sk\/hu\/milionove-zakazky-na-tazbu-dreva-v-narodnych-parkoch-ziskavaju-dve-prepojene-firmy-podozrenia-postupime-policii\/\" \/>\n<meta property=\"og:locale\" content=\"hu_HU\" \/>\n<meta property=\"og:locale:alternate\" content=\"en_US\" \/>\n<meta property=\"og:locale:alternate\" content=\"cs_CZ\" \/>\n<meta property=\"og:locale:alternate\" content=\"sk_SK\" \/>\n<meta property=\"og:locale:alternate\" content=\"sv_SE\" \/>\n<meta property=\"og:type\" content=\"article\" \/>\n<meta property=\"og:title\" content=\"Mili\u00f3nov\u00e9 z\u00e1kazky na \u0165a\u017ebu dreva v n\u00e1rodn\u00fdch parkoch z\u00edskavaj\u00fa dve prepojen\u00e9 firmy. Podozrenia post\u00fapime pol\u00edcii\" \/>\n<meta property=\"og:description\" content=\"V sektore m\u00e1lo zn\u00e1me prepojen\u00e9 spolo\u010dnosti TER-wood a MSGW z\u00edskali v priebehu nieko\u013ek\u00fdch mesiacov z\u00e1kazky na \u0165a\u017ebu dreva alebo priebe\u017ene uspeli vo verejn\u00fdch obstar\u00e1vaniach v troch n\u00e1rodn\u00fdch parkoch v hodnote viac ako 5,5 mil. eur. V mnoh\u00fdch pr\u00edpadoch sa tak udialo iba v\u010faka vyl\u00fa\u010deniu lacnej\u0161\u00edch pon\u00fak. \u00darad pre verejn\u00e9 obstar\u00e1vanie v\u0161ak medzi\u010dasom tak\u00e9to rozhodnutie spr\u00e1vy [&hellip;]\" \/>\n<meta property=\"og:url\" content=\"https:\/\/www.smedemokrati.sk\/hu\/milionove-zakazky-na-tazbu-dreva-v-narodnych-parkoch-ziskavaju-dve-prepojene-firmy-podozrenia-postupime-policii\/\" \/>\n<meta property=\"og:site_name\" content=\"Smedemokrati.sk\" \/>\n<meta property=\"article:publisher\" content=\"https:\/\/www.facebook.com\/smedemokrati2023\" \/>\n<meta property=\"article:published_time\" content=\"2024-12-18T18:25:00+00:00\" \/>\n<meta property=\"article:modified_time\" content=\"2025-01-03T16:11:04+00:00\" \/>\n<meta property=\"og:image\" content=\"https:\/\/www.smedemokrati.sk\/wp-content\/uploads\/2024\/12\/nad-kica-mzp-e1734597190521.jpg\" \/>\n\t<meta property=\"og:image:width\" content=\"1185\" \/>\n\t<meta property=\"og:image:height\" content=\"660\" \/>\n\t<meta property=\"og:image:type\" content=\"image\/jpeg\" \/>\n<meta name=\"author\" content=\"miro.sopko\" \/>\n<meta name=\"twitter:card\" content=\"summary_large_image\" \/>\n<meta name=\"twitter:label1\" content=\"Szerz\u0151:\" \/>\n\t<meta name=\"twitter:data1\" content=\"miro.sopko\" \/>\n\t<meta name=\"twitter:label2\" content=\"Becs\u00fclt olvas\u00e1si id\u0151\" \/>\n\t<meta name=\"twitter:data2\" content=\"3 perc\" \/>\n<script type=\"application\/ld+json\" class=\"yoast-schema-graph\">{\"@context\":\"https:\/\/schema.org\",\"@graph\":[{\"@type\":\"Article\",\"@id\":\"https:\/\/www.smedemokrati.sk\/milionove-zakazky-na-tazbu-dreva-v-narodnych-parkoch-ziskavaju-dve-prepojene-firmy-podozrenia-postupime-policii\/#article\",\"isPartOf\":{\"@id\":\"https:\/\/www.smedemokrati.sk\/milionove-zakazky-na-tazbu-dreva-v-narodnych-parkoch-ziskavaju-dve-prepojene-firmy-podozrenia-postupime-policii\/\"},\"author\":{\"name\":\"miro.sopko\",\"@id\":\"https:\/\/www.smedemokrati.sk\/#\/schema\/person\/21f147c88d605aa7ded900e1e7c344ba\"},\"headline\":\"Mili\u00f3nov\u00e9 z\u00e1kazky na \u0165a\u017ebu dreva v n\u00e1rodn\u00fdch parkoch z\u00edskavaj\u00fa dve prepojen\u00e9 firmy. Podozrenia post\u00fapime pol\u00edcii\",\"datePublished\":\"2024-12-18T18:25:00+00:00\",\"dateModified\":\"2025-01-03T16:11:04+00:00\",\"mainEntityOfPage\":{\"@id\":\"https:\/\/www.smedemokrati.sk\/milionove-zakazky-na-tazbu-dreva-v-narodnych-parkoch-ziskavaju-dve-prepojene-firmy-podozrenia-postupime-policii\/\"},\"wordCount\":777,\"publisher\":{\"@id\":\"https:\/\/www.smedemokrati.sk\/#organization\"},\"image\":{\"@id\":\"https:\/\/www.smedemokrati.sk\/milionove-zakazky-na-tazbu-dreva-v-narodnych-parkoch-ziskavaju-dve-prepojene-firmy-podozrenia-postupime-policii\/#primaryimage\"},\"thumbnailUrl\":\"https:\/\/www.smedemokrati.sk\/wp-content\/uploads\/2024\/12\/nad-kica-mzp-e1734597190521.jpg\",\"articleSection\":[\"Tla\u010dov\u00e9 spr\u00e1vy\"],\"inLanguage\":\"hu-HU\"},{\"@type\":\"WebPage\",\"@id\":\"https:\/\/www.smedemokrati.sk\/milionove-zakazky-na-tazbu-dreva-v-narodnych-parkoch-ziskavaju-dve-prepojene-firmy-podozrenia-postupime-policii\/\",\"url\":\"https:\/\/www.smedemokrati.sk\/milionove-zakazky-na-tazbu-dreva-v-narodnych-parkoch-ziskavaju-dve-prepojene-firmy-podozrenia-postupime-policii\/\",\"name\":\"Mili\u00f3nov\u00e9 z\u00e1kazky na \u0165a\u017ebu dreva v n\u00e1rodn\u00fdch parkoch z\u00edskavaj\u00fa dve prepojen\u00e9 firmy. Podozrenia post\u00fapime pol\u00edcii\",\"isPartOf\":{\"@id\":\"https:\/\/www.smedemokrati.sk\/#website\"},\"primaryImageOfPage\":{\"@id\":\"https:\/\/www.smedemokrati.sk\/milionove-zakazky-na-tazbu-dreva-v-narodnych-parkoch-ziskavaju-dve-prepojene-firmy-podozrenia-postupime-policii\/#primaryimage\"},\"image\":{\"@id\":\"https:\/\/www.smedemokrati.sk\/milionove-zakazky-na-tazbu-dreva-v-narodnych-parkoch-ziskavaju-dve-prepojene-firmy-podozrenia-postupime-policii\/#primaryimage\"},\"thumbnailUrl\":\"https:\/\/www.smedemokrati.sk\/wp-content\/uploads\/2024\/12\/nad-kica-mzp-e1734597190521.jpg\",\"datePublished\":\"2024-12-18T18:25:00+00:00\",\"dateModified\":\"2025-01-03T16:11:04+00:00\",\"breadcrumb\":{\"@id\":\"https:\/\/www.smedemokrati.sk\/milionove-zakazky-na-tazbu-dreva-v-narodnych-parkoch-ziskavaju-dve-prepojene-firmy-podozrenia-postupime-policii\/#breadcrumb\"},\"inLanguage\":\"hu-HU\",\"potentialAction\":[{\"@type\":\"ReadAction\",\"target\":[\"https:\/\/www.smedemokrati.sk\/milionove-zakazky-na-tazbu-dreva-v-narodnych-parkoch-ziskavaju-dve-prepojene-firmy-podozrenia-postupime-policii\/\"]}]},{\"@type\":\"ImageObject\",\"inLanguage\":\"hu-HU\",\"@id\":\"https:\/\/www.smedemokrati.sk\/milionove-zakazky-na-tazbu-dreva-v-narodnych-parkoch-ziskavaju-dve-prepojene-firmy-podozrenia-postupime-policii\/#primaryimage\",\"url\":\"https:\/\/www.smedemokrati.sk\/wp-content\/uploads\/2024\/12\/nad-kica-mzp-e1734597190521.jpg\",\"contentUrl\":\"https:\/\/www.smedemokrati.sk\/wp-content\/uploads\/2024\/12\/nad-kica-mzp-e1734597190521.jpg\",\"width\":1185,\"height\":660},{\"@type\":\"BreadcrumbList\",\"@id\":\"https:\/\/www.smedemokrati.sk\/milionove-zakazky-na-tazbu-dreva-v-narodnych-parkoch-ziskavaju-dve-prepojene-firmy-podozrenia-postupime-policii\/#breadcrumb\",\"itemListElement\":[{\"@type\":\"ListItem\",\"position\":1,\"name\":\"Domovsk\u00e1 str\u00e1nka\",\"item\":\"https:\/\/www.smedemokrati.sk\/\"},{\"@type\":\"ListItem\",\"position\":2,\"name\":\"Mili\u00f3nov\u00e9 z\u00e1kazky na \u0165a\u017ebu dreva v n\u00e1rodn\u00fdch parkoch z\u00edskavaj\u00fa dve prepojen\u00e9 firmy. Podozrenia post\u00fapime pol\u00edcii\"}]},{\"@type\":\"WebSite\",\"@id\":\"https:\/\/www.smedemokrati.sk\/#website\",\"url\":\"https:\/\/www.smedemokrati.sk\/\",\"name\":\"Smedemokrati.sk\",\"description\":\"Demokracia a slu\u0161nos\u0165 zv\u00ed\u0165az\u00ed\",\"publisher\":{\"@id\":\"https:\/\/www.smedemokrati.sk\/#organization\"},\"potentialAction\":[{\"@type\":\"SearchAction\",\"target\":{\"@type\":\"EntryPoint\",\"urlTemplate\":\"https:\/\/www.smedemokrati.sk\/?s={search_term_string}\"},\"query-input\":{\"@type\":\"PropertyValueSpecification\",\"valueRequired\":true,\"valueName\":\"search_term_string\"}}],\"inLanguage\":\"hu-HU\"},{\"@type\":\"Organization\",\"@id\":\"https:\/\/www.smedemokrati.sk\/#organization\",\"name\":\"Smedemokrati.sk\",\"url\":\"https:\/\/www.smedemokrati.sk\/\",\"logo\":{\"@type\":\"ImageObject\",\"inLanguage\":\"hu-HU\",\"@id\":\"https:\/\/www.smedemokrati.sk\/#\/schema\/logo\/image\/\",\"url\":\"https:\/\/www.smedemokrati.sk\/wp-content\/uploads\/2023\/04\/ff.002.jpeg\",\"contentUrl\":\"https:\/\/www.smedemokrati.sk\/wp-content\/uploads\/2023\/04\/ff.002.jpeg\",\"width\":640,\"height\":480,\"caption\":\"Smedemokrati.sk\"},\"image\":{\"@id\":\"https:\/\/www.smedemokrati.sk\/#\/schema\/logo\/image\/\"},\"sameAs\":[\"https:\/\/www.facebook.com\/smedemokrati2023\"]},{\"@type\":\"Person\",\"@id\":\"https:\/\/www.smedemokrati.sk\/#\/schema\/person\/21f147c88d605aa7ded900e1e7c344ba\",\"name\":\"miro.sopko\",\"image\":{\"@type\":\"ImageObject\",\"inLanguage\":\"hu-HU\",\"@id\":\"https:\/\/secure.gravatar.com\/avatar\/267e4a36f704376c109afe3a78740c1f5dd8675a2180a908699e7863c9247606?s=96&d=mm&r=g\",\"url\":\"https:\/\/secure.gravatar.com\/avatar\/267e4a36f704376c109afe3a78740c1f5dd8675a2180a908699e7863c9247606?s=96&d=mm&r=g\",\"contentUrl\":\"https:\/\/secure.gravatar.com\/avatar\/267e4a36f704376c109afe3a78740c1f5dd8675a2180a908699e7863c9247606?s=96&d=mm&r=g\",\"caption\":\"miro.sopko\"},\"url\":\"https:\/\/www.smedemokrati.sk\/hu\/author\/miro-sopko\/\"}]}<\/script>\n<!-- \/ Yoast SEO plugin. -->","yoast_head_json":{"title":"Mili\u00f3nov\u00e9 z\u00e1kazky na \u0165a\u017ebu dreva v n\u00e1rodn\u00fdch parkoch z\u00edskavaj\u00fa dve prepojen\u00e9 firmy. Podozrenia post\u00fapime pol\u00edcii","robots":{"index":"index","follow":"follow","max-snippet":"max-snippet:-1","max-image-preview":"max-image-preview:large","max-video-preview":"max-video-preview:-1"},"canonical":"https:\/\/www.smedemokrati.sk\/hu\/milionove-zakazky-na-tazbu-dreva-v-narodnych-parkoch-ziskavaju-dve-prepojene-firmy-podozrenia-postupime-policii\/","og_locale":"hu_HU","og_type":"article","og_title":"[:sk]Mili\u00f3nov\u00e9 z\u00e1kazky na \u0165a\u017ebu dreva v n\u00e1rodn\u00fdch parkoch z\u00edskavaj\u00fa dve prepojen\u00e9 firmy. Podozrenia post\u00fapime pol\u00edcii[:] - Smedemokrati.sk","og_description":"V sektore m\u00e1lo zn\u00e1me prepojen\u00e9 spolo\u010dnosti TER-wood a MSGW z\u00edskali v priebehu nieko\u013ek\u00fdch mesiacov z\u00e1kazky na \u0165a\u017ebu dreva alebo priebe\u017ene uspeli vo verejn\u00fdch obstar\u00e1vaniach v troch n\u00e1rodn\u00fdch parkoch v hodnote viac ako 5,5 mil. eur. V mnoh\u00fdch pr\u00edpadoch sa tak udialo iba v\u010faka vyl\u00fa\u010deniu lacnej\u0161\u00edch pon\u00fak. \u00darad pre verejn\u00e9 obstar\u00e1vanie v\u0161ak medzi\u010dasom tak\u00e9to rozhodnutie spr\u00e1vy [&hellip;]","og_url":"https:\/\/www.smedemokrati.sk\/hu\/milionove-zakazky-na-tazbu-dreva-v-narodnych-parkoch-ziskavaju-dve-prepojene-firmy-podozrenia-postupime-policii\/","og_site_name":"Smedemokrati.sk","article_publisher":"https:\/\/www.facebook.com\/smedemokrati2023","article_published_time":"2024-12-18T18:25:00+00:00","article_modified_time":"2025-01-03T16:11:04+00:00","og_image":[{"width":1185,"height":660,"url":"https:\/\/www.smedemokrati.sk\/wp-content\/uploads\/2024\/12\/nad-kica-mzp-e1734597190521.jpg","type":"image\/jpeg"}],"author":"miro.sopko","twitter_card":"summary_large_image","twitter_misc":{"Szerz\u0151:":"miro.sopko","Becs\u00fclt olvas\u00e1si id\u0151":"3 perc"},"schema":{"@context":"https:\/\/schema.org","@graph":[{"@type":"Article","@id":"https:\/\/www.smedemokrati.sk\/milionove-zakazky-na-tazbu-dreva-v-narodnych-parkoch-ziskavaju-dve-prepojene-firmy-podozrenia-postupime-policii\/#article","isPartOf":{"@id":"https:\/\/www.smedemokrati.sk\/milionove-zakazky-na-tazbu-dreva-v-narodnych-parkoch-ziskavaju-dve-prepojene-firmy-podozrenia-postupime-policii\/"},"author":{"name":"miro.sopko","@id":"https:\/\/www.smedemokrati.sk\/#\/schema\/person\/21f147c88d605aa7ded900e1e7c344ba"},"headline":"Mili\u00f3nov\u00e9 z\u00e1kazky na \u0165a\u017ebu dreva v n\u00e1rodn\u00fdch parkoch z\u00edskavaj\u00fa dve prepojen\u00e9 firmy. Podozrenia post\u00fapime pol\u00edcii","datePublished":"2024-12-18T18:25:00+00:00","dateModified":"2025-01-03T16:11:04+00:00","mainEntityOfPage":{"@id":"https:\/\/www.smedemokrati.sk\/milionove-zakazky-na-tazbu-dreva-v-narodnych-parkoch-ziskavaju-dve-prepojene-firmy-podozrenia-postupime-policii\/"},"wordCount":777,"publisher":{"@id":"https:\/\/www.smedemokrati.sk\/#organization"},"image":{"@id":"https:\/\/www.smedemokrati.sk\/milionove-zakazky-na-tazbu-dreva-v-narodnych-parkoch-ziskavaju-dve-prepojene-firmy-podozrenia-postupime-policii\/#primaryimage"},"thumbnailUrl":"https:\/\/www.smedemokrati.sk\/wp-content\/uploads\/2024\/12\/nad-kica-mzp-e1734597190521.jpg","articleSection":["Tla\u010dov\u00e9 spr\u00e1vy"],"inLanguage":"hu-HU"},{"@type":"WebPage","@id":"https:\/\/www.smedemokrati.sk\/milionove-zakazky-na-tazbu-dreva-v-narodnych-parkoch-ziskavaju-dve-prepojene-firmy-podozrenia-postupime-policii\/","url":"https:\/\/www.smedemokrati.sk\/milionove-zakazky-na-tazbu-dreva-v-narodnych-parkoch-ziskavaju-dve-prepojene-firmy-podozrenia-postupime-policii\/","name":"Mili\u00f3nov\u00e9 z\u00e1kazky na \u0165a\u017ebu dreva v n\u00e1rodn\u00fdch parkoch z\u00edskavaj\u00fa dve prepojen\u00e9 firmy. Podozrenia post\u00fapime pol\u00edcii","isPartOf":{"@id":"https:\/\/www.smedemokrati.sk\/#website"},"primaryImageOfPage":{"@id":"https:\/\/www.smedemokrati.sk\/milionove-zakazky-na-tazbu-dreva-v-narodnych-parkoch-ziskavaju-dve-prepojene-firmy-podozrenia-postupime-policii\/#primaryimage"},"image":{"@id":"https:\/\/www.smedemokrati.sk\/milionove-zakazky-na-tazbu-dreva-v-narodnych-parkoch-ziskavaju-dve-prepojene-firmy-podozrenia-postupime-policii\/#primaryimage"},"thumbnailUrl":"https:\/\/www.smedemokrati.sk\/wp-content\/uploads\/2024\/12\/nad-kica-mzp-e1734597190521.jpg","datePublished":"2024-12-18T18:25:00+00:00","dateModified":"2025-01-03T16:11:04+00:00","breadcrumb":{"@id":"https:\/\/www.smedemokrati.sk\/milionove-zakazky-na-tazbu-dreva-v-narodnych-parkoch-ziskavaju-dve-prepojene-firmy-podozrenia-postupime-policii\/#breadcrumb"},"inLanguage":"hu-HU","potentialAction":[{"@type":"ReadAction","target":["https:\/\/www.smedemokrati.sk\/milionove-zakazky-na-tazbu-dreva-v-narodnych-parkoch-ziskavaju-dve-prepojene-firmy-podozrenia-postupime-policii\/"]}]},{"@type":"ImageObject","inLanguage":"hu-HU","@id":"https:\/\/www.smedemokrati.sk\/milionove-zakazky-na-tazbu-dreva-v-narodnych-parkoch-ziskavaju-dve-prepojene-firmy-podozrenia-postupime-policii\/#primaryimage","url":"https:\/\/www.smedemokrati.sk\/wp-content\/uploads\/2024\/12\/nad-kica-mzp-e1734597190521.jpg","contentUrl":"https:\/\/www.smedemokrati.sk\/wp-content\/uploads\/2024\/12\/nad-kica-mzp-e1734597190521.jpg","width":1185,"height":660},{"@type":"BreadcrumbList","@id":"https:\/\/www.smedemokrati.sk\/milionove-zakazky-na-tazbu-dreva-v-narodnych-parkoch-ziskavaju-dve-prepojene-firmy-podozrenia-postupime-policii\/#breadcrumb","itemListElement":[{"@type":"ListItem","position":1,"name":"Domovsk\u00e1 str\u00e1nka","item":"https:\/\/www.smedemokrati.sk\/"},{"@type":"ListItem","position":2,"name":"Mili\u00f3nov\u00e9 z\u00e1kazky na \u0165a\u017ebu dreva v n\u00e1rodn\u00fdch parkoch z\u00edskavaj\u00fa dve prepojen\u00e9 firmy. Podozrenia post\u00fapime pol\u00edcii"}]},{"@type":"WebSite","@id":"https:\/\/www.smedemokrati.sk\/#website","url":"https:\/\/www.smedemokrati.sk\/","name":"Smedemokrati.sk","description":"Demokracia a slu\u0161nos\u0165 zv\u00ed\u0165az\u00ed","publisher":{"@id":"https:\/\/www.smedemokrati.sk\/#organization"},"potentialAction":[{"@type":"SearchAction","target":{"@type":"EntryPoint","urlTemplate":"https:\/\/www.smedemokrati.sk\/?s={search_term_string}"},"query-input":{"@type":"PropertyValueSpecification","valueRequired":true,"valueName":"search_term_string"}}],"inLanguage":"hu-HU"},{"@type":"Organization","@id":"https:\/\/www.smedemokrati.sk\/#organization","name":"Smedemokrati.sk","url":"https:\/\/www.smedemokrati.sk\/","logo":{"@type":"ImageObject","inLanguage":"hu-HU","@id":"https:\/\/www.smedemokrati.sk\/#\/schema\/logo\/image\/","url":"https:\/\/www.smedemokrati.sk\/wp-content\/uploads\/2023\/04\/ff.002.jpeg","contentUrl":"https:\/\/www.smedemokrati.sk\/wp-content\/uploads\/2023\/04\/ff.002.jpeg","width":640,"height":480,"caption":"Smedemokrati.sk"},"image":{"@id":"https:\/\/www.smedemokrati.sk\/#\/schema\/logo\/image\/"},"sameAs":["https:\/\/www.facebook.com\/smedemokrati2023"]},{"@type":"Person","@id":"https:\/\/www.smedemokrati.sk\/#\/schema\/person\/21f147c88d605aa7ded900e1e7c344ba","name":"miro.sopko","image":{"@type":"ImageObject","inLanguage":"hu-HU","@id":"https:\/\/secure.gravatar.com\/avatar\/267e4a36f704376c109afe3a78740c1f5dd8675a2180a908699e7863c9247606?s=96&d=mm&r=g","url":"https:\/\/secure.gravatar.com\/avatar\/267e4a36f704376c109afe3a78740c1f5dd8675a2180a908699e7863c9247606?s=96&d=mm&r=g","contentUrl":"https:\/\/secure.gravatar.com\/avatar\/267e4a36f704376c109afe3a78740c1f5dd8675a2180a908699e7863c9247606?s=96&d=mm&r=g","caption":"miro.sopko"},"url":"https:\/\/www.smedemokrati.sk\/hu\/author\/miro-sopko\/"}]}},"_links":{"self":[{"href":"https:\/\/www.smedemokrati.sk\/hu\/wp-json\/wp\/v2\/posts\/6017","targetHints":{"allow":["GET"]}}],"collection":[{"href":"https:\/\/www.smedemokrati.sk\/hu\/wp-json\/wp\/v2\/posts"}],"about":[{"href":"https:\/\/www.smedemokrati.sk\/hu\/wp-json\/wp\/v2\/types\/post"}],"author":[{"embeddable":true,"href":"https:\/\/www.smedemokrati.sk\/hu\/wp-json\/wp\/v2\/users\/13"}],"replies":[{"embeddable":true,"href":"https:\/\/www.smedemokrati.sk\/hu\/wp-json\/wp\/v2\/comments?post=6017"}],"version-history":[{"count":1,"href":"https:\/\/www.smedemokrati.sk\/hu\/wp-json\/wp\/v2\/posts\/6017\/revisions"}],"predecessor-version":[{"id":6019,"href":"https:\/\/www.smedemokrati.sk\/hu\/wp-json\/wp\/v2\/posts\/6017\/revisions\/6019"}],"wp:featuredmedia":[{"embeddable":true,"href":"https:\/\/www.smedemokrati.sk\/hu\/wp-json\/wp\/v2\/media\/6018"}],"wp:attachment":[{"href":"https:\/\/www.smedemokrati.sk\/hu\/wp-json\/wp\/v2\/media?parent=6017"}],"wp:term":[{"taxonomy":"category","embeddable":true,"href":"https:\/\/www.smedemokrati.sk\/hu\/wp-json\/wp\/v2\/categories?post=6017"},{"taxonomy":"post_tag","embeddable":true,"href":"https:\/\/www.smedemokrati.sk\/hu\/wp-json\/wp\/v2\/tags?post=6017"}],"curies":[{"name":"wp","href":"https:\/\/api.w.org\/{rel}","templated":true}]}}