{"id":5989,"date":"2024-12-12T17:02:49","date_gmt":"2024-12-12T16:02:49","guid":{"rendered":"https:\/\/www.smedemokrati.sk\/?p=5989"},"modified":"2024-12-19T09:36:56","modified_gmt":"2024-12-19T08:36:56","slug":"za-cestu-do-abu-dhabi-podavame-na-sutaj-estoka-trestne-oznamenie","status":"publish","type":"post","link":"https:\/\/www.smedemokrati.sk\/hu\/za-cestu-do-abu-dhabi-podavame-na-sutaj-estoka-trestne-oznamenie\/","title":{"rendered":"Za cestu do Abu Dhabi pod\u00e1vame na \u0160utaj E\u0161toka trestn\u00e9 ozn\u00e1menie"},"content":{"rendered":"<div id=\"fb-root\"><\/div>\n\n<p><strong>Demokrati podali v s\u00favislosti s cestou ministra vn\u00fatra Mat\u00fa\u0161a \u0160utaj E\u0161toka trestn\u00e9 ozn\u00e1menie. Domnievaj\u00fa sa, \u017ee minister vn\u00fatra mohol ma\u0165 \u00famysel vyu\u017ei\u0165 tzv. neopr\u00e1vnen\u00fa v\u00fdhodu, za ktor\u00fa si n\u00e1sledne osoby, ktor\u00e9 sa podie\u013eali na organiz\u00e1cii cesty (najm\u00e4 finan\u010dne), m\u00f4\u017eu \u017eiada\u0165 nejak\u00fa protihodnotu. Napr\u00edklad vo forme z\u00e1kazky na jednotliv\u00fdch ministerstv\u00e1ch. Trestn\u00e9 ozn\u00e1menie podali do podate\u013ene Gener\u00e1lnej prokurat\u00fary SR.<\/strong><\/p>\n\n\n\n<p><em>\u201eV\u010dera prijala n\u00e1rodn\u00e1 rada z\u00e1kon, \u017ee ak lek\u00e1ri nebud\u00fa chodi\u0165 do pr\u00e1ce, bud\u00fa zatv\u00e1ran\u00ed. \u0160utaj E\u0161tok klame verejnos\u0165 na soci\u00e1lnych sie\u0165ach, \u017ee pracuje, pri\u010dom nie je ani na Slovensku, toto nem\u00f4\u017eeme tolerova\u0165,&#8221;<\/em> otv\u00e1ra t\u00e9mu podpredseda Demokratov Juraj \u0160eliga. Vysvet\u013euje, \u017ee ide o ozn\u00e1menie, ktor\u00e9 nasved\u010duje skuto\u010dnostiam, ktor\u00e9 m\u00f4\u017eu by\u0165 trestn\u00fdm \u010dinom trestn\u00fdm \u010dinom pod\u013ea paragrafu 336 c (tzv. prikrmovanie).<\/p>\n\n\n\n<p><em>\u201eLaicky povedan\u00e9, p\u00f4jde o neopr\u00e1vnen\u00fa v\u00fdhodu ak sa uk\u00e1\u017ee, \u017ee \u0160utaj E\u0161tokovi platil Abu Dhabi niekto in\u00fd. Ak tvrd\u00ed, \u017ee si to platil s\u00e1m, h\u00e1dam nebude probl\u00e9m preuk\u00e1za\u0165 fakt\u00fary a v\u00fdpisy z \u00fa\u010dtu. Ministrovi vn\u00fatra nevypl\u00fdva z funkcie, \u017ee m\u00e1 chodi\u0165 po \u0161portov\u00fdch podujatiach a VIP sal\u00f3nikoch. Odmieta uk\u00e1za\u0165 fakt\u00fary, odpoveda\u0165 na ot\u00e1zky novin\u00e1rov ale aj verejnosti, preto ich bude musie\u0165 zodpoveda\u0165 gener\u00e1lnej prokurat\u00fare a tu o\u010dak\u00e1vam, \u017ee t\u00e1 bude kona\u0165 expresne r\u00fdchlo, ako je to v pr\u00edpadoch, ktor\u00e9 sa t\u00fdkaj\u00fa opoz\u00edcie.&#8221;<\/em> Hovor\u00ed Juraj \u0160eliga a pr\u00edzvukuje, \u017ee minister nem\u00f4\u017ee prij\u00edma\u0165 nen\u00e1le\u017eit\u00e9 v\u00fdhody a nech\u00e1va\u0165 sa poz\u00fdva\u0165 na podujatia. <em>\u201eNem\u00f4\u017ee niekto len tak poz\u00fdva\u0165 ministra vn\u00fatra, ktor\u00fd u\u017e ani s\u00e1m nevie, \u010di m\u00e1 odpoveda\u0165, \u017ee bol v Abu Dhabi pracovne alebo s\u00fakromne, preto\u017ee m\u00f4\u017ee nasta\u0165 podozrenie, \u017ee t\u00e1to osoba za to n\u00e1sledne bude nie\u010do chcie\u0165.&#8221;<\/em><\/p>\n\n\n\n<p>Predseda Demokratov Jaroslav Na\u010f hovor\u00ed, \u017ee ka\u017ed\u00fd \u010dlen vl\u00e1dy, ktor\u00fd ide na pracovn\u00fa cestu ju mus\u00ed ma\u0165 vopred schv\u00e1len\u00fa pr\u00e1ve na zasadnut\u00ed vl\u00e1dy, v tomto pr\u00edpade sa tak ale nestalo: <em>\u201eMat\u00fa\u0161 \u0160utaj E\u0161tok je zamotan\u00fd do vlastn\u00fdch klamstiev. Ak tvrd\u00ed, \u017ee bol presadzova\u0165 z\u00e1ujmy Slovenska v Abu Dhabi, ide o pracovn\u00fa cestu. Ka\u017ed\u00e1 pracovn\u00e1 cesta v\u0161ak mus\u00ed by\u0165 schv\u00e1len\u00e1 vl\u00e1dou SR. Dali sme si t\u00fa n\u00e1mahu a tak\u00fdto n\u00e1vrh na schv\u00e1lenie cesty do Abu Dhabi sme h\u013eadali, no ne\u00faspe\u0161ne &#8211; tak\u00fdto n\u00e1vrh nikdy predlo\u017een\u00fd nebol. Mat\u00fa\u0161 \u0160utaj E\u0161tok je chronick\u00fd klam\u00e1r a tak\u00fdto \u010dlovek nem\u00e1 \u010do robi\u0165 na ministerskom poste.&#8221;<\/em><\/p>\n\n\n<div class=\"fb-video\" data-href=\"https:\/\/fb.watch\/wqG9G7-S10\" data-allowfullscreen=\"true\" data-autoplay=\"false\" data-width=\"\" data-show-text=\"false\" data-show-captions=\"true\"><\/div>\n","protected":false},"excerpt":{"rendered":"<p>Demokrati podali v s\u00favislosti s cestou ministra vn\u00fatra Mat\u00fa\u0161a \u0160utaj E\u0161toka trestn\u00e9 ozn\u00e1menie. Domnievaj\u00fa sa, \u017ee minister vn\u00fatra mohol ma\u0165 \u00famysel vyu\u017ei\u0165 tzv. neopr\u00e1vnen\u00fa v\u00fdhodu, za ktor\u00fa si n\u00e1sledne osoby, ktor\u00e9 sa podie\u013eali na organiz\u00e1cii cesty (najm\u00e4 finan\u010dne), m\u00f4\u017eu \u017eiada\u0165 nejak\u00fa protihodnotu. Napr\u00edklad vo forme z\u00e1kazky na jednotliv\u00fdch ministerstv\u00e1ch. Trestn\u00e9 ozn\u00e1menie podali do podate\u013ene Gener\u00e1lnej [&hellip;]<\/p>\n","protected":false},"author":13,"featured_media":5990,"comment_status":"closed","ping_status":"closed","sticky":false,"template":"","format":"standard","meta":{"_acf_changed":false,"ngg_post_thumbnail":0,"footnotes":""},"categories":[4],"tags":[],"class_list":["post-5989","post","type-post","status-publish","format-standard","has-post-thumbnail","hentry","category-tlacove-spravy"],"acf":[],"yoast_head":"<!-- This site is optimized with the Yoast SEO plugin v27.2 - https:\/\/yoast.com\/product\/yoast-seo-wordpress\/ -->\n<title>Za cestu do Abu Dhabi pod\u00e1vame na \u0160utaj E\u0161toka trestn\u00e9 ozn\u00e1menie<\/title>\n<meta name=\"robots\" content=\"index, follow, max-snippet:-1, max-image-preview:large, max-video-preview:-1\" \/>\n<link rel=\"canonical\" href=\"https:\/\/www.smedemokrati.sk\/hu\/za-cestu-do-abu-dhabi-podavame-na-sutaj-estoka-trestne-oznamenie\/\" \/>\n<meta property=\"og:locale\" content=\"hu_HU\" \/>\n<meta property=\"og:locale:alternate\" content=\"en_US\" \/>\n<meta property=\"og:locale:alternate\" content=\"cs_CZ\" \/>\n<meta property=\"og:locale:alternate\" content=\"sk_SK\" \/>\n<meta property=\"og:locale:alternate\" content=\"sv_SE\" \/>\n<meta property=\"og:type\" content=\"article\" \/>\n<meta property=\"og:title\" content=\"Za cestu do Abu Dhabi pod\u00e1vame na \u0160utaj E\u0161toka trestn\u00e9 ozn\u00e1menie\" \/>\n<meta property=\"og:description\" content=\"Demokrati podali v s\u00favislosti s cestou ministra vn\u00fatra Mat\u00fa\u0161a \u0160utaj E\u0161toka trestn\u00e9 ozn\u00e1menie. Domnievaj\u00fa sa, \u017ee minister vn\u00fatra mohol ma\u0165 \u00famysel vyu\u017ei\u0165 tzv. neopr\u00e1vnen\u00fa v\u00fdhodu, za ktor\u00fa si n\u00e1sledne osoby, ktor\u00e9 sa podie\u013eali na organiz\u00e1cii cesty (najm\u00e4 finan\u010dne), m\u00f4\u017eu \u017eiada\u0165 nejak\u00fa protihodnotu. Napr\u00edklad vo forme z\u00e1kazky na jednotliv\u00fdch ministerstv\u00e1ch. Trestn\u00e9 ozn\u00e1menie podali do podate\u013ene Gener\u00e1lnej [&hellip;]\" \/>\n<meta property=\"og:url\" content=\"https:\/\/www.smedemokrati.sk\/hu\/za-cestu-do-abu-dhabi-podavame-na-sutaj-estoka-trestne-oznamenie\/\" \/>\n<meta property=\"og:site_name\" content=\"Smedemokrati.sk\" \/>\n<meta property=\"article:publisher\" content=\"https:\/\/www.facebook.com\/smedemokrati2023\" \/>\n<meta property=\"article:published_time\" content=\"2024-12-12T16:02:49+00:00\" \/>\n<meta property=\"article:modified_time\" content=\"2024-12-19T08:36:56+00:00\" \/>\n<meta property=\"og:image\" content=\"https:\/\/www.smedemokrati.sk\/wp-content\/uploads\/2024\/12\/FB_IMG_1734019276803.jpg\" \/>\n\t<meta property=\"og:image:width\" content=\"1536\" \/>\n\t<meta property=\"og:image:height\" content=\"2048\" \/>\n\t<meta property=\"og:image:type\" content=\"image\/jpeg\" \/>\n<meta name=\"author\" content=\"miro.sopko\" \/>\n<meta name=\"twitter:card\" content=\"summary_large_image\" \/>\n<meta name=\"twitter:label1\" content=\"Szerz\u0151:\" \/>\n\t<meta name=\"twitter:data1\" content=\"miro.sopko\" \/>\n\t<meta name=\"twitter:label2\" content=\"Becs\u00fclt olvas\u00e1si id\u0151\" \/>\n\t<meta name=\"twitter:data2\" content=\"2 perc\" \/>\n<script type=\"application\/ld+json\" class=\"yoast-schema-graph\">{\"@context\":\"https:\/\/schema.org\",\"@graph\":[{\"@type\":\"Article\",\"@id\":\"https:\/\/www.smedemokrati.sk\/za-cestu-do-abu-dhabi-podavame-na-sutaj-estoka-trestne-oznamenie\/#article\",\"isPartOf\":{\"@id\":\"https:\/\/www.smedemokrati.sk\/za-cestu-do-abu-dhabi-podavame-na-sutaj-estoka-trestne-oznamenie\/\"},\"author\":{\"name\":\"miro.sopko\",\"@id\":\"https:\/\/www.smedemokrati.sk\/#\/schema\/person\/21f147c88d605aa7ded900e1e7c344ba\"},\"headline\":\"Za cestu do Abu Dhabi pod\u00e1vame na \u0160utaj E\u0161toka trestn\u00e9 ozn\u00e1menie\",\"datePublished\":\"2024-12-12T16:02:49+00:00\",\"dateModified\":\"2024-12-19T08:36:56+00:00\",\"mainEntityOfPage\":{\"@id\":\"https:\/\/www.smedemokrati.sk\/za-cestu-do-abu-dhabi-podavame-na-sutaj-estoka-trestne-oznamenie\/\"},\"wordCount\":490,\"publisher\":{\"@id\":\"https:\/\/www.smedemokrati.sk\/#organization\"},\"image\":{\"@id\":\"https:\/\/www.smedemokrati.sk\/za-cestu-do-abu-dhabi-podavame-na-sutaj-estoka-trestne-oznamenie\/#primaryimage\"},\"thumbnailUrl\":\"https:\/\/www.smedemokrati.sk\/wp-content\/uploads\/2024\/12\/FB_IMG_1734019276803.jpg\",\"articleSection\":[\"Tla\u010dov\u00e9 spr\u00e1vy\"],\"inLanguage\":\"hu-HU\"},{\"@type\":\"WebPage\",\"@id\":\"https:\/\/www.smedemokrati.sk\/za-cestu-do-abu-dhabi-podavame-na-sutaj-estoka-trestne-oznamenie\/\",\"url\":\"https:\/\/www.smedemokrati.sk\/za-cestu-do-abu-dhabi-podavame-na-sutaj-estoka-trestne-oznamenie\/\",\"name\":\"Za cestu do Abu Dhabi pod\u00e1vame na \u0160utaj E\u0161toka trestn\u00e9 ozn\u00e1menie\",\"isPartOf\":{\"@id\":\"https:\/\/www.smedemokrati.sk\/#website\"},\"primaryImageOfPage\":{\"@id\":\"https:\/\/www.smedemokrati.sk\/za-cestu-do-abu-dhabi-podavame-na-sutaj-estoka-trestne-oznamenie\/#primaryimage\"},\"image\":{\"@id\":\"https:\/\/www.smedemokrati.sk\/za-cestu-do-abu-dhabi-podavame-na-sutaj-estoka-trestne-oznamenie\/#primaryimage\"},\"thumbnailUrl\":\"https:\/\/www.smedemokrati.sk\/wp-content\/uploads\/2024\/12\/FB_IMG_1734019276803.jpg\",\"datePublished\":\"2024-12-12T16:02:49+00:00\",\"dateModified\":\"2024-12-19T08:36:56+00:00\",\"breadcrumb\":{\"@id\":\"https:\/\/www.smedemokrati.sk\/za-cestu-do-abu-dhabi-podavame-na-sutaj-estoka-trestne-oznamenie\/#breadcrumb\"},\"inLanguage\":\"hu-HU\",\"potentialAction\":[{\"@type\":\"ReadAction\",\"target\":[\"https:\/\/www.smedemokrati.sk\/za-cestu-do-abu-dhabi-podavame-na-sutaj-estoka-trestne-oznamenie\/\"]}]},{\"@type\":\"ImageObject\",\"inLanguage\":\"hu-HU\",\"@id\":\"https:\/\/www.smedemokrati.sk\/za-cestu-do-abu-dhabi-podavame-na-sutaj-estoka-trestne-oznamenie\/#primaryimage\",\"url\":\"https:\/\/www.smedemokrati.sk\/wp-content\/uploads\/2024\/12\/FB_IMG_1734019276803.jpg\",\"contentUrl\":\"https:\/\/www.smedemokrati.sk\/wp-content\/uploads\/2024\/12\/FB_IMG_1734019276803.jpg\",\"width\":1536,\"height\":2048},{\"@type\":\"BreadcrumbList\",\"@id\":\"https:\/\/www.smedemokrati.sk\/za-cestu-do-abu-dhabi-podavame-na-sutaj-estoka-trestne-oznamenie\/#breadcrumb\",\"itemListElement\":[{\"@type\":\"ListItem\",\"position\":1,\"name\":\"Domovsk\u00e1 str\u00e1nka\",\"item\":\"https:\/\/www.smedemokrati.sk\/\"},{\"@type\":\"ListItem\",\"position\":2,\"name\":\"Za cestu do Abu Dhabi pod\u00e1vame na \u0160utaj E\u0161toka trestn\u00e9 ozn\u00e1menie\"}]},{\"@type\":\"WebSite\",\"@id\":\"https:\/\/www.smedemokrati.sk\/#website\",\"url\":\"https:\/\/www.smedemokrati.sk\/\",\"name\":\"Smedemokrati.sk\",\"description\":\"Demokracia a slu\u0161nos\u0165 zv\u00ed\u0165az\u00ed\",\"publisher\":{\"@id\":\"https:\/\/www.smedemokrati.sk\/#organization\"},\"potentialAction\":[{\"@type\":\"SearchAction\",\"target\":{\"@type\":\"EntryPoint\",\"urlTemplate\":\"https:\/\/www.smedemokrati.sk\/?s={search_term_string}\"},\"query-input\":{\"@type\":\"PropertyValueSpecification\",\"valueRequired\":true,\"valueName\":\"search_term_string\"}}],\"inLanguage\":\"hu-HU\"},{\"@type\":\"Organization\",\"@id\":\"https:\/\/www.smedemokrati.sk\/#organization\",\"name\":\"Smedemokrati.sk\",\"url\":\"https:\/\/www.smedemokrati.sk\/\",\"logo\":{\"@type\":\"ImageObject\",\"inLanguage\":\"hu-HU\",\"@id\":\"https:\/\/www.smedemokrati.sk\/#\/schema\/logo\/image\/\",\"url\":\"https:\/\/www.smedemokrati.sk\/wp-content\/uploads\/2023\/04\/ff.002.jpeg\",\"contentUrl\":\"https:\/\/www.smedemokrati.sk\/wp-content\/uploads\/2023\/04\/ff.002.jpeg\",\"width\":640,\"height\":480,\"caption\":\"Smedemokrati.sk\"},\"image\":{\"@id\":\"https:\/\/www.smedemokrati.sk\/#\/schema\/logo\/image\/\"},\"sameAs\":[\"https:\/\/www.facebook.com\/smedemokrati2023\"]},{\"@type\":\"Person\",\"@id\":\"https:\/\/www.smedemokrati.sk\/#\/schema\/person\/21f147c88d605aa7ded900e1e7c344ba\",\"name\":\"miro.sopko\",\"image\":{\"@type\":\"ImageObject\",\"inLanguage\":\"hu-HU\",\"@id\":\"https:\/\/secure.gravatar.com\/avatar\/267e4a36f704376c109afe3a78740c1f5dd8675a2180a908699e7863c9247606?s=96&d=mm&r=g\",\"url\":\"https:\/\/secure.gravatar.com\/avatar\/267e4a36f704376c109afe3a78740c1f5dd8675a2180a908699e7863c9247606?s=96&d=mm&r=g\",\"contentUrl\":\"https:\/\/secure.gravatar.com\/avatar\/267e4a36f704376c109afe3a78740c1f5dd8675a2180a908699e7863c9247606?s=96&d=mm&r=g\",\"caption\":\"miro.sopko\"},\"url\":\"https:\/\/www.smedemokrati.sk\/hu\/author\/miro-sopko\/\"}]}<\/script>\n<!-- \/ Yoast SEO plugin. -->","yoast_head_json":{"title":"Za cestu do Abu Dhabi pod\u00e1vame na \u0160utaj E\u0161toka trestn\u00e9 ozn\u00e1menie","robots":{"index":"index","follow":"follow","max-snippet":"max-snippet:-1","max-image-preview":"max-image-preview:large","max-video-preview":"max-video-preview:-1"},"canonical":"https:\/\/www.smedemokrati.sk\/hu\/za-cestu-do-abu-dhabi-podavame-na-sutaj-estoka-trestne-oznamenie\/","og_locale":"hu_HU","og_type":"article","og_title":"[:sk]Za cestu do Abu Dhabi pod\u00e1vame na \u0160utaj E\u0161toka trestn\u00e9 ozn\u00e1menie[:] - Smedemokrati.sk","og_description":"Demokrati podali v s\u00favislosti s cestou ministra vn\u00fatra Mat\u00fa\u0161a \u0160utaj E\u0161toka trestn\u00e9 ozn\u00e1menie. Domnievaj\u00fa sa, \u017ee minister vn\u00fatra mohol ma\u0165 \u00famysel vyu\u017ei\u0165 tzv. neopr\u00e1vnen\u00fa v\u00fdhodu, za ktor\u00fa si n\u00e1sledne osoby, ktor\u00e9 sa podie\u013eali na organiz\u00e1cii cesty (najm\u00e4 finan\u010dne), m\u00f4\u017eu \u017eiada\u0165 nejak\u00fa protihodnotu. Napr\u00edklad vo forme z\u00e1kazky na jednotliv\u00fdch ministerstv\u00e1ch. Trestn\u00e9 ozn\u00e1menie podali do podate\u013ene Gener\u00e1lnej [&hellip;]","og_url":"https:\/\/www.smedemokrati.sk\/hu\/za-cestu-do-abu-dhabi-podavame-na-sutaj-estoka-trestne-oznamenie\/","og_site_name":"Smedemokrati.sk","article_publisher":"https:\/\/www.facebook.com\/smedemokrati2023","article_published_time":"2024-12-12T16:02:49+00:00","article_modified_time":"2024-12-19T08:36:56+00:00","og_image":[{"width":1536,"height":2048,"url":"https:\/\/www.smedemokrati.sk\/wp-content\/uploads\/2024\/12\/FB_IMG_1734019276803.jpg","type":"image\/jpeg"}],"author":"miro.sopko","twitter_card":"summary_large_image","twitter_misc":{"Szerz\u0151:":"miro.sopko","Becs\u00fclt olvas\u00e1si id\u0151":"2 perc"},"schema":{"@context":"https:\/\/schema.org","@graph":[{"@type":"Article","@id":"https:\/\/www.smedemokrati.sk\/za-cestu-do-abu-dhabi-podavame-na-sutaj-estoka-trestne-oznamenie\/#article","isPartOf":{"@id":"https:\/\/www.smedemokrati.sk\/za-cestu-do-abu-dhabi-podavame-na-sutaj-estoka-trestne-oznamenie\/"},"author":{"name":"miro.sopko","@id":"https:\/\/www.smedemokrati.sk\/#\/schema\/person\/21f147c88d605aa7ded900e1e7c344ba"},"headline":"Za cestu do Abu Dhabi pod\u00e1vame na \u0160utaj E\u0161toka trestn\u00e9 ozn\u00e1menie","datePublished":"2024-12-12T16:02:49+00:00","dateModified":"2024-12-19T08:36:56+00:00","mainEntityOfPage":{"@id":"https:\/\/www.smedemokrati.sk\/za-cestu-do-abu-dhabi-podavame-na-sutaj-estoka-trestne-oznamenie\/"},"wordCount":490,"publisher":{"@id":"https:\/\/www.smedemokrati.sk\/#organization"},"image":{"@id":"https:\/\/www.smedemokrati.sk\/za-cestu-do-abu-dhabi-podavame-na-sutaj-estoka-trestne-oznamenie\/#primaryimage"},"thumbnailUrl":"https:\/\/www.smedemokrati.sk\/wp-content\/uploads\/2024\/12\/FB_IMG_1734019276803.jpg","articleSection":["Tla\u010dov\u00e9 spr\u00e1vy"],"inLanguage":"hu-HU"},{"@type":"WebPage","@id":"https:\/\/www.smedemokrati.sk\/za-cestu-do-abu-dhabi-podavame-na-sutaj-estoka-trestne-oznamenie\/","url":"https:\/\/www.smedemokrati.sk\/za-cestu-do-abu-dhabi-podavame-na-sutaj-estoka-trestne-oznamenie\/","name":"Za cestu do Abu Dhabi pod\u00e1vame na \u0160utaj E\u0161toka trestn\u00e9 ozn\u00e1menie","isPartOf":{"@id":"https:\/\/www.smedemokrati.sk\/#website"},"primaryImageOfPage":{"@id":"https:\/\/www.smedemokrati.sk\/za-cestu-do-abu-dhabi-podavame-na-sutaj-estoka-trestne-oznamenie\/#primaryimage"},"image":{"@id":"https:\/\/www.smedemokrati.sk\/za-cestu-do-abu-dhabi-podavame-na-sutaj-estoka-trestne-oznamenie\/#primaryimage"},"thumbnailUrl":"https:\/\/www.smedemokrati.sk\/wp-content\/uploads\/2024\/12\/FB_IMG_1734019276803.jpg","datePublished":"2024-12-12T16:02:49+00:00","dateModified":"2024-12-19T08:36:56+00:00","breadcrumb":{"@id":"https:\/\/www.smedemokrati.sk\/za-cestu-do-abu-dhabi-podavame-na-sutaj-estoka-trestne-oznamenie\/#breadcrumb"},"inLanguage":"hu-HU","potentialAction":[{"@type":"ReadAction","target":["https:\/\/www.smedemokrati.sk\/za-cestu-do-abu-dhabi-podavame-na-sutaj-estoka-trestne-oznamenie\/"]}]},{"@type":"ImageObject","inLanguage":"hu-HU","@id":"https:\/\/www.smedemokrati.sk\/za-cestu-do-abu-dhabi-podavame-na-sutaj-estoka-trestne-oznamenie\/#primaryimage","url":"https:\/\/www.smedemokrati.sk\/wp-content\/uploads\/2024\/12\/FB_IMG_1734019276803.jpg","contentUrl":"https:\/\/www.smedemokrati.sk\/wp-content\/uploads\/2024\/12\/FB_IMG_1734019276803.jpg","width":1536,"height":2048},{"@type":"BreadcrumbList","@id":"https:\/\/www.smedemokrati.sk\/za-cestu-do-abu-dhabi-podavame-na-sutaj-estoka-trestne-oznamenie\/#breadcrumb","itemListElement":[{"@type":"ListItem","position":1,"name":"Domovsk\u00e1 str\u00e1nka","item":"https:\/\/www.smedemokrati.sk\/"},{"@type":"ListItem","position":2,"name":"Za cestu do Abu Dhabi pod\u00e1vame na \u0160utaj E\u0161toka trestn\u00e9 ozn\u00e1menie"}]},{"@type":"WebSite","@id":"https:\/\/www.smedemokrati.sk\/#website","url":"https:\/\/www.smedemokrati.sk\/","name":"Smedemokrati.sk","description":"Demokracia a slu\u0161nos\u0165 zv\u00ed\u0165az\u00ed","publisher":{"@id":"https:\/\/www.smedemokrati.sk\/#organization"},"potentialAction":[{"@type":"SearchAction","target":{"@type":"EntryPoint","urlTemplate":"https:\/\/www.smedemokrati.sk\/?s={search_term_string}"},"query-input":{"@type":"PropertyValueSpecification","valueRequired":true,"valueName":"search_term_string"}}],"inLanguage":"hu-HU"},{"@type":"Organization","@id":"https:\/\/www.smedemokrati.sk\/#organization","name":"Smedemokrati.sk","url":"https:\/\/www.smedemokrati.sk\/","logo":{"@type":"ImageObject","inLanguage":"hu-HU","@id":"https:\/\/www.smedemokrati.sk\/#\/schema\/logo\/image\/","url":"https:\/\/www.smedemokrati.sk\/wp-content\/uploads\/2023\/04\/ff.002.jpeg","contentUrl":"https:\/\/www.smedemokrati.sk\/wp-content\/uploads\/2023\/04\/ff.002.jpeg","width":640,"height":480,"caption":"Smedemokrati.sk"},"image":{"@id":"https:\/\/www.smedemokrati.sk\/#\/schema\/logo\/image\/"},"sameAs":["https:\/\/www.facebook.com\/smedemokrati2023"]},{"@type":"Person","@id":"https:\/\/www.smedemokrati.sk\/#\/schema\/person\/21f147c88d605aa7ded900e1e7c344ba","name":"miro.sopko","image":{"@type":"ImageObject","inLanguage":"hu-HU","@id":"https:\/\/secure.gravatar.com\/avatar\/267e4a36f704376c109afe3a78740c1f5dd8675a2180a908699e7863c9247606?s=96&d=mm&r=g","url":"https:\/\/secure.gravatar.com\/avatar\/267e4a36f704376c109afe3a78740c1f5dd8675a2180a908699e7863c9247606?s=96&d=mm&r=g","contentUrl":"https:\/\/secure.gravatar.com\/avatar\/267e4a36f704376c109afe3a78740c1f5dd8675a2180a908699e7863c9247606?s=96&d=mm&r=g","caption":"miro.sopko"},"url":"https:\/\/www.smedemokrati.sk\/hu\/author\/miro-sopko\/"}]}},"_links":{"self":[{"href":"https:\/\/www.smedemokrati.sk\/hu\/wp-json\/wp\/v2\/posts\/5989","targetHints":{"allow":["GET"]}}],"collection":[{"href":"https:\/\/www.smedemokrati.sk\/hu\/wp-json\/wp\/v2\/posts"}],"about":[{"href":"https:\/\/www.smedemokrati.sk\/hu\/wp-json\/wp\/v2\/types\/post"}],"author":[{"embeddable":true,"href":"https:\/\/www.smedemokrati.sk\/hu\/wp-json\/wp\/v2\/users\/13"}],"replies":[{"embeddable":true,"href":"https:\/\/www.smedemokrati.sk\/hu\/wp-json\/wp\/v2\/comments?post=5989"}],"version-history":[{"count":1,"href":"https:\/\/www.smedemokrati.sk\/hu\/wp-json\/wp\/v2\/posts\/5989\/revisions"}],"predecessor-version":[{"id":5991,"href":"https:\/\/www.smedemokrati.sk\/hu\/wp-json\/wp\/v2\/posts\/5989\/revisions\/5991"}],"wp:featuredmedia":[{"embeddable":true,"href":"https:\/\/www.smedemokrati.sk\/hu\/wp-json\/wp\/v2\/media\/5990"}],"wp:attachment":[{"href":"https:\/\/www.smedemokrati.sk\/hu\/wp-json\/wp\/v2\/media?parent=5989"}],"wp:term":[{"taxonomy":"category","embeddable":true,"href":"https:\/\/www.smedemokrati.sk\/hu\/wp-json\/wp\/v2\/categories?post=5989"},{"taxonomy":"post_tag","embeddable":true,"href":"https:\/\/www.smedemokrati.sk\/hu\/wp-json\/wp\/v2\/tags?post=5989"}],"curies":[{"name":"wp","href":"https:\/\/api.w.org\/{rel}","templated":true}]}}