{"id":5942,"date":"2024-12-07T18:00:55","date_gmt":"2024-12-07T17:00:55","guid":{"rendered":"https:\/\/www.smedemokrati.sk\/?p=5942"},"modified":"2024-12-10T13:16:15","modified_gmt":"2024-12-10T12:16:15","slug":"bez-demokratov-nevznikne-demokraticka-vlada-apelujeme-na-spolupracu","status":"publish","type":"post","link":"https:\/\/www.smedemokrati.sk\/hu\/bez-demokratov-nevznikne-demokraticka-vlada-apelujeme-na-spolupracu\/","title":{"rendered":"Bez Demokratov nevznikne demokratick\u00e1 vl\u00e1da, apelujeme na spolupr\u00e1cu"},"content":{"rendered":"<div id=\"fb-root\"><\/div>\n\n<p><strong>V Ru\u017eomberku vy\u0161e 200 deleg\u00e1tov ods\u00fahlasilo form\u00e1lne zl\u00fa\u010denie strany Demokrati a strany \u0160anca. Do predsedn\u00edctva bol za nov\u00e9ho \u010dlena zvolen\u00fd b\u00fdval\u00fd minister hospod\u00e1rstva Karel Hirman a pribudli aj \u010dlenovia do etickej a rev\u00edznej komisie. Deleg\u00e1ti tie\u017e s\u00fahlasili s uznesen\u00edm, v ktorom vylu\u010duj\u00fa spolupr\u00e1cu so stranami Hlas, Smer, SNS a Republika a tie\u017e apeluj\u00fa na kolegov z parlamentnej opoz\u00edcie, aby rovnako verejne odmietli spolupracova\u0165 so stranou Hlas. Predseda Jaroslav Na\u010f tie\u017e informoval, \u017ee k dne\u0161n\u00e9mu d\u0148u strana vyzbierala 70 tis\u00edc podpisov za pet\u00edciu Sta\u010dilo Fica.&nbsp;<\/strong><\/p>\n\n\n\n<p>Predseda Demokratov Jaroslav Na\u010f povedal, \u017ee v\u00edzia strany stoj\u00ed na jasn\u00fdch noh\u00e1ch spravodlivosti, bezpe\u010dnosti, zodpovednosti a boja proti populizmu:\u00a0<em>\u201eDemokrati nevznikli, aby sedeli ved\u013ea Hlasu, Smeru, SNS \u010di Republiky. Na\u0161e svety s\u00fa na in\u00fdch brehoch a ten n\u00e1\u0161 stoj\u00ed na spravodlivosti, pravde a obhajobe t\u00fdch, ktor\u00ed bojuj\u00fa za spr\u00e1vne demokratick\u00e9 hodnoty. \u010eakujem v\u00e1m, deleg\u00e1tom, ale aj v\u0161etk\u00fdm \u010dlenom, \u017ee tak rovnako rob\u00edte, a to \u010di u\u017e v uliciach alebo medzi priate\u013emi a rodinami. V tejto s\u00favislosti v\u00e1m chcem ozn\u00e1mi\u0165, \u017ee k dne\u0161n\u00e9mu d\u0148u m\u00e1me vyzbieran\u00fdch 70 tis\u00edc podpisov za pet\u00edciu Sta\u010dilo Fica a pokra\u010dujeme \u010falej, oddnes aj s nov\u00fdm \u010dlenom predsedn\u00edctva Karelom Hirmanom.\u201d\u00a0<\/em>Pod\u013ea Jaroslava Na\u010fa bude rozhoduj\u00face, kto bude vedie\u0165 po \u010fal\u0161\u00edch n\u00e1rodn\u00fdch vo\u013eb\u00e1ch prinies\u0165 76 poslancov nie to, kto z\u00edska najviac percent. Preto za jedin\u00fa mo\u017enos\u0165, ako porazi\u0165 vl\u00e1du Roberta Fica, je spolupr\u00e1ca naprie\u010d cel\u00fdm demokratick\u00fdm spektrom.\u00a0<\/p>\n\n\n\n<p>\u201e<em>Otvorene a jasne sme si zhodnotili situ\u00e1ciu od posledn\u00e9ho snemu a tie\u017e to, \u010d\u00edm \u017eijeme na Slovensku. Od nov\u00e9ho roka n\u00e1s \u010dak\u00e1 zdra\u017eovanie a pokra\u010dovanie nen\u00e1visti vl\u00e1dnucej koal\u00edcie len pre to, aby prekryli vlastn\u00e9 probl\u00e9my a neschopnos\u0165. Zhodli sme sa, \u017ee \u010d\u00edm viac sa bud\u00fa chcie\u0165 pomsti\u0165 slu\u0161n\u00fdm policajtom \u010di sudcom, t\u00fdm pevnej\u0161ie za nimi budeme st\u00e1\u0165. Mnoho \u013eud\u00ed predpokladalo, \u017ee o takomto \u010dase tu Demokrati nebud\u00fa, no my fungujeme, rastieme a prin\u00e1\u0161ame t\u00e9my, sme akt\u00edvni v regi\u00f3noch a vieme, kam kr\u00e1\u010dame. Strana Demokrati je vit\u00e1lna, dnes u\u017e posilnen\u00e1 o \u0161trukt\u00faru strany \u0160anca a my sa te\u0161\u00edme na \u010fal\u0161iu poctiv\u00fa opozi\u010dn\u00fa pr\u00e1cu.\u201d\u00a0<\/em>Hovor\u00ed podpredseda demokratov Juraj \u0160eliga.\u00a0<\/p>\n\n\n\n<p>Gener\u00e1lny sekret\u00e1r Peter Markovi\u010d zhodnotil v\u00fdvoj \u010dlenskej z\u00e1kladne:\u00a0<em>\u201eStrana m\u00e1 k dne\u0161n\u00e9mu d\u0148u 827 \u010dlenov vo v\u0161etk\u00fdch okresoch. Pracovn\u00e9 skupiny k jednotliv\u00fdm oblastiam ako kult\u00fara, spravodlivos\u0165, \u017eivotn\u00e9 prostredie a \u010fal\u0161ie, s\u00fa u\u017e plne funk\u010dn\u00e9 a vynikaj\u00facu pr\u00e1cu odv\u00e1dza aj Gener\u00e1cia D &#8211; mlad\u00ed Demokrati. Strana akt\u00edvne spolupracuje aj so zahrani\u010dn\u00fdmi partnermi, najm\u00e4 Eur\u00f3pskou \u013eudovou stranou ale tie\u017e napr\u00edklad s nemeck\u00fdm CDU.\u201d<\/em><\/p>\n\n\n\n<p>Deleg\u00e1ti jednohlasne ods\u00fahlasili form\u00e1lne zl\u00fa\u010denie strany Demokrati a strany \u0160anca. Zvolili nov\u00e9ho \u010dlena predsedn\u00edctva, stal sa n\u00edm Karel Hirman. Pribudli traja nov\u00fd \u010dlenovia etickej komisie a rev\u00edzna komisia sa rozr\u00e1stla o jedn\u00e9ho \u010dlena. Deleg\u00e1ti tie\u017e odhlasovali, \u017ee podporuj\u00fa aktivity predsedn\u00edctva strany v snah\u00e1ch, ktor\u00e9 smeruj\u00fa k spolo\u010dn\u00e9mu postupu opozi\u010dn\u00fdch str\u00e1n a tie\u017e vyzvali opozi\u010dn\u00e9 parlamentn\u00e9 strany, aby povedali verejnosti jasn\u00e9 stanovisko, najm\u00e4 ku spolupr\u00e1ci so stranou Hlas.&nbsp;<\/p>\n\n\n\nngg_shortcode_0_placeholder\n","protected":false},"excerpt":{"rendered":"<p>V Ru\u017eomberku vy\u0161e 200 deleg\u00e1tov ods\u00fahlasilo form\u00e1lne zl\u00fa\u010denie strany Demokrati a strany \u0160anca. Do predsedn\u00edctva bol za nov\u00e9ho \u010dlena zvolen\u00fd b\u00fdval\u00fd minister hospod\u00e1rstva Karel Hirman a pribudli aj \u010dlenovia do etickej a rev\u00edznej komisie. Deleg\u00e1ti tie\u017e s\u00fahlasili s uznesen\u00edm, v ktorom vylu\u010duj\u00fa spolupr\u00e1cu so stranami Hlas, Smer, SNS a Republika a tie\u017e apeluj\u00fa na kolegov [&hellip;]<\/p>\n","protected":false},"author":13,"featured_media":5943,"comment_status":"closed","ping_status":"closed","sticky":false,"template":"","format":"standard","meta":{"_acf_changed":false,"ngg_post_thumbnail":0,"footnotes":""},"categories":[4],"tags":[],"class_list":["post-5942","post","type-post","status-publish","format-standard","has-post-thumbnail","hentry","category-tlacove-spravy"],"acf":[],"yoast_head":"<!-- This site is optimized with the Yoast SEO plugin v27.2 - https:\/\/yoast.com\/product\/yoast-seo-wordpress\/ -->\n<title>Bez Demokratov nevznikne demokratick\u00e1 vl\u00e1da, apelujeme na spolupr\u00e1cu<\/title>\n<meta name=\"robots\" content=\"index, follow, max-snippet:-1, max-image-preview:large, max-video-preview:-1\" \/>\n<link rel=\"canonical\" href=\"https:\/\/www.smedemokrati.sk\/hu\/bez-demokratov-nevznikne-demokraticka-vlada-apelujeme-na-spolupracu\/\" \/>\n<meta property=\"og:locale\" content=\"hu_HU\" \/>\n<meta property=\"og:locale:alternate\" content=\"en_US\" \/>\n<meta property=\"og:locale:alternate\" content=\"cs_CZ\" \/>\n<meta property=\"og:locale:alternate\" content=\"sk_SK\" \/>\n<meta property=\"og:locale:alternate\" content=\"sv_SE\" \/>\n<meta property=\"og:type\" content=\"article\" \/>\n<meta property=\"og:title\" content=\"Bez Demokratov nevznikne demokratick\u00e1 vl\u00e1da, apelujeme na spolupr\u00e1cu\" \/>\n<meta property=\"og:description\" content=\"V Ru\u017eomberku vy\u0161e 200 deleg\u00e1tov ods\u00fahlasilo form\u00e1lne zl\u00fa\u010denie strany Demokrati a strany \u0160anca. Do predsedn\u00edctva bol za nov\u00e9ho \u010dlena zvolen\u00fd b\u00fdval\u00fd minister hospod\u00e1rstva Karel Hirman a pribudli aj \u010dlenovia do etickej a rev\u00edznej komisie. Deleg\u00e1ti tie\u017e s\u00fahlasili s uznesen\u00edm, v ktorom vylu\u010duj\u00fa spolupr\u00e1cu so stranami Hlas, Smer, SNS a Republika a tie\u017e apeluj\u00fa na kolegov [&hellip;]\" \/>\n<meta property=\"og:url\" content=\"https:\/\/www.smedemokrati.sk\/hu\/bez-demokratov-nevznikne-demokraticka-vlada-apelujeme-na-spolupracu\/\" \/>\n<meta property=\"og:site_name\" content=\"Smedemokrati.sk\" \/>\n<meta property=\"article:publisher\" content=\"https:\/\/www.facebook.com\/smedemokrati2023\" \/>\n<meta property=\"article:published_time\" content=\"2024-12-07T17:00:55+00:00\" \/>\n<meta property=\"article:modified_time\" content=\"2024-12-10T12:16:15+00:00\" \/>\n<meta property=\"og:image\" content=\"https:\/\/www.smedemokrati.sk\/wp-content\/uploads\/2024\/12\/DSC5564.jpg\" \/>\n\t<meta property=\"og:image:width\" content=\"1920\" \/>\n\t<meta property=\"og:image:height\" content=\"1280\" \/>\n\t<meta property=\"og:image:type\" content=\"image\/jpeg\" \/>\n<meta name=\"author\" content=\"miro.sopko\" \/>\n<meta name=\"twitter:card\" content=\"summary_large_image\" \/>\n<meta name=\"twitter:label1\" content=\"Szerz\u0151:\" \/>\n\t<meta name=\"twitter:data1\" content=\"miro.sopko\" \/>\n\t<meta name=\"twitter:label2\" content=\"Becs\u00fclt olvas\u00e1si id\u0151\" \/>\n\t<meta name=\"twitter:data2\" content=\"3 perc\" \/>\n<script type=\"application\/ld+json\" class=\"yoast-schema-graph\">{\"@context\":\"https:\/\/schema.org\",\"@graph\":[{\"@type\":\"Article\",\"@id\":\"https:\/\/www.smedemokrati.sk\/bez-demokratov-nevznikne-demokraticka-vlada-apelujeme-na-spolupracu\/#article\",\"isPartOf\":{\"@id\":\"https:\/\/www.smedemokrati.sk\/bez-demokratov-nevznikne-demokraticka-vlada-apelujeme-na-spolupracu\/\"},\"author\":{\"name\":\"miro.sopko\",\"@id\":\"https:\/\/www.smedemokrati.sk\/#\/schema\/person\/21f147c88d605aa7ded900e1e7c344ba\"},\"headline\":\"Bez Demokratov nevznikne demokratick\u00e1 vl\u00e1da, apelujeme na spolupr\u00e1cu\",\"datePublished\":\"2024-12-07T17:00:55+00:00\",\"dateModified\":\"2024-12-10T12:16:15+00:00\",\"mainEntityOfPage\":{\"@id\":\"https:\/\/www.smedemokrati.sk\/bez-demokratov-nevznikne-demokraticka-vlada-apelujeme-na-spolupracu\/\"},\"wordCount\":613,\"publisher\":{\"@id\":\"https:\/\/www.smedemokrati.sk\/#organization\"},\"image\":{\"@id\":\"https:\/\/www.smedemokrati.sk\/bez-demokratov-nevznikne-demokraticka-vlada-apelujeme-na-spolupracu\/#primaryimage\"},\"thumbnailUrl\":\"https:\/\/www.smedemokrati.sk\/wp-content\/uploads\/2024\/12\/DSC5564.jpg\",\"articleSection\":[\"Tla\u010dov\u00e9 spr\u00e1vy\"],\"inLanguage\":\"hu-HU\"},{\"@type\":\"WebPage\",\"@id\":\"https:\/\/www.smedemokrati.sk\/bez-demokratov-nevznikne-demokraticka-vlada-apelujeme-na-spolupracu\/\",\"url\":\"https:\/\/www.smedemokrati.sk\/bez-demokratov-nevznikne-demokraticka-vlada-apelujeme-na-spolupracu\/\",\"name\":\"Bez Demokratov nevznikne demokratick\u00e1 vl\u00e1da, apelujeme na spolupr\u00e1cu\",\"isPartOf\":{\"@id\":\"https:\/\/www.smedemokrati.sk\/#website\"},\"primaryImageOfPage\":{\"@id\":\"https:\/\/www.smedemokrati.sk\/bez-demokratov-nevznikne-demokraticka-vlada-apelujeme-na-spolupracu\/#primaryimage\"},\"image\":{\"@id\":\"https:\/\/www.smedemokrati.sk\/bez-demokratov-nevznikne-demokraticka-vlada-apelujeme-na-spolupracu\/#primaryimage\"},\"thumbnailUrl\":\"https:\/\/www.smedemokrati.sk\/wp-content\/uploads\/2024\/12\/DSC5564.jpg\",\"datePublished\":\"2024-12-07T17:00:55+00:00\",\"dateModified\":\"2024-12-10T12:16:15+00:00\",\"breadcrumb\":{\"@id\":\"https:\/\/www.smedemokrati.sk\/bez-demokratov-nevznikne-demokraticka-vlada-apelujeme-na-spolupracu\/#breadcrumb\"},\"inLanguage\":\"hu-HU\",\"potentialAction\":[{\"@type\":\"ReadAction\",\"target\":[\"https:\/\/www.smedemokrati.sk\/bez-demokratov-nevznikne-demokraticka-vlada-apelujeme-na-spolupracu\/\"]}]},{\"@type\":\"ImageObject\",\"inLanguage\":\"hu-HU\",\"@id\":\"https:\/\/www.smedemokrati.sk\/bez-demokratov-nevznikne-demokraticka-vlada-apelujeme-na-spolupracu\/#primaryimage\",\"url\":\"https:\/\/www.smedemokrati.sk\/wp-content\/uploads\/2024\/12\/DSC5564.jpg\",\"contentUrl\":\"https:\/\/www.smedemokrati.sk\/wp-content\/uploads\/2024\/12\/DSC5564.jpg\",\"width\":1920,\"height\":1280},{\"@type\":\"BreadcrumbList\",\"@id\":\"https:\/\/www.smedemokrati.sk\/bez-demokratov-nevznikne-demokraticka-vlada-apelujeme-na-spolupracu\/#breadcrumb\",\"itemListElement\":[{\"@type\":\"ListItem\",\"position\":1,\"name\":\"Domovsk\u00e1 str\u00e1nka\",\"item\":\"https:\/\/www.smedemokrati.sk\/\"},{\"@type\":\"ListItem\",\"position\":2,\"name\":\"Bez Demokratov nevznikne demokratick\u00e1 vl\u00e1da, apelujeme na spolupr\u00e1cu\"}]},{\"@type\":\"WebSite\",\"@id\":\"https:\/\/www.smedemokrati.sk\/#website\",\"url\":\"https:\/\/www.smedemokrati.sk\/\",\"name\":\"Smedemokrati.sk\",\"description\":\"Demokracia a slu\u0161nos\u0165 zv\u00ed\u0165az\u00ed\",\"publisher\":{\"@id\":\"https:\/\/www.smedemokrati.sk\/#organization\"},\"potentialAction\":[{\"@type\":\"SearchAction\",\"target\":{\"@type\":\"EntryPoint\",\"urlTemplate\":\"https:\/\/www.smedemokrati.sk\/?s={search_term_string}\"},\"query-input\":{\"@type\":\"PropertyValueSpecification\",\"valueRequired\":true,\"valueName\":\"search_term_string\"}}],\"inLanguage\":\"hu-HU\"},{\"@type\":\"Organization\",\"@id\":\"https:\/\/www.smedemokrati.sk\/#organization\",\"name\":\"Smedemokrati.sk\",\"url\":\"https:\/\/www.smedemokrati.sk\/\",\"logo\":{\"@type\":\"ImageObject\",\"inLanguage\":\"hu-HU\",\"@id\":\"https:\/\/www.smedemokrati.sk\/#\/schema\/logo\/image\/\",\"url\":\"https:\/\/www.smedemokrati.sk\/wp-content\/uploads\/2023\/04\/ff.002.jpeg\",\"contentUrl\":\"https:\/\/www.smedemokrati.sk\/wp-content\/uploads\/2023\/04\/ff.002.jpeg\",\"width\":640,\"height\":480,\"caption\":\"Smedemokrati.sk\"},\"image\":{\"@id\":\"https:\/\/www.smedemokrati.sk\/#\/schema\/logo\/image\/\"},\"sameAs\":[\"https:\/\/www.facebook.com\/smedemokrati2023\"]},{\"@type\":\"Person\",\"@id\":\"https:\/\/www.smedemokrati.sk\/#\/schema\/person\/21f147c88d605aa7ded900e1e7c344ba\",\"name\":\"miro.sopko\",\"image\":{\"@type\":\"ImageObject\",\"inLanguage\":\"hu-HU\",\"@id\":\"https:\/\/secure.gravatar.com\/avatar\/267e4a36f704376c109afe3a78740c1f5dd8675a2180a908699e7863c9247606?s=96&d=mm&r=g\",\"url\":\"https:\/\/secure.gravatar.com\/avatar\/267e4a36f704376c109afe3a78740c1f5dd8675a2180a908699e7863c9247606?s=96&d=mm&r=g\",\"contentUrl\":\"https:\/\/secure.gravatar.com\/avatar\/267e4a36f704376c109afe3a78740c1f5dd8675a2180a908699e7863c9247606?s=96&d=mm&r=g\",\"caption\":\"miro.sopko\"},\"url\":\"https:\/\/www.smedemokrati.sk\/hu\/author\/miro-sopko\/\"}]}<\/script>\n<!-- \/ Yoast SEO plugin. -->","yoast_head_json":{"title":"Bez Demokratov nevznikne demokratick\u00e1 vl\u00e1da, apelujeme na spolupr\u00e1cu","robots":{"index":"index","follow":"follow","max-snippet":"max-snippet:-1","max-image-preview":"max-image-preview:large","max-video-preview":"max-video-preview:-1"},"canonical":"https:\/\/www.smedemokrati.sk\/hu\/bez-demokratov-nevznikne-demokraticka-vlada-apelujeme-na-spolupracu\/","og_locale":"hu_HU","og_type":"article","og_title":"[:sk]Bez Demokratov nevznikne demokratick\u00e1 vl\u00e1da, apelujeme na spolupr\u00e1cu[:] - Smedemokrati.sk","og_description":"V Ru\u017eomberku vy\u0161e 200 deleg\u00e1tov ods\u00fahlasilo form\u00e1lne zl\u00fa\u010denie strany Demokrati a strany \u0160anca. Do predsedn\u00edctva bol za nov\u00e9ho \u010dlena zvolen\u00fd b\u00fdval\u00fd minister hospod\u00e1rstva Karel Hirman a pribudli aj \u010dlenovia do etickej a rev\u00edznej komisie. Deleg\u00e1ti tie\u017e s\u00fahlasili s uznesen\u00edm, v ktorom vylu\u010duj\u00fa spolupr\u00e1cu so stranami Hlas, Smer, SNS a Republika a tie\u017e apeluj\u00fa na kolegov [&hellip;]","og_url":"https:\/\/www.smedemokrati.sk\/hu\/bez-demokratov-nevznikne-demokraticka-vlada-apelujeme-na-spolupracu\/","og_site_name":"Smedemokrati.sk","article_publisher":"https:\/\/www.facebook.com\/smedemokrati2023","article_published_time":"2024-12-07T17:00:55+00:00","article_modified_time":"2024-12-10T12:16:15+00:00","og_image":[{"width":1920,"height":1280,"url":"https:\/\/www.smedemokrati.sk\/wp-content\/uploads\/2024\/12\/DSC5564.jpg","type":"image\/jpeg"}],"author":"miro.sopko","twitter_card":"summary_large_image","twitter_misc":{"Szerz\u0151:":"miro.sopko","Becs\u00fclt olvas\u00e1si id\u0151":"3 perc"},"schema":{"@context":"https:\/\/schema.org","@graph":[{"@type":"Article","@id":"https:\/\/www.smedemokrati.sk\/bez-demokratov-nevznikne-demokraticka-vlada-apelujeme-na-spolupracu\/#article","isPartOf":{"@id":"https:\/\/www.smedemokrati.sk\/bez-demokratov-nevznikne-demokraticka-vlada-apelujeme-na-spolupracu\/"},"author":{"name":"miro.sopko","@id":"https:\/\/www.smedemokrati.sk\/#\/schema\/person\/21f147c88d605aa7ded900e1e7c344ba"},"headline":"Bez Demokratov nevznikne demokratick\u00e1 vl\u00e1da, apelujeme na spolupr\u00e1cu","datePublished":"2024-12-07T17:00:55+00:00","dateModified":"2024-12-10T12:16:15+00:00","mainEntityOfPage":{"@id":"https:\/\/www.smedemokrati.sk\/bez-demokratov-nevznikne-demokraticka-vlada-apelujeme-na-spolupracu\/"},"wordCount":613,"publisher":{"@id":"https:\/\/www.smedemokrati.sk\/#organization"},"image":{"@id":"https:\/\/www.smedemokrati.sk\/bez-demokratov-nevznikne-demokraticka-vlada-apelujeme-na-spolupracu\/#primaryimage"},"thumbnailUrl":"https:\/\/www.smedemokrati.sk\/wp-content\/uploads\/2024\/12\/DSC5564.jpg","articleSection":["Tla\u010dov\u00e9 spr\u00e1vy"],"inLanguage":"hu-HU"},{"@type":"WebPage","@id":"https:\/\/www.smedemokrati.sk\/bez-demokratov-nevznikne-demokraticka-vlada-apelujeme-na-spolupracu\/","url":"https:\/\/www.smedemokrati.sk\/bez-demokratov-nevznikne-demokraticka-vlada-apelujeme-na-spolupracu\/","name":"Bez Demokratov nevznikne demokratick\u00e1 vl\u00e1da, apelujeme na spolupr\u00e1cu","isPartOf":{"@id":"https:\/\/www.smedemokrati.sk\/#website"},"primaryImageOfPage":{"@id":"https:\/\/www.smedemokrati.sk\/bez-demokratov-nevznikne-demokraticka-vlada-apelujeme-na-spolupracu\/#primaryimage"},"image":{"@id":"https:\/\/www.smedemokrati.sk\/bez-demokratov-nevznikne-demokraticka-vlada-apelujeme-na-spolupracu\/#primaryimage"},"thumbnailUrl":"https:\/\/www.smedemokrati.sk\/wp-content\/uploads\/2024\/12\/DSC5564.jpg","datePublished":"2024-12-07T17:00:55+00:00","dateModified":"2024-12-10T12:16:15+00:00","breadcrumb":{"@id":"https:\/\/www.smedemokrati.sk\/bez-demokratov-nevznikne-demokraticka-vlada-apelujeme-na-spolupracu\/#breadcrumb"},"inLanguage":"hu-HU","potentialAction":[{"@type":"ReadAction","target":["https:\/\/www.smedemokrati.sk\/bez-demokratov-nevznikne-demokraticka-vlada-apelujeme-na-spolupracu\/"]}]},{"@type":"ImageObject","inLanguage":"hu-HU","@id":"https:\/\/www.smedemokrati.sk\/bez-demokratov-nevznikne-demokraticka-vlada-apelujeme-na-spolupracu\/#primaryimage","url":"https:\/\/www.smedemokrati.sk\/wp-content\/uploads\/2024\/12\/DSC5564.jpg","contentUrl":"https:\/\/www.smedemokrati.sk\/wp-content\/uploads\/2024\/12\/DSC5564.jpg","width":1920,"height":1280},{"@type":"BreadcrumbList","@id":"https:\/\/www.smedemokrati.sk\/bez-demokratov-nevznikne-demokraticka-vlada-apelujeme-na-spolupracu\/#breadcrumb","itemListElement":[{"@type":"ListItem","position":1,"name":"Domovsk\u00e1 str\u00e1nka","item":"https:\/\/www.smedemokrati.sk\/"},{"@type":"ListItem","position":2,"name":"Bez Demokratov nevznikne demokratick\u00e1 vl\u00e1da, apelujeme na spolupr\u00e1cu"}]},{"@type":"WebSite","@id":"https:\/\/www.smedemokrati.sk\/#website","url":"https:\/\/www.smedemokrati.sk\/","name":"Smedemokrati.sk","description":"Demokracia a slu\u0161nos\u0165 zv\u00ed\u0165az\u00ed","publisher":{"@id":"https:\/\/www.smedemokrati.sk\/#organization"},"potentialAction":[{"@type":"SearchAction","target":{"@type":"EntryPoint","urlTemplate":"https:\/\/www.smedemokrati.sk\/?s={search_term_string}"},"query-input":{"@type":"PropertyValueSpecification","valueRequired":true,"valueName":"search_term_string"}}],"inLanguage":"hu-HU"},{"@type":"Organization","@id":"https:\/\/www.smedemokrati.sk\/#organization","name":"Smedemokrati.sk","url":"https:\/\/www.smedemokrati.sk\/","logo":{"@type":"ImageObject","inLanguage":"hu-HU","@id":"https:\/\/www.smedemokrati.sk\/#\/schema\/logo\/image\/","url":"https:\/\/www.smedemokrati.sk\/wp-content\/uploads\/2023\/04\/ff.002.jpeg","contentUrl":"https:\/\/www.smedemokrati.sk\/wp-content\/uploads\/2023\/04\/ff.002.jpeg","width":640,"height":480,"caption":"Smedemokrati.sk"},"image":{"@id":"https:\/\/www.smedemokrati.sk\/#\/schema\/logo\/image\/"},"sameAs":["https:\/\/www.facebook.com\/smedemokrati2023"]},{"@type":"Person","@id":"https:\/\/www.smedemokrati.sk\/#\/schema\/person\/21f147c88d605aa7ded900e1e7c344ba","name":"miro.sopko","image":{"@type":"ImageObject","inLanguage":"hu-HU","@id":"https:\/\/secure.gravatar.com\/avatar\/267e4a36f704376c109afe3a78740c1f5dd8675a2180a908699e7863c9247606?s=96&d=mm&r=g","url":"https:\/\/secure.gravatar.com\/avatar\/267e4a36f704376c109afe3a78740c1f5dd8675a2180a908699e7863c9247606?s=96&d=mm&r=g","contentUrl":"https:\/\/secure.gravatar.com\/avatar\/267e4a36f704376c109afe3a78740c1f5dd8675a2180a908699e7863c9247606?s=96&d=mm&r=g","caption":"miro.sopko"},"url":"https:\/\/www.smedemokrati.sk\/hu\/author\/miro-sopko\/"}]}},"_links":{"self":[{"href":"https:\/\/www.smedemokrati.sk\/hu\/wp-json\/wp\/v2\/posts\/5942","targetHints":{"allow":["GET"]}}],"collection":[{"href":"https:\/\/www.smedemokrati.sk\/hu\/wp-json\/wp\/v2\/posts"}],"about":[{"href":"https:\/\/www.smedemokrati.sk\/hu\/wp-json\/wp\/v2\/types\/post"}],"author":[{"embeddable":true,"href":"https:\/\/www.smedemokrati.sk\/hu\/wp-json\/wp\/v2\/users\/13"}],"replies":[{"embeddable":true,"href":"https:\/\/www.smedemokrati.sk\/hu\/wp-json\/wp\/v2\/comments?post=5942"}],"version-history":[{"count":1,"href":"https:\/\/www.smedemokrati.sk\/hu\/wp-json\/wp\/v2\/posts\/5942\/revisions"}],"predecessor-version":[{"id":5953,"href":"https:\/\/www.smedemokrati.sk\/hu\/wp-json\/wp\/v2\/posts\/5942\/revisions\/5953"}],"wp:featuredmedia":[{"embeddable":true,"href":"https:\/\/www.smedemokrati.sk\/hu\/wp-json\/wp\/v2\/media\/5943"}],"wp:attachment":[{"href":"https:\/\/www.smedemokrati.sk\/hu\/wp-json\/wp\/v2\/media?parent=5942"}],"wp:term":[{"taxonomy":"category","embeddable":true,"href":"https:\/\/www.smedemokrati.sk\/hu\/wp-json\/wp\/v2\/categories?post=5942"},{"taxonomy":"post_tag","embeddable":true,"href":"https:\/\/www.smedemokrati.sk\/hu\/wp-json\/wp\/v2\/tags?post=5942"}],"curies":[{"name":"wp","href":"https:\/\/api.w.org\/{rel}","templated":true}]}}