{"id":5530,"date":"2024-11-16T20:11:47","date_gmt":"2024-11-16T19:11:47","guid":{"rendered":"https:\/\/www.smedemokrati.sk\/?p=5530"},"modified":"2024-11-20T21:12:16","modified_gmt":"2024-11-20T20:12:16","slug":"podujatim-v-presove-si-pripomenieme-udalosti-novembra-89","status":"publish","type":"post","link":"https:\/\/www.smedemokrati.sk\/hu\/podujatim-v-presove-si-pripomenieme-udalosti-novembra-89\/","title":{"rendered":"Podujat\u00edm v Pre\u0161ove si pripomenieme udalosti novembra 89"},"content":{"rendered":"<div id=\"fb-root\"><\/div>\n\n<p><strong>Demokrati si pripomen\u00fa udalosti novembra 1989 podujat\u00edm v Pre\u0161ove. Program pre verejnos\u0165 za\u010d\u00edna o 16:00 na Hlavnej ulici. Na p\u00f3diu vyst\u00fapi Jaroslav Na\u010f (Demokrati), prim\u00e1tor mesta Pre\u0161ov Franti\u0161ek O\u013eha (Demokrati), Martin Husovsk\u00fd (Komajota), politol\u00f3g Grigorij Mese\u017enikov \u010di priamy \u00fa\u010dastn\u00edci novembrov\u00fdch udalost\u00ed. S\u00fa\u010da\u0165ou programu bude aj zap\u00e1lenie svie\u010dok obetiam komunistick\u00e9ho re\u017eimu.<\/strong><\/p>\n\n\n\n<p>\u201cPoz\u00fdvame v\u0161etk\u00fdch, ktor\u00ed m\u00f4\u017eu, aby pri\u0161li v nede\u013eu na Hlavn\u00fa ulicu do Pre\u0161ova. V\u010faka novembru 1989, respekt\u00edve v\u010faka odvahe \u0161tudentov, ob\u010dianskych aktivistov a tlaku verejnosti m\u00f4\u017eeme slobodne voli\u0165, uplat\u0148ova\u0165 \u013eudsk\u00e9 pr\u00e1va a slobody a tie\u017e naplno vyu\u017e\u00edva\u0165 v\u0161etko, \u010do je obsiahnut\u00e9 v pojme demokracia,\u201d hovor\u00ed predseda Demokratov Jaroslav Na\u010f a vysvet\u013euje, pre\u010do je d\u00f4le\u017eit\u00e9 pripomen\u00fa\u0165 si udalosti Ne\u017enej revol\u00facie: \u201cVl\u00e1da Roberta Fica \u0161liape po v\u0161etkom, \u010do n\u00e1m udalosti novembra 89 zaru\u010dili. Hovoria o zmene volebn\u00e9ho syst\u00e9mu, \u0161ialen\u00fdm sp\u00f4sobom menia z\u00e1kony a za svojho spojenca pova\u017euj\u00fa Rusko, ktor\u00e9 neprest\u00e1va vra\u017edi\u0165 na Ukrajine. Je to neakceptovate\u013en\u00e9 a s odkazom udalost\u00ed Ne\u017enej revol\u00facie absol\u00fatne nezlu\u010dite\u013en\u00e9\u201d.<\/p>\n\n\n\n<p><strong>Program na Hlavnej ulici v Pre\u0161ove za\u010d\u00edna o 16:00. Na p\u00f3diu vyst\u00fapi okrem predsedu Demokratov Jaroslava Na\u010fa aj prim\u00e1tor mesta Pre\u0161ov Franti\u0161ek O\u013eha, poslanec NR SR Richard Dubovick\u00fd (PS), Martin Husovsk\u00fd z kapely Komajota, politol\u00f3g Grigorij Mese\u017enikov, Daniel Li\u0161ka z VPN Ko\u0161ice, Jozef Mur\u00e1nsky z VPN Pre\u0161ov \u010di novin\u00e1r Jozef Jur\u010di\u0161in.&nbsp;<\/strong><\/p>\n\n\n\n<p>S\u00fa\u010das\u0165ou podujatia bude aj uctenie si obet\u00ed komunistick\u00e9ho re\u017eimu, a to zap\u00e1len\u00edm svie\u010dok pri pam\u00e4tn\u00edku.<\/p>\n","protected":false},"excerpt":{"rendered":"<p>Demokrati si pripomen\u00fa udalosti novembra 1989 podujat\u00edm v Pre\u0161ove. Program pre verejnos\u0165 za\u010d\u00edna o 16:00 na Hlavnej ulici. Na p\u00f3diu vyst\u00fapi Jaroslav Na\u010f (Demokrati), prim\u00e1tor mesta Pre\u0161ov Franti\u0161ek O\u013eha (Demokrati), Martin Husovsk\u00fd (Komajota), politol\u00f3g Grigorij Mese\u017enikov \u010di priamy \u00fa\u010dastn\u00edci novembrov\u00fdch udalost\u00ed. S\u00fa\u010da\u0165ou programu bude aj zap\u00e1lenie svie\u010dok obetiam komunistick\u00e9ho re\u017eimu. \u201cPoz\u00fdvame v\u0161etk\u00fdch, ktor\u00ed m\u00f4\u017eu, aby [&hellip;]<\/p>\n","protected":false},"author":13,"featured_media":5531,"comment_status":"closed","ping_status":"closed","sticky":false,"template":"","format":"standard","meta":{"_acf_changed":false,"ngg_post_thumbnail":0,"footnotes":""},"categories":[4],"tags":[],"class_list":["post-5530","post","type-post","status-publish","format-standard","has-post-thumbnail","hentry","category-tlacove-spravy"],"acf":[],"yoast_head":"<!-- This site is optimized with the Yoast SEO plugin v27.2 - https:\/\/yoast.com\/product\/yoast-seo-wordpress\/ -->\n<title>Podujat\u00edm v Pre\u0161ove si pripomenieme udalosti novembra 89<\/title>\n<meta name=\"robots\" content=\"index, follow, max-snippet:-1, max-image-preview:large, max-video-preview:-1\" \/>\n<link rel=\"canonical\" href=\"https:\/\/www.smedemokrati.sk\/hu\/podujatim-v-presove-si-pripomenieme-udalosti-novembra-89\/\" \/>\n<meta property=\"og:locale\" content=\"hu_HU\" \/>\n<meta property=\"og:locale:alternate\" content=\"en_US\" \/>\n<meta property=\"og:locale:alternate\" content=\"cs_CZ\" \/>\n<meta property=\"og:locale:alternate\" content=\"sk_SK\" \/>\n<meta property=\"og:locale:alternate\" content=\"sv_SE\" \/>\n<meta property=\"og:type\" content=\"article\" \/>\n<meta property=\"og:title\" content=\"Podujat\u00edm v Pre\u0161ove si pripomenieme udalosti novembra 89\" \/>\n<meta property=\"og:description\" content=\"Demokrati si pripomen\u00fa udalosti novembra 1989 podujat\u00edm v Pre\u0161ove. Program pre verejnos\u0165 za\u010d\u00edna o 16:00 na Hlavnej ulici. Na p\u00f3diu vyst\u00fapi Jaroslav Na\u010f (Demokrati), prim\u00e1tor mesta Pre\u0161ov Franti\u0161ek O\u013eha (Demokrati), Martin Husovsk\u00fd (Komajota), politol\u00f3g Grigorij Mese\u017enikov \u010di priamy \u00fa\u010dastn\u00edci novembrov\u00fdch udalost\u00ed. S\u00fa\u010da\u0165ou programu bude aj zap\u00e1lenie svie\u010dok obetiam komunistick\u00e9ho re\u017eimu. \u201cPoz\u00fdvame v\u0161etk\u00fdch, ktor\u00ed m\u00f4\u017eu, aby [&hellip;]\" \/>\n<meta property=\"og:url\" content=\"https:\/\/www.smedemokrati.sk\/hu\/podujatim-v-presove-si-pripomenieme-udalosti-novembra-89\/\" \/>\n<meta property=\"og:site_name\" content=\"Smedemokrati.sk\" \/>\n<meta property=\"article:publisher\" content=\"https:\/\/www.facebook.com\/smedemokrati2023\" \/>\n<meta property=\"article:published_time\" content=\"2024-11-16T19:11:47+00:00\" \/>\n<meta property=\"article:modified_time\" content=\"2024-11-20T20:12:16+00:00\" \/>\n<meta property=\"og:image\" content=\"https:\/\/www.smedemokrati.sk\/wp-content\/uploads\/2024\/11\/466424425_1139713904188103_6325424110398727714_n.jpg\" \/>\n\t<meta property=\"og:image:width\" content=\"1080\" \/>\n\t<meta property=\"og:image:height\" content=\"1350\" \/>\n\t<meta property=\"og:image:type\" content=\"image\/jpeg\" \/>\n<meta name=\"author\" content=\"miro.sopko\" \/>\n<meta name=\"twitter:card\" content=\"summary_large_image\" \/>\n<meta name=\"twitter:label1\" content=\"Szerz\u0151:\" \/>\n\t<meta name=\"twitter:data1\" content=\"miro.sopko\" \/>\n\t<meta name=\"twitter:label2\" content=\"Becs\u00fclt olvas\u00e1si id\u0151\" \/>\n\t<meta name=\"twitter:data2\" content=\"2 perc\" \/>\n<script type=\"application\/ld+json\" class=\"yoast-schema-graph\">{\"@context\":\"https:\/\/schema.org\",\"@graph\":[{\"@type\":\"Article\",\"@id\":\"https:\/\/www.smedemokrati.sk\/podujatim-v-presove-si-pripomenieme-udalosti-novembra-89\/#article\",\"isPartOf\":{\"@id\":\"https:\/\/www.smedemokrati.sk\/podujatim-v-presove-si-pripomenieme-udalosti-novembra-89\/\"},\"author\":{\"name\":\"miro.sopko\",\"@id\":\"https:\/\/www.smedemokrati.sk\/#\/schema\/person\/21f147c88d605aa7ded900e1e7c344ba\"},\"headline\":\"Podujat\u00edm v Pre\u0161ove si pripomenieme udalosti novembra 89\",\"datePublished\":\"2024-11-16T19:11:47+00:00\",\"dateModified\":\"2024-11-20T20:12:16+00:00\",\"mainEntityOfPage\":{\"@id\":\"https:\/\/www.smedemokrati.sk\/podujatim-v-presove-si-pripomenieme-udalosti-novembra-89\/\"},\"wordCount\":311,\"publisher\":{\"@id\":\"https:\/\/www.smedemokrati.sk\/#organization\"},\"image\":{\"@id\":\"https:\/\/www.smedemokrati.sk\/podujatim-v-presove-si-pripomenieme-udalosti-novembra-89\/#primaryimage\"},\"thumbnailUrl\":\"https:\/\/www.smedemokrati.sk\/wp-content\/uploads\/2024\/11\/466424425_1139713904188103_6325424110398727714_n.jpg\",\"articleSection\":[\"Tla\u010dov\u00e9 spr\u00e1vy\"],\"inLanguage\":\"hu-HU\"},{\"@type\":\"WebPage\",\"@id\":\"https:\/\/www.smedemokrati.sk\/podujatim-v-presove-si-pripomenieme-udalosti-novembra-89\/\",\"url\":\"https:\/\/www.smedemokrati.sk\/podujatim-v-presove-si-pripomenieme-udalosti-novembra-89\/\",\"name\":\"Podujat\u00edm v Pre\u0161ove si pripomenieme udalosti novembra 89\",\"isPartOf\":{\"@id\":\"https:\/\/www.smedemokrati.sk\/#website\"},\"primaryImageOfPage\":{\"@id\":\"https:\/\/www.smedemokrati.sk\/podujatim-v-presove-si-pripomenieme-udalosti-novembra-89\/#primaryimage\"},\"image\":{\"@id\":\"https:\/\/www.smedemokrati.sk\/podujatim-v-presove-si-pripomenieme-udalosti-novembra-89\/#primaryimage\"},\"thumbnailUrl\":\"https:\/\/www.smedemokrati.sk\/wp-content\/uploads\/2024\/11\/466424425_1139713904188103_6325424110398727714_n.jpg\",\"datePublished\":\"2024-11-16T19:11:47+00:00\",\"dateModified\":\"2024-11-20T20:12:16+00:00\",\"breadcrumb\":{\"@id\":\"https:\/\/www.smedemokrati.sk\/podujatim-v-presove-si-pripomenieme-udalosti-novembra-89\/#breadcrumb\"},\"inLanguage\":\"hu-HU\",\"potentialAction\":[{\"@type\":\"ReadAction\",\"target\":[\"https:\/\/www.smedemokrati.sk\/podujatim-v-presove-si-pripomenieme-udalosti-novembra-89\/\"]}]},{\"@type\":\"ImageObject\",\"inLanguage\":\"hu-HU\",\"@id\":\"https:\/\/www.smedemokrati.sk\/podujatim-v-presove-si-pripomenieme-udalosti-novembra-89\/#primaryimage\",\"url\":\"https:\/\/www.smedemokrati.sk\/wp-content\/uploads\/2024\/11\/466424425_1139713904188103_6325424110398727714_n.jpg\",\"contentUrl\":\"https:\/\/www.smedemokrati.sk\/wp-content\/uploads\/2024\/11\/466424425_1139713904188103_6325424110398727714_n.jpg\",\"width\":1080,\"height\":1350},{\"@type\":\"BreadcrumbList\",\"@id\":\"https:\/\/www.smedemokrati.sk\/podujatim-v-presove-si-pripomenieme-udalosti-novembra-89\/#breadcrumb\",\"itemListElement\":[{\"@type\":\"ListItem\",\"position\":1,\"name\":\"Domovsk\u00e1 str\u00e1nka\",\"item\":\"https:\/\/www.smedemokrati.sk\/\"},{\"@type\":\"ListItem\",\"position\":2,\"name\":\"Podujat\u00edm v Pre\u0161ove si pripomenieme udalosti novembra 89\"}]},{\"@type\":\"WebSite\",\"@id\":\"https:\/\/www.smedemokrati.sk\/#website\",\"url\":\"https:\/\/www.smedemokrati.sk\/\",\"name\":\"Smedemokrati.sk\",\"description\":\"Demokracia a slu\u0161nos\u0165 zv\u00ed\u0165az\u00ed\",\"publisher\":{\"@id\":\"https:\/\/www.smedemokrati.sk\/#organization\"},\"potentialAction\":[{\"@type\":\"SearchAction\",\"target\":{\"@type\":\"EntryPoint\",\"urlTemplate\":\"https:\/\/www.smedemokrati.sk\/?s={search_term_string}\"},\"query-input\":{\"@type\":\"PropertyValueSpecification\",\"valueRequired\":true,\"valueName\":\"search_term_string\"}}],\"inLanguage\":\"hu-HU\"},{\"@type\":\"Organization\",\"@id\":\"https:\/\/www.smedemokrati.sk\/#organization\",\"name\":\"Smedemokrati.sk\",\"url\":\"https:\/\/www.smedemokrati.sk\/\",\"logo\":{\"@type\":\"ImageObject\",\"inLanguage\":\"hu-HU\",\"@id\":\"https:\/\/www.smedemokrati.sk\/#\/schema\/logo\/image\/\",\"url\":\"https:\/\/www.smedemokrati.sk\/wp-content\/uploads\/2023\/04\/ff.002.jpeg\",\"contentUrl\":\"https:\/\/www.smedemokrati.sk\/wp-content\/uploads\/2023\/04\/ff.002.jpeg\",\"width\":640,\"height\":480,\"caption\":\"Smedemokrati.sk\"},\"image\":{\"@id\":\"https:\/\/www.smedemokrati.sk\/#\/schema\/logo\/image\/\"},\"sameAs\":[\"https:\/\/www.facebook.com\/smedemokrati2023\"]},{\"@type\":\"Person\",\"@id\":\"https:\/\/www.smedemokrati.sk\/#\/schema\/person\/21f147c88d605aa7ded900e1e7c344ba\",\"name\":\"miro.sopko\",\"image\":{\"@type\":\"ImageObject\",\"inLanguage\":\"hu-HU\",\"@id\":\"https:\/\/secure.gravatar.com\/avatar\/267e4a36f704376c109afe3a78740c1f5dd8675a2180a908699e7863c9247606?s=96&d=mm&r=g\",\"url\":\"https:\/\/secure.gravatar.com\/avatar\/267e4a36f704376c109afe3a78740c1f5dd8675a2180a908699e7863c9247606?s=96&d=mm&r=g\",\"contentUrl\":\"https:\/\/secure.gravatar.com\/avatar\/267e4a36f704376c109afe3a78740c1f5dd8675a2180a908699e7863c9247606?s=96&d=mm&r=g\",\"caption\":\"miro.sopko\"},\"url\":\"https:\/\/www.smedemokrati.sk\/hu\/author\/miro-sopko\/\"}]}<\/script>\n<!-- \/ Yoast SEO plugin. -->","yoast_head_json":{"title":"Podujat\u00edm v Pre\u0161ove si pripomenieme udalosti novembra 89","robots":{"index":"index","follow":"follow","max-snippet":"max-snippet:-1","max-image-preview":"max-image-preview:large","max-video-preview":"max-video-preview:-1"},"canonical":"https:\/\/www.smedemokrati.sk\/hu\/podujatim-v-presove-si-pripomenieme-udalosti-novembra-89\/","og_locale":"hu_HU","og_type":"article","og_title":"[:sk]Podujat\u00edm v Pre\u0161ove si pripomenieme udalosti novembra 89[:] - Smedemokrati.sk","og_description":"Demokrati si pripomen\u00fa udalosti novembra 1989 podujat\u00edm v Pre\u0161ove. Program pre verejnos\u0165 za\u010d\u00edna o 16:00 na Hlavnej ulici. Na p\u00f3diu vyst\u00fapi Jaroslav Na\u010f (Demokrati), prim\u00e1tor mesta Pre\u0161ov Franti\u0161ek O\u013eha (Demokrati), Martin Husovsk\u00fd (Komajota), politol\u00f3g Grigorij Mese\u017enikov \u010di priamy \u00fa\u010dastn\u00edci novembrov\u00fdch udalost\u00ed. S\u00fa\u010da\u0165ou programu bude aj zap\u00e1lenie svie\u010dok obetiam komunistick\u00e9ho re\u017eimu. \u201cPoz\u00fdvame v\u0161etk\u00fdch, ktor\u00ed m\u00f4\u017eu, aby [&hellip;]","og_url":"https:\/\/www.smedemokrati.sk\/hu\/podujatim-v-presove-si-pripomenieme-udalosti-novembra-89\/","og_site_name":"Smedemokrati.sk","article_publisher":"https:\/\/www.facebook.com\/smedemokrati2023","article_published_time":"2024-11-16T19:11:47+00:00","article_modified_time":"2024-11-20T20:12:16+00:00","og_image":[{"width":1080,"height":1350,"url":"https:\/\/www.smedemokrati.sk\/wp-content\/uploads\/2024\/11\/466424425_1139713904188103_6325424110398727714_n.jpg","type":"image\/jpeg"}],"author":"miro.sopko","twitter_card":"summary_large_image","twitter_misc":{"Szerz\u0151:":"miro.sopko","Becs\u00fclt olvas\u00e1si id\u0151":"2 perc"},"schema":{"@context":"https:\/\/schema.org","@graph":[{"@type":"Article","@id":"https:\/\/www.smedemokrati.sk\/podujatim-v-presove-si-pripomenieme-udalosti-novembra-89\/#article","isPartOf":{"@id":"https:\/\/www.smedemokrati.sk\/podujatim-v-presove-si-pripomenieme-udalosti-novembra-89\/"},"author":{"name":"miro.sopko","@id":"https:\/\/www.smedemokrati.sk\/#\/schema\/person\/21f147c88d605aa7ded900e1e7c344ba"},"headline":"Podujat\u00edm v Pre\u0161ove si pripomenieme udalosti novembra 89","datePublished":"2024-11-16T19:11:47+00:00","dateModified":"2024-11-20T20:12:16+00:00","mainEntityOfPage":{"@id":"https:\/\/www.smedemokrati.sk\/podujatim-v-presove-si-pripomenieme-udalosti-novembra-89\/"},"wordCount":311,"publisher":{"@id":"https:\/\/www.smedemokrati.sk\/#organization"},"image":{"@id":"https:\/\/www.smedemokrati.sk\/podujatim-v-presove-si-pripomenieme-udalosti-novembra-89\/#primaryimage"},"thumbnailUrl":"https:\/\/www.smedemokrati.sk\/wp-content\/uploads\/2024\/11\/466424425_1139713904188103_6325424110398727714_n.jpg","articleSection":["Tla\u010dov\u00e9 spr\u00e1vy"],"inLanguage":"hu-HU"},{"@type":"WebPage","@id":"https:\/\/www.smedemokrati.sk\/podujatim-v-presove-si-pripomenieme-udalosti-novembra-89\/","url":"https:\/\/www.smedemokrati.sk\/podujatim-v-presove-si-pripomenieme-udalosti-novembra-89\/","name":"Podujat\u00edm v Pre\u0161ove si pripomenieme udalosti novembra 89","isPartOf":{"@id":"https:\/\/www.smedemokrati.sk\/#website"},"primaryImageOfPage":{"@id":"https:\/\/www.smedemokrati.sk\/podujatim-v-presove-si-pripomenieme-udalosti-novembra-89\/#primaryimage"},"image":{"@id":"https:\/\/www.smedemokrati.sk\/podujatim-v-presove-si-pripomenieme-udalosti-novembra-89\/#primaryimage"},"thumbnailUrl":"https:\/\/www.smedemokrati.sk\/wp-content\/uploads\/2024\/11\/466424425_1139713904188103_6325424110398727714_n.jpg","datePublished":"2024-11-16T19:11:47+00:00","dateModified":"2024-11-20T20:12:16+00:00","breadcrumb":{"@id":"https:\/\/www.smedemokrati.sk\/podujatim-v-presove-si-pripomenieme-udalosti-novembra-89\/#breadcrumb"},"inLanguage":"hu-HU","potentialAction":[{"@type":"ReadAction","target":["https:\/\/www.smedemokrati.sk\/podujatim-v-presove-si-pripomenieme-udalosti-novembra-89\/"]}]},{"@type":"ImageObject","inLanguage":"hu-HU","@id":"https:\/\/www.smedemokrati.sk\/podujatim-v-presove-si-pripomenieme-udalosti-novembra-89\/#primaryimage","url":"https:\/\/www.smedemokrati.sk\/wp-content\/uploads\/2024\/11\/466424425_1139713904188103_6325424110398727714_n.jpg","contentUrl":"https:\/\/www.smedemokrati.sk\/wp-content\/uploads\/2024\/11\/466424425_1139713904188103_6325424110398727714_n.jpg","width":1080,"height":1350},{"@type":"BreadcrumbList","@id":"https:\/\/www.smedemokrati.sk\/podujatim-v-presove-si-pripomenieme-udalosti-novembra-89\/#breadcrumb","itemListElement":[{"@type":"ListItem","position":1,"name":"Domovsk\u00e1 str\u00e1nka","item":"https:\/\/www.smedemokrati.sk\/"},{"@type":"ListItem","position":2,"name":"Podujat\u00edm v Pre\u0161ove si pripomenieme udalosti novembra 89"}]},{"@type":"WebSite","@id":"https:\/\/www.smedemokrati.sk\/#website","url":"https:\/\/www.smedemokrati.sk\/","name":"Smedemokrati.sk","description":"Demokracia a slu\u0161nos\u0165 zv\u00ed\u0165az\u00ed","publisher":{"@id":"https:\/\/www.smedemokrati.sk\/#organization"},"potentialAction":[{"@type":"SearchAction","target":{"@type":"EntryPoint","urlTemplate":"https:\/\/www.smedemokrati.sk\/?s={search_term_string}"},"query-input":{"@type":"PropertyValueSpecification","valueRequired":true,"valueName":"search_term_string"}}],"inLanguage":"hu-HU"},{"@type":"Organization","@id":"https:\/\/www.smedemokrati.sk\/#organization","name":"Smedemokrati.sk","url":"https:\/\/www.smedemokrati.sk\/","logo":{"@type":"ImageObject","inLanguage":"hu-HU","@id":"https:\/\/www.smedemokrati.sk\/#\/schema\/logo\/image\/","url":"https:\/\/www.smedemokrati.sk\/wp-content\/uploads\/2023\/04\/ff.002.jpeg","contentUrl":"https:\/\/www.smedemokrati.sk\/wp-content\/uploads\/2023\/04\/ff.002.jpeg","width":640,"height":480,"caption":"Smedemokrati.sk"},"image":{"@id":"https:\/\/www.smedemokrati.sk\/#\/schema\/logo\/image\/"},"sameAs":["https:\/\/www.facebook.com\/smedemokrati2023"]},{"@type":"Person","@id":"https:\/\/www.smedemokrati.sk\/#\/schema\/person\/21f147c88d605aa7ded900e1e7c344ba","name":"miro.sopko","image":{"@type":"ImageObject","inLanguage":"hu-HU","@id":"https:\/\/secure.gravatar.com\/avatar\/267e4a36f704376c109afe3a78740c1f5dd8675a2180a908699e7863c9247606?s=96&d=mm&r=g","url":"https:\/\/secure.gravatar.com\/avatar\/267e4a36f704376c109afe3a78740c1f5dd8675a2180a908699e7863c9247606?s=96&d=mm&r=g","contentUrl":"https:\/\/secure.gravatar.com\/avatar\/267e4a36f704376c109afe3a78740c1f5dd8675a2180a908699e7863c9247606?s=96&d=mm&r=g","caption":"miro.sopko"},"url":"https:\/\/www.smedemokrati.sk\/hu\/author\/miro-sopko\/"}]}},"_links":{"self":[{"href":"https:\/\/www.smedemokrati.sk\/hu\/wp-json\/wp\/v2\/posts\/5530","targetHints":{"allow":["GET"]}}],"collection":[{"href":"https:\/\/www.smedemokrati.sk\/hu\/wp-json\/wp\/v2\/posts"}],"about":[{"href":"https:\/\/www.smedemokrati.sk\/hu\/wp-json\/wp\/v2\/types\/post"}],"author":[{"embeddable":true,"href":"https:\/\/www.smedemokrati.sk\/hu\/wp-json\/wp\/v2\/users\/13"}],"replies":[{"embeddable":true,"href":"https:\/\/www.smedemokrati.sk\/hu\/wp-json\/wp\/v2\/comments?post=5530"}],"version-history":[{"count":1,"href":"https:\/\/www.smedemokrati.sk\/hu\/wp-json\/wp\/v2\/posts\/5530\/revisions"}],"predecessor-version":[{"id":5532,"href":"https:\/\/www.smedemokrati.sk\/hu\/wp-json\/wp\/v2\/posts\/5530\/revisions\/5532"}],"wp:featuredmedia":[{"embeddable":true,"href":"https:\/\/www.smedemokrati.sk\/hu\/wp-json\/wp\/v2\/media\/5531"}],"wp:attachment":[{"href":"https:\/\/www.smedemokrati.sk\/hu\/wp-json\/wp\/v2\/media?parent=5530"}],"wp:term":[{"taxonomy":"category","embeddable":true,"href":"https:\/\/www.smedemokrati.sk\/hu\/wp-json\/wp\/v2\/categories?post=5530"},{"taxonomy":"post_tag","embeddable":true,"href":"https:\/\/www.smedemokrati.sk\/hu\/wp-json\/wp\/v2\/tags?post=5530"}],"curies":[{"name":"wp","href":"https:\/\/api.w.org\/{rel}","templated":true}]}}