{"id":5474,"date":"2024-11-06T13:32:08","date_gmt":"2024-11-06T12:32:08","guid":{"rendered":"https:\/\/www.smedemokrati.sk\/?p=5474"},"modified":"2024-11-19T13:24:10","modified_gmt":"2024-11-19T12:24:10","slug":"novy-stavebny-zakon-moze-priniest-chaos","status":"publish","type":"post","link":"https:\/\/www.smedemokrati.sk\/hu\/novy-stavebny-zakon-moze-priniest-chaos\/","title":{"rendered":"Nov\u00fd stavebn\u00fd z\u00e1kon m\u00f4\u017ee prinies\u0165 chaos"},"content":{"rendered":"<div id=\"fb-root\"><\/div>\n\n<p><strong>Vl\u00e1dou dnes (6. november 2024) schv\u00e1len\u00fd stavebn\u00fd z\u00e1kon je nepreh\u013eadn\u00fdm nepodarkom, ktor\u00fd do stavebn\u00fdch konan\u00ed prinesie chaos, obmedz\u00ed vplyv a kontrolu ob\u010danov nad v\u00fdstavbou a pri jeho schva\u013eovan\u00ed boli poru\u0161en\u00e9 Legislat\u00edvne pravidla vl\u00e1dy SR. Naviac, kr\u00e1tko pred jeho \u00fa\u010dinnos\u0165ou st\u00e1le nie s\u00fa zn\u00e1me d\u00f4le\u017eit\u00e9 vykon\u00e1vacie predpisy.&nbsp;<\/strong><\/p>\n\n\n\n<p>Podporujeme snahy o zefekt\u00edvnenie povo\u013eovac\u00edch procesov, no nesmie sa tak dia\u0165 chaoticky a na \u00fakor pr\u00e1v ob\u010danov. \u201e<em>Nov\u00fd stavebn\u00fd z\u00e1kon nenapln\u00ed o\u010dak\u00e1vania, ktor\u00e9 m\u00e1 odborn\u00e1 verejnos\u0165 a ani ciele, ktor\u00e9 si stanovilo ministerstvo dopravy. Kriticky vn\u00edmame oslabenie postavenia verejnosti v stavebnom konan\u00ed. Ide o \u010fal\u0161\u00ed krok, ktor\u00fd ober\u00e1 ob\u010danov o efekt\u00edvnu kontrolu nad v\u00fdstavbou a jej dopadmi na \u017eivotn\u00e9 prostredie. Spolu s Tarabovou novelou z\u00e1kona o posudzovan\u00ed vplyvov na \u017eivotn\u00e9 prostredie sp\u00f4sob\u00ed, \u017ee ob\u010dania nebud\u00fa m\u00f4c\u0165 zabr\u00e1ni\u0165 \u0161kodliv\u00fdm dopadom v\u00fdstavby napr\u00edklad spa\u013eovne za ich humnami,<\/em>\u201d otv\u00e1ra t\u00e9mu Michal Ki\u010da, \u010dlen predsedn\u00edctva strany a jej environment\u00e1lny expert.\u00a0<\/p>\n\n\n\n<p>\u201e<em>\u010eal\u0161\u00edm probl\u00e9mom nov\u00e9ho stavebn\u00e9ho z\u00e1kona je sp\u00f4sob informovania verejnosti o stavebn\u00fdch z\u00e1meroch a ich zverej\u0148ovanie, ktor\u00e9 je nejasn\u00e9 a bude vies\u0165 k nepreh\u013eadnosti stavebn\u00fdch konan\u00ed. Obyvatelia sa o stavebn\u00fdch z\u00e1meroch v ich okol\u00ed skr\u00e1tka nemusia v\u010das dozvedie\u0165,<\/em>\u201d kritizuje Michal Ki\u010da a upozor\u0148uje, \u017ee rovnako absentuje p\u00f4vodne ohlasovan\u00fd informa\u010dn\u00fd syst\u00e9m stavebn\u00fdch konan\u00ed, ktor\u00e9 sa obmedzuje len na ak\u00e9si d\u00e1tov\u00e9 \u00falo\u017eisko.<\/p>\n\n\n\n<p>N\u00e1vrh stavebn\u00e9ho z\u00e1kona bol prijat\u00fd bez tzv. vyvolan\u00fdch noveliz\u00e1ci\u00ed, teda zmien osobitn\u00fdch z\u00e1konov najm\u00e4 v oblasti \u017eivotn\u00e9ho prostredia, bez ktor\u00fdch je nov\u00fd stavebn\u00fd z\u00e1kon nevykonate\u013en\u00fd. \u201e<em>Tie neboli e\u0161te ani len predstaven\u00e9. Rizikom tohto postupu je chaosu v stavebn\u00fdch konaniach po 1. apr\u00edli 2025 ako aj nebezpe\u010dn\u00e9 z\u00e1sahy do \u017eivotn\u00e9ho prostredia. M\u00f4\u017eeme by\u0165 svedkami vzniku hospod\u00e1rskych \u0161k\u00f4d podobne, ako tomu bolo ned\u00e1vno v \u010ceskej republike,<\/em>\u201d dop\u013a\u0148a Michal Ki\u010da.<\/p>\n\n\n\n<p>\u201e<em>Minister R\u00e1\u017e nezabezpe\u010dil ani dodr\u017eanie z\u00e1kladn\u00fdch pravidiel pripomienkovacieho konania a legislat\u00edvnych pravidiel vl\u00e1dy. Mnoh\u00e9 pripomienky, vr\u00e1tane t\u00fdch, ktor\u00e9 predlo\u017eila strana Demokrati, neboli vyhodnoten\u00e9 v\u00f4bec a s predkladate\u013emi hromadn\u00fdch pripomienok sa neuskuto\u010dnilo ani rozporov\u00e9 konanie na \u00farovni \u0161tatut\u00e1rov. Odrazilo sa to aj na kvalite z\u00e1kona, ktor\u00fd je len \u010fal\u0161\u00edm pa\u0161kvilom tejto vl\u00e1dy,<\/em>\u201d uzavrel Michal Ki\u010da.\u00a0<\/p>\n","protected":false},"excerpt":{"rendered":"<p>Vl\u00e1dou dnes (6. november 2024) schv\u00e1len\u00fd stavebn\u00fd z\u00e1kon je nepreh\u013eadn\u00fdm nepodarkom, ktor\u00fd do stavebn\u00fdch konan\u00ed prinesie chaos, obmedz\u00ed vplyv a kontrolu ob\u010danov nad v\u00fdstavbou a pri jeho schva\u013eovan\u00ed boli poru\u0161en\u00e9 Legislat\u00edvne pravidla vl\u00e1dy SR. Naviac, kr\u00e1tko pred jeho \u00fa\u010dinnos\u0165ou st\u00e1le nie s\u00fa zn\u00e1me d\u00f4le\u017eit\u00e9 vykon\u00e1vacie predpisy.&nbsp; Podporujeme snahy o zefekt\u00edvnenie povo\u013eovac\u00edch procesov, no nesmie sa [&hellip;]<\/p>\n","protected":false},"author":13,"featured_media":2526,"comment_status":"closed","ping_status":"closed","sticky":false,"template":"","format":"standard","meta":{"_acf_changed":false,"ngg_post_thumbnail":0,"footnotes":""},"categories":[4],"tags":[],"class_list":["post-5474","post","type-post","status-publish","format-standard","has-post-thumbnail","hentry","category-tlacove-spravy"],"acf":[],"yoast_head":"<!-- This site is optimized with the Yoast SEO plugin v27.2 - https:\/\/yoast.com\/product\/yoast-seo-wordpress\/ -->\n<title>Nov\u00fd stavebn\u00fd z\u00e1kon m\u00f4\u017ee prinies\u0165 chaos<\/title>\n<meta name=\"robots\" content=\"index, follow, max-snippet:-1, max-image-preview:large, max-video-preview:-1\" \/>\n<link rel=\"canonical\" href=\"https:\/\/www.smedemokrati.sk\/hu\/novy-stavebny-zakon-moze-priniest-chaos\/\" \/>\n<meta property=\"og:locale\" content=\"hu_HU\" \/>\n<meta property=\"og:locale:alternate\" content=\"en_US\" \/>\n<meta property=\"og:locale:alternate\" content=\"cs_CZ\" \/>\n<meta property=\"og:locale:alternate\" content=\"sk_SK\" \/>\n<meta property=\"og:locale:alternate\" content=\"sv_SE\" \/>\n<meta property=\"og:type\" content=\"article\" \/>\n<meta property=\"og:title\" content=\"Nov\u00fd stavebn\u00fd z\u00e1kon m\u00f4\u017ee prinies\u0165 chaos\" \/>\n<meta property=\"og:description\" content=\"Vl\u00e1dou dnes (6. november 2024) schv\u00e1len\u00fd stavebn\u00fd z\u00e1kon je nepreh\u013eadn\u00fdm nepodarkom, ktor\u00fd do stavebn\u00fdch konan\u00ed prinesie chaos, obmedz\u00ed vplyv a kontrolu ob\u010danov nad v\u00fdstavbou a pri jeho schva\u013eovan\u00ed boli poru\u0161en\u00e9 Legislat\u00edvne pravidla vl\u00e1dy SR. Naviac, kr\u00e1tko pred jeho \u00fa\u010dinnos\u0165ou st\u00e1le nie s\u00fa zn\u00e1me d\u00f4le\u017eit\u00e9 vykon\u00e1vacie predpisy.&nbsp; Podporujeme snahy o zefekt\u00edvnenie povo\u013eovac\u00edch procesov, no nesmie sa [&hellip;]\" \/>\n<meta property=\"og:url\" content=\"https:\/\/www.smedemokrati.sk\/hu\/novy-stavebny-zakon-moze-priniest-chaos\/\" \/>\n<meta property=\"og:site_name\" content=\"Smedemokrati.sk\" \/>\n<meta property=\"article:publisher\" content=\"https:\/\/www.facebook.com\/smedemokrati2023\" \/>\n<meta property=\"article:published_time\" content=\"2024-11-06T12:32:08+00:00\" \/>\n<meta property=\"article:modified_time\" content=\"2024-11-19T12:24:10+00:00\" \/>\n<meta property=\"og:image\" content=\"https:\/\/www.smedemokrati.sk\/wp-content\/uploads\/2024\/01\/kica-1.jpg\" \/>\n\t<meta property=\"og:image:width\" content=\"1897\" \/>\n\t<meta property=\"og:image:height\" content=\"1057\" \/>\n\t<meta property=\"og:image:type\" content=\"image\/jpeg\" \/>\n<meta name=\"author\" content=\"miro.sopko\" \/>\n<meta name=\"twitter:card\" content=\"summary_large_image\" \/>\n<meta name=\"twitter:label1\" content=\"Szerz\u0151:\" \/>\n\t<meta name=\"twitter:data1\" content=\"miro.sopko\" \/>\n\t<meta name=\"twitter:label2\" content=\"Becs\u00fclt olvas\u00e1si id\u0151\" \/>\n\t<meta name=\"twitter:data2\" content=\"2 perc\" \/>\n<script type=\"application\/ld+json\" class=\"yoast-schema-graph\">{\"@context\":\"https:\/\/schema.org\",\"@graph\":[{\"@type\":\"Article\",\"@id\":\"https:\/\/www.smedemokrati.sk\/novy-stavebny-zakon-moze-priniest-chaos\/#article\",\"isPartOf\":{\"@id\":\"https:\/\/www.smedemokrati.sk\/novy-stavebny-zakon-moze-priniest-chaos\/\"},\"author\":{\"name\":\"miro.sopko\",\"@id\":\"https:\/\/www.smedemokrati.sk\/#\/schema\/person\/21f147c88d605aa7ded900e1e7c344ba\"},\"headline\":\"Nov\u00fd stavebn\u00fd z\u00e1kon m\u00f4\u017ee prinies\u0165 chaos\",\"datePublished\":\"2024-11-06T12:32:08+00:00\",\"dateModified\":\"2024-11-19T12:24:10+00:00\",\"mainEntityOfPage\":{\"@id\":\"https:\/\/www.smedemokrati.sk\/novy-stavebny-zakon-moze-priniest-chaos\/\"},\"wordCount\":440,\"publisher\":{\"@id\":\"https:\/\/www.smedemokrati.sk\/#organization\"},\"image\":{\"@id\":\"https:\/\/www.smedemokrati.sk\/novy-stavebny-zakon-moze-priniest-chaos\/#primaryimage\"},\"thumbnailUrl\":\"https:\/\/www.smedemokrati.sk\/wp-content\/uploads\/2024\/01\/kica-1.jpg\",\"articleSection\":[\"Tla\u010dov\u00e9 spr\u00e1vy\"],\"inLanguage\":\"hu-HU\"},{\"@type\":\"WebPage\",\"@id\":\"https:\/\/www.smedemokrati.sk\/novy-stavebny-zakon-moze-priniest-chaos\/\",\"url\":\"https:\/\/www.smedemokrati.sk\/novy-stavebny-zakon-moze-priniest-chaos\/\",\"name\":\"Nov\u00fd stavebn\u00fd z\u00e1kon m\u00f4\u017ee prinies\u0165 chaos\",\"isPartOf\":{\"@id\":\"https:\/\/www.smedemokrati.sk\/#website\"},\"primaryImageOfPage\":{\"@id\":\"https:\/\/www.smedemokrati.sk\/novy-stavebny-zakon-moze-priniest-chaos\/#primaryimage\"},\"image\":{\"@id\":\"https:\/\/www.smedemokrati.sk\/novy-stavebny-zakon-moze-priniest-chaos\/#primaryimage\"},\"thumbnailUrl\":\"https:\/\/www.smedemokrati.sk\/wp-content\/uploads\/2024\/01\/kica-1.jpg\",\"datePublished\":\"2024-11-06T12:32:08+00:00\",\"dateModified\":\"2024-11-19T12:24:10+00:00\",\"breadcrumb\":{\"@id\":\"https:\/\/www.smedemokrati.sk\/novy-stavebny-zakon-moze-priniest-chaos\/#breadcrumb\"},\"inLanguage\":\"hu-HU\",\"potentialAction\":[{\"@type\":\"ReadAction\",\"target\":[\"https:\/\/www.smedemokrati.sk\/novy-stavebny-zakon-moze-priniest-chaos\/\"]}]},{\"@type\":\"ImageObject\",\"inLanguage\":\"hu-HU\",\"@id\":\"https:\/\/www.smedemokrati.sk\/novy-stavebny-zakon-moze-priniest-chaos\/#primaryimage\",\"url\":\"https:\/\/www.smedemokrati.sk\/wp-content\/uploads\/2024\/01\/kica-1.jpg\",\"contentUrl\":\"https:\/\/www.smedemokrati.sk\/wp-content\/uploads\/2024\/01\/kica-1.jpg\",\"width\":1897,\"height\":1057},{\"@type\":\"BreadcrumbList\",\"@id\":\"https:\/\/www.smedemokrati.sk\/novy-stavebny-zakon-moze-priniest-chaos\/#breadcrumb\",\"itemListElement\":[{\"@type\":\"ListItem\",\"position\":1,\"name\":\"Domovsk\u00e1 str\u00e1nka\",\"item\":\"https:\/\/www.smedemokrati.sk\/\"},{\"@type\":\"ListItem\",\"position\":2,\"name\":\"Nov\u00fd stavebn\u00fd z\u00e1kon m\u00f4\u017ee prinies\u0165 chaos\"}]},{\"@type\":\"WebSite\",\"@id\":\"https:\/\/www.smedemokrati.sk\/#website\",\"url\":\"https:\/\/www.smedemokrati.sk\/\",\"name\":\"Smedemokrati.sk\",\"description\":\"Demokracia a slu\u0161nos\u0165 zv\u00ed\u0165az\u00ed\",\"publisher\":{\"@id\":\"https:\/\/www.smedemokrati.sk\/#organization\"},\"potentialAction\":[{\"@type\":\"SearchAction\",\"target\":{\"@type\":\"EntryPoint\",\"urlTemplate\":\"https:\/\/www.smedemokrati.sk\/?s={search_term_string}\"},\"query-input\":{\"@type\":\"PropertyValueSpecification\",\"valueRequired\":true,\"valueName\":\"search_term_string\"}}],\"inLanguage\":\"hu-HU\"},{\"@type\":\"Organization\",\"@id\":\"https:\/\/www.smedemokrati.sk\/#organization\",\"name\":\"Smedemokrati.sk\",\"url\":\"https:\/\/www.smedemokrati.sk\/\",\"logo\":{\"@type\":\"ImageObject\",\"inLanguage\":\"hu-HU\",\"@id\":\"https:\/\/www.smedemokrati.sk\/#\/schema\/logo\/image\/\",\"url\":\"https:\/\/www.smedemokrati.sk\/wp-content\/uploads\/2023\/04\/ff.002.jpeg\",\"contentUrl\":\"https:\/\/www.smedemokrati.sk\/wp-content\/uploads\/2023\/04\/ff.002.jpeg\",\"width\":640,\"height\":480,\"caption\":\"Smedemokrati.sk\"},\"image\":{\"@id\":\"https:\/\/www.smedemokrati.sk\/#\/schema\/logo\/image\/\"},\"sameAs\":[\"https:\/\/www.facebook.com\/smedemokrati2023\"]},{\"@type\":\"Person\",\"@id\":\"https:\/\/www.smedemokrati.sk\/#\/schema\/person\/21f147c88d605aa7ded900e1e7c344ba\",\"name\":\"miro.sopko\",\"image\":{\"@type\":\"ImageObject\",\"inLanguage\":\"hu-HU\",\"@id\":\"https:\/\/secure.gravatar.com\/avatar\/267e4a36f704376c109afe3a78740c1f5dd8675a2180a908699e7863c9247606?s=96&d=mm&r=g\",\"url\":\"https:\/\/secure.gravatar.com\/avatar\/267e4a36f704376c109afe3a78740c1f5dd8675a2180a908699e7863c9247606?s=96&d=mm&r=g\",\"contentUrl\":\"https:\/\/secure.gravatar.com\/avatar\/267e4a36f704376c109afe3a78740c1f5dd8675a2180a908699e7863c9247606?s=96&d=mm&r=g\",\"caption\":\"miro.sopko\"},\"url\":\"https:\/\/www.smedemokrati.sk\/hu\/author\/miro-sopko\/\"}]}<\/script>\n<!-- \/ Yoast SEO plugin. -->","yoast_head_json":{"title":"Nov\u00fd stavebn\u00fd z\u00e1kon m\u00f4\u017ee prinies\u0165 chaos","robots":{"index":"index","follow":"follow","max-snippet":"max-snippet:-1","max-image-preview":"max-image-preview:large","max-video-preview":"max-video-preview:-1"},"canonical":"https:\/\/www.smedemokrati.sk\/hu\/novy-stavebny-zakon-moze-priniest-chaos\/","og_locale":"hu_HU","og_type":"article","og_title":"[:sk]Nov\u00fd stavebn\u00fd z\u00e1kon m\u00f4\u017ee prinies\u0165 chaos[:] - Smedemokrati.sk","og_description":"Vl\u00e1dou dnes (6. november 2024) schv\u00e1len\u00fd stavebn\u00fd z\u00e1kon je nepreh\u013eadn\u00fdm nepodarkom, ktor\u00fd do stavebn\u00fdch konan\u00ed prinesie chaos, obmedz\u00ed vplyv a kontrolu ob\u010danov nad v\u00fdstavbou a pri jeho schva\u013eovan\u00ed boli poru\u0161en\u00e9 Legislat\u00edvne pravidla vl\u00e1dy SR. Naviac, kr\u00e1tko pred jeho \u00fa\u010dinnos\u0165ou st\u00e1le nie s\u00fa zn\u00e1me d\u00f4le\u017eit\u00e9 vykon\u00e1vacie predpisy.&nbsp; Podporujeme snahy o zefekt\u00edvnenie povo\u013eovac\u00edch procesov, no nesmie sa [&hellip;]","og_url":"https:\/\/www.smedemokrati.sk\/hu\/novy-stavebny-zakon-moze-priniest-chaos\/","og_site_name":"Smedemokrati.sk","article_publisher":"https:\/\/www.facebook.com\/smedemokrati2023","article_published_time":"2024-11-06T12:32:08+00:00","article_modified_time":"2024-11-19T12:24:10+00:00","og_image":[{"width":1897,"height":1057,"url":"https:\/\/www.smedemokrati.sk\/wp-content\/uploads\/2024\/01\/kica-1.jpg","type":"image\/jpeg"}],"author":"miro.sopko","twitter_card":"summary_large_image","twitter_misc":{"Szerz\u0151:":"miro.sopko","Becs\u00fclt olvas\u00e1si id\u0151":"2 perc"},"schema":{"@context":"https:\/\/schema.org","@graph":[{"@type":"Article","@id":"https:\/\/www.smedemokrati.sk\/novy-stavebny-zakon-moze-priniest-chaos\/#article","isPartOf":{"@id":"https:\/\/www.smedemokrati.sk\/novy-stavebny-zakon-moze-priniest-chaos\/"},"author":{"name":"miro.sopko","@id":"https:\/\/www.smedemokrati.sk\/#\/schema\/person\/21f147c88d605aa7ded900e1e7c344ba"},"headline":"Nov\u00fd stavebn\u00fd z\u00e1kon m\u00f4\u017ee prinies\u0165 chaos","datePublished":"2024-11-06T12:32:08+00:00","dateModified":"2024-11-19T12:24:10+00:00","mainEntityOfPage":{"@id":"https:\/\/www.smedemokrati.sk\/novy-stavebny-zakon-moze-priniest-chaos\/"},"wordCount":440,"publisher":{"@id":"https:\/\/www.smedemokrati.sk\/#organization"},"image":{"@id":"https:\/\/www.smedemokrati.sk\/novy-stavebny-zakon-moze-priniest-chaos\/#primaryimage"},"thumbnailUrl":"https:\/\/www.smedemokrati.sk\/wp-content\/uploads\/2024\/01\/kica-1.jpg","articleSection":["Tla\u010dov\u00e9 spr\u00e1vy"],"inLanguage":"hu-HU"},{"@type":"WebPage","@id":"https:\/\/www.smedemokrati.sk\/novy-stavebny-zakon-moze-priniest-chaos\/","url":"https:\/\/www.smedemokrati.sk\/novy-stavebny-zakon-moze-priniest-chaos\/","name":"Nov\u00fd stavebn\u00fd z\u00e1kon m\u00f4\u017ee prinies\u0165 chaos","isPartOf":{"@id":"https:\/\/www.smedemokrati.sk\/#website"},"primaryImageOfPage":{"@id":"https:\/\/www.smedemokrati.sk\/novy-stavebny-zakon-moze-priniest-chaos\/#primaryimage"},"image":{"@id":"https:\/\/www.smedemokrati.sk\/novy-stavebny-zakon-moze-priniest-chaos\/#primaryimage"},"thumbnailUrl":"https:\/\/www.smedemokrati.sk\/wp-content\/uploads\/2024\/01\/kica-1.jpg","datePublished":"2024-11-06T12:32:08+00:00","dateModified":"2024-11-19T12:24:10+00:00","breadcrumb":{"@id":"https:\/\/www.smedemokrati.sk\/novy-stavebny-zakon-moze-priniest-chaos\/#breadcrumb"},"inLanguage":"hu-HU","potentialAction":[{"@type":"ReadAction","target":["https:\/\/www.smedemokrati.sk\/novy-stavebny-zakon-moze-priniest-chaos\/"]}]},{"@type":"ImageObject","inLanguage":"hu-HU","@id":"https:\/\/www.smedemokrati.sk\/novy-stavebny-zakon-moze-priniest-chaos\/#primaryimage","url":"https:\/\/www.smedemokrati.sk\/wp-content\/uploads\/2024\/01\/kica-1.jpg","contentUrl":"https:\/\/www.smedemokrati.sk\/wp-content\/uploads\/2024\/01\/kica-1.jpg","width":1897,"height":1057},{"@type":"BreadcrumbList","@id":"https:\/\/www.smedemokrati.sk\/novy-stavebny-zakon-moze-priniest-chaos\/#breadcrumb","itemListElement":[{"@type":"ListItem","position":1,"name":"Domovsk\u00e1 str\u00e1nka","item":"https:\/\/www.smedemokrati.sk\/"},{"@type":"ListItem","position":2,"name":"Nov\u00fd stavebn\u00fd z\u00e1kon m\u00f4\u017ee prinies\u0165 chaos"}]},{"@type":"WebSite","@id":"https:\/\/www.smedemokrati.sk\/#website","url":"https:\/\/www.smedemokrati.sk\/","name":"Smedemokrati.sk","description":"Demokracia a slu\u0161nos\u0165 zv\u00ed\u0165az\u00ed","publisher":{"@id":"https:\/\/www.smedemokrati.sk\/#organization"},"potentialAction":[{"@type":"SearchAction","target":{"@type":"EntryPoint","urlTemplate":"https:\/\/www.smedemokrati.sk\/?s={search_term_string}"},"query-input":{"@type":"PropertyValueSpecification","valueRequired":true,"valueName":"search_term_string"}}],"inLanguage":"hu-HU"},{"@type":"Organization","@id":"https:\/\/www.smedemokrati.sk\/#organization","name":"Smedemokrati.sk","url":"https:\/\/www.smedemokrati.sk\/","logo":{"@type":"ImageObject","inLanguage":"hu-HU","@id":"https:\/\/www.smedemokrati.sk\/#\/schema\/logo\/image\/","url":"https:\/\/www.smedemokrati.sk\/wp-content\/uploads\/2023\/04\/ff.002.jpeg","contentUrl":"https:\/\/www.smedemokrati.sk\/wp-content\/uploads\/2023\/04\/ff.002.jpeg","width":640,"height":480,"caption":"Smedemokrati.sk"},"image":{"@id":"https:\/\/www.smedemokrati.sk\/#\/schema\/logo\/image\/"},"sameAs":["https:\/\/www.facebook.com\/smedemokrati2023"]},{"@type":"Person","@id":"https:\/\/www.smedemokrati.sk\/#\/schema\/person\/21f147c88d605aa7ded900e1e7c344ba","name":"miro.sopko","image":{"@type":"ImageObject","inLanguage":"hu-HU","@id":"https:\/\/secure.gravatar.com\/avatar\/267e4a36f704376c109afe3a78740c1f5dd8675a2180a908699e7863c9247606?s=96&d=mm&r=g","url":"https:\/\/secure.gravatar.com\/avatar\/267e4a36f704376c109afe3a78740c1f5dd8675a2180a908699e7863c9247606?s=96&d=mm&r=g","contentUrl":"https:\/\/secure.gravatar.com\/avatar\/267e4a36f704376c109afe3a78740c1f5dd8675a2180a908699e7863c9247606?s=96&d=mm&r=g","caption":"miro.sopko"},"url":"https:\/\/www.smedemokrati.sk\/hu\/author\/miro-sopko\/"}]}},"_links":{"self":[{"href":"https:\/\/www.smedemokrati.sk\/hu\/wp-json\/wp\/v2\/posts\/5474","targetHints":{"allow":["GET"]}}],"collection":[{"href":"https:\/\/www.smedemokrati.sk\/hu\/wp-json\/wp\/v2\/posts"}],"about":[{"href":"https:\/\/www.smedemokrati.sk\/hu\/wp-json\/wp\/v2\/types\/post"}],"author":[{"embeddable":true,"href":"https:\/\/www.smedemokrati.sk\/hu\/wp-json\/wp\/v2\/users\/13"}],"replies":[{"embeddable":true,"href":"https:\/\/www.smedemokrati.sk\/hu\/wp-json\/wp\/v2\/comments?post=5474"}],"version-history":[{"count":1,"href":"https:\/\/www.smedemokrati.sk\/hu\/wp-json\/wp\/v2\/posts\/5474\/revisions"}],"predecessor-version":[{"id":5475,"href":"https:\/\/www.smedemokrati.sk\/hu\/wp-json\/wp\/v2\/posts\/5474\/revisions\/5475"}],"wp:featuredmedia":[{"embeddable":true,"href":"https:\/\/www.smedemokrati.sk\/hu\/wp-json\/wp\/v2\/media\/2526"}],"wp:attachment":[{"href":"https:\/\/www.smedemokrati.sk\/hu\/wp-json\/wp\/v2\/media?parent=5474"}],"wp:term":[{"taxonomy":"category","embeddable":true,"href":"https:\/\/www.smedemokrati.sk\/hu\/wp-json\/wp\/v2\/categories?post=5474"},{"taxonomy":"post_tag","embeddable":true,"href":"https:\/\/www.smedemokrati.sk\/hu\/wp-json\/wp\/v2\/tags?post=5474"}],"curies":[{"name":"wp","href":"https:\/\/api.w.org\/{rel}","templated":true}]}}