{"id":5457,"date":"2024-11-04T18:37:48","date_gmt":"2024-11-04T17:37:48","guid":{"rendered":"https:\/\/www.smedemokrati.sk\/?p=5457"},"modified":"2024-11-19T13:23:53","modified_gmt":"2024-11-19T12:23:53","slug":"sutaj-estok-zneuzil-studentov-na-propagaciu-vladnej-ideologie-to-on-by-sa-mal-ospravedlnit","status":"publish","type":"post","link":"https:\/\/www.smedemokrati.sk\/hu\/sutaj-estok-zneuzil-studentov-na-propagaciu-vladnej-ideologie-to-on-by-sa-mal-ospravedlnit\/","title":{"rendered":"\u0160utaj E\u0161tok zneu\u017eil \u0161tudentov na propag\u00e1ciu vl\u00e1dnej ideol\u00f3gie, to on by sa mal ospravedlni\u0165"},"content":{"rendered":"<div id=\"fb-root\"><\/div>\n\n<p><strong>Pod\u013ea Gener\u00e1cie D (mlad\u00fdch Demokratov) by sa mal \u0160utaj E\u0161tok ospravedlni\u0165 za vyjadrenia na adresu \u0161tudentov, ktor\u00fdch zneu\u017eil na \u0161\u00edrenie vl\u00e1dnej ideol\u00f3gie po tom, \u010do si na halloweensku oslavu vyrobili kolekt\u00edvnu masku imituj\u00facu seniorov. Mlad\u00ed Demokrati upozor\u0148uj\u00fa, \u017ee \u00e9ra, kedy bolo \u0161tudentom zakazovan\u00e9 slobodne myslie\u0165 a vyjadrova\u0165 sa je d\u00e1vno za nami. <\/strong><\/p>\n\n\n\n<p><em>\u201eOdmietame, aby ak\u00fdko\u013evek politik, obzvl\u00e1\u0161\u0165 minister silov\u00e9ho rezortu zastra\u0161oval \u0161tudentov pri ich slobodnom prejave a reflexii s\u00fa\u010dasn\u00e9ho diania. Tak\u00fato dobu u\u017e na\u0161a krajina za\u017eila a aj z rozpr\u00e1vania na\u0161ich star\u00fdch rodi\u010dov vieme, \u017ee ju nechceme za\u017ei\u0165 v 21. storo\u010d\u00ed,&#8221;<\/em> hovor\u00ed Jakub Kub\u00edk, ktor\u00fd je predsedom organiz\u00e1cie, ktor\u00e1 priamo spad\u00e1 pod Demokratov a zdru\u017euje desiatky anga\u017eovan\u00fdch mlad\u00fdch \u013eud\u00ed po celom Slovensku. <\/p>\n\n\n\n<p><em>\u201eChceme jasne poveda\u0165, \u017ee za mlad\u00fdmi \u0161tudentmi stoj\u00edme a podporujeme ich v kreativite, myslen\u00ed a n\u00e1paditosti. Neurobili ni\u010d zl\u00e9, preto im o to viac patr\u00ed kredit, \u017ee sklonili hlavu a ospravedlnili sa. Pravdou v\u0161ak ost\u00e1va, \u017ee ospravedlni\u0165 by sa mal minister vn\u00fatra, ktor\u00fd nevinn\u00fa situ\u00e1ciu vyu\u017eil na \u0161\u00edrenie vl\u00e1dnej agendy,&#8221; <\/em>uzatv\u00e1ra Kub\u00edk. <\/p>\n","protected":false},"excerpt":{"rendered":"<p>Pod\u013ea Gener\u00e1cie D (mlad\u00fdch Demokratov) by sa mal \u0160utaj E\u0161tok ospravedlni\u0165 za vyjadrenia na adresu \u0161tudentov, ktor\u00fdch zneu\u017eil na \u0161\u00edrenie vl\u00e1dnej ideol\u00f3gie po tom, \u010do si na halloweensku oslavu vyrobili kolekt\u00edvnu masku imituj\u00facu seniorov. Mlad\u00ed Demokrati upozor\u0148uj\u00fa, \u017ee \u00e9ra, kedy bolo \u0161tudentom zakazovan\u00e9 slobodne myslie\u0165 a vyjadrova\u0165 sa je d\u00e1vno za nami. \u201eOdmietame, aby ak\u00fdko\u013evek [&hellip;]<\/p>\n","protected":false},"author":13,"featured_media":4137,"comment_status":"closed","ping_status":"closed","sticky":false,"template":"","format":"standard","meta":{"_acf_changed":false,"ngg_post_thumbnail":0,"footnotes":""},"categories":[4],"tags":[],"class_list":["post-5457","post","type-post","status-publish","format-standard","has-post-thumbnail","hentry","category-tlacove-spravy"],"acf":[],"yoast_head":"<!-- This site is optimized with the Yoast SEO plugin v27.2 - https:\/\/yoast.com\/product\/yoast-seo-wordpress\/ -->\n<title>\u0160utaj E\u0161tok zneu\u017eil \u0161tudentov na propag\u00e1ciu vl\u00e1dnej ideol\u00f3gie, to on by sa mal ospravedlni\u0165<\/title>\n<meta name=\"robots\" content=\"index, follow, max-snippet:-1, max-image-preview:large, max-video-preview:-1\" \/>\n<link rel=\"canonical\" href=\"https:\/\/www.smedemokrati.sk\/hu\/sutaj-estok-zneuzil-studentov-na-propagaciu-vladnej-ideologie-to-on-by-sa-mal-ospravedlnit\/\" \/>\n<meta property=\"og:locale\" content=\"hu_HU\" \/>\n<meta property=\"og:locale:alternate\" content=\"en_US\" \/>\n<meta property=\"og:locale:alternate\" content=\"cs_CZ\" \/>\n<meta property=\"og:locale:alternate\" content=\"sk_SK\" \/>\n<meta property=\"og:locale:alternate\" content=\"sv_SE\" \/>\n<meta property=\"og:type\" content=\"article\" \/>\n<meta property=\"og:title\" content=\"\u0160utaj E\u0161tok zneu\u017eil \u0161tudentov na propag\u00e1ciu vl\u00e1dnej ideol\u00f3gie, to on by sa mal ospravedlni\u0165\" \/>\n<meta property=\"og:description\" content=\"Pod\u013ea Gener\u00e1cie D (mlad\u00fdch Demokratov) by sa mal \u0160utaj E\u0161tok ospravedlni\u0165 za vyjadrenia na adresu \u0161tudentov, ktor\u00fdch zneu\u017eil na \u0161\u00edrenie vl\u00e1dnej ideol\u00f3gie po tom, \u010do si na halloweensku oslavu vyrobili kolekt\u00edvnu masku imituj\u00facu seniorov. Mlad\u00ed Demokrati upozor\u0148uj\u00fa, \u017ee \u00e9ra, kedy bolo \u0161tudentom zakazovan\u00e9 slobodne myslie\u0165 a vyjadrova\u0165 sa je d\u00e1vno za nami. \u201eOdmietame, aby ak\u00fdko\u013evek [&hellip;]\" \/>\n<meta property=\"og:url\" content=\"https:\/\/www.smedemokrati.sk\/hu\/sutaj-estok-zneuzil-studentov-na-propagaciu-vladnej-ideologie-to-on-by-sa-mal-ospravedlnit\/\" \/>\n<meta property=\"og:site_name\" content=\"Smedemokrati.sk\" \/>\n<meta property=\"article:publisher\" content=\"https:\/\/www.facebook.com\/smedemokrati2023\" \/>\n<meta property=\"article:published_time\" content=\"2024-11-04T17:37:48+00:00\" \/>\n<meta property=\"article:modified_time\" content=\"2024-11-19T12:23:53+00:00\" \/>\n<meta property=\"og:image\" content=\"https:\/\/www.smedemokrati.sk\/wp-content\/uploads\/2024\/05\/sutaj-estok-minister.jpg\" \/>\n\t<meta property=\"og:image:width\" content=\"960\" \/>\n\t<meta property=\"og:image:height\" content=\"540\" \/>\n\t<meta property=\"og:image:type\" content=\"image\/jpeg\" \/>\n<meta name=\"author\" content=\"miro.sopko\" \/>\n<meta name=\"twitter:card\" content=\"summary_large_image\" \/>\n<meta name=\"twitter:label1\" content=\"Szerz\u0151:\" \/>\n\t<meta name=\"twitter:data1\" content=\"miro.sopko\" \/>\n\t<meta name=\"twitter:label2\" content=\"Becs\u00fclt olvas\u00e1si id\u0151\" \/>\n\t<meta name=\"twitter:data2\" content=\"1 perc\" \/>\n<script type=\"application\/ld+json\" class=\"yoast-schema-graph\">{\"@context\":\"https:\/\/schema.org\",\"@graph\":[{\"@type\":\"Article\",\"@id\":\"https:\/\/www.smedemokrati.sk\/sutaj-estok-zneuzil-studentov-na-propagaciu-vladnej-ideologie-to-on-by-sa-mal-ospravedlnit\/#article\",\"isPartOf\":{\"@id\":\"https:\/\/www.smedemokrati.sk\/sutaj-estok-zneuzil-studentov-na-propagaciu-vladnej-ideologie-to-on-by-sa-mal-ospravedlnit\/\"},\"author\":{\"name\":\"miro.sopko\",\"@id\":\"https:\/\/www.smedemokrati.sk\/#\/schema\/person\/21f147c88d605aa7ded900e1e7c344ba\"},\"headline\":\"\u0160utaj E\u0161tok zneu\u017eil \u0161tudentov na propag\u00e1ciu vl\u00e1dnej ideol\u00f3gie, to on by sa mal ospravedlni\u0165\",\"datePublished\":\"2024-11-04T17:37:48+00:00\",\"dateModified\":\"2024-11-19T12:23:53+00:00\",\"mainEntityOfPage\":{\"@id\":\"https:\/\/www.smedemokrati.sk\/sutaj-estok-zneuzil-studentov-na-propagaciu-vladnej-ideologie-to-on-by-sa-mal-ospravedlnit\/\"},\"wordCount\":227,\"publisher\":{\"@id\":\"https:\/\/www.smedemokrati.sk\/#organization\"},\"image\":{\"@id\":\"https:\/\/www.smedemokrati.sk\/sutaj-estok-zneuzil-studentov-na-propagaciu-vladnej-ideologie-to-on-by-sa-mal-ospravedlnit\/#primaryimage\"},\"thumbnailUrl\":\"https:\/\/www.smedemokrati.sk\/wp-content\/uploads\/2024\/05\/sutaj-estok-minister.jpg\",\"articleSection\":[\"Tla\u010dov\u00e9 spr\u00e1vy\"],\"inLanguage\":\"hu-HU\"},{\"@type\":\"WebPage\",\"@id\":\"https:\/\/www.smedemokrati.sk\/sutaj-estok-zneuzil-studentov-na-propagaciu-vladnej-ideologie-to-on-by-sa-mal-ospravedlnit\/\",\"url\":\"https:\/\/www.smedemokrati.sk\/sutaj-estok-zneuzil-studentov-na-propagaciu-vladnej-ideologie-to-on-by-sa-mal-ospravedlnit\/\",\"name\":\"\u0160utaj E\u0161tok zneu\u017eil \u0161tudentov na propag\u00e1ciu vl\u00e1dnej ideol\u00f3gie, to on by sa mal ospravedlni\u0165\",\"isPartOf\":{\"@id\":\"https:\/\/www.smedemokrati.sk\/#website\"},\"primaryImageOfPage\":{\"@id\":\"https:\/\/www.smedemokrati.sk\/sutaj-estok-zneuzil-studentov-na-propagaciu-vladnej-ideologie-to-on-by-sa-mal-ospravedlnit\/#primaryimage\"},\"image\":{\"@id\":\"https:\/\/www.smedemokrati.sk\/sutaj-estok-zneuzil-studentov-na-propagaciu-vladnej-ideologie-to-on-by-sa-mal-ospravedlnit\/#primaryimage\"},\"thumbnailUrl\":\"https:\/\/www.smedemokrati.sk\/wp-content\/uploads\/2024\/05\/sutaj-estok-minister.jpg\",\"datePublished\":\"2024-11-04T17:37:48+00:00\",\"dateModified\":\"2024-11-19T12:23:53+00:00\",\"breadcrumb\":{\"@id\":\"https:\/\/www.smedemokrati.sk\/sutaj-estok-zneuzil-studentov-na-propagaciu-vladnej-ideologie-to-on-by-sa-mal-ospravedlnit\/#breadcrumb\"},\"inLanguage\":\"hu-HU\",\"potentialAction\":[{\"@type\":\"ReadAction\",\"target\":[\"https:\/\/www.smedemokrati.sk\/sutaj-estok-zneuzil-studentov-na-propagaciu-vladnej-ideologie-to-on-by-sa-mal-ospravedlnit\/\"]}]},{\"@type\":\"ImageObject\",\"inLanguage\":\"hu-HU\",\"@id\":\"https:\/\/www.smedemokrati.sk\/sutaj-estok-zneuzil-studentov-na-propagaciu-vladnej-ideologie-to-on-by-sa-mal-ospravedlnit\/#primaryimage\",\"url\":\"https:\/\/www.smedemokrati.sk\/wp-content\/uploads\/2024\/05\/sutaj-estok-minister.jpg\",\"contentUrl\":\"https:\/\/www.smedemokrati.sk\/wp-content\/uploads\/2024\/05\/sutaj-estok-minister.jpg\",\"width\":960,\"height\":540},{\"@type\":\"BreadcrumbList\",\"@id\":\"https:\/\/www.smedemokrati.sk\/sutaj-estok-zneuzil-studentov-na-propagaciu-vladnej-ideologie-to-on-by-sa-mal-ospravedlnit\/#breadcrumb\",\"itemListElement\":[{\"@type\":\"ListItem\",\"position\":1,\"name\":\"Domovsk\u00e1 str\u00e1nka\",\"item\":\"https:\/\/www.smedemokrati.sk\/\"},{\"@type\":\"ListItem\",\"position\":2,\"name\":\"\u0160utaj E\u0161tok zneu\u017eil \u0161tudentov na propag\u00e1ciu vl\u00e1dnej ideol\u00f3gie, to on by sa mal ospravedlni\u0165\"}]},{\"@type\":\"WebSite\",\"@id\":\"https:\/\/www.smedemokrati.sk\/#website\",\"url\":\"https:\/\/www.smedemokrati.sk\/\",\"name\":\"Smedemokrati.sk\",\"description\":\"Demokracia a slu\u0161nos\u0165 zv\u00ed\u0165az\u00ed\",\"publisher\":{\"@id\":\"https:\/\/www.smedemokrati.sk\/#organization\"},\"potentialAction\":[{\"@type\":\"SearchAction\",\"target\":{\"@type\":\"EntryPoint\",\"urlTemplate\":\"https:\/\/www.smedemokrati.sk\/?s={search_term_string}\"},\"query-input\":{\"@type\":\"PropertyValueSpecification\",\"valueRequired\":true,\"valueName\":\"search_term_string\"}}],\"inLanguage\":\"hu-HU\"},{\"@type\":\"Organization\",\"@id\":\"https:\/\/www.smedemokrati.sk\/#organization\",\"name\":\"Smedemokrati.sk\",\"url\":\"https:\/\/www.smedemokrati.sk\/\",\"logo\":{\"@type\":\"ImageObject\",\"inLanguage\":\"hu-HU\",\"@id\":\"https:\/\/www.smedemokrati.sk\/#\/schema\/logo\/image\/\",\"url\":\"https:\/\/www.smedemokrati.sk\/wp-content\/uploads\/2023\/04\/ff.002.jpeg\",\"contentUrl\":\"https:\/\/www.smedemokrati.sk\/wp-content\/uploads\/2023\/04\/ff.002.jpeg\",\"width\":640,\"height\":480,\"caption\":\"Smedemokrati.sk\"},\"image\":{\"@id\":\"https:\/\/www.smedemokrati.sk\/#\/schema\/logo\/image\/\"},\"sameAs\":[\"https:\/\/www.facebook.com\/smedemokrati2023\"]},{\"@type\":\"Person\",\"@id\":\"https:\/\/www.smedemokrati.sk\/#\/schema\/person\/21f147c88d605aa7ded900e1e7c344ba\",\"name\":\"miro.sopko\",\"image\":{\"@type\":\"ImageObject\",\"inLanguage\":\"hu-HU\",\"@id\":\"https:\/\/secure.gravatar.com\/avatar\/267e4a36f704376c109afe3a78740c1f5dd8675a2180a908699e7863c9247606?s=96&d=mm&r=g\",\"url\":\"https:\/\/secure.gravatar.com\/avatar\/267e4a36f704376c109afe3a78740c1f5dd8675a2180a908699e7863c9247606?s=96&d=mm&r=g\",\"contentUrl\":\"https:\/\/secure.gravatar.com\/avatar\/267e4a36f704376c109afe3a78740c1f5dd8675a2180a908699e7863c9247606?s=96&d=mm&r=g\",\"caption\":\"miro.sopko\"},\"url\":\"https:\/\/www.smedemokrati.sk\/hu\/author\/miro-sopko\/\"}]}<\/script>\n<!-- \/ Yoast SEO plugin. -->","yoast_head_json":{"title":"\u0160utaj E\u0161tok zneu\u017eil \u0161tudentov na propag\u00e1ciu vl\u00e1dnej ideol\u00f3gie, to on by sa mal ospravedlni\u0165","robots":{"index":"index","follow":"follow","max-snippet":"max-snippet:-1","max-image-preview":"max-image-preview:large","max-video-preview":"max-video-preview:-1"},"canonical":"https:\/\/www.smedemokrati.sk\/hu\/sutaj-estok-zneuzil-studentov-na-propagaciu-vladnej-ideologie-to-on-by-sa-mal-ospravedlnit\/","og_locale":"hu_HU","og_type":"article","og_title":"[:sk]\u0160utaj E\u0161tok zneu\u017eil \u0161tudentov na propag\u00e1ciu vl\u00e1dnej ideol\u00f3gie, to on by sa mal ospravedlni\u0165[:] - Smedemokrati.sk","og_description":"Pod\u013ea Gener\u00e1cie D (mlad\u00fdch Demokratov) by sa mal \u0160utaj E\u0161tok ospravedlni\u0165 za vyjadrenia na adresu \u0161tudentov, ktor\u00fdch zneu\u017eil na \u0161\u00edrenie vl\u00e1dnej ideol\u00f3gie po tom, \u010do si na halloweensku oslavu vyrobili kolekt\u00edvnu masku imituj\u00facu seniorov. Mlad\u00ed Demokrati upozor\u0148uj\u00fa, \u017ee \u00e9ra, kedy bolo \u0161tudentom zakazovan\u00e9 slobodne myslie\u0165 a vyjadrova\u0165 sa je d\u00e1vno za nami. \u201eOdmietame, aby ak\u00fdko\u013evek [&hellip;]","og_url":"https:\/\/www.smedemokrati.sk\/hu\/sutaj-estok-zneuzil-studentov-na-propagaciu-vladnej-ideologie-to-on-by-sa-mal-ospravedlnit\/","og_site_name":"Smedemokrati.sk","article_publisher":"https:\/\/www.facebook.com\/smedemokrati2023","article_published_time":"2024-11-04T17:37:48+00:00","article_modified_time":"2024-11-19T12:23:53+00:00","og_image":[{"width":960,"height":540,"url":"https:\/\/www.smedemokrati.sk\/wp-content\/uploads\/2024\/05\/sutaj-estok-minister.jpg","type":"image\/jpeg"}],"author":"miro.sopko","twitter_card":"summary_large_image","twitter_misc":{"Szerz\u0151:":"miro.sopko","Becs\u00fclt olvas\u00e1si id\u0151":"1 perc"},"schema":{"@context":"https:\/\/schema.org","@graph":[{"@type":"Article","@id":"https:\/\/www.smedemokrati.sk\/sutaj-estok-zneuzil-studentov-na-propagaciu-vladnej-ideologie-to-on-by-sa-mal-ospravedlnit\/#article","isPartOf":{"@id":"https:\/\/www.smedemokrati.sk\/sutaj-estok-zneuzil-studentov-na-propagaciu-vladnej-ideologie-to-on-by-sa-mal-ospravedlnit\/"},"author":{"name":"miro.sopko","@id":"https:\/\/www.smedemokrati.sk\/#\/schema\/person\/21f147c88d605aa7ded900e1e7c344ba"},"headline":"\u0160utaj E\u0161tok zneu\u017eil \u0161tudentov na propag\u00e1ciu vl\u00e1dnej ideol\u00f3gie, to on by sa mal ospravedlni\u0165","datePublished":"2024-11-04T17:37:48+00:00","dateModified":"2024-11-19T12:23:53+00:00","mainEntityOfPage":{"@id":"https:\/\/www.smedemokrati.sk\/sutaj-estok-zneuzil-studentov-na-propagaciu-vladnej-ideologie-to-on-by-sa-mal-ospravedlnit\/"},"wordCount":227,"publisher":{"@id":"https:\/\/www.smedemokrati.sk\/#organization"},"image":{"@id":"https:\/\/www.smedemokrati.sk\/sutaj-estok-zneuzil-studentov-na-propagaciu-vladnej-ideologie-to-on-by-sa-mal-ospravedlnit\/#primaryimage"},"thumbnailUrl":"https:\/\/www.smedemokrati.sk\/wp-content\/uploads\/2024\/05\/sutaj-estok-minister.jpg","articleSection":["Tla\u010dov\u00e9 spr\u00e1vy"],"inLanguage":"hu-HU"},{"@type":"WebPage","@id":"https:\/\/www.smedemokrati.sk\/sutaj-estok-zneuzil-studentov-na-propagaciu-vladnej-ideologie-to-on-by-sa-mal-ospravedlnit\/","url":"https:\/\/www.smedemokrati.sk\/sutaj-estok-zneuzil-studentov-na-propagaciu-vladnej-ideologie-to-on-by-sa-mal-ospravedlnit\/","name":"\u0160utaj E\u0161tok zneu\u017eil \u0161tudentov na propag\u00e1ciu vl\u00e1dnej ideol\u00f3gie, to on by sa mal ospravedlni\u0165","isPartOf":{"@id":"https:\/\/www.smedemokrati.sk\/#website"},"primaryImageOfPage":{"@id":"https:\/\/www.smedemokrati.sk\/sutaj-estok-zneuzil-studentov-na-propagaciu-vladnej-ideologie-to-on-by-sa-mal-ospravedlnit\/#primaryimage"},"image":{"@id":"https:\/\/www.smedemokrati.sk\/sutaj-estok-zneuzil-studentov-na-propagaciu-vladnej-ideologie-to-on-by-sa-mal-ospravedlnit\/#primaryimage"},"thumbnailUrl":"https:\/\/www.smedemokrati.sk\/wp-content\/uploads\/2024\/05\/sutaj-estok-minister.jpg","datePublished":"2024-11-04T17:37:48+00:00","dateModified":"2024-11-19T12:23:53+00:00","breadcrumb":{"@id":"https:\/\/www.smedemokrati.sk\/sutaj-estok-zneuzil-studentov-na-propagaciu-vladnej-ideologie-to-on-by-sa-mal-ospravedlnit\/#breadcrumb"},"inLanguage":"hu-HU","potentialAction":[{"@type":"ReadAction","target":["https:\/\/www.smedemokrati.sk\/sutaj-estok-zneuzil-studentov-na-propagaciu-vladnej-ideologie-to-on-by-sa-mal-ospravedlnit\/"]}]},{"@type":"ImageObject","inLanguage":"hu-HU","@id":"https:\/\/www.smedemokrati.sk\/sutaj-estok-zneuzil-studentov-na-propagaciu-vladnej-ideologie-to-on-by-sa-mal-ospravedlnit\/#primaryimage","url":"https:\/\/www.smedemokrati.sk\/wp-content\/uploads\/2024\/05\/sutaj-estok-minister.jpg","contentUrl":"https:\/\/www.smedemokrati.sk\/wp-content\/uploads\/2024\/05\/sutaj-estok-minister.jpg","width":960,"height":540},{"@type":"BreadcrumbList","@id":"https:\/\/www.smedemokrati.sk\/sutaj-estok-zneuzil-studentov-na-propagaciu-vladnej-ideologie-to-on-by-sa-mal-ospravedlnit\/#breadcrumb","itemListElement":[{"@type":"ListItem","position":1,"name":"Domovsk\u00e1 str\u00e1nka","item":"https:\/\/www.smedemokrati.sk\/"},{"@type":"ListItem","position":2,"name":"\u0160utaj E\u0161tok zneu\u017eil \u0161tudentov na propag\u00e1ciu vl\u00e1dnej ideol\u00f3gie, to on by sa mal ospravedlni\u0165"}]},{"@type":"WebSite","@id":"https:\/\/www.smedemokrati.sk\/#website","url":"https:\/\/www.smedemokrati.sk\/","name":"Smedemokrati.sk","description":"Demokracia a slu\u0161nos\u0165 zv\u00ed\u0165az\u00ed","publisher":{"@id":"https:\/\/www.smedemokrati.sk\/#organization"},"potentialAction":[{"@type":"SearchAction","target":{"@type":"EntryPoint","urlTemplate":"https:\/\/www.smedemokrati.sk\/?s={search_term_string}"},"query-input":{"@type":"PropertyValueSpecification","valueRequired":true,"valueName":"search_term_string"}}],"inLanguage":"hu-HU"},{"@type":"Organization","@id":"https:\/\/www.smedemokrati.sk\/#organization","name":"Smedemokrati.sk","url":"https:\/\/www.smedemokrati.sk\/","logo":{"@type":"ImageObject","inLanguage":"hu-HU","@id":"https:\/\/www.smedemokrati.sk\/#\/schema\/logo\/image\/","url":"https:\/\/www.smedemokrati.sk\/wp-content\/uploads\/2023\/04\/ff.002.jpeg","contentUrl":"https:\/\/www.smedemokrati.sk\/wp-content\/uploads\/2023\/04\/ff.002.jpeg","width":640,"height":480,"caption":"Smedemokrati.sk"},"image":{"@id":"https:\/\/www.smedemokrati.sk\/#\/schema\/logo\/image\/"},"sameAs":["https:\/\/www.facebook.com\/smedemokrati2023"]},{"@type":"Person","@id":"https:\/\/www.smedemokrati.sk\/#\/schema\/person\/21f147c88d605aa7ded900e1e7c344ba","name":"miro.sopko","image":{"@type":"ImageObject","inLanguage":"hu-HU","@id":"https:\/\/secure.gravatar.com\/avatar\/267e4a36f704376c109afe3a78740c1f5dd8675a2180a908699e7863c9247606?s=96&d=mm&r=g","url":"https:\/\/secure.gravatar.com\/avatar\/267e4a36f704376c109afe3a78740c1f5dd8675a2180a908699e7863c9247606?s=96&d=mm&r=g","contentUrl":"https:\/\/secure.gravatar.com\/avatar\/267e4a36f704376c109afe3a78740c1f5dd8675a2180a908699e7863c9247606?s=96&d=mm&r=g","caption":"miro.sopko"},"url":"https:\/\/www.smedemokrati.sk\/hu\/author\/miro-sopko\/"}]}},"_links":{"self":[{"href":"https:\/\/www.smedemokrati.sk\/hu\/wp-json\/wp\/v2\/posts\/5457","targetHints":{"allow":["GET"]}}],"collection":[{"href":"https:\/\/www.smedemokrati.sk\/hu\/wp-json\/wp\/v2\/posts"}],"about":[{"href":"https:\/\/www.smedemokrati.sk\/hu\/wp-json\/wp\/v2\/types\/post"}],"author":[{"embeddable":true,"href":"https:\/\/www.smedemokrati.sk\/hu\/wp-json\/wp\/v2\/users\/13"}],"replies":[{"embeddable":true,"href":"https:\/\/www.smedemokrati.sk\/hu\/wp-json\/wp\/v2\/comments?post=5457"}],"version-history":[{"count":1,"href":"https:\/\/www.smedemokrati.sk\/hu\/wp-json\/wp\/v2\/posts\/5457\/revisions"}],"predecessor-version":[{"id":5458,"href":"https:\/\/www.smedemokrati.sk\/hu\/wp-json\/wp\/v2\/posts\/5457\/revisions\/5458"}],"wp:featuredmedia":[{"embeddable":true,"href":"https:\/\/www.smedemokrati.sk\/hu\/wp-json\/wp\/v2\/media\/4137"}],"wp:attachment":[{"href":"https:\/\/www.smedemokrati.sk\/hu\/wp-json\/wp\/v2\/media?parent=5457"}],"wp:term":[{"taxonomy":"category","embeddable":true,"href":"https:\/\/www.smedemokrati.sk\/hu\/wp-json\/wp\/v2\/categories?post=5457"},{"taxonomy":"post_tag","embeddable":true,"href":"https:\/\/www.smedemokrati.sk\/hu\/wp-json\/wp\/v2\/tags?post=5457"}],"curies":[{"name":"wp","href":"https:\/\/api.w.org\/{rel}","templated":true}]}}