{"id":5454,"date":"2024-11-04T13:49:16","date_gmt":"2024-11-04T12:49:16","guid":{"rendered":"https:\/\/www.smedemokrati.sk\/?p=5454"},"modified":"2024-11-13T13:24:31","modified_gmt":"2024-11-13T12:24:31","slug":"vyzyvame-vladu-aby-neutahovala-opasky-aj-samospravam","status":"publish","type":"post","link":"https:\/\/www.smedemokrati.sk\/hu\/vyzyvame-vladu-aby-neutahovala-opasky-aj-samospravam\/","title":{"rendered":"Vyz\u00fdvame vl\u00e1du aby neu\u0165ahovala opasky aj samospr\u00e1vam"},"content":{"rendered":"<div id=\"fb-root\"><\/div>\n\n<p><strong>B\u00fdval\u00fd premi\u00e9r Eduard Heger upozornil na negat\u00edvne d\u00f4sledky vl\u00e1dnej, v \u00favodzovk\u00e1ch, konsolida\u010dnej politiky, ktor\u00e1 bude ma\u0165 za n\u00e1sledok nielen u\u0165ahovanie opaskov ob\u010danov, ale aj miest a obc\u00ed po celom Slovensku. Pod\u013ea prepo\u010dtov strany v d\u00f4sledku politiky Roberta Fica m\u00f4\u017eu krajsk\u00e9mu mestu nar\u00e1s\u0165 v\u00fddavky a\u017e na 3,5 mili\u00f3na eur, ktor\u00e9 v\u0161ak samospr\u00e1vy v rozpo\u010dte nemaj\u00fa.&nbsp;&nbsp;<\/strong><\/p>\n\n\n\n<p><em>\u201eVyz\u00fdvame vl\u00e1du, aby okam\u017eite dofinancovala samospr\u00e1vy, ktor\u00e9 u\u017e dnes bij\u00fa na poplach, \u017ee pre drastick\u00e9 zvy\u0161ovanie cien prakticky v\u0161etk\u00fdch tovarov a slu\u017eieb, nebud\u00fa schopn\u00e9 utiahnu\u0165 zo svojho rozpo\u010dtu financovanie. Ak tak vl\u00e1da neurob\u00ed, mest\u00e1 a obce bud\u00fa n\u00faten\u00e9 zvy\u0161ova\u0165 dane a poplatky pre \u013eud\u00ed,&#8221;<\/em>&nbsp;otv\u00e1ra t\u00e9mu Eduard Heger a dod\u00e1va, \u017ee samospr\u00e1vy sa st\u00e1vaj\u00fa obe\u0165ami politiky Roberta Fica, pri\u010dom sama vl\u00e1da na sebe odmieta \u0161etri\u0165. Pod\u013ea Hegera toti\u017e mus\u00ed samospr\u00e1va zabezpe\u010di\u0165 plej\u00e1du \u010dinnost\u00ed ako kosenie, zimn\u00e1 \u00fadr\u017eba \u010di spr\u00e1vu ciest a chodn\u00edkov.&nbsp;<\/p>\n\n\n\n<p>Pre zv\u00fd\u0161en\u00fa da\u0148, zavedenie transak\u010dnej dane alebo aj pre vl\u00e1dou hnan\u00fa infl\u00e1ciu, sa to v\u0161etko premietne do kone\u010dn\u00fdch cien, ktor\u00e9 musia samospr\u00e1vy za slu\u017eby ob\u010danov plati\u0165.&nbsp;<em>\u201ePr\u00ed\u010dinou nie s\u00fa zl\u00e9 rozhodnutia starostov a prim\u00e1torov, ale zl\u00e9 rozhodnutia vl\u00e1dy Roberta Fica, ktor\u00fd trest\u00e1 ob\u010danov u\u017e aj skrz samospr\u00e1vy,\u201c<\/em>&nbsp;pokra\u010duje Heger a menuje, ktor\u00fdm aktu\u00e1lnym v\u00fdzvam \u010delia jednotliv\u00e1 samospr\u00e1vy:&nbsp;<em>&#8222;Doteraz pr\u00edjem pre samospr\u00e1vy z dane fyzick\u00fdch os\u00f4b predstavovala 70%, teraz padn\u00fa na 55%. Nehovoriac o zv\u00fd\u0161en\u00fdch n\u00e1kladoch. Matematika jednoducho nepust\u00ed a ak nebud\u00fa samospr\u00e1vy dofinancovan\u00e9, nebud\u00fa ma\u0165 zabezpe\u010den\u00e9 predv\u00eddate\u013en\u00e9 financovanie a korektn\u00e9 vz\u0165ahy s vl\u00e1dou, ktor\u00e1 bude po\u010d\u00fava\u0165 ich potreby, ob\u00e1vam sa, \u017ee pre niektor\u00e9, najm\u00e4 obce, m\u00f4\u017eu by\u0165 d\u00f4sledky konsolid\u00e1cie likvida\u010dn\u00e9.&#8221;<\/em><\/p>\n\n\n<div class=\"fb-video\" data-href=\"https:\/\/fb.watch\/vEmARMqnzr\" data-allowfullscreen=\"true\" data-autoplay=\"false\" data-width=\"\" data-show-text=\"false\" data-show-captions=\"true\"><\/div>\n","protected":false},"excerpt":{"rendered":"<p>B\u00fdval\u00fd premi\u00e9r Eduard Heger upozornil na negat\u00edvne d\u00f4sledky vl\u00e1dnej, v \u00favodzovk\u00e1ch, konsolida\u010dnej politiky, ktor\u00e1 bude ma\u0165 za n\u00e1sledok nielen u\u0165ahovanie opaskov ob\u010danov, ale aj miest a obc\u00ed po celom Slovensku. Pod\u013ea prepo\u010dtov strany v d\u00f4sledku politiky Roberta Fica m\u00f4\u017eu krajsk\u00e9mu mestu nar\u00e1s\u0165 v\u00fddavky a\u017e na 3,5 mili\u00f3na eur, ktor\u00e9 v\u0161ak samospr\u00e1vy v rozpo\u010dte nemaj\u00fa.&nbsp;&nbsp; \u201eVyz\u00fdvame [&hellip;]<\/p>\n","protected":false},"author":13,"featured_media":5455,"comment_status":"closed","ping_status":"closed","sticky":false,"template":"","format":"standard","meta":{"_acf_changed":false,"ngg_post_thumbnail":0,"footnotes":""},"categories":[4],"tags":[],"class_list":["post-5454","post","type-post","status-publish","format-standard","has-post-thumbnail","hentry","category-tlacove-spravy"],"acf":[],"yoast_head":"<!-- This site is optimized with the Yoast SEO plugin v27.2 - https:\/\/yoast.com\/product\/yoast-seo-wordpress\/ -->\n<title>Vyz\u00fdvame vl\u00e1du aby neu\u0165ahovala opasky aj samospr\u00e1vam<\/title>\n<meta name=\"robots\" content=\"index, follow, max-snippet:-1, max-image-preview:large, max-video-preview:-1\" \/>\n<link rel=\"canonical\" href=\"https:\/\/www.smedemokrati.sk\/hu\/vyzyvame-vladu-aby-neutahovala-opasky-aj-samospravam\/\" \/>\n<meta property=\"og:locale\" content=\"hu_HU\" \/>\n<meta property=\"og:locale:alternate\" content=\"en_US\" \/>\n<meta property=\"og:locale:alternate\" content=\"cs_CZ\" \/>\n<meta property=\"og:locale:alternate\" content=\"sk_SK\" \/>\n<meta property=\"og:locale:alternate\" content=\"sv_SE\" \/>\n<meta property=\"og:type\" content=\"article\" \/>\n<meta property=\"og:title\" content=\"Vyz\u00fdvame vl\u00e1du aby neu\u0165ahovala opasky aj samospr\u00e1vam\" \/>\n<meta property=\"og:description\" content=\"B\u00fdval\u00fd premi\u00e9r Eduard Heger upozornil na negat\u00edvne d\u00f4sledky vl\u00e1dnej, v \u00favodzovk\u00e1ch, konsolida\u010dnej politiky, ktor\u00e1 bude ma\u0165 za n\u00e1sledok nielen u\u0165ahovanie opaskov ob\u010danov, ale aj miest a obc\u00ed po celom Slovensku. Pod\u013ea prepo\u010dtov strany v d\u00f4sledku politiky Roberta Fica m\u00f4\u017eu krajsk\u00e9mu mestu nar\u00e1s\u0165 v\u00fddavky a\u017e na 3,5 mili\u00f3na eur, ktor\u00e9 v\u0161ak samospr\u00e1vy v rozpo\u010dte nemaj\u00fa.&nbsp;&nbsp; \u201eVyz\u00fdvame [&hellip;]\" \/>\n<meta property=\"og:url\" content=\"https:\/\/www.smedemokrati.sk\/hu\/vyzyvame-vladu-aby-neutahovala-opasky-aj-samospravam\/\" \/>\n<meta property=\"og:site_name\" content=\"Smedemokrati.sk\" \/>\n<meta property=\"article:publisher\" content=\"https:\/\/www.facebook.com\/smedemokrati2023\" \/>\n<meta property=\"article:published_time\" content=\"2024-11-04T12:49:16+00:00\" \/>\n<meta property=\"article:modified_time\" content=\"2024-11-13T12:24:31+00:00\" \/>\n<meta property=\"og:image\" content=\"https:\/\/www.smedemokrati.sk\/wp-content\/uploads\/2024\/11\/opasky.jpg\" \/>\n\t<meta property=\"og:image:width\" content=\"634\" \/>\n\t<meta property=\"og:image:height\" content=\"332\" \/>\n\t<meta property=\"og:image:type\" content=\"image\/jpeg\" \/>\n<meta name=\"author\" content=\"miro.sopko\" \/>\n<meta name=\"twitter:card\" content=\"summary_large_image\" \/>\n<meta name=\"twitter:label1\" content=\"Szerz\u0151:\" \/>\n\t<meta name=\"twitter:data1\" content=\"miro.sopko\" \/>\n\t<meta name=\"twitter:label2\" content=\"Becs\u00fclt olvas\u00e1si id\u0151\" \/>\n\t<meta name=\"twitter:data2\" content=\"2 perc\" \/>\n<script type=\"application\/ld+json\" class=\"yoast-schema-graph\">{\"@context\":\"https:\/\/schema.org\",\"@graph\":[{\"@type\":\"Article\",\"@id\":\"https:\/\/www.smedemokrati.sk\/vyzyvame-vladu-aby-neutahovala-opasky-aj-samospravam\/#article\",\"isPartOf\":{\"@id\":\"https:\/\/www.smedemokrati.sk\/vyzyvame-vladu-aby-neutahovala-opasky-aj-samospravam\/\"},\"author\":{\"name\":\"miro.sopko\",\"@id\":\"https:\/\/www.smedemokrati.sk\/#\/schema\/person\/21f147c88d605aa7ded900e1e7c344ba\"},\"headline\":\"Vyz\u00fdvame vl\u00e1du aby neu\u0165ahovala opasky aj samospr\u00e1vam\",\"datePublished\":\"2024-11-04T12:49:16+00:00\",\"dateModified\":\"2024-11-13T12:24:31+00:00\",\"mainEntityOfPage\":{\"@id\":\"https:\/\/www.smedemokrati.sk\/vyzyvame-vladu-aby-neutahovala-opasky-aj-samospravam\/\"},\"wordCount\":358,\"publisher\":{\"@id\":\"https:\/\/www.smedemokrati.sk\/#organization\"},\"image\":{\"@id\":\"https:\/\/www.smedemokrati.sk\/vyzyvame-vladu-aby-neutahovala-opasky-aj-samospravam\/#primaryimage\"},\"thumbnailUrl\":\"https:\/\/www.smedemokrati.sk\/wp-content\/uploads\/2024\/11\/opasky.jpg\",\"articleSection\":[\"Tla\u010dov\u00e9 spr\u00e1vy\"],\"inLanguage\":\"hu-HU\"},{\"@type\":\"WebPage\",\"@id\":\"https:\/\/www.smedemokrati.sk\/vyzyvame-vladu-aby-neutahovala-opasky-aj-samospravam\/\",\"url\":\"https:\/\/www.smedemokrati.sk\/vyzyvame-vladu-aby-neutahovala-opasky-aj-samospravam\/\",\"name\":\"Vyz\u00fdvame vl\u00e1du aby neu\u0165ahovala opasky aj samospr\u00e1vam\",\"isPartOf\":{\"@id\":\"https:\/\/www.smedemokrati.sk\/#website\"},\"primaryImageOfPage\":{\"@id\":\"https:\/\/www.smedemokrati.sk\/vyzyvame-vladu-aby-neutahovala-opasky-aj-samospravam\/#primaryimage\"},\"image\":{\"@id\":\"https:\/\/www.smedemokrati.sk\/vyzyvame-vladu-aby-neutahovala-opasky-aj-samospravam\/#primaryimage\"},\"thumbnailUrl\":\"https:\/\/www.smedemokrati.sk\/wp-content\/uploads\/2024\/11\/opasky.jpg\",\"datePublished\":\"2024-11-04T12:49:16+00:00\",\"dateModified\":\"2024-11-13T12:24:31+00:00\",\"breadcrumb\":{\"@id\":\"https:\/\/www.smedemokrati.sk\/vyzyvame-vladu-aby-neutahovala-opasky-aj-samospravam\/#breadcrumb\"},\"inLanguage\":\"hu-HU\",\"potentialAction\":[{\"@type\":\"ReadAction\",\"target\":[\"https:\/\/www.smedemokrati.sk\/vyzyvame-vladu-aby-neutahovala-opasky-aj-samospravam\/\"]}]},{\"@type\":\"ImageObject\",\"inLanguage\":\"hu-HU\",\"@id\":\"https:\/\/www.smedemokrati.sk\/vyzyvame-vladu-aby-neutahovala-opasky-aj-samospravam\/#primaryimage\",\"url\":\"https:\/\/www.smedemokrati.sk\/wp-content\/uploads\/2024\/11\/opasky.jpg\",\"contentUrl\":\"https:\/\/www.smedemokrati.sk\/wp-content\/uploads\/2024\/11\/opasky.jpg\",\"width\":634,\"height\":332},{\"@type\":\"BreadcrumbList\",\"@id\":\"https:\/\/www.smedemokrati.sk\/vyzyvame-vladu-aby-neutahovala-opasky-aj-samospravam\/#breadcrumb\",\"itemListElement\":[{\"@type\":\"ListItem\",\"position\":1,\"name\":\"Domovsk\u00e1 str\u00e1nka\",\"item\":\"https:\/\/www.smedemokrati.sk\/\"},{\"@type\":\"ListItem\",\"position\":2,\"name\":\"Vyz\u00fdvame vl\u00e1du aby neu\u0165ahovala opasky aj samospr\u00e1vam\"}]},{\"@type\":\"WebSite\",\"@id\":\"https:\/\/www.smedemokrati.sk\/#website\",\"url\":\"https:\/\/www.smedemokrati.sk\/\",\"name\":\"Smedemokrati.sk\",\"description\":\"Demokracia a slu\u0161nos\u0165 zv\u00ed\u0165az\u00ed\",\"publisher\":{\"@id\":\"https:\/\/www.smedemokrati.sk\/#organization\"},\"potentialAction\":[{\"@type\":\"SearchAction\",\"target\":{\"@type\":\"EntryPoint\",\"urlTemplate\":\"https:\/\/www.smedemokrati.sk\/?s={search_term_string}\"},\"query-input\":{\"@type\":\"PropertyValueSpecification\",\"valueRequired\":true,\"valueName\":\"search_term_string\"}}],\"inLanguage\":\"hu-HU\"},{\"@type\":\"Organization\",\"@id\":\"https:\/\/www.smedemokrati.sk\/#organization\",\"name\":\"Smedemokrati.sk\",\"url\":\"https:\/\/www.smedemokrati.sk\/\",\"logo\":{\"@type\":\"ImageObject\",\"inLanguage\":\"hu-HU\",\"@id\":\"https:\/\/www.smedemokrati.sk\/#\/schema\/logo\/image\/\",\"url\":\"https:\/\/www.smedemokrati.sk\/wp-content\/uploads\/2023\/04\/ff.002.jpeg\",\"contentUrl\":\"https:\/\/www.smedemokrati.sk\/wp-content\/uploads\/2023\/04\/ff.002.jpeg\",\"width\":640,\"height\":480,\"caption\":\"Smedemokrati.sk\"},\"image\":{\"@id\":\"https:\/\/www.smedemokrati.sk\/#\/schema\/logo\/image\/\"},\"sameAs\":[\"https:\/\/www.facebook.com\/smedemokrati2023\"]},{\"@type\":\"Person\",\"@id\":\"https:\/\/www.smedemokrati.sk\/#\/schema\/person\/21f147c88d605aa7ded900e1e7c344ba\",\"name\":\"miro.sopko\",\"image\":{\"@type\":\"ImageObject\",\"inLanguage\":\"hu-HU\",\"@id\":\"https:\/\/secure.gravatar.com\/avatar\/267e4a36f704376c109afe3a78740c1f5dd8675a2180a908699e7863c9247606?s=96&d=mm&r=g\",\"url\":\"https:\/\/secure.gravatar.com\/avatar\/267e4a36f704376c109afe3a78740c1f5dd8675a2180a908699e7863c9247606?s=96&d=mm&r=g\",\"contentUrl\":\"https:\/\/secure.gravatar.com\/avatar\/267e4a36f704376c109afe3a78740c1f5dd8675a2180a908699e7863c9247606?s=96&d=mm&r=g\",\"caption\":\"miro.sopko\"},\"url\":\"https:\/\/www.smedemokrati.sk\/hu\/author\/miro-sopko\/\"}]}<\/script>\n<!-- \/ Yoast SEO plugin. -->","yoast_head_json":{"title":"Vyz\u00fdvame vl\u00e1du aby neu\u0165ahovala opasky aj samospr\u00e1vam","robots":{"index":"index","follow":"follow","max-snippet":"max-snippet:-1","max-image-preview":"max-image-preview:large","max-video-preview":"max-video-preview:-1"},"canonical":"https:\/\/www.smedemokrati.sk\/hu\/vyzyvame-vladu-aby-neutahovala-opasky-aj-samospravam\/","og_locale":"hu_HU","og_type":"article","og_title":"[:sk]Vyz\u00fdvame vl\u00e1du aby neu\u0165ahovala opasky aj samospr\u00e1vam[:] - Smedemokrati.sk","og_description":"B\u00fdval\u00fd premi\u00e9r Eduard Heger upozornil na negat\u00edvne d\u00f4sledky vl\u00e1dnej, v \u00favodzovk\u00e1ch, konsolida\u010dnej politiky, ktor\u00e1 bude ma\u0165 za n\u00e1sledok nielen u\u0165ahovanie opaskov ob\u010danov, ale aj miest a obc\u00ed po celom Slovensku. Pod\u013ea prepo\u010dtov strany v d\u00f4sledku politiky Roberta Fica m\u00f4\u017eu krajsk\u00e9mu mestu nar\u00e1s\u0165 v\u00fddavky a\u017e na 3,5 mili\u00f3na eur, ktor\u00e9 v\u0161ak samospr\u00e1vy v rozpo\u010dte nemaj\u00fa.&nbsp;&nbsp; \u201eVyz\u00fdvame [&hellip;]","og_url":"https:\/\/www.smedemokrati.sk\/hu\/vyzyvame-vladu-aby-neutahovala-opasky-aj-samospravam\/","og_site_name":"Smedemokrati.sk","article_publisher":"https:\/\/www.facebook.com\/smedemokrati2023","article_published_time":"2024-11-04T12:49:16+00:00","article_modified_time":"2024-11-13T12:24:31+00:00","og_image":[{"width":634,"height":332,"url":"https:\/\/www.smedemokrati.sk\/wp-content\/uploads\/2024\/11\/opasky.jpg","type":"image\/jpeg"}],"author":"miro.sopko","twitter_card":"summary_large_image","twitter_misc":{"Szerz\u0151:":"miro.sopko","Becs\u00fclt olvas\u00e1si id\u0151":"2 perc"},"schema":{"@context":"https:\/\/schema.org","@graph":[{"@type":"Article","@id":"https:\/\/www.smedemokrati.sk\/vyzyvame-vladu-aby-neutahovala-opasky-aj-samospravam\/#article","isPartOf":{"@id":"https:\/\/www.smedemokrati.sk\/vyzyvame-vladu-aby-neutahovala-opasky-aj-samospravam\/"},"author":{"name":"miro.sopko","@id":"https:\/\/www.smedemokrati.sk\/#\/schema\/person\/21f147c88d605aa7ded900e1e7c344ba"},"headline":"Vyz\u00fdvame vl\u00e1du aby neu\u0165ahovala opasky aj samospr\u00e1vam","datePublished":"2024-11-04T12:49:16+00:00","dateModified":"2024-11-13T12:24:31+00:00","mainEntityOfPage":{"@id":"https:\/\/www.smedemokrati.sk\/vyzyvame-vladu-aby-neutahovala-opasky-aj-samospravam\/"},"wordCount":358,"publisher":{"@id":"https:\/\/www.smedemokrati.sk\/#organization"},"image":{"@id":"https:\/\/www.smedemokrati.sk\/vyzyvame-vladu-aby-neutahovala-opasky-aj-samospravam\/#primaryimage"},"thumbnailUrl":"https:\/\/www.smedemokrati.sk\/wp-content\/uploads\/2024\/11\/opasky.jpg","articleSection":["Tla\u010dov\u00e9 spr\u00e1vy"],"inLanguage":"hu-HU"},{"@type":"WebPage","@id":"https:\/\/www.smedemokrati.sk\/vyzyvame-vladu-aby-neutahovala-opasky-aj-samospravam\/","url":"https:\/\/www.smedemokrati.sk\/vyzyvame-vladu-aby-neutahovala-opasky-aj-samospravam\/","name":"Vyz\u00fdvame vl\u00e1du aby neu\u0165ahovala opasky aj samospr\u00e1vam","isPartOf":{"@id":"https:\/\/www.smedemokrati.sk\/#website"},"primaryImageOfPage":{"@id":"https:\/\/www.smedemokrati.sk\/vyzyvame-vladu-aby-neutahovala-opasky-aj-samospravam\/#primaryimage"},"image":{"@id":"https:\/\/www.smedemokrati.sk\/vyzyvame-vladu-aby-neutahovala-opasky-aj-samospravam\/#primaryimage"},"thumbnailUrl":"https:\/\/www.smedemokrati.sk\/wp-content\/uploads\/2024\/11\/opasky.jpg","datePublished":"2024-11-04T12:49:16+00:00","dateModified":"2024-11-13T12:24:31+00:00","breadcrumb":{"@id":"https:\/\/www.smedemokrati.sk\/vyzyvame-vladu-aby-neutahovala-opasky-aj-samospravam\/#breadcrumb"},"inLanguage":"hu-HU","potentialAction":[{"@type":"ReadAction","target":["https:\/\/www.smedemokrati.sk\/vyzyvame-vladu-aby-neutahovala-opasky-aj-samospravam\/"]}]},{"@type":"ImageObject","inLanguage":"hu-HU","@id":"https:\/\/www.smedemokrati.sk\/vyzyvame-vladu-aby-neutahovala-opasky-aj-samospravam\/#primaryimage","url":"https:\/\/www.smedemokrati.sk\/wp-content\/uploads\/2024\/11\/opasky.jpg","contentUrl":"https:\/\/www.smedemokrati.sk\/wp-content\/uploads\/2024\/11\/opasky.jpg","width":634,"height":332},{"@type":"BreadcrumbList","@id":"https:\/\/www.smedemokrati.sk\/vyzyvame-vladu-aby-neutahovala-opasky-aj-samospravam\/#breadcrumb","itemListElement":[{"@type":"ListItem","position":1,"name":"Domovsk\u00e1 str\u00e1nka","item":"https:\/\/www.smedemokrati.sk\/"},{"@type":"ListItem","position":2,"name":"Vyz\u00fdvame vl\u00e1du aby neu\u0165ahovala opasky aj samospr\u00e1vam"}]},{"@type":"WebSite","@id":"https:\/\/www.smedemokrati.sk\/#website","url":"https:\/\/www.smedemokrati.sk\/","name":"Smedemokrati.sk","description":"Demokracia a slu\u0161nos\u0165 zv\u00ed\u0165az\u00ed","publisher":{"@id":"https:\/\/www.smedemokrati.sk\/#organization"},"potentialAction":[{"@type":"SearchAction","target":{"@type":"EntryPoint","urlTemplate":"https:\/\/www.smedemokrati.sk\/?s={search_term_string}"},"query-input":{"@type":"PropertyValueSpecification","valueRequired":true,"valueName":"search_term_string"}}],"inLanguage":"hu-HU"},{"@type":"Organization","@id":"https:\/\/www.smedemokrati.sk\/#organization","name":"Smedemokrati.sk","url":"https:\/\/www.smedemokrati.sk\/","logo":{"@type":"ImageObject","inLanguage":"hu-HU","@id":"https:\/\/www.smedemokrati.sk\/#\/schema\/logo\/image\/","url":"https:\/\/www.smedemokrati.sk\/wp-content\/uploads\/2023\/04\/ff.002.jpeg","contentUrl":"https:\/\/www.smedemokrati.sk\/wp-content\/uploads\/2023\/04\/ff.002.jpeg","width":640,"height":480,"caption":"Smedemokrati.sk"},"image":{"@id":"https:\/\/www.smedemokrati.sk\/#\/schema\/logo\/image\/"},"sameAs":["https:\/\/www.facebook.com\/smedemokrati2023"]},{"@type":"Person","@id":"https:\/\/www.smedemokrati.sk\/#\/schema\/person\/21f147c88d605aa7ded900e1e7c344ba","name":"miro.sopko","image":{"@type":"ImageObject","inLanguage":"hu-HU","@id":"https:\/\/secure.gravatar.com\/avatar\/267e4a36f704376c109afe3a78740c1f5dd8675a2180a908699e7863c9247606?s=96&d=mm&r=g","url":"https:\/\/secure.gravatar.com\/avatar\/267e4a36f704376c109afe3a78740c1f5dd8675a2180a908699e7863c9247606?s=96&d=mm&r=g","contentUrl":"https:\/\/secure.gravatar.com\/avatar\/267e4a36f704376c109afe3a78740c1f5dd8675a2180a908699e7863c9247606?s=96&d=mm&r=g","caption":"miro.sopko"},"url":"https:\/\/www.smedemokrati.sk\/hu\/author\/miro-sopko\/"}]}},"_links":{"self":[{"href":"https:\/\/www.smedemokrati.sk\/hu\/wp-json\/wp\/v2\/posts\/5454","targetHints":{"allow":["GET"]}}],"collection":[{"href":"https:\/\/www.smedemokrati.sk\/hu\/wp-json\/wp\/v2\/posts"}],"about":[{"href":"https:\/\/www.smedemokrati.sk\/hu\/wp-json\/wp\/v2\/types\/post"}],"author":[{"embeddable":true,"href":"https:\/\/www.smedemokrati.sk\/hu\/wp-json\/wp\/v2\/users\/13"}],"replies":[{"embeddable":true,"href":"https:\/\/www.smedemokrati.sk\/hu\/wp-json\/wp\/v2\/comments?post=5454"}],"version-history":[{"count":2,"href":"https:\/\/www.smedemokrati.sk\/hu\/wp-json\/wp\/v2\/posts\/5454\/revisions"}],"predecessor-version":[{"id":5464,"href":"https:\/\/www.smedemokrati.sk\/hu\/wp-json\/wp\/v2\/posts\/5454\/revisions\/5464"}],"wp:featuredmedia":[{"embeddable":true,"href":"https:\/\/www.smedemokrati.sk\/hu\/wp-json\/wp\/v2\/media\/5455"}],"wp:attachment":[{"href":"https:\/\/www.smedemokrati.sk\/hu\/wp-json\/wp\/v2\/media?parent=5454"}],"wp:term":[{"taxonomy":"category","embeddable":true,"href":"https:\/\/www.smedemokrati.sk\/hu\/wp-json\/wp\/v2\/categories?post=5454"},{"taxonomy":"post_tag","embeddable":true,"href":"https:\/\/www.smedemokrati.sk\/hu\/wp-json\/wp\/v2\/tags?post=5454"}],"curies":[{"name":"wp","href":"https:\/\/api.w.org\/{rel}","templated":true}]}}