{"id":5436,"date":"2024-10-30T19:11:05","date_gmt":"2024-10-30T18:11:05","guid":{"rendered":"https:\/\/www.smedemokrati.sk\/?p=5436"},"modified":"2024-11-13T13:07:37","modified_gmt":"2024-11-13T12:07:37","slug":"sns-chce-zrusit-ucast-verejnosti-v-konaniach-o-ochrane-prirody","status":"publish","type":"post","link":"https:\/\/www.smedemokrati.sk\/hu\/sns-chce-zrusit-ucast-verejnosti-v-konaniach-o-ochrane-prirody\/","title":{"rendered":"SNS chce zru\u0161i\u0165 \u00fa\u010das\u0165 verejnosti v konaniach o ochrane pr\u00edrody"},"content":{"rendered":"<div id=\"fb-root\"><\/div>\n\n<p><strong>Poslanec SNS Milan Garaj p\u00edsomne predlo\u017eil pozme\u0148uj\u00faci n\u00e1vrh k Huliakovej novele z\u00e1kona o ochrane pr\u00edrody a krajiny. Navrhuje v \u0148om, aby sa zru\u0161ilo \u00fa\u010dastn\u00edctvo verejnosti a ochran\u00e1rskych organiz\u00e1ci\u00ed v konaniach pod\u013ea z\u00e1kona o ochrane pr\u00edrody a krajiny. Tie m\u00f4\u017eu by\u0165 dnes \u00fa\u010dastn\u00edkmi konan\u00ed o vyd\u00e1vanie v\u00fdnimiek alebo s\u00fahlasov na v\u00fdstavbu \u010di \u0165a\u017ebu dreva v chr\u00e1nen\u00fdch \u00fazemiach, v\u00fdruby drev\u00edn v mest\u00e1ch a obciach, alebo vyd\u00e1vanie v\u00fdnimiek na usmrcovanie chr\u00e1nen\u00fdch \u017eivo\u010d\u00edchov a mno\u017estva in\u00fdch. N\u00e1vrh zvy\u0161uje riziko obrovskej devast\u00e1cie slovenskej pr\u00edrody, je \u0161it\u00fd pre lobistov a podobn\u00e1 \u00faprava v minulosti viedla k zastaveniu eurofondov.&nbsp;<\/strong><\/p>\n\n\n\n<p>\u00da\u010das\u0165 verejnosti a mimovl\u00e1dnych organiz\u00e1ci\u00ed v t\u00fdchto konaniach je doslova k\u013e\u00fa\u010dov\u00e1 a nenahradite\u013en\u00e1. \u201c<em>Iba v\u010faka kontrole verejnosti a mimovl\u00e1dnym organiz\u00e1ci\u00e1m sa za vl\u00e1d SMERu, Hlasu a SNS podarilo zabr\u00e1ni\u0165 t\u00fdm najv\u00e4\u010d\u0161\u00edm brutalit\u00e1m, v\u00fdrubom tis\u00edcok stromov v mest\u00e1ch, devast\u00e1cii mno\u017estva lesov alebo zbyto\u010dn\u00e9mu usmrcovaniu chr\u00e1nen\u00fdch \u017eivo\u010d\u00edchov. Nahradi\u0165 sa m\u00e1 in\u0161tit\u00fatom tzv. z\u00fa\u010dastnenej osoby, ktor\u00e1 v\u0161ak m\u00e1 iba ve\u013emi slab\u00e9 procesn\u00e9 postavenie, napr., nem\u00f4\u017ee poda\u0165 ani odvolanie vo\u010di rozhodnutiu alebo sa obr\u00e1ti\u0165 na s\u00fad,<\/em>\u201d vysvet\u013euje Michal Ki\u010da, \u010dlen predsedn\u00edctva strany a jej expert na \u017eivotn\u00e9 prostredie.&nbsp;<\/p>\n\n\n\n<p>Z\u00e1va\u017en\u00fd n\u00e1vrh bol predlo\u017een\u00fd ako pr\u00edlepok, bez akejko\u013evek diskusie a pripomienkov\u00e9ho konania a v rozpore s legislat\u00edvnymi pravidlami. M\u00f4\u017ee sa o \u0148om hlasova\u0165 u\u017e zajtra, \u010do je \u0161kandal\u00f3zne. \u201c<em>Pripom\u00edname, \u017ee tento krok je aj v rozpore s pr\u00e1vom E\u00da a tzv. Aarhusk\u00fdm dohovorom. V minulosti Ficova vl\u00e1da v roku 2010 \u010delila pre tento ist\u00fd krok natvrdo pozastaveniu eurofondov a nar\u00fdchlo v skr\u00e1tenom legislat\u00edvnom konan\u00ed z\u00e1kony s hanbou opravovala. Teraz o\u010dak\u00e1vame rovnak\u00fd scen\u00e1r. Vyz\u00fdvame koali\u010dn\u00fdch poslancov, aby na\u0161li v sebe posledn\u00e9 zvy\u0161ky zodpovednosti vo\u010di Slovensku a Garajov n\u00e1vrh nepodporili,<\/em>\u201d kritizuje Michal Ki\u010da.&nbsp;<\/p>\n\n\n\n<p>Strana je presved\u010den\u00e1, \u017ee Fico a zvy\u0161ok vl\u00e1dnej koal\u00edcie si to ve\u013emi dobre uvedomuje, ale je im to \u013eahostajn\u00e9. Pod\u013ea Demokratov je n\u00e1vrh \u0161it\u00fd pre developerov a oligarchov a nepochybuj\u00fa, \u017ee sa to \u010doskoro uk\u00e1\u017ee na konkr\u00e9tnych z\u00e1meroch na v\u00fdstavbu a r\u00fabanie v chr\u00e1nen\u00fdch \u00fazemiach. \u201c<em>Desiatky \u017eiadost\u00ed, ktor\u00e9 p\u00f4jdu mimo verejnosti u\u017e \u010dakaj\u00fa v \u0161ufl\u00edku. Po z\u00e1sahu Eur\u00f3pskej komisie s\u00edce z\u00e1kon zmenia, ale povolenia u\u017e bud\u00fa povyd\u00e1van\u00e9. Na tieto prepojenia str\u00e1n a oligarchov v pozad\u00ed, pre ktor\u00fdch to robia, budeme poukazova\u0165. Danko s Tarabom a Huliakom si nevedia pri h\u00e1dkach o fleky pr\u00eds\u0165 na meno, av\u0161ak tu na\u0161li dojemn\u00fa zhodu. Kop\u00fa za oligarchov, proti z\u00e1ujmom ob\u010danov a slovenskej pr\u00edrode,<\/em>\u201d uzavrel Ki\u010da.&nbsp;<\/p>\n","protected":false},"excerpt":{"rendered":"<p>Poslanec SNS Milan Garaj p\u00edsomne predlo\u017eil pozme\u0148uj\u00faci n\u00e1vrh k Huliakovej novele z\u00e1kona o ochrane pr\u00edrody a krajiny. Navrhuje v \u0148om, aby sa zru\u0161ilo \u00fa\u010dastn\u00edctvo verejnosti a ochran\u00e1rskych organiz\u00e1ci\u00ed v konaniach pod\u013ea z\u00e1kona o ochrane pr\u00edrody a krajiny. Tie m\u00f4\u017eu by\u0165 dnes \u00fa\u010dastn\u00edkmi konan\u00ed o vyd\u00e1vanie v\u00fdnimiek alebo s\u00fahlasov na v\u00fdstavbu \u010di \u0165a\u017ebu dreva v chr\u00e1nen\u00fdch [&hellip;]<\/p>\n","protected":false},"author":13,"featured_media":4340,"comment_status":"closed","ping_status":"closed","sticky":false,"template":"","format":"standard","meta":{"_acf_changed":false,"ngg_post_thumbnail":0,"footnotes":""},"categories":[4],"tags":[],"class_list":["post-5436","post","type-post","status-publish","format-standard","has-post-thumbnail","hentry","category-tlacove-spravy"],"acf":[],"yoast_head":"<!-- This site is optimized with the Yoast SEO plugin v27.2 - https:\/\/yoast.com\/product\/yoast-seo-wordpress\/ -->\n<title>SNS chce zru\u0161i\u0165 \u00fa\u010das\u0165 verejnosti v konaniach o ochrane pr\u00edrody<\/title>\n<meta name=\"robots\" content=\"index, follow, max-snippet:-1, max-image-preview:large, max-video-preview:-1\" \/>\n<link rel=\"canonical\" href=\"https:\/\/www.smedemokrati.sk\/hu\/sns-chce-zrusit-ucast-verejnosti-v-konaniach-o-ochrane-prirody\/\" \/>\n<meta property=\"og:locale\" content=\"hu_HU\" \/>\n<meta property=\"og:locale:alternate\" content=\"en_US\" \/>\n<meta property=\"og:locale:alternate\" content=\"cs_CZ\" \/>\n<meta property=\"og:locale:alternate\" content=\"sk_SK\" \/>\n<meta property=\"og:locale:alternate\" content=\"sv_SE\" \/>\n<meta property=\"og:type\" content=\"article\" \/>\n<meta property=\"og:title\" content=\"SNS chce zru\u0161i\u0165 \u00fa\u010das\u0165 verejnosti v konaniach o ochrane pr\u00edrody\" \/>\n<meta property=\"og:description\" content=\"Poslanec SNS Milan Garaj p\u00edsomne predlo\u017eil pozme\u0148uj\u00faci n\u00e1vrh k Huliakovej novele z\u00e1kona o ochrane pr\u00edrody a krajiny. Navrhuje v \u0148om, aby sa zru\u0161ilo \u00fa\u010dastn\u00edctvo verejnosti a ochran\u00e1rskych organiz\u00e1ci\u00ed v konaniach pod\u013ea z\u00e1kona o ochrane pr\u00edrody a krajiny. Tie m\u00f4\u017eu by\u0165 dnes \u00fa\u010dastn\u00edkmi konan\u00ed o vyd\u00e1vanie v\u00fdnimiek alebo s\u00fahlasov na v\u00fdstavbu \u010di \u0165a\u017ebu dreva v chr\u00e1nen\u00fdch [&hellip;]\" \/>\n<meta property=\"og:url\" content=\"https:\/\/www.smedemokrati.sk\/hu\/sns-chce-zrusit-ucast-verejnosti-v-konaniach-o-ochrane-prirody\/\" \/>\n<meta property=\"og:site_name\" content=\"Smedemokrati.sk\" \/>\n<meta property=\"article:publisher\" content=\"https:\/\/www.facebook.com\/smedemokrati2023\" \/>\n<meta property=\"article:published_time\" content=\"2024-10-30T18:11:05+00:00\" \/>\n<meta property=\"article:modified_time\" content=\"2024-11-13T12:07:37+00:00\" \/>\n<meta property=\"og:image\" content=\"https:\/\/www.smedemokrati.sk\/wp-content\/uploads\/2024\/06\/kica-miliardy.jpg\" \/>\n\t<meta property=\"og:image:width\" content=\"2025\" \/>\n\t<meta property=\"og:image:height\" content=\"1179\" \/>\n\t<meta property=\"og:image:type\" content=\"image\/jpeg\" \/>\n<meta name=\"author\" content=\"miro.sopko\" \/>\n<meta name=\"twitter:card\" content=\"summary_large_image\" \/>\n<meta name=\"twitter:label1\" content=\"Szerz\u0151:\" \/>\n\t<meta name=\"twitter:data1\" content=\"miro.sopko\" \/>\n\t<meta name=\"twitter:label2\" content=\"Becs\u00fclt olvas\u00e1si id\u0151\" \/>\n\t<meta name=\"twitter:data2\" content=\"3 perc\" \/>\n<script type=\"application\/ld+json\" class=\"yoast-schema-graph\">{\"@context\":\"https:\/\/schema.org\",\"@graph\":[{\"@type\":\"Article\",\"@id\":\"https:\/\/www.smedemokrati.sk\/sns-chce-zrusit-ucast-verejnosti-v-konaniach-o-ochrane-prirody\/#article\",\"isPartOf\":{\"@id\":\"https:\/\/www.smedemokrati.sk\/sns-chce-zrusit-ucast-verejnosti-v-konaniach-o-ochrane-prirody\/\"},\"author\":{\"name\":\"miro.sopko\",\"@id\":\"https:\/\/www.smedemokrati.sk\/#\/schema\/person\/21f147c88d605aa7ded900e1e7c344ba\"},\"headline\":\"SNS chce zru\u0161i\u0165 \u00fa\u010das\u0165 verejnosti v konaniach o ochrane pr\u00edrody\",\"datePublished\":\"2024-10-30T18:11:05+00:00\",\"dateModified\":\"2024-11-13T12:07:37+00:00\",\"mainEntityOfPage\":{\"@id\":\"https:\/\/www.smedemokrati.sk\/sns-chce-zrusit-ucast-verejnosti-v-konaniach-o-ochrane-prirody\/\"},\"wordCount\":528,\"publisher\":{\"@id\":\"https:\/\/www.smedemokrati.sk\/#organization\"},\"image\":{\"@id\":\"https:\/\/www.smedemokrati.sk\/sns-chce-zrusit-ucast-verejnosti-v-konaniach-o-ochrane-prirody\/#primaryimage\"},\"thumbnailUrl\":\"https:\/\/www.smedemokrati.sk\/wp-content\/uploads\/2024\/06\/kica-miliardy.jpg\",\"articleSection\":[\"Tla\u010dov\u00e9 spr\u00e1vy\"],\"inLanguage\":\"hu-HU\"},{\"@type\":\"WebPage\",\"@id\":\"https:\/\/www.smedemokrati.sk\/sns-chce-zrusit-ucast-verejnosti-v-konaniach-o-ochrane-prirody\/\",\"url\":\"https:\/\/www.smedemokrati.sk\/sns-chce-zrusit-ucast-verejnosti-v-konaniach-o-ochrane-prirody\/\",\"name\":\"SNS chce zru\u0161i\u0165 \u00fa\u010das\u0165 verejnosti v konaniach o ochrane pr\u00edrody\",\"isPartOf\":{\"@id\":\"https:\/\/www.smedemokrati.sk\/#website\"},\"primaryImageOfPage\":{\"@id\":\"https:\/\/www.smedemokrati.sk\/sns-chce-zrusit-ucast-verejnosti-v-konaniach-o-ochrane-prirody\/#primaryimage\"},\"image\":{\"@id\":\"https:\/\/www.smedemokrati.sk\/sns-chce-zrusit-ucast-verejnosti-v-konaniach-o-ochrane-prirody\/#primaryimage\"},\"thumbnailUrl\":\"https:\/\/www.smedemokrati.sk\/wp-content\/uploads\/2024\/06\/kica-miliardy.jpg\",\"datePublished\":\"2024-10-30T18:11:05+00:00\",\"dateModified\":\"2024-11-13T12:07:37+00:00\",\"breadcrumb\":{\"@id\":\"https:\/\/www.smedemokrati.sk\/sns-chce-zrusit-ucast-verejnosti-v-konaniach-o-ochrane-prirody\/#breadcrumb\"},\"inLanguage\":\"hu-HU\",\"potentialAction\":[{\"@type\":\"ReadAction\",\"target\":[\"https:\/\/www.smedemokrati.sk\/sns-chce-zrusit-ucast-verejnosti-v-konaniach-o-ochrane-prirody\/\"]}]},{\"@type\":\"ImageObject\",\"inLanguage\":\"hu-HU\",\"@id\":\"https:\/\/www.smedemokrati.sk\/sns-chce-zrusit-ucast-verejnosti-v-konaniach-o-ochrane-prirody\/#primaryimage\",\"url\":\"https:\/\/www.smedemokrati.sk\/wp-content\/uploads\/2024\/06\/kica-miliardy.jpg\",\"contentUrl\":\"https:\/\/www.smedemokrati.sk\/wp-content\/uploads\/2024\/06\/kica-miliardy.jpg\",\"width\":2025,\"height\":1179},{\"@type\":\"BreadcrumbList\",\"@id\":\"https:\/\/www.smedemokrati.sk\/sns-chce-zrusit-ucast-verejnosti-v-konaniach-o-ochrane-prirody\/#breadcrumb\",\"itemListElement\":[{\"@type\":\"ListItem\",\"position\":1,\"name\":\"Domovsk\u00e1 str\u00e1nka\",\"item\":\"https:\/\/www.smedemokrati.sk\/\"},{\"@type\":\"ListItem\",\"position\":2,\"name\":\"SNS chce zru\u0161i\u0165 \u00fa\u010das\u0165 verejnosti v konaniach o ochrane pr\u00edrody\"}]},{\"@type\":\"WebSite\",\"@id\":\"https:\/\/www.smedemokrati.sk\/#website\",\"url\":\"https:\/\/www.smedemokrati.sk\/\",\"name\":\"Smedemokrati.sk\",\"description\":\"Demokracia a slu\u0161nos\u0165 zv\u00ed\u0165az\u00ed\",\"publisher\":{\"@id\":\"https:\/\/www.smedemokrati.sk\/#organization\"},\"potentialAction\":[{\"@type\":\"SearchAction\",\"target\":{\"@type\":\"EntryPoint\",\"urlTemplate\":\"https:\/\/www.smedemokrati.sk\/?s={search_term_string}\"},\"query-input\":{\"@type\":\"PropertyValueSpecification\",\"valueRequired\":true,\"valueName\":\"search_term_string\"}}],\"inLanguage\":\"hu-HU\"},{\"@type\":\"Organization\",\"@id\":\"https:\/\/www.smedemokrati.sk\/#organization\",\"name\":\"Smedemokrati.sk\",\"url\":\"https:\/\/www.smedemokrati.sk\/\",\"logo\":{\"@type\":\"ImageObject\",\"inLanguage\":\"hu-HU\",\"@id\":\"https:\/\/www.smedemokrati.sk\/#\/schema\/logo\/image\/\",\"url\":\"https:\/\/www.smedemokrati.sk\/wp-content\/uploads\/2023\/04\/ff.002.jpeg\",\"contentUrl\":\"https:\/\/www.smedemokrati.sk\/wp-content\/uploads\/2023\/04\/ff.002.jpeg\",\"width\":640,\"height\":480,\"caption\":\"Smedemokrati.sk\"},\"image\":{\"@id\":\"https:\/\/www.smedemokrati.sk\/#\/schema\/logo\/image\/\"},\"sameAs\":[\"https:\/\/www.facebook.com\/smedemokrati2023\"]},{\"@type\":\"Person\",\"@id\":\"https:\/\/www.smedemokrati.sk\/#\/schema\/person\/21f147c88d605aa7ded900e1e7c344ba\",\"name\":\"miro.sopko\",\"image\":{\"@type\":\"ImageObject\",\"inLanguage\":\"hu-HU\",\"@id\":\"https:\/\/secure.gravatar.com\/avatar\/267e4a36f704376c109afe3a78740c1f5dd8675a2180a908699e7863c9247606?s=96&d=mm&r=g\",\"url\":\"https:\/\/secure.gravatar.com\/avatar\/267e4a36f704376c109afe3a78740c1f5dd8675a2180a908699e7863c9247606?s=96&d=mm&r=g\",\"contentUrl\":\"https:\/\/secure.gravatar.com\/avatar\/267e4a36f704376c109afe3a78740c1f5dd8675a2180a908699e7863c9247606?s=96&d=mm&r=g\",\"caption\":\"miro.sopko\"},\"url\":\"https:\/\/www.smedemokrati.sk\/hu\/author\/miro-sopko\/\"}]}<\/script>\n<!-- \/ Yoast SEO plugin. -->","yoast_head_json":{"title":"SNS chce zru\u0161i\u0165 \u00fa\u010das\u0165 verejnosti v konaniach o ochrane pr\u00edrody","robots":{"index":"index","follow":"follow","max-snippet":"max-snippet:-1","max-image-preview":"max-image-preview:large","max-video-preview":"max-video-preview:-1"},"canonical":"https:\/\/www.smedemokrati.sk\/hu\/sns-chce-zrusit-ucast-verejnosti-v-konaniach-o-ochrane-prirody\/","og_locale":"hu_HU","og_type":"article","og_title":"[:sk]SNS chce zru\u0161i\u0165 \u00fa\u010das\u0165 verejnosti v konaniach o ochrane pr\u00edrody[:] - Smedemokrati.sk","og_description":"Poslanec SNS Milan Garaj p\u00edsomne predlo\u017eil pozme\u0148uj\u00faci n\u00e1vrh k Huliakovej novele z\u00e1kona o ochrane pr\u00edrody a krajiny. Navrhuje v \u0148om, aby sa zru\u0161ilo \u00fa\u010dastn\u00edctvo verejnosti a ochran\u00e1rskych organiz\u00e1ci\u00ed v konaniach pod\u013ea z\u00e1kona o ochrane pr\u00edrody a krajiny. Tie m\u00f4\u017eu by\u0165 dnes \u00fa\u010dastn\u00edkmi konan\u00ed o vyd\u00e1vanie v\u00fdnimiek alebo s\u00fahlasov na v\u00fdstavbu \u010di \u0165a\u017ebu dreva v chr\u00e1nen\u00fdch [&hellip;]","og_url":"https:\/\/www.smedemokrati.sk\/hu\/sns-chce-zrusit-ucast-verejnosti-v-konaniach-o-ochrane-prirody\/","og_site_name":"Smedemokrati.sk","article_publisher":"https:\/\/www.facebook.com\/smedemokrati2023","article_published_time":"2024-10-30T18:11:05+00:00","article_modified_time":"2024-11-13T12:07:37+00:00","og_image":[{"width":2025,"height":1179,"url":"https:\/\/www.smedemokrati.sk\/wp-content\/uploads\/2024\/06\/kica-miliardy.jpg","type":"image\/jpeg"}],"author":"miro.sopko","twitter_card":"summary_large_image","twitter_misc":{"Szerz\u0151:":"miro.sopko","Becs\u00fclt olvas\u00e1si id\u0151":"3 perc"},"schema":{"@context":"https:\/\/schema.org","@graph":[{"@type":"Article","@id":"https:\/\/www.smedemokrati.sk\/sns-chce-zrusit-ucast-verejnosti-v-konaniach-o-ochrane-prirody\/#article","isPartOf":{"@id":"https:\/\/www.smedemokrati.sk\/sns-chce-zrusit-ucast-verejnosti-v-konaniach-o-ochrane-prirody\/"},"author":{"name":"miro.sopko","@id":"https:\/\/www.smedemokrati.sk\/#\/schema\/person\/21f147c88d605aa7ded900e1e7c344ba"},"headline":"SNS chce zru\u0161i\u0165 \u00fa\u010das\u0165 verejnosti v konaniach o ochrane pr\u00edrody","datePublished":"2024-10-30T18:11:05+00:00","dateModified":"2024-11-13T12:07:37+00:00","mainEntityOfPage":{"@id":"https:\/\/www.smedemokrati.sk\/sns-chce-zrusit-ucast-verejnosti-v-konaniach-o-ochrane-prirody\/"},"wordCount":528,"publisher":{"@id":"https:\/\/www.smedemokrati.sk\/#organization"},"image":{"@id":"https:\/\/www.smedemokrati.sk\/sns-chce-zrusit-ucast-verejnosti-v-konaniach-o-ochrane-prirody\/#primaryimage"},"thumbnailUrl":"https:\/\/www.smedemokrati.sk\/wp-content\/uploads\/2024\/06\/kica-miliardy.jpg","articleSection":["Tla\u010dov\u00e9 spr\u00e1vy"],"inLanguage":"hu-HU"},{"@type":"WebPage","@id":"https:\/\/www.smedemokrati.sk\/sns-chce-zrusit-ucast-verejnosti-v-konaniach-o-ochrane-prirody\/","url":"https:\/\/www.smedemokrati.sk\/sns-chce-zrusit-ucast-verejnosti-v-konaniach-o-ochrane-prirody\/","name":"SNS chce zru\u0161i\u0165 \u00fa\u010das\u0165 verejnosti v konaniach o ochrane pr\u00edrody","isPartOf":{"@id":"https:\/\/www.smedemokrati.sk\/#website"},"primaryImageOfPage":{"@id":"https:\/\/www.smedemokrati.sk\/sns-chce-zrusit-ucast-verejnosti-v-konaniach-o-ochrane-prirody\/#primaryimage"},"image":{"@id":"https:\/\/www.smedemokrati.sk\/sns-chce-zrusit-ucast-verejnosti-v-konaniach-o-ochrane-prirody\/#primaryimage"},"thumbnailUrl":"https:\/\/www.smedemokrati.sk\/wp-content\/uploads\/2024\/06\/kica-miliardy.jpg","datePublished":"2024-10-30T18:11:05+00:00","dateModified":"2024-11-13T12:07:37+00:00","breadcrumb":{"@id":"https:\/\/www.smedemokrati.sk\/sns-chce-zrusit-ucast-verejnosti-v-konaniach-o-ochrane-prirody\/#breadcrumb"},"inLanguage":"hu-HU","potentialAction":[{"@type":"ReadAction","target":["https:\/\/www.smedemokrati.sk\/sns-chce-zrusit-ucast-verejnosti-v-konaniach-o-ochrane-prirody\/"]}]},{"@type":"ImageObject","inLanguage":"hu-HU","@id":"https:\/\/www.smedemokrati.sk\/sns-chce-zrusit-ucast-verejnosti-v-konaniach-o-ochrane-prirody\/#primaryimage","url":"https:\/\/www.smedemokrati.sk\/wp-content\/uploads\/2024\/06\/kica-miliardy.jpg","contentUrl":"https:\/\/www.smedemokrati.sk\/wp-content\/uploads\/2024\/06\/kica-miliardy.jpg","width":2025,"height":1179},{"@type":"BreadcrumbList","@id":"https:\/\/www.smedemokrati.sk\/sns-chce-zrusit-ucast-verejnosti-v-konaniach-o-ochrane-prirody\/#breadcrumb","itemListElement":[{"@type":"ListItem","position":1,"name":"Domovsk\u00e1 str\u00e1nka","item":"https:\/\/www.smedemokrati.sk\/"},{"@type":"ListItem","position":2,"name":"SNS chce zru\u0161i\u0165 \u00fa\u010das\u0165 verejnosti v konaniach o ochrane pr\u00edrody"}]},{"@type":"WebSite","@id":"https:\/\/www.smedemokrati.sk\/#website","url":"https:\/\/www.smedemokrati.sk\/","name":"Smedemokrati.sk","description":"Demokracia a slu\u0161nos\u0165 zv\u00ed\u0165az\u00ed","publisher":{"@id":"https:\/\/www.smedemokrati.sk\/#organization"},"potentialAction":[{"@type":"SearchAction","target":{"@type":"EntryPoint","urlTemplate":"https:\/\/www.smedemokrati.sk\/?s={search_term_string}"},"query-input":{"@type":"PropertyValueSpecification","valueRequired":true,"valueName":"search_term_string"}}],"inLanguage":"hu-HU"},{"@type":"Organization","@id":"https:\/\/www.smedemokrati.sk\/#organization","name":"Smedemokrati.sk","url":"https:\/\/www.smedemokrati.sk\/","logo":{"@type":"ImageObject","inLanguage":"hu-HU","@id":"https:\/\/www.smedemokrati.sk\/#\/schema\/logo\/image\/","url":"https:\/\/www.smedemokrati.sk\/wp-content\/uploads\/2023\/04\/ff.002.jpeg","contentUrl":"https:\/\/www.smedemokrati.sk\/wp-content\/uploads\/2023\/04\/ff.002.jpeg","width":640,"height":480,"caption":"Smedemokrati.sk"},"image":{"@id":"https:\/\/www.smedemokrati.sk\/#\/schema\/logo\/image\/"},"sameAs":["https:\/\/www.facebook.com\/smedemokrati2023"]},{"@type":"Person","@id":"https:\/\/www.smedemokrati.sk\/#\/schema\/person\/21f147c88d605aa7ded900e1e7c344ba","name":"miro.sopko","image":{"@type":"ImageObject","inLanguage":"hu-HU","@id":"https:\/\/secure.gravatar.com\/avatar\/267e4a36f704376c109afe3a78740c1f5dd8675a2180a908699e7863c9247606?s=96&d=mm&r=g","url":"https:\/\/secure.gravatar.com\/avatar\/267e4a36f704376c109afe3a78740c1f5dd8675a2180a908699e7863c9247606?s=96&d=mm&r=g","contentUrl":"https:\/\/secure.gravatar.com\/avatar\/267e4a36f704376c109afe3a78740c1f5dd8675a2180a908699e7863c9247606?s=96&d=mm&r=g","caption":"miro.sopko"},"url":"https:\/\/www.smedemokrati.sk\/hu\/author\/miro-sopko\/"}]}},"_links":{"self":[{"href":"https:\/\/www.smedemokrati.sk\/hu\/wp-json\/wp\/v2\/posts\/5436","targetHints":{"allow":["GET"]}}],"collection":[{"href":"https:\/\/www.smedemokrati.sk\/hu\/wp-json\/wp\/v2\/posts"}],"about":[{"href":"https:\/\/www.smedemokrati.sk\/hu\/wp-json\/wp\/v2\/types\/post"}],"author":[{"embeddable":true,"href":"https:\/\/www.smedemokrati.sk\/hu\/wp-json\/wp\/v2\/users\/13"}],"replies":[{"embeddable":true,"href":"https:\/\/www.smedemokrati.sk\/hu\/wp-json\/wp\/v2\/comments?post=5436"}],"version-history":[{"count":1,"href":"https:\/\/www.smedemokrati.sk\/hu\/wp-json\/wp\/v2\/posts\/5436\/revisions"}],"predecessor-version":[{"id":5437,"href":"https:\/\/www.smedemokrati.sk\/hu\/wp-json\/wp\/v2\/posts\/5436\/revisions\/5437"}],"wp:featuredmedia":[{"embeddable":true,"href":"https:\/\/www.smedemokrati.sk\/hu\/wp-json\/wp\/v2\/media\/4340"}],"wp:attachment":[{"href":"https:\/\/www.smedemokrati.sk\/hu\/wp-json\/wp\/v2\/media?parent=5436"}],"wp:term":[{"taxonomy":"category","embeddable":true,"href":"https:\/\/www.smedemokrati.sk\/hu\/wp-json\/wp\/v2\/categories?post=5436"},{"taxonomy":"post_tag","embeddable":true,"href":"https:\/\/www.smedemokrati.sk\/hu\/wp-json\/wp\/v2\/tags?post=5436"}],"curies":[{"name":"wp","href":"https:\/\/api.w.org\/{rel}","templated":true}]}}