{"id":5430,"date":"2024-10-30T12:45:14","date_gmt":"2024-10-30T11:45:14","guid":{"rendered":"https:\/\/www.smedemokrati.sk\/?p=5430"},"modified":"2024-11-13T13:07:27","modified_gmt":"2024-11-13T12:07:27","slug":"vratte-sa-z-kratsej-cesty-a-dodrzte-memorandum-so-zdravotnikmi-inak-nastane-kolaps-napriklad-nemocnica-v-trnave-je-krok-pred-zatvorenim","status":"publish","type":"post","link":"https:\/\/www.smedemokrati.sk\/hu\/vratte-sa-z-kratsej-cesty-a-dodrzte-memorandum-so-zdravotnikmi-inak-nastane-kolaps-napriklad-nemocnica-v-trnave-je-krok-pred-zatvorenim\/","title":{"rendered":"Vr\u00e1\u0165te sa z krat\u0161ej cesty a dodr\u017ete memorandum so zdravotn\u00edkmi, inak nastane kolaps. Napr\u00edklad nemocnica v\u00a0Trnave je krok pred zatvoren\u00edm"},"content":{"rendered":"<div id=\"fb-root\"><\/div>\n\n<p><strong>Pred trnavskou nemocnicou, kde d\u00e1va v\u00fdpovede polovica lek\u00e1rov (okolo 160), vyzvali Demokrati ministra \u0160a\u0161ka a&nbsp;premi\u00e9ra Fica, aby dodr\u017eal memorandum z roku 2022, ktor\u00e9 zabezpe\u010dilo zmier v zdravotn\u00edctve. Strana d\u00f4razne \u017eiada, aby sa zdravotn\u00edctvo, zdravie a \u017eivoty \u013eud\u00ed stali kone\u010dne premi\u00e9rskou t\u00e9mou. Demokrati upozornili, \u017ee r\u00e1no na \u00darade vl\u00e1dy rie\u0161ili predstavitelia vl\u00e1dnej koal\u00edcie miesto stavu zdravotn\u00edctva poz\u00edcie pre Huliaka a&nbsp;spol. &nbsp;<\/strong><\/p>\n\n\n\n<p><em>\u201eDodr\u017eanie uzatvoren\u00e9ho memoranda, ktor\u00e9 sme za na\u0161ej vl\u00e1dy vyrokovali, je \u017eivotne d\u00f4le\u017eit\u00e9 pre udr\u017eanie funk\u010dn\u00e9ho zdravotn\u00edctva a jeho postupn\u00fa stabiliz\u00e1ciu. Vyz\u00fdvam ministra \u0160a\u0161ka, ale aj predsedu vl\u00e1dy Roberta Fica, je o 5 min\u00fat 12 pred kolapsom zdravotnej starostlivosti. Vr\u00e1\u0165te sa k memorandu a dajte zdravotn\u00edkom to, \u010do si zasl\u00fa\u017eia, a z\u00e1rove\u0148 to, \u010do je u\u017e dva roky dohodnut\u00e9,\u201d<\/em>&nbsp;otv\u00e1ra t\u00e9mu expremi\u00e9r Eduard Heger a dod\u00e1va, \u017ee pri zv\u00fd\u0161en\u00ed platov \u010dlenov vl\u00e1dy a do\u017eivotnej renty pre premi\u00e9ra s\u00fa kroky zodpovedn\u00fdch v zdravotn\u00edctve obrovskou hanbou a ohrozen\u00edm poskytovania zdravotnej starostlivosti.<\/p>\n\n\n\n<p><em>\u201eTrnavsk\u00e1 nemocnica je tu 200 rokov, zvl\u00e1dla \u0165a\u017ek\u00e9 kr\u00edzy a\u017e k\u00fdm nenarazila na \u0161tvrt\u00fa vl\u00e1du Roberta Fica. Premi\u00e9r ka\u0161le na pacientov, lek\u00e1rov a zdravotn\u00edkov, aj ke\u010f sa situ\u00e1cia dot\u00fdka t\u00fdch, ktor\u00ed mu po ohavnom atent\u00e1te zachr\u00e1nili \u017eivot. Toto je jeho v\u010faka?\u201d<\/em>&nbsp;hovor\u00ed predseda Demokratov Jaroslav Na\u010f a pr\u00edzvukuje, \u017ee lek\u00e1rski odbor\u00e1ri sa v&nbsp;roku 2022 dohodli s&nbsp;Hegerovou vl\u00e1dou, \u017ee zabezpe\u010dia soci\u00e1lny zmier, ke\u010f vl\u00e1da zabezpe\u010d\u00ed primeran\u00ed rast miezd a&nbsp;reformy v&nbsp;zdravotn\u00edctve, \u010do sa aj stalo, preto je namieste v tejto spolupr\u00e1ci a dohode pokra\u010dova\u0165.<\/p>\n\n\n\n<p>Juraj \u0160eliga vyz\u00fdva, aby vl\u00e1da za\u010dala rie\u0161i\u0165 \u013eud\u00ed a probl\u00e9my Slovenska:&nbsp;<em>\u201eDnes r\u00e1no vl\u00e1dna koal\u00edcia rie\u0161ila p\u00e1na Huliaka, r\u00e1no rie\u0161il k\u0161efty pre seba a dobr\u00e9 fleky pre svojich najbli\u017e\u0161\u00edch. Kde bude zamestnan\u00e1 Huliakova sesternica, kde do akej dozornej rady p\u00f4jde jeho bratranec a&nbsp;to len preto, aby s&nbsp;nimi hlasoval. \u010co v\u0161ak nerie\u0161ili je to, \u017ee napr\u00edklad nemocnica v&nbsp;Trnave m\u00f4\u017ee by\u0165 o&nbsp;dva mesiace zatvoren\u00e1. Ke\u010f od\u00eddu lek\u00e1ri, ktor\u00ed dali v\u00fdpove\u010f, Trnavsk\u00e1 nemocnica bude musie\u0165 by\u0165 zatvoren\u00e1. Kto si to zoberie na svedomie? Ak by sa cel\u00e1 vl\u00e1da a koal\u00edcia v parlamente bila za ob\u010danov tejto krajiny ako sa vad\u00ed na tom, kto ak\u00fd flek dostane, mali by sme sa v\u0161etci cite\u013ene lep\u0161ie. P\u00fdtam sa, to naozaj premi\u00e9r Fico vymen\u00ed slovensk\u00fdch pacientov za Huliaka?\u201d<\/em><\/p>\n\n\n<div class=\"fb-video\" data-href=\"https:\/\/fb.watch\/vxOaNtoRPf\" data-allowfullscreen=\"true\" data-autoplay=\"false\" data-width=\"\" data-show-text=\"false\" data-show-captions=\"true\"><\/div>\n","protected":false},"excerpt":{"rendered":"<p>Pred trnavskou nemocnicou, kde d\u00e1va v\u00fdpovede polovica lek\u00e1rov (okolo 160), vyzvali Demokrati ministra \u0160a\u0161ka a&nbsp;premi\u00e9ra Fica, aby dodr\u017eal memorandum z roku 2022, ktor\u00e9 zabezpe\u010dilo zmier v zdravotn\u00edctve. Strana d\u00f4razne \u017eiada, aby sa zdravotn\u00edctvo, zdravie a \u017eivoty \u013eud\u00ed stali kone\u010dne premi\u00e9rskou t\u00e9mou. Demokrati upozornili, \u017ee r\u00e1no na \u00darade vl\u00e1dy rie\u0161ili predstavitelia vl\u00e1dnej koal\u00edcie miesto stavu zdravotn\u00edctva [&hellip;]<\/p>\n","protected":false},"author":13,"featured_media":5431,"comment_status":"closed","ping_status":"closed","sticky":false,"template":"","format":"standard","meta":{"_acf_changed":false,"ngg_post_thumbnail":0,"footnotes":""},"categories":[4],"tags":[],"class_list":["post-5430","post","type-post","status-publish","format-standard","has-post-thumbnail","hentry","category-tlacove-spravy"],"acf":[],"yoast_head":"<!-- This site is optimized with the Yoast SEO plugin v27.2 - https:\/\/yoast.com\/product\/yoast-seo-wordpress\/ -->\n<title>Vr\u00e1\u0165te sa z krat\u0161ej cesty a dodr\u017ete memorandum so zdravotn\u00edkmi, inak nastane kolaps. Napr\u00edklad nemocnica v\u00a0Trnave je krok pred zatvoren\u00edm<\/title>\n<meta name=\"robots\" content=\"index, follow, max-snippet:-1, max-image-preview:large, max-video-preview:-1\" \/>\n<link rel=\"canonical\" href=\"https:\/\/www.smedemokrati.sk\/hu\/vratte-sa-z-kratsej-cesty-a-dodrzte-memorandum-so-zdravotnikmi-inak-nastane-kolaps-napriklad-nemocnica-v-trnave-je-krok-pred-zatvorenim\/\" \/>\n<meta property=\"og:locale\" content=\"hu_HU\" \/>\n<meta property=\"og:locale:alternate\" content=\"en_US\" \/>\n<meta property=\"og:locale:alternate\" content=\"cs_CZ\" \/>\n<meta property=\"og:locale:alternate\" content=\"sk_SK\" \/>\n<meta property=\"og:locale:alternate\" content=\"sv_SE\" \/>\n<meta property=\"og:type\" content=\"article\" \/>\n<meta property=\"og:title\" content=\"Vr\u00e1\u0165te sa z krat\u0161ej cesty a dodr\u017ete memorandum so zdravotn\u00edkmi, inak nastane kolaps. Napr\u00edklad nemocnica v\u00a0Trnave je krok pred zatvoren\u00edm\" \/>\n<meta property=\"og:description\" content=\"Pred trnavskou nemocnicou, kde d\u00e1va v\u00fdpovede polovica lek\u00e1rov (okolo 160), vyzvali Demokrati ministra \u0160a\u0161ka a&nbsp;premi\u00e9ra Fica, aby dodr\u017eal memorandum z roku 2022, ktor\u00e9 zabezpe\u010dilo zmier v zdravotn\u00edctve. Strana d\u00f4razne \u017eiada, aby sa zdravotn\u00edctvo, zdravie a \u017eivoty \u013eud\u00ed stali kone\u010dne premi\u00e9rskou t\u00e9mou. Demokrati upozornili, \u017ee r\u00e1no na \u00darade vl\u00e1dy rie\u0161ili predstavitelia vl\u00e1dnej koal\u00edcie miesto stavu zdravotn\u00edctva [&hellip;]\" \/>\n<meta property=\"og:url\" content=\"https:\/\/www.smedemokrati.sk\/hu\/vratte-sa-z-kratsej-cesty-a-dodrzte-memorandum-so-zdravotnikmi-inak-nastane-kolaps-napriklad-nemocnica-v-trnave-je-krok-pred-zatvorenim\/\" \/>\n<meta property=\"og:site_name\" content=\"Smedemokrati.sk\" \/>\n<meta property=\"article:publisher\" content=\"https:\/\/www.facebook.com\/smedemokrati2023\" \/>\n<meta property=\"article:published_time\" content=\"2024-10-30T11:45:14+00:00\" \/>\n<meta property=\"article:modified_time\" content=\"2024-11-13T12:07:27+00:00\" \/>\n<meta property=\"og:image\" content=\"https:\/\/www.smedemokrati.sk\/wp-content\/uploads\/2024\/10\/nemocnica-trnava.jpg\" \/>\n\t<meta property=\"og:image:width\" content=\"1479\" \/>\n\t<meta property=\"og:image:height\" content=\"931\" \/>\n\t<meta property=\"og:image:type\" content=\"image\/jpeg\" \/>\n<meta name=\"author\" content=\"miro.sopko\" \/>\n<meta name=\"twitter:card\" content=\"summary_large_image\" \/>\n<meta name=\"twitter:label1\" content=\"Szerz\u0151:\" \/>\n\t<meta name=\"twitter:data1\" content=\"miro.sopko\" \/>\n\t<meta name=\"twitter:label2\" content=\"Becs\u00fclt olvas\u00e1si id\u0151\" \/>\n\t<meta name=\"twitter:data2\" content=\"2 perc\" \/>\n<script type=\"application\/ld+json\" class=\"yoast-schema-graph\">{\"@context\":\"https:\/\/schema.org\",\"@graph\":[{\"@type\":\"Article\",\"@id\":\"https:\/\/www.smedemokrati.sk\/vratte-sa-z-kratsej-cesty-a-dodrzte-memorandum-so-zdravotnikmi-inak-nastane-kolaps-napriklad-nemocnica-v-trnave-je-krok-pred-zatvorenim\/#article\",\"isPartOf\":{\"@id\":\"https:\/\/www.smedemokrati.sk\/vratte-sa-z-kratsej-cesty-a-dodrzte-memorandum-so-zdravotnikmi-inak-nastane-kolaps-napriklad-nemocnica-v-trnave-je-krok-pred-zatvorenim\/\"},\"author\":{\"name\":\"miro.sopko\",\"@id\":\"https:\/\/www.smedemokrati.sk\/#\/schema\/person\/21f147c88d605aa7ded900e1e7c344ba\"},\"headline\":\"Vr\u00e1\u0165te sa z krat\u0161ej cesty a dodr\u017ete memorandum so zdravotn\u00edkmi, inak nastane kolaps. Napr\u00edklad nemocnica v\u00a0Trnave je krok pred zatvoren\u00edm\",\"datePublished\":\"2024-10-30T11:45:14+00:00\",\"dateModified\":\"2024-11-13T12:07:27+00:00\",\"mainEntityOfPage\":{\"@id\":\"https:\/\/www.smedemokrati.sk\/vratte-sa-z-kratsej-cesty-a-dodrzte-memorandum-so-zdravotnikmi-inak-nastane-kolaps-napriklad-nemocnica-v-trnave-je-krok-pred-zatvorenim\/\"},\"wordCount\":511,\"publisher\":{\"@id\":\"https:\/\/www.smedemokrati.sk\/#organization\"},\"image\":{\"@id\":\"https:\/\/www.smedemokrati.sk\/vratte-sa-z-kratsej-cesty-a-dodrzte-memorandum-so-zdravotnikmi-inak-nastane-kolaps-napriklad-nemocnica-v-trnave-je-krok-pred-zatvorenim\/#primaryimage\"},\"thumbnailUrl\":\"https:\/\/www.smedemokrati.sk\/wp-content\/uploads\/2024\/10\/nemocnica-trnava.jpg\",\"articleSection\":[\"Tla\u010dov\u00e9 spr\u00e1vy\"],\"inLanguage\":\"hu-HU\"},{\"@type\":\"WebPage\",\"@id\":\"https:\/\/www.smedemokrati.sk\/vratte-sa-z-kratsej-cesty-a-dodrzte-memorandum-so-zdravotnikmi-inak-nastane-kolaps-napriklad-nemocnica-v-trnave-je-krok-pred-zatvorenim\/\",\"url\":\"https:\/\/www.smedemokrati.sk\/vratte-sa-z-kratsej-cesty-a-dodrzte-memorandum-so-zdravotnikmi-inak-nastane-kolaps-napriklad-nemocnica-v-trnave-je-krok-pred-zatvorenim\/\",\"name\":\"Vr\u00e1\u0165te sa z krat\u0161ej cesty a dodr\u017ete memorandum so zdravotn\u00edkmi, inak nastane kolaps. Napr\u00edklad nemocnica v\u00a0Trnave je krok pred zatvoren\u00edm\",\"isPartOf\":{\"@id\":\"https:\/\/www.smedemokrati.sk\/#website\"},\"primaryImageOfPage\":{\"@id\":\"https:\/\/www.smedemokrati.sk\/vratte-sa-z-kratsej-cesty-a-dodrzte-memorandum-so-zdravotnikmi-inak-nastane-kolaps-napriklad-nemocnica-v-trnave-je-krok-pred-zatvorenim\/#primaryimage\"},\"image\":{\"@id\":\"https:\/\/www.smedemokrati.sk\/vratte-sa-z-kratsej-cesty-a-dodrzte-memorandum-so-zdravotnikmi-inak-nastane-kolaps-napriklad-nemocnica-v-trnave-je-krok-pred-zatvorenim\/#primaryimage\"},\"thumbnailUrl\":\"https:\/\/www.smedemokrati.sk\/wp-content\/uploads\/2024\/10\/nemocnica-trnava.jpg\",\"datePublished\":\"2024-10-30T11:45:14+00:00\",\"dateModified\":\"2024-11-13T12:07:27+00:00\",\"breadcrumb\":{\"@id\":\"https:\/\/www.smedemokrati.sk\/vratte-sa-z-kratsej-cesty-a-dodrzte-memorandum-so-zdravotnikmi-inak-nastane-kolaps-napriklad-nemocnica-v-trnave-je-krok-pred-zatvorenim\/#breadcrumb\"},\"inLanguage\":\"hu-HU\",\"potentialAction\":[{\"@type\":\"ReadAction\",\"target\":[\"https:\/\/www.smedemokrati.sk\/vratte-sa-z-kratsej-cesty-a-dodrzte-memorandum-so-zdravotnikmi-inak-nastane-kolaps-napriklad-nemocnica-v-trnave-je-krok-pred-zatvorenim\/\"]}]},{\"@type\":\"ImageObject\",\"inLanguage\":\"hu-HU\",\"@id\":\"https:\/\/www.smedemokrati.sk\/vratte-sa-z-kratsej-cesty-a-dodrzte-memorandum-so-zdravotnikmi-inak-nastane-kolaps-napriklad-nemocnica-v-trnave-je-krok-pred-zatvorenim\/#primaryimage\",\"url\":\"https:\/\/www.smedemokrati.sk\/wp-content\/uploads\/2024\/10\/nemocnica-trnava.jpg\",\"contentUrl\":\"https:\/\/www.smedemokrati.sk\/wp-content\/uploads\/2024\/10\/nemocnica-trnava.jpg\",\"width\":1479,\"height\":931},{\"@type\":\"BreadcrumbList\",\"@id\":\"https:\/\/www.smedemokrati.sk\/vratte-sa-z-kratsej-cesty-a-dodrzte-memorandum-so-zdravotnikmi-inak-nastane-kolaps-napriklad-nemocnica-v-trnave-je-krok-pred-zatvorenim\/#breadcrumb\",\"itemListElement\":[{\"@type\":\"ListItem\",\"position\":1,\"name\":\"Domovsk\u00e1 str\u00e1nka\",\"item\":\"https:\/\/www.smedemokrati.sk\/\"},{\"@type\":\"ListItem\",\"position\":2,\"name\":\"Vr\u00e1\u0165te sa z krat\u0161ej cesty a dodr\u017ete memorandum so zdravotn\u00edkmi, inak nastane kolaps. Napr\u00edklad nemocnica v\u00a0Trnave je krok pred zatvoren\u00edm\"}]},{\"@type\":\"WebSite\",\"@id\":\"https:\/\/www.smedemokrati.sk\/#website\",\"url\":\"https:\/\/www.smedemokrati.sk\/\",\"name\":\"Smedemokrati.sk\",\"description\":\"Demokracia a slu\u0161nos\u0165 zv\u00ed\u0165az\u00ed\",\"publisher\":{\"@id\":\"https:\/\/www.smedemokrati.sk\/#organization\"},\"potentialAction\":[{\"@type\":\"SearchAction\",\"target\":{\"@type\":\"EntryPoint\",\"urlTemplate\":\"https:\/\/www.smedemokrati.sk\/?s={search_term_string}\"},\"query-input\":{\"@type\":\"PropertyValueSpecification\",\"valueRequired\":true,\"valueName\":\"search_term_string\"}}],\"inLanguage\":\"hu-HU\"},{\"@type\":\"Organization\",\"@id\":\"https:\/\/www.smedemokrati.sk\/#organization\",\"name\":\"Smedemokrati.sk\",\"url\":\"https:\/\/www.smedemokrati.sk\/\",\"logo\":{\"@type\":\"ImageObject\",\"inLanguage\":\"hu-HU\",\"@id\":\"https:\/\/www.smedemokrati.sk\/#\/schema\/logo\/image\/\",\"url\":\"https:\/\/www.smedemokrati.sk\/wp-content\/uploads\/2023\/04\/ff.002.jpeg\",\"contentUrl\":\"https:\/\/www.smedemokrati.sk\/wp-content\/uploads\/2023\/04\/ff.002.jpeg\",\"width\":640,\"height\":480,\"caption\":\"Smedemokrati.sk\"},\"image\":{\"@id\":\"https:\/\/www.smedemokrati.sk\/#\/schema\/logo\/image\/\"},\"sameAs\":[\"https:\/\/www.facebook.com\/smedemokrati2023\"]},{\"@type\":\"Person\",\"@id\":\"https:\/\/www.smedemokrati.sk\/#\/schema\/person\/21f147c88d605aa7ded900e1e7c344ba\",\"name\":\"miro.sopko\",\"image\":{\"@type\":\"ImageObject\",\"inLanguage\":\"hu-HU\",\"@id\":\"https:\/\/secure.gravatar.com\/avatar\/267e4a36f704376c109afe3a78740c1f5dd8675a2180a908699e7863c9247606?s=96&d=mm&r=g\",\"url\":\"https:\/\/secure.gravatar.com\/avatar\/267e4a36f704376c109afe3a78740c1f5dd8675a2180a908699e7863c9247606?s=96&d=mm&r=g\",\"contentUrl\":\"https:\/\/secure.gravatar.com\/avatar\/267e4a36f704376c109afe3a78740c1f5dd8675a2180a908699e7863c9247606?s=96&d=mm&r=g\",\"caption\":\"miro.sopko\"},\"url\":\"https:\/\/www.smedemokrati.sk\/hu\/author\/miro-sopko\/\"}]}<\/script>\n<!-- \/ Yoast SEO plugin. -->","yoast_head_json":{"title":"Vr\u00e1\u0165te sa z krat\u0161ej cesty a dodr\u017ete memorandum so zdravotn\u00edkmi, inak nastane kolaps. Napr\u00edklad nemocnica v\u00a0Trnave je krok pred zatvoren\u00edm","robots":{"index":"index","follow":"follow","max-snippet":"max-snippet:-1","max-image-preview":"max-image-preview:large","max-video-preview":"max-video-preview:-1"},"canonical":"https:\/\/www.smedemokrati.sk\/hu\/vratte-sa-z-kratsej-cesty-a-dodrzte-memorandum-so-zdravotnikmi-inak-nastane-kolaps-napriklad-nemocnica-v-trnave-je-krok-pred-zatvorenim\/","og_locale":"hu_HU","og_type":"article","og_title":"[:sk]Vr\u00e1\u0165te sa z krat\u0161ej cesty a dodr\u017ete memorandum so zdravotn\u00edkmi, inak nastane kolaps. Napr\u00edklad nemocnica v\u00a0Trnave je krok pred zatvoren\u00edm[:] - Smedemokrati.sk","og_description":"Pred trnavskou nemocnicou, kde d\u00e1va v\u00fdpovede polovica lek\u00e1rov (okolo 160), vyzvali Demokrati ministra \u0160a\u0161ka a&nbsp;premi\u00e9ra Fica, aby dodr\u017eal memorandum z roku 2022, ktor\u00e9 zabezpe\u010dilo zmier v zdravotn\u00edctve. Strana d\u00f4razne \u017eiada, aby sa zdravotn\u00edctvo, zdravie a \u017eivoty \u013eud\u00ed stali kone\u010dne premi\u00e9rskou t\u00e9mou. Demokrati upozornili, \u017ee r\u00e1no na \u00darade vl\u00e1dy rie\u0161ili predstavitelia vl\u00e1dnej koal\u00edcie miesto stavu zdravotn\u00edctva [&hellip;]","og_url":"https:\/\/www.smedemokrati.sk\/hu\/vratte-sa-z-kratsej-cesty-a-dodrzte-memorandum-so-zdravotnikmi-inak-nastane-kolaps-napriklad-nemocnica-v-trnave-je-krok-pred-zatvorenim\/","og_site_name":"Smedemokrati.sk","article_publisher":"https:\/\/www.facebook.com\/smedemokrati2023","article_published_time":"2024-10-30T11:45:14+00:00","article_modified_time":"2024-11-13T12:07:27+00:00","og_image":[{"width":1479,"height":931,"url":"https:\/\/www.smedemokrati.sk\/wp-content\/uploads\/2024\/10\/nemocnica-trnava.jpg","type":"image\/jpeg"}],"author":"miro.sopko","twitter_card":"summary_large_image","twitter_misc":{"Szerz\u0151:":"miro.sopko","Becs\u00fclt olvas\u00e1si id\u0151":"2 perc"},"schema":{"@context":"https:\/\/schema.org","@graph":[{"@type":"Article","@id":"https:\/\/www.smedemokrati.sk\/vratte-sa-z-kratsej-cesty-a-dodrzte-memorandum-so-zdravotnikmi-inak-nastane-kolaps-napriklad-nemocnica-v-trnave-je-krok-pred-zatvorenim\/#article","isPartOf":{"@id":"https:\/\/www.smedemokrati.sk\/vratte-sa-z-kratsej-cesty-a-dodrzte-memorandum-so-zdravotnikmi-inak-nastane-kolaps-napriklad-nemocnica-v-trnave-je-krok-pred-zatvorenim\/"},"author":{"name":"miro.sopko","@id":"https:\/\/www.smedemokrati.sk\/#\/schema\/person\/21f147c88d605aa7ded900e1e7c344ba"},"headline":"Vr\u00e1\u0165te sa z krat\u0161ej cesty a dodr\u017ete memorandum so zdravotn\u00edkmi, inak nastane kolaps. Napr\u00edklad nemocnica v\u00a0Trnave je krok pred zatvoren\u00edm","datePublished":"2024-10-30T11:45:14+00:00","dateModified":"2024-11-13T12:07:27+00:00","mainEntityOfPage":{"@id":"https:\/\/www.smedemokrati.sk\/vratte-sa-z-kratsej-cesty-a-dodrzte-memorandum-so-zdravotnikmi-inak-nastane-kolaps-napriklad-nemocnica-v-trnave-je-krok-pred-zatvorenim\/"},"wordCount":511,"publisher":{"@id":"https:\/\/www.smedemokrati.sk\/#organization"},"image":{"@id":"https:\/\/www.smedemokrati.sk\/vratte-sa-z-kratsej-cesty-a-dodrzte-memorandum-so-zdravotnikmi-inak-nastane-kolaps-napriklad-nemocnica-v-trnave-je-krok-pred-zatvorenim\/#primaryimage"},"thumbnailUrl":"https:\/\/www.smedemokrati.sk\/wp-content\/uploads\/2024\/10\/nemocnica-trnava.jpg","articleSection":["Tla\u010dov\u00e9 spr\u00e1vy"],"inLanguage":"hu-HU"},{"@type":"WebPage","@id":"https:\/\/www.smedemokrati.sk\/vratte-sa-z-kratsej-cesty-a-dodrzte-memorandum-so-zdravotnikmi-inak-nastane-kolaps-napriklad-nemocnica-v-trnave-je-krok-pred-zatvorenim\/","url":"https:\/\/www.smedemokrati.sk\/vratte-sa-z-kratsej-cesty-a-dodrzte-memorandum-so-zdravotnikmi-inak-nastane-kolaps-napriklad-nemocnica-v-trnave-je-krok-pred-zatvorenim\/","name":"Vr\u00e1\u0165te sa z krat\u0161ej cesty a dodr\u017ete memorandum so zdravotn\u00edkmi, inak nastane kolaps. Napr\u00edklad nemocnica v\u00a0Trnave je krok pred zatvoren\u00edm","isPartOf":{"@id":"https:\/\/www.smedemokrati.sk\/#website"},"primaryImageOfPage":{"@id":"https:\/\/www.smedemokrati.sk\/vratte-sa-z-kratsej-cesty-a-dodrzte-memorandum-so-zdravotnikmi-inak-nastane-kolaps-napriklad-nemocnica-v-trnave-je-krok-pred-zatvorenim\/#primaryimage"},"image":{"@id":"https:\/\/www.smedemokrati.sk\/vratte-sa-z-kratsej-cesty-a-dodrzte-memorandum-so-zdravotnikmi-inak-nastane-kolaps-napriklad-nemocnica-v-trnave-je-krok-pred-zatvorenim\/#primaryimage"},"thumbnailUrl":"https:\/\/www.smedemokrati.sk\/wp-content\/uploads\/2024\/10\/nemocnica-trnava.jpg","datePublished":"2024-10-30T11:45:14+00:00","dateModified":"2024-11-13T12:07:27+00:00","breadcrumb":{"@id":"https:\/\/www.smedemokrati.sk\/vratte-sa-z-kratsej-cesty-a-dodrzte-memorandum-so-zdravotnikmi-inak-nastane-kolaps-napriklad-nemocnica-v-trnave-je-krok-pred-zatvorenim\/#breadcrumb"},"inLanguage":"hu-HU","potentialAction":[{"@type":"ReadAction","target":["https:\/\/www.smedemokrati.sk\/vratte-sa-z-kratsej-cesty-a-dodrzte-memorandum-so-zdravotnikmi-inak-nastane-kolaps-napriklad-nemocnica-v-trnave-je-krok-pred-zatvorenim\/"]}]},{"@type":"ImageObject","inLanguage":"hu-HU","@id":"https:\/\/www.smedemokrati.sk\/vratte-sa-z-kratsej-cesty-a-dodrzte-memorandum-so-zdravotnikmi-inak-nastane-kolaps-napriklad-nemocnica-v-trnave-je-krok-pred-zatvorenim\/#primaryimage","url":"https:\/\/www.smedemokrati.sk\/wp-content\/uploads\/2024\/10\/nemocnica-trnava.jpg","contentUrl":"https:\/\/www.smedemokrati.sk\/wp-content\/uploads\/2024\/10\/nemocnica-trnava.jpg","width":1479,"height":931},{"@type":"BreadcrumbList","@id":"https:\/\/www.smedemokrati.sk\/vratte-sa-z-kratsej-cesty-a-dodrzte-memorandum-so-zdravotnikmi-inak-nastane-kolaps-napriklad-nemocnica-v-trnave-je-krok-pred-zatvorenim\/#breadcrumb","itemListElement":[{"@type":"ListItem","position":1,"name":"Domovsk\u00e1 str\u00e1nka","item":"https:\/\/www.smedemokrati.sk\/"},{"@type":"ListItem","position":2,"name":"Vr\u00e1\u0165te sa z krat\u0161ej cesty a dodr\u017ete memorandum so zdravotn\u00edkmi, inak nastane kolaps. Napr\u00edklad nemocnica v\u00a0Trnave je krok pred zatvoren\u00edm"}]},{"@type":"WebSite","@id":"https:\/\/www.smedemokrati.sk\/#website","url":"https:\/\/www.smedemokrati.sk\/","name":"Smedemokrati.sk","description":"Demokracia a slu\u0161nos\u0165 zv\u00ed\u0165az\u00ed","publisher":{"@id":"https:\/\/www.smedemokrati.sk\/#organization"},"potentialAction":[{"@type":"SearchAction","target":{"@type":"EntryPoint","urlTemplate":"https:\/\/www.smedemokrati.sk\/?s={search_term_string}"},"query-input":{"@type":"PropertyValueSpecification","valueRequired":true,"valueName":"search_term_string"}}],"inLanguage":"hu-HU"},{"@type":"Organization","@id":"https:\/\/www.smedemokrati.sk\/#organization","name":"Smedemokrati.sk","url":"https:\/\/www.smedemokrati.sk\/","logo":{"@type":"ImageObject","inLanguage":"hu-HU","@id":"https:\/\/www.smedemokrati.sk\/#\/schema\/logo\/image\/","url":"https:\/\/www.smedemokrati.sk\/wp-content\/uploads\/2023\/04\/ff.002.jpeg","contentUrl":"https:\/\/www.smedemokrati.sk\/wp-content\/uploads\/2023\/04\/ff.002.jpeg","width":640,"height":480,"caption":"Smedemokrati.sk"},"image":{"@id":"https:\/\/www.smedemokrati.sk\/#\/schema\/logo\/image\/"},"sameAs":["https:\/\/www.facebook.com\/smedemokrati2023"]},{"@type":"Person","@id":"https:\/\/www.smedemokrati.sk\/#\/schema\/person\/21f147c88d605aa7ded900e1e7c344ba","name":"miro.sopko","image":{"@type":"ImageObject","inLanguage":"hu-HU","@id":"https:\/\/secure.gravatar.com\/avatar\/267e4a36f704376c109afe3a78740c1f5dd8675a2180a908699e7863c9247606?s=96&d=mm&r=g","url":"https:\/\/secure.gravatar.com\/avatar\/267e4a36f704376c109afe3a78740c1f5dd8675a2180a908699e7863c9247606?s=96&d=mm&r=g","contentUrl":"https:\/\/secure.gravatar.com\/avatar\/267e4a36f704376c109afe3a78740c1f5dd8675a2180a908699e7863c9247606?s=96&d=mm&r=g","caption":"miro.sopko"},"url":"https:\/\/www.smedemokrati.sk\/hu\/author\/miro-sopko\/"}]}},"_links":{"self":[{"href":"https:\/\/www.smedemokrati.sk\/hu\/wp-json\/wp\/v2\/posts\/5430","targetHints":{"allow":["GET"]}}],"collection":[{"href":"https:\/\/www.smedemokrati.sk\/hu\/wp-json\/wp\/v2\/posts"}],"about":[{"href":"https:\/\/www.smedemokrati.sk\/hu\/wp-json\/wp\/v2\/types\/post"}],"author":[{"embeddable":true,"href":"https:\/\/www.smedemokrati.sk\/hu\/wp-json\/wp\/v2\/users\/13"}],"replies":[{"embeddable":true,"href":"https:\/\/www.smedemokrati.sk\/hu\/wp-json\/wp\/v2\/comments?post=5430"}],"version-history":[{"count":1,"href":"https:\/\/www.smedemokrati.sk\/hu\/wp-json\/wp\/v2\/posts\/5430\/revisions"}],"predecessor-version":[{"id":5432,"href":"https:\/\/www.smedemokrati.sk\/hu\/wp-json\/wp\/v2\/posts\/5430\/revisions\/5432"}],"wp:featuredmedia":[{"embeddable":true,"href":"https:\/\/www.smedemokrati.sk\/hu\/wp-json\/wp\/v2\/media\/5431"}],"wp:attachment":[{"href":"https:\/\/www.smedemokrati.sk\/hu\/wp-json\/wp\/v2\/media?parent=5430"}],"wp:term":[{"taxonomy":"category","embeddable":true,"href":"https:\/\/www.smedemokrati.sk\/hu\/wp-json\/wp\/v2\/categories?post=5430"},{"taxonomy":"post_tag","embeddable":true,"href":"https:\/\/www.smedemokrati.sk\/hu\/wp-json\/wp\/v2\/tags?post=5430"}],"curies":[{"name":"wp","href":"https:\/\/api.w.org\/{rel}","templated":true}]}}