{"id":5421,"date":"2024-10-29T12:46:39","date_gmt":"2024-10-29T11:46:39","guid":{"rendered":"https:\/\/www.smedemokrati.sk\/?p=5421"},"modified":"2024-11-13T13:07:17","modified_gmt":"2024-11-13T12:07:17","slug":"policajny-zbor-sa-sutaj-estokovi-rozpadol-pod-rukami-policajtov-volaju-privyrobit-si-pochodzkami","status":"publish","type":"post","link":"https:\/\/www.smedemokrati.sk\/hu\/policajny-zbor-sa-sutaj-estokovi-rozpadol-pod-rukami-policajtov-volaju-privyrobit-si-pochodzkami\/","title":{"rendered":"Policajn\u00fd zbor sa \u0160utaj E\u0161tokovi rozpadol pod rukami, policajtov volaj\u00fa privyrobi\u0165 si poch\u00f4dzkami"},"content":{"rendered":"<div id=\"fb-root\"><\/div>\n\n<p><strong>Do konca roka m\u00e1 z policajn\u00e9ho zboru od\u00eds\u0165 2 400 policajtov. Minister vn\u00fatra doteraz nepredstavil pl\u00e1n, ako pred\u00eds\u0165 absol\u00fatnemu kolapsu bezpe\u010dnosti, Juraj \u0160eliga preto \u017eiada zvolanie okr\u00fahleho stola odborn\u00edkov. Pod\u013ea najnov\u0161\u00edch inform\u00e1ci\u00ed Demokratov je toti\u017e situ\u00e1cia tak v\u00e1\u017ena, \u017ee na be\u017en\u00fa hliadkov\u00fa \u010dinnos\u0165 v Bratislave volaj\u00fa policajtov \u201eprivyrobi\u0165\u00a0si&#8221;, preto\u017ee to nem\u00e1 kto vykon\u00e1va\u0165.<\/strong><\/p>\n\n\n\n<p>Pod\u013ea Juraja \u0160eligu je sto eurov\u00fd pr\u00edplatok pre policajtov a \u00fadajn\u00e9 vlaky zadarmo n\u00e1plas\u0165ou na o\u010di policajtom a ako sa zd\u00e1, absol\u00fatne nerie\u0161ia samotn\u00fd probl\u00e9m:\u00a0<em>\u201eM\u00e1me inform\u00e1cie, \u017ee v Bratislave nem\u00e1 kto vykon\u00e1va\u0165 be\u017en\u00fa hliadkov\u00fa \u010dinnos\u0165. Volaj\u00fa policajtov privyrobi\u0165 si, aby po svojej riadnej \u010dinnosti nast\u00fapili do \u010fal\u0161ej slu\u017eby. Toto je absol\u00fatne neudr\u017eate\u013en\u00e9 a ja z tohto miesta vyz\u00fdvam ministra vn\u00fatra aby zvolal okr\u00fahly st\u00f4l odborn\u00edkov preto\u017ee je zrejm\u00e9, \u017ee s policajn\u00fdm prezidentom Sol\u00e1kom netu\u0161ia, \u010do maj\u00fa robi\u0165,&#8221;<\/em>\u00a0hovor\u00ed Juraj \u0160eliga a pripom\u00edna, \u017ee aj samotn\u00e9 policajn\u00e9 odbory upozor\u0148uj\u00fa o najhor\u0161ej situ\u00e1cii v policajnom zbore za \u00e9ry jeho existencie. Dod\u00e1va, \u017ee Demokrati s\u00fa ochotn\u00ed odborne participova\u0165, preto\u017ee ide v prvom rade o bezpe\u010dnos\u0165 \u013eud\u00ed.<\/p>\n\n\n\n<p>Juraj \u0160eliga pripom\u00edna tie\u017e slov\u00e1 policajn\u00e9ho prezidenta, ktor\u00fd pri svojom n\u00e1stupe hovoril o garancii stability zboru:\u00a0<em>\u201eP\u00e1n \u0160utaj E\u0161tok ste osobne zodpovedn\u00fd za svoju nomin\u00e1ciu policajn\u00e9ho prezidenta, ktor\u00fd svojou neodbornos\u0165ou a ne\u010dinnos\u0165ou doslova policajn\u00fd zbor destabilizoval. Za t\u00fato situ\u00e1ciu, najhor\u0161iu v hist\u00f3rii Slovenska mu chcete da\u0165 gener\u00e1lsku hodnos\u0165 aby sa mal na d\u00f4chodku lep\u0161ie? Je to v\u00fdsmech slu\u0161n\u00fdm policajtom p\u00e1n minister a t\u00fdmito krokmi v\u00e1m garantujem, \u017ee o chv\u00ed\u013eu budete musie\u0165 posla\u0165\u00a0hliadkova\u0165 p\u00e1na Sol\u00e1ka\u00a0osobne, preto\u017ee v zbore neostane nikto.&#8221;<\/em><\/p>\n\n\n\n<p>Juraj \u0160eliga, ktor\u00fd je podpredsedom strany Demokrati uzatv\u00e1ra, \u017ee situ\u00e1cia v policajnom zbore m\u00e1 priame dopady na be\u017en\u00fdch \u013eud\u00ed, preto\u017ee t\u00fdm bu\u010f nem\u00e1 kto pr\u00eds\u0165 na pomoc alebo je \u010dakacia doba na hliadku aj nieko\u013eko hod\u00edn.&nbsp;<\/p>\n\n\n<div class=\"fb-video\" data-href=\"https:\/\/fb.watch\/vwp_ctXOe2\" data-allowfullscreen=\"true\" data-autoplay=\"false\" data-width=\"\" data-show-text=\"false\" data-show-captions=\"true\"><\/div>\n","protected":false},"excerpt":{"rendered":"<p>Do konca roka m\u00e1 z policajn\u00e9ho zboru od\u00eds\u0165 2 400 policajtov. Minister vn\u00fatra doteraz nepredstavil pl\u00e1n, ako pred\u00eds\u0165 absol\u00fatnemu kolapsu bezpe\u010dnosti, Juraj \u0160eliga preto \u017eiada zvolanie okr\u00fahleho stola odborn\u00edkov. Pod\u013ea najnov\u0161\u00edch inform\u00e1ci\u00ed Demokratov je toti\u017e situ\u00e1cia tak v\u00e1\u017ena, \u017ee na be\u017en\u00fa hliadkov\u00fa \u010dinnos\u0165 v Bratislave volaj\u00fa policajtov \u201eprivyrobi\u0165\u00a0si&#8221;, preto\u017ee to nem\u00e1 kto vykon\u00e1va\u0165. Pod\u013ea Juraja [&hellip;]<\/p>\n","protected":false},"author":13,"featured_media":5422,"comment_status":"closed","ping_status":"closed","sticky":false,"template":"","format":"standard","meta":{"_acf_changed":false,"ngg_post_thumbnail":0,"footnotes":""},"categories":[4],"tags":[],"class_list":["post-5421","post","type-post","status-publish","format-standard","has-post-thumbnail","hentry","category-tlacove-spravy"],"acf":[],"yoast_head":"<!-- This site is optimized with the Yoast SEO plugin v27.2 - https:\/\/yoast.com\/product\/yoast-seo-wordpress\/ -->\n<title>Policajn\u00fd zbor sa \u0160utaj E\u0161tokovi rozpadol pod rukami, policajtov volaj\u00fa privyrobi\u0165 si poch\u00f4dzkami<\/title>\n<meta name=\"robots\" content=\"index, follow, max-snippet:-1, max-image-preview:large, max-video-preview:-1\" \/>\n<link rel=\"canonical\" href=\"https:\/\/www.smedemokrati.sk\/hu\/policajny-zbor-sa-sutaj-estokovi-rozpadol-pod-rukami-policajtov-volaju-privyrobit-si-pochodzkami\/\" \/>\n<meta property=\"og:locale\" content=\"hu_HU\" \/>\n<meta property=\"og:locale:alternate\" content=\"en_US\" \/>\n<meta property=\"og:locale:alternate\" content=\"cs_CZ\" \/>\n<meta property=\"og:locale:alternate\" content=\"sk_SK\" \/>\n<meta property=\"og:locale:alternate\" content=\"sv_SE\" \/>\n<meta property=\"og:type\" content=\"article\" \/>\n<meta property=\"og:title\" content=\"Policajn\u00fd zbor sa \u0160utaj E\u0161tokovi rozpadol pod rukami, policajtov volaj\u00fa privyrobi\u0165 si poch\u00f4dzkami\" \/>\n<meta property=\"og:description\" content=\"Do konca roka m\u00e1 z policajn\u00e9ho zboru od\u00eds\u0165 2 400 policajtov. Minister vn\u00fatra doteraz nepredstavil pl\u00e1n, ako pred\u00eds\u0165 absol\u00fatnemu kolapsu bezpe\u010dnosti, Juraj \u0160eliga preto \u017eiada zvolanie okr\u00fahleho stola odborn\u00edkov. Pod\u013ea najnov\u0161\u00edch inform\u00e1ci\u00ed Demokratov je toti\u017e situ\u00e1cia tak v\u00e1\u017ena, \u017ee na be\u017en\u00fa hliadkov\u00fa \u010dinnos\u0165 v Bratislave volaj\u00fa policajtov \u201eprivyrobi\u0165\u00a0si&#8221;, preto\u017ee to nem\u00e1 kto vykon\u00e1va\u0165. Pod\u013ea Juraja [&hellip;]\" \/>\n<meta property=\"og:url\" content=\"https:\/\/www.smedemokrati.sk\/hu\/policajny-zbor-sa-sutaj-estokovi-rozpadol-pod-rukami-policajtov-volaju-privyrobit-si-pochodzkami\/\" \/>\n<meta property=\"og:site_name\" content=\"Smedemokrati.sk\" \/>\n<meta property=\"article:publisher\" content=\"https:\/\/www.facebook.com\/smedemokrati2023\" \/>\n<meta property=\"article:published_time\" content=\"2024-10-29T11:46:39+00:00\" \/>\n<meta property=\"article:modified_time\" content=\"2024-11-13T12:07:17+00:00\" \/>\n<meta property=\"og:image\" content=\"https:\/\/www.smedemokrati.sk\/wp-content\/uploads\/2024\/10\/pochodzka.jpg\" \/>\n\t<meta property=\"og:image:width\" content=\"1383\" \/>\n\t<meta property=\"og:image:height\" content=\"789\" \/>\n\t<meta property=\"og:image:type\" content=\"image\/jpeg\" \/>\n<meta name=\"author\" content=\"miro.sopko\" \/>\n<meta name=\"twitter:card\" content=\"summary_large_image\" \/>\n<meta name=\"twitter:label1\" content=\"Szerz\u0151:\" \/>\n\t<meta name=\"twitter:data1\" content=\"miro.sopko\" \/>\n\t<meta name=\"twitter:label2\" content=\"Becs\u00fclt olvas\u00e1si id\u0151\" \/>\n\t<meta name=\"twitter:data2\" content=\"2 perc\" \/>\n<script type=\"application\/ld+json\" class=\"yoast-schema-graph\">{\"@context\":\"https:\/\/schema.org\",\"@graph\":[{\"@type\":\"Article\",\"@id\":\"https:\/\/www.smedemokrati.sk\/policajny-zbor-sa-sutaj-estokovi-rozpadol-pod-rukami-policajtov-volaju-privyrobit-si-pochodzkami\/#article\",\"isPartOf\":{\"@id\":\"https:\/\/www.smedemokrati.sk\/policajny-zbor-sa-sutaj-estokovi-rozpadol-pod-rukami-policajtov-volaju-privyrobit-si-pochodzkami\/\"},\"author\":{\"name\":\"miro.sopko\",\"@id\":\"https:\/\/www.smedemokrati.sk\/#\/schema\/person\/21f147c88d605aa7ded900e1e7c344ba\"},\"headline\":\"Policajn\u00fd zbor sa \u0160utaj E\u0161tokovi rozpadol pod rukami, policajtov volaj\u00fa privyrobi\u0165 si poch\u00f4dzkami\",\"datePublished\":\"2024-10-29T11:46:39+00:00\",\"dateModified\":\"2024-11-13T12:07:17+00:00\",\"mainEntityOfPage\":{\"@id\":\"https:\/\/www.smedemokrati.sk\/policajny-zbor-sa-sutaj-estokovi-rozpadol-pod-rukami-policajtov-volaju-privyrobit-si-pochodzkami\/\"},\"wordCount\":397,\"publisher\":{\"@id\":\"https:\/\/www.smedemokrati.sk\/#organization\"},\"image\":{\"@id\":\"https:\/\/www.smedemokrati.sk\/policajny-zbor-sa-sutaj-estokovi-rozpadol-pod-rukami-policajtov-volaju-privyrobit-si-pochodzkami\/#primaryimage\"},\"thumbnailUrl\":\"https:\/\/www.smedemokrati.sk\/wp-content\/uploads\/2024\/10\/pochodzka.jpg\",\"articleSection\":[\"Tla\u010dov\u00e9 spr\u00e1vy\"],\"inLanguage\":\"hu-HU\"},{\"@type\":\"WebPage\",\"@id\":\"https:\/\/www.smedemokrati.sk\/policajny-zbor-sa-sutaj-estokovi-rozpadol-pod-rukami-policajtov-volaju-privyrobit-si-pochodzkami\/\",\"url\":\"https:\/\/www.smedemokrati.sk\/policajny-zbor-sa-sutaj-estokovi-rozpadol-pod-rukami-policajtov-volaju-privyrobit-si-pochodzkami\/\",\"name\":\"Policajn\u00fd zbor sa \u0160utaj E\u0161tokovi rozpadol pod rukami, policajtov volaj\u00fa privyrobi\u0165 si poch\u00f4dzkami\",\"isPartOf\":{\"@id\":\"https:\/\/www.smedemokrati.sk\/#website\"},\"primaryImageOfPage\":{\"@id\":\"https:\/\/www.smedemokrati.sk\/policajny-zbor-sa-sutaj-estokovi-rozpadol-pod-rukami-policajtov-volaju-privyrobit-si-pochodzkami\/#primaryimage\"},\"image\":{\"@id\":\"https:\/\/www.smedemokrati.sk\/policajny-zbor-sa-sutaj-estokovi-rozpadol-pod-rukami-policajtov-volaju-privyrobit-si-pochodzkami\/#primaryimage\"},\"thumbnailUrl\":\"https:\/\/www.smedemokrati.sk\/wp-content\/uploads\/2024\/10\/pochodzka.jpg\",\"datePublished\":\"2024-10-29T11:46:39+00:00\",\"dateModified\":\"2024-11-13T12:07:17+00:00\",\"breadcrumb\":{\"@id\":\"https:\/\/www.smedemokrati.sk\/policajny-zbor-sa-sutaj-estokovi-rozpadol-pod-rukami-policajtov-volaju-privyrobit-si-pochodzkami\/#breadcrumb\"},\"inLanguage\":\"hu-HU\",\"potentialAction\":[{\"@type\":\"ReadAction\",\"target\":[\"https:\/\/www.smedemokrati.sk\/policajny-zbor-sa-sutaj-estokovi-rozpadol-pod-rukami-policajtov-volaju-privyrobit-si-pochodzkami\/\"]}]},{\"@type\":\"ImageObject\",\"inLanguage\":\"hu-HU\",\"@id\":\"https:\/\/www.smedemokrati.sk\/policajny-zbor-sa-sutaj-estokovi-rozpadol-pod-rukami-policajtov-volaju-privyrobit-si-pochodzkami\/#primaryimage\",\"url\":\"https:\/\/www.smedemokrati.sk\/wp-content\/uploads\/2024\/10\/pochodzka.jpg\",\"contentUrl\":\"https:\/\/www.smedemokrati.sk\/wp-content\/uploads\/2024\/10\/pochodzka.jpg\",\"width\":1383,\"height\":789},{\"@type\":\"BreadcrumbList\",\"@id\":\"https:\/\/www.smedemokrati.sk\/policajny-zbor-sa-sutaj-estokovi-rozpadol-pod-rukami-policajtov-volaju-privyrobit-si-pochodzkami\/#breadcrumb\",\"itemListElement\":[{\"@type\":\"ListItem\",\"position\":1,\"name\":\"Domovsk\u00e1 str\u00e1nka\",\"item\":\"https:\/\/www.smedemokrati.sk\/\"},{\"@type\":\"ListItem\",\"position\":2,\"name\":\"Policajn\u00fd zbor sa \u0160utaj E\u0161tokovi rozpadol pod rukami, policajtov volaj\u00fa privyrobi\u0165 si poch\u00f4dzkami\"}]},{\"@type\":\"WebSite\",\"@id\":\"https:\/\/www.smedemokrati.sk\/#website\",\"url\":\"https:\/\/www.smedemokrati.sk\/\",\"name\":\"Smedemokrati.sk\",\"description\":\"Demokracia a slu\u0161nos\u0165 zv\u00ed\u0165az\u00ed\",\"publisher\":{\"@id\":\"https:\/\/www.smedemokrati.sk\/#organization\"},\"potentialAction\":[{\"@type\":\"SearchAction\",\"target\":{\"@type\":\"EntryPoint\",\"urlTemplate\":\"https:\/\/www.smedemokrati.sk\/?s={search_term_string}\"},\"query-input\":{\"@type\":\"PropertyValueSpecification\",\"valueRequired\":true,\"valueName\":\"search_term_string\"}}],\"inLanguage\":\"hu-HU\"},{\"@type\":\"Organization\",\"@id\":\"https:\/\/www.smedemokrati.sk\/#organization\",\"name\":\"Smedemokrati.sk\",\"url\":\"https:\/\/www.smedemokrati.sk\/\",\"logo\":{\"@type\":\"ImageObject\",\"inLanguage\":\"hu-HU\",\"@id\":\"https:\/\/www.smedemokrati.sk\/#\/schema\/logo\/image\/\",\"url\":\"https:\/\/www.smedemokrati.sk\/wp-content\/uploads\/2023\/04\/ff.002.jpeg\",\"contentUrl\":\"https:\/\/www.smedemokrati.sk\/wp-content\/uploads\/2023\/04\/ff.002.jpeg\",\"width\":640,\"height\":480,\"caption\":\"Smedemokrati.sk\"},\"image\":{\"@id\":\"https:\/\/www.smedemokrati.sk\/#\/schema\/logo\/image\/\"},\"sameAs\":[\"https:\/\/www.facebook.com\/smedemokrati2023\"]},{\"@type\":\"Person\",\"@id\":\"https:\/\/www.smedemokrati.sk\/#\/schema\/person\/21f147c88d605aa7ded900e1e7c344ba\",\"name\":\"miro.sopko\",\"image\":{\"@type\":\"ImageObject\",\"inLanguage\":\"hu-HU\",\"@id\":\"https:\/\/secure.gravatar.com\/avatar\/267e4a36f704376c109afe3a78740c1f5dd8675a2180a908699e7863c9247606?s=96&d=mm&r=g\",\"url\":\"https:\/\/secure.gravatar.com\/avatar\/267e4a36f704376c109afe3a78740c1f5dd8675a2180a908699e7863c9247606?s=96&d=mm&r=g\",\"contentUrl\":\"https:\/\/secure.gravatar.com\/avatar\/267e4a36f704376c109afe3a78740c1f5dd8675a2180a908699e7863c9247606?s=96&d=mm&r=g\",\"caption\":\"miro.sopko\"},\"url\":\"https:\/\/www.smedemokrati.sk\/hu\/author\/miro-sopko\/\"}]}<\/script>\n<!-- \/ Yoast SEO plugin. -->","yoast_head_json":{"title":"Policajn\u00fd zbor sa \u0160utaj E\u0161tokovi rozpadol pod rukami, policajtov volaj\u00fa privyrobi\u0165 si poch\u00f4dzkami","robots":{"index":"index","follow":"follow","max-snippet":"max-snippet:-1","max-image-preview":"max-image-preview:large","max-video-preview":"max-video-preview:-1"},"canonical":"https:\/\/www.smedemokrati.sk\/hu\/policajny-zbor-sa-sutaj-estokovi-rozpadol-pod-rukami-policajtov-volaju-privyrobit-si-pochodzkami\/","og_locale":"hu_HU","og_type":"article","og_title":"[:sk]Policajn\u00fd zbor sa \u0160utaj E\u0161tokovi rozpadol pod rukami, policajtov volaj\u00fa privyrobi\u0165 si poch\u00f4dzkami[:] - Smedemokrati.sk","og_description":"Do konca roka m\u00e1 z policajn\u00e9ho zboru od\u00eds\u0165 2 400 policajtov. Minister vn\u00fatra doteraz nepredstavil pl\u00e1n, ako pred\u00eds\u0165 absol\u00fatnemu kolapsu bezpe\u010dnosti, Juraj \u0160eliga preto \u017eiada zvolanie okr\u00fahleho stola odborn\u00edkov. Pod\u013ea najnov\u0161\u00edch inform\u00e1ci\u00ed Demokratov je toti\u017e situ\u00e1cia tak v\u00e1\u017ena, \u017ee na be\u017en\u00fa hliadkov\u00fa \u010dinnos\u0165 v Bratislave volaj\u00fa policajtov \u201eprivyrobi\u0165\u00a0si&#8221;, preto\u017ee to nem\u00e1 kto vykon\u00e1va\u0165. Pod\u013ea Juraja [&hellip;]","og_url":"https:\/\/www.smedemokrati.sk\/hu\/policajny-zbor-sa-sutaj-estokovi-rozpadol-pod-rukami-policajtov-volaju-privyrobit-si-pochodzkami\/","og_site_name":"Smedemokrati.sk","article_publisher":"https:\/\/www.facebook.com\/smedemokrati2023","article_published_time":"2024-10-29T11:46:39+00:00","article_modified_time":"2024-11-13T12:07:17+00:00","og_image":[{"width":1383,"height":789,"url":"https:\/\/www.smedemokrati.sk\/wp-content\/uploads\/2024\/10\/pochodzka.jpg","type":"image\/jpeg"}],"author":"miro.sopko","twitter_card":"summary_large_image","twitter_misc":{"Szerz\u0151:":"miro.sopko","Becs\u00fclt olvas\u00e1si id\u0151":"2 perc"},"schema":{"@context":"https:\/\/schema.org","@graph":[{"@type":"Article","@id":"https:\/\/www.smedemokrati.sk\/policajny-zbor-sa-sutaj-estokovi-rozpadol-pod-rukami-policajtov-volaju-privyrobit-si-pochodzkami\/#article","isPartOf":{"@id":"https:\/\/www.smedemokrati.sk\/policajny-zbor-sa-sutaj-estokovi-rozpadol-pod-rukami-policajtov-volaju-privyrobit-si-pochodzkami\/"},"author":{"name":"miro.sopko","@id":"https:\/\/www.smedemokrati.sk\/#\/schema\/person\/21f147c88d605aa7ded900e1e7c344ba"},"headline":"Policajn\u00fd zbor sa \u0160utaj E\u0161tokovi rozpadol pod rukami, policajtov volaj\u00fa privyrobi\u0165 si poch\u00f4dzkami","datePublished":"2024-10-29T11:46:39+00:00","dateModified":"2024-11-13T12:07:17+00:00","mainEntityOfPage":{"@id":"https:\/\/www.smedemokrati.sk\/policajny-zbor-sa-sutaj-estokovi-rozpadol-pod-rukami-policajtov-volaju-privyrobit-si-pochodzkami\/"},"wordCount":397,"publisher":{"@id":"https:\/\/www.smedemokrati.sk\/#organization"},"image":{"@id":"https:\/\/www.smedemokrati.sk\/policajny-zbor-sa-sutaj-estokovi-rozpadol-pod-rukami-policajtov-volaju-privyrobit-si-pochodzkami\/#primaryimage"},"thumbnailUrl":"https:\/\/www.smedemokrati.sk\/wp-content\/uploads\/2024\/10\/pochodzka.jpg","articleSection":["Tla\u010dov\u00e9 spr\u00e1vy"],"inLanguage":"hu-HU"},{"@type":"WebPage","@id":"https:\/\/www.smedemokrati.sk\/policajny-zbor-sa-sutaj-estokovi-rozpadol-pod-rukami-policajtov-volaju-privyrobit-si-pochodzkami\/","url":"https:\/\/www.smedemokrati.sk\/policajny-zbor-sa-sutaj-estokovi-rozpadol-pod-rukami-policajtov-volaju-privyrobit-si-pochodzkami\/","name":"Policajn\u00fd zbor sa \u0160utaj E\u0161tokovi rozpadol pod rukami, policajtov volaj\u00fa privyrobi\u0165 si poch\u00f4dzkami","isPartOf":{"@id":"https:\/\/www.smedemokrati.sk\/#website"},"primaryImageOfPage":{"@id":"https:\/\/www.smedemokrati.sk\/policajny-zbor-sa-sutaj-estokovi-rozpadol-pod-rukami-policajtov-volaju-privyrobit-si-pochodzkami\/#primaryimage"},"image":{"@id":"https:\/\/www.smedemokrati.sk\/policajny-zbor-sa-sutaj-estokovi-rozpadol-pod-rukami-policajtov-volaju-privyrobit-si-pochodzkami\/#primaryimage"},"thumbnailUrl":"https:\/\/www.smedemokrati.sk\/wp-content\/uploads\/2024\/10\/pochodzka.jpg","datePublished":"2024-10-29T11:46:39+00:00","dateModified":"2024-11-13T12:07:17+00:00","breadcrumb":{"@id":"https:\/\/www.smedemokrati.sk\/policajny-zbor-sa-sutaj-estokovi-rozpadol-pod-rukami-policajtov-volaju-privyrobit-si-pochodzkami\/#breadcrumb"},"inLanguage":"hu-HU","potentialAction":[{"@type":"ReadAction","target":["https:\/\/www.smedemokrati.sk\/policajny-zbor-sa-sutaj-estokovi-rozpadol-pod-rukami-policajtov-volaju-privyrobit-si-pochodzkami\/"]}]},{"@type":"ImageObject","inLanguage":"hu-HU","@id":"https:\/\/www.smedemokrati.sk\/policajny-zbor-sa-sutaj-estokovi-rozpadol-pod-rukami-policajtov-volaju-privyrobit-si-pochodzkami\/#primaryimage","url":"https:\/\/www.smedemokrati.sk\/wp-content\/uploads\/2024\/10\/pochodzka.jpg","contentUrl":"https:\/\/www.smedemokrati.sk\/wp-content\/uploads\/2024\/10\/pochodzka.jpg","width":1383,"height":789},{"@type":"BreadcrumbList","@id":"https:\/\/www.smedemokrati.sk\/policajny-zbor-sa-sutaj-estokovi-rozpadol-pod-rukami-policajtov-volaju-privyrobit-si-pochodzkami\/#breadcrumb","itemListElement":[{"@type":"ListItem","position":1,"name":"Domovsk\u00e1 str\u00e1nka","item":"https:\/\/www.smedemokrati.sk\/"},{"@type":"ListItem","position":2,"name":"Policajn\u00fd zbor sa \u0160utaj E\u0161tokovi rozpadol pod rukami, policajtov volaj\u00fa privyrobi\u0165 si poch\u00f4dzkami"}]},{"@type":"WebSite","@id":"https:\/\/www.smedemokrati.sk\/#website","url":"https:\/\/www.smedemokrati.sk\/","name":"Smedemokrati.sk","description":"Demokracia a slu\u0161nos\u0165 zv\u00ed\u0165az\u00ed","publisher":{"@id":"https:\/\/www.smedemokrati.sk\/#organization"},"potentialAction":[{"@type":"SearchAction","target":{"@type":"EntryPoint","urlTemplate":"https:\/\/www.smedemokrati.sk\/?s={search_term_string}"},"query-input":{"@type":"PropertyValueSpecification","valueRequired":true,"valueName":"search_term_string"}}],"inLanguage":"hu-HU"},{"@type":"Organization","@id":"https:\/\/www.smedemokrati.sk\/#organization","name":"Smedemokrati.sk","url":"https:\/\/www.smedemokrati.sk\/","logo":{"@type":"ImageObject","inLanguage":"hu-HU","@id":"https:\/\/www.smedemokrati.sk\/#\/schema\/logo\/image\/","url":"https:\/\/www.smedemokrati.sk\/wp-content\/uploads\/2023\/04\/ff.002.jpeg","contentUrl":"https:\/\/www.smedemokrati.sk\/wp-content\/uploads\/2023\/04\/ff.002.jpeg","width":640,"height":480,"caption":"Smedemokrati.sk"},"image":{"@id":"https:\/\/www.smedemokrati.sk\/#\/schema\/logo\/image\/"},"sameAs":["https:\/\/www.facebook.com\/smedemokrati2023"]},{"@type":"Person","@id":"https:\/\/www.smedemokrati.sk\/#\/schema\/person\/21f147c88d605aa7ded900e1e7c344ba","name":"miro.sopko","image":{"@type":"ImageObject","inLanguage":"hu-HU","@id":"https:\/\/secure.gravatar.com\/avatar\/267e4a36f704376c109afe3a78740c1f5dd8675a2180a908699e7863c9247606?s=96&d=mm&r=g","url":"https:\/\/secure.gravatar.com\/avatar\/267e4a36f704376c109afe3a78740c1f5dd8675a2180a908699e7863c9247606?s=96&d=mm&r=g","contentUrl":"https:\/\/secure.gravatar.com\/avatar\/267e4a36f704376c109afe3a78740c1f5dd8675a2180a908699e7863c9247606?s=96&d=mm&r=g","caption":"miro.sopko"},"url":"https:\/\/www.smedemokrati.sk\/hu\/author\/miro-sopko\/"}]}},"_links":{"self":[{"href":"https:\/\/www.smedemokrati.sk\/hu\/wp-json\/wp\/v2\/posts\/5421","targetHints":{"allow":["GET"]}}],"collection":[{"href":"https:\/\/www.smedemokrati.sk\/hu\/wp-json\/wp\/v2\/posts"}],"about":[{"href":"https:\/\/www.smedemokrati.sk\/hu\/wp-json\/wp\/v2\/types\/post"}],"author":[{"embeddable":true,"href":"https:\/\/www.smedemokrati.sk\/hu\/wp-json\/wp\/v2\/users\/13"}],"replies":[{"embeddable":true,"href":"https:\/\/www.smedemokrati.sk\/hu\/wp-json\/wp\/v2\/comments?post=5421"}],"version-history":[{"count":1,"href":"https:\/\/www.smedemokrati.sk\/hu\/wp-json\/wp\/v2\/posts\/5421\/revisions"}],"predecessor-version":[{"id":5423,"href":"https:\/\/www.smedemokrati.sk\/hu\/wp-json\/wp\/v2\/posts\/5421\/revisions\/5423"}],"wp:featuredmedia":[{"embeddable":true,"href":"https:\/\/www.smedemokrati.sk\/hu\/wp-json\/wp\/v2\/media\/5422"}],"wp:attachment":[{"href":"https:\/\/www.smedemokrati.sk\/hu\/wp-json\/wp\/v2\/media?parent=5421"}],"wp:term":[{"taxonomy":"category","embeddable":true,"href":"https:\/\/www.smedemokrati.sk\/hu\/wp-json\/wp\/v2\/categories?post=5421"},{"taxonomy":"post_tag","embeddable":true,"href":"https:\/\/www.smedemokrati.sk\/hu\/wp-json\/wp\/v2\/tags?post=5421"}],"curies":[{"name":"wp","href":"https:\/\/api.w.org\/{rel}","templated":true}]}}