{"id":5371,"date":"2024-10-18T09:36:43","date_gmt":"2024-10-18T08:36:43","guid":{"rendered":"https:\/\/www.smedemokrati.sk\/?p=5371"},"modified":"2024-11-19T13:25:21","modified_gmt":"2024-11-19T12:25:21","slug":"skolabuje-vszp-uz-vo-februari-2025","status":"publish","type":"post","link":"https:\/\/www.smedemokrati.sk\/hu\/skolabuje-vszp-uz-vo-februari-2025\/","title":{"rendered":"Skolabuje V\u0161ZP u\u017e vo febru\u00e1ri 2025?"},"content":{"rendered":"<div id=\"fb-root\"><\/div>\n\n<p><strong>N\u00e1vrh \u0161t\u00e1tneho rozpo\u010dtu pre zdravotn\u00edctvo je najhor\u0161\u00ed za posledn\u00fdch 20 rokov. Napriek vl\u00e1dnym deklar\u00e1ci\u00e1m o\u00a0n\u00e1raste celkov\u00fdch zdrojov v\u00a0zdravotn\u00edctve na bud\u00faci rok, skuto\u010dn\u00fd n\u00e1rast disponibiln\u00fdch zdrojov zdravotn\u00e9ho poistenia, z\u00a0ktor\u00fdch sa plat\u00ed samotn\u00e1 zdravotn\u00e1 starostlivos\u0165, bude len minim\u00e1lny.\u00a0<\/strong><\/p>\n\n\n\n<p>Pe\u0148az\u00ed na poskytovanie zdravotnej starostlivosti v\u00a0roku 2025 m\u00e1 by\u0165 len o 289 mil. eur viac ne\u017e v rozpo\u010dte pre zdravotn\u00edctvo v\u00a0roku 2024. Pritom u\u017e v\u00a0tomto roku ch\u00fdbalo 170 a\u017e 250 mil. eur na zdravotn\u00fa starostlivos\u0165 oproti schv\u00e1len\u00e9mu rozpo\u010dtu, ktor\u00e9 sa v\u00a0s\u00fa\u010dasnosti len postupne dopl\u00e1caj\u00fa.<\/p>\n\n\n\n<p><em>\u201ePrakticky v\u00a0bud\u00facom roku nebude viac pe\u0148az\u00ed na zdravotn\u00fa starostlivos\u0165 ako v\u00a0tomto roku, \u010do pri zvy\u0161ovan\u00ed cien liekov, energi\u00ed, zdravotn\u00edckeho materi\u00e1lu a\u00a0platov priamo ohroz\u00ed poskytovanie zdravotnej starostlivosti\u201c<\/em>, hovor\u00ed Viliam Novotn\u00fd, expert Demokratov pre zdravotn\u00edctvo.\u00a0<\/p>\n\n\n\n<p>Pod\u013ea Novotn\u00e9ho sa to v\u00a0praxi prejav\u00ed dlh\u0161\u00edm \u010dakan\u00edm pacientov a\u00a0vy\u0161\u0161\u00edmi doplatkami za zdravotn\u00fa starostlivos\u0165. Najdramatickej\u0161ia bude zrejme situ\u00e1cia v\u00a0najzadl\u017eenej\u0161ie V\u0161eobecnej zdravotnej pois\u0165ovni, ktor\u00e1 v\u00a0s\u00fa\u010dasnosti pripravuje ozdravn\u00fd pl\u00e1n. <em>\u201eV\u0161ZP je pred krachom u\u017e v\u00a0tomto roku, pri prakticky rovnak\u00fdch zdrojoch v\u00a0bud\u00facom roku a\u00a0vy\u0161\u0161\u00edch po\u017eiadavk\u00e1ch nemocn\u00edc a\u00a0ambulanci\u00ed pre n\u00e1rast ich n\u00e1kladov m\u00f4\u017ee skolabova\u0165 u\u017e vo febru\u00e1ri alebo marci\u201c<\/em>, vysvet\u013euje Viliam Novotn\u00fd.<\/p>\n\n\n\n<p><em>\u201eRobert Fico by si mal uvedomi\u0165, \u017ee zdravie \u013eud\u00ed je premi\u00e9rskou t\u00e9mou. \u010cas plynie, je u\u017e rok vo funkcii a nie je rezort, vr\u00e1tane zdravotn\u00edctva, ktor\u00e9 by malo z jeho vl\u00e1dnutia \u00fa\u017eitok. Ak nem\u00e1 odborn\u00edkov na k\u013e\u00fa\u010dov\u00e9 poz\u00edcie, mal by ako premi\u00e9r skon\u010di\u0165, preto\u017ee je jeho zodpovednos\u0165ou zabezpe\u010di\u0165 riadny chod in\u0161tit\u00faci\u00ed,&#8221;&nbsp;<\/em>uzatv\u00e1raJaroslav Na\u010f, predseda Demokratov.<\/p>\n","protected":false},"excerpt":{"rendered":"<p>N\u00e1vrh \u0161t\u00e1tneho rozpo\u010dtu pre zdravotn\u00edctvo je najhor\u0161\u00ed za posledn\u00fdch 20 rokov. Napriek vl\u00e1dnym deklar\u00e1ci\u00e1m o\u00a0n\u00e1raste celkov\u00fdch zdrojov v\u00a0zdravotn\u00edctve na bud\u00faci rok, skuto\u010dn\u00fd n\u00e1rast disponibiln\u00fdch zdrojov zdravotn\u00e9ho poistenia, z\u00a0ktor\u00fdch sa plat\u00ed samotn\u00e1 zdravotn\u00e1 starostlivos\u0165, bude len minim\u00e1lny.\u00a0 Pe\u0148az\u00ed na poskytovanie zdravotnej starostlivosti v\u00a0roku 2025 m\u00e1 by\u0165 len o 289 mil. eur viac ne\u017e v rozpo\u010dte pre [&hellip;]<\/p>\n","protected":false},"author":13,"featured_media":5372,"comment_status":"closed","ping_status":"closed","sticky":false,"template":"","format":"standard","meta":{"_acf_changed":false,"ngg_post_thumbnail":0,"footnotes":""},"categories":[4],"tags":[],"class_list":["post-5371","post","type-post","status-publish","format-standard","has-post-thumbnail","hentry","category-tlacove-spravy"],"acf":[],"yoast_head":"<!-- This site is optimized with the Yoast SEO plugin v27.2 - https:\/\/yoast.com\/product\/yoast-seo-wordpress\/ -->\n<title>Skolabuje V\u0161ZP u\u017e vo febru\u00e1ri 2025?<\/title>\n<meta name=\"robots\" content=\"index, follow, max-snippet:-1, max-image-preview:large, max-video-preview:-1\" \/>\n<link rel=\"canonical\" href=\"https:\/\/www.smedemokrati.sk\/hu\/skolabuje-vszp-uz-vo-februari-2025\/\" \/>\n<meta property=\"og:locale\" content=\"hu_HU\" \/>\n<meta property=\"og:locale:alternate\" content=\"en_US\" \/>\n<meta property=\"og:locale:alternate\" content=\"cs_CZ\" \/>\n<meta property=\"og:locale:alternate\" content=\"sk_SK\" \/>\n<meta property=\"og:locale:alternate\" content=\"sv_SE\" \/>\n<meta property=\"og:type\" content=\"article\" \/>\n<meta property=\"og:title\" content=\"Skolabuje V\u0161ZP u\u017e vo febru\u00e1ri 2025?\" \/>\n<meta property=\"og:description\" content=\"N\u00e1vrh \u0161t\u00e1tneho rozpo\u010dtu pre zdravotn\u00edctvo je najhor\u0161\u00ed za posledn\u00fdch 20 rokov. Napriek vl\u00e1dnym deklar\u00e1ci\u00e1m o\u00a0n\u00e1raste celkov\u00fdch zdrojov v\u00a0zdravotn\u00edctve na bud\u00faci rok, skuto\u010dn\u00fd n\u00e1rast disponibiln\u00fdch zdrojov zdravotn\u00e9ho poistenia, z\u00a0ktor\u00fdch sa plat\u00ed samotn\u00e1 zdravotn\u00e1 starostlivos\u0165, bude len minim\u00e1lny.\u00a0 Pe\u0148az\u00ed na poskytovanie zdravotnej starostlivosti v\u00a0roku 2025 m\u00e1 by\u0165 len o 289 mil. eur viac ne\u017e v rozpo\u010dte pre [&hellip;]\" \/>\n<meta property=\"og:url\" content=\"https:\/\/www.smedemokrati.sk\/hu\/skolabuje-vszp-uz-vo-februari-2025\/\" \/>\n<meta property=\"og:site_name\" content=\"Smedemokrati.sk\" \/>\n<meta property=\"article:publisher\" content=\"https:\/\/www.facebook.com\/smedemokrati2023\" \/>\n<meta property=\"article:published_time\" content=\"2024-10-18T08:36:43+00:00\" \/>\n<meta property=\"article:modified_time\" content=\"2024-11-19T12:25:21+00:00\" \/>\n<meta property=\"og:image\" content=\"https:\/\/www.smedemokrati.sk\/wp-content\/uploads\/2024\/10\/5522ce467550c1d3148221c1b4ef1e66.jpeg\" \/>\n\t<meta property=\"og:image:width\" content=\"1200\" \/>\n\t<meta property=\"og:image:height\" content=\"675\" \/>\n\t<meta property=\"og:image:type\" content=\"image\/jpeg\" \/>\n<meta name=\"author\" content=\"miro.sopko\" \/>\n<meta name=\"twitter:card\" content=\"summary_large_image\" \/>\n<meta name=\"twitter:label1\" content=\"Szerz\u0151:\" \/>\n\t<meta name=\"twitter:data1\" content=\"miro.sopko\" \/>\n\t<meta name=\"twitter:label2\" content=\"Becs\u00fclt olvas\u00e1si id\u0151\" \/>\n\t<meta name=\"twitter:data2\" content=\"2 perc\" \/>\n<script type=\"application\/ld+json\" class=\"yoast-schema-graph\">{\"@context\":\"https:\/\/schema.org\",\"@graph\":[{\"@type\":\"Article\",\"@id\":\"https:\/\/www.smedemokrati.sk\/skolabuje-vszp-uz-vo-februari-2025\/#article\",\"isPartOf\":{\"@id\":\"https:\/\/www.smedemokrati.sk\/skolabuje-vszp-uz-vo-februari-2025\/\"},\"author\":{\"name\":\"miro.sopko\",\"@id\":\"https:\/\/www.smedemokrati.sk\/#\/schema\/person\/21f147c88d605aa7ded900e1e7c344ba\"},\"headline\":\"Skolabuje V\u0161ZP u\u017e vo febru\u00e1ri 2025?\",\"datePublished\":\"2024-10-18T08:36:43+00:00\",\"dateModified\":\"2024-11-19T12:25:21+00:00\",\"mainEntityOfPage\":{\"@id\":\"https:\/\/www.smedemokrati.sk\/skolabuje-vszp-uz-vo-februari-2025\/\"},\"wordCount\":322,\"publisher\":{\"@id\":\"https:\/\/www.smedemokrati.sk\/#organization\"},\"image\":{\"@id\":\"https:\/\/www.smedemokrati.sk\/skolabuje-vszp-uz-vo-februari-2025\/#primaryimage\"},\"thumbnailUrl\":\"https:\/\/www.smedemokrati.sk\/wp-content\/uploads\/2024\/10\/5522ce467550c1d3148221c1b4ef1e66.jpeg\",\"articleSection\":[\"Tla\u010dov\u00e9 spr\u00e1vy\"],\"inLanguage\":\"hu-HU\"},{\"@type\":\"WebPage\",\"@id\":\"https:\/\/www.smedemokrati.sk\/skolabuje-vszp-uz-vo-februari-2025\/\",\"url\":\"https:\/\/www.smedemokrati.sk\/skolabuje-vszp-uz-vo-februari-2025\/\",\"name\":\"Skolabuje V\u0161ZP u\u017e vo febru\u00e1ri 2025?\",\"isPartOf\":{\"@id\":\"https:\/\/www.smedemokrati.sk\/#website\"},\"primaryImageOfPage\":{\"@id\":\"https:\/\/www.smedemokrati.sk\/skolabuje-vszp-uz-vo-februari-2025\/#primaryimage\"},\"image\":{\"@id\":\"https:\/\/www.smedemokrati.sk\/skolabuje-vszp-uz-vo-februari-2025\/#primaryimage\"},\"thumbnailUrl\":\"https:\/\/www.smedemokrati.sk\/wp-content\/uploads\/2024\/10\/5522ce467550c1d3148221c1b4ef1e66.jpeg\",\"datePublished\":\"2024-10-18T08:36:43+00:00\",\"dateModified\":\"2024-11-19T12:25:21+00:00\",\"breadcrumb\":{\"@id\":\"https:\/\/www.smedemokrati.sk\/skolabuje-vszp-uz-vo-februari-2025\/#breadcrumb\"},\"inLanguage\":\"hu-HU\",\"potentialAction\":[{\"@type\":\"ReadAction\",\"target\":[\"https:\/\/www.smedemokrati.sk\/skolabuje-vszp-uz-vo-februari-2025\/\"]}]},{\"@type\":\"ImageObject\",\"inLanguage\":\"hu-HU\",\"@id\":\"https:\/\/www.smedemokrati.sk\/skolabuje-vszp-uz-vo-februari-2025\/#primaryimage\",\"url\":\"https:\/\/www.smedemokrati.sk\/wp-content\/uploads\/2024\/10\/5522ce467550c1d3148221c1b4ef1e66.jpeg\",\"contentUrl\":\"https:\/\/www.smedemokrati.sk\/wp-content\/uploads\/2024\/10\/5522ce467550c1d3148221c1b4ef1e66.jpeg\",\"width\":1200,\"height\":675},{\"@type\":\"BreadcrumbList\",\"@id\":\"https:\/\/www.smedemokrati.sk\/skolabuje-vszp-uz-vo-februari-2025\/#breadcrumb\",\"itemListElement\":[{\"@type\":\"ListItem\",\"position\":1,\"name\":\"Domovsk\u00e1 str\u00e1nka\",\"item\":\"https:\/\/www.smedemokrati.sk\/\"},{\"@type\":\"ListItem\",\"position\":2,\"name\":\"Skolabuje V\u0161ZP u\u017e vo febru\u00e1ri 2025?\"}]},{\"@type\":\"WebSite\",\"@id\":\"https:\/\/www.smedemokrati.sk\/#website\",\"url\":\"https:\/\/www.smedemokrati.sk\/\",\"name\":\"Smedemokrati.sk\",\"description\":\"Demokracia a slu\u0161nos\u0165 zv\u00ed\u0165az\u00ed\",\"publisher\":{\"@id\":\"https:\/\/www.smedemokrati.sk\/#organization\"},\"potentialAction\":[{\"@type\":\"SearchAction\",\"target\":{\"@type\":\"EntryPoint\",\"urlTemplate\":\"https:\/\/www.smedemokrati.sk\/?s={search_term_string}\"},\"query-input\":{\"@type\":\"PropertyValueSpecification\",\"valueRequired\":true,\"valueName\":\"search_term_string\"}}],\"inLanguage\":\"hu-HU\"},{\"@type\":\"Organization\",\"@id\":\"https:\/\/www.smedemokrati.sk\/#organization\",\"name\":\"Smedemokrati.sk\",\"url\":\"https:\/\/www.smedemokrati.sk\/\",\"logo\":{\"@type\":\"ImageObject\",\"inLanguage\":\"hu-HU\",\"@id\":\"https:\/\/www.smedemokrati.sk\/#\/schema\/logo\/image\/\",\"url\":\"https:\/\/www.smedemokrati.sk\/wp-content\/uploads\/2023\/04\/ff.002.jpeg\",\"contentUrl\":\"https:\/\/www.smedemokrati.sk\/wp-content\/uploads\/2023\/04\/ff.002.jpeg\",\"width\":640,\"height\":480,\"caption\":\"Smedemokrati.sk\"},\"image\":{\"@id\":\"https:\/\/www.smedemokrati.sk\/#\/schema\/logo\/image\/\"},\"sameAs\":[\"https:\/\/www.facebook.com\/smedemokrati2023\"]},{\"@type\":\"Person\",\"@id\":\"https:\/\/www.smedemokrati.sk\/#\/schema\/person\/21f147c88d605aa7ded900e1e7c344ba\",\"name\":\"miro.sopko\",\"image\":{\"@type\":\"ImageObject\",\"inLanguage\":\"hu-HU\",\"@id\":\"https:\/\/secure.gravatar.com\/avatar\/267e4a36f704376c109afe3a78740c1f5dd8675a2180a908699e7863c9247606?s=96&d=mm&r=g\",\"url\":\"https:\/\/secure.gravatar.com\/avatar\/267e4a36f704376c109afe3a78740c1f5dd8675a2180a908699e7863c9247606?s=96&d=mm&r=g\",\"contentUrl\":\"https:\/\/secure.gravatar.com\/avatar\/267e4a36f704376c109afe3a78740c1f5dd8675a2180a908699e7863c9247606?s=96&d=mm&r=g\",\"caption\":\"miro.sopko\"},\"url\":\"https:\/\/www.smedemokrati.sk\/hu\/author\/miro-sopko\/\"}]}<\/script>\n<!-- \/ Yoast SEO plugin. -->","yoast_head_json":{"title":"Skolabuje V\u0161ZP u\u017e vo febru\u00e1ri 2025?","robots":{"index":"index","follow":"follow","max-snippet":"max-snippet:-1","max-image-preview":"max-image-preview:large","max-video-preview":"max-video-preview:-1"},"canonical":"https:\/\/www.smedemokrati.sk\/hu\/skolabuje-vszp-uz-vo-februari-2025\/","og_locale":"hu_HU","og_type":"article","og_title":"[:sk]Skolabuje V\u0161ZP u\u017e vo febru\u00e1ri 2025?[:] - Smedemokrati.sk","og_description":"N\u00e1vrh \u0161t\u00e1tneho rozpo\u010dtu pre zdravotn\u00edctvo je najhor\u0161\u00ed za posledn\u00fdch 20 rokov. Napriek vl\u00e1dnym deklar\u00e1ci\u00e1m o\u00a0n\u00e1raste celkov\u00fdch zdrojov v\u00a0zdravotn\u00edctve na bud\u00faci rok, skuto\u010dn\u00fd n\u00e1rast disponibiln\u00fdch zdrojov zdravotn\u00e9ho poistenia, z\u00a0ktor\u00fdch sa plat\u00ed samotn\u00e1 zdravotn\u00e1 starostlivos\u0165, bude len minim\u00e1lny.\u00a0 Pe\u0148az\u00ed na poskytovanie zdravotnej starostlivosti v\u00a0roku 2025 m\u00e1 by\u0165 len o 289 mil. eur viac ne\u017e v rozpo\u010dte pre [&hellip;]","og_url":"https:\/\/www.smedemokrati.sk\/hu\/skolabuje-vszp-uz-vo-februari-2025\/","og_site_name":"Smedemokrati.sk","article_publisher":"https:\/\/www.facebook.com\/smedemokrati2023","article_published_time":"2024-10-18T08:36:43+00:00","article_modified_time":"2024-11-19T12:25:21+00:00","og_image":[{"width":1200,"height":675,"url":"https:\/\/www.smedemokrati.sk\/wp-content\/uploads\/2024\/10\/5522ce467550c1d3148221c1b4ef1e66.jpeg","type":"image\/jpeg"}],"author":"miro.sopko","twitter_card":"summary_large_image","twitter_misc":{"Szerz\u0151:":"miro.sopko","Becs\u00fclt olvas\u00e1si id\u0151":"2 perc"},"schema":{"@context":"https:\/\/schema.org","@graph":[{"@type":"Article","@id":"https:\/\/www.smedemokrati.sk\/skolabuje-vszp-uz-vo-februari-2025\/#article","isPartOf":{"@id":"https:\/\/www.smedemokrati.sk\/skolabuje-vszp-uz-vo-februari-2025\/"},"author":{"name":"miro.sopko","@id":"https:\/\/www.smedemokrati.sk\/#\/schema\/person\/21f147c88d605aa7ded900e1e7c344ba"},"headline":"Skolabuje V\u0161ZP u\u017e vo febru\u00e1ri 2025?","datePublished":"2024-10-18T08:36:43+00:00","dateModified":"2024-11-19T12:25:21+00:00","mainEntityOfPage":{"@id":"https:\/\/www.smedemokrati.sk\/skolabuje-vszp-uz-vo-februari-2025\/"},"wordCount":322,"publisher":{"@id":"https:\/\/www.smedemokrati.sk\/#organization"},"image":{"@id":"https:\/\/www.smedemokrati.sk\/skolabuje-vszp-uz-vo-februari-2025\/#primaryimage"},"thumbnailUrl":"https:\/\/www.smedemokrati.sk\/wp-content\/uploads\/2024\/10\/5522ce467550c1d3148221c1b4ef1e66.jpeg","articleSection":["Tla\u010dov\u00e9 spr\u00e1vy"],"inLanguage":"hu-HU"},{"@type":"WebPage","@id":"https:\/\/www.smedemokrati.sk\/skolabuje-vszp-uz-vo-februari-2025\/","url":"https:\/\/www.smedemokrati.sk\/skolabuje-vszp-uz-vo-februari-2025\/","name":"Skolabuje V\u0161ZP u\u017e vo febru\u00e1ri 2025?","isPartOf":{"@id":"https:\/\/www.smedemokrati.sk\/#website"},"primaryImageOfPage":{"@id":"https:\/\/www.smedemokrati.sk\/skolabuje-vszp-uz-vo-februari-2025\/#primaryimage"},"image":{"@id":"https:\/\/www.smedemokrati.sk\/skolabuje-vszp-uz-vo-februari-2025\/#primaryimage"},"thumbnailUrl":"https:\/\/www.smedemokrati.sk\/wp-content\/uploads\/2024\/10\/5522ce467550c1d3148221c1b4ef1e66.jpeg","datePublished":"2024-10-18T08:36:43+00:00","dateModified":"2024-11-19T12:25:21+00:00","breadcrumb":{"@id":"https:\/\/www.smedemokrati.sk\/skolabuje-vszp-uz-vo-februari-2025\/#breadcrumb"},"inLanguage":"hu-HU","potentialAction":[{"@type":"ReadAction","target":["https:\/\/www.smedemokrati.sk\/skolabuje-vszp-uz-vo-februari-2025\/"]}]},{"@type":"ImageObject","inLanguage":"hu-HU","@id":"https:\/\/www.smedemokrati.sk\/skolabuje-vszp-uz-vo-februari-2025\/#primaryimage","url":"https:\/\/www.smedemokrati.sk\/wp-content\/uploads\/2024\/10\/5522ce467550c1d3148221c1b4ef1e66.jpeg","contentUrl":"https:\/\/www.smedemokrati.sk\/wp-content\/uploads\/2024\/10\/5522ce467550c1d3148221c1b4ef1e66.jpeg","width":1200,"height":675},{"@type":"BreadcrumbList","@id":"https:\/\/www.smedemokrati.sk\/skolabuje-vszp-uz-vo-februari-2025\/#breadcrumb","itemListElement":[{"@type":"ListItem","position":1,"name":"Domovsk\u00e1 str\u00e1nka","item":"https:\/\/www.smedemokrati.sk\/"},{"@type":"ListItem","position":2,"name":"Skolabuje V\u0161ZP u\u017e vo febru\u00e1ri 2025?"}]},{"@type":"WebSite","@id":"https:\/\/www.smedemokrati.sk\/#website","url":"https:\/\/www.smedemokrati.sk\/","name":"Smedemokrati.sk","description":"Demokracia a slu\u0161nos\u0165 zv\u00ed\u0165az\u00ed","publisher":{"@id":"https:\/\/www.smedemokrati.sk\/#organization"},"potentialAction":[{"@type":"SearchAction","target":{"@type":"EntryPoint","urlTemplate":"https:\/\/www.smedemokrati.sk\/?s={search_term_string}"},"query-input":{"@type":"PropertyValueSpecification","valueRequired":true,"valueName":"search_term_string"}}],"inLanguage":"hu-HU"},{"@type":"Organization","@id":"https:\/\/www.smedemokrati.sk\/#organization","name":"Smedemokrati.sk","url":"https:\/\/www.smedemokrati.sk\/","logo":{"@type":"ImageObject","inLanguage":"hu-HU","@id":"https:\/\/www.smedemokrati.sk\/#\/schema\/logo\/image\/","url":"https:\/\/www.smedemokrati.sk\/wp-content\/uploads\/2023\/04\/ff.002.jpeg","contentUrl":"https:\/\/www.smedemokrati.sk\/wp-content\/uploads\/2023\/04\/ff.002.jpeg","width":640,"height":480,"caption":"Smedemokrati.sk"},"image":{"@id":"https:\/\/www.smedemokrati.sk\/#\/schema\/logo\/image\/"},"sameAs":["https:\/\/www.facebook.com\/smedemokrati2023"]},{"@type":"Person","@id":"https:\/\/www.smedemokrati.sk\/#\/schema\/person\/21f147c88d605aa7ded900e1e7c344ba","name":"miro.sopko","image":{"@type":"ImageObject","inLanguage":"hu-HU","@id":"https:\/\/secure.gravatar.com\/avatar\/267e4a36f704376c109afe3a78740c1f5dd8675a2180a908699e7863c9247606?s=96&d=mm&r=g","url":"https:\/\/secure.gravatar.com\/avatar\/267e4a36f704376c109afe3a78740c1f5dd8675a2180a908699e7863c9247606?s=96&d=mm&r=g","contentUrl":"https:\/\/secure.gravatar.com\/avatar\/267e4a36f704376c109afe3a78740c1f5dd8675a2180a908699e7863c9247606?s=96&d=mm&r=g","caption":"miro.sopko"},"url":"https:\/\/www.smedemokrati.sk\/hu\/author\/miro-sopko\/"}]}},"_links":{"self":[{"href":"https:\/\/www.smedemokrati.sk\/hu\/wp-json\/wp\/v2\/posts\/5371","targetHints":{"allow":["GET"]}}],"collection":[{"href":"https:\/\/www.smedemokrati.sk\/hu\/wp-json\/wp\/v2\/posts"}],"about":[{"href":"https:\/\/www.smedemokrati.sk\/hu\/wp-json\/wp\/v2\/types\/post"}],"author":[{"embeddable":true,"href":"https:\/\/www.smedemokrati.sk\/hu\/wp-json\/wp\/v2\/users\/13"}],"replies":[{"embeddable":true,"href":"https:\/\/www.smedemokrati.sk\/hu\/wp-json\/wp\/v2\/comments?post=5371"}],"version-history":[{"count":1,"href":"https:\/\/www.smedemokrati.sk\/hu\/wp-json\/wp\/v2\/posts\/5371\/revisions"}],"predecessor-version":[{"id":5373,"href":"https:\/\/www.smedemokrati.sk\/hu\/wp-json\/wp\/v2\/posts\/5371\/revisions\/5373"}],"wp:featuredmedia":[{"embeddable":true,"href":"https:\/\/www.smedemokrati.sk\/hu\/wp-json\/wp\/v2\/media\/5372"}],"wp:attachment":[{"href":"https:\/\/www.smedemokrati.sk\/hu\/wp-json\/wp\/v2\/media?parent=5371"}],"wp:term":[{"taxonomy":"category","embeddable":true,"href":"https:\/\/www.smedemokrati.sk\/hu\/wp-json\/wp\/v2\/categories?post=5371"},{"taxonomy":"post_tag","embeddable":true,"href":"https:\/\/www.smedemokrati.sk\/hu\/wp-json\/wp\/v2\/tags?post=5371"}],"curies":[{"name":"wp","href":"https:\/\/api.w.org\/{rel}","templated":true}]}}