{"id":5367,"date":"2024-10-17T17:16:32","date_gmt":"2024-10-17T16:16:32","guid":{"rendered":"https:\/\/www.smedemokrati.sk\/?p=5367"},"modified":"2024-11-19T13:25:15","modified_gmt":"2024-11-19T12:25:15","slug":"kalinak-zobral-vojakom-820-milionov-eur-a-oklamal-nasich-spojencov","status":"publish","type":"post","link":"https:\/\/www.smedemokrati.sk\/hu\/kalinak-zobral-vojakom-820-milionov-eur-a-oklamal-nasich-spojencov\/","title":{"rendered":"Kali\u0148\u00e1k zobral vojakom 820 mili\u00f3nov eur a oklamal na\u0161ich spojencov"},"content":{"rendered":"<div id=\"fb-root\"><\/div>\n\n<p><strong>Minister Kali\u0148\u00e1k za 12 mesiacov svojho p\u00f4sobenia v rezorte nedok\u00e1zal efekt\u00edvne investova\u0165 do na\u0161ej obrany a vojakov, \u010doho v\u00fdsledkom je, \u017ee a\u017e 820 mili\u00f3nov eur musel vraca\u0165 do \u0161t\u00e1tneho rozpo\u010dtu. S\u013eubovan\u00e9 2 % v\u00fddavky na obranu s\u00fa tak pre neschopnos\u0165 Kali\u0148\u00e1ka a jeho neodborn\u00fdch politick\u00fdch nominantov hlboko pod touto \u00farov\u0148ou, ktor\u00fa Slovensk\u00e1 republika \u00fastami \u010di ministra Kali\u0148\u00e1ka, alebo prezidenta Pellegriniho deklaruje aj pred svojimi spojencami v Aliancii.<\/strong><\/p>\n\n\n\n<p>B\u00fdval\u00fd minister obrany Jaroslav Na\u010f kritizuje, \u017ee vl\u00e1da nepln\u00ed vlastn\u00e9 Programov\u00e9 vyhl\u00e1senie vl\u00e1dy, vedome klame na\u0161ich spojencov a rovnako tak ob\u010danov Slovenskej republiky:\u00a0<em>\u201eVl\u00e1da Roberta Fica sa zaviazala, \u017ee, citujem, zachov\u00e1 dvojpercentn\u00fd podiel HDP na obranu, preto\u017ee ho pova\u017euje za nevyhnutn\u00fd finan\u010dn\u00fd r\u00e1mec pre rozvoj ozbrojen\u00fdch s\u00edl. Realita je tak\u00e1, \u017ee minul\u00fd rok Kali\u0148\u00e1k nevedel efekt\u00edvne vyu\u017ei\u0165 neuverite\u013en\u00fdch 312 mili\u00f3nov eur, ktor\u00e9 mohli by\u0165 pou\u017eit\u00e9 napr\u00edklad na moderniza\u010dn\u00e9 projekty. Namiesto invest\u00edcie do vojakov ich pre svoju neschopnos\u0165 a nez\u00e1ujem o rezort, ktor\u00fd vedie, vr\u00e1til, a ostali sme na \u00farovni 1,74 % HDP namiesto dvoch, ktor\u00e9 t\u00e1to vl\u00e1da s\u013eubovala,\u201d\u00a0<\/em>hovor\u00ed Jaroslav Na\u010f a pokra\u010duje, \u017ee Ficova vl\u00e1da tento rok obst\u00e1la e\u0161te hor\u0161ie, preto\u017ee celkov\u00e9 v\u00fddavky napriek deklarovan\u00fdm 2 % bud\u00fa pod\u013ea vl\u00e1dou schv\u00e1len\u00e9ho materi\u00e1lu z dielne ministerstva financi\u00ed len na \u00farovni 1,61 % HDP, \u010do znamen\u00e1, \u017ee prepadne \u010fal\u0161\u00edch 508 mili\u00f3nov eur.<em>\u00a0\u201eZa 12 mesiacov chaosu a neodbornosti v podan\u00ed Kali\u0148\u00e1ka a jeho nominantov prepadlo spolu 820 mili\u00f3nov eur, ktor\u00e9 mohli a mali by\u0165 investovan\u00e9 do obrany Slovenska a jeho ob\u010danov. Mohli by\u0165 k\u00fapen\u00e9 nov\u00e9 vrtu\u013en\u00edky, ktor\u00e9 Kali\u0148\u00e1k odmieta iba preto, \u017ee o nich naklamal a teraz sa z toho nevie vykr\u00fati\u0165. Alebo mohli ma\u0165 vojaci opraven\u00e9 kas\u00e1rne, alebo dokonca zaplaten\u00fd izraelsk\u00fd syst\u00e9m protivzdu\u0161nej obrany, ku ktor\u00e9mu, mimochodom, ani po roku nie je podp\u00edsan\u00e1 zmluva.\u201d<\/em><\/p>\n\n\n\n<p>Bezpe\u010dnostn\u00e1 analyti\u010dka Monika Podhor\u00e1ny Masarikov\u00e1 pripom\u00edna, \u017ee prezident Pellegrini v j\u00fani tohto roka deklaroval na medzin\u00e1rodn\u00fdch f\u00f3rach, \u017ee Slovensko bude vynaklada\u0165 na obranu tento rok dokonca a\u017e 2,11 % HDP:\u00a0<em>\u201eKlam\u00fa doma, klam\u00fa v zahrani\u010d\u00ed. Pellegrini bohorovne klamal pred gener\u00e1lnym tajomn\u00edkom NATO a klamal pred na\u0161imi spojencami, \u017ee budeme tento rok investova\u0165 do na\u0161ej obrany 2,11 % HDP. Realita je v\u0161ak tak\u00e1, \u017ee pod t\u00fdmto mana\u017ementom nielen\u017ee toto zjavn\u00e9 Pellegriniho klamstvo nenapln\u00edme, ale s pomerom 1,61 % sme jednozna\u010dne na chvoste \u0161t\u00e1tov v\u00fdchodn\u00e9ho kr\u00eddla NATO \u010di E\u00da. M\u00f4\u017eu sa t\u00edto p\u00e1ni bi\u0165 do p\u0155s v zahrani\u010d\u00ed, \u017ee ko\u013eko budeme investova\u0165 do na\u0161ej bezpe\u010dnosti, realita je tak\u00e1, \u017ee obrana ich absol\u00fatne nezauj\u00edma, preto\u017ee \u010d\u00edsla s\u00fa jasn\u00e9. Kali\u0148\u00e1k nevie mana\u017eova\u0165 rezort, nechce investova\u0165 do vojakov, za rok nepodp\u00edsal ani jeden jedin\u00fd v\u00fdznamn\u00fd moderniza\u010dn\u00fd kontrakt a verejnosti nepredstavil \u017eiadnu strat\u00e9giu, ktorou chce modernizova\u0165 na\u0161e ozbrojen\u00e9 sily. \u017dia\u013e, ukazuje sa, \u017ee ozbrojen\u00e9 sily SR \u010dak\u00e1 op\u00e4\u0165 za vl\u00e1dy Fica obdobie drancovania tak, ako tomu bolo zaka\u017ed\u00fdm pod jeho veden\u00edm,\u201d<\/em>\u00a0uzatv\u00e1ra Monika Podhor\u00e1ny Masarikov\u00e1.<\/p>\n\n\n<div class=\"fb-video\" data-href=\"https:\/\/fb.watch\/vgLJm_077Z\" data-allowfullscreen=\"true\" data-autoplay=\"false\" data-width=\"\" data-show-text=\"false\" data-show-captions=\"true\"><\/div>\n","protected":false},"excerpt":{"rendered":"<p>Minister Kali\u0148\u00e1k za 12 mesiacov svojho p\u00f4sobenia v rezorte nedok\u00e1zal efekt\u00edvne investova\u0165 do na\u0161ej obrany a vojakov, \u010doho v\u00fdsledkom je, \u017ee a\u017e 820 mili\u00f3nov eur musel vraca\u0165 do \u0161t\u00e1tneho rozpo\u010dtu. S\u013eubovan\u00e9 2 % v\u00fddavky na obranu s\u00fa tak pre neschopnos\u0165 Kali\u0148\u00e1ka a jeho neodborn\u00fdch politick\u00fdch nominantov hlboko pod touto \u00farov\u0148ou, ktor\u00fa Slovensk\u00e1 republika \u00fastami \u010di [&hellip;]<\/p>\n","protected":false},"author":13,"featured_media":5368,"comment_status":"closed","ping_status":"closed","sticky":false,"template":"","format":"standard","meta":{"_acf_changed":false,"ngg_post_thumbnail":0,"footnotes":""},"categories":[4],"tags":[],"class_list":["post-5367","post","type-post","status-publish","format-standard","has-post-thumbnail","hentry","category-tlacove-spravy"],"acf":[],"yoast_head":"<!-- This site is optimized with the Yoast SEO plugin v27.2 - https:\/\/yoast.com\/product\/yoast-seo-wordpress\/ -->\n<title>Kali\u0148\u00e1k zobral vojakom 820 mili\u00f3nov eur a oklamal na\u0161ich spojencov<\/title>\n<meta name=\"robots\" content=\"index, follow, max-snippet:-1, max-image-preview:large, max-video-preview:-1\" \/>\n<link rel=\"canonical\" href=\"https:\/\/www.smedemokrati.sk\/hu\/kalinak-zobral-vojakom-820-milionov-eur-a-oklamal-nasich-spojencov\/\" \/>\n<meta property=\"og:locale\" content=\"hu_HU\" \/>\n<meta property=\"og:locale:alternate\" content=\"en_US\" \/>\n<meta property=\"og:locale:alternate\" content=\"cs_CZ\" \/>\n<meta property=\"og:locale:alternate\" content=\"sk_SK\" \/>\n<meta property=\"og:locale:alternate\" content=\"sv_SE\" \/>\n<meta property=\"og:type\" content=\"article\" \/>\n<meta property=\"og:title\" content=\"Kali\u0148\u00e1k zobral vojakom 820 mili\u00f3nov eur a oklamal na\u0161ich spojencov\" \/>\n<meta property=\"og:description\" content=\"Minister Kali\u0148\u00e1k za 12 mesiacov svojho p\u00f4sobenia v rezorte nedok\u00e1zal efekt\u00edvne investova\u0165 do na\u0161ej obrany a vojakov, \u010doho v\u00fdsledkom je, \u017ee a\u017e 820 mili\u00f3nov eur musel vraca\u0165 do \u0161t\u00e1tneho rozpo\u010dtu. S\u013eubovan\u00e9 2 % v\u00fddavky na obranu s\u00fa tak pre neschopnos\u0165 Kali\u0148\u00e1ka a jeho neodborn\u00fdch politick\u00fdch nominantov hlboko pod touto \u00farov\u0148ou, ktor\u00fa Slovensk\u00e1 republika \u00fastami \u010di [&hellip;]\" \/>\n<meta property=\"og:url\" content=\"https:\/\/www.smedemokrati.sk\/hu\/kalinak-zobral-vojakom-820-milionov-eur-a-oklamal-nasich-spojencov\/\" \/>\n<meta property=\"og:site_name\" content=\"Smedemokrati.sk\" \/>\n<meta property=\"article:publisher\" content=\"https:\/\/www.facebook.com\/smedemokrati2023\" \/>\n<meta property=\"article:published_time\" content=\"2024-10-17T16:16:32+00:00\" \/>\n<meta property=\"article:modified_time\" content=\"2024-11-19T12:25:15+00:00\" \/>\n<meta property=\"og:image\" content=\"https:\/\/www.smedemokrati.sk\/wp-content\/uploads\/2024\/10\/kali.jpg\" \/>\n\t<meta property=\"og:image:width\" content=\"518\" \/>\n\t<meta property=\"og:image:height\" content=\"421\" \/>\n\t<meta property=\"og:image:type\" content=\"image\/jpeg\" \/>\n<meta name=\"author\" content=\"miro.sopko\" \/>\n<meta name=\"twitter:card\" content=\"summary_large_image\" \/>\n<meta name=\"twitter:label1\" content=\"Szerz\u0151:\" \/>\n\t<meta name=\"twitter:data1\" content=\"miro.sopko\" \/>\n\t<meta name=\"twitter:label2\" content=\"Becs\u00fclt olvas\u00e1si id\u0151\" \/>\n\t<meta name=\"twitter:data2\" content=\"3 perc\" \/>\n<script type=\"application\/ld+json\" class=\"yoast-schema-graph\">{\"@context\":\"https:\/\/schema.org\",\"@graph\":[{\"@type\":\"Article\",\"@id\":\"https:\/\/www.smedemokrati.sk\/kalinak-zobral-vojakom-820-milionov-eur-a-oklamal-nasich-spojencov\/#article\",\"isPartOf\":{\"@id\":\"https:\/\/www.smedemokrati.sk\/kalinak-zobral-vojakom-820-milionov-eur-a-oklamal-nasich-spojencov\/\"},\"author\":{\"name\":\"miro.sopko\",\"@id\":\"https:\/\/www.smedemokrati.sk\/#\/schema\/person\/21f147c88d605aa7ded900e1e7c344ba\"},\"headline\":\"Kali\u0148\u00e1k zobral vojakom 820 mili\u00f3nov eur a oklamal na\u0161ich spojencov\",\"datePublished\":\"2024-10-17T16:16:32+00:00\",\"dateModified\":\"2024-11-19T12:25:15+00:00\",\"mainEntityOfPage\":{\"@id\":\"https:\/\/www.smedemokrati.sk\/kalinak-zobral-vojakom-820-milionov-eur-a-oklamal-nasich-spojencov\/\"},\"wordCount\":570,\"publisher\":{\"@id\":\"https:\/\/www.smedemokrati.sk\/#organization\"},\"image\":{\"@id\":\"https:\/\/www.smedemokrati.sk\/kalinak-zobral-vojakom-820-milionov-eur-a-oklamal-nasich-spojencov\/#primaryimage\"},\"thumbnailUrl\":\"https:\/\/www.smedemokrati.sk\/wp-content\/uploads\/2024\/10\/kali.jpg\",\"articleSection\":[\"Tla\u010dov\u00e9 spr\u00e1vy\"],\"inLanguage\":\"hu-HU\"},{\"@type\":\"WebPage\",\"@id\":\"https:\/\/www.smedemokrati.sk\/kalinak-zobral-vojakom-820-milionov-eur-a-oklamal-nasich-spojencov\/\",\"url\":\"https:\/\/www.smedemokrati.sk\/kalinak-zobral-vojakom-820-milionov-eur-a-oklamal-nasich-spojencov\/\",\"name\":\"Kali\u0148\u00e1k zobral vojakom 820 mili\u00f3nov eur a oklamal na\u0161ich spojencov\",\"isPartOf\":{\"@id\":\"https:\/\/www.smedemokrati.sk\/#website\"},\"primaryImageOfPage\":{\"@id\":\"https:\/\/www.smedemokrati.sk\/kalinak-zobral-vojakom-820-milionov-eur-a-oklamal-nasich-spojencov\/#primaryimage\"},\"image\":{\"@id\":\"https:\/\/www.smedemokrati.sk\/kalinak-zobral-vojakom-820-milionov-eur-a-oklamal-nasich-spojencov\/#primaryimage\"},\"thumbnailUrl\":\"https:\/\/www.smedemokrati.sk\/wp-content\/uploads\/2024\/10\/kali.jpg\",\"datePublished\":\"2024-10-17T16:16:32+00:00\",\"dateModified\":\"2024-11-19T12:25:15+00:00\",\"breadcrumb\":{\"@id\":\"https:\/\/www.smedemokrati.sk\/kalinak-zobral-vojakom-820-milionov-eur-a-oklamal-nasich-spojencov\/#breadcrumb\"},\"inLanguage\":\"hu-HU\",\"potentialAction\":[{\"@type\":\"ReadAction\",\"target\":[\"https:\/\/www.smedemokrati.sk\/kalinak-zobral-vojakom-820-milionov-eur-a-oklamal-nasich-spojencov\/\"]}]},{\"@type\":\"ImageObject\",\"inLanguage\":\"hu-HU\",\"@id\":\"https:\/\/www.smedemokrati.sk\/kalinak-zobral-vojakom-820-milionov-eur-a-oklamal-nasich-spojencov\/#primaryimage\",\"url\":\"https:\/\/www.smedemokrati.sk\/wp-content\/uploads\/2024\/10\/kali.jpg\",\"contentUrl\":\"https:\/\/www.smedemokrati.sk\/wp-content\/uploads\/2024\/10\/kali.jpg\",\"width\":518,\"height\":421},{\"@type\":\"BreadcrumbList\",\"@id\":\"https:\/\/www.smedemokrati.sk\/kalinak-zobral-vojakom-820-milionov-eur-a-oklamal-nasich-spojencov\/#breadcrumb\",\"itemListElement\":[{\"@type\":\"ListItem\",\"position\":1,\"name\":\"Domovsk\u00e1 str\u00e1nka\",\"item\":\"https:\/\/www.smedemokrati.sk\/\"},{\"@type\":\"ListItem\",\"position\":2,\"name\":\"Kali\u0148\u00e1k zobral vojakom 820 mili\u00f3nov eur a oklamal na\u0161ich spojencov\"}]},{\"@type\":\"WebSite\",\"@id\":\"https:\/\/www.smedemokrati.sk\/#website\",\"url\":\"https:\/\/www.smedemokrati.sk\/\",\"name\":\"Smedemokrati.sk\",\"description\":\"Demokracia a slu\u0161nos\u0165 zv\u00ed\u0165az\u00ed\",\"publisher\":{\"@id\":\"https:\/\/www.smedemokrati.sk\/#organization\"},\"potentialAction\":[{\"@type\":\"SearchAction\",\"target\":{\"@type\":\"EntryPoint\",\"urlTemplate\":\"https:\/\/www.smedemokrati.sk\/?s={search_term_string}\"},\"query-input\":{\"@type\":\"PropertyValueSpecification\",\"valueRequired\":true,\"valueName\":\"search_term_string\"}}],\"inLanguage\":\"hu-HU\"},{\"@type\":\"Organization\",\"@id\":\"https:\/\/www.smedemokrati.sk\/#organization\",\"name\":\"Smedemokrati.sk\",\"url\":\"https:\/\/www.smedemokrati.sk\/\",\"logo\":{\"@type\":\"ImageObject\",\"inLanguage\":\"hu-HU\",\"@id\":\"https:\/\/www.smedemokrati.sk\/#\/schema\/logo\/image\/\",\"url\":\"https:\/\/www.smedemokrati.sk\/wp-content\/uploads\/2023\/04\/ff.002.jpeg\",\"contentUrl\":\"https:\/\/www.smedemokrati.sk\/wp-content\/uploads\/2023\/04\/ff.002.jpeg\",\"width\":640,\"height\":480,\"caption\":\"Smedemokrati.sk\"},\"image\":{\"@id\":\"https:\/\/www.smedemokrati.sk\/#\/schema\/logo\/image\/\"},\"sameAs\":[\"https:\/\/www.facebook.com\/smedemokrati2023\"]},{\"@type\":\"Person\",\"@id\":\"https:\/\/www.smedemokrati.sk\/#\/schema\/person\/21f147c88d605aa7ded900e1e7c344ba\",\"name\":\"miro.sopko\",\"image\":{\"@type\":\"ImageObject\",\"inLanguage\":\"hu-HU\",\"@id\":\"https:\/\/secure.gravatar.com\/avatar\/267e4a36f704376c109afe3a78740c1f5dd8675a2180a908699e7863c9247606?s=96&d=mm&r=g\",\"url\":\"https:\/\/secure.gravatar.com\/avatar\/267e4a36f704376c109afe3a78740c1f5dd8675a2180a908699e7863c9247606?s=96&d=mm&r=g\",\"contentUrl\":\"https:\/\/secure.gravatar.com\/avatar\/267e4a36f704376c109afe3a78740c1f5dd8675a2180a908699e7863c9247606?s=96&d=mm&r=g\",\"caption\":\"miro.sopko\"},\"url\":\"https:\/\/www.smedemokrati.sk\/hu\/author\/miro-sopko\/\"}]}<\/script>\n<!-- \/ Yoast SEO plugin. -->","yoast_head_json":{"title":"Kali\u0148\u00e1k zobral vojakom 820 mili\u00f3nov eur a oklamal na\u0161ich spojencov","robots":{"index":"index","follow":"follow","max-snippet":"max-snippet:-1","max-image-preview":"max-image-preview:large","max-video-preview":"max-video-preview:-1"},"canonical":"https:\/\/www.smedemokrati.sk\/hu\/kalinak-zobral-vojakom-820-milionov-eur-a-oklamal-nasich-spojencov\/","og_locale":"hu_HU","og_type":"article","og_title":"[:sk]Kali\u0148\u00e1k zobral vojakom 820 mili\u00f3nov eur a oklamal na\u0161ich spojencov[:] - Smedemokrati.sk","og_description":"Minister Kali\u0148\u00e1k za 12 mesiacov svojho p\u00f4sobenia v rezorte nedok\u00e1zal efekt\u00edvne investova\u0165 do na\u0161ej obrany a vojakov, \u010doho v\u00fdsledkom je, \u017ee a\u017e 820 mili\u00f3nov eur musel vraca\u0165 do \u0161t\u00e1tneho rozpo\u010dtu. S\u013eubovan\u00e9 2 % v\u00fddavky na obranu s\u00fa tak pre neschopnos\u0165 Kali\u0148\u00e1ka a jeho neodborn\u00fdch politick\u00fdch nominantov hlboko pod touto \u00farov\u0148ou, ktor\u00fa Slovensk\u00e1 republika \u00fastami \u010di [&hellip;]","og_url":"https:\/\/www.smedemokrati.sk\/hu\/kalinak-zobral-vojakom-820-milionov-eur-a-oklamal-nasich-spojencov\/","og_site_name":"Smedemokrati.sk","article_publisher":"https:\/\/www.facebook.com\/smedemokrati2023","article_published_time":"2024-10-17T16:16:32+00:00","article_modified_time":"2024-11-19T12:25:15+00:00","og_image":[{"width":518,"height":421,"url":"https:\/\/www.smedemokrati.sk\/wp-content\/uploads\/2024\/10\/kali.jpg","type":"image\/jpeg"}],"author":"miro.sopko","twitter_card":"summary_large_image","twitter_misc":{"Szerz\u0151:":"miro.sopko","Becs\u00fclt olvas\u00e1si id\u0151":"3 perc"},"schema":{"@context":"https:\/\/schema.org","@graph":[{"@type":"Article","@id":"https:\/\/www.smedemokrati.sk\/kalinak-zobral-vojakom-820-milionov-eur-a-oklamal-nasich-spojencov\/#article","isPartOf":{"@id":"https:\/\/www.smedemokrati.sk\/kalinak-zobral-vojakom-820-milionov-eur-a-oklamal-nasich-spojencov\/"},"author":{"name":"miro.sopko","@id":"https:\/\/www.smedemokrati.sk\/#\/schema\/person\/21f147c88d605aa7ded900e1e7c344ba"},"headline":"Kali\u0148\u00e1k zobral vojakom 820 mili\u00f3nov eur a oklamal na\u0161ich spojencov","datePublished":"2024-10-17T16:16:32+00:00","dateModified":"2024-11-19T12:25:15+00:00","mainEntityOfPage":{"@id":"https:\/\/www.smedemokrati.sk\/kalinak-zobral-vojakom-820-milionov-eur-a-oklamal-nasich-spojencov\/"},"wordCount":570,"publisher":{"@id":"https:\/\/www.smedemokrati.sk\/#organization"},"image":{"@id":"https:\/\/www.smedemokrati.sk\/kalinak-zobral-vojakom-820-milionov-eur-a-oklamal-nasich-spojencov\/#primaryimage"},"thumbnailUrl":"https:\/\/www.smedemokrati.sk\/wp-content\/uploads\/2024\/10\/kali.jpg","articleSection":["Tla\u010dov\u00e9 spr\u00e1vy"],"inLanguage":"hu-HU"},{"@type":"WebPage","@id":"https:\/\/www.smedemokrati.sk\/kalinak-zobral-vojakom-820-milionov-eur-a-oklamal-nasich-spojencov\/","url":"https:\/\/www.smedemokrati.sk\/kalinak-zobral-vojakom-820-milionov-eur-a-oklamal-nasich-spojencov\/","name":"Kali\u0148\u00e1k zobral vojakom 820 mili\u00f3nov eur a oklamal na\u0161ich spojencov","isPartOf":{"@id":"https:\/\/www.smedemokrati.sk\/#website"},"primaryImageOfPage":{"@id":"https:\/\/www.smedemokrati.sk\/kalinak-zobral-vojakom-820-milionov-eur-a-oklamal-nasich-spojencov\/#primaryimage"},"image":{"@id":"https:\/\/www.smedemokrati.sk\/kalinak-zobral-vojakom-820-milionov-eur-a-oklamal-nasich-spojencov\/#primaryimage"},"thumbnailUrl":"https:\/\/www.smedemokrati.sk\/wp-content\/uploads\/2024\/10\/kali.jpg","datePublished":"2024-10-17T16:16:32+00:00","dateModified":"2024-11-19T12:25:15+00:00","breadcrumb":{"@id":"https:\/\/www.smedemokrati.sk\/kalinak-zobral-vojakom-820-milionov-eur-a-oklamal-nasich-spojencov\/#breadcrumb"},"inLanguage":"hu-HU","potentialAction":[{"@type":"ReadAction","target":["https:\/\/www.smedemokrati.sk\/kalinak-zobral-vojakom-820-milionov-eur-a-oklamal-nasich-spojencov\/"]}]},{"@type":"ImageObject","inLanguage":"hu-HU","@id":"https:\/\/www.smedemokrati.sk\/kalinak-zobral-vojakom-820-milionov-eur-a-oklamal-nasich-spojencov\/#primaryimage","url":"https:\/\/www.smedemokrati.sk\/wp-content\/uploads\/2024\/10\/kali.jpg","contentUrl":"https:\/\/www.smedemokrati.sk\/wp-content\/uploads\/2024\/10\/kali.jpg","width":518,"height":421},{"@type":"BreadcrumbList","@id":"https:\/\/www.smedemokrati.sk\/kalinak-zobral-vojakom-820-milionov-eur-a-oklamal-nasich-spojencov\/#breadcrumb","itemListElement":[{"@type":"ListItem","position":1,"name":"Domovsk\u00e1 str\u00e1nka","item":"https:\/\/www.smedemokrati.sk\/"},{"@type":"ListItem","position":2,"name":"Kali\u0148\u00e1k zobral vojakom 820 mili\u00f3nov eur a oklamal na\u0161ich spojencov"}]},{"@type":"WebSite","@id":"https:\/\/www.smedemokrati.sk\/#website","url":"https:\/\/www.smedemokrati.sk\/","name":"Smedemokrati.sk","description":"Demokracia a slu\u0161nos\u0165 zv\u00ed\u0165az\u00ed","publisher":{"@id":"https:\/\/www.smedemokrati.sk\/#organization"},"potentialAction":[{"@type":"SearchAction","target":{"@type":"EntryPoint","urlTemplate":"https:\/\/www.smedemokrati.sk\/?s={search_term_string}"},"query-input":{"@type":"PropertyValueSpecification","valueRequired":true,"valueName":"search_term_string"}}],"inLanguage":"hu-HU"},{"@type":"Organization","@id":"https:\/\/www.smedemokrati.sk\/#organization","name":"Smedemokrati.sk","url":"https:\/\/www.smedemokrati.sk\/","logo":{"@type":"ImageObject","inLanguage":"hu-HU","@id":"https:\/\/www.smedemokrati.sk\/#\/schema\/logo\/image\/","url":"https:\/\/www.smedemokrati.sk\/wp-content\/uploads\/2023\/04\/ff.002.jpeg","contentUrl":"https:\/\/www.smedemokrati.sk\/wp-content\/uploads\/2023\/04\/ff.002.jpeg","width":640,"height":480,"caption":"Smedemokrati.sk"},"image":{"@id":"https:\/\/www.smedemokrati.sk\/#\/schema\/logo\/image\/"},"sameAs":["https:\/\/www.facebook.com\/smedemokrati2023"]},{"@type":"Person","@id":"https:\/\/www.smedemokrati.sk\/#\/schema\/person\/21f147c88d605aa7ded900e1e7c344ba","name":"miro.sopko","image":{"@type":"ImageObject","inLanguage":"hu-HU","@id":"https:\/\/secure.gravatar.com\/avatar\/267e4a36f704376c109afe3a78740c1f5dd8675a2180a908699e7863c9247606?s=96&d=mm&r=g","url":"https:\/\/secure.gravatar.com\/avatar\/267e4a36f704376c109afe3a78740c1f5dd8675a2180a908699e7863c9247606?s=96&d=mm&r=g","contentUrl":"https:\/\/secure.gravatar.com\/avatar\/267e4a36f704376c109afe3a78740c1f5dd8675a2180a908699e7863c9247606?s=96&d=mm&r=g","caption":"miro.sopko"},"url":"https:\/\/www.smedemokrati.sk\/hu\/author\/miro-sopko\/"}]}},"_links":{"self":[{"href":"https:\/\/www.smedemokrati.sk\/hu\/wp-json\/wp\/v2\/posts\/5367","targetHints":{"allow":["GET"]}}],"collection":[{"href":"https:\/\/www.smedemokrati.sk\/hu\/wp-json\/wp\/v2\/posts"}],"about":[{"href":"https:\/\/www.smedemokrati.sk\/hu\/wp-json\/wp\/v2\/types\/post"}],"author":[{"embeddable":true,"href":"https:\/\/www.smedemokrati.sk\/hu\/wp-json\/wp\/v2\/users\/13"}],"replies":[{"embeddable":true,"href":"https:\/\/www.smedemokrati.sk\/hu\/wp-json\/wp\/v2\/comments?post=5367"}],"version-history":[{"count":1,"href":"https:\/\/www.smedemokrati.sk\/hu\/wp-json\/wp\/v2\/posts\/5367\/revisions"}],"predecessor-version":[{"id":5369,"href":"https:\/\/www.smedemokrati.sk\/hu\/wp-json\/wp\/v2\/posts\/5367\/revisions\/5369"}],"wp:featuredmedia":[{"embeddable":true,"href":"https:\/\/www.smedemokrati.sk\/hu\/wp-json\/wp\/v2\/media\/5368"}],"wp:attachment":[{"href":"https:\/\/www.smedemokrati.sk\/hu\/wp-json\/wp\/v2\/media?parent=5367"}],"wp:term":[{"taxonomy":"category","embeddable":true,"href":"https:\/\/www.smedemokrati.sk\/hu\/wp-json\/wp\/v2\/categories?post=5367"},{"taxonomy":"post_tag","embeddable":true,"href":"https:\/\/www.smedemokrati.sk\/hu\/wp-json\/wp\/v2\/tags?post=5367"}],"curies":[{"name":"wp","href":"https:\/\/api.w.org\/{rel}","templated":true}]}}