{"id":5331,"date":"2024-10-11T19:46:39","date_gmt":"2024-10-11T18:46:39","guid":{"rendered":"https:\/\/www.smedemokrati.sk\/?p=5331"},"modified":"2024-11-02T22:33:07","modified_gmt":"2024-11-02T21:33:07","slug":"demokratom-zakazuju-v-niektorych-obciach-zbierat-podpisy-takyto-zakaz-je-vsak-porusenim-ustavneho-prava-obcanov","status":"publish","type":"post","link":"https:\/\/www.smedemokrati.sk\/hu\/demokratom-zakazuju-v-niektorych-obciach-zbierat-podpisy-takyto-zakaz-je-vsak-porusenim-ustavneho-prava-obcanov\/","title":{"rendered":"Demokratom zakazuj\u00fa v niektor\u00fdch obciach zbiera\u0165 podpisy, tak\u00fdto z\u00e1kaz je v\u0161ak poru\u0161en\u00edm \u00fastavn\u00e9ho pr\u00e1va ob\u010danov"},"content":{"rendered":"<div id=\"fb-root\"><\/div>\n\n<p><strong>Za 12 dn\u00ed, teda od ohl\u00e1senia zberu pet\u00edcie za referendum &#8222;Sta\u010dilo Fica&#8221; pre\u0161li Demokrati 44 miest a obc\u00ed na Slovensku. K tomu sa pridali desiatky dobrovo\u013en\u00edkov, ktor\u00ed iniciat\u00edvne zbieraj\u00fa podpisy a h\u00e1rky odosielaj\u00fa po\u0161tou. Z regi\u00f3nov \u010doraz \u010dastej\u0161ie po\u010du\u0165, \u017ee najm\u00e4 starostovia zakazuj\u00fa na verejn\u00fdch priestranstv\u00e1ch zbiera\u0165 podpisy za pet\u00edciu. Je to v\u0161ak poru\u0161en\u00edm \u00fastavn\u00e9ho pr\u00e1va, Demokrati preto \u017eiadaj\u00fa starostov, aby re\u0161pektovali z\u00e1kony.&nbsp;<\/strong><\/p>\n\n\n\n<p>Demokrati s peti\u010dn\u00fdmi h\u00e1rkami nav\u0161tevuj\u00fa slovensk\u00e9 mest\u00e1 a obce, kde chc\u00fa da\u0165 \u013eu\u010fom mo\u017enos\u0165 osobne sa podp\u00edsa\u0165 pod pet\u00edciu Sta\u010dilo Fica:\u00a0<em>\u201eZ\u00e1ujem je ve\u013ek\u00fd, ka\u017ed\u00fd de\u0148 n\u00e1m prich\u00e1dzaj\u00fa po\u0161tou podp\u00edsan\u00e9 h\u00e1rky a ka\u017ed\u00fd de\u0148 sme v uliciach miest a obc\u00ed,&#8221;<\/em>\u00a0 otv\u00e1ra t\u00e9mu predseda Demokratov Jaroslav Na\u010f.\u00a0<\/p>\n\n\n\n<p>Po\u010das v\u00fdjazdov, najm\u00e4 v niektor\u00fdch obciach sa v\u0161ak starostovia sna\u017eia zber podpisov zakazova\u0165, na \u010do v\u0161ak pod\u013ea z\u00e1kona nemaj\u00fa pr\u00e1vo:<em>\u00a0\u201eIde o \u00fastavn\u00e9 pr\u00e1vo ka\u017ed\u00e9ho jedn\u00e9ho ob\u010dana. Nikto nem\u00f4\u017ee zak\u00e1za\u0165 zber podpisov pod pet\u00edciu na verejn\u00fdch priestranstv\u00e1ch a navy\u0161e, tak\u00fdto zber nepodlieha \u017eiadnej ohlasovacej povinnosti,&#8221;\u00a0<\/em>vysvet\u013euje Juraj \u0160eliga expert na pr\u00e1vo a spravodlivos\u0165.\u00a0<\/p>\n\n\n\n<p>Jaroslav Na\u010f \u017eiada predstavite\u013eov miest a obc\u00ed, aby re\u0161pektovali z\u00e1kon:<em>\u00a0\u201eNikto n\u00e1m a ani nikomu in\u00e9mu nem\u00f4\u017ee pod\u013ea platn\u00fdch z\u00e1konov br\u00e1ni\u0165 v zbere podpisov. Ak tak niekto rob\u00ed, hrubo poru\u0161uje z\u00e1kon a \u00fastavn\u00e9 pr\u00e1va ob\u010danov. Povzbudzujem na\u0161ich dobrovo\u013en\u00edkov a tie\u017e \u010dlenov, aby sa nenechali v zbere podpisov odradi\u0165 a oklama\u0165 nejak\u00fdmi v\u0161eobecne z\u00e1v\u00e4zn\u00fdmi nariadeniami, ktor\u00fdmi sa starostovia oh\u00e1\u0148aj\u00fa. \u00dastava je tak\u00fdmto nariadeniam jednozna\u010dne nadraden\u00e1. Z\u00e1rove\u0148 \u017eiadam starostov a \u010fal\u0161\u00edch predstavite\u013eov miest a obc\u00ed aby re\u0161pektovali z\u00e1kon. Ak sa bud\u00fa tieto tendencie stup\u0148ova\u0165, prist\u00fapime k pr\u00e1vnym krokom,&#8221;<\/em>\u00a0uzatv\u00e1ra Jaroslav Na\u010f.\u00a0<\/p>\n","protected":false},"excerpt":{"rendered":"<p>Za 12 dn\u00ed, teda od ohl\u00e1senia zberu pet\u00edcie za referendum &#8222;Sta\u010dilo Fica&#8221; pre\u0161li Demokrati 44 miest a obc\u00ed na Slovensku. K tomu sa pridali desiatky dobrovo\u013en\u00edkov, ktor\u00ed iniciat\u00edvne zbieraj\u00fa podpisy a h\u00e1rky odosielaj\u00fa po\u0161tou. Z regi\u00f3nov \u010doraz \u010dastej\u0161ie po\u010du\u0165, \u017ee najm\u00e4 starostovia zakazuj\u00fa na verejn\u00fdch priestranstv\u00e1ch zbiera\u0165 podpisy za pet\u00edciu. Je to v\u0161ak poru\u0161en\u00edm \u00fastavn\u00e9ho [&hellip;]<\/p>\n","protected":false},"author":13,"featured_media":5332,"comment_status":"closed","ping_status":"closed","sticky":false,"template":"","format":"standard","meta":{"_acf_changed":false,"ngg_post_thumbnail":0,"footnotes":""},"categories":[4],"tags":[],"class_list":["post-5331","post","type-post","status-publish","format-standard","has-post-thumbnail","hentry","category-tlacove-spravy"],"acf":[],"yoast_head":"<!-- This site is optimized with the Yoast SEO plugin v27.2 - https:\/\/yoast.com\/product\/yoast-seo-wordpress\/ -->\n<title>Demokratom zakazuj\u00fa v niektor\u00fdch obciach zbiera\u0165 podpisy, tak\u00fdto z\u00e1kaz je v\u0161ak poru\u0161en\u00edm \u00fastavn\u00e9ho pr\u00e1va ob\u010danov<\/title>\n<meta name=\"robots\" content=\"index, follow, max-snippet:-1, max-image-preview:large, max-video-preview:-1\" \/>\n<link rel=\"canonical\" href=\"https:\/\/www.smedemokrati.sk\/hu\/demokratom-zakazuju-v-niektorych-obciach-zbierat-podpisy-takyto-zakaz-je-vsak-porusenim-ustavneho-prava-obcanov\/\" \/>\n<meta property=\"og:locale\" content=\"hu_HU\" \/>\n<meta property=\"og:locale:alternate\" content=\"en_US\" \/>\n<meta property=\"og:locale:alternate\" content=\"cs_CZ\" \/>\n<meta property=\"og:locale:alternate\" content=\"sk_SK\" \/>\n<meta property=\"og:locale:alternate\" content=\"sv_SE\" \/>\n<meta property=\"og:type\" content=\"article\" \/>\n<meta property=\"og:title\" content=\"Demokratom zakazuj\u00fa v niektor\u00fdch obciach zbiera\u0165 podpisy, tak\u00fdto z\u00e1kaz je v\u0161ak poru\u0161en\u00edm \u00fastavn\u00e9ho pr\u00e1va ob\u010danov\" \/>\n<meta property=\"og:description\" content=\"Za 12 dn\u00ed, teda od ohl\u00e1senia zberu pet\u00edcie za referendum &#8222;Sta\u010dilo Fica&#8221; pre\u0161li Demokrati 44 miest a obc\u00ed na Slovensku. K tomu sa pridali desiatky dobrovo\u013en\u00edkov, ktor\u00ed iniciat\u00edvne zbieraj\u00fa podpisy a h\u00e1rky odosielaj\u00fa po\u0161tou. Z regi\u00f3nov \u010doraz \u010dastej\u0161ie po\u010du\u0165, \u017ee najm\u00e4 starostovia zakazuj\u00fa na verejn\u00fdch priestranstv\u00e1ch zbiera\u0165 podpisy za pet\u00edciu. Je to v\u0161ak poru\u0161en\u00edm \u00fastavn\u00e9ho [&hellip;]\" \/>\n<meta property=\"og:url\" content=\"https:\/\/www.smedemokrati.sk\/hu\/demokratom-zakazuju-v-niektorych-obciach-zbierat-podpisy-takyto-zakaz-je-vsak-porusenim-ustavneho-prava-obcanov\/\" \/>\n<meta property=\"og:site_name\" content=\"Smedemokrati.sk\" \/>\n<meta property=\"article:publisher\" content=\"https:\/\/www.facebook.com\/smedemokrati2023\" \/>\n<meta property=\"article:published_time\" content=\"2024-10-11T18:46:39+00:00\" \/>\n<meta property=\"article:modified_time\" content=\"2024-11-02T21:33:07+00:00\" \/>\n<meta property=\"og:image\" content=\"https:\/\/www.smedemokrati.sk\/wp-content\/uploads\/2024\/10\/referendum-sf.jpg\" \/>\n\t<meta property=\"og:image:width\" content=\"2048\" \/>\n\t<meta property=\"og:image:height\" content=\"1536\" \/>\n\t<meta property=\"og:image:type\" content=\"image\/jpeg\" \/>\n<meta name=\"author\" content=\"miro.sopko\" \/>\n<meta name=\"twitter:card\" content=\"summary_large_image\" \/>\n<meta name=\"twitter:label1\" content=\"Szerz\u0151:\" \/>\n\t<meta name=\"twitter:data1\" content=\"miro.sopko\" \/>\n\t<meta name=\"twitter:label2\" content=\"Becs\u00fclt olvas\u00e1si id\u0151\" \/>\n\t<meta name=\"twitter:data2\" content=\"2 perc\" \/>\n<script type=\"application\/ld+json\" class=\"yoast-schema-graph\">{\"@context\":\"https:\/\/schema.org\",\"@graph\":[{\"@type\":\"Article\",\"@id\":\"https:\/\/www.smedemokrati.sk\/demokratom-zakazuju-v-niektorych-obciach-zbierat-podpisy-takyto-zakaz-je-vsak-porusenim-ustavneho-prava-obcanov\/#article\",\"isPartOf\":{\"@id\":\"https:\/\/www.smedemokrati.sk\/demokratom-zakazuju-v-niektorych-obciach-zbierat-podpisy-takyto-zakaz-je-vsak-porusenim-ustavneho-prava-obcanov\/\"},\"author\":{\"name\":\"miro.sopko\",\"@id\":\"https:\/\/www.smedemokrati.sk\/#\/schema\/person\/21f147c88d605aa7ded900e1e7c344ba\"},\"headline\":\"Demokratom zakazuj\u00fa v niektor\u00fdch obciach zbiera\u0165 podpisy, tak\u00fdto z\u00e1kaz je v\u0161ak poru\u0161en\u00edm \u00fastavn\u00e9ho pr\u00e1va ob\u010danov\",\"datePublished\":\"2024-10-11T18:46:39+00:00\",\"dateModified\":\"2024-11-02T21:33:07+00:00\",\"mainEntityOfPage\":{\"@id\":\"https:\/\/www.smedemokrati.sk\/demokratom-zakazuju-v-niektorych-obciach-zbierat-podpisy-takyto-zakaz-je-vsak-porusenim-ustavneho-prava-obcanov\/\"},\"wordCount\":376,\"publisher\":{\"@id\":\"https:\/\/www.smedemokrati.sk\/#organization\"},\"image\":{\"@id\":\"https:\/\/www.smedemokrati.sk\/demokratom-zakazuju-v-niektorych-obciach-zbierat-podpisy-takyto-zakaz-je-vsak-porusenim-ustavneho-prava-obcanov\/#primaryimage\"},\"thumbnailUrl\":\"https:\/\/www.smedemokrati.sk\/wp-content\/uploads\/2024\/10\/referendum-sf.jpg\",\"articleSection\":[\"Tla\u010dov\u00e9 spr\u00e1vy\"],\"inLanguage\":\"hu-HU\"},{\"@type\":\"WebPage\",\"@id\":\"https:\/\/www.smedemokrati.sk\/demokratom-zakazuju-v-niektorych-obciach-zbierat-podpisy-takyto-zakaz-je-vsak-porusenim-ustavneho-prava-obcanov\/\",\"url\":\"https:\/\/www.smedemokrati.sk\/demokratom-zakazuju-v-niektorych-obciach-zbierat-podpisy-takyto-zakaz-je-vsak-porusenim-ustavneho-prava-obcanov\/\",\"name\":\"Demokratom zakazuj\u00fa v niektor\u00fdch obciach zbiera\u0165 podpisy, tak\u00fdto z\u00e1kaz je v\u0161ak poru\u0161en\u00edm \u00fastavn\u00e9ho pr\u00e1va ob\u010danov\",\"isPartOf\":{\"@id\":\"https:\/\/www.smedemokrati.sk\/#website\"},\"primaryImageOfPage\":{\"@id\":\"https:\/\/www.smedemokrati.sk\/demokratom-zakazuju-v-niektorych-obciach-zbierat-podpisy-takyto-zakaz-je-vsak-porusenim-ustavneho-prava-obcanov\/#primaryimage\"},\"image\":{\"@id\":\"https:\/\/www.smedemokrati.sk\/demokratom-zakazuju-v-niektorych-obciach-zbierat-podpisy-takyto-zakaz-je-vsak-porusenim-ustavneho-prava-obcanov\/#primaryimage\"},\"thumbnailUrl\":\"https:\/\/www.smedemokrati.sk\/wp-content\/uploads\/2024\/10\/referendum-sf.jpg\",\"datePublished\":\"2024-10-11T18:46:39+00:00\",\"dateModified\":\"2024-11-02T21:33:07+00:00\",\"breadcrumb\":{\"@id\":\"https:\/\/www.smedemokrati.sk\/demokratom-zakazuju-v-niektorych-obciach-zbierat-podpisy-takyto-zakaz-je-vsak-porusenim-ustavneho-prava-obcanov\/#breadcrumb\"},\"inLanguage\":\"hu-HU\",\"potentialAction\":[{\"@type\":\"ReadAction\",\"target\":[\"https:\/\/www.smedemokrati.sk\/demokratom-zakazuju-v-niektorych-obciach-zbierat-podpisy-takyto-zakaz-je-vsak-porusenim-ustavneho-prava-obcanov\/\"]}]},{\"@type\":\"ImageObject\",\"inLanguage\":\"hu-HU\",\"@id\":\"https:\/\/www.smedemokrati.sk\/demokratom-zakazuju-v-niektorych-obciach-zbierat-podpisy-takyto-zakaz-je-vsak-porusenim-ustavneho-prava-obcanov\/#primaryimage\",\"url\":\"https:\/\/www.smedemokrati.sk\/wp-content\/uploads\/2024\/10\/referendum-sf.jpg\",\"contentUrl\":\"https:\/\/www.smedemokrati.sk\/wp-content\/uploads\/2024\/10\/referendum-sf.jpg\",\"width\":2048,\"height\":1536},{\"@type\":\"BreadcrumbList\",\"@id\":\"https:\/\/www.smedemokrati.sk\/demokratom-zakazuju-v-niektorych-obciach-zbierat-podpisy-takyto-zakaz-je-vsak-porusenim-ustavneho-prava-obcanov\/#breadcrumb\",\"itemListElement\":[{\"@type\":\"ListItem\",\"position\":1,\"name\":\"Domovsk\u00e1 str\u00e1nka\",\"item\":\"https:\/\/www.smedemokrati.sk\/\"},{\"@type\":\"ListItem\",\"position\":2,\"name\":\"Demokratom zakazuj\u00fa v niektor\u00fdch obciach zbiera\u0165 podpisy, tak\u00fdto z\u00e1kaz je v\u0161ak poru\u0161en\u00edm \u00fastavn\u00e9ho pr\u00e1va ob\u010danov\"}]},{\"@type\":\"WebSite\",\"@id\":\"https:\/\/www.smedemokrati.sk\/#website\",\"url\":\"https:\/\/www.smedemokrati.sk\/\",\"name\":\"Smedemokrati.sk\",\"description\":\"Demokracia a slu\u0161nos\u0165 zv\u00ed\u0165az\u00ed\",\"publisher\":{\"@id\":\"https:\/\/www.smedemokrati.sk\/#organization\"},\"potentialAction\":[{\"@type\":\"SearchAction\",\"target\":{\"@type\":\"EntryPoint\",\"urlTemplate\":\"https:\/\/www.smedemokrati.sk\/?s={search_term_string}\"},\"query-input\":{\"@type\":\"PropertyValueSpecification\",\"valueRequired\":true,\"valueName\":\"search_term_string\"}}],\"inLanguage\":\"hu-HU\"},{\"@type\":\"Organization\",\"@id\":\"https:\/\/www.smedemokrati.sk\/#organization\",\"name\":\"Smedemokrati.sk\",\"url\":\"https:\/\/www.smedemokrati.sk\/\",\"logo\":{\"@type\":\"ImageObject\",\"inLanguage\":\"hu-HU\",\"@id\":\"https:\/\/www.smedemokrati.sk\/#\/schema\/logo\/image\/\",\"url\":\"https:\/\/www.smedemokrati.sk\/wp-content\/uploads\/2023\/04\/ff.002.jpeg\",\"contentUrl\":\"https:\/\/www.smedemokrati.sk\/wp-content\/uploads\/2023\/04\/ff.002.jpeg\",\"width\":640,\"height\":480,\"caption\":\"Smedemokrati.sk\"},\"image\":{\"@id\":\"https:\/\/www.smedemokrati.sk\/#\/schema\/logo\/image\/\"},\"sameAs\":[\"https:\/\/www.facebook.com\/smedemokrati2023\"]},{\"@type\":\"Person\",\"@id\":\"https:\/\/www.smedemokrati.sk\/#\/schema\/person\/21f147c88d605aa7ded900e1e7c344ba\",\"name\":\"miro.sopko\",\"image\":{\"@type\":\"ImageObject\",\"inLanguage\":\"hu-HU\",\"@id\":\"https:\/\/secure.gravatar.com\/avatar\/267e4a36f704376c109afe3a78740c1f5dd8675a2180a908699e7863c9247606?s=96&d=mm&r=g\",\"url\":\"https:\/\/secure.gravatar.com\/avatar\/267e4a36f704376c109afe3a78740c1f5dd8675a2180a908699e7863c9247606?s=96&d=mm&r=g\",\"contentUrl\":\"https:\/\/secure.gravatar.com\/avatar\/267e4a36f704376c109afe3a78740c1f5dd8675a2180a908699e7863c9247606?s=96&d=mm&r=g\",\"caption\":\"miro.sopko\"},\"url\":\"https:\/\/www.smedemokrati.sk\/hu\/author\/miro-sopko\/\"}]}<\/script>\n<!-- \/ Yoast SEO plugin. -->","yoast_head_json":{"title":"Demokratom zakazuj\u00fa v niektor\u00fdch obciach zbiera\u0165 podpisy, tak\u00fdto z\u00e1kaz je v\u0161ak poru\u0161en\u00edm \u00fastavn\u00e9ho pr\u00e1va ob\u010danov","robots":{"index":"index","follow":"follow","max-snippet":"max-snippet:-1","max-image-preview":"max-image-preview:large","max-video-preview":"max-video-preview:-1"},"canonical":"https:\/\/www.smedemokrati.sk\/hu\/demokratom-zakazuju-v-niektorych-obciach-zbierat-podpisy-takyto-zakaz-je-vsak-porusenim-ustavneho-prava-obcanov\/","og_locale":"hu_HU","og_type":"article","og_title":"[:sk]Demokratom zakazuj\u00fa v niektor\u00fdch obciach zbiera\u0165 podpisy, tak\u00fdto z\u00e1kaz je v\u0161ak poru\u0161en\u00edm \u00fastavn\u00e9ho pr\u00e1va ob\u010danov[:] - Smedemokrati.sk","og_description":"Za 12 dn\u00ed, teda od ohl\u00e1senia zberu pet\u00edcie za referendum &#8222;Sta\u010dilo Fica&#8221; pre\u0161li Demokrati 44 miest a obc\u00ed na Slovensku. K tomu sa pridali desiatky dobrovo\u013en\u00edkov, ktor\u00ed iniciat\u00edvne zbieraj\u00fa podpisy a h\u00e1rky odosielaj\u00fa po\u0161tou. Z regi\u00f3nov \u010doraz \u010dastej\u0161ie po\u010du\u0165, \u017ee najm\u00e4 starostovia zakazuj\u00fa na verejn\u00fdch priestranstv\u00e1ch zbiera\u0165 podpisy za pet\u00edciu. Je to v\u0161ak poru\u0161en\u00edm \u00fastavn\u00e9ho [&hellip;]","og_url":"https:\/\/www.smedemokrati.sk\/hu\/demokratom-zakazuju-v-niektorych-obciach-zbierat-podpisy-takyto-zakaz-je-vsak-porusenim-ustavneho-prava-obcanov\/","og_site_name":"Smedemokrati.sk","article_publisher":"https:\/\/www.facebook.com\/smedemokrati2023","article_published_time":"2024-10-11T18:46:39+00:00","article_modified_time":"2024-11-02T21:33:07+00:00","og_image":[{"width":2048,"height":1536,"url":"https:\/\/www.smedemokrati.sk\/wp-content\/uploads\/2024\/10\/referendum-sf.jpg","type":"image\/jpeg"}],"author":"miro.sopko","twitter_card":"summary_large_image","twitter_misc":{"Szerz\u0151:":"miro.sopko","Becs\u00fclt olvas\u00e1si id\u0151":"2 perc"},"schema":{"@context":"https:\/\/schema.org","@graph":[{"@type":"Article","@id":"https:\/\/www.smedemokrati.sk\/demokratom-zakazuju-v-niektorych-obciach-zbierat-podpisy-takyto-zakaz-je-vsak-porusenim-ustavneho-prava-obcanov\/#article","isPartOf":{"@id":"https:\/\/www.smedemokrati.sk\/demokratom-zakazuju-v-niektorych-obciach-zbierat-podpisy-takyto-zakaz-je-vsak-porusenim-ustavneho-prava-obcanov\/"},"author":{"name":"miro.sopko","@id":"https:\/\/www.smedemokrati.sk\/#\/schema\/person\/21f147c88d605aa7ded900e1e7c344ba"},"headline":"Demokratom zakazuj\u00fa v niektor\u00fdch obciach zbiera\u0165 podpisy, tak\u00fdto z\u00e1kaz je v\u0161ak poru\u0161en\u00edm \u00fastavn\u00e9ho pr\u00e1va ob\u010danov","datePublished":"2024-10-11T18:46:39+00:00","dateModified":"2024-11-02T21:33:07+00:00","mainEntityOfPage":{"@id":"https:\/\/www.smedemokrati.sk\/demokratom-zakazuju-v-niektorych-obciach-zbierat-podpisy-takyto-zakaz-je-vsak-porusenim-ustavneho-prava-obcanov\/"},"wordCount":376,"publisher":{"@id":"https:\/\/www.smedemokrati.sk\/#organization"},"image":{"@id":"https:\/\/www.smedemokrati.sk\/demokratom-zakazuju-v-niektorych-obciach-zbierat-podpisy-takyto-zakaz-je-vsak-porusenim-ustavneho-prava-obcanov\/#primaryimage"},"thumbnailUrl":"https:\/\/www.smedemokrati.sk\/wp-content\/uploads\/2024\/10\/referendum-sf.jpg","articleSection":["Tla\u010dov\u00e9 spr\u00e1vy"],"inLanguage":"hu-HU"},{"@type":"WebPage","@id":"https:\/\/www.smedemokrati.sk\/demokratom-zakazuju-v-niektorych-obciach-zbierat-podpisy-takyto-zakaz-je-vsak-porusenim-ustavneho-prava-obcanov\/","url":"https:\/\/www.smedemokrati.sk\/demokratom-zakazuju-v-niektorych-obciach-zbierat-podpisy-takyto-zakaz-je-vsak-porusenim-ustavneho-prava-obcanov\/","name":"Demokratom zakazuj\u00fa v niektor\u00fdch obciach zbiera\u0165 podpisy, tak\u00fdto z\u00e1kaz je v\u0161ak poru\u0161en\u00edm \u00fastavn\u00e9ho pr\u00e1va ob\u010danov","isPartOf":{"@id":"https:\/\/www.smedemokrati.sk\/#website"},"primaryImageOfPage":{"@id":"https:\/\/www.smedemokrati.sk\/demokratom-zakazuju-v-niektorych-obciach-zbierat-podpisy-takyto-zakaz-je-vsak-porusenim-ustavneho-prava-obcanov\/#primaryimage"},"image":{"@id":"https:\/\/www.smedemokrati.sk\/demokratom-zakazuju-v-niektorych-obciach-zbierat-podpisy-takyto-zakaz-je-vsak-porusenim-ustavneho-prava-obcanov\/#primaryimage"},"thumbnailUrl":"https:\/\/www.smedemokrati.sk\/wp-content\/uploads\/2024\/10\/referendum-sf.jpg","datePublished":"2024-10-11T18:46:39+00:00","dateModified":"2024-11-02T21:33:07+00:00","breadcrumb":{"@id":"https:\/\/www.smedemokrati.sk\/demokratom-zakazuju-v-niektorych-obciach-zbierat-podpisy-takyto-zakaz-je-vsak-porusenim-ustavneho-prava-obcanov\/#breadcrumb"},"inLanguage":"hu-HU","potentialAction":[{"@type":"ReadAction","target":["https:\/\/www.smedemokrati.sk\/demokratom-zakazuju-v-niektorych-obciach-zbierat-podpisy-takyto-zakaz-je-vsak-porusenim-ustavneho-prava-obcanov\/"]}]},{"@type":"ImageObject","inLanguage":"hu-HU","@id":"https:\/\/www.smedemokrati.sk\/demokratom-zakazuju-v-niektorych-obciach-zbierat-podpisy-takyto-zakaz-je-vsak-porusenim-ustavneho-prava-obcanov\/#primaryimage","url":"https:\/\/www.smedemokrati.sk\/wp-content\/uploads\/2024\/10\/referendum-sf.jpg","contentUrl":"https:\/\/www.smedemokrati.sk\/wp-content\/uploads\/2024\/10\/referendum-sf.jpg","width":2048,"height":1536},{"@type":"BreadcrumbList","@id":"https:\/\/www.smedemokrati.sk\/demokratom-zakazuju-v-niektorych-obciach-zbierat-podpisy-takyto-zakaz-je-vsak-porusenim-ustavneho-prava-obcanov\/#breadcrumb","itemListElement":[{"@type":"ListItem","position":1,"name":"Domovsk\u00e1 str\u00e1nka","item":"https:\/\/www.smedemokrati.sk\/"},{"@type":"ListItem","position":2,"name":"Demokratom zakazuj\u00fa v niektor\u00fdch obciach zbiera\u0165 podpisy, tak\u00fdto z\u00e1kaz je v\u0161ak poru\u0161en\u00edm \u00fastavn\u00e9ho pr\u00e1va ob\u010danov"}]},{"@type":"WebSite","@id":"https:\/\/www.smedemokrati.sk\/#website","url":"https:\/\/www.smedemokrati.sk\/","name":"Smedemokrati.sk","description":"Demokracia a slu\u0161nos\u0165 zv\u00ed\u0165az\u00ed","publisher":{"@id":"https:\/\/www.smedemokrati.sk\/#organization"},"potentialAction":[{"@type":"SearchAction","target":{"@type":"EntryPoint","urlTemplate":"https:\/\/www.smedemokrati.sk\/?s={search_term_string}"},"query-input":{"@type":"PropertyValueSpecification","valueRequired":true,"valueName":"search_term_string"}}],"inLanguage":"hu-HU"},{"@type":"Organization","@id":"https:\/\/www.smedemokrati.sk\/#organization","name":"Smedemokrati.sk","url":"https:\/\/www.smedemokrati.sk\/","logo":{"@type":"ImageObject","inLanguage":"hu-HU","@id":"https:\/\/www.smedemokrati.sk\/#\/schema\/logo\/image\/","url":"https:\/\/www.smedemokrati.sk\/wp-content\/uploads\/2023\/04\/ff.002.jpeg","contentUrl":"https:\/\/www.smedemokrati.sk\/wp-content\/uploads\/2023\/04\/ff.002.jpeg","width":640,"height":480,"caption":"Smedemokrati.sk"},"image":{"@id":"https:\/\/www.smedemokrati.sk\/#\/schema\/logo\/image\/"},"sameAs":["https:\/\/www.facebook.com\/smedemokrati2023"]},{"@type":"Person","@id":"https:\/\/www.smedemokrati.sk\/#\/schema\/person\/21f147c88d605aa7ded900e1e7c344ba","name":"miro.sopko","image":{"@type":"ImageObject","inLanguage":"hu-HU","@id":"https:\/\/secure.gravatar.com\/avatar\/267e4a36f704376c109afe3a78740c1f5dd8675a2180a908699e7863c9247606?s=96&d=mm&r=g","url":"https:\/\/secure.gravatar.com\/avatar\/267e4a36f704376c109afe3a78740c1f5dd8675a2180a908699e7863c9247606?s=96&d=mm&r=g","contentUrl":"https:\/\/secure.gravatar.com\/avatar\/267e4a36f704376c109afe3a78740c1f5dd8675a2180a908699e7863c9247606?s=96&d=mm&r=g","caption":"miro.sopko"},"url":"https:\/\/www.smedemokrati.sk\/hu\/author\/miro-sopko\/"}]}},"_links":{"self":[{"href":"https:\/\/www.smedemokrati.sk\/hu\/wp-json\/wp\/v2\/posts\/5331","targetHints":{"allow":["GET"]}}],"collection":[{"href":"https:\/\/www.smedemokrati.sk\/hu\/wp-json\/wp\/v2\/posts"}],"about":[{"href":"https:\/\/www.smedemokrati.sk\/hu\/wp-json\/wp\/v2\/types\/post"}],"author":[{"embeddable":true,"href":"https:\/\/www.smedemokrati.sk\/hu\/wp-json\/wp\/v2\/users\/13"}],"replies":[{"embeddable":true,"href":"https:\/\/www.smedemokrati.sk\/hu\/wp-json\/wp\/v2\/comments?post=5331"}],"version-history":[{"count":1,"href":"https:\/\/www.smedemokrati.sk\/hu\/wp-json\/wp\/v2\/posts\/5331\/revisions"}],"predecessor-version":[{"id":5333,"href":"https:\/\/www.smedemokrati.sk\/hu\/wp-json\/wp\/v2\/posts\/5331\/revisions\/5333"}],"wp:featuredmedia":[{"embeddable":true,"href":"https:\/\/www.smedemokrati.sk\/hu\/wp-json\/wp\/v2\/media\/5332"}],"wp:attachment":[{"href":"https:\/\/www.smedemokrati.sk\/hu\/wp-json\/wp\/v2\/media?parent=5331"}],"wp:term":[{"taxonomy":"category","embeddable":true,"href":"https:\/\/www.smedemokrati.sk\/hu\/wp-json\/wp\/v2\/categories?post=5331"},{"taxonomy":"post_tag","embeddable":true,"href":"https:\/\/www.smedemokrati.sk\/hu\/wp-json\/wp\/v2\/tags?post=5331"}],"curies":[{"name":"wp","href":"https:\/\/api.w.org\/{rel}","templated":true}]}}