{"id":5328,"date":"2024-10-11T19:41:09","date_gmt":"2024-10-11T18:41:09","guid":{"rendered":"https:\/\/www.smedemokrati.sk\/?p=5328"},"modified":"2024-10-22T11:06:13","modified_gmt":"2024-10-22T10:06:13","slug":"robert-fico-nas-chce-opit-rozkom","status":"publish","type":"post","link":"https:\/\/www.smedemokrati.sk\/hu\/robert-fico-nas-chce-opit-rozkom\/","title":{"rendered":"Robert Fico n\u00e1s chce opi\u0165 ro\u017ekom"},"content":{"rendered":"<div id=\"fb-root\"><\/div>\n\n<p><strong>Dnes, potom ako Demokrati priniesli Robertovi Ficovi na \u00darad vl\u00e1dy luxusn\u00e9 ra\u0148ajky \u2013 ro\u017eok s&nbsp;maslom, mal predseda vl\u00e1dy stretnutie so z\u00e1stupcami potravin\u00e1rov. Po tomto stretnut\u00ed Robert Fico vyhl\u00e1sil, \u017ee ceny potrav\u00edn klesn\u00fa, preto\u017ee bude ni\u017e\u0161ia DPH na z\u00e1kladn\u00e9 potraviny. Je to zo strany p\u00e1na premi\u00e9ra hrub\u00e9 zav\u00e1dzanie a&nbsp;snaha opi\u0165 slovensk\u00fa verejnos\u0165 ro\u017ekom. Ceny potrav\u00edn nep\u00f4jdu dole, naopak bud\u00fa st\u00e1le st\u00fapa\u0165. Demokrati doru\u010dili predsedovi vl\u00e1dy 11 konkr\u00e9tnych opatren\u00ed, ktor\u00fdmi m\u00f4\u017ee vl\u00e1da okam\u017eite pom\u00f4c\u0165 drastickej situ\u00e1cii okolo cien potrav\u00edn.<\/strong><\/p>\n\n\n\n<p><em>\u201eP\u00e1n Fico si evidentne nev\u0161imol, resp. nechce v\u0161imn\u00fa\u0165, \u010do schv\u00e1lila jeho vl\u00e1da. Tv\u00e1ri sa, \u017ee zn\u00ed\u017eenie DPH na z\u00e1kladn\u00e9 potraviny vyrie\u0161i probl\u00e9my so zdra\u017eovan\u00edm. Je to ale klamstvo, preto\u017ee Robert Fico cielene zaml\u010diava dopady nov\u00fdch dan\u00ed, ktor\u00e9 zav\u00e1dza. Ak pri cene masla (4,20 eur)&nbsp;zn\u00ed\u017eime DPH na 5%, tak cena by mala teoreticky klesn\u00fa\u0165 na 4 eur\u00e1, ale to by bolo len v&nbsp;pr\u00edpade, \u017ee v\u0161etky ostatn\u00e9 vstupy by sa nemenili. No vl\u00e1da zav\u00e1dza nov\u00e9 dane \u2013 transak\u010dn\u00fa da\u0148, vy\u0161\u0161iu da\u0148 z&nbsp;pr\u00edjmov, Slovensko bude ma\u0165 vy\u0161\u0161iu cenu energi\u00ed, distribu\u010dn\u00e9 poplatky a&nbsp;rovnako aj vy\u0161\u0161ie vodn\u00e9 a&nbsp;sto\u010dn\u00e9. Plus s\u00e9ria odvodov a&nbsp;prirodzen\u00fd rast miezd. V&nbsp;praxi zn\u00ed\u017eenie DPH na cen\u00e1ch nepoc\u00edtime. Naopak, poc\u00edtime zdra\u017eovanie. \u017dia\u013e Robert Fico op\u00e4\u0165 len a&nbsp;len zav\u00e1dza a&nbsp;klame. Jednoducho, chce n\u00e1s opi\u0165 ro\u017ekom.\u201c<\/em>&nbsp;hovor\u00ed Juraj \u0160eliga, podpredseda strany Demokrati.<\/p>\n\n\n\n<p><em>\u201eOpakujeme, je absurdn\u00e9, \u017ee ro\u017eok s maslom dnes v na\u0161ej krajine m\u00f4\u017eeme ozna\u010di\u0165 za luxusn\u00e9 ra\u0148ajky, pri\u010dom minul\u00fd rok si t\u00e1to vl\u00e1da stanovila, \u017ee zastabilizuje ceny potrav\u00edn a podarilo sa im to tak, \u017ee s\u00fa stabilne jedny z najdrah\u0161\u00edch v Eur\u00f3pe a ceny \u010falej st\u00fapaj\u00fa. T\u00e1to vl\u00e1da hoc mali jej predstavitelia ve\u013ea re\u010d\u00ed o&nbsp;tom, ako zlacnia potraviny, nem\u00e1 \u017eiadny konkr\u00e9tny pl\u00e1n alebo s\u00e9riu syst\u00e9mov\u00fdch opatren\u00ed,&#8221;<\/em>&nbsp;hovor\u00ed Juraj \u0160eliga podpredseda Demokratov.<\/p>\n\n\n\n<p><em>\u201eStrana Demokrati je kon\u0161trukt\u00edvna strana, preto sme dnes predsedovi vl\u00e1dy priniesli konkr\u00e9tnych 11 opatren\u00ed, ktor\u00e9 maj\u00fa pom\u00f4c\u0165 zn\u00ed\u017eeniu cien potrav\u00edn a&nbsp;z\u00e1rove\u0148 posilneniu postavenia slovensk\u00fdch farm\u00e1rov. Je to 11 konkr\u00e9tnych rie\u0161en\u00ed, ktor\u00e9 sme pripraven\u00ed vysvetli\u0165 hoc aj osobne predsedovi vl\u00e1dy. Zastropovanie cien potrav\u00edn, no nie regul\u00e1ciou, ale dohodou. Tie\u017e navrhujeme adresn\u00e9 opatrenie formou potravinov\u00fdch \u0161ekov a okam\u017eit\u00fa maximaliz\u00e1ciou \u010derpania prostriedkov z Programu rozvoja vidieka. \u010eal\u0161\u00edm opatren\u00edm je napr\u00edklad zru\u0161enie alebo aspo\u0148 \u010dasov\u00e9 posunutie zavedenia transak\u010dnej dane, preto\u017ee to bude ma\u0165 fat\u00e1lne dopady na potravin\u00e1rov,&#8221;<\/em>&nbsp;hovor\u00ed Michal Ki\u010da.<\/p>\n\n\n\n<p><em>\u201eP\u00e1n premi\u00e9r, p\u00e1n Tak\u00e1\u010d evidentne nevie, \u010do m\u00e1 robi\u0165 a&nbsp;preto sa okrem fotenia na soci\u00e1lne siete vyhov\u00e1ra a&nbsp;vyhov\u00e1ra. Teraz je v\u0161ak kona\u0165. Pre\u0161tudujte si na\u0161e n\u00e1vrhy a&nbsp;za\u010dnite kona\u0165, preto\u017ee ak budete sedie\u0165 so zalo\u017een\u00fdmi rukami, tak nielen maslo, ale aj \u010fal\u0161ie tovary bud\u00fa pre \u013eud\u00ed na Slovensku luxusom, ktor\u00fd si nebud\u00fa m\u00f4c\u0165 dovoli\u0165.\u201c<\/em>&nbsp;uzatv\u00e1ra Michal Ki\u010da, expert strany Demokrati pre \u017eivotn\u00e9 prostredie a&nbsp;p\u00f4dohospod\u00e1rstvo.<\/p>\n\n\n<div class=\"fb-video\" data-href=\"https:\/\/www.facebook.com\/share\/r\/9zwragpWVNh7e6SS\" data-allowfullscreen=\"true\" data-autoplay=\"false\" data-width=\"\" data-show-text=\"false\" data-show-captions=\"true\"><\/div>\n","protected":false},"excerpt":{"rendered":"<p>Dnes, potom ako Demokrati priniesli Robertovi Ficovi na \u00darad vl\u00e1dy luxusn\u00e9 ra\u0148ajky \u2013 ro\u017eok s&nbsp;maslom, mal predseda vl\u00e1dy stretnutie so z\u00e1stupcami potravin\u00e1rov. Po tomto stretnut\u00ed Robert Fico vyhl\u00e1sil, \u017ee ceny potrav\u00edn klesn\u00fa, preto\u017ee bude ni\u017e\u0161ia DPH na z\u00e1kladn\u00e9 potraviny. Je to zo strany p\u00e1na premi\u00e9ra hrub\u00e9 zav\u00e1dzanie a&nbsp;snaha opi\u0165 slovensk\u00fa verejnos\u0165 ro\u017ekom. Ceny potrav\u00edn nep\u00f4jdu [&hellip;]<\/p>\n","protected":false},"author":13,"featured_media":5329,"comment_status":"closed","ping_status":"closed","sticky":false,"template":"","format":"standard","meta":{"_acf_changed":false,"ngg_post_thumbnail":0,"footnotes":""},"categories":[4],"tags":[],"class_list":["post-5328","post","type-post","status-publish","format-standard","has-post-thumbnail","hentry","category-tlacove-spravy"],"acf":[],"yoast_head":"<!-- This site is optimized with the Yoast SEO plugin v27.2 - https:\/\/yoast.com\/product\/yoast-seo-wordpress\/ -->\n<title>Robert Fico n\u00e1s chce opi\u0165 ro\u017ekom<\/title>\n<meta name=\"robots\" content=\"index, follow, max-snippet:-1, max-image-preview:large, max-video-preview:-1\" \/>\n<link rel=\"canonical\" href=\"https:\/\/www.smedemokrati.sk\/hu\/robert-fico-nas-chce-opit-rozkom\/\" \/>\n<meta property=\"og:locale\" content=\"hu_HU\" \/>\n<meta property=\"og:locale:alternate\" content=\"en_US\" \/>\n<meta property=\"og:locale:alternate\" content=\"cs_CZ\" \/>\n<meta property=\"og:locale:alternate\" content=\"sk_SK\" \/>\n<meta property=\"og:locale:alternate\" content=\"sv_SE\" \/>\n<meta property=\"og:type\" content=\"article\" \/>\n<meta property=\"og:title\" content=\"Robert Fico n\u00e1s chce opi\u0165 ro\u017ekom\" \/>\n<meta property=\"og:description\" content=\"Dnes, potom ako Demokrati priniesli Robertovi Ficovi na \u00darad vl\u00e1dy luxusn\u00e9 ra\u0148ajky \u2013 ro\u017eok s&nbsp;maslom, mal predseda vl\u00e1dy stretnutie so z\u00e1stupcami potravin\u00e1rov. Po tomto stretnut\u00ed Robert Fico vyhl\u00e1sil, \u017ee ceny potrav\u00edn klesn\u00fa, preto\u017ee bude ni\u017e\u0161ia DPH na z\u00e1kladn\u00e9 potraviny. Je to zo strany p\u00e1na premi\u00e9ra hrub\u00e9 zav\u00e1dzanie a&nbsp;snaha opi\u0165 slovensk\u00fa verejnos\u0165 ro\u017ekom. Ceny potrav\u00edn nep\u00f4jdu [&hellip;]\" \/>\n<meta property=\"og:url\" content=\"https:\/\/www.smedemokrati.sk\/hu\/robert-fico-nas-chce-opit-rozkom\/\" \/>\n<meta property=\"og:site_name\" content=\"Smedemokrati.sk\" \/>\n<meta property=\"article:publisher\" content=\"https:\/\/www.facebook.com\/smedemokrati2023\" \/>\n<meta property=\"article:published_time\" content=\"2024-10-11T18:41:09+00:00\" \/>\n<meta property=\"article:modified_time\" content=\"2024-10-22T10:06:13+00:00\" \/>\n<meta property=\"og:image\" content=\"https:\/\/www.smedemokrati.sk\/wp-content\/uploads\/2024\/10\/fico-rozok.jpg\" \/>\n\t<meta property=\"og:image:width\" content=\"984\" \/>\n\t<meta property=\"og:image:height\" content=\"636\" \/>\n\t<meta property=\"og:image:type\" content=\"image\/jpeg\" \/>\n<meta name=\"author\" content=\"miro.sopko\" \/>\n<meta name=\"twitter:card\" content=\"summary_large_image\" \/>\n<meta name=\"twitter:label1\" content=\"Szerz\u0151:\" \/>\n\t<meta name=\"twitter:data1\" content=\"miro.sopko\" \/>\n\t<meta name=\"twitter:label2\" content=\"Becs\u00fclt olvas\u00e1si id\u0151\" \/>\n\t<meta name=\"twitter:data2\" content=\"3 perc\" \/>\n<script type=\"application\/ld+json\" class=\"yoast-schema-graph\">{\"@context\":\"https:\/\/schema.org\",\"@graph\":[{\"@type\":\"Article\",\"@id\":\"https:\/\/www.smedemokrati.sk\/robert-fico-nas-chce-opit-rozkom\/#article\",\"isPartOf\":{\"@id\":\"https:\/\/www.smedemokrati.sk\/robert-fico-nas-chce-opit-rozkom\/\"},\"author\":{\"name\":\"miro.sopko\",\"@id\":\"https:\/\/www.smedemokrati.sk\/#\/schema\/person\/21f147c88d605aa7ded900e1e7c344ba\"},\"headline\":\"Robert Fico n\u00e1s chce opi\u0165 ro\u017ekom\",\"datePublished\":\"2024-10-11T18:41:09+00:00\",\"dateModified\":\"2024-10-22T10:06:13+00:00\",\"mainEntityOfPage\":{\"@id\":\"https:\/\/www.smedemokrati.sk\/robert-fico-nas-chce-opit-rozkom\/\"},\"wordCount\":609,\"publisher\":{\"@id\":\"https:\/\/www.smedemokrati.sk\/#organization\"},\"image\":{\"@id\":\"https:\/\/www.smedemokrati.sk\/robert-fico-nas-chce-opit-rozkom\/#primaryimage\"},\"thumbnailUrl\":\"https:\/\/www.smedemokrati.sk\/wp-content\/uploads\/2024\/10\/fico-rozok.jpg\",\"articleSection\":[\"Tla\u010dov\u00e9 spr\u00e1vy\"],\"inLanguage\":\"hu-HU\"},{\"@type\":\"WebPage\",\"@id\":\"https:\/\/www.smedemokrati.sk\/robert-fico-nas-chce-opit-rozkom\/\",\"url\":\"https:\/\/www.smedemokrati.sk\/robert-fico-nas-chce-opit-rozkom\/\",\"name\":\"Robert Fico n\u00e1s chce opi\u0165 ro\u017ekom\",\"isPartOf\":{\"@id\":\"https:\/\/www.smedemokrati.sk\/#website\"},\"primaryImageOfPage\":{\"@id\":\"https:\/\/www.smedemokrati.sk\/robert-fico-nas-chce-opit-rozkom\/#primaryimage\"},\"image\":{\"@id\":\"https:\/\/www.smedemokrati.sk\/robert-fico-nas-chce-opit-rozkom\/#primaryimage\"},\"thumbnailUrl\":\"https:\/\/www.smedemokrati.sk\/wp-content\/uploads\/2024\/10\/fico-rozok.jpg\",\"datePublished\":\"2024-10-11T18:41:09+00:00\",\"dateModified\":\"2024-10-22T10:06:13+00:00\",\"breadcrumb\":{\"@id\":\"https:\/\/www.smedemokrati.sk\/robert-fico-nas-chce-opit-rozkom\/#breadcrumb\"},\"inLanguage\":\"hu-HU\",\"potentialAction\":[{\"@type\":\"ReadAction\",\"target\":[\"https:\/\/www.smedemokrati.sk\/robert-fico-nas-chce-opit-rozkom\/\"]}]},{\"@type\":\"ImageObject\",\"inLanguage\":\"hu-HU\",\"@id\":\"https:\/\/www.smedemokrati.sk\/robert-fico-nas-chce-opit-rozkom\/#primaryimage\",\"url\":\"https:\/\/www.smedemokrati.sk\/wp-content\/uploads\/2024\/10\/fico-rozok.jpg\",\"contentUrl\":\"https:\/\/www.smedemokrati.sk\/wp-content\/uploads\/2024\/10\/fico-rozok.jpg\",\"width\":984,\"height\":636},{\"@type\":\"BreadcrumbList\",\"@id\":\"https:\/\/www.smedemokrati.sk\/robert-fico-nas-chce-opit-rozkom\/#breadcrumb\",\"itemListElement\":[{\"@type\":\"ListItem\",\"position\":1,\"name\":\"Domovsk\u00e1 str\u00e1nka\",\"item\":\"https:\/\/www.smedemokrati.sk\/\"},{\"@type\":\"ListItem\",\"position\":2,\"name\":\"Robert Fico n\u00e1s chce opi\u0165 ro\u017ekom\"}]},{\"@type\":\"WebSite\",\"@id\":\"https:\/\/www.smedemokrati.sk\/#website\",\"url\":\"https:\/\/www.smedemokrati.sk\/\",\"name\":\"Smedemokrati.sk\",\"description\":\"Demokracia a slu\u0161nos\u0165 zv\u00ed\u0165az\u00ed\",\"publisher\":{\"@id\":\"https:\/\/www.smedemokrati.sk\/#organization\"},\"potentialAction\":[{\"@type\":\"SearchAction\",\"target\":{\"@type\":\"EntryPoint\",\"urlTemplate\":\"https:\/\/www.smedemokrati.sk\/?s={search_term_string}\"},\"query-input\":{\"@type\":\"PropertyValueSpecification\",\"valueRequired\":true,\"valueName\":\"search_term_string\"}}],\"inLanguage\":\"hu-HU\"},{\"@type\":\"Organization\",\"@id\":\"https:\/\/www.smedemokrati.sk\/#organization\",\"name\":\"Smedemokrati.sk\",\"url\":\"https:\/\/www.smedemokrati.sk\/\",\"logo\":{\"@type\":\"ImageObject\",\"inLanguage\":\"hu-HU\",\"@id\":\"https:\/\/www.smedemokrati.sk\/#\/schema\/logo\/image\/\",\"url\":\"https:\/\/www.smedemokrati.sk\/wp-content\/uploads\/2023\/04\/ff.002.jpeg\",\"contentUrl\":\"https:\/\/www.smedemokrati.sk\/wp-content\/uploads\/2023\/04\/ff.002.jpeg\",\"width\":640,\"height\":480,\"caption\":\"Smedemokrati.sk\"},\"image\":{\"@id\":\"https:\/\/www.smedemokrati.sk\/#\/schema\/logo\/image\/\"},\"sameAs\":[\"https:\/\/www.facebook.com\/smedemokrati2023\"]},{\"@type\":\"Person\",\"@id\":\"https:\/\/www.smedemokrati.sk\/#\/schema\/person\/21f147c88d605aa7ded900e1e7c344ba\",\"name\":\"miro.sopko\",\"image\":{\"@type\":\"ImageObject\",\"inLanguage\":\"hu-HU\",\"@id\":\"https:\/\/secure.gravatar.com\/avatar\/267e4a36f704376c109afe3a78740c1f5dd8675a2180a908699e7863c9247606?s=96&d=mm&r=g\",\"url\":\"https:\/\/secure.gravatar.com\/avatar\/267e4a36f704376c109afe3a78740c1f5dd8675a2180a908699e7863c9247606?s=96&d=mm&r=g\",\"contentUrl\":\"https:\/\/secure.gravatar.com\/avatar\/267e4a36f704376c109afe3a78740c1f5dd8675a2180a908699e7863c9247606?s=96&d=mm&r=g\",\"caption\":\"miro.sopko\"},\"url\":\"https:\/\/www.smedemokrati.sk\/hu\/author\/miro-sopko\/\"}]}<\/script>\n<!-- \/ Yoast SEO plugin. -->","yoast_head_json":{"title":"Robert Fico n\u00e1s chce opi\u0165 ro\u017ekom","robots":{"index":"index","follow":"follow","max-snippet":"max-snippet:-1","max-image-preview":"max-image-preview:large","max-video-preview":"max-video-preview:-1"},"canonical":"https:\/\/www.smedemokrati.sk\/hu\/robert-fico-nas-chce-opit-rozkom\/","og_locale":"hu_HU","og_type":"article","og_title":"[:sk]Robert Fico n\u00e1s chce opi\u0165 ro\u017ekom[:] - Smedemokrati.sk","og_description":"Dnes, potom ako Demokrati priniesli Robertovi Ficovi na \u00darad vl\u00e1dy luxusn\u00e9 ra\u0148ajky \u2013 ro\u017eok s&nbsp;maslom, mal predseda vl\u00e1dy stretnutie so z\u00e1stupcami potravin\u00e1rov. Po tomto stretnut\u00ed Robert Fico vyhl\u00e1sil, \u017ee ceny potrav\u00edn klesn\u00fa, preto\u017ee bude ni\u017e\u0161ia DPH na z\u00e1kladn\u00e9 potraviny. Je to zo strany p\u00e1na premi\u00e9ra hrub\u00e9 zav\u00e1dzanie a&nbsp;snaha opi\u0165 slovensk\u00fa verejnos\u0165 ro\u017ekom. Ceny potrav\u00edn nep\u00f4jdu [&hellip;]","og_url":"https:\/\/www.smedemokrati.sk\/hu\/robert-fico-nas-chce-opit-rozkom\/","og_site_name":"Smedemokrati.sk","article_publisher":"https:\/\/www.facebook.com\/smedemokrati2023","article_published_time":"2024-10-11T18:41:09+00:00","article_modified_time":"2024-10-22T10:06:13+00:00","og_image":[{"width":984,"height":636,"url":"https:\/\/www.smedemokrati.sk\/wp-content\/uploads\/2024\/10\/fico-rozok.jpg","type":"image\/jpeg"}],"author":"miro.sopko","twitter_card":"summary_large_image","twitter_misc":{"Szerz\u0151:":"miro.sopko","Becs\u00fclt olvas\u00e1si id\u0151":"3 perc"},"schema":{"@context":"https:\/\/schema.org","@graph":[{"@type":"Article","@id":"https:\/\/www.smedemokrati.sk\/robert-fico-nas-chce-opit-rozkom\/#article","isPartOf":{"@id":"https:\/\/www.smedemokrati.sk\/robert-fico-nas-chce-opit-rozkom\/"},"author":{"name":"miro.sopko","@id":"https:\/\/www.smedemokrati.sk\/#\/schema\/person\/21f147c88d605aa7ded900e1e7c344ba"},"headline":"Robert Fico n\u00e1s chce opi\u0165 ro\u017ekom","datePublished":"2024-10-11T18:41:09+00:00","dateModified":"2024-10-22T10:06:13+00:00","mainEntityOfPage":{"@id":"https:\/\/www.smedemokrati.sk\/robert-fico-nas-chce-opit-rozkom\/"},"wordCount":609,"publisher":{"@id":"https:\/\/www.smedemokrati.sk\/#organization"},"image":{"@id":"https:\/\/www.smedemokrati.sk\/robert-fico-nas-chce-opit-rozkom\/#primaryimage"},"thumbnailUrl":"https:\/\/www.smedemokrati.sk\/wp-content\/uploads\/2024\/10\/fico-rozok.jpg","articleSection":["Tla\u010dov\u00e9 spr\u00e1vy"],"inLanguage":"hu-HU"},{"@type":"WebPage","@id":"https:\/\/www.smedemokrati.sk\/robert-fico-nas-chce-opit-rozkom\/","url":"https:\/\/www.smedemokrati.sk\/robert-fico-nas-chce-opit-rozkom\/","name":"Robert Fico n\u00e1s chce opi\u0165 ro\u017ekom","isPartOf":{"@id":"https:\/\/www.smedemokrati.sk\/#website"},"primaryImageOfPage":{"@id":"https:\/\/www.smedemokrati.sk\/robert-fico-nas-chce-opit-rozkom\/#primaryimage"},"image":{"@id":"https:\/\/www.smedemokrati.sk\/robert-fico-nas-chce-opit-rozkom\/#primaryimage"},"thumbnailUrl":"https:\/\/www.smedemokrati.sk\/wp-content\/uploads\/2024\/10\/fico-rozok.jpg","datePublished":"2024-10-11T18:41:09+00:00","dateModified":"2024-10-22T10:06:13+00:00","breadcrumb":{"@id":"https:\/\/www.smedemokrati.sk\/robert-fico-nas-chce-opit-rozkom\/#breadcrumb"},"inLanguage":"hu-HU","potentialAction":[{"@type":"ReadAction","target":["https:\/\/www.smedemokrati.sk\/robert-fico-nas-chce-opit-rozkom\/"]}]},{"@type":"ImageObject","inLanguage":"hu-HU","@id":"https:\/\/www.smedemokrati.sk\/robert-fico-nas-chce-opit-rozkom\/#primaryimage","url":"https:\/\/www.smedemokrati.sk\/wp-content\/uploads\/2024\/10\/fico-rozok.jpg","contentUrl":"https:\/\/www.smedemokrati.sk\/wp-content\/uploads\/2024\/10\/fico-rozok.jpg","width":984,"height":636},{"@type":"BreadcrumbList","@id":"https:\/\/www.smedemokrati.sk\/robert-fico-nas-chce-opit-rozkom\/#breadcrumb","itemListElement":[{"@type":"ListItem","position":1,"name":"Domovsk\u00e1 str\u00e1nka","item":"https:\/\/www.smedemokrati.sk\/"},{"@type":"ListItem","position":2,"name":"Robert Fico n\u00e1s chce opi\u0165 ro\u017ekom"}]},{"@type":"WebSite","@id":"https:\/\/www.smedemokrati.sk\/#website","url":"https:\/\/www.smedemokrati.sk\/","name":"Smedemokrati.sk","description":"Demokracia a slu\u0161nos\u0165 zv\u00ed\u0165az\u00ed","publisher":{"@id":"https:\/\/www.smedemokrati.sk\/#organization"},"potentialAction":[{"@type":"SearchAction","target":{"@type":"EntryPoint","urlTemplate":"https:\/\/www.smedemokrati.sk\/?s={search_term_string}"},"query-input":{"@type":"PropertyValueSpecification","valueRequired":true,"valueName":"search_term_string"}}],"inLanguage":"hu-HU"},{"@type":"Organization","@id":"https:\/\/www.smedemokrati.sk\/#organization","name":"Smedemokrati.sk","url":"https:\/\/www.smedemokrati.sk\/","logo":{"@type":"ImageObject","inLanguage":"hu-HU","@id":"https:\/\/www.smedemokrati.sk\/#\/schema\/logo\/image\/","url":"https:\/\/www.smedemokrati.sk\/wp-content\/uploads\/2023\/04\/ff.002.jpeg","contentUrl":"https:\/\/www.smedemokrati.sk\/wp-content\/uploads\/2023\/04\/ff.002.jpeg","width":640,"height":480,"caption":"Smedemokrati.sk"},"image":{"@id":"https:\/\/www.smedemokrati.sk\/#\/schema\/logo\/image\/"},"sameAs":["https:\/\/www.facebook.com\/smedemokrati2023"]},{"@type":"Person","@id":"https:\/\/www.smedemokrati.sk\/#\/schema\/person\/21f147c88d605aa7ded900e1e7c344ba","name":"miro.sopko","image":{"@type":"ImageObject","inLanguage":"hu-HU","@id":"https:\/\/secure.gravatar.com\/avatar\/267e4a36f704376c109afe3a78740c1f5dd8675a2180a908699e7863c9247606?s=96&d=mm&r=g","url":"https:\/\/secure.gravatar.com\/avatar\/267e4a36f704376c109afe3a78740c1f5dd8675a2180a908699e7863c9247606?s=96&d=mm&r=g","contentUrl":"https:\/\/secure.gravatar.com\/avatar\/267e4a36f704376c109afe3a78740c1f5dd8675a2180a908699e7863c9247606?s=96&d=mm&r=g","caption":"miro.sopko"},"url":"https:\/\/www.smedemokrati.sk\/hu\/author\/miro-sopko\/"}]}},"_links":{"self":[{"href":"https:\/\/www.smedemokrati.sk\/hu\/wp-json\/wp\/v2\/posts\/5328","targetHints":{"allow":["GET"]}}],"collection":[{"href":"https:\/\/www.smedemokrati.sk\/hu\/wp-json\/wp\/v2\/posts"}],"about":[{"href":"https:\/\/www.smedemokrati.sk\/hu\/wp-json\/wp\/v2\/types\/post"}],"author":[{"embeddable":true,"href":"https:\/\/www.smedemokrati.sk\/hu\/wp-json\/wp\/v2\/users\/13"}],"replies":[{"embeddable":true,"href":"https:\/\/www.smedemokrati.sk\/hu\/wp-json\/wp\/v2\/comments?post=5328"}],"version-history":[{"count":1,"href":"https:\/\/www.smedemokrati.sk\/hu\/wp-json\/wp\/v2\/posts\/5328\/revisions"}],"predecessor-version":[{"id":5330,"href":"https:\/\/www.smedemokrati.sk\/hu\/wp-json\/wp\/v2\/posts\/5328\/revisions\/5330"}],"wp:featuredmedia":[{"embeddable":true,"href":"https:\/\/www.smedemokrati.sk\/hu\/wp-json\/wp\/v2\/media\/5329"}],"wp:attachment":[{"href":"https:\/\/www.smedemokrati.sk\/hu\/wp-json\/wp\/v2\/media?parent=5328"}],"wp:term":[{"taxonomy":"category","embeddable":true,"href":"https:\/\/www.smedemokrati.sk\/hu\/wp-json\/wp\/v2\/categories?post=5328"},{"taxonomy":"post_tag","embeddable":true,"href":"https:\/\/www.smedemokrati.sk\/hu\/wp-json\/wp\/v2\/tags?post=5328"}],"curies":[{"name":"wp","href":"https:\/\/api.w.org\/{rel}","templated":true}]}}