{"id":5274,"date":"2024-10-04T14:33:55","date_gmt":"2024-10-04T13:33:55","guid":{"rendered":"https:\/\/www.smedemokrati.sk\/?p=5274"},"modified":"2024-10-11T12:29:48","modified_gmt":"2024-10-11T11:29:48","slug":"spisy-ku-mafianskym-ale-tiez-smerackym-kauzam-nemaju-po-zruseni-naka-dodnes-svojho-vysetrovatela","status":"publish","type":"post","link":"https:\/\/www.smedemokrati.sk\/hu\/spisy-ku-mafianskym-ale-tiez-smerackym-kauzam-nemaju-po-zruseni-naka-dodnes-svojho-vysetrovatela\/","title":{"rendered":"Spisy ku mafi\u00e1nskym ale tie\u017e smer\u00e1ckym kauz\u00e1m nemaj\u00fa po zru\u0161en\u00ed NAKA dodnes svojho vy\u0161etrovate\u013ea"},"content":{"rendered":"<div id=\"fb-root\"><\/div>\n\n<p><strong>NAKA bola zru\u0161en\u00e1 nez\u00e1konne a navy\u0161e, do dne\u0161n\u00e9ho d\u0148a po tom, ako boli preraden\u00ed jednotliv\u00ed vy\u0161etrovatelia mimo svojej expert\u00edzy, neboli spisy riadne odovzdan\u00e9. T\u00fdka\u0165 sa maj\u00fa z\u00e1va\u017enej trestnej \u010dinnosti a podozren\u00ed, ktor\u00e9 smeruj\u00fa k vysok\u00fdm \u0161t\u00e1tnym predstavite\u013eom, napr\u00edklad strany Smer.&nbsp;<\/strong><\/p>\n\n\n\n<p><em>\u201ePodozrenia z korupcie, vr\u00e1\u017ed, \u0161ikanovania, ale aj zneu\u017e\u00edvania pr\u00e1vomoc\u00ed verejn\u00e9ho \u010dinite\u013ea. Tohto v\u0161etk\u00e9ho sa t\u00fdkaj\u00fa spisy, ktor\u00e9 nemaj\u00fa do dne\u0161n\u00e9ho d\u0148a pridelen\u00e9ho vy\u0161etrovate\u013ea. M\u00f4\u017eeme sa domnieva\u0165, \u017ee toto bolo cie\u013eom NAKA &#8211; zamies\u0165 pod koberec tie najv\u00e4\u010d\u0161ie obludnosti mafi\u00e1nskych skup\u00edn ale aj politikov, ktor\u00ed dnes sedia vo vl\u00e1de, alebo s\u00fa na najvy\u0161\u0161\u00edch \u0161t\u00e1tnych miestach,&#8221;\u00a0<\/em>otv\u00e1ra t\u00e9mu expert na pr\u00e1vo a spravodlivos\u0165 Juraj \u0160eliga, ktor\u00fd u\u017e v minulosti ozna\u010dil zru\u0161enie NAKA za nez\u00e1konn\u00e9, a to z d\u00f4vodu, \u017ee tento krok nebol riadne prerokovan\u00fd s odbormi tak, ako to k\u00e1\u017ee z\u00e1kon.<\/p>\n\n\n\n<p><em>\u201eHovor\u00edm o zn\u00e1mych kauz\u00e1ch, v ktor\u00fdch figuruje dnes Ficov poradca advok\u00e1t Para, podpredseda NR SR Ga\u0161par, ale aj fan\u00fa\u0161ik tejto vl\u00e1dy Bodor alebo Mak\u00f3. Nikto si nem\u00f4\u017ee myslie\u0165, \u017ee je to n\u00e1hoda,&#8221;<\/em>\u00a0hovor\u00ed \u0160eliga a vysvet\u013euje, \u017ee touto ne\u010dinnos\u0165ou resp. z\u00e1mern\u00fdm neodovzdan\u00edm spisov s\u00fa ohrozen\u00e9 z\u00e1ujmy \u0161t\u00e1tu na vy\u0161etrovan\u00ed trestnej \u010dinnosti ale tie\u017e poru\u0161ovan\u00e9 pr\u00e1va jednotliv\u00fdch svedkov, obvinen\u00fdch a spolupracuj\u00facich.\u00a0<em>\u201eToto nem\u00f4\u017eeme necha\u0165 len tak. Obraciam sa preto napr\u00edklad na N\u00e1rodn\u00fd bezpe\u010dnostn\u00fd \u00farad, aby pre\u0161etril, ako je nakladan\u00e9 s utajovan\u00fdmi skuto\u010dnos\u0165ami. Rovnako sa tie\u017e p\u00fdtam ministra \u0160utaj E\u0161toka a \u0161\u00e9fa policajnej in\u0161pekcie Zuriana, kedy m\u00f4\u017eeme o\u010dak\u00e1va\u0165 vysvetlenie, preto\u017ee ak treba okyd\u00e1va\u0165 opoz\u00edciu, k tomu urobia okam\u017eite tla\u010dovku, ale ke\u010f sa nie\u010do t\u00fdka ich vlastn\u00fdch pochyben\u00ed, ml\u010dia. D\u00e1my a p\u00e1ni toto je rozpad bezpe\u010dnostn\u00fdch zlo\u017eiek v priamom prenose. Chaos, \u0161ikana, nez\u00e1konnos\u0165 a odch\u00e1dzaj\u00faci policajti.&#8221;\u00a0<\/em>uzatv\u00e1ra Juraj \u0160eliga.<\/p>\n\n\n<div class=\"fb-video\" data-href=\"https:\/\/fb.watch\/u-uigSO8YC\" data-allowfullscreen=\"true\" data-autoplay=\"false\" data-width=\"\" data-show-text=\"false\" data-show-captions=\"true\"><\/div>\n","protected":false},"excerpt":{"rendered":"<p>NAKA bola zru\u0161en\u00e1 nez\u00e1konne a navy\u0161e, do dne\u0161n\u00e9ho d\u0148a po tom, ako boli preraden\u00ed jednotliv\u00ed vy\u0161etrovatelia mimo svojej expert\u00edzy, neboli spisy riadne odovzdan\u00e9. T\u00fdka\u0165 sa maj\u00fa z\u00e1va\u017enej trestnej \u010dinnosti a podozren\u00ed, ktor\u00e9 smeruj\u00fa k vysok\u00fdm \u0161t\u00e1tnym predstavite\u013eom, napr\u00edklad strany Smer.&nbsp; \u201ePodozrenia z korupcie, vr\u00e1\u017ed, \u0161ikanovania, ale aj zneu\u017e\u00edvania pr\u00e1vomoc\u00ed verejn\u00e9ho \u010dinite\u013ea. Tohto v\u0161etk\u00e9ho sa t\u00fdkaj\u00fa [&hellip;]<\/p>\n","protected":false},"author":13,"featured_media":5275,"comment_status":"closed","ping_status":"closed","sticky":false,"template":"","format":"standard","meta":{"_acf_changed":false,"ngg_post_thumbnail":0,"footnotes":""},"categories":[4],"tags":[],"class_list":["post-5274","post","type-post","status-publish","format-standard","has-post-thumbnail","hentry","category-tlacove-spravy"],"acf":[],"yoast_head":"<!-- This site is optimized with the Yoast SEO plugin v27.2 - https:\/\/yoast.com\/product\/yoast-seo-wordpress\/ -->\n<title>Spisy ku mafi\u00e1nskym ale tie\u017e smer\u00e1ckym kauz\u00e1m nemaj\u00fa po zru\u0161en\u00ed NAKA dodnes svojho vy\u0161etrovate\u013ea<\/title>\n<meta name=\"robots\" content=\"index, follow, max-snippet:-1, max-image-preview:large, max-video-preview:-1\" \/>\n<link rel=\"canonical\" href=\"https:\/\/www.smedemokrati.sk\/hu\/spisy-ku-mafianskym-ale-tiez-smerackym-kauzam-nemaju-po-zruseni-naka-dodnes-svojho-vysetrovatela\/\" \/>\n<meta property=\"og:locale\" content=\"hu_HU\" \/>\n<meta property=\"og:locale:alternate\" content=\"en_US\" \/>\n<meta property=\"og:locale:alternate\" content=\"cs_CZ\" \/>\n<meta property=\"og:locale:alternate\" content=\"sk_SK\" \/>\n<meta property=\"og:locale:alternate\" content=\"sv_SE\" \/>\n<meta property=\"og:type\" content=\"article\" \/>\n<meta property=\"og:title\" content=\"Spisy ku mafi\u00e1nskym ale tie\u017e smer\u00e1ckym kauz\u00e1m nemaj\u00fa po zru\u0161en\u00ed NAKA dodnes svojho vy\u0161etrovate\u013ea\" \/>\n<meta property=\"og:description\" content=\"NAKA bola zru\u0161en\u00e1 nez\u00e1konne a navy\u0161e, do dne\u0161n\u00e9ho d\u0148a po tom, ako boli preraden\u00ed jednotliv\u00ed vy\u0161etrovatelia mimo svojej expert\u00edzy, neboli spisy riadne odovzdan\u00e9. T\u00fdka\u0165 sa maj\u00fa z\u00e1va\u017enej trestnej \u010dinnosti a podozren\u00ed, ktor\u00e9 smeruj\u00fa k vysok\u00fdm \u0161t\u00e1tnym predstavite\u013eom, napr\u00edklad strany Smer.&nbsp; \u201ePodozrenia z korupcie, vr\u00e1\u017ed, \u0161ikanovania, ale aj zneu\u017e\u00edvania pr\u00e1vomoc\u00ed verejn\u00e9ho \u010dinite\u013ea. Tohto v\u0161etk\u00e9ho sa t\u00fdkaj\u00fa [&hellip;]\" \/>\n<meta property=\"og:url\" content=\"https:\/\/www.smedemokrati.sk\/hu\/spisy-ku-mafianskym-ale-tiez-smerackym-kauzam-nemaju-po-zruseni-naka-dodnes-svojho-vysetrovatela\/\" \/>\n<meta property=\"og:site_name\" content=\"Smedemokrati.sk\" \/>\n<meta property=\"article:publisher\" content=\"https:\/\/www.facebook.com\/smedemokrati2023\" \/>\n<meta property=\"article:published_time\" content=\"2024-10-04T13:33:55+00:00\" \/>\n<meta property=\"article:modified_time\" content=\"2024-10-11T11:29:48+00:00\" \/>\n<meta property=\"og:image\" content=\"https:\/\/www.smedemokrati.sk\/wp-content\/uploads\/2024\/10\/seliga-naka.jpg\" \/>\n\t<meta property=\"og:image:width\" content=\"814\" \/>\n\t<meta property=\"og:image:height\" content=\"479\" \/>\n\t<meta property=\"og:image:type\" content=\"image\/jpeg\" \/>\n<meta name=\"author\" content=\"miro.sopko\" \/>\n<meta name=\"twitter:card\" content=\"summary_large_image\" \/>\n<meta name=\"twitter:label1\" content=\"Szerz\u0151:\" \/>\n\t<meta name=\"twitter:data1\" content=\"miro.sopko\" \/>\n\t<meta name=\"twitter:label2\" content=\"Becs\u00fclt olvas\u00e1si id\u0151\" \/>\n\t<meta name=\"twitter:data2\" content=\"2 perc\" \/>\n<script type=\"application\/ld+json\" class=\"yoast-schema-graph\">{\"@context\":\"https:\/\/schema.org\",\"@graph\":[{\"@type\":\"Article\",\"@id\":\"https:\/\/www.smedemokrati.sk\/spisy-ku-mafianskym-ale-tiez-smerackym-kauzam-nemaju-po-zruseni-naka-dodnes-svojho-vysetrovatela\/#article\",\"isPartOf\":{\"@id\":\"https:\/\/www.smedemokrati.sk\/spisy-ku-mafianskym-ale-tiez-smerackym-kauzam-nemaju-po-zruseni-naka-dodnes-svojho-vysetrovatela\/\"},\"author\":{\"name\":\"miro.sopko\",\"@id\":\"https:\/\/www.smedemokrati.sk\/#\/schema\/person\/21f147c88d605aa7ded900e1e7c344ba\"},\"headline\":\"Spisy ku mafi\u00e1nskym ale tie\u017e smer\u00e1ckym kauz\u00e1m nemaj\u00fa po zru\u0161en\u00ed NAKA dodnes svojho vy\u0161etrovate\u013ea\",\"datePublished\":\"2024-10-04T13:33:55+00:00\",\"dateModified\":\"2024-10-11T11:29:48+00:00\",\"mainEntityOfPage\":{\"@id\":\"https:\/\/www.smedemokrati.sk\/spisy-ku-mafianskym-ale-tiez-smerackym-kauzam-nemaju-po-zruseni-naka-dodnes-svojho-vysetrovatela\/\"},\"wordCount\":399,\"publisher\":{\"@id\":\"https:\/\/www.smedemokrati.sk\/#organization\"},\"image\":{\"@id\":\"https:\/\/www.smedemokrati.sk\/spisy-ku-mafianskym-ale-tiez-smerackym-kauzam-nemaju-po-zruseni-naka-dodnes-svojho-vysetrovatela\/#primaryimage\"},\"thumbnailUrl\":\"https:\/\/www.smedemokrati.sk\/wp-content\/uploads\/2024\/10\/seliga-naka.jpg\",\"articleSection\":[\"Tla\u010dov\u00e9 spr\u00e1vy\"],\"inLanguage\":\"hu-HU\"},{\"@type\":\"WebPage\",\"@id\":\"https:\/\/www.smedemokrati.sk\/spisy-ku-mafianskym-ale-tiez-smerackym-kauzam-nemaju-po-zruseni-naka-dodnes-svojho-vysetrovatela\/\",\"url\":\"https:\/\/www.smedemokrati.sk\/spisy-ku-mafianskym-ale-tiez-smerackym-kauzam-nemaju-po-zruseni-naka-dodnes-svojho-vysetrovatela\/\",\"name\":\"Spisy ku mafi\u00e1nskym ale tie\u017e smer\u00e1ckym kauz\u00e1m nemaj\u00fa po zru\u0161en\u00ed NAKA dodnes svojho vy\u0161etrovate\u013ea\",\"isPartOf\":{\"@id\":\"https:\/\/www.smedemokrati.sk\/#website\"},\"primaryImageOfPage\":{\"@id\":\"https:\/\/www.smedemokrati.sk\/spisy-ku-mafianskym-ale-tiez-smerackym-kauzam-nemaju-po-zruseni-naka-dodnes-svojho-vysetrovatela\/#primaryimage\"},\"image\":{\"@id\":\"https:\/\/www.smedemokrati.sk\/spisy-ku-mafianskym-ale-tiez-smerackym-kauzam-nemaju-po-zruseni-naka-dodnes-svojho-vysetrovatela\/#primaryimage\"},\"thumbnailUrl\":\"https:\/\/www.smedemokrati.sk\/wp-content\/uploads\/2024\/10\/seliga-naka.jpg\",\"datePublished\":\"2024-10-04T13:33:55+00:00\",\"dateModified\":\"2024-10-11T11:29:48+00:00\",\"breadcrumb\":{\"@id\":\"https:\/\/www.smedemokrati.sk\/spisy-ku-mafianskym-ale-tiez-smerackym-kauzam-nemaju-po-zruseni-naka-dodnes-svojho-vysetrovatela\/#breadcrumb\"},\"inLanguage\":\"hu-HU\",\"potentialAction\":[{\"@type\":\"ReadAction\",\"target\":[\"https:\/\/www.smedemokrati.sk\/spisy-ku-mafianskym-ale-tiez-smerackym-kauzam-nemaju-po-zruseni-naka-dodnes-svojho-vysetrovatela\/\"]}]},{\"@type\":\"ImageObject\",\"inLanguage\":\"hu-HU\",\"@id\":\"https:\/\/www.smedemokrati.sk\/spisy-ku-mafianskym-ale-tiez-smerackym-kauzam-nemaju-po-zruseni-naka-dodnes-svojho-vysetrovatela\/#primaryimage\",\"url\":\"https:\/\/www.smedemokrati.sk\/wp-content\/uploads\/2024\/10\/seliga-naka.jpg\",\"contentUrl\":\"https:\/\/www.smedemokrati.sk\/wp-content\/uploads\/2024\/10\/seliga-naka.jpg\",\"width\":814,\"height\":479},{\"@type\":\"BreadcrumbList\",\"@id\":\"https:\/\/www.smedemokrati.sk\/spisy-ku-mafianskym-ale-tiez-smerackym-kauzam-nemaju-po-zruseni-naka-dodnes-svojho-vysetrovatela\/#breadcrumb\",\"itemListElement\":[{\"@type\":\"ListItem\",\"position\":1,\"name\":\"Domovsk\u00e1 str\u00e1nka\",\"item\":\"https:\/\/www.smedemokrati.sk\/\"},{\"@type\":\"ListItem\",\"position\":2,\"name\":\"Spisy ku mafi\u00e1nskym ale tie\u017e smer\u00e1ckym kauz\u00e1m nemaj\u00fa po zru\u0161en\u00ed NAKA dodnes svojho vy\u0161etrovate\u013ea\"}]},{\"@type\":\"WebSite\",\"@id\":\"https:\/\/www.smedemokrati.sk\/#website\",\"url\":\"https:\/\/www.smedemokrati.sk\/\",\"name\":\"Smedemokrati.sk\",\"description\":\"Demokracia a slu\u0161nos\u0165 zv\u00ed\u0165az\u00ed\",\"publisher\":{\"@id\":\"https:\/\/www.smedemokrati.sk\/#organization\"},\"potentialAction\":[{\"@type\":\"SearchAction\",\"target\":{\"@type\":\"EntryPoint\",\"urlTemplate\":\"https:\/\/www.smedemokrati.sk\/?s={search_term_string}\"},\"query-input\":{\"@type\":\"PropertyValueSpecification\",\"valueRequired\":true,\"valueName\":\"search_term_string\"}}],\"inLanguage\":\"hu-HU\"},{\"@type\":\"Organization\",\"@id\":\"https:\/\/www.smedemokrati.sk\/#organization\",\"name\":\"Smedemokrati.sk\",\"url\":\"https:\/\/www.smedemokrati.sk\/\",\"logo\":{\"@type\":\"ImageObject\",\"inLanguage\":\"hu-HU\",\"@id\":\"https:\/\/www.smedemokrati.sk\/#\/schema\/logo\/image\/\",\"url\":\"https:\/\/www.smedemokrati.sk\/wp-content\/uploads\/2023\/04\/ff.002.jpeg\",\"contentUrl\":\"https:\/\/www.smedemokrati.sk\/wp-content\/uploads\/2023\/04\/ff.002.jpeg\",\"width\":640,\"height\":480,\"caption\":\"Smedemokrati.sk\"},\"image\":{\"@id\":\"https:\/\/www.smedemokrati.sk\/#\/schema\/logo\/image\/\"},\"sameAs\":[\"https:\/\/www.facebook.com\/smedemokrati2023\"]},{\"@type\":\"Person\",\"@id\":\"https:\/\/www.smedemokrati.sk\/#\/schema\/person\/21f147c88d605aa7ded900e1e7c344ba\",\"name\":\"miro.sopko\",\"image\":{\"@type\":\"ImageObject\",\"inLanguage\":\"hu-HU\",\"@id\":\"https:\/\/secure.gravatar.com\/avatar\/267e4a36f704376c109afe3a78740c1f5dd8675a2180a908699e7863c9247606?s=96&d=mm&r=g\",\"url\":\"https:\/\/secure.gravatar.com\/avatar\/267e4a36f704376c109afe3a78740c1f5dd8675a2180a908699e7863c9247606?s=96&d=mm&r=g\",\"contentUrl\":\"https:\/\/secure.gravatar.com\/avatar\/267e4a36f704376c109afe3a78740c1f5dd8675a2180a908699e7863c9247606?s=96&d=mm&r=g\",\"caption\":\"miro.sopko\"},\"url\":\"https:\/\/www.smedemokrati.sk\/hu\/author\/miro-sopko\/\"}]}<\/script>\n<!-- \/ Yoast SEO plugin. -->","yoast_head_json":{"title":"Spisy ku mafi\u00e1nskym ale tie\u017e smer\u00e1ckym kauz\u00e1m nemaj\u00fa po zru\u0161en\u00ed NAKA dodnes svojho vy\u0161etrovate\u013ea","robots":{"index":"index","follow":"follow","max-snippet":"max-snippet:-1","max-image-preview":"max-image-preview:large","max-video-preview":"max-video-preview:-1"},"canonical":"https:\/\/www.smedemokrati.sk\/hu\/spisy-ku-mafianskym-ale-tiez-smerackym-kauzam-nemaju-po-zruseni-naka-dodnes-svojho-vysetrovatela\/","og_locale":"hu_HU","og_type":"article","og_title":"[:sk]Spisy ku mafi\u00e1nskym ale tie\u017e smer\u00e1ckym kauz\u00e1m nemaj\u00fa po zru\u0161en\u00ed NAKA dodnes svojho vy\u0161etrovate\u013ea[:] - Smedemokrati.sk","og_description":"NAKA bola zru\u0161en\u00e1 nez\u00e1konne a navy\u0161e, do dne\u0161n\u00e9ho d\u0148a po tom, ako boli preraden\u00ed jednotliv\u00ed vy\u0161etrovatelia mimo svojej expert\u00edzy, neboli spisy riadne odovzdan\u00e9. T\u00fdka\u0165 sa maj\u00fa z\u00e1va\u017enej trestnej \u010dinnosti a podozren\u00ed, ktor\u00e9 smeruj\u00fa k vysok\u00fdm \u0161t\u00e1tnym predstavite\u013eom, napr\u00edklad strany Smer.&nbsp; \u201ePodozrenia z korupcie, vr\u00e1\u017ed, \u0161ikanovania, ale aj zneu\u017e\u00edvania pr\u00e1vomoc\u00ed verejn\u00e9ho \u010dinite\u013ea. Tohto v\u0161etk\u00e9ho sa t\u00fdkaj\u00fa [&hellip;]","og_url":"https:\/\/www.smedemokrati.sk\/hu\/spisy-ku-mafianskym-ale-tiez-smerackym-kauzam-nemaju-po-zruseni-naka-dodnes-svojho-vysetrovatela\/","og_site_name":"Smedemokrati.sk","article_publisher":"https:\/\/www.facebook.com\/smedemokrati2023","article_published_time":"2024-10-04T13:33:55+00:00","article_modified_time":"2024-10-11T11:29:48+00:00","og_image":[{"width":814,"height":479,"url":"https:\/\/www.smedemokrati.sk\/wp-content\/uploads\/2024\/10\/seliga-naka.jpg","type":"image\/jpeg"}],"author":"miro.sopko","twitter_card":"summary_large_image","twitter_misc":{"Szerz\u0151:":"miro.sopko","Becs\u00fclt olvas\u00e1si id\u0151":"2 perc"},"schema":{"@context":"https:\/\/schema.org","@graph":[{"@type":"Article","@id":"https:\/\/www.smedemokrati.sk\/spisy-ku-mafianskym-ale-tiez-smerackym-kauzam-nemaju-po-zruseni-naka-dodnes-svojho-vysetrovatela\/#article","isPartOf":{"@id":"https:\/\/www.smedemokrati.sk\/spisy-ku-mafianskym-ale-tiez-smerackym-kauzam-nemaju-po-zruseni-naka-dodnes-svojho-vysetrovatela\/"},"author":{"name":"miro.sopko","@id":"https:\/\/www.smedemokrati.sk\/#\/schema\/person\/21f147c88d605aa7ded900e1e7c344ba"},"headline":"Spisy ku mafi\u00e1nskym ale tie\u017e smer\u00e1ckym kauz\u00e1m nemaj\u00fa po zru\u0161en\u00ed NAKA dodnes svojho vy\u0161etrovate\u013ea","datePublished":"2024-10-04T13:33:55+00:00","dateModified":"2024-10-11T11:29:48+00:00","mainEntityOfPage":{"@id":"https:\/\/www.smedemokrati.sk\/spisy-ku-mafianskym-ale-tiez-smerackym-kauzam-nemaju-po-zruseni-naka-dodnes-svojho-vysetrovatela\/"},"wordCount":399,"publisher":{"@id":"https:\/\/www.smedemokrati.sk\/#organization"},"image":{"@id":"https:\/\/www.smedemokrati.sk\/spisy-ku-mafianskym-ale-tiez-smerackym-kauzam-nemaju-po-zruseni-naka-dodnes-svojho-vysetrovatela\/#primaryimage"},"thumbnailUrl":"https:\/\/www.smedemokrati.sk\/wp-content\/uploads\/2024\/10\/seliga-naka.jpg","articleSection":["Tla\u010dov\u00e9 spr\u00e1vy"],"inLanguage":"hu-HU"},{"@type":"WebPage","@id":"https:\/\/www.smedemokrati.sk\/spisy-ku-mafianskym-ale-tiez-smerackym-kauzam-nemaju-po-zruseni-naka-dodnes-svojho-vysetrovatela\/","url":"https:\/\/www.smedemokrati.sk\/spisy-ku-mafianskym-ale-tiez-smerackym-kauzam-nemaju-po-zruseni-naka-dodnes-svojho-vysetrovatela\/","name":"Spisy ku mafi\u00e1nskym ale tie\u017e smer\u00e1ckym kauz\u00e1m nemaj\u00fa po zru\u0161en\u00ed NAKA dodnes svojho vy\u0161etrovate\u013ea","isPartOf":{"@id":"https:\/\/www.smedemokrati.sk\/#website"},"primaryImageOfPage":{"@id":"https:\/\/www.smedemokrati.sk\/spisy-ku-mafianskym-ale-tiez-smerackym-kauzam-nemaju-po-zruseni-naka-dodnes-svojho-vysetrovatela\/#primaryimage"},"image":{"@id":"https:\/\/www.smedemokrati.sk\/spisy-ku-mafianskym-ale-tiez-smerackym-kauzam-nemaju-po-zruseni-naka-dodnes-svojho-vysetrovatela\/#primaryimage"},"thumbnailUrl":"https:\/\/www.smedemokrati.sk\/wp-content\/uploads\/2024\/10\/seliga-naka.jpg","datePublished":"2024-10-04T13:33:55+00:00","dateModified":"2024-10-11T11:29:48+00:00","breadcrumb":{"@id":"https:\/\/www.smedemokrati.sk\/spisy-ku-mafianskym-ale-tiez-smerackym-kauzam-nemaju-po-zruseni-naka-dodnes-svojho-vysetrovatela\/#breadcrumb"},"inLanguage":"hu-HU","potentialAction":[{"@type":"ReadAction","target":["https:\/\/www.smedemokrati.sk\/spisy-ku-mafianskym-ale-tiez-smerackym-kauzam-nemaju-po-zruseni-naka-dodnes-svojho-vysetrovatela\/"]}]},{"@type":"ImageObject","inLanguage":"hu-HU","@id":"https:\/\/www.smedemokrati.sk\/spisy-ku-mafianskym-ale-tiez-smerackym-kauzam-nemaju-po-zruseni-naka-dodnes-svojho-vysetrovatela\/#primaryimage","url":"https:\/\/www.smedemokrati.sk\/wp-content\/uploads\/2024\/10\/seliga-naka.jpg","contentUrl":"https:\/\/www.smedemokrati.sk\/wp-content\/uploads\/2024\/10\/seliga-naka.jpg","width":814,"height":479},{"@type":"BreadcrumbList","@id":"https:\/\/www.smedemokrati.sk\/spisy-ku-mafianskym-ale-tiez-smerackym-kauzam-nemaju-po-zruseni-naka-dodnes-svojho-vysetrovatela\/#breadcrumb","itemListElement":[{"@type":"ListItem","position":1,"name":"Domovsk\u00e1 str\u00e1nka","item":"https:\/\/www.smedemokrati.sk\/"},{"@type":"ListItem","position":2,"name":"Spisy ku mafi\u00e1nskym ale tie\u017e smer\u00e1ckym kauz\u00e1m nemaj\u00fa po zru\u0161en\u00ed NAKA dodnes svojho vy\u0161etrovate\u013ea"}]},{"@type":"WebSite","@id":"https:\/\/www.smedemokrati.sk\/#website","url":"https:\/\/www.smedemokrati.sk\/","name":"Smedemokrati.sk","description":"Demokracia a slu\u0161nos\u0165 zv\u00ed\u0165az\u00ed","publisher":{"@id":"https:\/\/www.smedemokrati.sk\/#organization"},"potentialAction":[{"@type":"SearchAction","target":{"@type":"EntryPoint","urlTemplate":"https:\/\/www.smedemokrati.sk\/?s={search_term_string}"},"query-input":{"@type":"PropertyValueSpecification","valueRequired":true,"valueName":"search_term_string"}}],"inLanguage":"hu-HU"},{"@type":"Organization","@id":"https:\/\/www.smedemokrati.sk\/#organization","name":"Smedemokrati.sk","url":"https:\/\/www.smedemokrati.sk\/","logo":{"@type":"ImageObject","inLanguage":"hu-HU","@id":"https:\/\/www.smedemokrati.sk\/#\/schema\/logo\/image\/","url":"https:\/\/www.smedemokrati.sk\/wp-content\/uploads\/2023\/04\/ff.002.jpeg","contentUrl":"https:\/\/www.smedemokrati.sk\/wp-content\/uploads\/2023\/04\/ff.002.jpeg","width":640,"height":480,"caption":"Smedemokrati.sk"},"image":{"@id":"https:\/\/www.smedemokrati.sk\/#\/schema\/logo\/image\/"},"sameAs":["https:\/\/www.facebook.com\/smedemokrati2023"]},{"@type":"Person","@id":"https:\/\/www.smedemokrati.sk\/#\/schema\/person\/21f147c88d605aa7ded900e1e7c344ba","name":"miro.sopko","image":{"@type":"ImageObject","inLanguage":"hu-HU","@id":"https:\/\/secure.gravatar.com\/avatar\/267e4a36f704376c109afe3a78740c1f5dd8675a2180a908699e7863c9247606?s=96&d=mm&r=g","url":"https:\/\/secure.gravatar.com\/avatar\/267e4a36f704376c109afe3a78740c1f5dd8675a2180a908699e7863c9247606?s=96&d=mm&r=g","contentUrl":"https:\/\/secure.gravatar.com\/avatar\/267e4a36f704376c109afe3a78740c1f5dd8675a2180a908699e7863c9247606?s=96&d=mm&r=g","caption":"miro.sopko"},"url":"https:\/\/www.smedemokrati.sk\/hu\/author\/miro-sopko\/"}]}},"_links":{"self":[{"href":"https:\/\/www.smedemokrati.sk\/hu\/wp-json\/wp\/v2\/posts\/5274","targetHints":{"allow":["GET"]}}],"collection":[{"href":"https:\/\/www.smedemokrati.sk\/hu\/wp-json\/wp\/v2\/posts"}],"about":[{"href":"https:\/\/www.smedemokrati.sk\/hu\/wp-json\/wp\/v2\/types\/post"}],"author":[{"embeddable":true,"href":"https:\/\/www.smedemokrati.sk\/hu\/wp-json\/wp\/v2\/users\/13"}],"replies":[{"embeddable":true,"href":"https:\/\/www.smedemokrati.sk\/hu\/wp-json\/wp\/v2\/comments?post=5274"}],"version-history":[{"count":1,"href":"https:\/\/www.smedemokrati.sk\/hu\/wp-json\/wp\/v2\/posts\/5274\/revisions"}],"predecessor-version":[{"id":5276,"href":"https:\/\/www.smedemokrati.sk\/hu\/wp-json\/wp\/v2\/posts\/5274\/revisions\/5276"}],"wp:featuredmedia":[{"embeddable":true,"href":"https:\/\/www.smedemokrati.sk\/hu\/wp-json\/wp\/v2\/media\/5275"}],"wp:attachment":[{"href":"https:\/\/www.smedemokrati.sk\/hu\/wp-json\/wp\/v2\/media?parent=5274"}],"wp:term":[{"taxonomy":"category","embeddable":true,"href":"https:\/\/www.smedemokrati.sk\/hu\/wp-json\/wp\/v2\/categories?post=5274"},{"taxonomy":"post_tag","embeddable":true,"href":"https:\/\/www.smedemokrati.sk\/hu\/wp-json\/wp\/v2\/tags?post=5274"}],"curies":[{"name":"wp","href":"https:\/\/api.w.org\/{rel}","templated":true}]}}