{"id":5263,"date":"2024-10-02T16:19:32","date_gmt":"2024-10-02T15:19:32","guid":{"rendered":"https:\/\/www.smedemokrati.sk\/?p=5263"},"modified":"2024-10-18T20:50:34","modified_gmt":"2024-10-18T19:50:34","slug":"dalsia-destabilizacia-policajneho-zboru","status":"publish","type":"post","link":"https:\/\/www.smedemokrati.sk\/hu\/dalsia-destabilizacia-policajneho-zboru\/","title":{"rendered":"\u010eal\u0161ia destabiliz\u00e1cia policajn\u00e9ho zboru"},"content":{"rendered":"<div id=\"fb-root\"><\/div>\n\n<p>\u201e<strong>Priatelia, ale \u0161peci\u00e1lne policajti a policajtky, viete ako chce \u201ekinder mana\u017e\u00e9r\u201c alebo minister \u0160utaj E\u0161tok a Sol\u00e1k najnov\u0161ie stabilizova\u0165 situ\u00e1ciu v policajnom zbore? Po vzore Orb\u00e1na chc\u00fa zak\u00e1za\u0165 policajtom odchod do v\u00fdsluhov\u00e9ho d\u00f4chodku. V jednoduchosti povedan\u00e9, ka\u017ed\u00fd kto nem\u00e1 vek 55 rokov (alebo dokonca 60 rokov) p\u00f4jde nasp\u00e4\u0165 do slu\u017eobn\u00e9ho pomer. Miest v pol\u00edcii je ve\u013ea, tak\u017ee policajti by sa mali kam vr\u00e1ti\u0165. A a\u017e po nadobudnut\u00ed uveden\u00e9ho veku by mali policajti n\u00e1rok na v\u00fdsluhov\u00fd d\u00f4chodok. Ak by policajt odoprel sp\u00e4tn\u00fd n\u00e1stup do zboru, mus\u00ed sa niekde do veku 55 zamestna\u0165 a dovtedy by nemal n\u00e1rok na v\u00fdsluhov\u00fd d\u00f4chodok. Predstavte si 50 ro\u010dn\u00e9ho policajta alebo 60 ro\u010dn\u00e9ho policajta, ako za\u010d\u00edna nov\u00fa kari\u00e9ru&#8230; <\/strong><\/p>\n\n\n\n<p>Je smutn\u00e9, \u017ee miesto norm\u00e1lneho pr\u00edstupu, vytv\u00e1rania dobr\u00fdch podmienok na pr\u00e1cu, p\u00e1ni \u0160utaj E\u0161tok, Sol\u00e1k a Zurian na pol\u00edcii vytvorili atmosf\u00e9ru strachu, \u0161ikanuj\u00fa policajtov a t\u00ed odch\u00e1dzaj\u00fa. Potom im v panike chc\u00fa zapcha\u0165 \u00fasta sto eurami, policajti aj tak odch\u00e1dzaj\u00fa. A teraz h\u013eadaj\u00fa sp\u00f4sob, ako by policajtom natvrdo prik\u00e1zali, \u017ee musia sl\u00fa\u017ei\u0165. Toto by nebola stabiliz\u00e1cia policajn\u00e9ho zboru, ale jeho \u010fal\u0161ia destabiliz\u00e1cia. \u00c1no, faktom je, \u017ee pol\u00edcia sa za rok vedenie \u0160utaja E\u0161toka, Sol\u00e1ka a Zuriana dostala do ve\u013ekej kr\u00edzy a menovan\u00ed nemaj\u00fa \u017eiadnu predstavu, \u010do urobi\u0165 alebo ako ju vyrie\u0161i\u0165. Ani len NAKA nevedeli z\u00e1konn\u00fdm sp\u00f4sobom zru\u0161i\u0165. Pre m\u00e1lo policajtov bude v\u0161ak trpie\u0165 ob\u010dan, napr\u00edklad 4 hodinov\u00fdm \u010dakan\u00edm na policajn\u00fa hliadku. <\/p>\n\n\n\n<p><strong>Toto nie je vedenie policajn\u00e9ho zboru a ministerstva vn\u00fatra, toto je amaterizmus a obrovsk\u00fd hazard, ako s d\u00f4verou a slu\u017ebou policajtov, tak aj bezpe\u010dnos\u0165ou verejnosti. <\/strong><\/p>\n\n\n\n<p>P\u00e1ni \u0160utaj E\u0161tok, Sol\u00e1k a Zurian, je \u010das prizna\u0165 si, \u017ee to nezvl\u00e1date. Nehazardujte s bezpe\u010dnos\u0165ou ob\u010danov.\u201c <\/p>\n\n\n","protected":false},"excerpt":{"rendered":"<p>\u201ePriatelia, ale \u0161peci\u00e1lne policajti a policajtky, viete ako chce \u201ekinder mana\u017e\u00e9r\u201c alebo minister \u0160utaj E\u0161tok a Sol\u00e1k najnov\u0161ie stabilizova\u0165 situ\u00e1ciu v policajnom zbore? Po vzore Orb\u00e1na chc\u00fa zak\u00e1za\u0165 policajtom odchod do v\u00fdsluhov\u00e9ho d\u00f4chodku. V jednoduchosti povedan\u00e9, ka\u017ed\u00fd kto nem\u00e1 vek 55 rokov (alebo dokonca 60 rokov) p\u00f4jde nasp\u00e4\u0165 do slu\u017eobn\u00e9ho pomer. Miest v pol\u00edcii je [&hellip;]<\/p>\n","protected":false},"author":13,"featured_media":5264,"comment_status":"closed","ping_status":"closed","sticky":false,"template":"","format":"standard","meta":{"_acf_changed":false,"ngg_post_thumbnail":0,"footnotes":""},"categories":[11],"tags":[],"class_list":["post-5263","post","type-post","status-publish","format-standard","has-post-thumbnail","hentry","category-vyhlasenia"],"acf":[],"yoast_head":"<!-- This site is optimized with the Yoast SEO plugin v27.2 - https:\/\/yoast.com\/product\/yoast-seo-wordpress\/ -->\n<title>\u010eal\u0161ia destabiliz\u00e1cia policajn\u00e9ho zboru<\/title>\n<meta name=\"robots\" content=\"index, follow, max-snippet:-1, max-image-preview:large, max-video-preview:-1\" \/>\n<link rel=\"canonical\" href=\"https:\/\/www.smedemokrati.sk\/hu\/dalsia-destabilizacia-policajneho-zboru\/\" \/>\n<meta property=\"og:locale\" content=\"hu_HU\" \/>\n<meta property=\"og:locale:alternate\" content=\"en_US\" \/>\n<meta property=\"og:locale:alternate\" content=\"cs_CZ\" \/>\n<meta property=\"og:locale:alternate\" content=\"sk_SK\" \/>\n<meta property=\"og:locale:alternate\" content=\"sv_SE\" \/>\n<meta property=\"og:type\" content=\"article\" \/>\n<meta property=\"og:title\" content=\"\u010eal\u0161ia destabiliz\u00e1cia policajn\u00e9ho zboru\" \/>\n<meta property=\"og:description\" content=\"\u201ePriatelia, ale \u0161peci\u00e1lne policajti a policajtky, viete ako chce \u201ekinder mana\u017e\u00e9r\u201c alebo minister \u0160utaj E\u0161tok a Sol\u00e1k najnov\u0161ie stabilizova\u0165 situ\u00e1ciu v policajnom zbore? Po vzore Orb\u00e1na chc\u00fa zak\u00e1za\u0165 policajtom odchod do v\u00fdsluhov\u00e9ho d\u00f4chodku. V jednoduchosti povedan\u00e9, ka\u017ed\u00fd kto nem\u00e1 vek 55 rokov (alebo dokonca 60 rokov) p\u00f4jde nasp\u00e4\u0165 do slu\u017eobn\u00e9ho pomer. Miest v pol\u00edcii je [&hellip;]\" \/>\n<meta property=\"og:url\" content=\"https:\/\/www.smedemokrati.sk\/hu\/dalsia-destabilizacia-policajneho-zboru\/\" \/>\n<meta property=\"og:site_name\" content=\"Smedemokrati.sk\" \/>\n<meta property=\"article:publisher\" content=\"https:\/\/www.facebook.com\/smedemokrati2023\" \/>\n<meta property=\"article:published_time\" content=\"2024-10-02T15:19:32+00:00\" \/>\n<meta property=\"article:modified_time\" content=\"2024-10-18T19:50:34+00:00\" \/>\n<meta property=\"og:image\" content=\"https:\/\/www.smedemokrati.sk\/wp-content\/uploads\/2024\/10\/Picsart_24-10-02_17-17-09-680.jpg\" \/>\n\t<meta property=\"og:image:width\" content=\"1833\" \/>\n\t<meta property=\"og:image:height\" content=\"1220\" \/>\n\t<meta property=\"og:image:type\" content=\"image\/jpeg\" \/>\n<meta name=\"author\" content=\"miro.sopko\" \/>\n<meta name=\"twitter:card\" content=\"summary_large_image\" \/>\n<meta name=\"twitter:label1\" content=\"Szerz\u0151:\" \/>\n\t<meta name=\"twitter:data1\" content=\"miro.sopko\" \/>\n\t<meta name=\"twitter:label2\" content=\"Becs\u00fclt olvas\u00e1si id\u0151\" \/>\n\t<meta name=\"twitter:data2\" content=\"2 perc\" \/>\n<script type=\"application\/ld+json\" class=\"yoast-schema-graph\">{\"@context\":\"https:\/\/schema.org\",\"@graph\":[{\"@type\":\"Article\",\"@id\":\"https:\/\/www.smedemokrati.sk\/dalsia-destabilizacia-policajneho-zboru\/#article\",\"isPartOf\":{\"@id\":\"https:\/\/www.smedemokrati.sk\/dalsia-destabilizacia-policajneho-zboru\/\"},\"author\":{\"name\":\"miro.sopko\",\"@id\":\"https:\/\/www.smedemokrati.sk\/#\/schema\/person\/21f147c88d605aa7ded900e1e7c344ba\"},\"headline\":\"\u010eal\u0161ia destabiliz\u00e1cia policajn\u00e9ho zboru\",\"datePublished\":\"2024-10-02T15:19:32+00:00\",\"dateModified\":\"2024-10-18T19:50:34+00:00\",\"mainEntityOfPage\":{\"@id\":\"https:\/\/www.smedemokrati.sk\/dalsia-destabilizacia-policajneho-zboru\/\"},\"wordCount\":352,\"publisher\":{\"@id\":\"https:\/\/www.smedemokrati.sk\/#organization\"},\"image\":{\"@id\":\"https:\/\/www.smedemokrati.sk\/dalsia-destabilizacia-policajneho-zboru\/#primaryimage\"},\"thumbnailUrl\":\"https:\/\/www.smedemokrati.sk\/wp-content\/uploads\/2024\/10\/Picsart_24-10-02_17-17-09-680.jpg\",\"articleSection\":[\"Vyhl\u00e1senia\"],\"inLanguage\":\"hu-HU\"},{\"@type\":\"WebPage\",\"@id\":\"https:\/\/www.smedemokrati.sk\/dalsia-destabilizacia-policajneho-zboru\/\",\"url\":\"https:\/\/www.smedemokrati.sk\/dalsia-destabilizacia-policajneho-zboru\/\",\"name\":\"\u010eal\u0161ia destabiliz\u00e1cia policajn\u00e9ho zboru\",\"isPartOf\":{\"@id\":\"https:\/\/www.smedemokrati.sk\/#website\"},\"primaryImageOfPage\":{\"@id\":\"https:\/\/www.smedemokrati.sk\/dalsia-destabilizacia-policajneho-zboru\/#primaryimage\"},\"image\":{\"@id\":\"https:\/\/www.smedemokrati.sk\/dalsia-destabilizacia-policajneho-zboru\/#primaryimage\"},\"thumbnailUrl\":\"https:\/\/www.smedemokrati.sk\/wp-content\/uploads\/2024\/10\/Picsart_24-10-02_17-17-09-680.jpg\",\"datePublished\":\"2024-10-02T15:19:32+00:00\",\"dateModified\":\"2024-10-18T19:50:34+00:00\",\"breadcrumb\":{\"@id\":\"https:\/\/www.smedemokrati.sk\/dalsia-destabilizacia-policajneho-zboru\/#breadcrumb\"},\"inLanguage\":\"hu-HU\",\"potentialAction\":[{\"@type\":\"ReadAction\",\"target\":[\"https:\/\/www.smedemokrati.sk\/dalsia-destabilizacia-policajneho-zboru\/\"]}]},{\"@type\":\"ImageObject\",\"inLanguage\":\"hu-HU\",\"@id\":\"https:\/\/www.smedemokrati.sk\/dalsia-destabilizacia-policajneho-zboru\/#primaryimage\",\"url\":\"https:\/\/www.smedemokrati.sk\/wp-content\/uploads\/2024\/10\/Picsart_24-10-02_17-17-09-680.jpg\",\"contentUrl\":\"https:\/\/www.smedemokrati.sk\/wp-content\/uploads\/2024\/10\/Picsart_24-10-02_17-17-09-680.jpg\",\"width\":1833,\"height\":1220,\"caption\":\"{\\\"remix_data\\\":[],\\\"remix_entry_point\\\":\\\"challenges\\\",\\\"source_tags\\\":[\\\"local\\\"],\\\"origin\\\":\\\"unknown\\\",\\\"total_draw_time\\\":0,\\\"total_draw_actions\\\":0,\\\"layers_used\\\":0,\\\"brushes_used\\\":0,\\\"photos_added\\\":0,\\\"total_editor_actions\\\":{},\\\"tools_used\\\":{\\\"effects\\\":1},\\\"is_sticker\\\":false,\\\"edited_since_last_sticker_save\\\":true,\\\"containsFTESticker\\\":false}\"},{\"@type\":\"BreadcrumbList\",\"@id\":\"https:\/\/www.smedemokrati.sk\/dalsia-destabilizacia-policajneho-zboru\/#breadcrumb\",\"itemListElement\":[{\"@type\":\"ListItem\",\"position\":1,\"name\":\"Domovsk\u00e1 str\u00e1nka\",\"item\":\"https:\/\/www.smedemokrati.sk\/\"},{\"@type\":\"ListItem\",\"position\":2,\"name\":\"\u010eal\u0161ia destabiliz\u00e1cia policajn\u00e9ho zboru\"}]},{\"@type\":\"WebSite\",\"@id\":\"https:\/\/www.smedemokrati.sk\/#website\",\"url\":\"https:\/\/www.smedemokrati.sk\/\",\"name\":\"Smedemokrati.sk\",\"description\":\"Demokracia a slu\u0161nos\u0165 zv\u00ed\u0165az\u00ed\",\"publisher\":{\"@id\":\"https:\/\/www.smedemokrati.sk\/#organization\"},\"potentialAction\":[{\"@type\":\"SearchAction\",\"target\":{\"@type\":\"EntryPoint\",\"urlTemplate\":\"https:\/\/www.smedemokrati.sk\/?s={search_term_string}\"},\"query-input\":{\"@type\":\"PropertyValueSpecification\",\"valueRequired\":true,\"valueName\":\"search_term_string\"}}],\"inLanguage\":\"hu-HU\"},{\"@type\":\"Organization\",\"@id\":\"https:\/\/www.smedemokrati.sk\/#organization\",\"name\":\"Smedemokrati.sk\",\"url\":\"https:\/\/www.smedemokrati.sk\/\",\"logo\":{\"@type\":\"ImageObject\",\"inLanguage\":\"hu-HU\",\"@id\":\"https:\/\/www.smedemokrati.sk\/#\/schema\/logo\/image\/\",\"url\":\"https:\/\/www.smedemokrati.sk\/wp-content\/uploads\/2023\/04\/ff.002.jpeg\",\"contentUrl\":\"https:\/\/www.smedemokrati.sk\/wp-content\/uploads\/2023\/04\/ff.002.jpeg\",\"width\":640,\"height\":480,\"caption\":\"Smedemokrati.sk\"},\"image\":{\"@id\":\"https:\/\/www.smedemokrati.sk\/#\/schema\/logo\/image\/\"},\"sameAs\":[\"https:\/\/www.facebook.com\/smedemokrati2023\"]},{\"@type\":\"Person\",\"@id\":\"https:\/\/www.smedemokrati.sk\/#\/schema\/person\/21f147c88d605aa7ded900e1e7c344ba\",\"name\":\"miro.sopko\",\"image\":{\"@type\":\"ImageObject\",\"inLanguage\":\"hu-HU\",\"@id\":\"https:\/\/secure.gravatar.com\/avatar\/267e4a36f704376c109afe3a78740c1f5dd8675a2180a908699e7863c9247606?s=96&d=mm&r=g\",\"url\":\"https:\/\/secure.gravatar.com\/avatar\/267e4a36f704376c109afe3a78740c1f5dd8675a2180a908699e7863c9247606?s=96&d=mm&r=g\",\"contentUrl\":\"https:\/\/secure.gravatar.com\/avatar\/267e4a36f704376c109afe3a78740c1f5dd8675a2180a908699e7863c9247606?s=96&d=mm&r=g\",\"caption\":\"miro.sopko\"},\"url\":\"https:\/\/www.smedemokrati.sk\/hu\/author\/miro-sopko\/\"}]}<\/script>\n<!-- \/ Yoast SEO plugin. -->","yoast_head_json":{"title":"\u010eal\u0161ia destabiliz\u00e1cia policajn\u00e9ho zboru","robots":{"index":"index","follow":"follow","max-snippet":"max-snippet:-1","max-image-preview":"max-image-preview:large","max-video-preview":"max-video-preview:-1"},"canonical":"https:\/\/www.smedemokrati.sk\/hu\/dalsia-destabilizacia-policajneho-zboru\/","og_locale":"hu_HU","og_type":"article","og_title":"[:sk]\u010eal\u0161ia destabiliz\u00e1cia policajn\u00e9ho zboru[:] - Smedemokrati.sk","og_description":"\u201ePriatelia, ale \u0161peci\u00e1lne policajti a policajtky, viete ako chce \u201ekinder mana\u017e\u00e9r\u201c alebo minister \u0160utaj E\u0161tok a Sol\u00e1k najnov\u0161ie stabilizova\u0165 situ\u00e1ciu v policajnom zbore? Po vzore Orb\u00e1na chc\u00fa zak\u00e1za\u0165 policajtom odchod do v\u00fdsluhov\u00e9ho d\u00f4chodku. V jednoduchosti povedan\u00e9, ka\u017ed\u00fd kto nem\u00e1 vek 55 rokov (alebo dokonca 60 rokov) p\u00f4jde nasp\u00e4\u0165 do slu\u017eobn\u00e9ho pomer. Miest v pol\u00edcii je [&hellip;]","og_url":"https:\/\/www.smedemokrati.sk\/hu\/dalsia-destabilizacia-policajneho-zboru\/","og_site_name":"Smedemokrati.sk","article_publisher":"https:\/\/www.facebook.com\/smedemokrati2023","article_published_time":"2024-10-02T15:19:32+00:00","article_modified_time":"2024-10-18T19:50:34+00:00","og_image":[{"width":1833,"height":1220,"url":"https:\/\/www.smedemokrati.sk\/wp-content\/uploads\/2024\/10\/Picsart_24-10-02_17-17-09-680.jpg","type":"image\/jpeg"}],"author":"miro.sopko","twitter_card":"summary_large_image","twitter_misc":{"Szerz\u0151:":"miro.sopko","Becs\u00fclt olvas\u00e1si id\u0151":"2 perc"},"schema":{"@context":"https:\/\/schema.org","@graph":[{"@type":"Article","@id":"https:\/\/www.smedemokrati.sk\/dalsia-destabilizacia-policajneho-zboru\/#article","isPartOf":{"@id":"https:\/\/www.smedemokrati.sk\/dalsia-destabilizacia-policajneho-zboru\/"},"author":{"name":"miro.sopko","@id":"https:\/\/www.smedemokrati.sk\/#\/schema\/person\/21f147c88d605aa7ded900e1e7c344ba"},"headline":"\u010eal\u0161ia destabiliz\u00e1cia policajn\u00e9ho zboru","datePublished":"2024-10-02T15:19:32+00:00","dateModified":"2024-10-18T19:50:34+00:00","mainEntityOfPage":{"@id":"https:\/\/www.smedemokrati.sk\/dalsia-destabilizacia-policajneho-zboru\/"},"wordCount":352,"publisher":{"@id":"https:\/\/www.smedemokrati.sk\/#organization"},"image":{"@id":"https:\/\/www.smedemokrati.sk\/dalsia-destabilizacia-policajneho-zboru\/#primaryimage"},"thumbnailUrl":"https:\/\/www.smedemokrati.sk\/wp-content\/uploads\/2024\/10\/Picsart_24-10-02_17-17-09-680.jpg","articleSection":["Vyhl\u00e1senia"],"inLanguage":"hu-HU"},{"@type":"WebPage","@id":"https:\/\/www.smedemokrati.sk\/dalsia-destabilizacia-policajneho-zboru\/","url":"https:\/\/www.smedemokrati.sk\/dalsia-destabilizacia-policajneho-zboru\/","name":"\u010eal\u0161ia destabiliz\u00e1cia policajn\u00e9ho zboru","isPartOf":{"@id":"https:\/\/www.smedemokrati.sk\/#website"},"primaryImageOfPage":{"@id":"https:\/\/www.smedemokrati.sk\/dalsia-destabilizacia-policajneho-zboru\/#primaryimage"},"image":{"@id":"https:\/\/www.smedemokrati.sk\/dalsia-destabilizacia-policajneho-zboru\/#primaryimage"},"thumbnailUrl":"https:\/\/www.smedemokrati.sk\/wp-content\/uploads\/2024\/10\/Picsart_24-10-02_17-17-09-680.jpg","datePublished":"2024-10-02T15:19:32+00:00","dateModified":"2024-10-18T19:50:34+00:00","breadcrumb":{"@id":"https:\/\/www.smedemokrati.sk\/dalsia-destabilizacia-policajneho-zboru\/#breadcrumb"},"inLanguage":"hu-HU","potentialAction":[{"@type":"ReadAction","target":["https:\/\/www.smedemokrati.sk\/dalsia-destabilizacia-policajneho-zboru\/"]}]},{"@type":"ImageObject","inLanguage":"hu-HU","@id":"https:\/\/www.smedemokrati.sk\/dalsia-destabilizacia-policajneho-zboru\/#primaryimage","url":"https:\/\/www.smedemokrati.sk\/wp-content\/uploads\/2024\/10\/Picsart_24-10-02_17-17-09-680.jpg","contentUrl":"https:\/\/www.smedemokrati.sk\/wp-content\/uploads\/2024\/10\/Picsart_24-10-02_17-17-09-680.jpg","width":1833,"height":1220,"caption":"{\"remix_data\":[],\"remix_entry_point\":\"challenges\",\"source_tags\":[\"local\"],\"origin\":\"unknown\",\"total_draw_time\":0,\"total_draw_actions\":0,\"layers_used\":0,\"brushes_used\":0,\"photos_added\":0,\"total_editor_actions\":{},\"tools_used\":{\"effects\":1},\"is_sticker\":false,\"edited_since_last_sticker_save\":true,\"containsFTESticker\":false}"},{"@type":"BreadcrumbList","@id":"https:\/\/www.smedemokrati.sk\/dalsia-destabilizacia-policajneho-zboru\/#breadcrumb","itemListElement":[{"@type":"ListItem","position":1,"name":"Domovsk\u00e1 str\u00e1nka","item":"https:\/\/www.smedemokrati.sk\/"},{"@type":"ListItem","position":2,"name":"\u010eal\u0161ia destabiliz\u00e1cia policajn\u00e9ho zboru"}]},{"@type":"WebSite","@id":"https:\/\/www.smedemokrati.sk\/#website","url":"https:\/\/www.smedemokrati.sk\/","name":"Smedemokrati.sk","description":"Demokracia a slu\u0161nos\u0165 zv\u00ed\u0165az\u00ed","publisher":{"@id":"https:\/\/www.smedemokrati.sk\/#organization"},"potentialAction":[{"@type":"SearchAction","target":{"@type":"EntryPoint","urlTemplate":"https:\/\/www.smedemokrati.sk\/?s={search_term_string}"},"query-input":{"@type":"PropertyValueSpecification","valueRequired":true,"valueName":"search_term_string"}}],"inLanguage":"hu-HU"},{"@type":"Organization","@id":"https:\/\/www.smedemokrati.sk\/#organization","name":"Smedemokrati.sk","url":"https:\/\/www.smedemokrati.sk\/","logo":{"@type":"ImageObject","inLanguage":"hu-HU","@id":"https:\/\/www.smedemokrati.sk\/#\/schema\/logo\/image\/","url":"https:\/\/www.smedemokrati.sk\/wp-content\/uploads\/2023\/04\/ff.002.jpeg","contentUrl":"https:\/\/www.smedemokrati.sk\/wp-content\/uploads\/2023\/04\/ff.002.jpeg","width":640,"height":480,"caption":"Smedemokrati.sk"},"image":{"@id":"https:\/\/www.smedemokrati.sk\/#\/schema\/logo\/image\/"},"sameAs":["https:\/\/www.facebook.com\/smedemokrati2023"]},{"@type":"Person","@id":"https:\/\/www.smedemokrati.sk\/#\/schema\/person\/21f147c88d605aa7ded900e1e7c344ba","name":"miro.sopko","image":{"@type":"ImageObject","inLanguage":"hu-HU","@id":"https:\/\/secure.gravatar.com\/avatar\/267e4a36f704376c109afe3a78740c1f5dd8675a2180a908699e7863c9247606?s=96&d=mm&r=g","url":"https:\/\/secure.gravatar.com\/avatar\/267e4a36f704376c109afe3a78740c1f5dd8675a2180a908699e7863c9247606?s=96&d=mm&r=g","contentUrl":"https:\/\/secure.gravatar.com\/avatar\/267e4a36f704376c109afe3a78740c1f5dd8675a2180a908699e7863c9247606?s=96&d=mm&r=g","caption":"miro.sopko"},"url":"https:\/\/www.smedemokrati.sk\/hu\/author\/miro-sopko\/"}]}},"_links":{"self":[{"href":"https:\/\/www.smedemokrati.sk\/hu\/wp-json\/wp\/v2\/posts\/5263","targetHints":{"allow":["GET"]}}],"collection":[{"href":"https:\/\/www.smedemokrati.sk\/hu\/wp-json\/wp\/v2\/posts"}],"about":[{"href":"https:\/\/www.smedemokrati.sk\/hu\/wp-json\/wp\/v2\/types\/post"}],"author":[{"embeddable":true,"href":"https:\/\/www.smedemokrati.sk\/hu\/wp-json\/wp\/v2\/users\/13"}],"replies":[{"embeddable":true,"href":"https:\/\/www.smedemokrati.sk\/hu\/wp-json\/wp\/v2\/comments?post=5263"}],"version-history":[{"count":2,"href":"https:\/\/www.smedemokrati.sk\/hu\/wp-json\/wp\/v2\/posts\/5263\/revisions"}],"predecessor-version":[{"id":5266,"href":"https:\/\/www.smedemokrati.sk\/hu\/wp-json\/wp\/v2\/posts\/5263\/revisions\/5266"}],"wp:featuredmedia":[{"embeddable":true,"href":"https:\/\/www.smedemokrati.sk\/hu\/wp-json\/wp\/v2\/media\/5264"}],"wp:attachment":[{"href":"https:\/\/www.smedemokrati.sk\/hu\/wp-json\/wp\/v2\/media?parent=5263"}],"wp:term":[{"taxonomy":"category","embeddable":true,"href":"https:\/\/www.smedemokrati.sk\/hu\/wp-json\/wp\/v2\/categories?post=5263"},{"taxonomy":"post_tag","embeddable":true,"href":"https:\/\/www.smedemokrati.sk\/hu\/wp-json\/wp\/v2\/tags?post=5263"}],"curies":[{"name":"wp","href":"https:\/\/api.w.org\/{rel}","templated":true}]}}