{"id":5197,"date":"2024-09-25T16:29:54","date_gmt":"2024-09-25T15:29:54","guid":{"rendered":"https:\/\/www.smedemokrati.sk\/?p=5197"},"modified":"2024-10-09T14:14:36","modified_gmt":"2024-10-09T13:14:36","slug":"podavame-trestne-oznamenie-zrusenie-naka-nebolo-v-sulade-so-zakonom","status":"publish","type":"post","link":"https:\/\/www.smedemokrati.sk\/hu\/podavame-trestne-oznamenie-zrusenie-naka-nebolo-v-sulade-so-zakonom\/","title":{"rendered":"Pod\u00e1vame trestn\u00e9 ozn\u00e1menie, zru\u0161enie NAKA nebolo v s\u00falade so z\u00e1konom"},"content":{"rendered":"<div id=\"fb-root\"><\/div>\n\n<p><strong>Zru\u0161enie NAKA nebolo riadne prerokovan\u00e9 s odbormi tak, ako k\u00e1\u017ee z\u00e1kon, Demokrati preto pod\u00e1vaj\u00fa trestn\u00e9 ozn\u00e1menie. Potvrdil to aj brannobezpe\u010dnostn\u00fd v\u00fdbor, ktor\u00fd bol zvolan\u00fd na z\u00e1klade iniciat\u00edvy poslanca \u013dubom\u00edra Galka. Na v\u00fdbore na plnej \u010diare pohorela \u0161t\u00e1tna tajomn\u00ed\u010dka Kurilovsk\u00e1, ktor\u00e1 nielen\u017ee nevedela odpoveda\u0165 na z\u00e1kladn\u00e9 ot\u00e1zky, tvrd\u00ed tie\u017e, \u017ee na zru\u0161enie tak z\u00e1sadnej in\u0161tit\u00facie sta\u010d\u00ed neform\u00e1lne prerokovanie, Demokrati toto tvrdenie odmietaj\u00fa.&nbsp;<\/strong><\/p>\n\n\n\n<p>O zvolanie v\u00fdboru po\u017eiadal \u013dubom\u00edr Galko, ktor\u00fd spolupracuje so stranou Demokrati:\u00a0<em>\u201ePriamo na v\u00fdbore som navrhol som uznesenie, ktor\u00e9 by raz a nav\u017edy uk\u00e1zalo, \u010di do\u0161lo k riadnemu prerokovaniu s odbormi. \u017diadal som, aby sme zaviazali zodpovedn\u00fdch, nech predlo\u017eia z\u00e1pisnicu z rokovania. To ale koali\u010dn\u00e9 strany odmietli. Je to jasn\u00fd d\u00f4kaz, \u017ee policajn\u00fd prezident Sol\u00e1k a minister \u0160utaj E\u0161tok nepostupovali tak, ako k\u00e1\u017ee z\u00e1kon,<\/em>\u201d otv\u00e1ra t\u00e9mu Galko a pr\u00edzvukuje, \u017ee \u010fal\u0161\u00edm d\u00f4kazom je aj odpove\u010f \u0161t\u00e1tnej tajomn\u00ed\u010dky na ot\u00e1zku poslanca, \u010di v pr\u00edpade, ak sa preuk\u00e1\u017ee, \u017ee zru\u0161enie NAKA nebolo v s\u00falade so z\u00e1konom, je ochotn\u00e1 vyvodi\u0165 politick\u00fa zodpovednos\u0165. To z\u00e1stupky\u0148a rezortu vn\u00fatra odmietla.\u00a0<\/p>\n\n\n\n<p>Pod\u013ea podpredsedu strany Juraja \u0160eligu si minister \u0160utaj E\u0161tok a prezident policajtov Sol\u00e1k urobili zo z\u00e1kona trhac\u00ed kalend\u00e1r:<em>\u00a0\u201eMinister vn\u00fatra a policajn\u00fd prezident fakticky ozna\u010dili odbor\u00e1rov za klam\u00e1rov a urobili si z nich handry. Tvrdia, \u017ee zru\u0161enie NAKA bolo neform\u00e1lne prerokovan\u00e9 a \u017ee to sta\u010d\u00ed, no z\u00e1kon tak\u00fdto in\u0161tit\u00fat nepozn\u00e1. Pod\u00e1vame trestn\u00e9 ozn\u00e1menie lebo sa domnievame, \u017ee mohlo d\u00f4js\u0165 k zneu\u017eitiu pr\u00e1vomoc\u00ed verejn\u00e9ho \u010dinite\u013ea. M\u00e1me d\u00f4kazy, kde samotn\u00ed odbor\u00e1ri jasne povedali, \u017ee zru\u0161enie NAKA a person\u00e1lne rozkazy neboli s nimi prerokovan\u00e9. Pre\u010do p\u00e1n \u0160utaj E\u0161tok a p\u00e1n Sol\u00e1k nepri\u0161li osobne? P\u00fdtam sa p\u00e1n Sol\u00e1k, chcete by\u0165 gener\u00e1l klam\u00e1r? Ak bolo v\u0161etko prerokovan\u00e9, pre\u010do nechc\u00fa tieto z\u00e1znamy z rokovania s v\u00fdbormi uk\u00e1za\u0165 verejnosti? Preto\u017ee \u017eiadne neexistuj\u00fa!\u00a0 Je to o to cynickej\u0161ie, \u017ee policajti, ktor\u00ed maj\u00fa dozera\u0165 na dodr\u017eiavanie z\u00e1kona, z\u00e1kon poru\u0161uj\u00fa.\u201d\u00a0<\/em>z\u00e1rove\u0148 dod\u00e1va, \u017ee jedin\u00fdm cie\u013eom vl\u00e1dnej moci, bolo zru\u0161en\u00edm NAKA odstavi\u0165 vy\u0161etrovate\u013eov od spisov a zabezpe\u010di\u0165 tak &#8222;pokojn\u00fd sp\u00e1nok&#8221; na najvy\u0161\u0161\u00edch \u0161t\u00e1tnych miestach a beztrestnos\u0165. Dnes na tlak Eur\u00f3pskej \u00fanie musia zriadi\u0165 osobitn\u00e9 oddelenie, ktor\u00e9 bude rie\u0161i\u0165 eurofondy a rovnako po zru\u0161en\u00ed \u00da\u0160P musia zriadi\u0165 osobitn\u00e9 oddelenie, ktor\u00e9 bude na vy\u0161etrovania dohliada\u0165.\u00a0<\/p>\n","protected":false},"excerpt":{"rendered":"<p>Zru\u0161enie NAKA nebolo riadne prerokovan\u00e9 s odbormi tak, ako k\u00e1\u017ee z\u00e1kon, Demokrati preto pod\u00e1vaj\u00fa trestn\u00e9 ozn\u00e1menie. Potvrdil to aj brannobezpe\u010dnostn\u00fd v\u00fdbor, ktor\u00fd bol zvolan\u00fd na z\u00e1klade iniciat\u00edvy poslanca \u013dubom\u00edra Galka. Na v\u00fdbore na plnej \u010diare pohorela \u0161t\u00e1tna tajomn\u00ed\u010dka Kurilovsk\u00e1, ktor\u00e1 nielen\u017ee nevedela odpoveda\u0165 na z\u00e1kladn\u00e9 ot\u00e1zky, tvrd\u00ed tie\u017e, \u017ee na zru\u0161enie tak z\u00e1sadnej in\u0161tit\u00facie sta\u010d\u00ed [&hellip;]<\/p>\n","protected":false},"author":13,"featured_media":5198,"comment_status":"closed","ping_status":"closed","sticky":false,"template":"","format":"standard","meta":{"_acf_changed":false,"ngg_post_thumbnail":0,"footnotes":""},"categories":[4],"tags":[],"class_list":["post-5197","post","type-post","status-publish","format-standard","has-post-thumbnail","hentry","category-tlacove-spravy"],"acf":[],"yoast_head":"<!-- This site is optimized with the Yoast SEO plugin v27.2 - https:\/\/yoast.com\/product\/yoast-seo-wordpress\/ -->\n<title>Pod\u00e1vame trestn\u00e9 ozn\u00e1menie, zru\u0161enie NAKA nebolo v s\u00falade so z\u00e1konom<\/title>\n<meta name=\"robots\" content=\"index, follow, max-snippet:-1, max-image-preview:large, max-video-preview:-1\" \/>\n<link rel=\"canonical\" href=\"https:\/\/www.smedemokrati.sk\/hu\/podavame-trestne-oznamenie-zrusenie-naka-nebolo-v-sulade-so-zakonom\/\" \/>\n<meta property=\"og:locale\" content=\"hu_HU\" \/>\n<meta property=\"og:locale:alternate\" content=\"en_US\" \/>\n<meta property=\"og:locale:alternate\" content=\"cs_CZ\" \/>\n<meta property=\"og:locale:alternate\" content=\"sk_SK\" \/>\n<meta property=\"og:locale:alternate\" content=\"sv_SE\" \/>\n<meta property=\"og:type\" content=\"article\" \/>\n<meta property=\"og:title\" content=\"Pod\u00e1vame trestn\u00e9 ozn\u00e1menie, zru\u0161enie NAKA nebolo v s\u00falade so z\u00e1konom\" \/>\n<meta property=\"og:description\" content=\"Zru\u0161enie NAKA nebolo riadne prerokovan\u00e9 s odbormi tak, ako k\u00e1\u017ee z\u00e1kon, Demokrati preto pod\u00e1vaj\u00fa trestn\u00e9 ozn\u00e1menie. Potvrdil to aj brannobezpe\u010dnostn\u00fd v\u00fdbor, ktor\u00fd bol zvolan\u00fd na z\u00e1klade iniciat\u00edvy poslanca \u013dubom\u00edra Galka. Na v\u00fdbore na plnej \u010diare pohorela \u0161t\u00e1tna tajomn\u00ed\u010dka Kurilovsk\u00e1, ktor\u00e1 nielen\u017ee nevedela odpoveda\u0165 na z\u00e1kladn\u00e9 ot\u00e1zky, tvrd\u00ed tie\u017e, \u017ee na zru\u0161enie tak z\u00e1sadnej in\u0161tit\u00facie sta\u010d\u00ed [&hellip;]\" \/>\n<meta property=\"og:url\" content=\"https:\/\/www.smedemokrati.sk\/hu\/podavame-trestne-oznamenie-zrusenie-naka-nebolo-v-sulade-so-zakonom\/\" \/>\n<meta property=\"og:site_name\" content=\"Smedemokrati.sk\" \/>\n<meta property=\"article:publisher\" content=\"https:\/\/www.facebook.com\/smedemokrati2023\" \/>\n<meta property=\"article:published_time\" content=\"2024-09-25T15:29:54+00:00\" \/>\n<meta property=\"article:modified_time\" content=\"2024-10-09T13:14:36+00:00\" \/>\n<meta property=\"og:image\" content=\"https:\/\/www.smedemokrati.sk\/wp-content\/uploads\/2024\/09\/naka.jpg\" \/>\n\t<meta property=\"og:image:width\" content=\"1912\" \/>\n\t<meta property=\"og:image:height\" content=\"1201\" \/>\n\t<meta property=\"og:image:type\" content=\"image\/jpeg\" \/>\n<meta name=\"author\" content=\"miro.sopko\" \/>\n<meta name=\"twitter:card\" content=\"summary_large_image\" \/>\n<meta name=\"twitter:label1\" content=\"Szerz\u0151:\" \/>\n\t<meta name=\"twitter:data1\" content=\"miro.sopko\" \/>\n\t<meta name=\"twitter:label2\" content=\"Becs\u00fclt olvas\u00e1si id\u0151\" \/>\n\t<meta name=\"twitter:data2\" content=\"2 perc\" \/>\n<script type=\"application\/ld+json\" class=\"yoast-schema-graph\">{\"@context\":\"https:\/\/schema.org\",\"@graph\":[{\"@type\":\"Article\",\"@id\":\"https:\/\/www.smedemokrati.sk\/podavame-trestne-oznamenie-zrusenie-naka-nebolo-v-sulade-so-zakonom\/#article\",\"isPartOf\":{\"@id\":\"https:\/\/www.smedemokrati.sk\/podavame-trestne-oznamenie-zrusenie-naka-nebolo-v-sulade-so-zakonom\/\"},\"author\":{\"name\":\"miro.sopko\",\"@id\":\"https:\/\/www.smedemokrati.sk\/#\/schema\/person\/21f147c88d605aa7ded900e1e7c344ba\"},\"headline\":\"Pod\u00e1vame trestn\u00e9 ozn\u00e1menie, zru\u0161enie NAKA nebolo v s\u00falade so z\u00e1konom\",\"datePublished\":\"2024-09-25T15:29:54+00:00\",\"dateModified\":\"2024-10-09T13:14:36+00:00\",\"mainEntityOfPage\":{\"@id\":\"https:\/\/www.smedemokrati.sk\/podavame-trestne-oznamenie-zrusenie-naka-nebolo-v-sulade-so-zakonom\/\"},\"wordCount\":484,\"publisher\":{\"@id\":\"https:\/\/www.smedemokrati.sk\/#organization\"},\"image\":{\"@id\":\"https:\/\/www.smedemokrati.sk\/podavame-trestne-oznamenie-zrusenie-naka-nebolo-v-sulade-so-zakonom\/#primaryimage\"},\"thumbnailUrl\":\"https:\/\/www.smedemokrati.sk\/wp-content\/uploads\/2024\/09\/naka.jpg\",\"articleSection\":[\"Tla\u010dov\u00e9 spr\u00e1vy\"],\"inLanguage\":\"hu-HU\"},{\"@type\":\"WebPage\",\"@id\":\"https:\/\/www.smedemokrati.sk\/podavame-trestne-oznamenie-zrusenie-naka-nebolo-v-sulade-so-zakonom\/\",\"url\":\"https:\/\/www.smedemokrati.sk\/podavame-trestne-oznamenie-zrusenie-naka-nebolo-v-sulade-so-zakonom\/\",\"name\":\"Pod\u00e1vame trestn\u00e9 ozn\u00e1menie, zru\u0161enie NAKA nebolo v s\u00falade so z\u00e1konom\",\"isPartOf\":{\"@id\":\"https:\/\/www.smedemokrati.sk\/#website\"},\"primaryImageOfPage\":{\"@id\":\"https:\/\/www.smedemokrati.sk\/podavame-trestne-oznamenie-zrusenie-naka-nebolo-v-sulade-so-zakonom\/#primaryimage\"},\"image\":{\"@id\":\"https:\/\/www.smedemokrati.sk\/podavame-trestne-oznamenie-zrusenie-naka-nebolo-v-sulade-so-zakonom\/#primaryimage\"},\"thumbnailUrl\":\"https:\/\/www.smedemokrati.sk\/wp-content\/uploads\/2024\/09\/naka.jpg\",\"datePublished\":\"2024-09-25T15:29:54+00:00\",\"dateModified\":\"2024-10-09T13:14:36+00:00\",\"breadcrumb\":{\"@id\":\"https:\/\/www.smedemokrati.sk\/podavame-trestne-oznamenie-zrusenie-naka-nebolo-v-sulade-so-zakonom\/#breadcrumb\"},\"inLanguage\":\"hu-HU\",\"potentialAction\":[{\"@type\":\"ReadAction\",\"target\":[\"https:\/\/www.smedemokrati.sk\/podavame-trestne-oznamenie-zrusenie-naka-nebolo-v-sulade-so-zakonom\/\"]}]},{\"@type\":\"ImageObject\",\"inLanguage\":\"hu-HU\",\"@id\":\"https:\/\/www.smedemokrati.sk\/podavame-trestne-oznamenie-zrusenie-naka-nebolo-v-sulade-so-zakonom\/#primaryimage\",\"url\":\"https:\/\/www.smedemokrati.sk\/wp-content\/uploads\/2024\/09\/naka.jpg\",\"contentUrl\":\"https:\/\/www.smedemokrati.sk\/wp-content\/uploads\/2024\/09\/naka.jpg\",\"width\":1912,\"height\":1201},{\"@type\":\"BreadcrumbList\",\"@id\":\"https:\/\/www.smedemokrati.sk\/podavame-trestne-oznamenie-zrusenie-naka-nebolo-v-sulade-so-zakonom\/#breadcrumb\",\"itemListElement\":[{\"@type\":\"ListItem\",\"position\":1,\"name\":\"Domovsk\u00e1 str\u00e1nka\",\"item\":\"https:\/\/www.smedemokrati.sk\/\"},{\"@type\":\"ListItem\",\"position\":2,\"name\":\"Pod\u00e1vame trestn\u00e9 ozn\u00e1menie, zru\u0161enie NAKA nebolo v s\u00falade so z\u00e1konom\"}]},{\"@type\":\"WebSite\",\"@id\":\"https:\/\/www.smedemokrati.sk\/#website\",\"url\":\"https:\/\/www.smedemokrati.sk\/\",\"name\":\"Smedemokrati.sk\",\"description\":\"Demokracia a slu\u0161nos\u0165 zv\u00ed\u0165az\u00ed\",\"publisher\":{\"@id\":\"https:\/\/www.smedemokrati.sk\/#organization\"},\"potentialAction\":[{\"@type\":\"SearchAction\",\"target\":{\"@type\":\"EntryPoint\",\"urlTemplate\":\"https:\/\/www.smedemokrati.sk\/?s={search_term_string}\"},\"query-input\":{\"@type\":\"PropertyValueSpecification\",\"valueRequired\":true,\"valueName\":\"search_term_string\"}}],\"inLanguage\":\"hu-HU\"},{\"@type\":\"Organization\",\"@id\":\"https:\/\/www.smedemokrati.sk\/#organization\",\"name\":\"Smedemokrati.sk\",\"url\":\"https:\/\/www.smedemokrati.sk\/\",\"logo\":{\"@type\":\"ImageObject\",\"inLanguage\":\"hu-HU\",\"@id\":\"https:\/\/www.smedemokrati.sk\/#\/schema\/logo\/image\/\",\"url\":\"https:\/\/www.smedemokrati.sk\/wp-content\/uploads\/2023\/04\/ff.002.jpeg\",\"contentUrl\":\"https:\/\/www.smedemokrati.sk\/wp-content\/uploads\/2023\/04\/ff.002.jpeg\",\"width\":640,\"height\":480,\"caption\":\"Smedemokrati.sk\"},\"image\":{\"@id\":\"https:\/\/www.smedemokrati.sk\/#\/schema\/logo\/image\/\"},\"sameAs\":[\"https:\/\/www.facebook.com\/smedemokrati2023\"]},{\"@type\":\"Person\",\"@id\":\"https:\/\/www.smedemokrati.sk\/#\/schema\/person\/21f147c88d605aa7ded900e1e7c344ba\",\"name\":\"miro.sopko\",\"image\":{\"@type\":\"ImageObject\",\"inLanguage\":\"hu-HU\",\"@id\":\"https:\/\/secure.gravatar.com\/avatar\/267e4a36f704376c109afe3a78740c1f5dd8675a2180a908699e7863c9247606?s=96&d=mm&r=g\",\"url\":\"https:\/\/secure.gravatar.com\/avatar\/267e4a36f704376c109afe3a78740c1f5dd8675a2180a908699e7863c9247606?s=96&d=mm&r=g\",\"contentUrl\":\"https:\/\/secure.gravatar.com\/avatar\/267e4a36f704376c109afe3a78740c1f5dd8675a2180a908699e7863c9247606?s=96&d=mm&r=g\",\"caption\":\"miro.sopko\"},\"url\":\"https:\/\/www.smedemokrati.sk\/hu\/author\/miro-sopko\/\"}]}<\/script>\n<!-- \/ Yoast SEO plugin. -->","yoast_head_json":{"title":"Pod\u00e1vame trestn\u00e9 ozn\u00e1menie, zru\u0161enie NAKA nebolo v s\u00falade so z\u00e1konom","robots":{"index":"index","follow":"follow","max-snippet":"max-snippet:-1","max-image-preview":"max-image-preview:large","max-video-preview":"max-video-preview:-1"},"canonical":"https:\/\/www.smedemokrati.sk\/hu\/podavame-trestne-oznamenie-zrusenie-naka-nebolo-v-sulade-so-zakonom\/","og_locale":"hu_HU","og_type":"article","og_title":"[:sk]Pod\u00e1vame trestn\u00e9 ozn\u00e1menie, zru\u0161enie NAKA nebolo v s\u00falade so z\u00e1konom[:] - Smedemokrati.sk","og_description":"Zru\u0161enie NAKA nebolo riadne prerokovan\u00e9 s odbormi tak, ako k\u00e1\u017ee z\u00e1kon, Demokrati preto pod\u00e1vaj\u00fa trestn\u00e9 ozn\u00e1menie. Potvrdil to aj brannobezpe\u010dnostn\u00fd v\u00fdbor, ktor\u00fd bol zvolan\u00fd na z\u00e1klade iniciat\u00edvy poslanca \u013dubom\u00edra Galka. Na v\u00fdbore na plnej \u010diare pohorela \u0161t\u00e1tna tajomn\u00ed\u010dka Kurilovsk\u00e1, ktor\u00e1 nielen\u017ee nevedela odpoveda\u0165 na z\u00e1kladn\u00e9 ot\u00e1zky, tvrd\u00ed tie\u017e, \u017ee na zru\u0161enie tak z\u00e1sadnej in\u0161tit\u00facie sta\u010d\u00ed [&hellip;]","og_url":"https:\/\/www.smedemokrati.sk\/hu\/podavame-trestne-oznamenie-zrusenie-naka-nebolo-v-sulade-so-zakonom\/","og_site_name":"Smedemokrati.sk","article_publisher":"https:\/\/www.facebook.com\/smedemokrati2023","article_published_time":"2024-09-25T15:29:54+00:00","article_modified_time":"2024-10-09T13:14:36+00:00","og_image":[{"width":1912,"height":1201,"url":"https:\/\/www.smedemokrati.sk\/wp-content\/uploads\/2024\/09\/naka.jpg","type":"image\/jpeg"}],"author":"miro.sopko","twitter_card":"summary_large_image","twitter_misc":{"Szerz\u0151:":"miro.sopko","Becs\u00fclt olvas\u00e1si id\u0151":"2 perc"},"schema":{"@context":"https:\/\/schema.org","@graph":[{"@type":"Article","@id":"https:\/\/www.smedemokrati.sk\/podavame-trestne-oznamenie-zrusenie-naka-nebolo-v-sulade-so-zakonom\/#article","isPartOf":{"@id":"https:\/\/www.smedemokrati.sk\/podavame-trestne-oznamenie-zrusenie-naka-nebolo-v-sulade-so-zakonom\/"},"author":{"name":"miro.sopko","@id":"https:\/\/www.smedemokrati.sk\/#\/schema\/person\/21f147c88d605aa7ded900e1e7c344ba"},"headline":"Pod\u00e1vame trestn\u00e9 ozn\u00e1menie, zru\u0161enie NAKA nebolo v s\u00falade so z\u00e1konom","datePublished":"2024-09-25T15:29:54+00:00","dateModified":"2024-10-09T13:14:36+00:00","mainEntityOfPage":{"@id":"https:\/\/www.smedemokrati.sk\/podavame-trestne-oznamenie-zrusenie-naka-nebolo-v-sulade-so-zakonom\/"},"wordCount":484,"publisher":{"@id":"https:\/\/www.smedemokrati.sk\/#organization"},"image":{"@id":"https:\/\/www.smedemokrati.sk\/podavame-trestne-oznamenie-zrusenie-naka-nebolo-v-sulade-so-zakonom\/#primaryimage"},"thumbnailUrl":"https:\/\/www.smedemokrati.sk\/wp-content\/uploads\/2024\/09\/naka.jpg","articleSection":["Tla\u010dov\u00e9 spr\u00e1vy"],"inLanguage":"hu-HU"},{"@type":"WebPage","@id":"https:\/\/www.smedemokrati.sk\/podavame-trestne-oznamenie-zrusenie-naka-nebolo-v-sulade-so-zakonom\/","url":"https:\/\/www.smedemokrati.sk\/podavame-trestne-oznamenie-zrusenie-naka-nebolo-v-sulade-so-zakonom\/","name":"Pod\u00e1vame trestn\u00e9 ozn\u00e1menie, zru\u0161enie NAKA nebolo v s\u00falade so z\u00e1konom","isPartOf":{"@id":"https:\/\/www.smedemokrati.sk\/#website"},"primaryImageOfPage":{"@id":"https:\/\/www.smedemokrati.sk\/podavame-trestne-oznamenie-zrusenie-naka-nebolo-v-sulade-so-zakonom\/#primaryimage"},"image":{"@id":"https:\/\/www.smedemokrati.sk\/podavame-trestne-oznamenie-zrusenie-naka-nebolo-v-sulade-so-zakonom\/#primaryimage"},"thumbnailUrl":"https:\/\/www.smedemokrati.sk\/wp-content\/uploads\/2024\/09\/naka.jpg","datePublished":"2024-09-25T15:29:54+00:00","dateModified":"2024-10-09T13:14:36+00:00","breadcrumb":{"@id":"https:\/\/www.smedemokrati.sk\/podavame-trestne-oznamenie-zrusenie-naka-nebolo-v-sulade-so-zakonom\/#breadcrumb"},"inLanguage":"hu-HU","potentialAction":[{"@type":"ReadAction","target":["https:\/\/www.smedemokrati.sk\/podavame-trestne-oznamenie-zrusenie-naka-nebolo-v-sulade-so-zakonom\/"]}]},{"@type":"ImageObject","inLanguage":"hu-HU","@id":"https:\/\/www.smedemokrati.sk\/podavame-trestne-oznamenie-zrusenie-naka-nebolo-v-sulade-so-zakonom\/#primaryimage","url":"https:\/\/www.smedemokrati.sk\/wp-content\/uploads\/2024\/09\/naka.jpg","contentUrl":"https:\/\/www.smedemokrati.sk\/wp-content\/uploads\/2024\/09\/naka.jpg","width":1912,"height":1201},{"@type":"BreadcrumbList","@id":"https:\/\/www.smedemokrati.sk\/podavame-trestne-oznamenie-zrusenie-naka-nebolo-v-sulade-so-zakonom\/#breadcrumb","itemListElement":[{"@type":"ListItem","position":1,"name":"Domovsk\u00e1 str\u00e1nka","item":"https:\/\/www.smedemokrati.sk\/"},{"@type":"ListItem","position":2,"name":"Pod\u00e1vame trestn\u00e9 ozn\u00e1menie, zru\u0161enie NAKA nebolo v s\u00falade so z\u00e1konom"}]},{"@type":"WebSite","@id":"https:\/\/www.smedemokrati.sk\/#website","url":"https:\/\/www.smedemokrati.sk\/","name":"Smedemokrati.sk","description":"Demokracia a slu\u0161nos\u0165 zv\u00ed\u0165az\u00ed","publisher":{"@id":"https:\/\/www.smedemokrati.sk\/#organization"},"potentialAction":[{"@type":"SearchAction","target":{"@type":"EntryPoint","urlTemplate":"https:\/\/www.smedemokrati.sk\/?s={search_term_string}"},"query-input":{"@type":"PropertyValueSpecification","valueRequired":true,"valueName":"search_term_string"}}],"inLanguage":"hu-HU"},{"@type":"Organization","@id":"https:\/\/www.smedemokrati.sk\/#organization","name":"Smedemokrati.sk","url":"https:\/\/www.smedemokrati.sk\/","logo":{"@type":"ImageObject","inLanguage":"hu-HU","@id":"https:\/\/www.smedemokrati.sk\/#\/schema\/logo\/image\/","url":"https:\/\/www.smedemokrati.sk\/wp-content\/uploads\/2023\/04\/ff.002.jpeg","contentUrl":"https:\/\/www.smedemokrati.sk\/wp-content\/uploads\/2023\/04\/ff.002.jpeg","width":640,"height":480,"caption":"Smedemokrati.sk"},"image":{"@id":"https:\/\/www.smedemokrati.sk\/#\/schema\/logo\/image\/"},"sameAs":["https:\/\/www.facebook.com\/smedemokrati2023"]},{"@type":"Person","@id":"https:\/\/www.smedemokrati.sk\/#\/schema\/person\/21f147c88d605aa7ded900e1e7c344ba","name":"miro.sopko","image":{"@type":"ImageObject","inLanguage":"hu-HU","@id":"https:\/\/secure.gravatar.com\/avatar\/267e4a36f704376c109afe3a78740c1f5dd8675a2180a908699e7863c9247606?s=96&d=mm&r=g","url":"https:\/\/secure.gravatar.com\/avatar\/267e4a36f704376c109afe3a78740c1f5dd8675a2180a908699e7863c9247606?s=96&d=mm&r=g","contentUrl":"https:\/\/secure.gravatar.com\/avatar\/267e4a36f704376c109afe3a78740c1f5dd8675a2180a908699e7863c9247606?s=96&d=mm&r=g","caption":"miro.sopko"},"url":"https:\/\/www.smedemokrati.sk\/hu\/author\/miro-sopko\/"}]}},"_links":{"self":[{"href":"https:\/\/www.smedemokrati.sk\/hu\/wp-json\/wp\/v2\/posts\/5197","targetHints":{"allow":["GET"]}}],"collection":[{"href":"https:\/\/www.smedemokrati.sk\/hu\/wp-json\/wp\/v2\/posts"}],"about":[{"href":"https:\/\/www.smedemokrati.sk\/hu\/wp-json\/wp\/v2\/types\/post"}],"author":[{"embeddable":true,"href":"https:\/\/www.smedemokrati.sk\/hu\/wp-json\/wp\/v2\/users\/13"}],"replies":[{"embeddable":true,"href":"https:\/\/www.smedemokrati.sk\/hu\/wp-json\/wp\/v2\/comments?post=5197"}],"version-history":[{"count":1,"href":"https:\/\/www.smedemokrati.sk\/hu\/wp-json\/wp\/v2\/posts\/5197\/revisions"}],"predecessor-version":[{"id":5199,"href":"https:\/\/www.smedemokrati.sk\/hu\/wp-json\/wp\/v2\/posts\/5197\/revisions\/5199"}],"wp:featuredmedia":[{"embeddable":true,"href":"https:\/\/www.smedemokrati.sk\/hu\/wp-json\/wp\/v2\/media\/5198"}],"wp:attachment":[{"href":"https:\/\/www.smedemokrati.sk\/hu\/wp-json\/wp\/v2\/media?parent=5197"}],"wp:term":[{"taxonomy":"category","embeddable":true,"href":"https:\/\/www.smedemokrati.sk\/hu\/wp-json\/wp\/v2\/categories?post=5197"},{"taxonomy":"post_tag","embeddable":true,"href":"https:\/\/www.smedemokrati.sk\/hu\/wp-json\/wp\/v2\/tags?post=5197"}],"curies":[{"name":"wp","href":"https:\/\/api.w.org\/{rel}","templated":true}]}}