{"id":5137,"date":"2024-09-14T07:59:53","date_gmt":"2024-09-14T06:59:53","guid":{"rendered":"https:\/\/www.smedemokrati.sk\/?p=5137"},"modified":"2024-10-01T15:06:00","modified_gmt":"2024-10-01T14:06:00","slug":"optimalizacia-a-dofinancovanie-nemocnic-su-nevyhnutne","status":"publish","type":"post","link":"https:\/\/www.smedemokrati.sk\/hu\/optimalizacia-a-dofinancovanie-nemocnic-su-nevyhnutne\/","title":{"rendered":"Optimaliz\u00e1cia a\u00a0dofinancovanie nemocn\u00edc s\u00fa nevyhnutn\u00e9!"},"content":{"rendered":"<div id=\"fb-root\"><\/div>\n\n<p><strong>Demokrati ostro kritizuj\u00fa snahu ministerky zdravotn\u00edctva Dolinkovej o&nbsp;nov\u00e9 pravidl\u00e1 zara\u010fovania nemocn\u00edc do jednotliv\u00fdch kateg\u00f3rii v r\u00e1mci odkladanej optimaliz\u00e1cie siete nemocn\u00edc.&nbsp;<\/strong><\/p>\n\n\n\n<p><em>\u201eJe absol\u00fatne zrejm\u00e9, \u017ee ministerka Dolinkov\u00e1 len na\u0165ahuje \u010das, aby nemusela spusti\u0165 reformu nemocn\u00edc ani v&nbsp;roku 2025\u201c,<\/em>&nbsp;hovor\u00ed Viliam Novotn\u00fd, zdravotn\u00edcky expert Demokratov a z\u00e1rove\u0148 uzn\u00e1van\u00fd neurochirurg. Pritom u\u017e po vo\u013eb\u00e1ch Ficova vl\u00e1da presunula spustenie reformy nemocn\u00edc o&nbsp;jeden rok, teda z&nbsp;roku 2024 na 2025, aby mohla prehodnocova\u0165 jej nastavenie.&nbsp;<em>\u201eNech\u00e1pem teda, \u010do robila cel\u00fd rok Dolinkov\u00e1, okrem toho \u017ee dve s\u00fakromn\u00e9 nemocnice \u2013 Bory a&nbsp;Kardiocentrum Agel preradila svojvo\u013ene proti pravidl\u00e1m do vy\u0161\u0161ej kateg\u00f3rie, ke\u010f len v decembri chce predstavi\u0165 zase nov\u00fa metodiku zara\u010fovania,\u201c<\/em>&nbsp;vysvet\u013euje Viliam Novotn\u00fd.<\/p>\n\n\n\n<p>Ministerka z\u00e1rove\u0148 tento t\u00fd\u017ede\u0148 ozn\u00e1mila, \u017ee dofinancovanie zdravotn\u00edctva v&nbsp;tomto roku zatia\u013e \u201enie je na stole\u201c. Asoci\u00e1cia nemocn\u00edc pritom opakovane apelovala, \u017ee do konca roka potrebuj\u00fa nemocnice odhadom \u010fal\u0161\u00edch 250 mil. eur na zabezpe\u010denie zdravotnej starostlivosti v&nbsp;s\u00fa\u010dasnom rozsahu. V\u0161etky 3 zdravotn\u00e9 pois\u0165ovne s\u00fa pritom v&nbsp;strate a&nbsp;nedok\u00e1\u017eu tieto peniaze nemocniciam za zdravotn\u00fa starostlivos\u0165 doplati\u0165.<\/p>\n\n\n\n<p>Pod\u013ea Novotn\u00e9ho je nevyhnutn\u00e9 okam\u017eit\u00e9 dofinancovanie rezortu a&nbsp;spustenie optimaliz\u00e1cie nemocn\u00edc u\u017e od bud\u00faceho roka.&nbsp;<em>\u201eCie\u013eom reformy nemocn\u00edc nie je tresta\u0165 nemocnice, ale presadi\u0165, aby ka\u017ed\u00e1 nemocnica robila len to, na \u010do m\u00e1 vybavenie a&nbsp;odborn\u00edkov a&nbsp;bola za to dostato\u010dne zaplaten\u00e1\u201c<\/em>, vysvet\u013euje Viliam Novotn\u00fd a dod\u00e1va, \u017ee reforma je prospe\u0161n\u00e1 ako pre nemocnice, tak pacientov: &#8222;<em>Reforma m\u00e1 zabezpe\u010di\u0165 efekt\u00edvne m\u00ed\u0148anie pe\u0148az\u00ed, nezadl\u017eovanie nemocn\u00edc, najlep\u0161ie vyu\u017eitie nedostatkov\u00fdch zdravotn\u00edkov, ale najm\u00e4 zlep\u0161enie dostupnosti kvalitnej zdravotnej starostlivosti pre v\u0161etk\u00fdch pacientov na celom Slovensku\u201c.<\/em><\/p>\n\n\n\n<p><em>\u201eAk politici s\u00fa\u010dasnej vl\u00e1dy nemaj\u00fa odvahu spusti\u0165 reformu v&nbsp;zdravotn\u00edctve, tak nech to priznaj\u00fa a&nbsp;nevyhov\u00e1raj\u00fa sa na nespokojnos\u0165. S ka\u017edou reformou bude v\u017edy niekto nespokojn\u00fd, zodpovednos\u0165ou politikov je ale rie\u0161i\u0165, \u010do je dobr\u00e9 pre \u013eud\u00ed na Slovensku\u201c<\/em>, hovor\u00ed Jaroslav Na\u010f, predseda Demokratov.<em>&nbsp;\u201e\u017diadame ministerku Dolinkov\u00fa, aby okam\u017eite rie\u0161ila dofinancovanie zdravotn\u00edctva a&nbsp;neodkladala reformu nemocn\u00edc\u201c,<\/em>&nbsp;uzatv\u00e1ra Jaroslav Na\u010f.<\/p>\n","protected":false},"excerpt":{"rendered":"<p>Demokrati ostro kritizuj\u00fa snahu ministerky zdravotn\u00edctva Dolinkovej o&nbsp;nov\u00e9 pravidl\u00e1 zara\u010fovania nemocn\u00edc do jednotliv\u00fdch kateg\u00f3rii v r\u00e1mci odkladanej optimaliz\u00e1cie siete nemocn\u00edc.&nbsp; \u201eJe absol\u00fatne zrejm\u00e9, \u017ee ministerka Dolinkov\u00e1 len na\u0165ahuje \u010das, aby nemusela spusti\u0165 reformu nemocn\u00edc ani v&nbsp;roku 2025\u201c,&nbsp;hovor\u00ed Viliam Novotn\u00fd, zdravotn\u00edcky expert Demokratov a z\u00e1rove\u0148 uzn\u00e1van\u00fd neurochirurg. Pritom u\u017e po vo\u013eb\u00e1ch Ficova vl\u00e1da presunula spustenie reformy [&hellip;]<\/p>\n","protected":false},"author":13,"featured_media":5138,"comment_status":"closed","ping_status":"closed","sticky":false,"template":"","format":"standard","meta":{"_acf_changed":false,"ngg_post_thumbnail":0,"footnotes":""},"categories":[4],"tags":[],"class_list":["post-5137","post","type-post","status-publish","format-standard","has-post-thumbnail","hentry","category-tlacove-spravy"],"acf":[],"yoast_head":"<!-- This site is optimized with the Yoast SEO plugin v27.2 - https:\/\/yoast.com\/product\/yoast-seo-wordpress\/ -->\n<title>Optimaliz\u00e1cia a\u00a0dofinancovanie nemocn\u00edc s\u00fa nevyhnutn\u00e9!<\/title>\n<meta name=\"robots\" content=\"index, follow, max-snippet:-1, max-image-preview:large, max-video-preview:-1\" \/>\n<link rel=\"canonical\" href=\"https:\/\/www.smedemokrati.sk\/hu\/optimalizacia-a-dofinancovanie-nemocnic-su-nevyhnutne\/\" \/>\n<meta property=\"og:locale\" content=\"hu_HU\" \/>\n<meta property=\"og:locale:alternate\" content=\"en_US\" \/>\n<meta property=\"og:locale:alternate\" content=\"cs_CZ\" \/>\n<meta property=\"og:locale:alternate\" content=\"sk_SK\" \/>\n<meta property=\"og:locale:alternate\" content=\"sv_SE\" \/>\n<meta property=\"og:type\" content=\"article\" \/>\n<meta property=\"og:title\" content=\"Optimaliz\u00e1cia a\u00a0dofinancovanie nemocn\u00edc s\u00fa nevyhnutn\u00e9!\" \/>\n<meta property=\"og:description\" content=\"Demokrati ostro kritizuj\u00fa snahu ministerky zdravotn\u00edctva Dolinkovej o&nbsp;nov\u00e9 pravidl\u00e1 zara\u010fovania nemocn\u00edc do jednotliv\u00fdch kateg\u00f3rii v r\u00e1mci odkladanej optimaliz\u00e1cie siete nemocn\u00edc.&nbsp; \u201eJe absol\u00fatne zrejm\u00e9, \u017ee ministerka Dolinkov\u00e1 len na\u0165ahuje \u010das, aby nemusela spusti\u0165 reformu nemocn\u00edc ani v&nbsp;roku 2025\u201c,&nbsp;hovor\u00ed Viliam Novotn\u00fd, zdravotn\u00edcky expert Demokratov a z\u00e1rove\u0148 uzn\u00e1van\u00fd neurochirurg. Pritom u\u017e po vo\u013eb\u00e1ch Ficova vl\u00e1da presunula spustenie reformy [&hellip;]\" \/>\n<meta property=\"og:url\" content=\"https:\/\/www.smedemokrati.sk\/hu\/optimalizacia-a-dofinancovanie-nemocnic-su-nevyhnutne\/\" \/>\n<meta property=\"og:site_name\" content=\"Smedemokrati.sk\" \/>\n<meta property=\"article:publisher\" content=\"https:\/\/www.facebook.com\/smedemokrati2023\" \/>\n<meta property=\"article:published_time\" content=\"2024-09-14T06:59:53+00:00\" \/>\n<meta property=\"article:modified_time\" content=\"2024-10-01T14:06:00+00:00\" \/>\n<meta property=\"og:image\" content=\"https:\/\/www.smedemokrati.sk\/wp-content\/uploads\/2024\/09\/2149191356.jpg\" \/>\n\t<meta property=\"og:image:width\" content=\"1000\" \/>\n\t<meta property=\"og:image:height\" content=\"667\" \/>\n\t<meta property=\"og:image:type\" content=\"image\/jpeg\" \/>\n<meta name=\"author\" content=\"miro.sopko\" \/>\n<meta name=\"twitter:card\" content=\"summary_large_image\" \/>\n<meta name=\"twitter:label1\" content=\"Szerz\u0151:\" \/>\n\t<meta name=\"twitter:data1\" content=\"miro.sopko\" \/>\n\t<meta name=\"twitter:label2\" content=\"Becs\u00fclt olvas\u00e1si id\u0151\" \/>\n\t<meta name=\"twitter:data2\" content=\"2 perc\" \/>\n<script type=\"application\/ld+json\" class=\"yoast-schema-graph\">{\"@context\":\"https:\/\/schema.org\",\"@graph\":[{\"@type\":\"Article\",\"@id\":\"https:\/\/www.smedemokrati.sk\/optimalizacia-a-dofinancovanie-nemocnic-su-nevyhnutne\/#article\",\"isPartOf\":{\"@id\":\"https:\/\/www.smedemokrati.sk\/optimalizacia-a-dofinancovanie-nemocnic-su-nevyhnutne\/\"},\"author\":{\"name\":\"miro.sopko\",\"@id\":\"https:\/\/www.smedemokrati.sk\/#\/schema\/person\/21f147c88d605aa7ded900e1e7c344ba\"},\"headline\":\"Optimaliz\u00e1cia a\u00a0dofinancovanie nemocn\u00edc s\u00fa nevyhnutn\u00e9!\",\"datePublished\":\"2024-09-14T06:59:53+00:00\",\"dateModified\":\"2024-10-01T14:06:00+00:00\",\"mainEntityOfPage\":{\"@id\":\"https:\/\/www.smedemokrati.sk\/optimalizacia-a-dofinancovanie-nemocnic-su-nevyhnutne\/\"},\"wordCount\":410,\"publisher\":{\"@id\":\"https:\/\/www.smedemokrati.sk\/#organization\"},\"image\":{\"@id\":\"https:\/\/www.smedemokrati.sk\/optimalizacia-a-dofinancovanie-nemocnic-su-nevyhnutne\/#primaryimage\"},\"thumbnailUrl\":\"https:\/\/www.smedemokrati.sk\/wp-content\/uploads\/2024\/09\/2149191356.jpg\",\"articleSection\":[\"Tla\u010dov\u00e9 spr\u00e1vy\"],\"inLanguage\":\"hu-HU\"},{\"@type\":\"WebPage\",\"@id\":\"https:\/\/www.smedemokrati.sk\/optimalizacia-a-dofinancovanie-nemocnic-su-nevyhnutne\/\",\"url\":\"https:\/\/www.smedemokrati.sk\/optimalizacia-a-dofinancovanie-nemocnic-su-nevyhnutne\/\",\"name\":\"Optimaliz\u00e1cia a\u00a0dofinancovanie nemocn\u00edc s\u00fa nevyhnutn\u00e9!\",\"isPartOf\":{\"@id\":\"https:\/\/www.smedemokrati.sk\/#website\"},\"primaryImageOfPage\":{\"@id\":\"https:\/\/www.smedemokrati.sk\/optimalizacia-a-dofinancovanie-nemocnic-su-nevyhnutne\/#primaryimage\"},\"image\":{\"@id\":\"https:\/\/www.smedemokrati.sk\/optimalizacia-a-dofinancovanie-nemocnic-su-nevyhnutne\/#primaryimage\"},\"thumbnailUrl\":\"https:\/\/www.smedemokrati.sk\/wp-content\/uploads\/2024\/09\/2149191356.jpg\",\"datePublished\":\"2024-09-14T06:59:53+00:00\",\"dateModified\":\"2024-10-01T14:06:00+00:00\",\"breadcrumb\":{\"@id\":\"https:\/\/www.smedemokrati.sk\/optimalizacia-a-dofinancovanie-nemocnic-su-nevyhnutne\/#breadcrumb\"},\"inLanguage\":\"hu-HU\",\"potentialAction\":[{\"@type\":\"ReadAction\",\"target\":[\"https:\/\/www.smedemokrati.sk\/optimalizacia-a-dofinancovanie-nemocnic-su-nevyhnutne\/\"]}]},{\"@type\":\"ImageObject\",\"inLanguage\":\"hu-HU\",\"@id\":\"https:\/\/www.smedemokrati.sk\/optimalizacia-a-dofinancovanie-nemocnic-su-nevyhnutne\/#primaryimage\",\"url\":\"https:\/\/www.smedemokrati.sk\/wp-content\/uploads\/2024\/09\/2149191356.jpg\",\"contentUrl\":\"https:\/\/www.smedemokrati.sk\/wp-content\/uploads\/2024\/09\/2149191356.jpg\",\"width\":1000,\"height\":667},{\"@type\":\"BreadcrumbList\",\"@id\":\"https:\/\/www.smedemokrati.sk\/optimalizacia-a-dofinancovanie-nemocnic-su-nevyhnutne\/#breadcrumb\",\"itemListElement\":[{\"@type\":\"ListItem\",\"position\":1,\"name\":\"Domovsk\u00e1 str\u00e1nka\",\"item\":\"https:\/\/www.smedemokrati.sk\/\"},{\"@type\":\"ListItem\",\"position\":2,\"name\":\"Optimaliz\u00e1cia a\u00a0dofinancovanie nemocn\u00edc s\u00fa nevyhnutn\u00e9!\"}]},{\"@type\":\"WebSite\",\"@id\":\"https:\/\/www.smedemokrati.sk\/#website\",\"url\":\"https:\/\/www.smedemokrati.sk\/\",\"name\":\"Smedemokrati.sk\",\"description\":\"Demokracia a slu\u0161nos\u0165 zv\u00ed\u0165az\u00ed\",\"publisher\":{\"@id\":\"https:\/\/www.smedemokrati.sk\/#organization\"},\"potentialAction\":[{\"@type\":\"SearchAction\",\"target\":{\"@type\":\"EntryPoint\",\"urlTemplate\":\"https:\/\/www.smedemokrati.sk\/?s={search_term_string}\"},\"query-input\":{\"@type\":\"PropertyValueSpecification\",\"valueRequired\":true,\"valueName\":\"search_term_string\"}}],\"inLanguage\":\"hu-HU\"},{\"@type\":\"Organization\",\"@id\":\"https:\/\/www.smedemokrati.sk\/#organization\",\"name\":\"Smedemokrati.sk\",\"url\":\"https:\/\/www.smedemokrati.sk\/\",\"logo\":{\"@type\":\"ImageObject\",\"inLanguage\":\"hu-HU\",\"@id\":\"https:\/\/www.smedemokrati.sk\/#\/schema\/logo\/image\/\",\"url\":\"https:\/\/www.smedemokrati.sk\/wp-content\/uploads\/2023\/04\/ff.002.jpeg\",\"contentUrl\":\"https:\/\/www.smedemokrati.sk\/wp-content\/uploads\/2023\/04\/ff.002.jpeg\",\"width\":640,\"height\":480,\"caption\":\"Smedemokrati.sk\"},\"image\":{\"@id\":\"https:\/\/www.smedemokrati.sk\/#\/schema\/logo\/image\/\"},\"sameAs\":[\"https:\/\/www.facebook.com\/smedemokrati2023\"]},{\"@type\":\"Person\",\"@id\":\"https:\/\/www.smedemokrati.sk\/#\/schema\/person\/21f147c88d605aa7ded900e1e7c344ba\",\"name\":\"miro.sopko\",\"image\":{\"@type\":\"ImageObject\",\"inLanguage\":\"hu-HU\",\"@id\":\"https:\/\/secure.gravatar.com\/avatar\/267e4a36f704376c109afe3a78740c1f5dd8675a2180a908699e7863c9247606?s=96&d=mm&r=g\",\"url\":\"https:\/\/secure.gravatar.com\/avatar\/267e4a36f704376c109afe3a78740c1f5dd8675a2180a908699e7863c9247606?s=96&d=mm&r=g\",\"contentUrl\":\"https:\/\/secure.gravatar.com\/avatar\/267e4a36f704376c109afe3a78740c1f5dd8675a2180a908699e7863c9247606?s=96&d=mm&r=g\",\"caption\":\"miro.sopko\"},\"url\":\"https:\/\/www.smedemokrati.sk\/hu\/author\/miro-sopko\/\"}]}<\/script>\n<!-- \/ Yoast SEO plugin. -->","yoast_head_json":{"title":"Optimaliz\u00e1cia a\u00a0dofinancovanie nemocn\u00edc s\u00fa nevyhnutn\u00e9!","robots":{"index":"index","follow":"follow","max-snippet":"max-snippet:-1","max-image-preview":"max-image-preview:large","max-video-preview":"max-video-preview:-1"},"canonical":"https:\/\/www.smedemokrati.sk\/hu\/optimalizacia-a-dofinancovanie-nemocnic-su-nevyhnutne\/","og_locale":"hu_HU","og_type":"article","og_title":"[:sk]Optimaliz\u00e1cia a\u00a0dofinancovanie nemocn\u00edc s\u00fa nevyhnutn\u00e9![:] - Smedemokrati.sk","og_description":"Demokrati ostro kritizuj\u00fa snahu ministerky zdravotn\u00edctva Dolinkovej o&nbsp;nov\u00e9 pravidl\u00e1 zara\u010fovania nemocn\u00edc do jednotliv\u00fdch kateg\u00f3rii v r\u00e1mci odkladanej optimaliz\u00e1cie siete nemocn\u00edc.&nbsp; \u201eJe absol\u00fatne zrejm\u00e9, \u017ee ministerka Dolinkov\u00e1 len na\u0165ahuje \u010das, aby nemusela spusti\u0165 reformu nemocn\u00edc ani v&nbsp;roku 2025\u201c,&nbsp;hovor\u00ed Viliam Novotn\u00fd, zdravotn\u00edcky expert Demokratov a z\u00e1rove\u0148 uzn\u00e1van\u00fd neurochirurg. Pritom u\u017e po vo\u013eb\u00e1ch Ficova vl\u00e1da presunula spustenie reformy [&hellip;]","og_url":"https:\/\/www.smedemokrati.sk\/hu\/optimalizacia-a-dofinancovanie-nemocnic-su-nevyhnutne\/","og_site_name":"Smedemokrati.sk","article_publisher":"https:\/\/www.facebook.com\/smedemokrati2023","article_published_time":"2024-09-14T06:59:53+00:00","article_modified_time":"2024-10-01T14:06:00+00:00","og_image":[{"width":1000,"height":667,"url":"https:\/\/www.smedemokrati.sk\/wp-content\/uploads\/2024\/09\/2149191356.jpg","type":"image\/jpeg"}],"author":"miro.sopko","twitter_card":"summary_large_image","twitter_misc":{"Szerz\u0151:":"miro.sopko","Becs\u00fclt olvas\u00e1si id\u0151":"2 perc"},"schema":{"@context":"https:\/\/schema.org","@graph":[{"@type":"Article","@id":"https:\/\/www.smedemokrati.sk\/optimalizacia-a-dofinancovanie-nemocnic-su-nevyhnutne\/#article","isPartOf":{"@id":"https:\/\/www.smedemokrati.sk\/optimalizacia-a-dofinancovanie-nemocnic-su-nevyhnutne\/"},"author":{"name":"miro.sopko","@id":"https:\/\/www.smedemokrati.sk\/#\/schema\/person\/21f147c88d605aa7ded900e1e7c344ba"},"headline":"Optimaliz\u00e1cia a\u00a0dofinancovanie nemocn\u00edc s\u00fa nevyhnutn\u00e9!","datePublished":"2024-09-14T06:59:53+00:00","dateModified":"2024-10-01T14:06:00+00:00","mainEntityOfPage":{"@id":"https:\/\/www.smedemokrati.sk\/optimalizacia-a-dofinancovanie-nemocnic-su-nevyhnutne\/"},"wordCount":410,"publisher":{"@id":"https:\/\/www.smedemokrati.sk\/#organization"},"image":{"@id":"https:\/\/www.smedemokrati.sk\/optimalizacia-a-dofinancovanie-nemocnic-su-nevyhnutne\/#primaryimage"},"thumbnailUrl":"https:\/\/www.smedemokrati.sk\/wp-content\/uploads\/2024\/09\/2149191356.jpg","articleSection":["Tla\u010dov\u00e9 spr\u00e1vy"],"inLanguage":"hu-HU"},{"@type":"WebPage","@id":"https:\/\/www.smedemokrati.sk\/optimalizacia-a-dofinancovanie-nemocnic-su-nevyhnutne\/","url":"https:\/\/www.smedemokrati.sk\/optimalizacia-a-dofinancovanie-nemocnic-su-nevyhnutne\/","name":"Optimaliz\u00e1cia a\u00a0dofinancovanie nemocn\u00edc s\u00fa nevyhnutn\u00e9!","isPartOf":{"@id":"https:\/\/www.smedemokrati.sk\/#website"},"primaryImageOfPage":{"@id":"https:\/\/www.smedemokrati.sk\/optimalizacia-a-dofinancovanie-nemocnic-su-nevyhnutne\/#primaryimage"},"image":{"@id":"https:\/\/www.smedemokrati.sk\/optimalizacia-a-dofinancovanie-nemocnic-su-nevyhnutne\/#primaryimage"},"thumbnailUrl":"https:\/\/www.smedemokrati.sk\/wp-content\/uploads\/2024\/09\/2149191356.jpg","datePublished":"2024-09-14T06:59:53+00:00","dateModified":"2024-10-01T14:06:00+00:00","breadcrumb":{"@id":"https:\/\/www.smedemokrati.sk\/optimalizacia-a-dofinancovanie-nemocnic-su-nevyhnutne\/#breadcrumb"},"inLanguage":"hu-HU","potentialAction":[{"@type":"ReadAction","target":["https:\/\/www.smedemokrati.sk\/optimalizacia-a-dofinancovanie-nemocnic-su-nevyhnutne\/"]}]},{"@type":"ImageObject","inLanguage":"hu-HU","@id":"https:\/\/www.smedemokrati.sk\/optimalizacia-a-dofinancovanie-nemocnic-su-nevyhnutne\/#primaryimage","url":"https:\/\/www.smedemokrati.sk\/wp-content\/uploads\/2024\/09\/2149191356.jpg","contentUrl":"https:\/\/www.smedemokrati.sk\/wp-content\/uploads\/2024\/09\/2149191356.jpg","width":1000,"height":667},{"@type":"BreadcrumbList","@id":"https:\/\/www.smedemokrati.sk\/optimalizacia-a-dofinancovanie-nemocnic-su-nevyhnutne\/#breadcrumb","itemListElement":[{"@type":"ListItem","position":1,"name":"Domovsk\u00e1 str\u00e1nka","item":"https:\/\/www.smedemokrati.sk\/"},{"@type":"ListItem","position":2,"name":"Optimaliz\u00e1cia a\u00a0dofinancovanie nemocn\u00edc s\u00fa nevyhnutn\u00e9!"}]},{"@type":"WebSite","@id":"https:\/\/www.smedemokrati.sk\/#website","url":"https:\/\/www.smedemokrati.sk\/","name":"Smedemokrati.sk","description":"Demokracia a slu\u0161nos\u0165 zv\u00ed\u0165az\u00ed","publisher":{"@id":"https:\/\/www.smedemokrati.sk\/#organization"},"potentialAction":[{"@type":"SearchAction","target":{"@type":"EntryPoint","urlTemplate":"https:\/\/www.smedemokrati.sk\/?s={search_term_string}"},"query-input":{"@type":"PropertyValueSpecification","valueRequired":true,"valueName":"search_term_string"}}],"inLanguage":"hu-HU"},{"@type":"Organization","@id":"https:\/\/www.smedemokrati.sk\/#organization","name":"Smedemokrati.sk","url":"https:\/\/www.smedemokrati.sk\/","logo":{"@type":"ImageObject","inLanguage":"hu-HU","@id":"https:\/\/www.smedemokrati.sk\/#\/schema\/logo\/image\/","url":"https:\/\/www.smedemokrati.sk\/wp-content\/uploads\/2023\/04\/ff.002.jpeg","contentUrl":"https:\/\/www.smedemokrati.sk\/wp-content\/uploads\/2023\/04\/ff.002.jpeg","width":640,"height":480,"caption":"Smedemokrati.sk"},"image":{"@id":"https:\/\/www.smedemokrati.sk\/#\/schema\/logo\/image\/"},"sameAs":["https:\/\/www.facebook.com\/smedemokrati2023"]},{"@type":"Person","@id":"https:\/\/www.smedemokrati.sk\/#\/schema\/person\/21f147c88d605aa7ded900e1e7c344ba","name":"miro.sopko","image":{"@type":"ImageObject","inLanguage":"hu-HU","@id":"https:\/\/secure.gravatar.com\/avatar\/267e4a36f704376c109afe3a78740c1f5dd8675a2180a908699e7863c9247606?s=96&d=mm&r=g","url":"https:\/\/secure.gravatar.com\/avatar\/267e4a36f704376c109afe3a78740c1f5dd8675a2180a908699e7863c9247606?s=96&d=mm&r=g","contentUrl":"https:\/\/secure.gravatar.com\/avatar\/267e4a36f704376c109afe3a78740c1f5dd8675a2180a908699e7863c9247606?s=96&d=mm&r=g","caption":"miro.sopko"},"url":"https:\/\/www.smedemokrati.sk\/hu\/author\/miro-sopko\/"}]}},"_links":{"self":[{"href":"https:\/\/www.smedemokrati.sk\/hu\/wp-json\/wp\/v2\/posts\/5137","targetHints":{"allow":["GET"]}}],"collection":[{"href":"https:\/\/www.smedemokrati.sk\/hu\/wp-json\/wp\/v2\/posts"}],"about":[{"href":"https:\/\/www.smedemokrati.sk\/hu\/wp-json\/wp\/v2\/types\/post"}],"author":[{"embeddable":true,"href":"https:\/\/www.smedemokrati.sk\/hu\/wp-json\/wp\/v2\/users\/13"}],"replies":[{"embeddable":true,"href":"https:\/\/www.smedemokrati.sk\/hu\/wp-json\/wp\/v2\/comments?post=5137"}],"version-history":[{"count":1,"href":"https:\/\/www.smedemokrati.sk\/hu\/wp-json\/wp\/v2\/posts\/5137\/revisions"}],"predecessor-version":[{"id":5139,"href":"https:\/\/www.smedemokrati.sk\/hu\/wp-json\/wp\/v2\/posts\/5137\/revisions\/5139"}],"wp:featuredmedia":[{"embeddable":true,"href":"https:\/\/www.smedemokrati.sk\/hu\/wp-json\/wp\/v2\/media\/5138"}],"wp:attachment":[{"href":"https:\/\/www.smedemokrati.sk\/hu\/wp-json\/wp\/v2\/media?parent=5137"}],"wp:term":[{"taxonomy":"category","embeddable":true,"href":"https:\/\/www.smedemokrati.sk\/hu\/wp-json\/wp\/v2\/categories?post=5137"},{"taxonomy":"post_tag","embeddable":true,"href":"https:\/\/www.smedemokrati.sk\/hu\/wp-json\/wp\/v2\/tags?post=5137"}],"curies":[{"name":"wp","href":"https:\/\/api.w.org\/{rel}","templated":true}]}}