{"id":5111,"date":"2024-09-10T17:27:54","date_gmt":"2024-09-10T16:27:54","guid":{"rendered":"https:\/\/www.smedemokrati.sk\/?p=5111"},"modified":"2024-10-01T15:04:48","modified_gmt":"2024-10-01T14:04:48","slug":"ponukame-otvorenu-ruku-sme-pripraveni-na-spolupracu-so-vsetkymi-opozicnymi-stranami","status":"publish","type":"post","link":"https:\/\/www.smedemokrati.sk\/hu\/ponukame-otvorenu-ruku-sme-pripraveni-na-spolupracu-so-vsetkymi-opozicnymi-stranami\/","title":{"rendered":"Pon\u00fakame otvoren\u00fa ruku, sme pripraven\u00ed na spolupr\u00e1cu so v\u0161etk\u00fdmi opozi\u010dn\u00fdmi stranami"},"content":{"rendered":"<div id=\"fb-root\"><\/div>\n\n<p><strong>Demokrati s\u00fa prostredn\u00edctvom poslanca \u013dubom\u00edra Galka pripraven\u00ed koordinova\u0165 hlasovania v parlamente so v\u0161etk\u00fdmi opozi\u010dn\u00fdmi strany. Rovnako hovoria, \u017ee strana podpor\u00ed n\u00e1vrh na odvolanie ministerky Martiny \u0160imkovi\u010dovej a tie\u017e, \u017ee v pr\u00edpade odvol\u00e1vania Dolinkovej, s\u00fa pripraven\u00ed toto hlasovanie podpori\u0165. Za k\u013e\u00fa\u010dov\u00e9 pova\u017euj\u00fa odvolanie aj ministra spravodlivosti Borisa Suska, ktor\u00fd novelou trestn\u00e9ho z\u00e1kona z\u00e1sadne na\u0161trbil pr\u00e1vne a demokratick\u00e9 princ\u00edpy v krajine, \u017ee hroz\u00ed pozastavenie eurofondov. Demokrati tie\u017e v\u00edtaj\u00fa nomin\u00e1ciu KDH, ktor\u00e9 chce za \u0161\u00e9fa parlamentu nominova\u0165 Franti\u0161ka Miklo\u0161ka.&nbsp;<\/strong><\/p>\n\n\n\n<p><em>\u201eBudem hlasova\u0165 za v\u0161etky tri n\u00e1vrhy odvol\u00e1vania ministrov. Koniec-koncov o\u010dak\u00e1vam, \u017ee \u010do chv\u00ed\u013ea sa aj samotn\u00e1 kult\u00farna obec vysporiada so svojou ministerkou, ktor\u00e1 nikdy nemala zasadn\u00fa\u0165 do svojho kresla. Obzvl\u00e1\u0161\u0165 k\u013e\u00fa\u010dov\u00e9 je, aby okam\u017eite odi\u0161iel minister Susko, o ktorom som presved\u010den\u00fd, \u017ee by za situ\u00e1ciu okolo mo\u017en\u00e9ho pozastavenia eurofondov, mal nies\u0165 aj trestnopr\u00e1vnu zodpovednos\u0165. No a ak pr\u00edde na odvol\u00e1vanie ministerky Dolinkovej &#8211; nie je odborne kompetentn\u00e1 vies\u0165 rezort a jej \u010fal\u0161ie zotrvanie na poz\u00edcii, m\u00f4\u017ee v\u00e1\u017ene ohrozi\u0165 fungovanie zdravotnej pomoci ob\u010danom, preto toto\u00a0 odvol\u00e1vanie podpor\u00edm&#8221;\u00a0<\/em>hovor\u00ed \u013dubom\u00edr Galko a pokra\u010duje t\u00e9mou odvol\u00e1vania Michala \u0160ime\u010dku z postu predsedu NR SR. Tento n\u00e1vrh poslanec svoj\u00edm hlasom nepodpor\u00ed.\u00a0<\/p>\n\n\n\n<p>Pod\u013ea predsedu Demokratov sa vl\u00e1dna koal\u00edcia sna\u017e\u00ed touto a \u010fal\u0161\u00edmi t\u00e9mami prekry\u0165 probl\u00e9my, ktor\u00e9 s\u00fa pre Slovensko re\u00e1lne k\u013e\u00fa\u010dov\u00e9:<em>\u00a0\u201eFico je majster v prekr\u00fdvan\u00ed. Potrebuje verejnos\u0165 zabavi\u0165 a odp\u00fata\u0165 pozornos\u0165 od toho, \u017ee pre jeho katastrof\u00e1lnu a egoistick\u00fa politiku n\u00e1m m\u00f4\u017eu by\u0165 zastaven\u00e9 eurofondy, \u017ee zlo\u010dinci dost\u00e1vaj\u00fa podmienku alebo s\u00fa rovno p\u00fa\u0161\u0165an\u00ed z basy, \u017ee potraviny a energie nie s\u00fa lacnej\u0161ie. Toto s\u00fa skuto\u010dn\u00e9 probl\u00e9my, ale my Demokrati na jeho hru nesko\u010d\u00edme. Pon\u00fakame otvoren\u00fa ruku v\u0161etk\u00fdm opozi\u010dn\u00fdm stran\u00e1m a sme pripraven\u00ed na koordin\u00e1ciu pri hlasovan\u00ed,&#8221;<\/em>\u00a0hovor\u00ed Jaroslav Na\u010f a z\u00e1rove\u0148 pozit\u00edvne hodnot\u00ed n\u00e1vrh KDH, ktor\u00e9 predstavilo Franti\u0161ka Miklo\u0161ka ako mo\u017en\u00e9ho kandid\u00e1ta na post podpredsedu NR SR. Tie\u017e ale pod\u010diarkuje, \u017ee pre politick\u00fa realitu je pravdepodobn\u00e9, \u017ee tento n\u00e1vrh neprejde.\u00a0<\/p>\n\n\n\n<p>Expert na pr\u00e1vo a spravodlivos\u0165 Juraj \u0160eliga uzatv\u00e1ra, \u017ee v parlamente nie je jedin\u00fd n\u00e1vrh, ktor\u00fd by syst\u00e9movo pom\u00e1hal ob\u010danom: \u201e<em>T\u00e1to vl\u00e1da v spolupr\u00e1ci so svojimi poslancami nerie\u0161i ni\u010d, len seba. Ficovi a \u017dilinkovi rentu, ministrom hore platy, nehovoriac o zru\u0161en\u00ed obvinenia \u017digovi a \u010fal\u0161\u00edm spriaznen\u00fdm, no zo 120 bodov sch\u00f4dze nen\u00e1jdete jeden, ktor\u00fd by pozit\u00edvne c\u00edtili \u013eudia vo svojej pe\u0148a\u017eenke. Nehovoriac o obrovsk\u00fdch probl\u00e9moch v bezpe\u010dnosti, pre neschopnos\u0165 \u0160utaj E\u0161toka, ktor\u00e9mu sa pod rukami rozpad\u00e1 cel\u00fd policajn\u00fd zbor. O tom v\u0161etkom bud\u00fa Demokrati hovori\u0165 a najm\u00e4, navrhova\u0165 rie\u0161enia.&#8221;<\/em><\/p>\n\n\n<div class=\"fb-video\" data-href=\"https:\/\/www.facebook.com\/JaroNadPublic\/videos\/508169118497350\" data-allowfullscreen=\"true\" data-autoplay=\"false\" data-width=\"\" data-show-text=\"false\" data-show-captions=\"true\"><\/div>\n","protected":false},"excerpt":{"rendered":"<p>Demokrati s\u00fa prostredn\u00edctvom poslanca \u013dubom\u00edra Galka pripraven\u00ed koordinova\u0165 hlasovania v parlamente so v\u0161etk\u00fdmi opozi\u010dn\u00fdmi strany. Rovnako hovoria, \u017ee strana podpor\u00ed n\u00e1vrh na odvolanie ministerky Martiny \u0160imkovi\u010dovej a tie\u017e, \u017ee v pr\u00edpade odvol\u00e1vania Dolinkovej, s\u00fa pripraven\u00ed toto hlasovanie podpori\u0165. Za k\u013e\u00fa\u010dov\u00e9 pova\u017euj\u00fa odvolanie aj ministra spravodlivosti Borisa Suska, ktor\u00fd novelou trestn\u00e9ho z\u00e1kona z\u00e1sadne na\u0161trbil pr\u00e1vne a [&hellip;]<\/p>\n","protected":false},"author":13,"featured_media":5113,"comment_status":"closed","ping_status":"closed","sticky":false,"template":"","format":"standard","meta":{"_acf_changed":false,"ngg_post_thumbnail":0,"footnotes":""},"categories":[4],"tags":[],"class_list":["post-5111","post","type-post","status-publish","format-standard","has-post-thumbnail","hentry","category-tlacove-spravy"],"acf":[],"yoast_head":"<!-- This site is optimized with the Yoast SEO plugin v27.2 - https:\/\/yoast.com\/product\/yoast-seo-wordpress\/ -->\n<title>Pon\u00fakame otvoren\u00fa ruku, sme pripraven\u00ed na spolupr\u00e1cu so v\u0161etk\u00fdmi opozi\u010dn\u00fdmi stranami<\/title>\n<meta name=\"robots\" content=\"index, follow, max-snippet:-1, max-image-preview:large, max-video-preview:-1\" \/>\n<link rel=\"canonical\" href=\"https:\/\/www.smedemokrati.sk\/hu\/ponukame-otvorenu-ruku-sme-pripraveni-na-spolupracu-so-vsetkymi-opozicnymi-stranami\/\" \/>\n<meta property=\"og:locale\" content=\"hu_HU\" \/>\n<meta property=\"og:locale:alternate\" content=\"en_US\" \/>\n<meta property=\"og:locale:alternate\" content=\"cs_CZ\" \/>\n<meta property=\"og:locale:alternate\" content=\"sk_SK\" \/>\n<meta property=\"og:locale:alternate\" content=\"sv_SE\" \/>\n<meta property=\"og:type\" content=\"article\" \/>\n<meta property=\"og:title\" content=\"Pon\u00fakame otvoren\u00fa ruku, sme pripraven\u00ed na spolupr\u00e1cu so v\u0161etk\u00fdmi opozi\u010dn\u00fdmi stranami\" \/>\n<meta property=\"og:description\" content=\"Demokrati s\u00fa prostredn\u00edctvom poslanca \u013dubom\u00edra Galka pripraven\u00ed koordinova\u0165 hlasovania v parlamente so v\u0161etk\u00fdmi opozi\u010dn\u00fdmi strany. Rovnako hovoria, \u017ee strana podpor\u00ed n\u00e1vrh na odvolanie ministerky Martiny \u0160imkovi\u010dovej a tie\u017e, \u017ee v pr\u00edpade odvol\u00e1vania Dolinkovej, s\u00fa pripraven\u00ed toto hlasovanie podpori\u0165. Za k\u013e\u00fa\u010dov\u00e9 pova\u017euj\u00fa odvolanie aj ministra spravodlivosti Borisa Suska, ktor\u00fd novelou trestn\u00e9ho z\u00e1kona z\u00e1sadne na\u0161trbil pr\u00e1vne a [&hellip;]\" \/>\n<meta property=\"og:url\" content=\"https:\/\/www.smedemokrati.sk\/hu\/ponukame-otvorenu-ruku-sme-pripraveni-na-spolupracu-so-vsetkymi-opozicnymi-stranami\/\" \/>\n<meta property=\"og:site_name\" content=\"Smedemokrati.sk\" \/>\n<meta property=\"article:publisher\" content=\"https:\/\/www.facebook.com\/smedemokrati2023\" \/>\n<meta property=\"article:published_time\" content=\"2024-09-10T16:27:54+00:00\" \/>\n<meta property=\"article:modified_time\" content=\"2024-10-01T14:04:48+00:00\" \/>\n<meta property=\"og:image\" content=\"https:\/\/www.smedemokrati.sk\/wp-content\/uploads\/2024\/09\/demokrati-nrsr.jpg\" \/>\n\t<meta property=\"og:image:width\" content=\"1778\" \/>\n\t<meta property=\"og:image:height\" content=\"1097\" \/>\n\t<meta property=\"og:image:type\" content=\"image\/jpeg\" \/>\n<meta name=\"author\" content=\"miro.sopko\" \/>\n<meta name=\"twitter:card\" content=\"summary_large_image\" \/>\n<meta name=\"twitter:label1\" content=\"Szerz\u0151:\" \/>\n\t<meta name=\"twitter:data1\" content=\"miro.sopko\" \/>\n\t<meta name=\"twitter:label2\" content=\"Becs\u00fclt olvas\u00e1si id\u0151\" \/>\n\t<meta name=\"twitter:data2\" content=\"3 perc\" \/>\n<script type=\"application\/ld+json\" class=\"yoast-schema-graph\">{\"@context\":\"https:\/\/schema.org\",\"@graph\":[{\"@type\":\"Article\",\"@id\":\"https:\/\/www.smedemokrati.sk\/ponukame-otvorenu-ruku-sme-pripraveni-na-spolupracu-so-vsetkymi-opozicnymi-stranami\/#article\",\"isPartOf\":{\"@id\":\"https:\/\/www.smedemokrati.sk\/ponukame-otvorenu-ruku-sme-pripraveni-na-spolupracu-so-vsetkymi-opozicnymi-stranami\/\"},\"author\":{\"name\":\"miro.sopko\",\"@id\":\"https:\/\/www.smedemokrati.sk\/#\/schema\/person\/21f147c88d605aa7ded900e1e7c344ba\"},\"headline\":\"Pon\u00fakame otvoren\u00fa ruku, sme pripraven\u00ed na spolupr\u00e1cu so v\u0161etk\u00fdmi opozi\u010dn\u00fdmi stranami\",\"datePublished\":\"2024-09-10T16:27:54+00:00\",\"dateModified\":\"2024-10-01T14:04:48+00:00\",\"mainEntityOfPage\":{\"@id\":\"https:\/\/www.smedemokrati.sk\/ponukame-otvorenu-ruku-sme-pripraveni-na-spolupracu-so-vsetkymi-opozicnymi-stranami\/\"},\"wordCount\":535,\"publisher\":{\"@id\":\"https:\/\/www.smedemokrati.sk\/#organization\"},\"image\":{\"@id\":\"https:\/\/www.smedemokrati.sk\/ponukame-otvorenu-ruku-sme-pripraveni-na-spolupracu-so-vsetkymi-opozicnymi-stranami\/#primaryimage\"},\"thumbnailUrl\":\"https:\/\/www.smedemokrati.sk\/wp-content\/uploads\/2024\/09\/demokrati-nrsr.jpg\",\"articleSection\":[\"Tla\u010dov\u00e9 spr\u00e1vy\"],\"inLanguage\":\"hu-HU\"},{\"@type\":\"WebPage\",\"@id\":\"https:\/\/www.smedemokrati.sk\/ponukame-otvorenu-ruku-sme-pripraveni-na-spolupracu-so-vsetkymi-opozicnymi-stranami\/\",\"url\":\"https:\/\/www.smedemokrati.sk\/ponukame-otvorenu-ruku-sme-pripraveni-na-spolupracu-so-vsetkymi-opozicnymi-stranami\/\",\"name\":\"Pon\u00fakame otvoren\u00fa ruku, sme pripraven\u00ed na spolupr\u00e1cu so v\u0161etk\u00fdmi opozi\u010dn\u00fdmi stranami\",\"isPartOf\":{\"@id\":\"https:\/\/www.smedemokrati.sk\/#website\"},\"primaryImageOfPage\":{\"@id\":\"https:\/\/www.smedemokrati.sk\/ponukame-otvorenu-ruku-sme-pripraveni-na-spolupracu-so-vsetkymi-opozicnymi-stranami\/#primaryimage\"},\"image\":{\"@id\":\"https:\/\/www.smedemokrati.sk\/ponukame-otvorenu-ruku-sme-pripraveni-na-spolupracu-so-vsetkymi-opozicnymi-stranami\/#primaryimage\"},\"thumbnailUrl\":\"https:\/\/www.smedemokrati.sk\/wp-content\/uploads\/2024\/09\/demokrati-nrsr.jpg\",\"datePublished\":\"2024-09-10T16:27:54+00:00\",\"dateModified\":\"2024-10-01T14:04:48+00:00\",\"breadcrumb\":{\"@id\":\"https:\/\/www.smedemokrati.sk\/ponukame-otvorenu-ruku-sme-pripraveni-na-spolupracu-so-vsetkymi-opozicnymi-stranami\/#breadcrumb\"},\"inLanguage\":\"hu-HU\",\"potentialAction\":[{\"@type\":\"ReadAction\",\"target\":[\"https:\/\/www.smedemokrati.sk\/ponukame-otvorenu-ruku-sme-pripraveni-na-spolupracu-so-vsetkymi-opozicnymi-stranami\/\"]}]},{\"@type\":\"ImageObject\",\"inLanguage\":\"hu-HU\",\"@id\":\"https:\/\/www.smedemokrati.sk\/ponukame-otvorenu-ruku-sme-pripraveni-na-spolupracu-so-vsetkymi-opozicnymi-stranami\/#primaryimage\",\"url\":\"https:\/\/www.smedemokrati.sk\/wp-content\/uploads\/2024\/09\/demokrati-nrsr.jpg\",\"contentUrl\":\"https:\/\/www.smedemokrati.sk\/wp-content\/uploads\/2024\/09\/demokrati-nrsr.jpg\",\"width\":1778,\"height\":1097},{\"@type\":\"BreadcrumbList\",\"@id\":\"https:\/\/www.smedemokrati.sk\/ponukame-otvorenu-ruku-sme-pripraveni-na-spolupracu-so-vsetkymi-opozicnymi-stranami\/#breadcrumb\",\"itemListElement\":[{\"@type\":\"ListItem\",\"position\":1,\"name\":\"Domovsk\u00e1 str\u00e1nka\",\"item\":\"https:\/\/www.smedemokrati.sk\/\"},{\"@type\":\"ListItem\",\"position\":2,\"name\":\"Pon\u00fakame otvoren\u00fa ruku, sme pripraven\u00ed na spolupr\u00e1cu so v\u0161etk\u00fdmi opozi\u010dn\u00fdmi stranami\"}]},{\"@type\":\"WebSite\",\"@id\":\"https:\/\/www.smedemokrati.sk\/#website\",\"url\":\"https:\/\/www.smedemokrati.sk\/\",\"name\":\"Smedemokrati.sk\",\"description\":\"Demokracia a slu\u0161nos\u0165 zv\u00ed\u0165az\u00ed\",\"publisher\":{\"@id\":\"https:\/\/www.smedemokrati.sk\/#organization\"},\"potentialAction\":[{\"@type\":\"SearchAction\",\"target\":{\"@type\":\"EntryPoint\",\"urlTemplate\":\"https:\/\/www.smedemokrati.sk\/?s={search_term_string}\"},\"query-input\":{\"@type\":\"PropertyValueSpecification\",\"valueRequired\":true,\"valueName\":\"search_term_string\"}}],\"inLanguage\":\"hu-HU\"},{\"@type\":\"Organization\",\"@id\":\"https:\/\/www.smedemokrati.sk\/#organization\",\"name\":\"Smedemokrati.sk\",\"url\":\"https:\/\/www.smedemokrati.sk\/\",\"logo\":{\"@type\":\"ImageObject\",\"inLanguage\":\"hu-HU\",\"@id\":\"https:\/\/www.smedemokrati.sk\/#\/schema\/logo\/image\/\",\"url\":\"https:\/\/www.smedemokrati.sk\/wp-content\/uploads\/2023\/04\/ff.002.jpeg\",\"contentUrl\":\"https:\/\/www.smedemokrati.sk\/wp-content\/uploads\/2023\/04\/ff.002.jpeg\",\"width\":640,\"height\":480,\"caption\":\"Smedemokrati.sk\"},\"image\":{\"@id\":\"https:\/\/www.smedemokrati.sk\/#\/schema\/logo\/image\/\"},\"sameAs\":[\"https:\/\/www.facebook.com\/smedemokrati2023\"]},{\"@type\":\"Person\",\"@id\":\"https:\/\/www.smedemokrati.sk\/#\/schema\/person\/21f147c88d605aa7ded900e1e7c344ba\",\"name\":\"miro.sopko\",\"image\":{\"@type\":\"ImageObject\",\"inLanguage\":\"hu-HU\",\"@id\":\"https:\/\/secure.gravatar.com\/avatar\/267e4a36f704376c109afe3a78740c1f5dd8675a2180a908699e7863c9247606?s=96&d=mm&r=g\",\"url\":\"https:\/\/secure.gravatar.com\/avatar\/267e4a36f704376c109afe3a78740c1f5dd8675a2180a908699e7863c9247606?s=96&d=mm&r=g\",\"contentUrl\":\"https:\/\/secure.gravatar.com\/avatar\/267e4a36f704376c109afe3a78740c1f5dd8675a2180a908699e7863c9247606?s=96&d=mm&r=g\",\"caption\":\"miro.sopko\"},\"url\":\"https:\/\/www.smedemokrati.sk\/hu\/author\/miro-sopko\/\"}]}<\/script>\n<!-- \/ Yoast SEO plugin. -->","yoast_head_json":{"title":"Pon\u00fakame otvoren\u00fa ruku, sme pripraven\u00ed na spolupr\u00e1cu so v\u0161etk\u00fdmi opozi\u010dn\u00fdmi stranami","robots":{"index":"index","follow":"follow","max-snippet":"max-snippet:-1","max-image-preview":"max-image-preview:large","max-video-preview":"max-video-preview:-1"},"canonical":"https:\/\/www.smedemokrati.sk\/hu\/ponukame-otvorenu-ruku-sme-pripraveni-na-spolupracu-so-vsetkymi-opozicnymi-stranami\/","og_locale":"hu_HU","og_type":"article","og_title":"[:sk]Pon\u00fakame otvoren\u00fa ruku, sme pripraven\u00ed na spolupr\u00e1cu so v\u0161etk\u00fdmi opozi\u010dn\u00fdmi stranami[:] - Smedemokrati.sk","og_description":"Demokrati s\u00fa prostredn\u00edctvom poslanca \u013dubom\u00edra Galka pripraven\u00ed koordinova\u0165 hlasovania v parlamente so v\u0161etk\u00fdmi opozi\u010dn\u00fdmi strany. Rovnako hovoria, \u017ee strana podpor\u00ed n\u00e1vrh na odvolanie ministerky Martiny \u0160imkovi\u010dovej a tie\u017e, \u017ee v pr\u00edpade odvol\u00e1vania Dolinkovej, s\u00fa pripraven\u00ed toto hlasovanie podpori\u0165. Za k\u013e\u00fa\u010dov\u00e9 pova\u017euj\u00fa odvolanie aj ministra spravodlivosti Borisa Suska, ktor\u00fd novelou trestn\u00e9ho z\u00e1kona z\u00e1sadne na\u0161trbil pr\u00e1vne a [&hellip;]","og_url":"https:\/\/www.smedemokrati.sk\/hu\/ponukame-otvorenu-ruku-sme-pripraveni-na-spolupracu-so-vsetkymi-opozicnymi-stranami\/","og_site_name":"Smedemokrati.sk","article_publisher":"https:\/\/www.facebook.com\/smedemokrati2023","article_published_time":"2024-09-10T16:27:54+00:00","article_modified_time":"2024-10-01T14:04:48+00:00","og_image":[{"width":1778,"height":1097,"url":"https:\/\/www.smedemokrati.sk\/wp-content\/uploads\/2024\/09\/demokrati-nrsr.jpg","type":"image\/jpeg"}],"author":"miro.sopko","twitter_card":"summary_large_image","twitter_misc":{"Szerz\u0151:":"miro.sopko","Becs\u00fclt olvas\u00e1si id\u0151":"3 perc"},"schema":{"@context":"https:\/\/schema.org","@graph":[{"@type":"Article","@id":"https:\/\/www.smedemokrati.sk\/ponukame-otvorenu-ruku-sme-pripraveni-na-spolupracu-so-vsetkymi-opozicnymi-stranami\/#article","isPartOf":{"@id":"https:\/\/www.smedemokrati.sk\/ponukame-otvorenu-ruku-sme-pripraveni-na-spolupracu-so-vsetkymi-opozicnymi-stranami\/"},"author":{"name":"miro.sopko","@id":"https:\/\/www.smedemokrati.sk\/#\/schema\/person\/21f147c88d605aa7ded900e1e7c344ba"},"headline":"Pon\u00fakame otvoren\u00fa ruku, sme pripraven\u00ed na spolupr\u00e1cu so v\u0161etk\u00fdmi opozi\u010dn\u00fdmi stranami","datePublished":"2024-09-10T16:27:54+00:00","dateModified":"2024-10-01T14:04:48+00:00","mainEntityOfPage":{"@id":"https:\/\/www.smedemokrati.sk\/ponukame-otvorenu-ruku-sme-pripraveni-na-spolupracu-so-vsetkymi-opozicnymi-stranami\/"},"wordCount":535,"publisher":{"@id":"https:\/\/www.smedemokrati.sk\/#organization"},"image":{"@id":"https:\/\/www.smedemokrati.sk\/ponukame-otvorenu-ruku-sme-pripraveni-na-spolupracu-so-vsetkymi-opozicnymi-stranami\/#primaryimage"},"thumbnailUrl":"https:\/\/www.smedemokrati.sk\/wp-content\/uploads\/2024\/09\/demokrati-nrsr.jpg","articleSection":["Tla\u010dov\u00e9 spr\u00e1vy"],"inLanguage":"hu-HU"},{"@type":"WebPage","@id":"https:\/\/www.smedemokrati.sk\/ponukame-otvorenu-ruku-sme-pripraveni-na-spolupracu-so-vsetkymi-opozicnymi-stranami\/","url":"https:\/\/www.smedemokrati.sk\/ponukame-otvorenu-ruku-sme-pripraveni-na-spolupracu-so-vsetkymi-opozicnymi-stranami\/","name":"Pon\u00fakame otvoren\u00fa ruku, sme pripraven\u00ed na spolupr\u00e1cu so v\u0161etk\u00fdmi opozi\u010dn\u00fdmi stranami","isPartOf":{"@id":"https:\/\/www.smedemokrati.sk\/#website"},"primaryImageOfPage":{"@id":"https:\/\/www.smedemokrati.sk\/ponukame-otvorenu-ruku-sme-pripraveni-na-spolupracu-so-vsetkymi-opozicnymi-stranami\/#primaryimage"},"image":{"@id":"https:\/\/www.smedemokrati.sk\/ponukame-otvorenu-ruku-sme-pripraveni-na-spolupracu-so-vsetkymi-opozicnymi-stranami\/#primaryimage"},"thumbnailUrl":"https:\/\/www.smedemokrati.sk\/wp-content\/uploads\/2024\/09\/demokrati-nrsr.jpg","datePublished":"2024-09-10T16:27:54+00:00","dateModified":"2024-10-01T14:04:48+00:00","breadcrumb":{"@id":"https:\/\/www.smedemokrati.sk\/ponukame-otvorenu-ruku-sme-pripraveni-na-spolupracu-so-vsetkymi-opozicnymi-stranami\/#breadcrumb"},"inLanguage":"hu-HU","potentialAction":[{"@type":"ReadAction","target":["https:\/\/www.smedemokrati.sk\/ponukame-otvorenu-ruku-sme-pripraveni-na-spolupracu-so-vsetkymi-opozicnymi-stranami\/"]}]},{"@type":"ImageObject","inLanguage":"hu-HU","@id":"https:\/\/www.smedemokrati.sk\/ponukame-otvorenu-ruku-sme-pripraveni-na-spolupracu-so-vsetkymi-opozicnymi-stranami\/#primaryimage","url":"https:\/\/www.smedemokrati.sk\/wp-content\/uploads\/2024\/09\/demokrati-nrsr.jpg","contentUrl":"https:\/\/www.smedemokrati.sk\/wp-content\/uploads\/2024\/09\/demokrati-nrsr.jpg","width":1778,"height":1097},{"@type":"BreadcrumbList","@id":"https:\/\/www.smedemokrati.sk\/ponukame-otvorenu-ruku-sme-pripraveni-na-spolupracu-so-vsetkymi-opozicnymi-stranami\/#breadcrumb","itemListElement":[{"@type":"ListItem","position":1,"name":"Domovsk\u00e1 str\u00e1nka","item":"https:\/\/www.smedemokrati.sk\/"},{"@type":"ListItem","position":2,"name":"Pon\u00fakame otvoren\u00fa ruku, sme pripraven\u00ed na spolupr\u00e1cu so v\u0161etk\u00fdmi opozi\u010dn\u00fdmi stranami"}]},{"@type":"WebSite","@id":"https:\/\/www.smedemokrati.sk\/#website","url":"https:\/\/www.smedemokrati.sk\/","name":"Smedemokrati.sk","description":"Demokracia a slu\u0161nos\u0165 zv\u00ed\u0165az\u00ed","publisher":{"@id":"https:\/\/www.smedemokrati.sk\/#organization"},"potentialAction":[{"@type":"SearchAction","target":{"@type":"EntryPoint","urlTemplate":"https:\/\/www.smedemokrati.sk\/?s={search_term_string}"},"query-input":{"@type":"PropertyValueSpecification","valueRequired":true,"valueName":"search_term_string"}}],"inLanguage":"hu-HU"},{"@type":"Organization","@id":"https:\/\/www.smedemokrati.sk\/#organization","name":"Smedemokrati.sk","url":"https:\/\/www.smedemokrati.sk\/","logo":{"@type":"ImageObject","inLanguage":"hu-HU","@id":"https:\/\/www.smedemokrati.sk\/#\/schema\/logo\/image\/","url":"https:\/\/www.smedemokrati.sk\/wp-content\/uploads\/2023\/04\/ff.002.jpeg","contentUrl":"https:\/\/www.smedemokrati.sk\/wp-content\/uploads\/2023\/04\/ff.002.jpeg","width":640,"height":480,"caption":"Smedemokrati.sk"},"image":{"@id":"https:\/\/www.smedemokrati.sk\/#\/schema\/logo\/image\/"},"sameAs":["https:\/\/www.facebook.com\/smedemokrati2023"]},{"@type":"Person","@id":"https:\/\/www.smedemokrati.sk\/#\/schema\/person\/21f147c88d605aa7ded900e1e7c344ba","name":"miro.sopko","image":{"@type":"ImageObject","inLanguage":"hu-HU","@id":"https:\/\/secure.gravatar.com\/avatar\/267e4a36f704376c109afe3a78740c1f5dd8675a2180a908699e7863c9247606?s=96&d=mm&r=g","url":"https:\/\/secure.gravatar.com\/avatar\/267e4a36f704376c109afe3a78740c1f5dd8675a2180a908699e7863c9247606?s=96&d=mm&r=g","contentUrl":"https:\/\/secure.gravatar.com\/avatar\/267e4a36f704376c109afe3a78740c1f5dd8675a2180a908699e7863c9247606?s=96&d=mm&r=g","caption":"miro.sopko"},"url":"https:\/\/www.smedemokrati.sk\/hu\/author\/miro-sopko\/"}]}},"_links":{"self":[{"href":"https:\/\/www.smedemokrati.sk\/hu\/wp-json\/wp\/v2\/posts\/5111","targetHints":{"allow":["GET"]}}],"collection":[{"href":"https:\/\/www.smedemokrati.sk\/hu\/wp-json\/wp\/v2\/posts"}],"about":[{"href":"https:\/\/www.smedemokrati.sk\/hu\/wp-json\/wp\/v2\/types\/post"}],"author":[{"embeddable":true,"href":"https:\/\/www.smedemokrati.sk\/hu\/wp-json\/wp\/v2\/users\/13"}],"replies":[{"embeddable":true,"href":"https:\/\/www.smedemokrati.sk\/hu\/wp-json\/wp\/v2\/comments?post=5111"}],"version-history":[{"count":1,"href":"https:\/\/www.smedemokrati.sk\/hu\/wp-json\/wp\/v2\/posts\/5111\/revisions"}],"predecessor-version":[{"id":5114,"href":"https:\/\/www.smedemokrati.sk\/hu\/wp-json\/wp\/v2\/posts\/5111\/revisions\/5114"}],"wp:featuredmedia":[{"embeddable":true,"href":"https:\/\/www.smedemokrati.sk\/hu\/wp-json\/wp\/v2\/media\/5113"}],"wp:attachment":[{"href":"https:\/\/www.smedemokrati.sk\/hu\/wp-json\/wp\/v2\/media?parent=5111"}],"wp:term":[{"taxonomy":"category","embeddable":true,"href":"https:\/\/www.smedemokrati.sk\/hu\/wp-json\/wp\/v2\/categories?post=5111"},{"taxonomy":"post_tag","embeddable":true,"href":"https:\/\/www.smedemokrati.sk\/hu\/wp-json\/wp\/v2\/tags?post=5111"}],"curies":[{"name":"wp","href":"https:\/\/api.w.org\/{rel}","templated":true}]}}