{"id":5089,"date":"2024-09-07T15:58:24","date_gmt":"2024-09-07T14:58:24","guid":{"rendered":"https:\/\/www.smedemokrati.sk\/?p=5089"},"modified":"2024-09-19T22:34:34","modified_gmt":"2024-09-19T21:34:34","slug":"taraba-kupil-za-pol-miliona-budovu-v-meste-odkial-pochadza-na-ukor-riesenia-havarijneho-stavu-ovzdusia-v-jelsave","status":"publish","type":"post","link":"https:\/\/www.smedemokrati.sk\/hu\/taraba-kupil-za-pol-miliona-budovu-v-meste-odkial-pochadza-na-ukor-riesenia-havarijneho-stavu-ovzdusia-v-jelsave\/","title":{"rendered":"Taraba k\u00fapil za pol mili\u00f3na budovu v meste, odkia\u013e poch\u00e1dza, na \u00fakor rie\u0161enia havarijn\u00e9ho stavu ovzdu\u0161ia v Jel\u0161ave"},"content":{"rendered":"<div id=\"fb-root\"><\/div>\n\n<p><strong>Na pokyn ministra Tarabu m\u00e1 \u0161t\u00e1tny podnik Vodohospod\u00e1rska v\u00fdstavba k\u00fapi\u0165 historick\u00fa budovu v centre Modry. Michal Ki\u010da upozor\u0148uje, \u017ee pr\u00e1ve v Modre mali bydlisko minister \u017eivotn\u00e9ho prostredia ale aj jeho zn\u00e1my, advok\u00e1t Podhorsk\u00fd, ktor\u00fd z\u00edskal na rezorte kontrakty na pr\u00e1vne slu\u017eby za 600 tis\u00edc eur. Demokrati vyz\u00fdvaj\u00fa Tarabu na objasnenie \u00fa\u010delnosti a hospod\u00e1rnosti n\u00e1kupu. <\/strong><\/p>\n\n\n\n<p>Expert na \u017eivotn\u00e9 prostredie strany Demokrati kritizuje ned\u00e1vne kroky Tarabu, ktor\u00fd na rokovan\u00ed vl\u00e1dy zru\u0161il projekt na z\u00e1chranu nekvalitn\u00e9ho ovzdu\u0161ia v Jel\u0161ave, a to s od\u00f4vodnen\u00edm, \u017ee na\u0148 nie s\u00fa peniaze. Pod\u013ea Michala Ki\u010du je preto zar\u00e1\u017eaj\u00face, \u017ee sa v rezorte na\u0161lo pol mili\u00f3na eur na k\u00fapu budovy priamo v meste, odkia\u013e minister poch\u00e1dza:\u00a0<em>\u201eIde o historick\u00fa budovu evanjelickej cirkvi, ktor\u00e1 m\u00e1 po novom sl\u00fa\u017ei\u0165 ako \u0161koliace stredisko vodohospod\u00e1rov. Taraba op\u00e4\u0165 preuk\u00e1zal, \u017ee jeho z\u00e1ujmy s\u00fa niekde absol\u00fatne inde, ako zdrav\u00e9 \u017eivotn\u00e9 prostredie. Pol mili\u00f3na eur na n\u00e1kup zbyto\u010dnej nezrekon\u0161truovanej budovy sa mohlo vyu\u017ei\u0165 na projekt, ktor\u00fd mal sl\u00fa\u017ei\u0165 na z\u00e1chranu havarijn\u00e9ho stavu ovzdu\u0161ia v Jel\u0161ave. Nepova\u017eujem za n\u00e1hodu, \u017ee Taraba nechal za \u0161t\u00e1tne prostriedky k\u00fapi\u0165 budovu v Modre, od cirkevn\u00e9ho zboru, ktor\u00fd nav\u0161t\u00edvil v novembri po\u010das podujatia organizovan\u00e9ho Maticou Slovenskou. Naviac, t\u00e1to k\u00fapna cena je o 50 tis\u00edc eur drah\u0161ia ako znaleck\u00e1. Modra nie je zn\u00e1ma ako centrum vzdel\u00e1vania vodohospod\u00e1rov, jedn\u00e1 sa len o Tarabove osobn\u00e9 preferencie\u201d<\/em>\u00a0otv\u00e1ra t\u00e9mu Michal Ki\u010da a dod\u00e1va, \u017ee za zl\u00e9 ovzdu\u0161ie v Jel\u0161ave sme u\u017e prehrali eur\u00f3psky s\u00fad a ak situ\u00e1cia v meste nebude vyrie\u0161en\u00e1, Slovensko m\u00f4\u017ee dosta\u0165 a\u017e mili\u00f3nov\u00e9 pokuty.\u00a0<\/p>\n\n\n\n<p>Pod\u013ea Ki\u010du navy\u0161e rezort disponuje budovami, kde by sa \u0161kolenia mohli realizova\u0165, samotn\u00fd \u0161t\u00e1tny podnik ich m\u00e1 nieko\u013eko:\u00a0<em>\u201eVyz\u00fdvam ministra Tarabu, aby d\u00f4kladne objasnil \u00fa\u010delnos\u0165 a hospod\u00e1rnos\u0165 n\u00e1kupu, preto\u017ee rezort vlastn\u00ed budovy, v ktor\u00fdch by sa tieto aktivity mohli realizova\u0165 alebo bezplatne previes\u0165 do spr\u00e1vy podniku. Tie\u017e chcem po\u010du\u0165, ako od\u00f4vod\u0148uje n\u00e1kup budovy o 50 tis\u00edc eur drah\u0161ie ako znaleck\u00fd posudok a ako bude rezort rie\u0161i\u0165 situ\u00e1ciu v Jel\u0161ave, preto\u017ee aj tam si \u013eudia zasl\u00fa\u017eia d\u00fdcha\u0165 \u010dist\u00fd vzduch.&#8221;\u00a0<\/em><\/p>\n\n\n<div class=\"fb-video\" data-href=\"https:\/\/www.facebook.com\/reel\/1224466128702074\" data-allowfullscreen=\"true\" data-autoplay=\"false\" data-width=\"\" data-show-text=\"false\" data-show-captions=\"true\"><\/div>\n","protected":false},"excerpt":{"rendered":"<p>Na pokyn ministra Tarabu m\u00e1 \u0161t\u00e1tny podnik Vodohospod\u00e1rska v\u00fdstavba k\u00fapi\u0165 historick\u00fa budovu v centre Modry. Michal Ki\u010da upozor\u0148uje, \u017ee pr\u00e1ve v Modre mali bydlisko minister \u017eivotn\u00e9ho prostredia ale aj jeho zn\u00e1my, advok\u00e1t Podhorsk\u00fd, ktor\u00fd z\u00edskal na rezorte kontrakty na pr\u00e1vne slu\u017eby za 600 tis\u00edc eur. Demokrati vyz\u00fdvaj\u00fa Tarabu na objasnenie \u00fa\u010delnosti a hospod\u00e1rnosti n\u00e1kupu. Expert [&hellip;]<\/p>\n","protected":false},"author":13,"featured_media":5090,"comment_status":"closed","ping_status":"closed","sticky":false,"template":"","format":"standard","meta":{"_acf_changed":false,"ngg_post_thumbnail":0,"footnotes":""},"categories":[4],"tags":[],"class_list":["post-5089","post","type-post","status-publish","format-standard","has-post-thumbnail","hentry","category-tlacove-spravy"],"acf":[],"yoast_head":"<!-- This site is optimized with the Yoast SEO plugin v27.2 - https:\/\/yoast.com\/product\/yoast-seo-wordpress\/ -->\n<title>Taraba k\u00fapil za pol mili\u00f3na budovu v meste, odkia\u013e poch\u00e1dza, na \u00fakor rie\u0161enia havarijn\u00e9ho stavu ovzdu\u0161ia v Jel\u0161ave<\/title>\n<meta name=\"robots\" content=\"index, follow, max-snippet:-1, max-image-preview:large, max-video-preview:-1\" \/>\n<link rel=\"canonical\" href=\"https:\/\/www.smedemokrati.sk\/hu\/taraba-kupil-za-pol-miliona-budovu-v-meste-odkial-pochadza-na-ukor-riesenia-havarijneho-stavu-ovzdusia-v-jelsave\/\" \/>\n<meta property=\"og:locale\" content=\"hu_HU\" \/>\n<meta property=\"og:locale:alternate\" content=\"en_US\" \/>\n<meta property=\"og:locale:alternate\" content=\"cs_CZ\" \/>\n<meta property=\"og:locale:alternate\" content=\"sk_SK\" \/>\n<meta property=\"og:locale:alternate\" content=\"sv_SE\" \/>\n<meta property=\"og:type\" content=\"article\" \/>\n<meta property=\"og:title\" content=\"Taraba k\u00fapil za pol mili\u00f3na budovu v meste, odkia\u013e poch\u00e1dza, na \u00fakor rie\u0161enia havarijn\u00e9ho stavu ovzdu\u0161ia v Jel\u0161ave\" \/>\n<meta property=\"og:description\" content=\"Na pokyn ministra Tarabu m\u00e1 \u0161t\u00e1tny podnik Vodohospod\u00e1rska v\u00fdstavba k\u00fapi\u0165 historick\u00fa budovu v centre Modry. Michal Ki\u010da upozor\u0148uje, \u017ee pr\u00e1ve v Modre mali bydlisko minister \u017eivotn\u00e9ho prostredia ale aj jeho zn\u00e1my, advok\u00e1t Podhorsk\u00fd, ktor\u00fd z\u00edskal na rezorte kontrakty na pr\u00e1vne slu\u017eby za 600 tis\u00edc eur. Demokrati vyz\u00fdvaj\u00fa Tarabu na objasnenie \u00fa\u010delnosti a hospod\u00e1rnosti n\u00e1kupu. Expert [&hellip;]\" \/>\n<meta property=\"og:url\" content=\"https:\/\/www.smedemokrati.sk\/hu\/taraba-kupil-za-pol-miliona-budovu-v-meste-odkial-pochadza-na-ukor-riesenia-havarijneho-stavu-ovzdusia-v-jelsave\/\" \/>\n<meta property=\"og:site_name\" content=\"Smedemokrati.sk\" \/>\n<meta property=\"article:publisher\" content=\"https:\/\/www.facebook.com\/smedemokrati2023\" \/>\n<meta property=\"article:published_time\" content=\"2024-09-07T14:58:24+00:00\" \/>\n<meta property=\"article:modified_time\" content=\"2024-09-19T21:34:34+00:00\" \/>\n<meta property=\"og:image\" content=\"https:\/\/www.smedemokrati.sk\/wp-content\/uploads\/2024\/09\/kica-modra.jpg\" \/>\n\t<meta property=\"og:image:width\" content=\"812\" \/>\n\t<meta property=\"og:image:height\" content=\"683\" \/>\n\t<meta property=\"og:image:type\" content=\"image\/jpeg\" \/>\n<meta name=\"author\" content=\"miro.sopko\" \/>\n<meta name=\"twitter:card\" content=\"summary_large_image\" \/>\n<meta name=\"twitter:label1\" content=\"Szerz\u0151:\" \/>\n\t<meta name=\"twitter:data1\" content=\"miro.sopko\" \/>\n\t<meta name=\"twitter:label2\" content=\"Becs\u00fclt olvas\u00e1si id\u0151\" \/>\n\t<meta name=\"twitter:data2\" content=\"2 perc\" \/>\n<script type=\"application\/ld+json\" class=\"yoast-schema-graph\">{\"@context\":\"https:\/\/schema.org\",\"@graph\":[{\"@type\":\"Article\",\"@id\":\"https:\/\/www.smedemokrati.sk\/taraba-kupil-za-pol-miliona-budovu-v-meste-odkial-pochadza-na-ukor-riesenia-havarijneho-stavu-ovzdusia-v-jelsave\/#article\",\"isPartOf\":{\"@id\":\"https:\/\/www.smedemokrati.sk\/taraba-kupil-za-pol-miliona-budovu-v-meste-odkial-pochadza-na-ukor-riesenia-havarijneho-stavu-ovzdusia-v-jelsave\/\"},\"author\":{\"name\":\"miro.sopko\",\"@id\":\"https:\/\/www.smedemokrati.sk\/#\/schema\/person\/21f147c88d605aa7ded900e1e7c344ba\"},\"headline\":\"Taraba k\u00fapil za pol mili\u00f3na budovu v meste, odkia\u013e poch\u00e1dza, na \u00fakor rie\u0161enia havarijn\u00e9ho stavu ovzdu\u0161ia v Jel\u0161ave\",\"datePublished\":\"2024-09-07T14:58:24+00:00\",\"dateModified\":\"2024-09-19T21:34:34+00:00\",\"mainEntityOfPage\":{\"@id\":\"https:\/\/www.smedemokrati.sk\/taraba-kupil-za-pol-miliona-budovu-v-meste-odkial-pochadza-na-ukor-riesenia-havarijneho-stavu-ovzdusia-v-jelsave\/\"},\"wordCount\":454,\"publisher\":{\"@id\":\"https:\/\/www.smedemokrati.sk\/#organization\"},\"image\":{\"@id\":\"https:\/\/www.smedemokrati.sk\/taraba-kupil-za-pol-miliona-budovu-v-meste-odkial-pochadza-na-ukor-riesenia-havarijneho-stavu-ovzdusia-v-jelsave\/#primaryimage\"},\"thumbnailUrl\":\"https:\/\/www.smedemokrati.sk\/wp-content\/uploads\/2024\/09\/kica-modra.jpg\",\"articleSection\":[\"Tla\u010dov\u00e9 spr\u00e1vy\"],\"inLanguage\":\"hu-HU\"},{\"@type\":\"WebPage\",\"@id\":\"https:\/\/www.smedemokrati.sk\/taraba-kupil-za-pol-miliona-budovu-v-meste-odkial-pochadza-na-ukor-riesenia-havarijneho-stavu-ovzdusia-v-jelsave\/\",\"url\":\"https:\/\/www.smedemokrati.sk\/taraba-kupil-za-pol-miliona-budovu-v-meste-odkial-pochadza-na-ukor-riesenia-havarijneho-stavu-ovzdusia-v-jelsave\/\",\"name\":\"Taraba k\u00fapil za pol mili\u00f3na budovu v meste, odkia\u013e poch\u00e1dza, na \u00fakor rie\u0161enia havarijn\u00e9ho stavu ovzdu\u0161ia v Jel\u0161ave\",\"isPartOf\":{\"@id\":\"https:\/\/www.smedemokrati.sk\/#website\"},\"primaryImageOfPage\":{\"@id\":\"https:\/\/www.smedemokrati.sk\/taraba-kupil-za-pol-miliona-budovu-v-meste-odkial-pochadza-na-ukor-riesenia-havarijneho-stavu-ovzdusia-v-jelsave\/#primaryimage\"},\"image\":{\"@id\":\"https:\/\/www.smedemokrati.sk\/taraba-kupil-za-pol-miliona-budovu-v-meste-odkial-pochadza-na-ukor-riesenia-havarijneho-stavu-ovzdusia-v-jelsave\/#primaryimage\"},\"thumbnailUrl\":\"https:\/\/www.smedemokrati.sk\/wp-content\/uploads\/2024\/09\/kica-modra.jpg\",\"datePublished\":\"2024-09-07T14:58:24+00:00\",\"dateModified\":\"2024-09-19T21:34:34+00:00\",\"breadcrumb\":{\"@id\":\"https:\/\/www.smedemokrati.sk\/taraba-kupil-za-pol-miliona-budovu-v-meste-odkial-pochadza-na-ukor-riesenia-havarijneho-stavu-ovzdusia-v-jelsave\/#breadcrumb\"},\"inLanguage\":\"hu-HU\",\"potentialAction\":[{\"@type\":\"ReadAction\",\"target\":[\"https:\/\/www.smedemokrati.sk\/taraba-kupil-za-pol-miliona-budovu-v-meste-odkial-pochadza-na-ukor-riesenia-havarijneho-stavu-ovzdusia-v-jelsave\/\"]}]},{\"@type\":\"ImageObject\",\"inLanguage\":\"hu-HU\",\"@id\":\"https:\/\/www.smedemokrati.sk\/taraba-kupil-za-pol-miliona-budovu-v-meste-odkial-pochadza-na-ukor-riesenia-havarijneho-stavu-ovzdusia-v-jelsave\/#primaryimage\",\"url\":\"https:\/\/www.smedemokrati.sk\/wp-content\/uploads\/2024\/09\/kica-modra.jpg\",\"contentUrl\":\"https:\/\/www.smedemokrati.sk\/wp-content\/uploads\/2024\/09\/kica-modra.jpg\",\"width\":812,\"height\":683},{\"@type\":\"BreadcrumbList\",\"@id\":\"https:\/\/www.smedemokrati.sk\/taraba-kupil-za-pol-miliona-budovu-v-meste-odkial-pochadza-na-ukor-riesenia-havarijneho-stavu-ovzdusia-v-jelsave\/#breadcrumb\",\"itemListElement\":[{\"@type\":\"ListItem\",\"position\":1,\"name\":\"Domovsk\u00e1 str\u00e1nka\",\"item\":\"https:\/\/www.smedemokrati.sk\/\"},{\"@type\":\"ListItem\",\"position\":2,\"name\":\"Taraba k\u00fapil za pol mili\u00f3na budovu v meste, odkia\u013e poch\u00e1dza, na \u00fakor rie\u0161enia havarijn\u00e9ho stavu ovzdu\u0161ia v Jel\u0161ave\"}]},{\"@type\":\"WebSite\",\"@id\":\"https:\/\/www.smedemokrati.sk\/#website\",\"url\":\"https:\/\/www.smedemokrati.sk\/\",\"name\":\"Smedemokrati.sk\",\"description\":\"Demokracia a slu\u0161nos\u0165 zv\u00ed\u0165az\u00ed\",\"publisher\":{\"@id\":\"https:\/\/www.smedemokrati.sk\/#organization\"},\"potentialAction\":[{\"@type\":\"SearchAction\",\"target\":{\"@type\":\"EntryPoint\",\"urlTemplate\":\"https:\/\/www.smedemokrati.sk\/?s={search_term_string}\"},\"query-input\":{\"@type\":\"PropertyValueSpecification\",\"valueRequired\":true,\"valueName\":\"search_term_string\"}}],\"inLanguage\":\"hu-HU\"},{\"@type\":\"Organization\",\"@id\":\"https:\/\/www.smedemokrati.sk\/#organization\",\"name\":\"Smedemokrati.sk\",\"url\":\"https:\/\/www.smedemokrati.sk\/\",\"logo\":{\"@type\":\"ImageObject\",\"inLanguage\":\"hu-HU\",\"@id\":\"https:\/\/www.smedemokrati.sk\/#\/schema\/logo\/image\/\",\"url\":\"https:\/\/www.smedemokrati.sk\/wp-content\/uploads\/2023\/04\/ff.002.jpeg\",\"contentUrl\":\"https:\/\/www.smedemokrati.sk\/wp-content\/uploads\/2023\/04\/ff.002.jpeg\",\"width\":640,\"height\":480,\"caption\":\"Smedemokrati.sk\"},\"image\":{\"@id\":\"https:\/\/www.smedemokrati.sk\/#\/schema\/logo\/image\/\"},\"sameAs\":[\"https:\/\/www.facebook.com\/smedemokrati2023\"]},{\"@type\":\"Person\",\"@id\":\"https:\/\/www.smedemokrati.sk\/#\/schema\/person\/21f147c88d605aa7ded900e1e7c344ba\",\"name\":\"miro.sopko\",\"image\":{\"@type\":\"ImageObject\",\"inLanguage\":\"hu-HU\",\"@id\":\"https:\/\/secure.gravatar.com\/avatar\/267e4a36f704376c109afe3a78740c1f5dd8675a2180a908699e7863c9247606?s=96&d=mm&r=g\",\"url\":\"https:\/\/secure.gravatar.com\/avatar\/267e4a36f704376c109afe3a78740c1f5dd8675a2180a908699e7863c9247606?s=96&d=mm&r=g\",\"contentUrl\":\"https:\/\/secure.gravatar.com\/avatar\/267e4a36f704376c109afe3a78740c1f5dd8675a2180a908699e7863c9247606?s=96&d=mm&r=g\",\"caption\":\"miro.sopko\"},\"url\":\"https:\/\/www.smedemokrati.sk\/hu\/author\/miro-sopko\/\"}]}<\/script>\n<!-- \/ Yoast SEO plugin. -->","yoast_head_json":{"title":"Taraba k\u00fapil za pol mili\u00f3na budovu v meste, odkia\u013e poch\u00e1dza, na \u00fakor rie\u0161enia havarijn\u00e9ho stavu ovzdu\u0161ia v Jel\u0161ave","robots":{"index":"index","follow":"follow","max-snippet":"max-snippet:-1","max-image-preview":"max-image-preview:large","max-video-preview":"max-video-preview:-1"},"canonical":"https:\/\/www.smedemokrati.sk\/hu\/taraba-kupil-za-pol-miliona-budovu-v-meste-odkial-pochadza-na-ukor-riesenia-havarijneho-stavu-ovzdusia-v-jelsave\/","og_locale":"hu_HU","og_type":"article","og_title":"[:sk]Taraba k\u00fapil za pol mili\u00f3na budovu v meste, odkia\u013e poch\u00e1dza, na \u00fakor rie\u0161enia havarijn\u00e9ho stavu ovzdu\u0161ia v Jel\u0161ave[:] - Smedemokrati.sk","og_description":"Na pokyn ministra Tarabu m\u00e1 \u0161t\u00e1tny podnik Vodohospod\u00e1rska v\u00fdstavba k\u00fapi\u0165 historick\u00fa budovu v centre Modry. Michal Ki\u010da upozor\u0148uje, \u017ee pr\u00e1ve v Modre mali bydlisko minister \u017eivotn\u00e9ho prostredia ale aj jeho zn\u00e1my, advok\u00e1t Podhorsk\u00fd, ktor\u00fd z\u00edskal na rezorte kontrakty na pr\u00e1vne slu\u017eby za 600 tis\u00edc eur. Demokrati vyz\u00fdvaj\u00fa Tarabu na objasnenie \u00fa\u010delnosti a hospod\u00e1rnosti n\u00e1kupu. Expert [&hellip;]","og_url":"https:\/\/www.smedemokrati.sk\/hu\/taraba-kupil-za-pol-miliona-budovu-v-meste-odkial-pochadza-na-ukor-riesenia-havarijneho-stavu-ovzdusia-v-jelsave\/","og_site_name":"Smedemokrati.sk","article_publisher":"https:\/\/www.facebook.com\/smedemokrati2023","article_published_time":"2024-09-07T14:58:24+00:00","article_modified_time":"2024-09-19T21:34:34+00:00","og_image":[{"width":812,"height":683,"url":"https:\/\/www.smedemokrati.sk\/wp-content\/uploads\/2024\/09\/kica-modra.jpg","type":"image\/jpeg"}],"author":"miro.sopko","twitter_card":"summary_large_image","twitter_misc":{"Szerz\u0151:":"miro.sopko","Becs\u00fclt olvas\u00e1si id\u0151":"2 perc"},"schema":{"@context":"https:\/\/schema.org","@graph":[{"@type":"Article","@id":"https:\/\/www.smedemokrati.sk\/taraba-kupil-za-pol-miliona-budovu-v-meste-odkial-pochadza-na-ukor-riesenia-havarijneho-stavu-ovzdusia-v-jelsave\/#article","isPartOf":{"@id":"https:\/\/www.smedemokrati.sk\/taraba-kupil-za-pol-miliona-budovu-v-meste-odkial-pochadza-na-ukor-riesenia-havarijneho-stavu-ovzdusia-v-jelsave\/"},"author":{"name":"miro.sopko","@id":"https:\/\/www.smedemokrati.sk\/#\/schema\/person\/21f147c88d605aa7ded900e1e7c344ba"},"headline":"Taraba k\u00fapil za pol mili\u00f3na budovu v meste, odkia\u013e poch\u00e1dza, na \u00fakor rie\u0161enia havarijn\u00e9ho stavu ovzdu\u0161ia v Jel\u0161ave","datePublished":"2024-09-07T14:58:24+00:00","dateModified":"2024-09-19T21:34:34+00:00","mainEntityOfPage":{"@id":"https:\/\/www.smedemokrati.sk\/taraba-kupil-za-pol-miliona-budovu-v-meste-odkial-pochadza-na-ukor-riesenia-havarijneho-stavu-ovzdusia-v-jelsave\/"},"wordCount":454,"publisher":{"@id":"https:\/\/www.smedemokrati.sk\/#organization"},"image":{"@id":"https:\/\/www.smedemokrati.sk\/taraba-kupil-za-pol-miliona-budovu-v-meste-odkial-pochadza-na-ukor-riesenia-havarijneho-stavu-ovzdusia-v-jelsave\/#primaryimage"},"thumbnailUrl":"https:\/\/www.smedemokrati.sk\/wp-content\/uploads\/2024\/09\/kica-modra.jpg","articleSection":["Tla\u010dov\u00e9 spr\u00e1vy"],"inLanguage":"hu-HU"},{"@type":"WebPage","@id":"https:\/\/www.smedemokrati.sk\/taraba-kupil-za-pol-miliona-budovu-v-meste-odkial-pochadza-na-ukor-riesenia-havarijneho-stavu-ovzdusia-v-jelsave\/","url":"https:\/\/www.smedemokrati.sk\/taraba-kupil-za-pol-miliona-budovu-v-meste-odkial-pochadza-na-ukor-riesenia-havarijneho-stavu-ovzdusia-v-jelsave\/","name":"Taraba k\u00fapil za pol mili\u00f3na budovu v meste, odkia\u013e poch\u00e1dza, na \u00fakor rie\u0161enia havarijn\u00e9ho stavu ovzdu\u0161ia v Jel\u0161ave","isPartOf":{"@id":"https:\/\/www.smedemokrati.sk\/#website"},"primaryImageOfPage":{"@id":"https:\/\/www.smedemokrati.sk\/taraba-kupil-za-pol-miliona-budovu-v-meste-odkial-pochadza-na-ukor-riesenia-havarijneho-stavu-ovzdusia-v-jelsave\/#primaryimage"},"image":{"@id":"https:\/\/www.smedemokrati.sk\/taraba-kupil-za-pol-miliona-budovu-v-meste-odkial-pochadza-na-ukor-riesenia-havarijneho-stavu-ovzdusia-v-jelsave\/#primaryimage"},"thumbnailUrl":"https:\/\/www.smedemokrati.sk\/wp-content\/uploads\/2024\/09\/kica-modra.jpg","datePublished":"2024-09-07T14:58:24+00:00","dateModified":"2024-09-19T21:34:34+00:00","breadcrumb":{"@id":"https:\/\/www.smedemokrati.sk\/taraba-kupil-za-pol-miliona-budovu-v-meste-odkial-pochadza-na-ukor-riesenia-havarijneho-stavu-ovzdusia-v-jelsave\/#breadcrumb"},"inLanguage":"hu-HU","potentialAction":[{"@type":"ReadAction","target":["https:\/\/www.smedemokrati.sk\/taraba-kupil-za-pol-miliona-budovu-v-meste-odkial-pochadza-na-ukor-riesenia-havarijneho-stavu-ovzdusia-v-jelsave\/"]}]},{"@type":"ImageObject","inLanguage":"hu-HU","@id":"https:\/\/www.smedemokrati.sk\/taraba-kupil-za-pol-miliona-budovu-v-meste-odkial-pochadza-na-ukor-riesenia-havarijneho-stavu-ovzdusia-v-jelsave\/#primaryimage","url":"https:\/\/www.smedemokrati.sk\/wp-content\/uploads\/2024\/09\/kica-modra.jpg","contentUrl":"https:\/\/www.smedemokrati.sk\/wp-content\/uploads\/2024\/09\/kica-modra.jpg","width":812,"height":683},{"@type":"BreadcrumbList","@id":"https:\/\/www.smedemokrati.sk\/taraba-kupil-za-pol-miliona-budovu-v-meste-odkial-pochadza-na-ukor-riesenia-havarijneho-stavu-ovzdusia-v-jelsave\/#breadcrumb","itemListElement":[{"@type":"ListItem","position":1,"name":"Domovsk\u00e1 str\u00e1nka","item":"https:\/\/www.smedemokrati.sk\/"},{"@type":"ListItem","position":2,"name":"Taraba k\u00fapil za pol mili\u00f3na budovu v meste, odkia\u013e poch\u00e1dza, na \u00fakor rie\u0161enia havarijn\u00e9ho stavu ovzdu\u0161ia v Jel\u0161ave"}]},{"@type":"WebSite","@id":"https:\/\/www.smedemokrati.sk\/#website","url":"https:\/\/www.smedemokrati.sk\/","name":"Smedemokrati.sk","description":"Demokracia a slu\u0161nos\u0165 zv\u00ed\u0165az\u00ed","publisher":{"@id":"https:\/\/www.smedemokrati.sk\/#organization"},"potentialAction":[{"@type":"SearchAction","target":{"@type":"EntryPoint","urlTemplate":"https:\/\/www.smedemokrati.sk\/?s={search_term_string}"},"query-input":{"@type":"PropertyValueSpecification","valueRequired":true,"valueName":"search_term_string"}}],"inLanguage":"hu-HU"},{"@type":"Organization","@id":"https:\/\/www.smedemokrati.sk\/#organization","name":"Smedemokrati.sk","url":"https:\/\/www.smedemokrati.sk\/","logo":{"@type":"ImageObject","inLanguage":"hu-HU","@id":"https:\/\/www.smedemokrati.sk\/#\/schema\/logo\/image\/","url":"https:\/\/www.smedemokrati.sk\/wp-content\/uploads\/2023\/04\/ff.002.jpeg","contentUrl":"https:\/\/www.smedemokrati.sk\/wp-content\/uploads\/2023\/04\/ff.002.jpeg","width":640,"height":480,"caption":"Smedemokrati.sk"},"image":{"@id":"https:\/\/www.smedemokrati.sk\/#\/schema\/logo\/image\/"},"sameAs":["https:\/\/www.facebook.com\/smedemokrati2023"]},{"@type":"Person","@id":"https:\/\/www.smedemokrati.sk\/#\/schema\/person\/21f147c88d605aa7ded900e1e7c344ba","name":"miro.sopko","image":{"@type":"ImageObject","inLanguage":"hu-HU","@id":"https:\/\/secure.gravatar.com\/avatar\/267e4a36f704376c109afe3a78740c1f5dd8675a2180a908699e7863c9247606?s=96&d=mm&r=g","url":"https:\/\/secure.gravatar.com\/avatar\/267e4a36f704376c109afe3a78740c1f5dd8675a2180a908699e7863c9247606?s=96&d=mm&r=g","contentUrl":"https:\/\/secure.gravatar.com\/avatar\/267e4a36f704376c109afe3a78740c1f5dd8675a2180a908699e7863c9247606?s=96&d=mm&r=g","caption":"miro.sopko"},"url":"https:\/\/www.smedemokrati.sk\/hu\/author\/miro-sopko\/"}]}},"_links":{"self":[{"href":"https:\/\/www.smedemokrati.sk\/hu\/wp-json\/wp\/v2\/posts\/5089","targetHints":{"allow":["GET"]}}],"collection":[{"href":"https:\/\/www.smedemokrati.sk\/hu\/wp-json\/wp\/v2\/posts"}],"about":[{"href":"https:\/\/www.smedemokrati.sk\/hu\/wp-json\/wp\/v2\/types\/post"}],"author":[{"embeddable":true,"href":"https:\/\/www.smedemokrati.sk\/hu\/wp-json\/wp\/v2\/users\/13"}],"replies":[{"embeddable":true,"href":"https:\/\/www.smedemokrati.sk\/hu\/wp-json\/wp\/v2\/comments?post=5089"}],"version-history":[{"count":1,"href":"https:\/\/www.smedemokrati.sk\/hu\/wp-json\/wp\/v2\/posts\/5089\/revisions"}],"predecessor-version":[{"id":5091,"href":"https:\/\/www.smedemokrati.sk\/hu\/wp-json\/wp\/v2\/posts\/5089\/revisions\/5091"}],"wp:featuredmedia":[{"embeddable":true,"href":"https:\/\/www.smedemokrati.sk\/hu\/wp-json\/wp\/v2\/media\/5090"}],"wp:attachment":[{"href":"https:\/\/www.smedemokrati.sk\/hu\/wp-json\/wp\/v2\/media?parent=5089"}],"wp:term":[{"taxonomy":"category","embeddable":true,"href":"https:\/\/www.smedemokrati.sk\/hu\/wp-json\/wp\/v2\/categories?post=5089"},{"taxonomy":"post_tag","embeddable":true,"href":"https:\/\/www.smedemokrati.sk\/hu\/wp-json\/wp\/v2\/tags?post=5089"}],"curies":[{"name":"wp","href":"https:\/\/api.w.org\/{rel}","templated":true}]}}