{"id":5085,"date":"2024-09-07T10:05:49","date_gmt":"2024-09-07T09:05:49","guid":{"rendered":"https:\/\/www.smedemokrati.sk\/?p=5085"},"modified":"2024-09-19T22:34:29","modified_gmt":"2024-09-19T21:34:29","slug":"situacia-v-zdravotnictve-je-neunosna-ziadame-o-dofinancovanie","status":"publish","type":"post","link":"https:\/\/www.smedemokrati.sk\/hu\/situacia-v-zdravotnictve-je-neunosna-ziadame-o-dofinancovanie\/","title":{"rendered":"Situ\u00e1cia v zdravotn\u00edctve je ne\u00fanosn\u00e1, \u017eiadame o dofinancovanie"},"content":{"rendered":"<div id=\"fb-root\"><\/div>\n\n<p>Opakovan\u00e9 v\u00fdzvy Asoci\u00e1cie nemocn\u00edc Slovenska (ANS) na dofinancovanie zdravotn\u00edctva nem\u00f4\u017eu osta\u0165 bez odozvy v parlamente a vo vl\u00e1de. <em>\u201eZvy\u0161ovanie mzdov\u00fdch n\u00e1kladov v nemocniciach na z\u00e1klade platn\u00e9ho z\u00e1kona a rast prev\u00e1dzkov\u00fdch n\u00e1kladov sp\u00f4soben\u00fd infl\u00e1ciou v roku 2024 musia nemocniciam vykry\u0165 zdravotn\u00e9 pois\u0165ovne nav\u00fd\u0161en\u00edm platieb za poskytnut\u00fa zdravotn\u00fa starostlivos\u0165,\u201c<\/em> vysvet\u013euje Viliam Novotn\u00fd, expert Demokratov pre zdravotn\u00edctvo.<\/p>\n\n\n\n<p>Pod\u013ea odhadov potrebuje zdravotn\u00edctvo do konca roka \u010fal\u0161\u00edch 250mil. eur na dofinancovanie. ANS opakovane upozor\u0148ovala, \u017ee ak tieto finan\u010dn\u00e9 prostriedky do zdravotn\u00edctva nepr\u00eddu, m\u00f4\u017ee by\u0165 ohrozen\u00e9 poskytovanie zdravotnej starostlivosti pre pacientov. <em>\u201eAk v\u0161etky 3 zdravotn\u00e9 pois\u0165ovne hl\u00e1sia, \u017ee tento rok skon\u010dia so stratou a dokonca \u0161t\u00e1tna V\u0161ZP mus\u00ed predlo\u017ei\u0165 ozdravn\u00fd pl\u00e1n \u2013 teda \u0161krta\u0165 v\u00fddavky, tak na nav\u00fd\u0161enie platieb pre nemocnice jednoducho ch\u00fdbaj\u00fa peniaze,\u201c<\/em> dod\u00e1va Viliam Novotn\u00fd.Pod\u013ea Demokratov m\u00f4\u017ee vl\u00e1da ch\u00fdbaj\u00face peniaze dosta\u0165 k poskytovate\u013eom zdravotnej starostlivosti cez zdravotn\u00e9 pois\u0165ovne nav\u00fd\u0161en\u00edm platby za poistencov \u0161t\u00e1tu, ktor\u00e1 je v tomto roku na \u00farovni 4,5% priemernej mzdy z roku 2022. <\/p>\n\n\n\n<p>Najd\u00f4le\u017eitej\u0161ie v\u0161ak bude ur\u00fdchlene za\u010da\u0165 viackr\u00e1t odlo\u017een\u00fa reformu nemocn\u00edc a optimalizova\u0165 zdroje v zdravotn\u00edctve. <em>\u201eVyz\u00fdvame poslancov NR SR, aby sa pri pripravovanom odvol\u00e1van\u00ed ministerky zdravotn\u00edctva Dolinkovej za katastrof\u00e1lnu situ\u00e1ciu v Tren\u010dianskej nemocnici, ktor\u00fa sp\u00f4sobila svojou neschopnos\u0165ou, venovali aj alarmuj\u00facej situ\u00e1cii s nedostatkom pe\u0148az\u00ed na zdravotn\u00fa starostlivos\u0165 pre pacientov,<\/em>\u201c povedal predseda Demokratov Jaroslav Na\u010f.<\/p>\n\n\n\n<p><\/p>\n","protected":false},"excerpt":{"rendered":"<p>Opakovan\u00e9 v\u00fdzvy Asoci\u00e1cie nemocn\u00edc Slovenska (ANS) na dofinancovanie zdravotn\u00edctva nem\u00f4\u017eu osta\u0165 bez odozvy v parlamente a vo vl\u00e1de. \u201eZvy\u0161ovanie mzdov\u00fdch n\u00e1kladov v nemocniciach na z\u00e1klade platn\u00e9ho z\u00e1kona a rast prev\u00e1dzkov\u00fdch n\u00e1kladov sp\u00f4soben\u00fd infl\u00e1ciou v roku 2024 musia nemocniciam vykry\u0165 zdravotn\u00e9 pois\u0165ovne nav\u00fd\u0161en\u00edm platieb za poskytnut\u00fa zdravotn\u00fa starostlivos\u0165,\u201c vysvet\u013euje Viliam Novotn\u00fd, expert Demokratov pre zdravotn\u00edctvo. Pod\u013ea [&hellip;]<\/p>\n","protected":false},"author":13,"featured_media":5087,"comment_status":"closed","ping_status":"closed","sticky":false,"template":"","format":"standard","meta":{"_acf_changed":false,"ngg_post_thumbnail":0,"footnotes":""},"categories":[4],"tags":[],"class_list":["post-5085","post","type-post","status-publish","format-standard","has-post-thumbnail","hentry","category-tlacove-spravy"],"acf":[],"yoast_head":"<!-- This site is optimized with the Yoast SEO plugin v27.2 - https:\/\/yoast.com\/product\/yoast-seo-wordpress\/ -->\n<title>Situ\u00e1cia v zdravotn\u00edctve je ne\u00fanosn\u00e1, \u017eiadame o dofinancovanie<\/title>\n<meta name=\"robots\" content=\"index, follow, max-snippet:-1, max-image-preview:large, max-video-preview:-1\" \/>\n<link rel=\"canonical\" href=\"https:\/\/www.smedemokrati.sk\/hu\/situacia-v-zdravotnictve-je-neunosna-ziadame-o-dofinancovanie\/\" \/>\n<meta property=\"og:locale\" content=\"hu_HU\" \/>\n<meta property=\"og:locale:alternate\" content=\"en_US\" \/>\n<meta property=\"og:locale:alternate\" content=\"cs_CZ\" \/>\n<meta property=\"og:locale:alternate\" content=\"sk_SK\" \/>\n<meta property=\"og:locale:alternate\" content=\"sv_SE\" \/>\n<meta property=\"og:type\" content=\"article\" \/>\n<meta property=\"og:title\" content=\"Situ\u00e1cia v zdravotn\u00edctve je ne\u00fanosn\u00e1, \u017eiadame o dofinancovanie\" \/>\n<meta property=\"og:description\" content=\"Opakovan\u00e9 v\u00fdzvy Asoci\u00e1cie nemocn\u00edc Slovenska (ANS) na dofinancovanie zdravotn\u00edctva nem\u00f4\u017eu osta\u0165 bez odozvy v parlamente a vo vl\u00e1de. \u201eZvy\u0161ovanie mzdov\u00fdch n\u00e1kladov v nemocniciach na z\u00e1klade platn\u00e9ho z\u00e1kona a rast prev\u00e1dzkov\u00fdch n\u00e1kladov sp\u00f4soben\u00fd infl\u00e1ciou v roku 2024 musia nemocniciam vykry\u0165 zdravotn\u00e9 pois\u0165ovne nav\u00fd\u0161en\u00edm platieb za poskytnut\u00fa zdravotn\u00fa starostlivos\u0165,\u201c vysvet\u013euje Viliam Novotn\u00fd, expert Demokratov pre zdravotn\u00edctvo. Pod\u013ea [&hellip;]\" \/>\n<meta property=\"og:url\" content=\"https:\/\/www.smedemokrati.sk\/hu\/situacia-v-zdravotnictve-je-neunosna-ziadame-o-dofinancovanie\/\" \/>\n<meta property=\"og:site_name\" content=\"Smedemokrati.sk\" \/>\n<meta property=\"article:publisher\" content=\"https:\/\/www.facebook.com\/smedemokrati2023\" \/>\n<meta property=\"article:published_time\" content=\"2024-09-07T09:05:49+00:00\" \/>\n<meta property=\"article:modified_time\" content=\"2024-09-19T21:34:29+00:00\" \/>\n<meta property=\"og:image\" content=\"https:\/\/www.smedemokrati.sk\/wp-content\/uploads\/2024\/09\/81.jpg\" \/>\n\t<meta property=\"og:image:width\" content=\"1000\" \/>\n\t<meta property=\"og:image:height\" content=\"667\" \/>\n\t<meta property=\"og:image:type\" content=\"image\/jpeg\" \/>\n<meta name=\"author\" content=\"miro.sopko\" \/>\n<meta name=\"twitter:card\" content=\"summary_large_image\" \/>\n<meta name=\"twitter:label1\" content=\"Szerz\u0151:\" \/>\n\t<meta name=\"twitter:data1\" content=\"miro.sopko\" \/>\n\t<meta name=\"twitter:label2\" content=\"Becs\u00fclt olvas\u00e1si id\u0151\" \/>\n\t<meta name=\"twitter:data2\" content=\"2 perc\" \/>\n<script type=\"application\/ld+json\" class=\"yoast-schema-graph\">{\"@context\":\"https:\/\/schema.org\",\"@graph\":[{\"@type\":\"Article\",\"@id\":\"https:\/\/www.smedemokrati.sk\/situacia-v-zdravotnictve-je-neunosna-ziadame-o-dofinancovanie\/#article\",\"isPartOf\":{\"@id\":\"https:\/\/www.smedemokrati.sk\/situacia-v-zdravotnictve-je-neunosna-ziadame-o-dofinancovanie\/\"},\"author\":{\"name\":\"miro.sopko\",\"@id\":\"https:\/\/www.smedemokrati.sk\/#\/schema\/person\/21f147c88d605aa7ded900e1e7c344ba\"},\"headline\":\"Situ\u00e1cia v zdravotn\u00edctve je ne\u00fanosn\u00e1, \u017eiadame o dofinancovanie\",\"datePublished\":\"2024-09-07T09:05:49+00:00\",\"dateModified\":\"2024-09-19T21:34:29+00:00\",\"mainEntityOfPage\":{\"@id\":\"https:\/\/www.smedemokrati.sk\/situacia-v-zdravotnictve-je-neunosna-ziadame-o-dofinancovanie\/\"},\"wordCount\":287,\"publisher\":{\"@id\":\"https:\/\/www.smedemokrati.sk\/#organization\"},\"image\":{\"@id\":\"https:\/\/www.smedemokrati.sk\/situacia-v-zdravotnictve-je-neunosna-ziadame-o-dofinancovanie\/#primaryimage\"},\"thumbnailUrl\":\"https:\/\/www.smedemokrati.sk\/wp-content\/uploads\/2024\/09\/81.jpg\",\"articleSection\":[\"Tla\u010dov\u00e9 spr\u00e1vy\"],\"inLanguage\":\"hu-HU\"},{\"@type\":\"WebPage\",\"@id\":\"https:\/\/www.smedemokrati.sk\/situacia-v-zdravotnictve-je-neunosna-ziadame-o-dofinancovanie\/\",\"url\":\"https:\/\/www.smedemokrati.sk\/situacia-v-zdravotnictve-je-neunosna-ziadame-o-dofinancovanie\/\",\"name\":\"Situ\u00e1cia v zdravotn\u00edctve je ne\u00fanosn\u00e1, \u017eiadame o dofinancovanie\",\"isPartOf\":{\"@id\":\"https:\/\/www.smedemokrati.sk\/#website\"},\"primaryImageOfPage\":{\"@id\":\"https:\/\/www.smedemokrati.sk\/situacia-v-zdravotnictve-je-neunosna-ziadame-o-dofinancovanie\/#primaryimage\"},\"image\":{\"@id\":\"https:\/\/www.smedemokrati.sk\/situacia-v-zdravotnictve-je-neunosna-ziadame-o-dofinancovanie\/#primaryimage\"},\"thumbnailUrl\":\"https:\/\/www.smedemokrati.sk\/wp-content\/uploads\/2024\/09\/81.jpg\",\"datePublished\":\"2024-09-07T09:05:49+00:00\",\"dateModified\":\"2024-09-19T21:34:29+00:00\",\"breadcrumb\":{\"@id\":\"https:\/\/www.smedemokrati.sk\/situacia-v-zdravotnictve-je-neunosna-ziadame-o-dofinancovanie\/#breadcrumb\"},\"inLanguage\":\"hu-HU\",\"potentialAction\":[{\"@type\":\"ReadAction\",\"target\":[\"https:\/\/www.smedemokrati.sk\/situacia-v-zdravotnictve-je-neunosna-ziadame-o-dofinancovanie\/\"]}]},{\"@type\":\"ImageObject\",\"inLanguage\":\"hu-HU\",\"@id\":\"https:\/\/www.smedemokrati.sk\/situacia-v-zdravotnictve-je-neunosna-ziadame-o-dofinancovanie\/#primaryimage\",\"url\":\"https:\/\/www.smedemokrati.sk\/wp-content\/uploads\/2024\/09\/81.jpg\",\"contentUrl\":\"https:\/\/www.smedemokrati.sk\/wp-content\/uploads\/2024\/09\/81.jpg\",\"width\":1000,\"height\":667},{\"@type\":\"BreadcrumbList\",\"@id\":\"https:\/\/www.smedemokrati.sk\/situacia-v-zdravotnictve-je-neunosna-ziadame-o-dofinancovanie\/#breadcrumb\",\"itemListElement\":[{\"@type\":\"ListItem\",\"position\":1,\"name\":\"Domovsk\u00e1 str\u00e1nka\",\"item\":\"https:\/\/www.smedemokrati.sk\/\"},{\"@type\":\"ListItem\",\"position\":2,\"name\":\"Situ\u00e1cia v zdravotn\u00edctve je ne\u00fanosn\u00e1, \u017eiadame o dofinancovanie\"}]},{\"@type\":\"WebSite\",\"@id\":\"https:\/\/www.smedemokrati.sk\/#website\",\"url\":\"https:\/\/www.smedemokrati.sk\/\",\"name\":\"Smedemokrati.sk\",\"description\":\"Demokracia a slu\u0161nos\u0165 zv\u00ed\u0165az\u00ed\",\"publisher\":{\"@id\":\"https:\/\/www.smedemokrati.sk\/#organization\"},\"potentialAction\":[{\"@type\":\"SearchAction\",\"target\":{\"@type\":\"EntryPoint\",\"urlTemplate\":\"https:\/\/www.smedemokrati.sk\/?s={search_term_string}\"},\"query-input\":{\"@type\":\"PropertyValueSpecification\",\"valueRequired\":true,\"valueName\":\"search_term_string\"}}],\"inLanguage\":\"hu-HU\"},{\"@type\":\"Organization\",\"@id\":\"https:\/\/www.smedemokrati.sk\/#organization\",\"name\":\"Smedemokrati.sk\",\"url\":\"https:\/\/www.smedemokrati.sk\/\",\"logo\":{\"@type\":\"ImageObject\",\"inLanguage\":\"hu-HU\",\"@id\":\"https:\/\/www.smedemokrati.sk\/#\/schema\/logo\/image\/\",\"url\":\"https:\/\/www.smedemokrati.sk\/wp-content\/uploads\/2023\/04\/ff.002.jpeg\",\"contentUrl\":\"https:\/\/www.smedemokrati.sk\/wp-content\/uploads\/2023\/04\/ff.002.jpeg\",\"width\":640,\"height\":480,\"caption\":\"Smedemokrati.sk\"},\"image\":{\"@id\":\"https:\/\/www.smedemokrati.sk\/#\/schema\/logo\/image\/\"},\"sameAs\":[\"https:\/\/www.facebook.com\/smedemokrati2023\"]},{\"@type\":\"Person\",\"@id\":\"https:\/\/www.smedemokrati.sk\/#\/schema\/person\/21f147c88d605aa7ded900e1e7c344ba\",\"name\":\"miro.sopko\",\"image\":{\"@type\":\"ImageObject\",\"inLanguage\":\"hu-HU\",\"@id\":\"https:\/\/secure.gravatar.com\/avatar\/267e4a36f704376c109afe3a78740c1f5dd8675a2180a908699e7863c9247606?s=96&d=mm&r=g\",\"url\":\"https:\/\/secure.gravatar.com\/avatar\/267e4a36f704376c109afe3a78740c1f5dd8675a2180a908699e7863c9247606?s=96&d=mm&r=g\",\"contentUrl\":\"https:\/\/secure.gravatar.com\/avatar\/267e4a36f704376c109afe3a78740c1f5dd8675a2180a908699e7863c9247606?s=96&d=mm&r=g\",\"caption\":\"miro.sopko\"},\"url\":\"https:\/\/www.smedemokrati.sk\/hu\/author\/miro-sopko\/\"}]}<\/script>\n<!-- \/ Yoast SEO plugin. -->","yoast_head_json":{"title":"Situ\u00e1cia v zdravotn\u00edctve je ne\u00fanosn\u00e1, \u017eiadame o dofinancovanie","robots":{"index":"index","follow":"follow","max-snippet":"max-snippet:-1","max-image-preview":"max-image-preview:large","max-video-preview":"max-video-preview:-1"},"canonical":"https:\/\/www.smedemokrati.sk\/hu\/situacia-v-zdravotnictve-je-neunosna-ziadame-o-dofinancovanie\/","og_locale":"hu_HU","og_type":"article","og_title":"[:sk]Situ\u00e1cia v zdravotn\u00edctve je ne\u00fanosn\u00e1, \u017eiadame o dofinancovanie[:] - Smedemokrati.sk","og_description":"Opakovan\u00e9 v\u00fdzvy Asoci\u00e1cie nemocn\u00edc Slovenska (ANS) na dofinancovanie zdravotn\u00edctva nem\u00f4\u017eu osta\u0165 bez odozvy v parlamente a vo vl\u00e1de. \u201eZvy\u0161ovanie mzdov\u00fdch n\u00e1kladov v nemocniciach na z\u00e1klade platn\u00e9ho z\u00e1kona a rast prev\u00e1dzkov\u00fdch n\u00e1kladov sp\u00f4soben\u00fd infl\u00e1ciou v roku 2024 musia nemocniciam vykry\u0165 zdravotn\u00e9 pois\u0165ovne nav\u00fd\u0161en\u00edm platieb za poskytnut\u00fa zdravotn\u00fa starostlivos\u0165,\u201c vysvet\u013euje Viliam Novotn\u00fd, expert Demokratov pre zdravotn\u00edctvo. Pod\u013ea [&hellip;]","og_url":"https:\/\/www.smedemokrati.sk\/hu\/situacia-v-zdravotnictve-je-neunosna-ziadame-o-dofinancovanie\/","og_site_name":"Smedemokrati.sk","article_publisher":"https:\/\/www.facebook.com\/smedemokrati2023","article_published_time":"2024-09-07T09:05:49+00:00","article_modified_time":"2024-09-19T21:34:29+00:00","og_image":[{"width":1000,"height":667,"url":"https:\/\/www.smedemokrati.sk\/wp-content\/uploads\/2024\/09\/81.jpg","type":"image\/jpeg"}],"author":"miro.sopko","twitter_card":"summary_large_image","twitter_misc":{"Szerz\u0151:":"miro.sopko","Becs\u00fclt olvas\u00e1si id\u0151":"2 perc"},"schema":{"@context":"https:\/\/schema.org","@graph":[{"@type":"Article","@id":"https:\/\/www.smedemokrati.sk\/situacia-v-zdravotnictve-je-neunosna-ziadame-o-dofinancovanie\/#article","isPartOf":{"@id":"https:\/\/www.smedemokrati.sk\/situacia-v-zdravotnictve-je-neunosna-ziadame-o-dofinancovanie\/"},"author":{"name":"miro.sopko","@id":"https:\/\/www.smedemokrati.sk\/#\/schema\/person\/21f147c88d605aa7ded900e1e7c344ba"},"headline":"Situ\u00e1cia v zdravotn\u00edctve je ne\u00fanosn\u00e1, \u017eiadame o dofinancovanie","datePublished":"2024-09-07T09:05:49+00:00","dateModified":"2024-09-19T21:34:29+00:00","mainEntityOfPage":{"@id":"https:\/\/www.smedemokrati.sk\/situacia-v-zdravotnictve-je-neunosna-ziadame-o-dofinancovanie\/"},"wordCount":287,"publisher":{"@id":"https:\/\/www.smedemokrati.sk\/#organization"},"image":{"@id":"https:\/\/www.smedemokrati.sk\/situacia-v-zdravotnictve-je-neunosna-ziadame-o-dofinancovanie\/#primaryimage"},"thumbnailUrl":"https:\/\/www.smedemokrati.sk\/wp-content\/uploads\/2024\/09\/81.jpg","articleSection":["Tla\u010dov\u00e9 spr\u00e1vy"],"inLanguage":"hu-HU"},{"@type":"WebPage","@id":"https:\/\/www.smedemokrati.sk\/situacia-v-zdravotnictve-je-neunosna-ziadame-o-dofinancovanie\/","url":"https:\/\/www.smedemokrati.sk\/situacia-v-zdravotnictve-je-neunosna-ziadame-o-dofinancovanie\/","name":"Situ\u00e1cia v zdravotn\u00edctve je ne\u00fanosn\u00e1, \u017eiadame o dofinancovanie","isPartOf":{"@id":"https:\/\/www.smedemokrati.sk\/#website"},"primaryImageOfPage":{"@id":"https:\/\/www.smedemokrati.sk\/situacia-v-zdravotnictve-je-neunosna-ziadame-o-dofinancovanie\/#primaryimage"},"image":{"@id":"https:\/\/www.smedemokrati.sk\/situacia-v-zdravotnictve-je-neunosna-ziadame-o-dofinancovanie\/#primaryimage"},"thumbnailUrl":"https:\/\/www.smedemokrati.sk\/wp-content\/uploads\/2024\/09\/81.jpg","datePublished":"2024-09-07T09:05:49+00:00","dateModified":"2024-09-19T21:34:29+00:00","breadcrumb":{"@id":"https:\/\/www.smedemokrati.sk\/situacia-v-zdravotnictve-je-neunosna-ziadame-o-dofinancovanie\/#breadcrumb"},"inLanguage":"hu-HU","potentialAction":[{"@type":"ReadAction","target":["https:\/\/www.smedemokrati.sk\/situacia-v-zdravotnictve-je-neunosna-ziadame-o-dofinancovanie\/"]}]},{"@type":"ImageObject","inLanguage":"hu-HU","@id":"https:\/\/www.smedemokrati.sk\/situacia-v-zdravotnictve-je-neunosna-ziadame-o-dofinancovanie\/#primaryimage","url":"https:\/\/www.smedemokrati.sk\/wp-content\/uploads\/2024\/09\/81.jpg","contentUrl":"https:\/\/www.smedemokrati.sk\/wp-content\/uploads\/2024\/09\/81.jpg","width":1000,"height":667},{"@type":"BreadcrumbList","@id":"https:\/\/www.smedemokrati.sk\/situacia-v-zdravotnictve-je-neunosna-ziadame-o-dofinancovanie\/#breadcrumb","itemListElement":[{"@type":"ListItem","position":1,"name":"Domovsk\u00e1 str\u00e1nka","item":"https:\/\/www.smedemokrati.sk\/"},{"@type":"ListItem","position":2,"name":"Situ\u00e1cia v zdravotn\u00edctve je ne\u00fanosn\u00e1, \u017eiadame o dofinancovanie"}]},{"@type":"WebSite","@id":"https:\/\/www.smedemokrati.sk\/#website","url":"https:\/\/www.smedemokrati.sk\/","name":"Smedemokrati.sk","description":"Demokracia a slu\u0161nos\u0165 zv\u00ed\u0165az\u00ed","publisher":{"@id":"https:\/\/www.smedemokrati.sk\/#organization"},"potentialAction":[{"@type":"SearchAction","target":{"@type":"EntryPoint","urlTemplate":"https:\/\/www.smedemokrati.sk\/?s={search_term_string}"},"query-input":{"@type":"PropertyValueSpecification","valueRequired":true,"valueName":"search_term_string"}}],"inLanguage":"hu-HU"},{"@type":"Organization","@id":"https:\/\/www.smedemokrati.sk\/#organization","name":"Smedemokrati.sk","url":"https:\/\/www.smedemokrati.sk\/","logo":{"@type":"ImageObject","inLanguage":"hu-HU","@id":"https:\/\/www.smedemokrati.sk\/#\/schema\/logo\/image\/","url":"https:\/\/www.smedemokrati.sk\/wp-content\/uploads\/2023\/04\/ff.002.jpeg","contentUrl":"https:\/\/www.smedemokrati.sk\/wp-content\/uploads\/2023\/04\/ff.002.jpeg","width":640,"height":480,"caption":"Smedemokrati.sk"},"image":{"@id":"https:\/\/www.smedemokrati.sk\/#\/schema\/logo\/image\/"},"sameAs":["https:\/\/www.facebook.com\/smedemokrati2023"]},{"@type":"Person","@id":"https:\/\/www.smedemokrati.sk\/#\/schema\/person\/21f147c88d605aa7ded900e1e7c344ba","name":"miro.sopko","image":{"@type":"ImageObject","inLanguage":"hu-HU","@id":"https:\/\/secure.gravatar.com\/avatar\/267e4a36f704376c109afe3a78740c1f5dd8675a2180a908699e7863c9247606?s=96&d=mm&r=g","url":"https:\/\/secure.gravatar.com\/avatar\/267e4a36f704376c109afe3a78740c1f5dd8675a2180a908699e7863c9247606?s=96&d=mm&r=g","contentUrl":"https:\/\/secure.gravatar.com\/avatar\/267e4a36f704376c109afe3a78740c1f5dd8675a2180a908699e7863c9247606?s=96&d=mm&r=g","caption":"miro.sopko"},"url":"https:\/\/www.smedemokrati.sk\/hu\/author\/miro-sopko\/"}]}},"_links":{"self":[{"href":"https:\/\/www.smedemokrati.sk\/hu\/wp-json\/wp\/v2\/posts\/5085","targetHints":{"allow":["GET"]}}],"collection":[{"href":"https:\/\/www.smedemokrati.sk\/hu\/wp-json\/wp\/v2\/posts"}],"about":[{"href":"https:\/\/www.smedemokrati.sk\/hu\/wp-json\/wp\/v2\/types\/post"}],"author":[{"embeddable":true,"href":"https:\/\/www.smedemokrati.sk\/hu\/wp-json\/wp\/v2\/users\/13"}],"replies":[{"embeddable":true,"href":"https:\/\/www.smedemokrati.sk\/hu\/wp-json\/wp\/v2\/comments?post=5085"}],"version-history":[{"count":1,"href":"https:\/\/www.smedemokrati.sk\/hu\/wp-json\/wp\/v2\/posts\/5085\/revisions"}],"predecessor-version":[{"id":5088,"href":"https:\/\/www.smedemokrati.sk\/hu\/wp-json\/wp\/v2\/posts\/5085\/revisions\/5088"}],"wp:featuredmedia":[{"embeddable":true,"href":"https:\/\/www.smedemokrati.sk\/hu\/wp-json\/wp\/v2\/media\/5087"}],"wp:attachment":[{"href":"https:\/\/www.smedemokrati.sk\/hu\/wp-json\/wp\/v2\/media?parent=5085"}],"wp:term":[{"taxonomy":"category","embeddable":true,"href":"https:\/\/www.smedemokrati.sk\/hu\/wp-json\/wp\/v2\/categories?post=5085"},{"taxonomy":"post_tag","embeddable":true,"href":"https:\/\/www.smedemokrati.sk\/hu\/wp-json\/wp\/v2\/tags?post=5085"}],"curies":[{"name":"wp","href":"https:\/\/api.w.org\/{rel}","templated":true}]}}