{"id":4974,"date":"2024-08-23T15:23:35","date_gmt":"2024-08-23T14:23:35","guid":{"rendered":"https:\/\/www.smedemokrati.sk\/?p=4974"},"modified":"2024-09-05T09:51:58","modified_gmt":"2024-09-05T08:51:58","slug":"opozicia-sa-nesmie-vzdat-postov-vo-vyboroch-tak-ako-to-navrhuje-sas-stratia-tym-vplyv-v-parlamente-lebo-koalicia-si-dosadi-vlastnych-predsedov","status":"publish","type":"post","link":"https:\/\/www.smedemokrati.sk\/hu\/opozicia-sa-nesmie-vzdat-postov-vo-vyboroch-tak-ako-to-navrhuje-sas-stratia-tym-vplyv-v-parlamente-lebo-koalicia-si-dosadi-vlastnych-predsedov\/","title":{"rendered":"Opoz\u00edcia sa nesmie vzda\u0165 postov vo v\u00fdboroch tak, ako to navrhuje SAS, stratia t\u00fdm vplyv v parlamente lebo koal\u00edcia si dosad\u00ed vlastn\u00fdch predsedov"},"content":{"rendered":"<div id=\"fb-root\"><\/div>\n\n<p><strong>Pod\u013ea Demokratov je stanovisko parlamentnej strany SAS neuv\u00e1\u017een\u00fdm krokom a opoz\u00edcia by mala naopak vyu\u017ei\u0165 v\u0161etky dostupn\u00e9 prostriedky na ochranu demokracie a slobody, a to aj poctivou pr\u00e1cou pr\u00e1ve v parlamentn\u00fdch v\u00fdboroch. Strana tak reaguje na stanovisko SAS, ktor\u00e9 navrhuje, \u017ee ak d\u00f4jde k odvolaniu Michala \u0160ime\u010dku, opoz\u00edcia by mala opusti\u0165 posty vo v\u00fdboroch v NR SR.<\/strong><\/p>\n\n\n\n<p>Vzda\u0165 sa v\u0161etk\u00fdch opozi\u010dn\u00fdch postov v parlamente ako protest je pod\u013ea Demokratov zl\u00fd krok, ktor\u00fd znamen\u00e1, \u017ee opoz\u00edcia sa vzd\u00e1 aj toho mal\u00e9ho vplyvu, ktor\u00fd m\u00e1 na chod parlamentu:\u00a0<em>\u201eSnaha ochromi\u0165 parlament t\u00fdm, \u017ee nebud\u00fa m\u00f4c\u0165 zasada\u0165 kontroln\u00e9 v\u00fdbory je krok, ktor\u00fd len posiln\u00ed koal\u00edciu. T\u00e1 bude toti\u017e tvrdi\u0165, \u017ee potrebujeme funk\u010dn\u00e9 v\u00fdbory a mimochodom m\u00e1 pravdu, preto tam dosad\u00ed vlastn\u00e9ho predsedu z koal\u00edcie. Tento n\u00e1pad trochu pripom\u00edna krok ministrov za demokratick\u00e9 strany v roku 1948. Rovnako o\u010dak\u00e1vali, \u017ee ochromia vl\u00e1du Gottwalda a nakoniec vy\u0161achovali sam\u00fdch seba a komunisti to vyu\u017eili, aby rozbehli a dokonali svoj prevrat.&#8221;<\/em>\u00a0otv\u00e1ra t\u00e9mu podpredseda strany Juraj \u0160eliga a b\u00fdval\u00fd podpredseda NR SR.\u00a0<\/p>\n\n\n\n<p>Predseda strany Jaroslav Na\u010f opakuje, \u017ee Demokrati s\u00fa proti odvolaniu Michala \u0160ime\u010dku ako podpredsedu NR SR, no vzdanie sa postov vo v\u00fdboroch by situ\u00e1ciu nevyrie\u0161ilo: \u201e<em>V\u00fdzvy na vzdanie sa parlamentn\u00fdch poz\u00edci\u00ed zo strany SAS pova\u017eujeme za s\u00edce symbolick\u00e9, no nepremyslen\u00e9 gesto, ktor\u00e9 bude vl\u00e1dnej koal\u00edcii len vyhovova\u0165 a jej de\u0161trukt\u00edvne spr\u00e1vanie nezmen\u00ed. V situ\u00e1cii, kedy vl\u00e1dna moc demontuje pr\u00e1vny \u0161t\u00e1t, je o to d\u00f4le\u017eitej\u0161ie, aby parlamentn\u00e9 opozi\u010dn\u00e9 strany e\u0161te intenz\u00edvnej\u0161ie vyu\u017e\u00edvali v\u0161etky dostupn\u00e9 prostriedky, najm\u00e4 pr\u00e1cu v parlamentn\u00fdch v\u00fdboroch, na ochranu demokratick\u00e9ho zriadenia,&#8221; \u00a0<\/em>hovor\u00ed b\u00fdval\u00fd minister obrany a predstavuje \u010fal\u0161\u00ed scen\u00e1r, \u010do sa m\u00f4\u017ee sta\u0165, ak opoz\u00edcia n\u00e1vrhu strany SAS vyhovie.\u00a0<em>\u201eO\u010dak\u00e1val by som, \u017ee sme sa z ned\u00e1vnej hist\u00f3rie pou\u010dili. Pam\u00e4t\u00e1me si, ako sa Juraj Kr\u00fapa (SAS) vzdal \u0161\u00e9fa v\u00fdboru pre obranu a bezpe\u010dnos\u0165, no nikoho na post predsedu nepoveril. Ochromil t\u00fdm v\u00fdbor, ktor\u00fd je v \u010dase vojny na Ukrajine a \u010fal\u0161\u00edch bezpe\u010dnostn\u00fdch v\u00fdzvach, vr\u00e1tane t\u00fdch vn\u00fatorn\u00fdch, mimoriadne d\u00f4le\u017eit\u00fd. Bol to nezodpovedn\u00fd krok a nesmie sa opakova\u0165.&#8221;<\/em><\/p>\n\n\n\n<p>Strana na z\u00e1ver vyz\u00fdva vl\u00e1dnu koal\u00edciu, aby re\u0161pektovala v\u00f4\u013eu ob\u010danov Slovenskej republiky prejaven\u00fa v parlamentn\u00fdch vo\u013eb\u00e1ch a princ\u00edpy zastupite\u013eskej demokracie, a to nielen vtedy, ke\u010f jej to vyhovuje. Post podpredsedu NR SR tradi\u010dne prin\u00e1le\u017e\u00ed najsilnej\u0161ej opozi\u010dnej strane:\u00a0<em>\u201eN\u00e1vrh Roberta Fica, aby koal\u00edcia odvolala predsedu Progres\u00edvneho Slovenska Michala \u0160ime\u010dku z funkcie podpredsedu NR SR pova\u017eujeme za \u010fal\u0161\u00ed bezprecedentn\u00fd a z\u00e1va\u017en\u00fd z\u00e1sah do demokratick\u00e9ho zriadenia na Slovensku,&#8221;<\/em>\u00a0uzatv\u00e1ra Michal Ki\u010da z predsedn\u00edctva Demokratov.<\/p>\n","protected":false},"excerpt":{"rendered":"<p>Pod\u013ea Demokratov je stanovisko parlamentnej strany SAS neuv\u00e1\u017een\u00fdm krokom a opoz\u00edcia by mala naopak vyu\u017ei\u0165 v\u0161etky dostupn\u00e9 prostriedky na ochranu demokracie a slobody, a to aj poctivou pr\u00e1cou pr\u00e1ve v parlamentn\u00fdch v\u00fdboroch. Strana tak reaguje na stanovisko SAS, ktor\u00e9 navrhuje, \u017ee ak d\u00f4jde k odvolaniu Michala \u0160ime\u010dku, opoz\u00edcia by mala opusti\u0165 posty vo v\u00fdboroch v [&hellip;]<\/p>\n","protected":false},"author":13,"featured_media":3006,"comment_status":"closed","ping_status":"closed","sticky":false,"template":"","format":"standard","meta":{"_acf_changed":false,"ngg_post_thumbnail":0,"footnotes":""},"categories":[4],"tags":[],"class_list":["post-4974","post","type-post","status-publish","format-standard","has-post-thumbnail","hentry","category-tlacove-spravy"],"acf":[],"yoast_head":"<!-- This site is optimized with the Yoast SEO plugin v27.2 - https:\/\/yoast.com\/product\/yoast-seo-wordpress\/ -->\n<title>Opoz\u00edcia sa nesmie vzda\u0165 postov vo v\u00fdboroch tak, ako to navrhuje SAS, stratia t\u00fdm vplyv v parlamente lebo koal\u00edcia si dosad\u00ed vlastn\u00fdch predsedov<\/title>\n<meta name=\"robots\" content=\"index, follow, max-snippet:-1, max-image-preview:large, max-video-preview:-1\" \/>\n<link rel=\"canonical\" href=\"https:\/\/www.smedemokrati.sk\/hu\/opozicia-sa-nesmie-vzdat-postov-vo-vyboroch-tak-ako-to-navrhuje-sas-stratia-tym-vplyv-v-parlamente-lebo-koalicia-si-dosadi-vlastnych-predsedov\/\" \/>\n<meta property=\"og:locale\" content=\"hu_HU\" \/>\n<meta property=\"og:locale:alternate\" content=\"en_US\" \/>\n<meta property=\"og:locale:alternate\" content=\"cs_CZ\" \/>\n<meta property=\"og:locale:alternate\" content=\"sk_SK\" \/>\n<meta property=\"og:locale:alternate\" content=\"sv_SE\" \/>\n<meta property=\"og:type\" content=\"article\" \/>\n<meta property=\"og:title\" content=\"Opoz\u00edcia sa nesmie vzda\u0165 postov vo v\u00fdboroch tak, ako to navrhuje SAS, stratia t\u00fdm vplyv v parlamente lebo koal\u00edcia si dosad\u00ed vlastn\u00fdch predsedov\" \/>\n<meta property=\"og:description\" content=\"Pod\u013ea Demokratov je stanovisko parlamentnej strany SAS neuv\u00e1\u017een\u00fdm krokom a opoz\u00edcia by mala naopak vyu\u017ei\u0165 v\u0161etky dostupn\u00e9 prostriedky na ochranu demokracie a slobody, a to aj poctivou pr\u00e1cou pr\u00e1ve v parlamentn\u00fdch v\u00fdboroch. Strana tak reaguje na stanovisko SAS, ktor\u00e9 navrhuje, \u017ee ak d\u00f4jde k odvolaniu Michala \u0160ime\u010dku, opoz\u00edcia by mala opusti\u0165 posty vo v\u00fdboroch v [&hellip;]\" \/>\n<meta property=\"og:url\" content=\"https:\/\/www.smedemokrati.sk\/hu\/opozicia-sa-nesmie-vzdat-postov-vo-vyboroch-tak-ako-to-navrhuje-sas-stratia-tym-vplyv-v-parlamente-lebo-koalicia-si-dosadi-vlastnych-predsedov\/\" \/>\n<meta property=\"og:site_name\" content=\"Smedemokrati.sk\" \/>\n<meta property=\"article:publisher\" content=\"https:\/\/www.facebook.com\/smedemokrati2023\" \/>\n<meta property=\"article:published_time\" content=\"2024-08-23T14:23:35+00:00\" \/>\n<meta property=\"article:modified_time\" content=\"2024-09-05T08:51:58+00:00\" \/>\n<meta property=\"og:image\" content=\"https:\/\/www.smedemokrati.sk\/wp-content\/uploads\/2024\/03\/eurovolby-2024-1-e1709982159756.jpg\" \/>\n\t<meta property=\"og:image:width\" content=\"1261\" \/>\n\t<meta property=\"og:image:height\" content=\"701\" \/>\n\t<meta property=\"og:image:type\" content=\"image\/jpeg\" \/>\n<meta name=\"author\" content=\"miro.sopko\" \/>\n<meta name=\"twitter:card\" content=\"summary_large_image\" \/>\n<meta name=\"twitter:label1\" content=\"Szerz\u0151:\" \/>\n\t<meta name=\"twitter:data1\" content=\"miro.sopko\" \/>\n\t<meta name=\"twitter:label2\" content=\"Becs\u00fclt olvas\u00e1si id\u0151\" \/>\n\t<meta name=\"twitter:data2\" content=\"3 perc\" \/>\n<script type=\"application\/ld+json\" class=\"yoast-schema-graph\">{\"@context\":\"https:\/\/schema.org\",\"@graph\":[{\"@type\":\"Article\",\"@id\":\"https:\/\/www.smedemokrati.sk\/opozicia-sa-nesmie-vzdat-postov-vo-vyboroch-tak-ako-to-navrhuje-sas-stratia-tym-vplyv-v-parlamente-lebo-koalicia-si-dosadi-vlastnych-predsedov\/#article\",\"isPartOf\":{\"@id\":\"https:\/\/www.smedemokrati.sk\/opozicia-sa-nesmie-vzdat-postov-vo-vyboroch-tak-ako-to-navrhuje-sas-stratia-tym-vplyv-v-parlamente-lebo-koalicia-si-dosadi-vlastnych-predsedov\/\"},\"author\":{\"name\":\"miro.sopko\",\"@id\":\"https:\/\/www.smedemokrati.sk\/#\/schema\/person\/21f147c88d605aa7ded900e1e7c344ba\"},\"headline\":\"Opoz\u00edcia sa nesmie vzda\u0165 postov vo v\u00fdboroch tak, ako to navrhuje SAS, stratia t\u00fdm vplyv v parlamente lebo koal\u00edcia si dosad\u00ed vlastn\u00fdch predsedov\",\"datePublished\":\"2024-08-23T14:23:35+00:00\",\"dateModified\":\"2024-09-05T08:51:58+00:00\",\"mainEntityOfPage\":{\"@id\":\"https:\/\/www.smedemokrati.sk\/opozicia-sa-nesmie-vzdat-postov-vo-vyboroch-tak-ako-to-navrhuje-sas-stratia-tym-vplyv-v-parlamente-lebo-koalicia-si-dosadi-vlastnych-predsedov\/\"},\"wordCount\":549,\"publisher\":{\"@id\":\"https:\/\/www.smedemokrati.sk\/#organization\"},\"image\":{\"@id\":\"https:\/\/www.smedemokrati.sk\/opozicia-sa-nesmie-vzdat-postov-vo-vyboroch-tak-ako-to-navrhuje-sas-stratia-tym-vplyv-v-parlamente-lebo-koalicia-si-dosadi-vlastnych-predsedov\/#primaryimage\"},\"thumbnailUrl\":\"https:\/\/www.smedemokrati.sk\/wp-content\/uploads\/2024\/03\/eurovolby-2024-1-e1709982159756.jpg\",\"articleSection\":[\"Tla\u010dov\u00e9 spr\u00e1vy\"],\"inLanguage\":\"hu-HU\"},{\"@type\":\"WebPage\",\"@id\":\"https:\/\/www.smedemokrati.sk\/opozicia-sa-nesmie-vzdat-postov-vo-vyboroch-tak-ako-to-navrhuje-sas-stratia-tym-vplyv-v-parlamente-lebo-koalicia-si-dosadi-vlastnych-predsedov\/\",\"url\":\"https:\/\/www.smedemokrati.sk\/opozicia-sa-nesmie-vzdat-postov-vo-vyboroch-tak-ako-to-navrhuje-sas-stratia-tym-vplyv-v-parlamente-lebo-koalicia-si-dosadi-vlastnych-predsedov\/\",\"name\":\"Opoz\u00edcia sa nesmie vzda\u0165 postov vo v\u00fdboroch tak, ako to navrhuje SAS, stratia t\u00fdm vplyv v parlamente lebo koal\u00edcia si dosad\u00ed vlastn\u00fdch predsedov\",\"isPartOf\":{\"@id\":\"https:\/\/www.smedemokrati.sk\/#website\"},\"primaryImageOfPage\":{\"@id\":\"https:\/\/www.smedemokrati.sk\/opozicia-sa-nesmie-vzdat-postov-vo-vyboroch-tak-ako-to-navrhuje-sas-stratia-tym-vplyv-v-parlamente-lebo-koalicia-si-dosadi-vlastnych-predsedov\/#primaryimage\"},\"image\":{\"@id\":\"https:\/\/www.smedemokrati.sk\/opozicia-sa-nesmie-vzdat-postov-vo-vyboroch-tak-ako-to-navrhuje-sas-stratia-tym-vplyv-v-parlamente-lebo-koalicia-si-dosadi-vlastnych-predsedov\/#primaryimage\"},\"thumbnailUrl\":\"https:\/\/www.smedemokrati.sk\/wp-content\/uploads\/2024\/03\/eurovolby-2024-1-e1709982159756.jpg\",\"datePublished\":\"2024-08-23T14:23:35+00:00\",\"dateModified\":\"2024-09-05T08:51:58+00:00\",\"breadcrumb\":{\"@id\":\"https:\/\/www.smedemokrati.sk\/opozicia-sa-nesmie-vzdat-postov-vo-vyboroch-tak-ako-to-navrhuje-sas-stratia-tym-vplyv-v-parlamente-lebo-koalicia-si-dosadi-vlastnych-predsedov\/#breadcrumb\"},\"inLanguage\":\"hu-HU\",\"potentialAction\":[{\"@type\":\"ReadAction\",\"target\":[\"https:\/\/www.smedemokrati.sk\/opozicia-sa-nesmie-vzdat-postov-vo-vyboroch-tak-ako-to-navrhuje-sas-stratia-tym-vplyv-v-parlamente-lebo-koalicia-si-dosadi-vlastnych-predsedov\/\"]}]},{\"@type\":\"ImageObject\",\"inLanguage\":\"hu-HU\",\"@id\":\"https:\/\/www.smedemokrati.sk\/opozicia-sa-nesmie-vzdat-postov-vo-vyboroch-tak-ako-to-navrhuje-sas-stratia-tym-vplyv-v-parlamente-lebo-koalicia-si-dosadi-vlastnych-predsedov\/#primaryimage\",\"url\":\"https:\/\/www.smedemokrati.sk\/wp-content\/uploads\/2024\/03\/eurovolby-2024-1-e1709982159756.jpg\",\"contentUrl\":\"https:\/\/www.smedemokrati.sk\/wp-content\/uploads\/2024\/03\/eurovolby-2024-1-e1709982159756.jpg\",\"width\":1261,\"height\":701},{\"@type\":\"BreadcrumbList\",\"@id\":\"https:\/\/www.smedemokrati.sk\/opozicia-sa-nesmie-vzdat-postov-vo-vyboroch-tak-ako-to-navrhuje-sas-stratia-tym-vplyv-v-parlamente-lebo-koalicia-si-dosadi-vlastnych-predsedov\/#breadcrumb\",\"itemListElement\":[{\"@type\":\"ListItem\",\"position\":1,\"name\":\"Domovsk\u00e1 str\u00e1nka\",\"item\":\"https:\/\/www.smedemokrati.sk\/\"},{\"@type\":\"ListItem\",\"position\":2,\"name\":\"Opoz\u00edcia sa nesmie vzda\u0165 postov vo v\u00fdboroch tak, ako to navrhuje SAS, stratia t\u00fdm vplyv v parlamente lebo koal\u00edcia si dosad\u00ed vlastn\u00fdch predsedov\"}]},{\"@type\":\"WebSite\",\"@id\":\"https:\/\/www.smedemokrati.sk\/#website\",\"url\":\"https:\/\/www.smedemokrati.sk\/\",\"name\":\"Smedemokrati.sk\",\"description\":\"Demokracia a slu\u0161nos\u0165 zv\u00ed\u0165az\u00ed\",\"publisher\":{\"@id\":\"https:\/\/www.smedemokrati.sk\/#organization\"},\"potentialAction\":[{\"@type\":\"SearchAction\",\"target\":{\"@type\":\"EntryPoint\",\"urlTemplate\":\"https:\/\/www.smedemokrati.sk\/?s={search_term_string}\"},\"query-input\":{\"@type\":\"PropertyValueSpecification\",\"valueRequired\":true,\"valueName\":\"search_term_string\"}}],\"inLanguage\":\"hu-HU\"},{\"@type\":\"Organization\",\"@id\":\"https:\/\/www.smedemokrati.sk\/#organization\",\"name\":\"Smedemokrati.sk\",\"url\":\"https:\/\/www.smedemokrati.sk\/\",\"logo\":{\"@type\":\"ImageObject\",\"inLanguage\":\"hu-HU\",\"@id\":\"https:\/\/www.smedemokrati.sk\/#\/schema\/logo\/image\/\",\"url\":\"https:\/\/www.smedemokrati.sk\/wp-content\/uploads\/2023\/04\/ff.002.jpeg\",\"contentUrl\":\"https:\/\/www.smedemokrati.sk\/wp-content\/uploads\/2023\/04\/ff.002.jpeg\",\"width\":640,\"height\":480,\"caption\":\"Smedemokrati.sk\"},\"image\":{\"@id\":\"https:\/\/www.smedemokrati.sk\/#\/schema\/logo\/image\/\"},\"sameAs\":[\"https:\/\/www.facebook.com\/smedemokrati2023\"]},{\"@type\":\"Person\",\"@id\":\"https:\/\/www.smedemokrati.sk\/#\/schema\/person\/21f147c88d605aa7ded900e1e7c344ba\",\"name\":\"miro.sopko\",\"image\":{\"@type\":\"ImageObject\",\"inLanguage\":\"hu-HU\",\"@id\":\"https:\/\/secure.gravatar.com\/avatar\/267e4a36f704376c109afe3a78740c1f5dd8675a2180a908699e7863c9247606?s=96&d=mm&r=g\",\"url\":\"https:\/\/secure.gravatar.com\/avatar\/267e4a36f704376c109afe3a78740c1f5dd8675a2180a908699e7863c9247606?s=96&d=mm&r=g\",\"contentUrl\":\"https:\/\/secure.gravatar.com\/avatar\/267e4a36f704376c109afe3a78740c1f5dd8675a2180a908699e7863c9247606?s=96&d=mm&r=g\",\"caption\":\"miro.sopko\"},\"url\":\"https:\/\/www.smedemokrati.sk\/hu\/author\/miro-sopko\/\"}]}<\/script>\n<!-- \/ Yoast SEO plugin. -->","yoast_head_json":{"title":"Opoz\u00edcia sa nesmie vzda\u0165 postov vo v\u00fdboroch tak, ako to navrhuje SAS, stratia t\u00fdm vplyv v parlamente lebo koal\u00edcia si dosad\u00ed vlastn\u00fdch predsedov","robots":{"index":"index","follow":"follow","max-snippet":"max-snippet:-1","max-image-preview":"max-image-preview:large","max-video-preview":"max-video-preview:-1"},"canonical":"https:\/\/www.smedemokrati.sk\/hu\/opozicia-sa-nesmie-vzdat-postov-vo-vyboroch-tak-ako-to-navrhuje-sas-stratia-tym-vplyv-v-parlamente-lebo-koalicia-si-dosadi-vlastnych-predsedov\/","og_locale":"hu_HU","og_type":"article","og_title":"[:sk]Opoz\u00edcia sa nesmie vzda\u0165 postov vo v\u00fdboroch tak, ako to navrhuje SAS, stratia t\u00fdm vplyv v parlamente lebo koal\u00edcia si dosad\u00ed vlastn\u00fdch predsedov[:] - Smedemokrati.sk","og_description":"Pod\u013ea Demokratov je stanovisko parlamentnej strany SAS neuv\u00e1\u017een\u00fdm krokom a opoz\u00edcia by mala naopak vyu\u017ei\u0165 v\u0161etky dostupn\u00e9 prostriedky na ochranu demokracie a slobody, a to aj poctivou pr\u00e1cou pr\u00e1ve v parlamentn\u00fdch v\u00fdboroch. Strana tak reaguje na stanovisko SAS, ktor\u00e9 navrhuje, \u017ee ak d\u00f4jde k odvolaniu Michala \u0160ime\u010dku, opoz\u00edcia by mala opusti\u0165 posty vo v\u00fdboroch v [&hellip;]","og_url":"https:\/\/www.smedemokrati.sk\/hu\/opozicia-sa-nesmie-vzdat-postov-vo-vyboroch-tak-ako-to-navrhuje-sas-stratia-tym-vplyv-v-parlamente-lebo-koalicia-si-dosadi-vlastnych-predsedov\/","og_site_name":"Smedemokrati.sk","article_publisher":"https:\/\/www.facebook.com\/smedemokrati2023","article_published_time":"2024-08-23T14:23:35+00:00","article_modified_time":"2024-09-05T08:51:58+00:00","og_image":[{"width":1261,"height":701,"url":"https:\/\/www.smedemokrati.sk\/wp-content\/uploads\/2024\/03\/eurovolby-2024-1-e1709982159756.jpg","type":"image\/jpeg"}],"author":"miro.sopko","twitter_card":"summary_large_image","twitter_misc":{"Szerz\u0151:":"miro.sopko","Becs\u00fclt olvas\u00e1si id\u0151":"3 perc"},"schema":{"@context":"https:\/\/schema.org","@graph":[{"@type":"Article","@id":"https:\/\/www.smedemokrati.sk\/opozicia-sa-nesmie-vzdat-postov-vo-vyboroch-tak-ako-to-navrhuje-sas-stratia-tym-vplyv-v-parlamente-lebo-koalicia-si-dosadi-vlastnych-predsedov\/#article","isPartOf":{"@id":"https:\/\/www.smedemokrati.sk\/opozicia-sa-nesmie-vzdat-postov-vo-vyboroch-tak-ako-to-navrhuje-sas-stratia-tym-vplyv-v-parlamente-lebo-koalicia-si-dosadi-vlastnych-predsedov\/"},"author":{"name":"miro.sopko","@id":"https:\/\/www.smedemokrati.sk\/#\/schema\/person\/21f147c88d605aa7ded900e1e7c344ba"},"headline":"Opoz\u00edcia sa nesmie vzda\u0165 postov vo v\u00fdboroch tak, ako to navrhuje SAS, stratia t\u00fdm vplyv v parlamente lebo koal\u00edcia si dosad\u00ed vlastn\u00fdch predsedov","datePublished":"2024-08-23T14:23:35+00:00","dateModified":"2024-09-05T08:51:58+00:00","mainEntityOfPage":{"@id":"https:\/\/www.smedemokrati.sk\/opozicia-sa-nesmie-vzdat-postov-vo-vyboroch-tak-ako-to-navrhuje-sas-stratia-tym-vplyv-v-parlamente-lebo-koalicia-si-dosadi-vlastnych-predsedov\/"},"wordCount":549,"publisher":{"@id":"https:\/\/www.smedemokrati.sk\/#organization"},"image":{"@id":"https:\/\/www.smedemokrati.sk\/opozicia-sa-nesmie-vzdat-postov-vo-vyboroch-tak-ako-to-navrhuje-sas-stratia-tym-vplyv-v-parlamente-lebo-koalicia-si-dosadi-vlastnych-predsedov\/#primaryimage"},"thumbnailUrl":"https:\/\/www.smedemokrati.sk\/wp-content\/uploads\/2024\/03\/eurovolby-2024-1-e1709982159756.jpg","articleSection":["Tla\u010dov\u00e9 spr\u00e1vy"],"inLanguage":"hu-HU"},{"@type":"WebPage","@id":"https:\/\/www.smedemokrati.sk\/opozicia-sa-nesmie-vzdat-postov-vo-vyboroch-tak-ako-to-navrhuje-sas-stratia-tym-vplyv-v-parlamente-lebo-koalicia-si-dosadi-vlastnych-predsedov\/","url":"https:\/\/www.smedemokrati.sk\/opozicia-sa-nesmie-vzdat-postov-vo-vyboroch-tak-ako-to-navrhuje-sas-stratia-tym-vplyv-v-parlamente-lebo-koalicia-si-dosadi-vlastnych-predsedov\/","name":"Opoz\u00edcia sa nesmie vzda\u0165 postov vo v\u00fdboroch tak, ako to navrhuje SAS, stratia t\u00fdm vplyv v parlamente lebo koal\u00edcia si dosad\u00ed vlastn\u00fdch predsedov","isPartOf":{"@id":"https:\/\/www.smedemokrati.sk\/#website"},"primaryImageOfPage":{"@id":"https:\/\/www.smedemokrati.sk\/opozicia-sa-nesmie-vzdat-postov-vo-vyboroch-tak-ako-to-navrhuje-sas-stratia-tym-vplyv-v-parlamente-lebo-koalicia-si-dosadi-vlastnych-predsedov\/#primaryimage"},"image":{"@id":"https:\/\/www.smedemokrati.sk\/opozicia-sa-nesmie-vzdat-postov-vo-vyboroch-tak-ako-to-navrhuje-sas-stratia-tym-vplyv-v-parlamente-lebo-koalicia-si-dosadi-vlastnych-predsedov\/#primaryimage"},"thumbnailUrl":"https:\/\/www.smedemokrati.sk\/wp-content\/uploads\/2024\/03\/eurovolby-2024-1-e1709982159756.jpg","datePublished":"2024-08-23T14:23:35+00:00","dateModified":"2024-09-05T08:51:58+00:00","breadcrumb":{"@id":"https:\/\/www.smedemokrati.sk\/opozicia-sa-nesmie-vzdat-postov-vo-vyboroch-tak-ako-to-navrhuje-sas-stratia-tym-vplyv-v-parlamente-lebo-koalicia-si-dosadi-vlastnych-predsedov\/#breadcrumb"},"inLanguage":"hu-HU","potentialAction":[{"@type":"ReadAction","target":["https:\/\/www.smedemokrati.sk\/opozicia-sa-nesmie-vzdat-postov-vo-vyboroch-tak-ako-to-navrhuje-sas-stratia-tym-vplyv-v-parlamente-lebo-koalicia-si-dosadi-vlastnych-predsedov\/"]}]},{"@type":"ImageObject","inLanguage":"hu-HU","@id":"https:\/\/www.smedemokrati.sk\/opozicia-sa-nesmie-vzdat-postov-vo-vyboroch-tak-ako-to-navrhuje-sas-stratia-tym-vplyv-v-parlamente-lebo-koalicia-si-dosadi-vlastnych-predsedov\/#primaryimage","url":"https:\/\/www.smedemokrati.sk\/wp-content\/uploads\/2024\/03\/eurovolby-2024-1-e1709982159756.jpg","contentUrl":"https:\/\/www.smedemokrati.sk\/wp-content\/uploads\/2024\/03\/eurovolby-2024-1-e1709982159756.jpg","width":1261,"height":701},{"@type":"BreadcrumbList","@id":"https:\/\/www.smedemokrati.sk\/opozicia-sa-nesmie-vzdat-postov-vo-vyboroch-tak-ako-to-navrhuje-sas-stratia-tym-vplyv-v-parlamente-lebo-koalicia-si-dosadi-vlastnych-predsedov\/#breadcrumb","itemListElement":[{"@type":"ListItem","position":1,"name":"Domovsk\u00e1 str\u00e1nka","item":"https:\/\/www.smedemokrati.sk\/"},{"@type":"ListItem","position":2,"name":"Opoz\u00edcia sa nesmie vzda\u0165 postov vo v\u00fdboroch tak, ako to navrhuje SAS, stratia t\u00fdm vplyv v parlamente lebo koal\u00edcia si dosad\u00ed vlastn\u00fdch predsedov"}]},{"@type":"WebSite","@id":"https:\/\/www.smedemokrati.sk\/#website","url":"https:\/\/www.smedemokrati.sk\/","name":"Smedemokrati.sk","description":"Demokracia a slu\u0161nos\u0165 zv\u00ed\u0165az\u00ed","publisher":{"@id":"https:\/\/www.smedemokrati.sk\/#organization"},"potentialAction":[{"@type":"SearchAction","target":{"@type":"EntryPoint","urlTemplate":"https:\/\/www.smedemokrati.sk\/?s={search_term_string}"},"query-input":{"@type":"PropertyValueSpecification","valueRequired":true,"valueName":"search_term_string"}}],"inLanguage":"hu-HU"},{"@type":"Organization","@id":"https:\/\/www.smedemokrati.sk\/#organization","name":"Smedemokrati.sk","url":"https:\/\/www.smedemokrati.sk\/","logo":{"@type":"ImageObject","inLanguage":"hu-HU","@id":"https:\/\/www.smedemokrati.sk\/#\/schema\/logo\/image\/","url":"https:\/\/www.smedemokrati.sk\/wp-content\/uploads\/2023\/04\/ff.002.jpeg","contentUrl":"https:\/\/www.smedemokrati.sk\/wp-content\/uploads\/2023\/04\/ff.002.jpeg","width":640,"height":480,"caption":"Smedemokrati.sk"},"image":{"@id":"https:\/\/www.smedemokrati.sk\/#\/schema\/logo\/image\/"},"sameAs":["https:\/\/www.facebook.com\/smedemokrati2023"]},{"@type":"Person","@id":"https:\/\/www.smedemokrati.sk\/#\/schema\/person\/21f147c88d605aa7ded900e1e7c344ba","name":"miro.sopko","image":{"@type":"ImageObject","inLanguage":"hu-HU","@id":"https:\/\/secure.gravatar.com\/avatar\/267e4a36f704376c109afe3a78740c1f5dd8675a2180a908699e7863c9247606?s=96&d=mm&r=g","url":"https:\/\/secure.gravatar.com\/avatar\/267e4a36f704376c109afe3a78740c1f5dd8675a2180a908699e7863c9247606?s=96&d=mm&r=g","contentUrl":"https:\/\/secure.gravatar.com\/avatar\/267e4a36f704376c109afe3a78740c1f5dd8675a2180a908699e7863c9247606?s=96&d=mm&r=g","caption":"miro.sopko"},"url":"https:\/\/www.smedemokrati.sk\/hu\/author\/miro-sopko\/"}]}},"_links":{"self":[{"href":"https:\/\/www.smedemokrati.sk\/hu\/wp-json\/wp\/v2\/posts\/4974","targetHints":{"allow":["GET"]}}],"collection":[{"href":"https:\/\/www.smedemokrati.sk\/hu\/wp-json\/wp\/v2\/posts"}],"about":[{"href":"https:\/\/www.smedemokrati.sk\/hu\/wp-json\/wp\/v2\/types\/post"}],"author":[{"embeddable":true,"href":"https:\/\/www.smedemokrati.sk\/hu\/wp-json\/wp\/v2\/users\/13"}],"replies":[{"embeddable":true,"href":"https:\/\/www.smedemokrati.sk\/hu\/wp-json\/wp\/v2\/comments?post=4974"}],"version-history":[{"count":1,"href":"https:\/\/www.smedemokrati.sk\/hu\/wp-json\/wp\/v2\/posts\/4974\/revisions"}],"predecessor-version":[{"id":4975,"href":"https:\/\/www.smedemokrati.sk\/hu\/wp-json\/wp\/v2\/posts\/4974\/revisions\/4975"}],"wp:featuredmedia":[{"embeddable":true,"href":"https:\/\/www.smedemokrati.sk\/hu\/wp-json\/wp\/v2\/media\/3006"}],"wp:attachment":[{"href":"https:\/\/www.smedemokrati.sk\/hu\/wp-json\/wp\/v2\/media?parent=4974"}],"wp:term":[{"taxonomy":"category","embeddable":true,"href":"https:\/\/www.smedemokrati.sk\/hu\/wp-json\/wp\/v2\/categories?post=4974"},{"taxonomy":"post_tag","embeddable":true,"href":"https:\/\/www.smedemokrati.sk\/hu\/wp-json\/wp\/v2\/tags?post=4974"}],"curies":[{"name":"wp","href":"https:\/\/api.w.org\/{rel}","templated":true}]}}