{"id":4888,"date":"2024-08-14T16:54:39","date_gmt":"2024-08-14T15:54:39","guid":{"rendered":"https:\/\/www.smedemokrati.sk\/?p=4888"},"modified":"2024-08-28T12:33:43","modified_gmt":"2024-08-28T11:33:43","slug":"zalohujete-flase-taraba-to-chce-zrusit-podpiste-hromadnu-pripomienku","status":"publish","type":"post","link":"https:\/\/www.smedemokrati.sk\/hu\/zalohujete-flase-taraba-to-chce-zrusit-podpiste-hromadnu-pripomienku\/","title":{"rendered":"Z\u00e1lohujete f\u013ea\u0161e? Taraba to chce zru\u0161i\u0165, podp\u00ed\u0161te hromadn\u00fa pripomienku"},"content":{"rendered":"<div id=\"fb-root\"><\/div>\n\n<p><strong>Taraba chce zlikvidova\u0165 \u00faspe\u0161n\u00fd a prospe\u0161n\u00fd projekt &#8211; z\u00e1lohovanie flia\u0161, ktor\u00fd si ob\u013e\u00fabili st\u00e1tis\u00edce Slov\u00e1kov, Demokrati preto pod\u00e1vaj\u00fa hromadn\u00fa pripomienku.&nbsp;<\/strong><\/p>\n\n\n\n<p><em>\u201eNa kroky ministra Tarabu neexistuje \u017eiadne relevantn\u00e9 ani logick\u00e9 vysvetlenie. Jedin\u00fdm z\u00e1merom z\u00e1kona je m\u00f4c\u0165 svojvo\u013ene zasahova\u0165 do fungovania syst\u00e9mu z\u00e1lohovania zo strany ministerstva alebo prihra\u0165 projekt lobistick\u00fdm skupin\u00e1m. Tarabov n\u00e1vrh predstavuje mocensk\u00e9 a finan\u010dn\u00e9 ovl\u00e1dnutie syst\u00e9mu, \u010do by viedlo prakticky k jeho vyvlastneniu v rozpore s \u00dastavou SR. Pod\u00e1vame hromadn\u00fa pripomienku, ktor\u00e1 je na\u0161ou jedinou cestou ako z\u00edska\u0165 potrebn\u00e9 jednak odpovede ale tie\u017e mo\u017enos\u0165 ovplyvni\u0165 cel\u00fd proces. Pros\u00edm verejnos\u0165 aby sa zapojila,\u201d\u00a0<\/em>hovor\u00ed Michal Ki\u010da b\u00fdval\u00fd \u0161t\u00e1tny tajomn\u00edk rezortu \u017eivotn\u00e9ho prostredia.<\/p>\n\n\n\n<p>K zapojeniu do iniciat\u00edvy vyz\u00fdva aj b\u00fdval\u00fd minister hospod\u00e1rstva Karel Hirman:<em>\u00a0\u201eNem\u00f4\u017eeme sa pozera\u0165, ako v priamom prenose ni\u010dia v\u0161etko \u010do garantuje spravodlivos\u0165, ohrozuje invest\u00edcie, na\u0161u bezpe\u010dnos\u0165 a na\u0161u kult\u00faru, ale po novom likviduj\u00fa aj projekty, ktor\u00e9 ozdravuj\u00fa na\u0161e \u017eivotn\u00e9 prostredie. Je to bezprecedentn\u00fd z\u00e1sah aj do predv\u00eddate\u013enosti podnikate\u013esk\u00e9ho prostredia,\u201d\u00a0<\/em>uzatv\u00e1ra exminister.<\/p>\n\n\n\n<p>Hromadn\u00e1 pripomienka:<\/p>\n\n\n\n<p><a href=\"https:\/\/www.peticie.com\/hromadna_pripomienka_-_zachrame_zalohovanie_pet_flia_pred_tarabom_michal_kia_a_karel_hirman\">https:\/\/www.peticie.com\/hromadna_pripomienka_-_zachrame_zalohovanie_pet_flia_pred_tarabom_michal_kia_a_karel_hirman<\/a><\/p>\n","protected":false},"excerpt":{"rendered":"<p>Taraba chce zlikvidova\u0165 \u00faspe\u0161n\u00fd a prospe\u0161n\u00fd projekt &#8211; z\u00e1lohovanie flia\u0161, ktor\u00fd si ob\u013e\u00fabili st\u00e1tis\u00edce Slov\u00e1kov, Demokrati preto pod\u00e1vaj\u00fa hromadn\u00fa pripomienku.&nbsp; \u201eNa kroky ministra Tarabu neexistuje \u017eiadne relevantn\u00e9 ani logick\u00e9 vysvetlenie. Jedin\u00fdm z\u00e1merom z\u00e1kona je m\u00f4c\u0165 svojvo\u013ene zasahova\u0165 do fungovania syst\u00e9mu z\u00e1lohovania zo strany ministerstva alebo prihra\u0165 projekt lobistick\u00fdm skupin\u00e1m. Tarabov n\u00e1vrh predstavuje mocensk\u00e9 a finan\u010dn\u00e9 [&hellip;]<\/p>\n","protected":false},"author":13,"featured_media":4889,"comment_status":"closed","ping_status":"closed","sticky":false,"template":"","format":"standard","meta":{"_acf_changed":false,"ngg_post_thumbnail":0,"footnotes":""},"categories":[4],"tags":[],"class_list":["post-4888","post","type-post","status-publish","format-standard","has-post-thumbnail","hentry","category-tlacove-spravy"],"acf":[],"yoast_head":"<!-- This site is optimized with the Yoast SEO plugin v27.2 - https:\/\/yoast.com\/product\/yoast-seo-wordpress\/ -->\n<title>Z\u00e1lohujete f\u013ea\u0161e? Taraba to chce zru\u0161i\u0165, podp\u00ed\u0161te hromadn\u00fa pripomienku<\/title>\n<meta name=\"robots\" content=\"index, follow, max-snippet:-1, max-image-preview:large, max-video-preview:-1\" \/>\n<link rel=\"canonical\" href=\"https:\/\/www.smedemokrati.sk\/hu\/zalohujete-flase-taraba-to-chce-zrusit-podpiste-hromadnu-pripomienku\/\" \/>\n<meta property=\"og:locale\" content=\"hu_HU\" \/>\n<meta property=\"og:locale:alternate\" content=\"en_US\" \/>\n<meta property=\"og:locale:alternate\" content=\"cs_CZ\" \/>\n<meta property=\"og:locale:alternate\" content=\"sk_SK\" \/>\n<meta property=\"og:locale:alternate\" content=\"sv_SE\" \/>\n<meta property=\"og:type\" content=\"article\" \/>\n<meta property=\"og:title\" content=\"Z\u00e1lohujete f\u013ea\u0161e? Taraba to chce zru\u0161i\u0165, podp\u00ed\u0161te hromadn\u00fa pripomienku\" \/>\n<meta property=\"og:description\" content=\"Taraba chce zlikvidova\u0165 \u00faspe\u0161n\u00fd a prospe\u0161n\u00fd projekt &#8211; z\u00e1lohovanie flia\u0161, ktor\u00fd si ob\u013e\u00fabili st\u00e1tis\u00edce Slov\u00e1kov, Demokrati preto pod\u00e1vaj\u00fa hromadn\u00fa pripomienku.&nbsp; \u201eNa kroky ministra Tarabu neexistuje \u017eiadne relevantn\u00e9 ani logick\u00e9 vysvetlenie. Jedin\u00fdm z\u00e1merom z\u00e1kona je m\u00f4c\u0165 svojvo\u013ene zasahova\u0165 do fungovania syst\u00e9mu z\u00e1lohovania zo strany ministerstva alebo prihra\u0165 projekt lobistick\u00fdm skupin\u00e1m. Tarabov n\u00e1vrh predstavuje mocensk\u00e9 a finan\u010dn\u00e9 [&hellip;]\" \/>\n<meta property=\"og:url\" content=\"https:\/\/www.smedemokrati.sk\/hu\/zalohujete-flase-taraba-to-chce-zrusit-podpiste-hromadnu-pripomienku\/\" \/>\n<meta property=\"og:site_name\" content=\"Smedemokrati.sk\" \/>\n<meta property=\"article:publisher\" content=\"https:\/\/www.facebook.com\/smedemokrati2023\" \/>\n<meta property=\"article:published_time\" content=\"2024-08-14T15:54:39+00:00\" \/>\n<meta property=\"article:modified_time\" content=\"2024-08-28T11:33:43+00:00\" \/>\n<meta property=\"og:image\" content=\"https:\/\/www.smedemokrati.sk\/wp-content\/uploads\/2024\/08\/zalohovanie-flias.jpg\" \/>\n\t<meta property=\"og:image:width\" content=\"900\" \/>\n\t<meta property=\"og:image:height\" content=\"452\" \/>\n\t<meta property=\"og:image:type\" content=\"image\/jpeg\" \/>\n<meta name=\"author\" content=\"miro.sopko\" \/>\n<meta name=\"twitter:card\" content=\"summary_large_image\" \/>\n<meta name=\"twitter:label1\" content=\"Szerz\u0151:\" \/>\n\t<meta name=\"twitter:data1\" content=\"miro.sopko\" \/>\n\t<meta name=\"twitter:label2\" content=\"Becs\u00fclt olvas\u00e1si id\u0151\" \/>\n\t<meta name=\"twitter:data2\" content=\"1 perc\" \/>\n<script type=\"application\/ld+json\" class=\"yoast-schema-graph\">{\"@context\":\"https:\/\/schema.org\",\"@graph\":[{\"@type\":\"Article\",\"@id\":\"https:\/\/www.smedemokrati.sk\/zalohujete-flase-taraba-to-chce-zrusit-podpiste-hromadnu-pripomienku\/#article\",\"isPartOf\":{\"@id\":\"https:\/\/www.smedemokrati.sk\/zalohujete-flase-taraba-to-chce-zrusit-podpiste-hromadnu-pripomienku\/\"},\"author\":{\"name\":\"miro.sopko\",\"@id\":\"https:\/\/www.smedemokrati.sk\/#\/schema\/person\/21f147c88d605aa7ded900e1e7c344ba\"},\"headline\":\"Z\u00e1lohujete f\u013ea\u0161e? Taraba to chce zru\u0161i\u0165, podp\u00ed\u0161te hromadn\u00fa pripomienku\",\"datePublished\":\"2024-08-14T15:54:39+00:00\",\"dateModified\":\"2024-08-28T11:33:43+00:00\",\"mainEntityOfPage\":{\"@id\":\"https:\/\/www.smedemokrati.sk\/zalohujete-flase-taraba-to-chce-zrusit-podpiste-hromadnu-pripomienku\/\"},\"wordCount\":241,\"publisher\":{\"@id\":\"https:\/\/www.smedemokrati.sk\/#organization\"},\"image\":{\"@id\":\"https:\/\/www.smedemokrati.sk\/zalohujete-flase-taraba-to-chce-zrusit-podpiste-hromadnu-pripomienku\/#primaryimage\"},\"thumbnailUrl\":\"https:\/\/www.smedemokrati.sk\/wp-content\/uploads\/2024\/08\/zalohovanie-flias.jpg\",\"articleSection\":[\"Tla\u010dov\u00e9 spr\u00e1vy\"],\"inLanguage\":\"hu-HU\"},{\"@type\":\"WebPage\",\"@id\":\"https:\/\/www.smedemokrati.sk\/zalohujete-flase-taraba-to-chce-zrusit-podpiste-hromadnu-pripomienku\/\",\"url\":\"https:\/\/www.smedemokrati.sk\/zalohujete-flase-taraba-to-chce-zrusit-podpiste-hromadnu-pripomienku\/\",\"name\":\"Z\u00e1lohujete f\u013ea\u0161e? Taraba to chce zru\u0161i\u0165, podp\u00ed\u0161te hromadn\u00fa pripomienku\",\"isPartOf\":{\"@id\":\"https:\/\/www.smedemokrati.sk\/#website\"},\"primaryImageOfPage\":{\"@id\":\"https:\/\/www.smedemokrati.sk\/zalohujete-flase-taraba-to-chce-zrusit-podpiste-hromadnu-pripomienku\/#primaryimage\"},\"image\":{\"@id\":\"https:\/\/www.smedemokrati.sk\/zalohujete-flase-taraba-to-chce-zrusit-podpiste-hromadnu-pripomienku\/#primaryimage\"},\"thumbnailUrl\":\"https:\/\/www.smedemokrati.sk\/wp-content\/uploads\/2024\/08\/zalohovanie-flias.jpg\",\"datePublished\":\"2024-08-14T15:54:39+00:00\",\"dateModified\":\"2024-08-28T11:33:43+00:00\",\"breadcrumb\":{\"@id\":\"https:\/\/www.smedemokrati.sk\/zalohujete-flase-taraba-to-chce-zrusit-podpiste-hromadnu-pripomienku\/#breadcrumb\"},\"inLanguage\":\"hu-HU\",\"potentialAction\":[{\"@type\":\"ReadAction\",\"target\":[\"https:\/\/www.smedemokrati.sk\/zalohujete-flase-taraba-to-chce-zrusit-podpiste-hromadnu-pripomienku\/\"]}]},{\"@type\":\"ImageObject\",\"inLanguage\":\"hu-HU\",\"@id\":\"https:\/\/www.smedemokrati.sk\/zalohujete-flase-taraba-to-chce-zrusit-podpiste-hromadnu-pripomienku\/#primaryimage\",\"url\":\"https:\/\/www.smedemokrati.sk\/wp-content\/uploads\/2024\/08\/zalohovanie-flias.jpg\",\"contentUrl\":\"https:\/\/www.smedemokrati.sk\/wp-content\/uploads\/2024\/08\/zalohovanie-flias.jpg\",\"width\":900,\"height\":452},{\"@type\":\"BreadcrumbList\",\"@id\":\"https:\/\/www.smedemokrati.sk\/zalohujete-flase-taraba-to-chce-zrusit-podpiste-hromadnu-pripomienku\/#breadcrumb\",\"itemListElement\":[{\"@type\":\"ListItem\",\"position\":1,\"name\":\"Domovsk\u00e1 str\u00e1nka\",\"item\":\"https:\/\/www.smedemokrati.sk\/\"},{\"@type\":\"ListItem\",\"position\":2,\"name\":\"Z\u00e1lohujete f\u013ea\u0161e? Taraba to chce zru\u0161i\u0165, podp\u00ed\u0161te hromadn\u00fa pripomienku\"}]},{\"@type\":\"WebSite\",\"@id\":\"https:\/\/www.smedemokrati.sk\/#website\",\"url\":\"https:\/\/www.smedemokrati.sk\/\",\"name\":\"Smedemokrati.sk\",\"description\":\"Demokracia a slu\u0161nos\u0165 zv\u00ed\u0165az\u00ed\",\"publisher\":{\"@id\":\"https:\/\/www.smedemokrati.sk\/#organization\"},\"potentialAction\":[{\"@type\":\"SearchAction\",\"target\":{\"@type\":\"EntryPoint\",\"urlTemplate\":\"https:\/\/www.smedemokrati.sk\/?s={search_term_string}\"},\"query-input\":{\"@type\":\"PropertyValueSpecification\",\"valueRequired\":true,\"valueName\":\"search_term_string\"}}],\"inLanguage\":\"hu-HU\"},{\"@type\":\"Organization\",\"@id\":\"https:\/\/www.smedemokrati.sk\/#organization\",\"name\":\"Smedemokrati.sk\",\"url\":\"https:\/\/www.smedemokrati.sk\/\",\"logo\":{\"@type\":\"ImageObject\",\"inLanguage\":\"hu-HU\",\"@id\":\"https:\/\/www.smedemokrati.sk\/#\/schema\/logo\/image\/\",\"url\":\"https:\/\/www.smedemokrati.sk\/wp-content\/uploads\/2023\/04\/ff.002.jpeg\",\"contentUrl\":\"https:\/\/www.smedemokrati.sk\/wp-content\/uploads\/2023\/04\/ff.002.jpeg\",\"width\":640,\"height\":480,\"caption\":\"Smedemokrati.sk\"},\"image\":{\"@id\":\"https:\/\/www.smedemokrati.sk\/#\/schema\/logo\/image\/\"},\"sameAs\":[\"https:\/\/www.facebook.com\/smedemokrati2023\"]},{\"@type\":\"Person\",\"@id\":\"https:\/\/www.smedemokrati.sk\/#\/schema\/person\/21f147c88d605aa7ded900e1e7c344ba\",\"name\":\"miro.sopko\",\"image\":{\"@type\":\"ImageObject\",\"inLanguage\":\"hu-HU\",\"@id\":\"https:\/\/secure.gravatar.com\/avatar\/267e4a36f704376c109afe3a78740c1f5dd8675a2180a908699e7863c9247606?s=96&d=mm&r=g\",\"url\":\"https:\/\/secure.gravatar.com\/avatar\/267e4a36f704376c109afe3a78740c1f5dd8675a2180a908699e7863c9247606?s=96&d=mm&r=g\",\"contentUrl\":\"https:\/\/secure.gravatar.com\/avatar\/267e4a36f704376c109afe3a78740c1f5dd8675a2180a908699e7863c9247606?s=96&d=mm&r=g\",\"caption\":\"miro.sopko\"},\"url\":\"https:\/\/www.smedemokrati.sk\/hu\/author\/miro-sopko\/\"}]}<\/script>\n<!-- \/ Yoast SEO plugin. -->","yoast_head_json":{"title":"Z\u00e1lohujete f\u013ea\u0161e? Taraba to chce zru\u0161i\u0165, podp\u00ed\u0161te hromadn\u00fa pripomienku","robots":{"index":"index","follow":"follow","max-snippet":"max-snippet:-1","max-image-preview":"max-image-preview:large","max-video-preview":"max-video-preview:-1"},"canonical":"https:\/\/www.smedemokrati.sk\/hu\/zalohujete-flase-taraba-to-chce-zrusit-podpiste-hromadnu-pripomienku\/","og_locale":"hu_HU","og_type":"article","og_title":"[:sk]Z\u00e1lohujete f\u013ea\u0161e? Taraba to chce zru\u0161i\u0165, podp\u00ed\u0161te hromadn\u00fa pripomienku[:] - Smedemokrati.sk","og_description":"Taraba chce zlikvidova\u0165 \u00faspe\u0161n\u00fd a prospe\u0161n\u00fd projekt &#8211; z\u00e1lohovanie flia\u0161, ktor\u00fd si ob\u013e\u00fabili st\u00e1tis\u00edce Slov\u00e1kov, Demokrati preto pod\u00e1vaj\u00fa hromadn\u00fa pripomienku.&nbsp; \u201eNa kroky ministra Tarabu neexistuje \u017eiadne relevantn\u00e9 ani logick\u00e9 vysvetlenie. Jedin\u00fdm z\u00e1merom z\u00e1kona je m\u00f4c\u0165 svojvo\u013ene zasahova\u0165 do fungovania syst\u00e9mu z\u00e1lohovania zo strany ministerstva alebo prihra\u0165 projekt lobistick\u00fdm skupin\u00e1m. Tarabov n\u00e1vrh predstavuje mocensk\u00e9 a finan\u010dn\u00e9 [&hellip;]","og_url":"https:\/\/www.smedemokrati.sk\/hu\/zalohujete-flase-taraba-to-chce-zrusit-podpiste-hromadnu-pripomienku\/","og_site_name":"Smedemokrati.sk","article_publisher":"https:\/\/www.facebook.com\/smedemokrati2023","article_published_time":"2024-08-14T15:54:39+00:00","article_modified_time":"2024-08-28T11:33:43+00:00","og_image":[{"width":900,"height":452,"url":"https:\/\/www.smedemokrati.sk\/wp-content\/uploads\/2024\/08\/zalohovanie-flias.jpg","type":"image\/jpeg"}],"author":"miro.sopko","twitter_card":"summary_large_image","twitter_misc":{"Szerz\u0151:":"miro.sopko","Becs\u00fclt olvas\u00e1si id\u0151":"1 perc"},"schema":{"@context":"https:\/\/schema.org","@graph":[{"@type":"Article","@id":"https:\/\/www.smedemokrati.sk\/zalohujete-flase-taraba-to-chce-zrusit-podpiste-hromadnu-pripomienku\/#article","isPartOf":{"@id":"https:\/\/www.smedemokrati.sk\/zalohujete-flase-taraba-to-chce-zrusit-podpiste-hromadnu-pripomienku\/"},"author":{"name":"miro.sopko","@id":"https:\/\/www.smedemokrati.sk\/#\/schema\/person\/21f147c88d605aa7ded900e1e7c344ba"},"headline":"Z\u00e1lohujete f\u013ea\u0161e? Taraba to chce zru\u0161i\u0165, podp\u00ed\u0161te hromadn\u00fa pripomienku","datePublished":"2024-08-14T15:54:39+00:00","dateModified":"2024-08-28T11:33:43+00:00","mainEntityOfPage":{"@id":"https:\/\/www.smedemokrati.sk\/zalohujete-flase-taraba-to-chce-zrusit-podpiste-hromadnu-pripomienku\/"},"wordCount":241,"publisher":{"@id":"https:\/\/www.smedemokrati.sk\/#organization"},"image":{"@id":"https:\/\/www.smedemokrati.sk\/zalohujete-flase-taraba-to-chce-zrusit-podpiste-hromadnu-pripomienku\/#primaryimage"},"thumbnailUrl":"https:\/\/www.smedemokrati.sk\/wp-content\/uploads\/2024\/08\/zalohovanie-flias.jpg","articleSection":["Tla\u010dov\u00e9 spr\u00e1vy"],"inLanguage":"hu-HU"},{"@type":"WebPage","@id":"https:\/\/www.smedemokrati.sk\/zalohujete-flase-taraba-to-chce-zrusit-podpiste-hromadnu-pripomienku\/","url":"https:\/\/www.smedemokrati.sk\/zalohujete-flase-taraba-to-chce-zrusit-podpiste-hromadnu-pripomienku\/","name":"Z\u00e1lohujete f\u013ea\u0161e? Taraba to chce zru\u0161i\u0165, podp\u00ed\u0161te hromadn\u00fa pripomienku","isPartOf":{"@id":"https:\/\/www.smedemokrati.sk\/#website"},"primaryImageOfPage":{"@id":"https:\/\/www.smedemokrati.sk\/zalohujete-flase-taraba-to-chce-zrusit-podpiste-hromadnu-pripomienku\/#primaryimage"},"image":{"@id":"https:\/\/www.smedemokrati.sk\/zalohujete-flase-taraba-to-chce-zrusit-podpiste-hromadnu-pripomienku\/#primaryimage"},"thumbnailUrl":"https:\/\/www.smedemokrati.sk\/wp-content\/uploads\/2024\/08\/zalohovanie-flias.jpg","datePublished":"2024-08-14T15:54:39+00:00","dateModified":"2024-08-28T11:33:43+00:00","breadcrumb":{"@id":"https:\/\/www.smedemokrati.sk\/zalohujete-flase-taraba-to-chce-zrusit-podpiste-hromadnu-pripomienku\/#breadcrumb"},"inLanguage":"hu-HU","potentialAction":[{"@type":"ReadAction","target":["https:\/\/www.smedemokrati.sk\/zalohujete-flase-taraba-to-chce-zrusit-podpiste-hromadnu-pripomienku\/"]}]},{"@type":"ImageObject","inLanguage":"hu-HU","@id":"https:\/\/www.smedemokrati.sk\/zalohujete-flase-taraba-to-chce-zrusit-podpiste-hromadnu-pripomienku\/#primaryimage","url":"https:\/\/www.smedemokrati.sk\/wp-content\/uploads\/2024\/08\/zalohovanie-flias.jpg","contentUrl":"https:\/\/www.smedemokrati.sk\/wp-content\/uploads\/2024\/08\/zalohovanie-flias.jpg","width":900,"height":452},{"@type":"BreadcrumbList","@id":"https:\/\/www.smedemokrati.sk\/zalohujete-flase-taraba-to-chce-zrusit-podpiste-hromadnu-pripomienku\/#breadcrumb","itemListElement":[{"@type":"ListItem","position":1,"name":"Domovsk\u00e1 str\u00e1nka","item":"https:\/\/www.smedemokrati.sk\/"},{"@type":"ListItem","position":2,"name":"Z\u00e1lohujete f\u013ea\u0161e? Taraba to chce zru\u0161i\u0165, podp\u00ed\u0161te hromadn\u00fa pripomienku"}]},{"@type":"WebSite","@id":"https:\/\/www.smedemokrati.sk\/#website","url":"https:\/\/www.smedemokrati.sk\/","name":"Smedemokrati.sk","description":"Demokracia a slu\u0161nos\u0165 zv\u00ed\u0165az\u00ed","publisher":{"@id":"https:\/\/www.smedemokrati.sk\/#organization"},"potentialAction":[{"@type":"SearchAction","target":{"@type":"EntryPoint","urlTemplate":"https:\/\/www.smedemokrati.sk\/?s={search_term_string}"},"query-input":{"@type":"PropertyValueSpecification","valueRequired":true,"valueName":"search_term_string"}}],"inLanguage":"hu-HU"},{"@type":"Organization","@id":"https:\/\/www.smedemokrati.sk\/#organization","name":"Smedemokrati.sk","url":"https:\/\/www.smedemokrati.sk\/","logo":{"@type":"ImageObject","inLanguage":"hu-HU","@id":"https:\/\/www.smedemokrati.sk\/#\/schema\/logo\/image\/","url":"https:\/\/www.smedemokrati.sk\/wp-content\/uploads\/2023\/04\/ff.002.jpeg","contentUrl":"https:\/\/www.smedemokrati.sk\/wp-content\/uploads\/2023\/04\/ff.002.jpeg","width":640,"height":480,"caption":"Smedemokrati.sk"},"image":{"@id":"https:\/\/www.smedemokrati.sk\/#\/schema\/logo\/image\/"},"sameAs":["https:\/\/www.facebook.com\/smedemokrati2023"]},{"@type":"Person","@id":"https:\/\/www.smedemokrati.sk\/#\/schema\/person\/21f147c88d605aa7ded900e1e7c344ba","name":"miro.sopko","image":{"@type":"ImageObject","inLanguage":"hu-HU","@id":"https:\/\/secure.gravatar.com\/avatar\/267e4a36f704376c109afe3a78740c1f5dd8675a2180a908699e7863c9247606?s=96&d=mm&r=g","url":"https:\/\/secure.gravatar.com\/avatar\/267e4a36f704376c109afe3a78740c1f5dd8675a2180a908699e7863c9247606?s=96&d=mm&r=g","contentUrl":"https:\/\/secure.gravatar.com\/avatar\/267e4a36f704376c109afe3a78740c1f5dd8675a2180a908699e7863c9247606?s=96&d=mm&r=g","caption":"miro.sopko"},"url":"https:\/\/www.smedemokrati.sk\/hu\/author\/miro-sopko\/"}]}},"_links":{"self":[{"href":"https:\/\/www.smedemokrati.sk\/hu\/wp-json\/wp\/v2\/posts\/4888","targetHints":{"allow":["GET"]}}],"collection":[{"href":"https:\/\/www.smedemokrati.sk\/hu\/wp-json\/wp\/v2\/posts"}],"about":[{"href":"https:\/\/www.smedemokrati.sk\/hu\/wp-json\/wp\/v2\/types\/post"}],"author":[{"embeddable":true,"href":"https:\/\/www.smedemokrati.sk\/hu\/wp-json\/wp\/v2\/users\/13"}],"replies":[{"embeddable":true,"href":"https:\/\/www.smedemokrati.sk\/hu\/wp-json\/wp\/v2\/comments?post=4888"}],"version-history":[{"count":1,"href":"https:\/\/www.smedemokrati.sk\/hu\/wp-json\/wp\/v2\/posts\/4888\/revisions"}],"predecessor-version":[{"id":4890,"href":"https:\/\/www.smedemokrati.sk\/hu\/wp-json\/wp\/v2\/posts\/4888\/revisions\/4890"}],"wp:featuredmedia":[{"embeddable":true,"href":"https:\/\/www.smedemokrati.sk\/hu\/wp-json\/wp\/v2\/media\/4889"}],"wp:attachment":[{"href":"https:\/\/www.smedemokrati.sk\/hu\/wp-json\/wp\/v2\/media?parent=4888"}],"wp:term":[{"taxonomy":"category","embeddable":true,"href":"https:\/\/www.smedemokrati.sk\/hu\/wp-json\/wp\/v2\/categories?post=4888"},{"taxonomy":"post_tag","embeddable":true,"href":"https:\/\/www.smedemokrati.sk\/hu\/wp-json\/wp\/v2\/tags?post=4888"}],"curies":[{"name":"wp","href":"https:\/\/api.w.org\/{rel}","templated":true}]}}