{"id":4655,"date":"2024-07-09T10:26:26","date_gmt":"2024-07-09T09:26:26","guid":{"rendered":"https:\/\/www.smedemokrati.sk\/?p=4655"},"modified":"2024-11-22T10:09:06","modified_gmt":"2024-11-22T09:09:06","slug":"vyzvame-petra-pellegriniho-aby-pomohol-zranenej-alexandre","status":"publish","type":"post","link":"https:\/\/www.smedemokrati.sk\/hu\/vyzvame-petra-pellegriniho-aby-pomohol-zranenej-alexandre\/","title":{"rendered":"Vyz\u00fdvame Petra Pellegriniho, aby pomohol zranenej Alexandre"},"content":{"rendered":"<div id=\"fb-root\"><\/div>\n\n<p><strong>Strana Demokrati vyz\u00fdva Petra Pellegriniho, aby uk\u00e1zal, \u017ee je prezidentom v\u0161etk\u00fdch ob\u010danov Slovenskej republiky a nie len vl\u00e1dnej moci. Jaroslav Na\u010f \u017eiada nov\u00e9ho prezidenta, aby konal vo veci zranenej Alexandry, ktor\u00e1 je po \u0165a\u017ekom \u00faraze v nemocnici v Pennsylv\u00e1nii a opakovane ho vyz\u00fdva na jej prevoz vl\u00e1dnym \u0161peci\u00e1lom. Z\u00e1rove\u0148 poukazuje, \u017ee aj toto je jedno z \u010fal\u0161\u00edch zlyhan\u00ed ministra \u0160utaj E\u0161toka, vyz\u00fdva opoz\u00edciu na zvolanie mimoriadnej sch\u00f4dze k jeho odvol\u00e1vaniu.<\/strong><\/p>\n\n\n\n<p><em>\u201eOpakovane sa vyv\u00e1\u017eaj\u00fa na futbalov\u00fd z\u00e1pas aj so svojimi rodinn\u00fdmi pr\u00edslu\u0161n\u00edkmi, stoj\u00ed n\u00e1s to v\u0161etk\u00fdch tis\u00edce eur a ke\u010f ide o z\u00e1chranu \u017eivota nastane ticho. Od \u00farazu Alexandry bol vl\u00e1dny \u0161peci\u00e1l u\u017e nieko\u013ekokr\u00e1t v USA a nemus\u00edm pripom\u00edna\u0165, \u017ee aj v t\u00fdchto d\u0148och prebieha v \u0161t\u00e1toch samit NATO vo Washingtone. P\u00e1n Pellegrini, ste len 30 min\u00fat letom od nemocnice, kde sa zotavuje.\u201d<\/em>\u00a0Reaguje Jaroslav Na\u010f a pripom\u00edna, \u017ee rodi\u010dia Alexandry intenz\u00edvne rie\u0161ia situ\u00e1ciu, no ministerstvo vn\u00fatra odpoved\u00e1, \u017ee prevoz by st\u00e1l 100 tis\u00edc eur a preto ho nie s\u00fa schopn\u00ed zabezpe\u010di\u0165.\u00a0<\/p>\n\n\n\n<p><em>\u201ePros\u00edm v\u0161etk\u00fdch, aby sme sa spojili. Dnes som si pozrel, ako sa na soci\u00e1lnych sie\u0165ach prezentuj\u00fa vl\u00e1dni predstavitelia rodinn\u00fdmi fotkami a hovoria, ak\u00e9 je im vz\u00e1cne tr\u00e1vi\u0165 \u010das s rodinami. Pova\u017eujem to za maxim\u00e1lne sebectvo, preto\u017ee aj Alexandra chce a najm\u00e4 potrebuje by\u0165 so svojou rodinou.\u201d<\/em>\u00a0Priamo tak reaguje na ostatn\u00fd status ministra \u0160utaj E\u0161toka a z\u00e1rove\u0148 vyz\u00fdva opoz\u00edciu aby zatla\u010dila na \u0161\u00e9fa rezortu vn\u00fatra, pod ktor\u00fdm je pr\u00e1ve letka MV SR.\u00a0<em>\u201ePriatelia z opoz\u00edcie, teraz je ten \u010das na r\u00e1znu politick\u00fa pr\u00e1cu. Okam\u017eite zvolajte mimoriadnu sch\u00f4dzu, vyzbierajte 30 podpisov, dajte sa v\u0161etci dokopy. \u0160utaj E\u0161tok opakovane zlyh\u00e1va, pod rukami sa mu rozpad\u00e1va policajn\u00fd zbor, opakovane organizuje v\u00fdlety vl\u00e1dnych papal\u00e1\u0161ov za na\u0161e peniaze a nehovor\u00edm o brutalite v Ko\u0161iciach, za ktor\u00fa jednoducho mus\u00ed zobra\u0165 politick\u00fa zodpovednos\u0165.&#8221;<\/em><\/p>\n\n\n\n<iframe src=\"https:\/\/www.facebook.com\/plugins\/video.php?href=https%3A%2F%2Fwww.facebook.com%2Fsmedemokrati2023%2Fvideos%2F883962673552552%2F&#038;width=600&#038;show_text=false&#038;appId=361313990972954&#038;height=338\" width=\"600\" height=\"338\" style=\"border:none;overflow:hidden\" scrolling=\"no\" frameborder=\"0\" allowfullscreen=\"true\" allow=\"autoplay; clipboard-write; encrypted-media; picture-in-picture; web-share\" allowFullScreen=\"true\"><\/iframe>\n","protected":false},"excerpt":{"rendered":"<p>Strana Demokrati vyz\u00fdva Petra Pellegriniho, aby uk\u00e1zal, \u017ee je prezidentom v\u0161etk\u00fdch ob\u010danov Slovenskej republiky a nie len vl\u00e1dnej moci. Jaroslav Na\u010f \u017eiada nov\u00e9ho prezidenta, aby konal vo veci zranenej Alexandry, ktor\u00e1 je po \u0165a\u017ekom \u00faraze v nemocnici v Pennsylv\u00e1nii a opakovane ho vyz\u00fdva na jej prevoz vl\u00e1dnym \u0161peci\u00e1lom. Z\u00e1rove\u0148 poukazuje, \u017ee aj toto je jedno [&hellip;]<\/p>\n","protected":false},"author":13,"featured_media":4656,"comment_status":"closed","ping_status":"closed","sticky":false,"template":"","format":"standard","meta":{"_acf_changed":false,"ngg_post_thumbnail":0,"footnotes":""},"categories":[11],"tags":[],"class_list":["post-4655","post","type-post","status-publish","format-standard","has-post-thumbnail","hentry","category-vyhlasenia"],"acf":[],"yoast_head":"<!-- This site is optimized with the Yoast SEO plugin v27.2 - https:\/\/yoast.com\/product\/yoast-seo-wordpress\/ -->\n<title>Vyz\u00fdvame Petra Pellegriniho, aby pomohol zranenej Alexandre<\/title>\n<meta name=\"robots\" content=\"index, follow, max-snippet:-1, max-image-preview:large, max-video-preview:-1\" \/>\n<link rel=\"canonical\" href=\"https:\/\/www.smedemokrati.sk\/hu\/vyzvame-petra-pellegriniho-aby-pomohol-zranenej-alexandre\/\" \/>\n<meta property=\"og:locale\" content=\"hu_HU\" \/>\n<meta property=\"og:locale:alternate\" content=\"en_US\" \/>\n<meta property=\"og:locale:alternate\" content=\"cs_CZ\" \/>\n<meta property=\"og:locale:alternate\" content=\"sk_SK\" \/>\n<meta property=\"og:locale:alternate\" content=\"sv_SE\" \/>\n<meta property=\"og:type\" content=\"article\" \/>\n<meta property=\"og:title\" content=\"Vyz\u00fdvame Petra Pellegriniho, aby pomohol zranenej Alexandre\" \/>\n<meta property=\"og:description\" content=\"Strana Demokrati vyz\u00fdva Petra Pellegriniho, aby uk\u00e1zal, \u017ee je prezidentom v\u0161etk\u00fdch ob\u010danov Slovenskej republiky a nie len vl\u00e1dnej moci. Jaroslav Na\u010f \u017eiada nov\u00e9ho prezidenta, aby konal vo veci zranenej Alexandry, ktor\u00e1 je po \u0165a\u017ekom \u00faraze v nemocnici v Pennsylv\u00e1nii a opakovane ho vyz\u00fdva na jej prevoz vl\u00e1dnym \u0161peci\u00e1lom. Z\u00e1rove\u0148 poukazuje, \u017ee aj toto je jedno [&hellip;]\" \/>\n<meta property=\"og:url\" content=\"https:\/\/www.smedemokrati.sk\/hu\/vyzvame-petra-pellegriniho-aby-pomohol-zranenej-alexandre\/\" \/>\n<meta property=\"og:site_name\" content=\"Smedemokrati.sk\" \/>\n<meta property=\"article:publisher\" content=\"https:\/\/www.facebook.com\/smedemokrati2023\" \/>\n<meta property=\"article:published_time\" content=\"2024-07-09T09:26:26+00:00\" \/>\n<meta property=\"article:modified_time\" content=\"2024-11-22T09:09:06+00:00\" \/>\n<meta property=\"og:image\" content=\"https:\/\/www.smedemokrati.sk\/wp-content\/uploads\/2024\/07\/alexandra.jpg\" \/>\n\t<meta property=\"og:image:width\" content=\"1425\" \/>\n\t<meta property=\"og:image:height\" content=\"836\" \/>\n\t<meta property=\"og:image:type\" content=\"image\/jpeg\" \/>\n<meta name=\"author\" content=\"miro.sopko\" \/>\n<meta name=\"twitter:card\" content=\"summary_large_image\" \/>\n<meta name=\"twitter:label1\" content=\"Szerz\u0151:\" \/>\n\t<meta name=\"twitter:data1\" content=\"miro.sopko\" \/>\n\t<meta name=\"twitter:label2\" content=\"Becs\u00fclt olvas\u00e1si id\u0151\" \/>\n\t<meta name=\"twitter:data2\" content=\"2 perc\" \/>\n<script type=\"application\/ld+json\" class=\"yoast-schema-graph\">{\"@context\":\"https:\/\/schema.org\",\"@graph\":[{\"@type\":\"Article\",\"@id\":\"https:\/\/www.smedemokrati.sk\/vyzvame-petra-pellegriniho-aby-pomohol-zranenej-alexandre\/#article\",\"isPartOf\":{\"@id\":\"https:\/\/www.smedemokrati.sk\/vyzvame-petra-pellegriniho-aby-pomohol-zranenej-alexandre\/\"},\"author\":{\"name\":\"miro.sopko\",\"@id\":\"https:\/\/www.smedemokrati.sk\/#\/schema\/person\/21f147c88d605aa7ded900e1e7c344ba\"},\"headline\":\"Vyz\u00fdvame Petra Pellegriniho, aby pomohol zranenej Alexandre\",\"datePublished\":\"2024-07-09T09:26:26+00:00\",\"dateModified\":\"2024-11-22T09:09:06+00:00\",\"mainEntityOfPage\":{\"@id\":\"https:\/\/www.smedemokrati.sk\/vyzvame-petra-pellegriniho-aby-pomohol-zranenej-alexandre\/\"},\"wordCount\":379,\"publisher\":{\"@id\":\"https:\/\/www.smedemokrati.sk\/#organization\"},\"image\":{\"@id\":\"https:\/\/www.smedemokrati.sk\/vyzvame-petra-pellegriniho-aby-pomohol-zranenej-alexandre\/#primaryimage\"},\"thumbnailUrl\":\"https:\/\/www.smedemokrati.sk\/wp-content\/uploads\/2024\/07\/alexandra.jpg\",\"articleSection\":[\"Vyhl\u00e1senia\"],\"inLanguage\":\"hu-HU\"},{\"@type\":\"WebPage\",\"@id\":\"https:\/\/www.smedemokrati.sk\/vyzvame-petra-pellegriniho-aby-pomohol-zranenej-alexandre\/\",\"url\":\"https:\/\/www.smedemokrati.sk\/vyzvame-petra-pellegriniho-aby-pomohol-zranenej-alexandre\/\",\"name\":\"Vyz\u00fdvame Petra Pellegriniho, aby pomohol zranenej Alexandre\",\"isPartOf\":{\"@id\":\"https:\/\/www.smedemokrati.sk\/#website\"},\"primaryImageOfPage\":{\"@id\":\"https:\/\/www.smedemokrati.sk\/vyzvame-petra-pellegriniho-aby-pomohol-zranenej-alexandre\/#primaryimage\"},\"image\":{\"@id\":\"https:\/\/www.smedemokrati.sk\/vyzvame-petra-pellegriniho-aby-pomohol-zranenej-alexandre\/#primaryimage\"},\"thumbnailUrl\":\"https:\/\/www.smedemokrati.sk\/wp-content\/uploads\/2024\/07\/alexandra.jpg\",\"datePublished\":\"2024-07-09T09:26:26+00:00\",\"dateModified\":\"2024-11-22T09:09:06+00:00\",\"breadcrumb\":{\"@id\":\"https:\/\/www.smedemokrati.sk\/vyzvame-petra-pellegriniho-aby-pomohol-zranenej-alexandre\/#breadcrumb\"},\"inLanguage\":\"hu-HU\",\"potentialAction\":[{\"@type\":\"ReadAction\",\"target\":[\"https:\/\/www.smedemokrati.sk\/vyzvame-petra-pellegriniho-aby-pomohol-zranenej-alexandre\/\"]}]},{\"@type\":\"ImageObject\",\"inLanguage\":\"hu-HU\",\"@id\":\"https:\/\/www.smedemokrati.sk\/vyzvame-petra-pellegriniho-aby-pomohol-zranenej-alexandre\/#primaryimage\",\"url\":\"https:\/\/www.smedemokrati.sk\/wp-content\/uploads\/2024\/07\/alexandra.jpg\",\"contentUrl\":\"https:\/\/www.smedemokrati.sk\/wp-content\/uploads\/2024\/07\/alexandra.jpg\",\"width\":1425,\"height\":836},{\"@type\":\"BreadcrumbList\",\"@id\":\"https:\/\/www.smedemokrati.sk\/vyzvame-petra-pellegriniho-aby-pomohol-zranenej-alexandre\/#breadcrumb\",\"itemListElement\":[{\"@type\":\"ListItem\",\"position\":1,\"name\":\"Domovsk\u00e1 str\u00e1nka\",\"item\":\"https:\/\/www.smedemokrati.sk\/\"},{\"@type\":\"ListItem\",\"position\":2,\"name\":\"Vyz\u00fdvame Petra Pellegriniho, aby pomohol zranenej Alexandre\"}]},{\"@type\":\"WebSite\",\"@id\":\"https:\/\/www.smedemokrati.sk\/#website\",\"url\":\"https:\/\/www.smedemokrati.sk\/\",\"name\":\"Smedemokrati.sk\",\"description\":\"Demokracia a slu\u0161nos\u0165 zv\u00ed\u0165az\u00ed\",\"publisher\":{\"@id\":\"https:\/\/www.smedemokrati.sk\/#organization\"},\"potentialAction\":[{\"@type\":\"SearchAction\",\"target\":{\"@type\":\"EntryPoint\",\"urlTemplate\":\"https:\/\/www.smedemokrati.sk\/?s={search_term_string}\"},\"query-input\":{\"@type\":\"PropertyValueSpecification\",\"valueRequired\":true,\"valueName\":\"search_term_string\"}}],\"inLanguage\":\"hu-HU\"},{\"@type\":\"Organization\",\"@id\":\"https:\/\/www.smedemokrati.sk\/#organization\",\"name\":\"Smedemokrati.sk\",\"url\":\"https:\/\/www.smedemokrati.sk\/\",\"logo\":{\"@type\":\"ImageObject\",\"inLanguage\":\"hu-HU\",\"@id\":\"https:\/\/www.smedemokrati.sk\/#\/schema\/logo\/image\/\",\"url\":\"https:\/\/www.smedemokrati.sk\/wp-content\/uploads\/2023\/04\/ff.002.jpeg\",\"contentUrl\":\"https:\/\/www.smedemokrati.sk\/wp-content\/uploads\/2023\/04\/ff.002.jpeg\",\"width\":640,\"height\":480,\"caption\":\"Smedemokrati.sk\"},\"image\":{\"@id\":\"https:\/\/www.smedemokrati.sk\/#\/schema\/logo\/image\/\"},\"sameAs\":[\"https:\/\/www.facebook.com\/smedemokrati2023\"]},{\"@type\":\"Person\",\"@id\":\"https:\/\/www.smedemokrati.sk\/#\/schema\/person\/21f147c88d605aa7ded900e1e7c344ba\",\"name\":\"miro.sopko\",\"image\":{\"@type\":\"ImageObject\",\"inLanguage\":\"hu-HU\",\"@id\":\"https:\/\/secure.gravatar.com\/avatar\/267e4a36f704376c109afe3a78740c1f5dd8675a2180a908699e7863c9247606?s=96&d=mm&r=g\",\"url\":\"https:\/\/secure.gravatar.com\/avatar\/267e4a36f704376c109afe3a78740c1f5dd8675a2180a908699e7863c9247606?s=96&d=mm&r=g\",\"contentUrl\":\"https:\/\/secure.gravatar.com\/avatar\/267e4a36f704376c109afe3a78740c1f5dd8675a2180a908699e7863c9247606?s=96&d=mm&r=g\",\"caption\":\"miro.sopko\"},\"url\":\"https:\/\/www.smedemokrati.sk\/hu\/author\/miro-sopko\/\"}]}<\/script>\n<!-- \/ Yoast SEO plugin. -->","yoast_head_json":{"title":"Vyz\u00fdvame Petra Pellegriniho, aby pomohol zranenej Alexandre","robots":{"index":"index","follow":"follow","max-snippet":"max-snippet:-1","max-image-preview":"max-image-preview:large","max-video-preview":"max-video-preview:-1"},"canonical":"https:\/\/www.smedemokrati.sk\/hu\/vyzvame-petra-pellegriniho-aby-pomohol-zranenej-alexandre\/","og_locale":"hu_HU","og_type":"article","og_title":"[:sk]Vyz\u00fdvame Petra Pellegriniho, aby pomohol zranenej Alexandre[:] - Smedemokrati.sk","og_description":"Strana Demokrati vyz\u00fdva Petra Pellegriniho, aby uk\u00e1zal, \u017ee je prezidentom v\u0161etk\u00fdch ob\u010danov Slovenskej republiky a nie len vl\u00e1dnej moci. Jaroslav Na\u010f \u017eiada nov\u00e9ho prezidenta, aby konal vo veci zranenej Alexandry, ktor\u00e1 je po \u0165a\u017ekom \u00faraze v nemocnici v Pennsylv\u00e1nii a opakovane ho vyz\u00fdva na jej prevoz vl\u00e1dnym \u0161peci\u00e1lom. Z\u00e1rove\u0148 poukazuje, \u017ee aj toto je jedno [&hellip;]","og_url":"https:\/\/www.smedemokrati.sk\/hu\/vyzvame-petra-pellegriniho-aby-pomohol-zranenej-alexandre\/","og_site_name":"Smedemokrati.sk","article_publisher":"https:\/\/www.facebook.com\/smedemokrati2023","article_published_time":"2024-07-09T09:26:26+00:00","article_modified_time":"2024-11-22T09:09:06+00:00","og_image":[{"width":1425,"height":836,"url":"https:\/\/www.smedemokrati.sk\/wp-content\/uploads\/2024\/07\/alexandra.jpg","type":"image\/jpeg"}],"author":"miro.sopko","twitter_card":"summary_large_image","twitter_misc":{"Szerz\u0151:":"miro.sopko","Becs\u00fclt olvas\u00e1si id\u0151":"2 perc"},"schema":{"@context":"https:\/\/schema.org","@graph":[{"@type":"Article","@id":"https:\/\/www.smedemokrati.sk\/vyzvame-petra-pellegriniho-aby-pomohol-zranenej-alexandre\/#article","isPartOf":{"@id":"https:\/\/www.smedemokrati.sk\/vyzvame-petra-pellegriniho-aby-pomohol-zranenej-alexandre\/"},"author":{"name":"miro.sopko","@id":"https:\/\/www.smedemokrati.sk\/#\/schema\/person\/21f147c88d605aa7ded900e1e7c344ba"},"headline":"Vyz\u00fdvame Petra Pellegriniho, aby pomohol zranenej Alexandre","datePublished":"2024-07-09T09:26:26+00:00","dateModified":"2024-11-22T09:09:06+00:00","mainEntityOfPage":{"@id":"https:\/\/www.smedemokrati.sk\/vyzvame-petra-pellegriniho-aby-pomohol-zranenej-alexandre\/"},"wordCount":379,"publisher":{"@id":"https:\/\/www.smedemokrati.sk\/#organization"},"image":{"@id":"https:\/\/www.smedemokrati.sk\/vyzvame-petra-pellegriniho-aby-pomohol-zranenej-alexandre\/#primaryimage"},"thumbnailUrl":"https:\/\/www.smedemokrati.sk\/wp-content\/uploads\/2024\/07\/alexandra.jpg","articleSection":["Vyhl\u00e1senia"],"inLanguage":"hu-HU"},{"@type":"WebPage","@id":"https:\/\/www.smedemokrati.sk\/vyzvame-petra-pellegriniho-aby-pomohol-zranenej-alexandre\/","url":"https:\/\/www.smedemokrati.sk\/vyzvame-petra-pellegriniho-aby-pomohol-zranenej-alexandre\/","name":"Vyz\u00fdvame Petra Pellegriniho, aby pomohol zranenej Alexandre","isPartOf":{"@id":"https:\/\/www.smedemokrati.sk\/#website"},"primaryImageOfPage":{"@id":"https:\/\/www.smedemokrati.sk\/vyzvame-petra-pellegriniho-aby-pomohol-zranenej-alexandre\/#primaryimage"},"image":{"@id":"https:\/\/www.smedemokrati.sk\/vyzvame-petra-pellegriniho-aby-pomohol-zranenej-alexandre\/#primaryimage"},"thumbnailUrl":"https:\/\/www.smedemokrati.sk\/wp-content\/uploads\/2024\/07\/alexandra.jpg","datePublished":"2024-07-09T09:26:26+00:00","dateModified":"2024-11-22T09:09:06+00:00","breadcrumb":{"@id":"https:\/\/www.smedemokrati.sk\/vyzvame-petra-pellegriniho-aby-pomohol-zranenej-alexandre\/#breadcrumb"},"inLanguage":"hu-HU","potentialAction":[{"@type":"ReadAction","target":["https:\/\/www.smedemokrati.sk\/vyzvame-petra-pellegriniho-aby-pomohol-zranenej-alexandre\/"]}]},{"@type":"ImageObject","inLanguage":"hu-HU","@id":"https:\/\/www.smedemokrati.sk\/vyzvame-petra-pellegriniho-aby-pomohol-zranenej-alexandre\/#primaryimage","url":"https:\/\/www.smedemokrati.sk\/wp-content\/uploads\/2024\/07\/alexandra.jpg","contentUrl":"https:\/\/www.smedemokrati.sk\/wp-content\/uploads\/2024\/07\/alexandra.jpg","width":1425,"height":836},{"@type":"BreadcrumbList","@id":"https:\/\/www.smedemokrati.sk\/vyzvame-petra-pellegriniho-aby-pomohol-zranenej-alexandre\/#breadcrumb","itemListElement":[{"@type":"ListItem","position":1,"name":"Domovsk\u00e1 str\u00e1nka","item":"https:\/\/www.smedemokrati.sk\/"},{"@type":"ListItem","position":2,"name":"Vyz\u00fdvame Petra Pellegriniho, aby pomohol zranenej Alexandre"}]},{"@type":"WebSite","@id":"https:\/\/www.smedemokrati.sk\/#website","url":"https:\/\/www.smedemokrati.sk\/","name":"Smedemokrati.sk","description":"Demokracia a slu\u0161nos\u0165 zv\u00ed\u0165az\u00ed","publisher":{"@id":"https:\/\/www.smedemokrati.sk\/#organization"},"potentialAction":[{"@type":"SearchAction","target":{"@type":"EntryPoint","urlTemplate":"https:\/\/www.smedemokrati.sk\/?s={search_term_string}"},"query-input":{"@type":"PropertyValueSpecification","valueRequired":true,"valueName":"search_term_string"}}],"inLanguage":"hu-HU"},{"@type":"Organization","@id":"https:\/\/www.smedemokrati.sk\/#organization","name":"Smedemokrati.sk","url":"https:\/\/www.smedemokrati.sk\/","logo":{"@type":"ImageObject","inLanguage":"hu-HU","@id":"https:\/\/www.smedemokrati.sk\/#\/schema\/logo\/image\/","url":"https:\/\/www.smedemokrati.sk\/wp-content\/uploads\/2023\/04\/ff.002.jpeg","contentUrl":"https:\/\/www.smedemokrati.sk\/wp-content\/uploads\/2023\/04\/ff.002.jpeg","width":640,"height":480,"caption":"Smedemokrati.sk"},"image":{"@id":"https:\/\/www.smedemokrati.sk\/#\/schema\/logo\/image\/"},"sameAs":["https:\/\/www.facebook.com\/smedemokrati2023"]},{"@type":"Person","@id":"https:\/\/www.smedemokrati.sk\/#\/schema\/person\/21f147c88d605aa7ded900e1e7c344ba","name":"miro.sopko","image":{"@type":"ImageObject","inLanguage":"hu-HU","@id":"https:\/\/secure.gravatar.com\/avatar\/267e4a36f704376c109afe3a78740c1f5dd8675a2180a908699e7863c9247606?s=96&d=mm&r=g","url":"https:\/\/secure.gravatar.com\/avatar\/267e4a36f704376c109afe3a78740c1f5dd8675a2180a908699e7863c9247606?s=96&d=mm&r=g","contentUrl":"https:\/\/secure.gravatar.com\/avatar\/267e4a36f704376c109afe3a78740c1f5dd8675a2180a908699e7863c9247606?s=96&d=mm&r=g","caption":"miro.sopko"},"url":"https:\/\/www.smedemokrati.sk\/hu\/author\/miro-sopko\/"}]}},"_links":{"self":[{"href":"https:\/\/www.smedemokrati.sk\/hu\/wp-json\/wp\/v2\/posts\/4655","targetHints":{"allow":["GET"]}}],"collection":[{"href":"https:\/\/www.smedemokrati.sk\/hu\/wp-json\/wp\/v2\/posts"}],"about":[{"href":"https:\/\/www.smedemokrati.sk\/hu\/wp-json\/wp\/v2\/types\/post"}],"author":[{"embeddable":true,"href":"https:\/\/www.smedemokrati.sk\/hu\/wp-json\/wp\/v2\/users\/13"}],"replies":[{"embeddable":true,"href":"https:\/\/www.smedemokrati.sk\/hu\/wp-json\/wp\/v2\/comments?post=4655"}],"version-history":[{"count":2,"href":"https:\/\/www.smedemokrati.sk\/hu\/wp-json\/wp\/v2\/posts\/4655\/revisions"}],"predecessor-version":[{"id":5823,"href":"https:\/\/www.smedemokrati.sk\/hu\/wp-json\/wp\/v2\/posts\/4655\/revisions\/5823"}],"wp:featuredmedia":[{"embeddable":true,"href":"https:\/\/www.smedemokrati.sk\/hu\/wp-json\/wp\/v2\/media\/4656"}],"wp:attachment":[{"href":"https:\/\/www.smedemokrati.sk\/hu\/wp-json\/wp\/v2\/media?parent=4655"}],"wp:term":[{"taxonomy":"category","embeddable":true,"href":"https:\/\/www.smedemokrati.sk\/hu\/wp-json\/wp\/v2\/categories?post=4655"},{"taxonomy":"post_tag","embeddable":true,"href":"https:\/\/www.smedemokrati.sk\/hu\/wp-json\/wp\/v2\/tags?post=4655"}],"curies":[{"name":"wp","href":"https:\/\/api.w.org\/{rel}","templated":true}]}}