{"id":4606,"date":"2024-07-01T12:17:35","date_gmt":"2024-07-01T11:17:35","guid":{"rendered":"https:\/\/www.smedemokrati.sk\/?p=4606"},"modified":"2024-07-09T17:03:03","modified_gmt":"2024-07-09T16:03:03","slug":"v-slovenskom-vodohospodarskom-podniku-hrozi-masivne-prepustanie","status":"publish","type":"post","link":"https:\/\/www.smedemokrati.sk\/hu\/v-slovenskom-vodohospodarskom-podniku-hrozi-masivne-prepustanie\/","title":{"rendered":"V Slovenskom vodohospod\u00e1rskom podniku hroz\u00ed mas\u00edvne prep\u00fa\u0161\u0165anie"},"content":{"rendered":"<div id=\"fb-root\"><\/div>\n\n<p><strong>V Slovenskom vodohospod\u00e1rskom podniku, \u0161. p. (SVP) sa m\u00e1 pripravova\u0165 scen\u00e1r, na konci ktor\u00e9ho m\u00f4\u017ee by\u0165 a\u017e 600 prepusten\u00fdch zamestnancov. M\u00e1 to by\u0165 podmienkou zl\u00fa\u010denia s Vodohospod\u00e1rskou v\u00fdstavbou, \u0161. p. (VV). Pova\u017eujeme to za ohrozenie sp\u00f4sobilost\u00ed SVP pri protipovod\u0148ovej ochrane a spr\u00e1ve vodn\u00fdch tokov. Na\u0161e zistenia preto postupujeme odborov\u00fdm organiz\u00e1ci\u00e1m, aby chr\u00e1nili z\u00e1ujmy zamestnancov.<\/strong><\/p>\n\n\n\n<p>V apr\u00edli tohto roku vl\u00e1da SR na n\u00e1vrh ministra \u017eivotn\u00e9ho prostredia Tom\u00e1\u0161a Tarabu schv\u00e1lila zabezpe\u010denie podkladov pre zl\u00fa\u010denie SVP a VV. Pod\u013ea na\u0161ich inform\u00e1ci\u00ed je podmienkou realiz\u00e1cie tohto zl\u00fa\u010denia prepustenie viac ako 600 zamestnancov SVP. V podniku sa u\u017e pristupuje k identifik\u00e1cii mo\u017en\u00e9ho okruhu prep\u00fa\u0161\u0165an\u00fdch zamestnancov.\u00a0<em><em>\u201e<\/em>Nebr\u00e1nime sa racionaliz\u00e1cii procesov v podniku, av\u0161ak t\u00e1to nesmie \u00eds\u0165 na \u00fakor z\u00e1kladn\u00fdch \u00faloh strategick\u00e9ho spr\u00e1vcu vodn\u00fdch tokov. Prepustenie 600 zamestnancov, najm\u00e4 ak by sa jednalo o technick\u00fd person\u00e1l, m\u00f4\u017ee \u010dinnos\u0165 SVP doslova ochromi\u0165. Poc\u00edtime to najm\u00e4 pri protipovod\u0148ovej ochrane a \u00fadr\u017ebe vodn\u00fdch tokov,\u201d<\/em>\u00a0upozornil Michal Ki\u010da, \u010dlen predsedn\u00edctva strany Demokrati a expert na \u017eivotn\u00e9 prostredie.<\/p>\n\n\n\n<p>Mas\u00edvne prep\u00fa\u0161\u0165anie je najjednoduch\u0161ie, \u010do dok\u00e1\u017ee ka\u017ed\u00fd. Tu vid\u00edme, ako myslel minister Taraba a jeho nominanti vo veden\u00ed podnikov ich <em>\u201e<\/em>na\u0161tartovanie&#8221;. Ak sa jeho pl\u00e1ny naplnia, bude to posledn\u00fd klinec do rakvy pre SVP. Minister Taraba obsadil viacer\u00e9 k\u013e\u00fa\u010dov\u00e9 funkcie v SVP \u013eu\u010fmi z jeho b\u00fdvalej strany \u017dIVOT, ktor\u00ed podniku v\u00f4bec nerozumej\u00fa. Nekompetentn\u00ed \u010dlenovia SNS zase nahr\u00e1dzaj\u00fa vo veden\u00ed od\u0161tepn\u00fdch z\u00e1vodov dlhoro\u010dn\u00fdch vodohospod\u00e1rov:\u00a0<em><em>\u201e<\/em>Ministrov mana\u017ement nedok\u00e1\u017ee pripravi\u0165 zmyslupln\u00fa reorganiz\u00e1ciu podniku bez toho, aby jeho \u010dinnos\u0165 neparalyzovala. Taraba nie je schopn\u00fd zabezpe\u010di\u0165 zdroje financovania pre SVP. Pripom\u00edname, \u017ee Pl\u00e1n obnovy, z ktor\u00e9ho malo \u00eds\u0165 len pre SVP viac ako 60 mil. eur na revitaliz\u00e1ciu vodn\u00fdch tokov, je v trosk\u00e1ch. Pre jeho neschopnos\u0165 je teraz v hre prep\u00fa\u0161\u0165anie tretiny zamestnancov podniku,\u201d<\/em>\u00a0vysvet\u013euje \u010falej Michal Ki\u010da.<\/p>\n\n\n\n<p><em><em>\u201e<\/em>Na \u017ealostn\u00fd mana\u017ement a vlastn\u00e9 z\u00e1ujmy ministra Tarabu dopl\u00e1ca preuk\u00e1zate\u013ene nielen na\u0161a pr\u00edroda, ale u\u017e aj \u013eudia, ktor\u00ed sa roky odborne staraj\u00fa o na\u0161u zele\u0148, vodu a p\u00f4du. Som zvedav\u00fd, ako sa na tento zam\u00fd\u0161\u013ean\u00fd krok pozer\u00e1 minister pr\u00e1ce Erik Tom\u00e1\u0161, \u010di tento pl\u00e1n schva\u013euje. Aj v lete budeme o t\u00fdchto veciach hovori\u0165 a upozor\u0148ova\u0165, preto\u017ee ako sa hovor\u00ed v starom porekadle, diabol, v tomto pr\u00edpade vl\u00e1dna koal\u00edcia, nikdy nesp\u00ed a ani opoz\u00edcia nem\u00f4\u017ee teraz od\u00eds\u0165 na dovolenky alebo spa\u0165.&#8221; Uzatv\u00e1ra t\u00e9mu Juraj \u0160eliga, podpredseda Demokratov.<\/em><\/p>\n\n\n\n<p>Taraba m\u00e1 pritom k dispoz\u00edcii expertn\u00fa \u0161t\u00fadiu In\u0161tit\u00fatu environment\u00e1lnej politiky oh\u013eadom ozdravenia SVP a inovat\u00edvnych zdrojov jej financovania. Jedn\u00fdm z opatren\u00ed je aj zv\u00fd\u0161enie poplatkov za vyu\u017e\u00edvanie v\u00f4d pre priemysel. \u0160t\u00fadiu v\u0161ak ignoruje. Vl\u00e1da m\u00f4\u017ee o reorganiz\u00e1cii rokova\u0165 u\u017e v najbli\u017e\u0161\u00edch d\u0148och. Na\u0161e zistenia postupujeme odborov\u00fdm organiz\u00e1ci\u00e1m p\u00f4sobiacim v SVP, aby sa ihne\u010f zauj\u00edmali o ochranu pr\u00e1v zamestnancov.<\/p>\n","protected":false},"excerpt":{"rendered":"<p>V Slovenskom vodohospod\u00e1rskom podniku, \u0161. p. (SVP) sa m\u00e1 pripravova\u0165 scen\u00e1r, na konci ktor\u00e9ho m\u00f4\u017ee by\u0165 a\u017e 600 prepusten\u00fdch zamestnancov. M\u00e1 to by\u0165 podmienkou zl\u00fa\u010denia s Vodohospod\u00e1rskou v\u00fdstavbou, \u0161. p. (VV). Pova\u017eujeme to za ohrozenie sp\u00f4sobilost\u00ed SVP pri protipovod\u0148ovej ochrane a spr\u00e1ve vodn\u00fdch tokov. Na\u0161e zistenia preto postupujeme odborov\u00fdm organiz\u00e1ci\u00e1m, aby chr\u00e1nili z\u00e1ujmy zamestnancov. V [&hellip;]<\/p>\n","protected":false},"author":13,"featured_media":4073,"comment_status":"closed","ping_status":"closed","sticky":false,"template":"","format":"standard","meta":{"_acf_changed":false,"ngg_post_thumbnail":0,"footnotes":""},"categories":[4],"tags":[],"class_list":["post-4606","post","type-post","status-publish","format-standard","has-post-thumbnail","hentry","category-tlacove-spravy"],"acf":[],"yoast_head":"<!-- This site is optimized with the Yoast SEO plugin v27.2 - https:\/\/yoast.com\/product\/yoast-seo-wordpress\/ -->\n<title>V Slovenskom vodohospod\u00e1rskom podniku hroz\u00ed mas\u00edvne prep\u00fa\u0161\u0165anie<\/title>\n<meta name=\"robots\" content=\"index, follow, max-snippet:-1, max-image-preview:large, max-video-preview:-1\" \/>\n<link rel=\"canonical\" href=\"https:\/\/www.smedemokrati.sk\/hu\/v-slovenskom-vodohospodarskom-podniku-hrozi-masivne-prepustanie\/\" \/>\n<meta property=\"og:locale\" content=\"hu_HU\" \/>\n<meta property=\"og:locale:alternate\" content=\"en_US\" \/>\n<meta property=\"og:locale:alternate\" content=\"cs_CZ\" \/>\n<meta property=\"og:locale:alternate\" content=\"sk_SK\" \/>\n<meta property=\"og:locale:alternate\" content=\"sv_SE\" \/>\n<meta property=\"og:type\" content=\"article\" \/>\n<meta property=\"og:title\" content=\"V Slovenskom vodohospod\u00e1rskom podniku hroz\u00ed mas\u00edvne prep\u00fa\u0161\u0165anie\" \/>\n<meta property=\"og:description\" content=\"V Slovenskom vodohospod\u00e1rskom podniku, \u0161. p. (SVP) sa m\u00e1 pripravova\u0165 scen\u00e1r, na konci ktor\u00e9ho m\u00f4\u017ee by\u0165 a\u017e 600 prepusten\u00fdch zamestnancov. M\u00e1 to by\u0165 podmienkou zl\u00fa\u010denia s Vodohospod\u00e1rskou v\u00fdstavbou, \u0161. p. (VV). Pova\u017eujeme to za ohrozenie sp\u00f4sobilost\u00ed SVP pri protipovod\u0148ovej ochrane a spr\u00e1ve vodn\u00fdch tokov. Na\u0161e zistenia preto postupujeme odborov\u00fdm organiz\u00e1ci\u00e1m, aby chr\u00e1nili z\u00e1ujmy zamestnancov. V [&hellip;]\" \/>\n<meta property=\"og:url\" content=\"https:\/\/www.smedemokrati.sk\/hu\/v-slovenskom-vodohospodarskom-podniku-hrozi-masivne-prepustanie\/\" \/>\n<meta property=\"og:site_name\" content=\"Smedemokrati.sk\" \/>\n<meta property=\"article:publisher\" content=\"https:\/\/www.facebook.com\/smedemokrati2023\" \/>\n<meta property=\"article:published_time\" content=\"2024-07-01T11:17:35+00:00\" \/>\n<meta property=\"article:modified_time\" content=\"2024-07-09T16:03:03+00:00\" \/>\n<meta property=\"og:image\" content=\"https:\/\/www.smedemokrati.sk\/wp-content\/uploads\/2024\/05\/taraba-minister.jpg\" \/>\n\t<meta property=\"og:image:width\" content=\"960\" \/>\n\t<meta property=\"og:image:height\" content=\"540\" \/>\n\t<meta property=\"og:image:type\" content=\"image\/jpeg\" \/>\n<meta name=\"author\" content=\"miro.sopko\" \/>\n<meta name=\"twitter:card\" content=\"summary_large_image\" \/>\n<meta name=\"twitter:label1\" content=\"Szerz\u0151:\" \/>\n\t<meta name=\"twitter:data1\" content=\"miro.sopko\" \/>\n\t<meta name=\"twitter:label2\" content=\"Becs\u00fclt olvas\u00e1si id\u0151\" \/>\n\t<meta name=\"twitter:data2\" content=\"3 perc\" \/>\n<script type=\"application\/ld+json\" class=\"yoast-schema-graph\">{\"@context\":\"https:\/\/schema.org\",\"@graph\":[{\"@type\":\"Article\",\"@id\":\"https:\/\/www.smedemokrati.sk\/v-slovenskom-vodohospodarskom-podniku-hrozi-masivne-prepustanie\/#article\",\"isPartOf\":{\"@id\":\"https:\/\/www.smedemokrati.sk\/v-slovenskom-vodohospodarskom-podniku-hrozi-masivne-prepustanie\/\"},\"author\":{\"name\":\"miro.sopko\",\"@id\":\"https:\/\/www.smedemokrati.sk\/#\/schema\/person\/21f147c88d605aa7ded900e1e7c344ba\"},\"headline\":\"V Slovenskom vodohospod\u00e1rskom podniku hroz\u00ed mas\u00edvne prep\u00fa\u0161\u0165anie\",\"datePublished\":\"2024-07-01T11:17:35+00:00\",\"dateModified\":\"2024-07-09T16:03:03+00:00\",\"mainEntityOfPage\":{\"@id\":\"https:\/\/www.smedemokrati.sk\/v-slovenskom-vodohospodarskom-podniku-hrozi-masivne-prepustanie\/\"},\"wordCount\":564,\"publisher\":{\"@id\":\"https:\/\/www.smedemokrati.sk\/#organization\"},\"image\":{\"@id\":\"https:\/\/www.smedemokrati.sk\/v-slovenskom-vodohospodarskom-podniku-hrozi-masivne-prepustanie\/#primaryimage\"},\"thumbnailUrl\":\"https:\/\/www.smedemokrati.sk\/wp-content\/uploads\/2024\/05\/taraba-minister.jpg\",\"articleSection\":[\"Tla\u010dov\u00e9 spr\u00e1vy\"],\"inLanguage\":\"hu-HU\"},{\"@type\":\"WebPage\",\"@id\":\"https:\/\/www.smedemokrati.sk\/v-slovenskom-vodohospodarskom-podniku-hrozi-masivne-prepustanie\/\",\"url\":\"https:\/\/www.smedemokrati.sk\/v-slovenskom-vodohospodarskom-podniku-hrozi-masivne-prepustanie\/\",\"name\":\"V Slovenskom vodohospod\u00e1rskom podniku hroz\u00ed mas\u00edvne prep\u00fa\u0161\u0165anie\",\"isPartOf\":{\"@id\":\"https:\/\/www.smedemokrati.sk\/#website\"},\"primaryImageOfPage\":{\"@id\":\"https:\/\/www.smedemokrati.sk\/v-slovenskom-vodohospodarskom-podniku-hrozi-masivne-prepustanie\/#primaryimage\"},\"image\":{\"@id\":\"https:\/\/www.smedemokrati.sk\/v-slovenskom-vodohospodarskom-podniku-hrozi-masivne-prepustanie\/#primaryimage\"},\"thumbnailUrl\":\"https:\/\/www.smedemokrati.sk\/wp-content\/uploads\/2024\/05\/taraba-minister.jpg\",\"datePublished\":\"2024-07-01T11:17:35+00:00\",\"dateModified\":\"2024-07-09T16:03:03+00:00\",\"breadcrumb\":{\"@id\":\"https:\/\/www.smedemokrati.sk\/v-slovenskom-vodohospodarskom-podniku-hrozi-masivne-prepustanie\/#breadcrumb\"},\"inLanguage\":\"hu-HU\",\"potentialAction\":[{\"@type\":\"ReadAction\",\"target\":[\"https:\/\/www.smedemokrati.sk\/v-slovenskom-vodohospodarskom-podniku-hrozi-masivne-prepustanie\/\"]}]},{\"@type\":\"ImageObject\",\"inLanguage\":\"hu-HU\",\"@id\":\"https:\/\/www.smedemokrati.sk\/v-slovenskom-vodohospodarskom-podniku-hrozi-masivne-prepustanie\/#primaryimage\",\"url\":\"https:\/\/www.smedemokrati.sk\/wp-content\/uploads\/2024\/05\/taraba-minister.jpg\",\"contentUrl\":\"https:\/\/www.smedemokrati.sk\/wp-content\/uploads\/2024\/05\/taraba-minister.jpg\",\"width\":960,\"height\":540},{\"@type\":\"BreadcrumbList\",\"@id\":\"https:\/\/www.smedemokrati.sk\/v-slovenskom-vodohospodarskom-podniku-hrozi-masivne-prepustanie\/#breadcrumb\",\"itemListElement\":[{\"@type\":\"ListItem\",\"position\":1,\"name\":\"Domovsk\u00e1 str\u00e1nka\",\"item\":\"https:\/\/www.smedemokrati.sk\/\"},{\"@type\":\"ListItem\",\"position\":2,\"name\":\"V Slovenskom vodohospod\u00e1rskom podniku hroz\u00ed mas\u00edvne prep\u00fa\u0161\u0165anie\"}]},{\"@type\":\"WebSite\",\"@id\":\"https:\/\/www.smedemokrati.sk\/#website\",\"url\":\"https:\/\/www.smedemokrati.sk\/\",\"name\":\"Smedemokrati.sk\",\"description\":\"Demokracia a slu\u0161nos\u0165 zv\u00ed\u0165az\u00ed\",\"publisher\":{\"@id\":\"https:\/\/www.smedemokrati.sk\/#organization\"},\"potentialAction\":[{\"@type\":\"SearchAction\",\"target\":{\"@type\":\"EntryPoint\",\"urlTemplate\":\"https:\/\/www.smedemokrati.sk\/?s={search_term_string}\"},\"query-input\":{\"@type\":\"PropertyValueSpecification\",\"valueRequired\":true,\"valueName\":\"search_term_string\"}}],\"inLanguage\":\"hu-HU\"},{\"@type\":\"Organization\",\"@id\":\"https:\/\/www.smedemokrati.sk\/#organization\",\"name\":\"Smedemokrati.sk\",\"url\":\"https:\/\/www.smedemokrati.sk\/\",\"logo\":{\"@type\":\"ImageObject\",\"inLanguage\":\"hu-HU\",\"@id\":\"https:\/\/www.smedemokrati.sk\/#\/schema\/logo\/image\/\",\"url\":\"https:\/\/www.smedemokrati.sk\/wp-content\/uploads\/2023\/04\/ff.002.jpeg\",\"contentUrl\":\"https:\/\/www.smedemokrati.sk\/wp-content\/uploads\/2023\/04\/ff.002.jpeg\",\"width\":640,\"height\":480,\"caption\":\"Smedemokrati.sk\"},\"image\":{\"@id\":\"https:\/\/www.smedemokrati.sk\/#\/schema\/logo\/image\/\"},\"sameAs\":[\"https:\/\/www.facebook.com\/smedemokrati2023\"]},{\"@type\":\"Person\",\"@id\":\"https:\/\/www.smedemokrati.sk\/#\/schema\/person\/21f147c88d605aa7ded900e1e7c344ba\",\"name\":\"miro.sopko\",\"image\":{\"@type\":\"ImageObject\",\"inLanguage\":\"hu-HU\",\"@id\":\"https:\/\/secure.gravatar.com\/avatar\/267e4a36f704376c109afe3a78740c1f5dd8675a2180a908699e7863c9247606?s=96&d=mm&r=g\",\"url\":\"https:\/\/secure.gravatar.com\/avatar\/267e4a36f704376c109afe3a78740c1f5dd8675a2180a908699e7863c9247606?s=96&d=mm&r=g\",\"contentUrl\":\"https:\/\/secure.gravatar.com\/avatar\/267e4a36f704376c109afe3a78740c1f5dd8675a2180a908699e7863c9247606?s=96&d=mm&r=g\",\"caption\":\"miro.sopko\"},\"url\":\"https:\/\/www.smedemokrati.sk\/hu\/author\/miro-sopko\/\"}]}<\/script>\n<!-- \/ Yoast SEO plugin. -->","yoast_head_json":{"title":"V Slovenskom vodohospod\u00e1rskom podniku hroz\u00ed mas\u00edvne prep\u00fa\u0161\u0165anie","robots":{"index":"index","follow":"follow","max-snippet":"max-snippet:-1","max-image-preview":"max-image-preview:large","max-video-preview":"max-video-preview:-1"},"canonical":"https:\/\/www.smedemokrati.sk\/hu\/v-slovenskom-vodohospodarskom-podniku-hrozi-masivne-prepustanie\/","og_locale":"hu_HU","og_type":"article","og_title":"[:sk]V Slovenskom vodohospod\u00e1rskom podniku hroz\u00ed mas\u00edvne prep\u00fa\u0161\u0165anie[:] - Smedemokrati.sk","og_description":"V Slovenskom vodohospod\u00e1rskom podniku, \u0161. p. (SVP) sa m\u00e1 pripravova\u0165 scen\u00e1r, na konci ktor\u00e9ho m\u00f4\u017ee by\u0165 a\u017e 600 prepusten\u00fdch zamestnancov. M\u00e1 to by\u0165 podmienkou zl\u00fa\u010denia s Vodohospod\u00e1rskou v\u00fdstavbou, \u0161. p. (VV). Pova\u017eujeme to za ohrozenie sp\u00f4sobilost\u00ed SVP pri protipovod\u0148ovej ochrane a spr\u00e1ve vodn\u00fdch tokov. Na\u0161e zistenia preto postupujeme odborov\u00fdm organiz\u00e1ci\u00e1m, aby chr\u00e1nili z\u00e1ujmy zamestnancov. V [&hellip;]","og_url":"https:\/\/www.smedemokrati.sk\/hu\/v-slovenskom-vodohospodarskom-podniku-hrozi-masivne-prepustanie\/","og_site_name":"Smedemokrati.sk","article_publisher":"https:\/\/www.facebook.com\/smedemokrati2023","article_published_time":"2024-07-01T11:17:35+00:00","article_modified_time":"2024-07-09T16:03:03+00:00","og_image":[{"width":960,"height":540,"url":"https:\/\/www.smedemokrati.sk\/wp-content\/uploads\/2024\/05\/taraba-minister.jpg","type":"image\/jpeg"}],"author":"miro.sopko","twitter_card":"summary_large_image","twitter_misc":{"Szerz\u0151:":"miro.sopko","Becs\u00fclt olvas\u00e1si id\u0151":"3 perc"},"schema":{"@context":"https:\/\/schema.org","@graph":[{"@type":"Article","@id":"https:\/\/www.smedemokrati.sk\/v-slovenskom-vodohospodarskom-podniku-hrozi-masivne-prepustanie\/#article","isPartOf":{"@id":"https:\/\/www.smedemokrati.sk\/v-slovenskom-vodohospodarskom-podniku-hrozi-masivne-prepustanie\/"},"author":{"name":"miro.sopko","@id":"https:\/\/www.smedemokrati.sk\/#\/schema\/person\/21f147c88d605aa7ded900e1e7c344ba"},"headline":"V Slovenskom vodohospod\u00e1rskom podniku hroz\u00ed mas\u00edvne prep\u00fa\u0161\u0165anie","datePublished":"2024-07-01T11:17:35+00:00","dateModified":"2024-07-09T16:03:03+00:00","mainEntityOfPage":{"@id":"https:\/\/www.smedemokrati.sk\/v-slovenskom-vodohospodarskom-podniku-hrozi-masivne-prepustanie\/"},"wordCount":564,"publisher":{"@id":"https:\/\/www.smedemokrati.sk\/#organization"},"image":{"@id":"https:\/\/www.smedemokrati.sk\/v-slovenskom-vodohospodarskom-podniku-hrozi-masivne-prepustanie\/#primaryimage"},"thumbnailUrl":"https:\/\/www.smedemokrati.sk\/wp-content\/uploads\/2024\/05\/taraba-minister.jpg","articleSection":["Tla\u010dov\u00e9 spr\u00e1vy"],"inLanguage":"hu-HU"},{"@type":"WebPage","@id":"https:\/\/www.smedemokrati.sk\/v-slovenskom-vodohospodarskom-podniku-hrozi-masivne-prepustanie\/","url":"https:\/\/www.smedemokrati.sk\/v-slovenskom-vodohospodarskom-podniku-hrozi-masivne-prepustanie\/","name":"V Slovenskom vodohospod\u00e1rskom podniku hroz\u00ed mas\u00edvne prep\u00fa\u0161\u0165anie","isPartOf":{"@id":"https:\/\/www.smedemokrati.sk\/#website"},"primaryImageOfPage":{"@id":"https:\/\/www.smedemokrati.sk\/v-slovenskom-vodohospodarskom-podniku-hrozi-masivne-prepustanie\/#primaryimage"},"image":{"@id":"https:\/\/www.smedemokrati.sk\/v-slovenskom-vodohospodarskom-podniku-hrozi-masivne-prepustanie\/#primaryimage"},"thumbnailUrl":"https:\/\/www.smedemokrati.sk\/wp-content\/uploads\/2024\/05\/taraba-minister.jpg","datePublished":"2024-07-01T11:17:35+00:00","dateModified":"2024-07-09T16:03:03+00:00","breadcrumb":{"@id":"https:\/\/www.smedemokrati.sk\/v-slovenskom-vodohospodarskom-podniku-hrozi-masivne-prepustanie\/#breadcrumb"},"inLanguage":"hu-HU","potentialAction":[{"@type":"ReadAction","target":["https:\/\/www.smedemokrati.sk\/v-slovenskom-vodohospodarskom-podniku-hrozi-masivne-prepustanie\/"]}]},{"@type":"ImageObject","inLanguage":"hu-HU","@id":"https:\/\/www.smedemokrati.sk\/v-slovenskom-vodohospodarskom-podniku-hrozi-masivne-prepustanie\/#primaryimage","url":"https:\/\/www.smedemokrati.sk\/wp-content\/uploads\/2024\/05\/taraba-minister.jpg","contentUrl":"https:\/\/www.smedemokrati.sk\/wp-content\/uploads\/2024\/05\/taraba-minister.jpg","width":960,"height":540},{"@type":"BreadcrumbList","@id":"https:\/\/www.smedemokrati.sk\/v-slovenskom-vodohospodarskom-podniku-hrozi-masivne-prepustanie\/#breadcrumb","itemListElement":[{"@type":"ListItem","position":1,"name":"Domovsk\u00e1 str\u00e1nka","item":"https:\/\/www.smedemokrati.sk\/"},{"@type":"ListItem","position":2,"name":"V Slovenskom vodohospod\u00e1rskom podniku hroz\u00ed mas\u00edvne prep\u00fa\u0161\u0165anie"}]},{"@type":"WebSite","@id":"https:\/\/www.smedemokrati.sk\/#website","url":"https:\/\/www.smedemokrati.sk\/","name":"Smedemokrati.sk","description":"Demokracia a slu\u0161nos\u0165 zv\u00ed\u0165az\u00ed","publisher":{"@id":"https:\/\/www.smedemokrati.sk\/#organization"},"potentialAction":[{"@type":"SearchAction","target":{"@type":"EntryPoint","urlTemplate":"https:\/\/www.smedemokrati.sk\/?s={search_term_string}"},"query-input":{"@type":"PropertyValueSpecification","valueRequired":true,"valueName":"search_term_string"}}],"inLanguage":"hu-HU"},{"@type":"Organization","@id":"https:\/\/www.smedemokrati.sk\/#organization","name":"Smedemokrati.sk","url":"https:\/\/www.smedemokrati.sk\/","logo":{"@type":"ImageObject","inLanguage":"hu-HU","@id":"https:\/\/www.smedemokrati.sk\/#\/schema\/logo\/image\/","url":"https:\/\/www.smedemokrati.sk\/wp-content\/uploads\/2023\/04\/ff.002.jpeg","contentUrl":"https:\/\/www.smedemokrati.sk\/wp-content\/uploads\/2023\/04\/ff.002.jpeg","width":640,"height":480,"caption":"Smedemokrati.sk"},"image":{"@id":"https:\/\/www.smedemokrati.sk\/#\/schema\/logo\/image\/"},"sameAs":["https:\/\/www.facebook.com\/smedemokrati2023"]},{"@type":"Person","@id":"https:\/\/www.smedemokrati.sk\/#\/schema\/person\/21f147c88d605aa7ded900e1e7c344ba","name":"miro.sopko","image":{"@type":"ImageObject","inLanguage":"hu-HU","@id":"https:\/\/secure.gravatar.com\/avatar\/267e4a36f704376c109afe3a78740c1f5dd8675a2180a908699e7863c9247606?s=96&d=mm&r=g","url":"https:\/\/secure.gravatar.com\/avatar\/267e4a36f704376c109afe3a78740c1f5dd8675a2180a908699e7863c9247606?s=96&d=mm&r=g","contentUrl":"https:\/\/secure.gravatar.com\/avatar\/267e4a36f704376c109afe3a78740c1f5dd8675a2180a908699e7863c9247606?s=96&d=mm&r=g","caption":"miro.sopko"},"url":"https:\/\/www.smedemokrati.sk\/hu\/author\/miro-sopko\/"}]}},"_links":{"self":[{"href":"https:\/\/www.smedemokrati.sk\/hu\/wp-json\/wp\/v2\/posts\/4606","targetHints":{"allow":["GET"]}}],"collection":[{"href":"https:\/\/www.smedemokrati.sk\/hu\/wp-json\/wp\/v2\/posts"}],"about":[{"href":"https:\/\/www.smedemokrati.sk\/hu\/wp-json\/wp\/v2\/types\/post"}],"author":[{"embeddable":true,"href":"https:\/\/www.smedemokrati.sk\/hu\/wp-json\/wp\/v2\/users\/13"}],"replies":[{"embeddable":true,"href":"https:\/\/www.smedemokrati.sk\/hu\/wp-json\/wp\/v2\/comments?post=4606"}],"version-history":[{"count":1,"href":"https:\/\/www.smedemokrati.sk\/hu\/wp-json\/wp\/v2\/posts\/4606\/revisions"}],"predecessor-version":[{"id":4607,"href":"https:\/\/www.smedemokrati.sk\/hu\/wp-json\/wp\/v2\/posts\/4606\/revisions\/4607"}],"wp:featuredmedia":[{"embeddable":true,"href":"https:\/\/www.smedemokrati.sk\/hu\/wp-json\/wp\/v2\/media\/4073"}],"wp:attachment":[{"href":"https:\/\/www.smedemokrati.sk\/hu\/wp-json\/wp\/v2\/media?parent=4606"}],"wp:term":[{"taxonomy":"category","embeddable":true,"href":"https:\/\/www.smedemokrati.sk\/hu\/wp-json\/wp\/v2\/categories?post=4606"},{"taxonomy":"post_tag","embeddable":true,"href":"https:\/\/www.smedemokrati.sk\/hu\/wp-json\/wp\/v2\/tags?post=4606"}],"curies":[{"name":"wp","href":"https:\/\/api.w.org\/{rel}","templated":true}]}}