{"id":4561,"date":"2024-06-19T13:14:41","date_gmt":"2024-06-19T12:14:41","guid":{"rendered":"https:\/\/www.smedemokrati.sk\/?p=4561"},"modified":"2024-06-29T15:47:31","modified_gmt":"2024-06-29T14:47:31","slug":"vlada-potichu-schvalila-zamer-vystavby-priehrady-na-ipli","status":"publish","type":"post","link":"https:\/\/www.smedemokrati.sk\/hu\/vlada-potichu-schvalila-zamer-vystavby-priehrady-na-ipli\/","title":{"rendered":"Vl\u00e1da potichu schv\u00e1lila z\u00e1mer v\u00fdstavby priehrady na Ipli"},"content":{"rendered":"<div id=\"fb-root\"><\/div>\n\n<p><strong>Vl\u00e1da dnes na v\u00fdjazdovom rokovan\u00ed schv\u00e1lila materi\u00e1l na rozvoj regi\u00f3nu Rimavskej Soboty, do ktor\u00e9ho v\u0161ak s p\u00e1r v\u0161eobecn\u00fdmi vetami vlo\u017eila aj z\u00e1mer v\u00fdstavby pre\u010derp\u00e1vacej vodnej elektr\u00e1rne na Ipli. U\u017e tradi\u010dne boli ignorovan\u00e9 postupy ako diskusia s ob\u010danmi v obciach, ktor\u00e9 bud\u00fa zni\u010den\u00e9, verejn\u00e1 debata s odborn\u00edkmi, medzirezortn\u00e9 pripomienkov\u00e9 konanie \u010di zhodnotenie dopadov na \u017eivotn\u00e9 prostredie. Schv\u00e1li\u0165 tak\u00e9to z\u00e1va\u017en\u00e9 rozhodnutie len od vl\u00e1dneho stola je absol\u00fatnou aroganciou \u0161t\u00e1tnej moci vo\u010di demokratick\u00fdm princ\u00edpom a pr\u00e1vam ob\u010danov. Vyz\u00fdvame na jeho prehodnotenie.<\/strong><\/p>\n\n\n\n<p>Pova\u017eujeme to za neakceptovate\u013en\u00fd sp\u00f4sob prij\u00edmania rozhodnut\u00ed bez akejko\u013evek diskusie s verejnos\u0165ou a najm\u00e4 obyvate\u013emi dotknut\u00fdch obc\u00ed. Rozhodnutie je navy\u0161e v priamom rozpore so st\u00e1le platnou koncepciou vodnej politiky Slovenskej republiky do roku 2030, ktor\u00e1 je aj m\u00ed\u013enikom v Pl\u00e1ne obnovy. A jej zmena je aktu\u00e1lne predmetom postupu pod\u013ea z\u00e1kona o posudzovan\u00ed vplyvov na \u017eivotn\u00e9 prostredie.<\/p>\n\n\n\n<p><em>\u201eSp\u00f4sob prijatia rozhodnutia je rozporn\u00fd s pr\u00e1vom E\u00da, princ\u00edpmi verejnej kontroly<\/em> <em>rozhodnut\u00ed \u0161t\u00e1tu a s princ\u00edpom hodnoty za peniaze. Ak by malo \u00eds\u0165 o invest\u00edciu, ktor\u00e1 sa zrealizuje v prospech s\u00fakromnej spolo\u010dnosti, tak p\u00f4jde potenci\u00e1lne aj o nes\u00falad s pravidlami \u0161t\u00e1tnej pomoci,\u201d\u00a0<\/em>upozor\u0148uje Michal Ki\u010da, expert na \u017eivotn\u00e9 prostredie a \u010dlen predsedn\u00edctva strany Demokrati.<\/p>\n\n\n\n<p>V minulosti tento z\u00e1mer, ktor\u00e9ho n\u00e1klady boli v roku 2014 viac ako 900 mil. eur, chcela zrealizova\u0165 spolo\u010dnos\u0165, za ktorou st\u00e1l v\u00fdznamn\u00fd podnikate\u013e v energetike. Je preto na mieste sa p\u00fdta\u0165 vl\u00e1dy, ak\u00fd \u00fa\u010del m\u00e1 priehrada splni\u0165 a pre\u010do znova rezignovala na diskusiu. \u017diadame poslancov NR SR, aby v tejto veci zvolali mimoriadny v\u00fdbor a uveden\u00e9 vysvetlenia po\u017eadovali od dotknut\u00fdch ministrov.<\/p>\n\n\n\n<p><em>\u201eTak\u00e1to v\u00fdstavba m\u00f4\u017ee v\u00e1\u017ene ohrozi\u0165 nielen ochranu pr\u00edrody a vodn\u00e9 zdroje, ale ja zdravie miestnych obyvate\u013eov. Ak toto niekomu nestoj\u00ed za riadne vypracovanie materi\u00e1lu a z\u00e1meru, tak to vzbudzuje opr\u00e1vnen\u00e9 podozrenia, pre koho je vlastne tento projekt v\u00fdhodn\u00fd,\u201d<\/em>\u00a0uzatv\u00e1ra Ki\u010da.<\/p>\n\n\n\n<figure class=\"wp-block-video\"><video controls src=\"blob:https:\/\/www.smedemokrati.sk\/3979da1f-b3cc-4df4-bf6b-d5846160dd06\"><\/video><\/figure>\n","protected":false},"excerpt":{"rendered":"<p>Vl\u00e1da dnes na v\u00fdjazdovom rokovan\u00ed schv\u00e1lila materi\u00e1l na rozvoj regi\u00f3nu Rimavskej Soboty, do ktor\u00e9ho v\u0161ak s p\u00e1r v\u0161eobecn\u00fdmi vetami vlo\u017eila aj z\u00e1mer v\u00fdstavby pre\u010derp\u00e1vacej vodnej elektr\u00e1rne na Ipli. U\u017e tradi\u010dne boli ignorovan\u00e9 postupy ako diskusia s ob\u010danmi v obciach, ktor\u00e9 bud\u00fa zni\u010den\u00e9, verejn\u00e1 debata s odborn\u00edkmi, medzirezortn\u00e9 pripomienkov\u00e9 konanie \u010di zhodnotenie dopadov na \u017eivotn\u00e9 prostredie. [&hellip;]<\/p>\n","protected":false},"author":13,"featured_media":4562,"comment_status":"closed","ping_status":"closed","sticky":false,"template":"","format":"standard","meta":{"_acf_changed":false,"ngg_post_thumbnail":0,"footnotes":""},"categories":[4],"tags":[],"class_list":["post-4561","post","type-post","status-publish","format-standard","has-post-thumbnail","hentry","category-tlacove-spravy"],"acf":[],"yoast_head":"<!-- This site is optimized with the Yoast SEO plugin v27.2 - https:\/\/yoast.com\/product\/yoast-seo-wordpress\/ -->\n<title>Vl\u00e1da potichu schv\u00e1lila z\u00e1mer v\u00fdstavby priehrady na Ipli<\/title>\n<meta name=\"robots\" content=\"index, follow, max-snippet:-1, max-image-preview:large, max-video-preview:-1\" \/>\n<link rel=\"canonical\" href=\"https:\/\/www.smedemokrati.sk\/hu\/vlada-potichu-schvalila-zamer-vystavby-priehrady-na-ipli\/\" \/>\n<meta property=\"og:locale\" content=\"hu_HU\" \/>\n<meta property=\"og:locale:alternate\" content=\"en_US\" \/>\n<meta property=\"og:locale:alternate\" content=\"cs_CZ\" \/>\n<meta property=\"og:locale:alternate\" content=\"sk_SK\" \/>\n<meta property=\"og:locale:alternate\" content=\"sv_SE\" \/>\n<meta property=\"og:type\" content=\"article\" \/>\n<meta property=\"og:title\" content=\"Vl\u00e1da potichu schv\u00e1lila z\u00e1mer v\u00fdstavby priehrady na Ipli\" \/>\n<meta property=\"og:description\" content=\"Vl\u00e1da dnes na v\u00fdjazdovom rokovan\u00ed schv\u00e1lila materi\u00e1l na rozvoj regi\u00f3nu Rimavskej Soboty, do ktor\u00e9ho v\u0161ak s p\u00e1r v\u0161eobecn\u00fdmi vetami vlo\u017eila aj z\u00e1mer v\u00fdstavby pre\u010derp\u00e1vacej vodnej elektr\u00e1rne na Ipli. U\u017e tradi\u010dne boli ignorovan\u00e9 postupy ako diskusia s ob\u010danmi v obciach, ktor\u00e9 bud\u00fa zni\u010den\u00e9, verejn\u00e1 debata s odborn\u00edkmi, medzirezortn\u00e9 pripomienkov\u00e9 konanie \u010di zhodnotenie dopadov na \u017eivotn\u00e9 prostredie. [&hellip;]\" \/>\n<meta property=\"og:url\" content=\"https:\/\/www.smedemokrati.sk\/hu\/vlada-potichu-schvalila-zamer-vystavby-priehrady-na-ipli\/\" \/>\n<meta property=\"og:site_name\" content=\"Smedemokrati.sk\" \/>\n<meta property=\"article:publisher\" content=\"https:\/\/www.facebook.com\/smedemokrati2023\" \/>\n<meta property=\"article:published_time\" content=\"2024-06-19T12:14:41+00:00\" \/>\n<meta property=\"article:modified_time\" content=\"2024-06-29T14:47:31+00:00\" \/>\n<meta property=\"og:image\" content=\"https:\/\/www.smedemokrati.sk\/wp-content\/uploads\/2024\/06\/448586468_425287930480076_6539362912138923975_n-e1718799364946.jpg\" \/>\n\t<meta property=\"og:image:width\" content=\"1080\" \/>\n\t<meta property=\"og:image:height\" content=\"645\" \/>\n\t<meta property=\"og:image:type\" content=\"image\/jpeg\" \/>\n<meta name=\"author\" content=\"miro.sopko\" \/>\n<meta name=\"twitter:card\" content=\"summary_large_image\" \/>\n<meta name=\"twitter:label1\" content=\"Szerz\u0151:\" \/>\n\t<meta name=\"twitter:data1\" content=\"miro.sopko\" \/>\n\t<meta name=\"twitter:label2\" content=\"Becs\u00fclt olvas\u00e1si id\u0151\" \/>\n\t<meta name=\"twitter:data2\" content=\"2 perc\" \/>\n<script type=\"application\/ld+json\" class=\"yoast-schema-graph\">{\"@context\":\"https:\/\/schema.org\",\"@graph\":[{\"@type\":\"Article\",\"@id\":\"https:\/\/www.smedemokrati.sk\/vlada-potichu-schvalila-zamer-vystavby-priehrady-na-ipli\/#article\",\"isPartOf\":{\"@id\":\"https:\/\/www.smedemokrati.sk\/vlada-potichu-schvalila-zamer-vystavby-priehrady-na-ipli\/\"},\"author\":{\"name\":\"miro.sopko\",\"@id\":\"https:\/\/www.smedemokrati.sk\/#\/schema\/person\/21f147c88d605aa7ded900e1e7c344ba\"},\"headline\":\"Vl\u00e1da potichu schv\u00e1lila z\u00e1mer v\u00fdstavby priehrady na Ipli\",\"datePublished\":\"2024-06-19T12:14:41+00:00\",\"dateModified\":\"2024-06-29T14:47:31+00:00\",\"mainEntityOfPage\":{\"@id\":\"https:\/\/www.smedemokrati.sk\/vlada-potichu-schvalila-zamer-vystavby-priehrady-na-ipli\/\"},\"wordCount\":387,\"publisher\":{\"@id\":\"https:\/\/www.smedemokrati.sk\/#organization\"},\"image\":{\"@id\":\"https:\/\/www.smedemokrati.sk\/vlada-potichu-schvalila-zamer-vystavby-priehrady-na-ipli\/#primaryimage\"},\"thumbnailUrl\":\"https:\/\/www.smedemokrati.sk\/wp-content\/uploads\/2024\/06\/448586468_425287930480076_6539362912138923975_n-e1718799364946.jpg\",\"articleSection\":[\"Tla\u010dov\u00e9 spr\u00e1vy\"],\"inLanguage\":\"hu-HU\"},{\"@type\":\"WebPage\",\"@id\":\"https:\/\/www.smedemokrati.sk\/vlada-potichu-schvalila-zamer-vystavby-priehrady-na-ipli\/\",\"url\":\"https:\/\/www.smedemokrati.sk\/vlada-potichu-schvalila-zamer-vystavby-priehrady-na-ipli\/\",\"name\":\"Vl\u00e1da potichu schv\u00e1lila z\u00e1mer v\u00fdstavby priehrady na Ipli\",\"isPartOf\":{\"@id\":\"https:\/\/www.smedemokrati.sk\/#website\"},\"primaryImageOfPage\":{\"@id\":\"https:\/\/www.smedemokrati.sk\/vlada-potichu-schvalila-zamer-vystavby-priehrady-na-ipli\/#primaryimage\"},\"image\":{\"@id\":\"https:\/\/www.smedemokrati.sk\/vlada-potichu-schvalila-zamer-vystavby-priehrady-na-ipli\/#primaryimage\"},\"thumbnailUrl\":\"https:\/\/www.smedemokrati.sk\/wp-content\/uploads\/2024\/06\/448586468_425287930480076_6539362912138923975_n-e1718799364946.jpg\",\"datePublished\":\"2024-06-19T12:14:41+00:00\",\"dateModified\":\"2024-06-29T14:47:31+00:00\",\"breadcrumb\":{\"@id\":\"https:\/\/www.smedemokrati.sk\/vlada-potichu-schvalila-zamer-vystavby-priehrady-na-ipli\/#breadcrumb\"},\"inLanguage\":\"hu-HU\",\"potentialAction\":[{\"@type\":\"ReadAction\",\"target\":[\"https:\/\/www.smedemokrati.sk\/vlada-potichu-schvalila-zamer-vystavby-priehrady-na-ipli\/\"]}]},{\"@type\":\"ImageObject\",\"inLanguage\":\"hu-HU\",\"@id\":\"https:\/\/www.smedemokrati.sk\/vlada-potichu-schvalila-zamer-vystavby-priehrady-na-ipli\/#primaryimage\",\"url\":\"https:\/\/www.smedemokrati.sk\/wp-content\/uploads\/2024\/06\/448586468_425287930480076_6539362912138923975_n-e1718799364946.jpg\",\"contentUrl\":\"https:\/\/www.smedemokrati.sk\/wp-content\/uploads\/2024\/06\/448586468_425287930480076_6539362912138923975_n-e1718799364946.jpg\",\"width\":1080,\"height\":645},{\"@type\":\"BreadcrumbList\",\"@id\":\"https:\/\/www.smedemokrati.sk\/vlada-potichu-schvalila-zamer-vystavby-priehrady-na-ipli\/#breadcrumb\",\"itemListElement\":[{\"@type\":\"ListItem\",\"position\":1,\"name\":\"Domovsk\u00e1 str\u00e1nka\",\"item\":\"https:\/\/www.smedemokrati.sk\/\"},{\"@type\":\"ListItem\",\"position\":2,\"name\":\"Vl\u00e1da potichu schv\u00e1lila z\u00e1mer v\u00fdstavby priehrady na Ipli\"}]},{\"@type\":\"WebSite\",\"@id\":\"https:\/\/www.smedemokrati.sk\/#website\",\"url\":\"https:\/\/www.smedemokrati.sk\/\",\"name\":\"Smedemokrati.sk\",\"description\":\"Demokracia a slu\u0161nos\u0165 zv\u00ed\u0165az\u00ed\",\"publisher\":{\"@id\":\"https:\/\/www.smedemokrati.sk\/#organization\"},\"potentialAction\":[{\"@type\":\"SearchAction\",\"target\":{\"@type\":\"EntryPoint\",\"urlTemplate\":\"https:\/\/www.smedemokrati.sk\/?s={search_term_string}\"},\"query-input\":{\"@type\":\"PropertyValueSpecification\",\"valueRequired\":true,\"valueName\":\"search_term_string\"}}],\"inLanguage\":\"hu-HU\"},{\"@type\":\"Organization\",\"@id\":\"https:\/\/www.smedemokrati.sk\/#organization\",\"name\":\"Smedemokrati.sk\",\"url\":\"https:\/\/www.smedemokrati.sk\/\",\"logo\":{\"@type\":\"ImageObject\",\"inLanguage\":\"hu-HU\",\"@id\":\"https:\/\/www.smedemokrati.sk\/#\/schema\/logo\/image\/\",\"url\":\"https:\/\/www.smedemokrati.sk\/wp-content\/uploads\/2023\/04\/ff.002.jpeg\",\"contentUrl\":\"https:\/\/www.smedemokrati.sk\/wp-content\/uploads\/2023\/04\/ff.002.jpeg\",\"width\":640,\"height\":480,\"caption\":\"Smedemokrati.sk\"},\"image\":{\"@id\":\"https:\/\/www.smedemokrati.sk\/#\/schema\/logo\/image\/\"},\"sameAs\":[\"https:\/\/www.facebook.com\/smedemokrati2023\"]},{\"@type\":\"Person\",\"@id\":\"https:\/\/www.smedemokrati.sk\/#\/schema\/person\/21f147c88d605aa7ded900e1e7c344ba\",\"name\":\"miro.sopko\",\"image\":{\"@type\":\"ImageObject\",\"inLanguage\":\"hu-HU\",\"@id\":\"https:\/\/secure.gravatar.com\/avatar\/267e4a36f704376c109afe3a78740c1f5dd8675a2180a908699e7863c9247606?s=96&d=mm&r=g\",\"url\":\"https:\/\/secure.gravatar.com\/avatar\/267e4a36f704376c109afe3a78740c1f5dd8675a2180a908699e7863c9247606?s=96&d=mm&r=g\",\"contentUrl\":\"https:\/\/secure.gravatar.com\/avatar\/267e4a36f704376c109afe3a78740c1f5dd8675a2180a908699e7863c9247606?s=96&d=mm&r=g\",\"caption\":\"miro.sopko\"},\"url\":\"https:\/\/www.smedemokrati.sk\/hu\/author\/miro-sopko\/\"}]}<\/script>\n<!-- \/ Yoast SEO plugin. -->","yoast_head_json":{"title":"Vl\u00e1da potichu schv\u00e1lila z\u00e1mer v\u00fdstavby priehrady na Ipli","robots":{"index":"index","follow":"follow","max-snippet":"max-snippet:-1","max-image-preview":"max-image-preview:large","max-video-preview":"max-video-preview:-1"},"canonical":"https:\/\/www.smedemokrati.sk\/hu\/vlada-potichu-schvalila-zamer-vystavby-priehrady-na-ipli\/","og_locale":"hu_HU","og_type":"article","og_title":"[:sk]Vl\u00e1da potichu schv\u00e1lila z\u00e1mer v\u00fdstavby priehrady na Ipli[:] - Smedemokrati.sk","og_description":"Vl\u00e1da dnes na v\u00fdjazdovom rokovan\u00ed schv\u00e1lila materi\u00e1l na rozvoj regi\u00f3nu Rimavskej Soboty, do ktor\u00e9ho v\u0161ak s p\u00e1r v\u0161eobecn\u00fdmi vetami vlo\u017eila aj z\u00e1mer v\u00fdstavby pre\u010derp\u00e1vacej vodnej elektr\u00e1rne na Ipli. U\u017e tradi\u010dne boli ignorovan\u00e9 postupy ako diskusia s ob\u010danmi v obciach, ktor\u00e9 bud\u00fa zni\u010den\u00e9, verejn\u00e1 debata s odborn\u00edkmi, medzirezortn\u00e9 pripomienkov\u00e9 konanie \u010di zhodnotenie dopadov na \u017eivotn\u00e9 prostredie. [&hellip;]","og_url":"https:\/\/www.smedemokrati.sk\/hu\/vlada-potichu-schvalila-zamer-vystavby-priehrady-na-ipli\/","og_site_name":"Smedemokrati.sk","article_publisher":"https:\/\/www.facebook.com\/smedemokrati2023","article_published_time":"2024-06-19T12:14:41+00:00","article_modified_time":"2024-06-29T14:47:31+00:00","og_image":[{"width":1080,"height":645,"url":"https:\/\/www.smedemokrati.sk\/wp-content\/uploads\/2024\/06\/448586468_425287930480076_6539362912138923975_n-e1718799364946.jpg","type":"image\/jpeg"}],"author":"miro.sopko","twitter_card":"summary_large_image","twitter_misc":{"Szerz\u0151:":"miro.sopko","Becs\u00fclt olvas\u00e1si id\u0151":"2 perc"},"schema":{"@context":"https:\/\/schema.org","@graph":[{"@type":"Article","@id":"https:\/\/www.smedemokrati.sk\/vlada-potichu-schvalila-zamer-vystavby-priehrady-na-ipli\/#article","isPartOf":{"@id":"https:\/\/www.smedemokrati.sk\/vlada-potichu-schvalila-zamer-vystavby-priehrady-na-ipli\/"},"author":{"name":"miro.sopko","@id":"https:\/\/www.smedemokrati.sk\/#\/schema\/person\/21f147c88d605aa7ded900e1e7c344ba"},"headline":"Vl\u00e1da potichu schv\u00e1lila z\u00e1mer v\u00fdstavby priehrady na Ipli","datePublished":"2024-06-19T12:14:41+00:00","dateModified":"2024-06-29T14:47:31+00:00","mainEntityOfPage":{"@id":"https:\/\/www.smedemokrati.sk\/vlada-potichu-schvalila-zamer-vystavby-priehrady-na-ipli\/"},"wordCount":387,"publisher":{"@id":"https:\/\/www.smedemokrati.sk\/#organization"},"image":{"@id":"https:\/\/www.smedemokrati.sk\/vlada-potichu-schvalila-zamer-vystavby-priehrady-na-ipli\/#primaryimage"},"thumbnailUrl":"https:\/\/www.smedemokrati.sk\/wp-content\/uploads\/2024\/06\/448586468_425287930480076_6539362912138923975_n-e1718799364946.jpg","articleSection":["Tla\u010dov\u00e9 spr\u00e1vy"],"inLanguage":"hu-HU"},{"@type":"WebPage","@id":"https:\/\/www.smedemokrati.sk\/vlada-potichu-schvalila-zamer-vystavby-priehrady-na-ipli\/","url":"https:\/\/www.smedemokrati.sk\/vlada-potichu-schvalila-zamer-vystavby-priehrady-na-ipli\/","name":"Vl\u00e1da potichu schv\u00e1lila z\u00e1mer v\u00fdstavby priehrady na Ipli","isPartOf":{"@id":"https:\/\/www.smedemokrati.sk\/#website"},"primaryImageOfPage":{"@id":"https:\/\/www.smedemokrati.sk\/vlada-potichu-schvalila-zamer-vystavby-priehrady-na-ipli\/#primaryimage"},"image":{"@id":"https:\/\/www.smedemokrati.sk\/vlada-potichu-schvalila-zamer-vystavby-priehrady-na-ipli\/#primaryimage"},"thumbnailUrl":"https:\/\/www.smedemokrati.sk\/wp-content\/uploads\/2024\/06\/448586468_425287930480076_6539362912138923975_n-e1718799364946.jpg","datePublished":"2024-06-19T12:14:41+00:00","dateModified":"2024-06-29T14:47:31+00:00","breadcrumb":{"@id":"https:\/\/www.smedemokrati.sk\/vlada-potichu-schvalila-zamer-vystavby-priehrady-na-ipli\/#breadcrumb"},"inLanguage":"hu-HU","potentialAction":[{"@type":"ReadAction","target":["https:\/\/www.smedemokrati.sk\/vlada-potichu-schvalila-zamer-vystavby-priehrady-na-ipli\/"]}]},{"@type":"ImageObject","inLanguage":"hu-HU","@id":"https:\/\/www.smedemokrati.sk\/vlada-potichu-schvalila-zamer-vystavby-priehrady-na-ipli\/#primaryimage","url":"https:\/\/www.smedemokrati.sk\/wp-content\/uploads\/2024\/06\/448586468_425287930480076_6539362912138923975_n-e1718799364946.jpg","contentUrl":"https:\/\/www.smedemokrati.sk\/wp-content\/uploads\/2024\/06\/448586468_425287930480076_6539362912138923975_n-e1718799364946.jpg","width":1080,"height":645},{"@type":"BreadcrumbList","@id":"https:\/\/www.smedemokrati.sk\/vlada-potichu-schvalila-zamer-vystavby-priehrady-na-ipli\/#breadcrumb","itemListElement":[{"@type":"ListItem","position":1,"name":"Domovsk\u00e1 str\u00e1nka","item":"https:\/\/www.smedemokrati.sk\/"},{"@type":"ListItem","position":2,"name":"Vl\u00e1da potichu schv\u00e1lila z\u00e1mer v\u00fdstavby priehrady na Ipli"}]},{"@type":"WebSite","@id":"https:\/\/www.smedemokrati.sk\/#website","url":"https:\/\/www.smedemokrati.sk\/","name":"Smedemokrati.sk","description":"Demokracia a slu\u0161nos\u0165 zv\u00ed\u0165az\u00ed","publisher":{"@id":"https:\/\/www.smedemokrati.sk\/#organization"},"potentialAction":[{"@type":"SearchAction","target":{"@type":"EntryPoint","urlTemplate":"https:\/\/www.smedemokrati.sk\/?s={search_term_string}"},"query-input":{"@type":"PropertyValueSpecification","valueRequired":true,"valueName":"search_term_string"}}],"inLanguage":"hu-HU"},{"@type":"Organization","@id":"https:\/\/www.smedemokrati.sk\/#organization","name":"Smedemokrati.sk","url":"https:\/\/www.smedemokrati.sk\/","logo":{"@type":"ImageObject","inLanguage":"hu-HU","@id":"https:\/\/www.smedemokrati.sk\/#\/schema\/logo\/image\/","url":"https:\/\/www.smedemokrati.sk\/wp-content\/uploads\/2023\/04\/ff.002.jpeg","contentUrl":"https:\/\/www.smedemokrati.sk\/wp-content\/uploads\/2023\/04\/ff.002.jpeg","width":640,"height":480,"caption":"Smedemokrati.sk"},"image":{"@id":"https:\/\/www.smedemokrati.sk\/#\/schema\/logo\/image\/"},"sameAs":["https:\/\/www.facebook.com\/smedemokrati2023"]},{"@type":"Person","@id":"https:\/\/www.smedemokrati.sk\/#\/schema\/person\/21f147c88d605aa7ded900e1e7c344ba","name":"miro.sopko","image":{"@type":"ImageObject","inLanguage":"hu-HU","@id":"https:\/\/secure.gravatar.com\/avatar\/267e4a36f704376c109afe3a78740c1f5dd8675a2180a908699e7863c9247606?s=96&d=mm&r=g","url":"https:\/\/secure.gravatar.com\/avatar\/267e4a36f704376c109afe3a78740c1f5dd8675a2180a908699e7863c9247606?s=96&d=mm&r=g","contentUrl":"https:\/\/secure.gravatar.com\/avatar\/267e4a36f704376c109afe3a78740c1f5dd8675a2180a908699e7863c9247606?s=96&d=mm&r=g","caption":"miro.sopko"},"url":"https:\/\/www.smedemokrati.sk\/hu\/author\/miro-sopko\/"}]}},"_links":{"self":[{"href":"https:\/\/www.smedemokrati.sk\/hu\/wp-json\/wp\/v2\/posts\/4561","targetHints":{"allow":["GET"]}}],"collection":[{"href":"https:\/\/www.smedemokrati.sk\/hu\/wp-json\/wp\/v2\/posts"}],"about":[{"href":"https:\/\/www.smedemokrati.sk\/hu\/wp-json\/wp\/v2\/types\/post"}],"author":[{"embeddable":true,"href":"https:\/\/www.smedemokrati.sk\/hu\/wp-json\/wp\/v2\/users\/13"}],"replies":[{"embeddable":true,"href":"https:\/\/www.smedemokrati.sk\/hu\/wp-json\/wp\/v2\/comments?post=4561"}],"version-history":[{"count":1,"href":"https:\/\/www.smedemokrati.sk\/hu\/wp-json\/wp\/v2\/posts\/4561\/revisions"}],"predecessor-version":[{"id":4563,"href":"https:\/\/www.smedemokrati.sk\/hu\/wp-json\/wp\/v2\/posts\/4561\/revisions\/4563"}],"wp:featuredmedia":[{"embeddable":true,"href":"https:\/\/www.smedemokrati.sk\/hu\/wp-json\/wp\/v2\/media\/4562"}],"wp:attachment":[{"href":"https:\/\/www.smedemokrati.sk\/hu\/wp-json\/wp\/v2\/media?parent=4561"}],"wp:term":[{"taxonomy":"category","embeddable":true,"href":"https:\/\/www.smedemokrati.sk\/hu\/wp-json\/wp\/v2\/categories?post=4561"},{"taxonomy":"post_tag","embeddable":true,"href":"https:\/\/www.smedemokrati.sk\/hu\/wp-json\/wp\/v2\/tags?post=4561"}],"curies":[{"name":"wp","href":"https:\/\/api.w.org\/{rel}","templated":true}]}}