{"id":4353,"date":"2024-06-05T16:28:42","date_gmt":"2024-06-05T15:28:42","guid":{"rendered":"https:\/\/www.smedemokrati.sk\/?p=4353"},"modified":"2024-06-14T06:27:52","modified_gmt":"2024-06-14T05:27:52","slug":"dostanu-curillovci-rovnaku-ochranu-ako-vladni-politici","status":"publish","type":"post","link":"https:\/\/www.smedemokrati.sk\/hu\/dostanu-curillovci-rovnaku-ochranu-ako-vladni-politici\/","title":{"rendered":"Dostan\u00fa \u010curillovci rovnak\u00fa ochranu ako vl\u00e1dni politici?"},"content":{"rendered":"<div id=\"fb-root\"><\/div>\n\n<p><strong>Vzh\u013eadom na opakovan\u00e9 vyhl\u00e1senie ministra vn\u00fatra \u0160utaj E\u0161toka o nulovej tolerancii vo vz\u0165ahu k nen\u00e1vistn\u00fdm prejavom na soci\u00e1lnych sie\u0165ach d\u00e1va strana Demokrati do pozornosti ministrovi vn\u00fatra a policajn\u00e9mu prezidentovi Sol\u00e1kovi nen\u00e1vistn\u00e9 koment\u00e1re, ktor\u00fdmi sa vyhr\u00e1\u017eaj\u00fa fyzickou likvid\u00e1ciou vy\u0161etrovate\u013eom okolo J\u00e1na \u010curillu.&nbsp;<\/strong><\/p>\n\n\n\n<p><em>\u201eAk by nie\u010do tak\u00e9 nap\u00edsali p\u00e1novi \u0160utajovi E\u0161tokovi alebo Sol\u00e1kovi, \u010do by sa dialo? Okam\u017eite by zmobilizovali NAKA a zasiahli by. Dnes NAKA zasahuje aj kv\u00f4li menej agres\u00edvnym vyjadreniam. \u010curillovci si zasl\u00fa\u017eia ochranu.\u201d<\/em>\u00a0hovor\u00ed b\u00fdval\u00fd policajn\u00fd prezident \u0160tefan Hamran, kandid\u00e1t za stranu Demokrati do Eur\u00f3pskeho parlamentu.\u00a0<\/p>\n\n\n\n<p><em>\u201ePlat\u00ed z\u00e1kon pre v\u0161etk\u00fdch p\u00e1n \u0160utaj E\u0161tok? Ak \u00e1no, o\u010dak\u00e1vame, \u017ee budete chr\u00e1ni\u0165 aj \u010curillovcov. Alebo oni s\u00fa pre V\u00e1s ob\u010dania druhej kateg\u00f3rie? Preto\u017ee nen\u00e1vistn\u00e9 koment\u00e1re a vyhr\u00e1\u017eky, s\u00fa neprijate\u013en\u00e9 bez oh\u013eadu na to o koho ide.\u201d<\/em>\u00a0p\u00fdta sa podpredseda strany Demokrati Juraj \u0160eliga.\u00a0<\/p>\n\n\n\n<iframe src=\"https:\/\/www.facebook.com\/plugins\/video.php?href=https%3A%2F%2Fwww.facebook.com%2Fsmedemokrati2023%2Fvideos%2F1109149900161350%2F&#038;width=600&#038;show_text=false&#038;appId=361313990972954&#038;height=338\" width=\"600\" height=\"338\" style=\"border:none;overflow:hidden\" scrolling=\"no\" frameborder=\"0\" allowfullscreen=\"true\" allow=\"autoplay; clipboard-write; encrypted-media; picture-in-picture; web-share\" allowFullScreen=\"true\"><\/iframe>\n","protected":false},"excerpt":{"rendered":"<p>Vzh\u013eadom na opakovan\u00e9 vyhl\u00e1senie ministra vn\u00fatra \u0160utaj E\u0161toka o nulovej tolerancii vo vz\u0165ahu k nen\u00e1vistn\u00fdm prejavom na soci\u00e1lnych sie\u0165ach d\u00e1va strana Demokrati do pozornosti ministrovi vn\u00fatra a policajn\u00e9mu prezidentovi Sol\u00e1kovi nen\u00e1vistn\u00e9 koment\u00e1re, ktor\u00fdmi sa vyhr\u00e1\u017eaj\u00fa fyzickou likvid\u00e1ciou vy\u0161etrovate\u013eom okolo J\u00e1na \u010curillu.&nbsp; \u201eAk by nie\u010do tak\u00e9 nap\u00edsali p\u00e1novi \u0160utajovi E\u0161tokovi alebo Sol\u00e1kovi, \u010do by sa dialo? [&hellip;]<\/p>\n","protected":false},"author":13,"featured_media":4354,"comment_status":"closed","ping_status":"closed","sticky":false,"template":"","format":"standard","meta":{"_acf_changed":false,"ngg_post_thumbnail":0,"footnotes":""},"categories":[4],"tags":[],"class_list":["post-4353","post","type-post","status-publish","format-standard","has-post-thumbnail","hentry","category-tlacove-spravy"],"acf":[],"yoast_head":"<!-- This site is optimized with the Yoast SEO plugin v27.2 - https:\/\/yoast.com\/product\/yoast-seo-wordpress\/ -->\n<title>Dostan\u00fa \u010curillovci rovnak\u00fa ochranu ako vl\u00e1dni politici?<\/title>\n<meta name=\"robots\" content=\"index, follow, max-snippet:-1, max-image-preview:large, max-video-preview:-1\" \/>\n<link rel=\"canonical\" href=\"https:\/\/www.smedemokrati.sk\/hu\/dostanu-curillovci-rovnaku-ochranu-ako-vladni-politici\/\" \/>\n<meta property=\"og:locale\" content=\"hu_HU\" \/>\n<meta property=\"og:locale:alternate\" content=\"en_US\" \/>\n<meta property=\"og:locale:alternate\" content=\"cs_CZ\" \/>\n<meta property=\"og:locale:alternate\" content=\"sk_SK\" \/>\n<meta property=\"og:locale:alternate\" content=\"sv_SE\" \/>\n<meta property=\"og:type\" content=\"article\" \/>\n<meta property=\"og:title\" content=\"Dostan\u00fa \u010curillovci rovnak\u00fa ochranu ako vl\u00e1dni politici?\" \/>\n<meta property=\"og:description\" content=\"Vzh\u013eadom na opakovan\u00e9 vyhl\u00e1senie ministra vn\u00fatra \u0160utaj E\u0161toka o nulovej tolerancii vo vz\u0165ahu k nen\u00e1vistn\u00fdm prejavom na soci\u00e1lnych sie\u0165ach d\u00e1va strana Demokrati do pozornosti ministrovi vn\u00fatra a policajn\u00e9mu prezidentovi Sol\u00e1kovi nen\u00e1vistn\u00e9 koment\u00e1re, ktor\u00fdmi sa vyhr\u00e1\u017eaj\u00fa fyzickou likvid\u00e1ciou vy\u0161etrovate\u013eom okolo J\u00e1na \u010curillu.&nbsp; \u201eAk by nie\u010do tak\u00e9 nap\u00edsali p\u00e1novi \u0160utajovi E\u0161tokovi alebo Sol\u00e1kovi, \u010do by sa dialo? [&hellip;]\" \/>\n<meta property=\"og:url\" content=\"https:\/\/www.smedemokrati.sk\/hu\/dostanu-curillovci-rovnaku-ochranu-ako-vladni-politici\/\" \/>\n<meta property=\"og:site_name\" content=\"Smedemokrati.sk\" \/>\n<meta property=\"article:publisher\" content=\"https:\/\/www.facebook.com\/smedemokrati2023\" \/>\n<meta property=\"article:published_time\" content=\"2024-06-05T15:28:42+00:00\" \/>\n<meta property=\"article:modified_time\" content=\"2024-06-14T05:27:52+00:00\" \/>\n<meta property=\"og:image\" content=\"https:\/\/www.smedemokrati.sk\/wp-content\/uploads\/2024\/06\/curilovci-363.jpg\" \/>\n\t<meta property=\"og:image:width\" content=\"2123\" \/>\n\t<meta property=\"og:image:height\" content=\"1142\" \/>\n\t<meta property=\"og:image:type\" content=\"image\/jpeg\" \/>\n<meta name=\"author\" content=\"miro.sopko\" \/>\n<meta name=\"twitter:card\" content=\"summary_large_image\" \/>\n<meta name=\"twitter:label1\" content=\"Szerz\u0151:\" \/>\n\t<meta name=\"twitter:data1\" content=\"miro.sopko\" \/>\n\t<meta name=\"twitter:label2\" content=\"Becs\u00fclt olvas\u00e1si id\u0151\" \/>\n\t<meta name=\"twitter:data2\" content=\"1 perc\" \/>\n<script type=\"application\/ld+json\" class=\"yoast-schema-graph\">{\"@context\":\"https:\/\/schema.org\",\"@graph\":[{\"@type\":\"Article\",\"@id\":\"https:\/\/www.smedemokrati.sk\/dostanu-curillovci-rovnaku-ochranu-ako-vladni-politici\/#article\",\"isPartOf\":{\"@id\":\"https:\/\/www.smedemokrati.sk\/dostanu-curillovci-rovnaku-ochranu-ako-vladni-politici\/\"},\"author\":{\"name\":\"miro.sopko\",\"@id\":\"https:\/\/www.smedemokrati.sk\/#\/schema\/person\/21f147c88d605aa7ded900e1e7c344ba\"},\"headline\":\"Dostan\u00fa \u010curillovci rovnak\u00fa ochranu ako vl\u00e1dni politici?\",\"datePublished\":\"2024-06-05T15:28:42+00:00\",\"dateModified\":\"2024-06-14T05:27:52+00:00\",\"mainEntityOfPage\":{\"@id\":\"https:\/\/www.smedemokrati.sk\/dostanu-curillovci-rovnaku-ochranu-ako-vladni-politici\/\"},\"wordCount\":193,\"publisher\":{\"@id\":\"https:\/\/www.smedemokrati.sk\/#organization\"},\"image\":{\"@id\":\"https:\/\/www.smedemokrati.sk\/dostanu-curillovci-rovnaku-ochranu-ako-vladni-politici\/#primaryimage\"},\"thumbnailUrl\":\"https:\/\/www.smedemokrati.sk\/wp-content\/uploads\/2024\/06\/curilovci-363.jpg\",\"articleSection\":[\"Tla\u010dov\u00e9 spr\u00e1vy\"],\"inLanguage\":\"hu-HU\"},{\"@type\":\"WebPage\",\"@id\":\"https:\/\/www.smedemokrati.sk\/dostanu-curillovci-rovnaku-ochranu-ako-vladni-politici\/\",\"url\":\"https:\/\/www.smedemokrati.sk\/dostanu-curillovci-rovnaku-ochranu-ako-vladni-politici\/\",\"name\":\"Dostan\u00fa \u010curillovci rovnak\u00fa ochranu ako vl\u00e1dni politici?\",\"isPartOf\":{\"@id\":\"https:\/\/www.smedemokrati.sk\/#website\"},\"primaryImageOfPage\":{\"@id\":\"https:\/\/www.smedemokrati.sk\/dostanu-curillovci-rovnaku-ochranu-ako-vladni-politici\/#primaryimage\"},\"image\":{\"@id\":\"https:\/\/www.smedemokrati.sk\/dostanu-curillovci-rovnaku-ochranu-ako-vladni-politici\/#primaryimage\"},\"thumbnailUrl\":\"https:\/\/www.smedemokrati.sk\/wp-content\/uploads\/2024\/06\/curilovci-363.jpg\",\"datePublished\":\"2024-06-05T15:28:42+00:00\",\"dateModified\":\"2024-06-14T05:27:52+00:00\",\"breadcrumb\":{\"@id\":\"https:\/\/www.smedemokrati.sk\/dostanu-curillovci-rovnaku-ochranu-ako-vladni-politici\/#breadcrumb\"},\"inLanguage\":\"hu-HU\",\"potentialAction\":[{\"@type\":\"ReadAction\",\"target\":[\"https:\/\/www.smedemokrati.sk\/dostanu-curillovci-rovnaku-ochranu-ako-vladni-politici\/\"]}]},{\"@type\":\"ImageObject\",\"inLanguage\":\"hu-HU\",\"@id\":\"https:\/\/www.smedemokrati.sk\/dostanu-curillovci-rovnaku-ochranu-ako-vladni-politici\/#primaryimage\",\"url\":\"https:\/\/www.smedemokrati.sk\/wp-content\/uploads\/2024\/06\/curilovci-363.jpg\",\"contentUrl\":\"https:\/\/www.smedemokrati.sk\/wp-content\/uploads\/2024\/06\/curilovci-363.jpg\",\"width\":2123,\"height\":1142},{\"@type\":\"BreadcrumbList\",\"@id\":\"https:\/\/www.smedemokrati.sk\/dostanu-curillovci-rovnaku-ochranu-ako-vladni-politici\/#breadcrumb\",\"itemListElement\":[{\"@type\":\"ListItem\",\"position\":1,\"name\":\"Domovsk\u00e1 str\u00e1nka\",\"item\":\"https:\/\/www.smedemokrati.sk\/\"},{\"@type\":\"ListItem\",\"position\":2,\"name\":\"Dostan\u00fa \u010curillovci rovnak\u00fa ochranu ako vl\u00e1dni politici?\"}]},{\"@type\":\"WebSite\",\"@id\":\"https:\/\/www.smedemokrati.sk\/#website\",\"url\":\"https:\/\/www.smedemokrati.sk\/\",\"name\":\"Smedemokrati.sk\",\"description\":\"Demokracia a slu\u0161nos\u0165 zv\u00ed\u0165az\u00ed\",\"publisher\":{\"@id\":\"https:\/\/www.smedemokrati.sk\/#organization\"},\"potentialAction\":[{\"@type\":\"SearchAction\",\"target\":{\"@type\":\"EntryPoint\",\"urlTemplate\":\"https:\/\/www.smedemokrati.sk\/?s={search_term_string}\"},\"query-input\":{\"@type\":\"PropertyValueSpecification\",\"valueRequired\":true,\"valueName\":\"search_term_string\"}}],\"inLanguage\":\"hu-HU\"},{\"@type\":\"Organization\",\"@id\":\"https:\/\/www.smedemokrati.sk\/#organization\",\"name\":\"Smedemokrati.sk\",\"url\":\"https:\/\/www.smedemokrati.sk\/\",\"logo\":{\"@type\":\"ImageObject\",\"inLanguage\":\"hu-HU\",\"@id\":\"https:\/\/www.smedemokrati.sk\/#\/schema\/logo\/image\/\",\"url\":\"https:\/\/www.smedemokrati.sk\/wp-content\/uploads\/2023\/04\/ff.002.jpeg\",\"contentUrl\":\"https:\/\/www.smedemokrati.sk\/wp-content\/uploads\/2023\/04\/ff.002.jpeg\",\"width\":640,\"height\":480,\"caption\":\"Smedemokrati.sk\"},\"image\":{\"@id\":\"https:\/\/www.smedemokrati.sk\/#\/schema\/logo\/image\/\"},\"sameAs\":[\"https:\/\/www.facebook.com\/smedemokrati2023\"]},{\"@type\":\"Person\",\"@id\":\"https:\/\/www.smedemokrati.sk\/#\/schema\/person\/21f147c88d605aa7ded900e1e7c344ba\",\"name\":\"miro.sopko\",\"image\":{\"@type\":\"ImageObject\",\"inLanguage\":\"hu-HU\",\"@id\":\"https:\/\/secure.gravatar.com\/avatar\/267e4a36f704376c109afe3a78740c1f5dd8675a2180a908699e7863c9247606?s=96&d=mm&r=g\",\"url\":\"https:\/\/secure.gravatar.com\/avatar\/267e4a36f704376c109afe3a78740c1f5dd8675a2180a908699e7863c9247606?s=96&d=mm&r=g\",\"contentUrl\":\"https:\/\/secure.gravatar.com\/avatar\/267e4a36f704376c109afe3a78740c1f5dd8675a2180a908699e7863c9247606?s=96&d=mm&r=g\",\"caption\":\"miro.sopko\"},\"url\":\"https:\/\/www.smedemokrati.sk\/hu\/author\/miro-sopko\/\"}]}<\/script>\n<!-- \/ Yoast SEO plugin. -->","yoast_head_json":{"title":"Dostan\u00fa \u010curillovci rovnak\u00fa ochranu ako vl\u00e1dni politici?","robots":{"index":"index","follow":"follow","max-snippet":"max-snippet:-1","max-image-preview":"max-image-preview:large","max-video-preview":"max-video-preview:-1"},"canonical":"https:\/\/www.smedemokrati.sk\/hu\/dostanu-curillovci-rovnaku-ochranu-ako-vladni-politici\/","og_locale":"hu_HU","og_type":"article","og_title":"[:sk]Dostan\u00fa \u010curillovci rovnak\u00fa ochranu ako vl\u00e1dni politici?[:] - Smedemokrati.sk","og_description":"Vzh\u013eadom na opakovan\u00e9 vyhl\u00e1senie ministra vn\u00fatra \u0160utaj E\u0161toka o nulovej tolerancii vo vz\u0165ahu k nen\u00e1vistn\u00fdm prejavom na soci\u00e1lnych sie\u0165ach d\u00e1va strana Demokrati do pozornosti ministrovi vn\u00fatra a policajn\u00e9mu prezidentovi Sol\u00e1kovi nen\u00e1vistn\u00e9 koment\u00e1re, ktor\u00fdmi sa vyhr\u00e1\u017eaj\u00fa fyzickou likvid\u00e1ciou vy\u0161etrovate\u013eom okolo J\u00e1na \u010curillu.&nbsp; \u201eAk by nie\u010do tak\u00e9 nap\u00edsali p\u00e1novi \u0160utajovi E\u0161tokovi alebo Sol\u00e1kovi, \u010do by sa dialo? [&hellip;]","og_url":"https:\/\/www.smedemokrati.sk\/hu\/dostanu-curillovci-rovnaku-ochranu-ako-vladni-politici\/","og_site_name":"Smedemokrati.sk","article_publisher":"https:\/\/www.facebook.com\/smedemokrati2023","article_published_time":"2024-06-05T15:28:42+00:00","article_modified_time":"2024-06-14T05:27:52+00:00","og_image":[{"width":2123,"height":1142,"url":"https:\/\/www.smedemokrati.sk\/wp-content\/uploads\/2024\/06\/curilovci-363.jpg","type":"image\/jpeg"}],"author":"miro.sopko","twitter_card":"summary_large_image","twitter_misc":{"Szerz\u0151:":"miro.sopko","Becs\u00fclt olvas\u00e1si id\u0151":"1 perc"},"schema":{"@context":"https:\/\/schema.org","@graph":[{"@type":"Article","@id":"https:\/\/www.smedemokrati.sk\/dostanu-curillovci-rovnaku-ochranu-ako-vladni-politici\/#article","isPartOf":{"@id":"https:\/\/www.smedemokrati.sk\/dostanu-curillovci-rovnaku-ochranu-ako-vladni-politici\/"},"author":{"name":"miro.sopko","@id":"https:\/\/www.smedemokrati.sk\/#\/schema\/person\/21f147c88d605aa7ded900e1e7c344ba"},"headline":"Dostan\u00fa \u010curillovci rovnak\u00fa ochranu ako vl\u00e1dni politici?","datePublished":"2024-06-05T15:28:42+00:00","dateModified":"2024-06-14T05:27:52+00:00","mainEntityOfPage":{"@id":"https:\/\/www.smedemokrati.sk\/dostanu-curillovci-rovnaku-ochranu-ako-vladni-politici\/"},"wordCount":193,"publisher":{"@id":"https:\/\/www.smedemokrati.sk\/#organization"},"image":{"@id":"https:\/\/www.smedemokrati.sk\/dostanu-curillovci-rovnaku-ochranu-ako-vladni-politici\/#primaryimage"},"thumbnailUrl":"https:\/\/www.smedemokrati.sk\/wp-content\/uploads\/2024\/06\/curilovci-363.jpg","articleSection":["Tla\u010dov\u00e9 spr\u00e1vy"],"inLanguage":"hu-HU"},{"@type":"WebPage","@id":"https:\/\/www.smedemokrati.sk\/dostanu-curillovci-rovnaku-ochranu-ako-vladni-politici\/","url":"https:\/\/www.smedemokrati.sk\/dostanu-curillovci-rovnaku-ochranu-ako-vladni-politici\/","name":"Dostan\u00fa \u010curillovci rovnak\u00fa ochranu ako vl\u00e1dni politici?","isPartOf":{"@id":"https:\/\/www.smedemokrati.sk\/#website"},"primaryImageOfPage":{"@id":"https:\/\/www.smedemokrati.sk\/dostanu-curillovci-rovnaku-ochranu-ako-vladni-politici\/#primaryimage"},"image":{"@id":"https:\/\/www.smedemokrati.sk\/dostanu-curillovci-rovnaku-ochranu-ako-vladni-politici\/#primaryimage"},"thumbnailUrl":"https:\/\/www.smedemokrati.sk\/wp-content\/uploads\/2024\/06\/curilovci-363.jpg","datePublished":"2024-06-05T15:28:42+00:00","dateModified":"2024-06-14T05:27:52+00:00","breadcrumb":{"@id":"https:\/\/www.smedemokrati.sk\/dostanu-curillovci-rovnaku-ochranu-ako-vladni-politici\/#breadcrumb"},"inLanguage":"hu-HU","potentialAction":[{"@type":"ReadAction","target":["https:\/\/www.smedemokrati.sk\/dostanu-curillovci-rovnaku-ochranu-ako-vladni-politici\/"]}]},{"@type":"ImageObject","inLanguage":"hu-HU","@id":"https:\/\/www.smedemokrati.sk\/dostanu-curillovci-rovnaku-ochranu-ako-vladni-politici\/#primaryimage","url":"https:\/\/www.smedemokrati.sk\/wp-content\/uploads\/2024\/06\/curilovci-363.jpg","contentUrl":"https:\/\/www.smedemokrati.sk\/wp-content\/uploads\/2024\/06\/curilovci-363.jpg","width":2123,"height":1142},{"@type":"BreadcrumbList","@id":"https:\/\/www.smedemokrati.sk\/dostanu-curillovci-rovnaku-ochranu-ako-vladni-politici\/#breadcrumb","itemListElement":[{"@type":"ListItem","position":1,"name":"Domovsk\u00e1 str\u00e1nka","item":"https:\/\/www.smedemokrati.sk\/"},{"@type":"ListItem","position":2,"name":"Dostan\u00fa \u010curillovci rovnak\u00fa ochranu ako vl\u00e1dni politici?"}]},{"@type":"WebSite","@id":"https:\/\/www.smedemokrati.sk\/#website","url":"https:\/\/www.smedemokrati.sk\/","name":"Smedemokrati.sk","description":"Demokracia a slu\u0161nos\u0165 zv\u00ed\u0165az\u00ed","publisher":{"@id":"https:\/\/www.smedemokrati.sk\/#organization"},"potentialAction":[{"@type":"SearchAction","target":{"@type":"EntryPoint","urlTemplate":"https:\/\/www.smedemokrati.sk\/?s={search_term_string}"},"query-input":{"@type":"PropertyValueSpecification","valueRequired":true,"valueName":"search_term_string"}}],"inLanguage":"hu-HU"},{"@type":"Organization","@id":"https:\/\/www.smedemokrati.sk\/#organization","name":"Smedemokrati.sk","url":"https:\/\/www.smedemokrati.sk\/","logo":{"@type":"ImageObject","inLanguage":"hu-HU","@id":"https:\/\/www.smedemokrati.sk\/#\/schema\/logo\/image\/","url":"https:\/\/www.smedemokrati.sk\/wp-content\/uploads\/2023\/04\/ff.002.jpeg","contentUrl":"https:\/\/www.smedemokrati.sk\/wp-content\/uploads\/2023\/04\/ff.002.jpeg","width":640,"height":480,"caption":"Smedemokrati.sk"},"image":{"@id":"https:\/\/www.smedemokrati.sk\/#\/schema\/logo\/image\/"},"sameAs":["https:\/\/www.facebook.com\/smedemokrati2023"]},{"@type":"Person","@id":"https:\/\/www.smedemokrati.sk\/#\/schema\/person\/21f147c88d605aa7ded900e1e7c344ba","name":"miro.sopko","image":{"@type":"ImageObject","inLanguage":"hu-HU","@id":"https:\/\/secure.gravatar.com\/avatar\/267e4a36f704376c109afe3a78740c1f5dd8675a2180a908699e7863c9247606?s=96&d=mm&r=g","url":"https:\/\/secure.gravatar.com\/avatar\/267e4a36f704376c109afe3a78740c1f5dd8675a2180a908699e7863c9247606?s=96&d=mm&r=g","contentUrl":"https:\/\/secure.gravatar.com\/avatar\/267e4a36f704376c109afe3a78740c1f5dd8675a2180a908699e7863c9247606?s=96&d=mm&r=g","caption":"miro.sopko"},"url":"https:\/\/www.smedemokrati.sk\/hu\/author\/miro-sopko\/"}]}},"_links":{"self":[{"href":"https:\/\/www.smedemokrati.sk\/hu\/wp-json\/wp\/v2\/posts\/4353","targetHints":{"allow":["GET"]}}],"collection":[{"href":"https:\/\/www.smedemokrati.sk\/hu\/wp-json\/wp\/v2\/posts"}],"about":[{"href":"https:\/\/www.smedemokrati.sk\/hu\/wp-json\/wp\/v2\/types\/post"}],"author":[{"embeddable":true,"href":"https:\/\/www.smedemokrati.sk\/hu\/wp-json\/wp\/v2\/users\/13"}],"replies":[{"embeddable":true,"href":"https:\/\/www.smedemokrati.sk\/hu\/wp-json\/wp\/v2\/comments?post=4353"}],"version-history":[{"count":1,"href":"https:\/\/www.smedemokrati.sk\/hu\/wp-json\/wp\/v2\/posts\/4353\/revisions"}],"predecessor-version":[{"id":4355,"href":"https:\/\/www.smedemokrati.sk\/hu\/wp-json\/wp\/v2\/posts\/4353\/revisions\/4355"}],"wp:featuredmedia":[{"embeddable":true,"href":"https:\/\/www.smedemokrati.sk\/hu\/wp-json\/wp\/v2\/media\/4354"}],"wp:attachment":[{"href":"https:\/\/www.smedemokrati.sk\/hu\/wp-json\/wp\/v2\/media?parent=4353"}],"wp:term":[{"taxonomy":"category","embeddable":true,"href":"https:\/\/www.smedemokrati.sk\/hu\/wp-json\/wp\/v2\/categories?post=4353"},{"taxonomy":"post_tag","embeddable":true,"href":"https:\/\/www.smedemokrati.sk\/hu\/wp-json\/wp\/v2\/tags?post=4353"}],"curies":[{"name":"wp","href":"https:\/\/api.w.org\/{rel}","templated":true}]}}