{"id":4211,"date":"2024-05-24T11:20:03","date_gmt":"2024-05-24T10:20:03","guid":{"rendered":"https:\/\/www.smedemokrati.sk\/?p=4211"},"modified":"2024-06-03T19:43:32","modified_gmt":"2024-06-03T18:43:32","slug":"lubos-blaha-je-majster-sveta-za-klavesnicou-ked-ma-prist-vypovedat-pred-sud-je-zalezeny","status":"publish","type":"post","link":"https:\/\/www.smedemokrati.sk\/hu\/lubos-blaha-je-majster-sveta-za-klavesnicou-ked-ma-prist-vypovedat-pred-sud-je-zalezeny\/","title":{"rendered":"\u013dubo\u0161 Blaha je majster sveta za kl\u00e1vesnicou, ke\u010f m\u00e1 pr\u00eds\u0165 vypoveda\u0165 pred s\u00fad, je zalezen\u00fd"},"content":{"rendered":"<div id=\"fb-root\"><\/div>\n\n<p><strong>Dne\u0161n\u00e9 (24. m\u00e1j 2024) pojedn\u00e1vanie vo veci civilnej \u017ealoby Jaroslava Na\u010fa na poslanca Smeru \u013dubo\u0161a Blahu bolo odro\u010den\u00e9. D\u00f4vodom boli ak\u00fatne zdravotn\u00e9 \u0165a\u017ekosti pr\u00e1vneho z\u00e1stupcu poslanca Blahu. Predseda Demokratov na\u010falej trv\u00e1 na tom, aby poslanec pred s\u00fadom vysvet\u013eoval kriv\u00e9 obvinenia z vlastizrady.&nbsp;<\/strong><\/p>\n\n\n\n<p>Exminister obrany hovor\u00ed, \u017ee ho ne\u00fa\u010das\u0165 poslanca na pojedn\u00e1van\u00ed neprekvapuje:&nbsp;<em><em><em>\u201e<\/em><\/em>Ne\u010dakal som, \u017ee by sa p\u00e1n poslanec vybral inou cestou. O\u010dak\u00e1vam, \u017ee tak\u00e9to prie\u0165ahy bud\u00fa pokra\u010dova\u0165 aj na\u010falej. Dnes to bol zdravotn\u00fd stav pr\u00e1vneho z\u00e1stupcu, predt\u00fdm nevyhovoval term\u00edn, ale ja som trpezliv\u00fd a r\u00e1d sa s p\u00e1nom poslancom stretnem v kon\u0161trukt\u00edvnej a slu\u0161nej diskusii, navy\u0161e pod pr\u00edsahou, \u017ee obaja budeme hovori\u0165 pravdu. Asi pr\u00e1ve toho sa p\u00e1n Blaha boj\u00ed.\u201d&nbsp;<\/em>Hovor\u00ed Na\u010f a pod\u010diarkuje, \u017ee toto je u\u017e druh\u00fdkr\u00e1t, \u010do sa poslanec Blaha vo veci vyh\u00fdba v\u00fdpovede pred s\u00fadom.<\/p>\n\n\n\n<p><em><em><em>\u201e<\/em><\/em>Tu vid\u00edme to falo\u0161n\u00e9 hrdinstvo. Ke\u010f som pred dvomi rokmi pod\u00e1val \u017ealobu, p\u00e1n Blaha mi nech\u00e1val odkazova\u0165, \u017ee ma na s\u00fade rozoberanie na \u0161roubiky a ke\u010f m\u00e1 t\u00fa mo\u017enos\u0165 urobi\u0165 to, nepr\u00edde. Asi toto s\u00fa t\u00ed majstri sveta za kl\u00e1vesnicou, ktor\u00fdch u\u017e p\u00e1r dn\u00ed vytrvalo kritizuje aj minister \u0160utaj E\u0161tok a vyz\u00fdva ich, aby prestali burcova\u0165 a frajerova\u0165 doma na soci\u00e1lnych sie\u0165ach.\u201d<\/em>&nbsp;Uzatv\u00e1ra Na\u010f.<\/p>\n\n\n\n<p>Jaroslav Na\u010f&nbsp;sa \u017ealobou dom\u00e1ha s\u00fadneho potvrdenia neopr\u00e1vnen\u00e9ho z\u00e1sahu do dobrej povesti, verejn\u00e9 ospravedlnenie a odstr\u00e1nenie z verejn\u00e9ho priestoru v\u0161etk\u00fdch statusov, vide\u00ed a in\u00fdch z\u00e1znamov, v ktor\u00fdch ho poslanec krivo obvinil z vlastizrady. Tieto kriv\u00e9 obvinenia s\u00fa z obdobia schva\u013eovania Obrannej dohody s USA, ktor\u00e1 je dnes pod\u013ea predstavite\u013eov SMERu vyv\u00e1\u017een\u00e1 a nebud\u00fa meni\u0165 jej obsah.&nbsp;<\/p>\n\n\n\n<p>\u010eal\u0161ie pojedn\u00e1vanie je odro\u010den\u00e9 na 12. j\u00fana 2024.<\/p>\n\n\n\n<iframe src=\"https:\/\/www.facebook.com\/plugins\/video.php?href=https%3A%2F%2Fwww.facebook.com%2FJaroNadPublic%2Fvideos%2F1404987550208652%2F&#038;width=600&#038;show_text=false&#038;appId=361313990972954&#038;height=338\" width=\"600\" height=\"338\" style=\"border:none;overflow:hidden\" scrolling=\"no\" frameborder=\"0\" allowfullscreen=\"true\" allow=\"autoplay; clipboard-write; encrypted-media; picture-in-picture; web-share\" allowFullScreen=\"true\"><\/iframe>\n","protected":false},"excerpt":{"rendered":"<p>Dne\u0161n\u00e9 (24. m\u00e1j 2024) pojedn\u00e1vanie vo veci civilnej \u017ealoby Jaroslava Na\u010fa na poslanca Smeru \u013dubo\u0161a Blahu bolo odro\u010den\u00e9. D\u00f4vodom boli ak\u00fatne zdravotn\u00e9 \u0165a\u017ekosti pr\u00e1vneho z\u00e1stupcu poslanca Blahu. Predseda Demokratov na\u010falej trv\u00e1 na tom, aby poslanec pred s\u00fadom vysvet\u013eoval kriv\u00e9 obvinenia z vlastizrady.&nbsp; Exminister obrany hovor\u00ed, \u017ee ho ne\u00fa\u010das\u0165 poslanca na pojedn\u00e1van\u00ed neprekvapuje:&nbsp;\u201eNe\u010dakal som, \u017ee by [&hellip;]<\/p>\n","protected":false},"author":13,"featured_media":4212,"comment_status":"closed","ping_status":"closed","sticky":false,"template":"","format":"standard","meta":{"_acf_changed":false,"ngg_post_thumbnail":0,"footnotes":""},"categories":[4],"tags":[],"class_list":["post-4211","post","type-post","status-publish","format-standard","has-post-thumbnail","hentry","category-tlacove-spravy"],"acf":[],"yoast_head":"<!-- This site is optimized with the Yoast SEO plugin v27.2 - https:\/\/yoast.com\/product\/yoast-seo-wordpress\/ -->\n<title>\u013dubo\u0161 Blaha je majster sveta za kl\u00e1vesnicou, ke\u010f m\u00e1 pr\u00eds\u0165 vypoveda\u0165 pred s\u00fad, je zalezen\u00fd<\/title>\n<meta name=\"robots\" content=\"index, follow, max-snippet:-1, max-image-preview:large, max-video-preview:-1\" \/>\n<link rel=\"canonical\" href=\"https:\/\/www.smedemokrati.sk\/hu\/lubos-blaha-je-majster-sveta-za-klavesnicou-ked-ma-prist-vypovedat-pred-sud-je-zalezeny\/\" \/>\n<meta property=\"og:locale\" content=\"hu_HU\" \/>\n<meta property=\"og:locale:alternate\" content=\"en_US\" \/>\n<meta property=\"og:locale:alternate\" content=\"cs_CZ\" \/>\n<meta property=\"og:locale:alternate\" content=\"sk_SK\" \/>\n<meta property=\"og:locale:alternate\" content=\"sv_SE\" \/>\n<meta property=\"og:type\" content=\"article\" \/>\n<meta property=\"og:title\" content=\"\u013dubo\u0161 Blaha je majster sveta za kl\u00e1vesnicou, ke\u010f m\u00e1 pr\u00eds\u0165 vypoveda\u0165 pred s\u00fad, je zalezen\u00fd\" \/>\n<meta property=\"og:description\" content=\"Dne\u0161n\u00e9 (24. m\u00e1j 2024) pojedn\u00e1vanie vo veci civilnej \u017ealoby Jaroslava Na\u010fa na poslanca Smeru \u013dubo\u0161a Blahu bolo odro\u010den\u00e9. D\u00f4vodom boli ak\u00fatne zdravotn\u00e9 \u0165a\u017ekosti pr\u00e1vneho z\u00e1stupcu poslanca Blahu. Predseda Demokratov na\u010falej trv\u00e1 na tom, aby poslanec pred s\u00fadom vysvet\u013eoval kriv\u00e9 obvinenia z vlastizrady.&nbsp; Exminister obrany hovor\u00ed, \u017ee ho ne\u00fa\u010das\u0165 poslanca na pojedn\u00e1van\u00ed neprekvapuje:&nbsp;\u201eNe\u010dakal som, \u017ee by [&hellip;]\" \/>\n<meta property=\"og:url\" content=\"https:\/\/www.smedemokrati.sk\/hu\/lubos-blaha-je-majster-sveta-za-klavesnicou-ked-ma-prist-vypovedat-pred-sud-je-zalezeny\/\" \/>\n<meta property=\"og:site_name\" content=\"Smedemokrati.sk\" \/>\n<meta property=\"article:publisher\" content=\"https:\/\/www.facebook.com\/smedemokrati2023\" \/>\n<meta property=\"article:published_time\" content=\"2024-05-24T10:20:03+00:00\" \/>\n<meta property=\"article:modified_time\" content=\"2024-06-03T18:43:32+00:00\" \/>\n<meta property=\"og:image\" content=\"https:\/\/www.smedemokrati.sk\/wp-content\/uploads\/2024\/05\/image0-1-scaled-e1716545927126.jpeg\" \/>\n\t<meta property=\"og:image:width\" content=\"1920\" \/>\n\t<meta property=\"og:image:height\" content=\"1920\" \/>\n\t<meta property=\"og:image:type\" content=\"image\/jpeg\" \/>\n<meta name=\"author\" content=\"miro.sopko\" \/>\n<meta name=\"twitter:card\" content=\"summary_large_image\" \/>\n<meta name=\"twitter:label1\" content=\"Szerz\u0151:\" \/>\n\t<meta name=\"twitter:data1\" content=\"miro.sopko\" \/>\n\t<meta name=\"twitter:label2\" content=\"Becs\u00fclt olvas\u00e1si id\u0151\" \/>\n\t<meta name=\"twitter:data2\" content=\"2 perc\" \/>\n<script type=\"application\/ld+json\" class=\"yoast-schema-graph\">{\"@context\":\"https:\/\/schema.org\",\"@graph\":[{\"@type\":\"Article\",\"@id\":\"https:\/\/www.smedemokrati.sk\/lubos-blaha-je-majster-sveta-za-klavesnicou-ked-ma-prist-vypovedat-pred-sud-je-zalezeny\/#article\",\"isPartOf\":{\"@id\":\"https:\/\/www.smedemokrati.sk\/lubos-blaha-je-majster-sveta-za-klavesnicou-ked-ma-prist-vypovedat-pred-sud-je-zalezeny\/\"},\"author\":{\"name\":\"miro.sopko\",\"@id\":\"https:\/\/www.smedemokrati.sk\/#\/schema\/person\/21f147c88d605aa7ded900e1e7c344ba\"},\"headline\":\"\u013dubo\u0161 Blaha je majster sveta za kl\u00e1vesnicou, ke\u010f m\u00e1 pr\u00eds\u0165 vypoveda\u0165 pred s\u00fad, je zalezen\u00fd\",\"datePublished\":\"2024-05-24T10:20:03+00:00\",\"dateModified\":\"2024-06-03T18:43:32+00:00\",\"mainEntityOfPage\":{\"@id\":\"https:\/\/www.smedemokrati.sk\/lubos-blaha-je-majster-sveta-za-klavesnicou-ked-ma-prist-vypovedat-pred-sud-je-zalezeny\/\"},\"wordCount\":359,\"publisher\":{\"@id\":\"https:\/\/www.smedemokrati.sk\/#organization\"},\"image\":{\"@id\":\"https:\/\/www.smedemokrati.sk\/lubos-blaha-je-majster-sveta-za-klavesnicou-ked-ma-prist-vypovedat-pred-sud-je-zalezeny\/#primaryimage\"},\"thumbnailUrl\":\"https:\/\/www.smedemokrati.sk\/wp-content\/uploads\/2024\/05\/image0-1-scaled-e1716545927126.jpeg\",\"articleSection\":[\"Tla\u010dov\u00e9 spr\u00e1vy\"],\"inLanguage\":\"hu-HU\"},{\"@type\":\"WebPage\",\"@id\":\"https:\/\/www.smedemokrati.sk\/lubos-blaha-je-majster-sveta-za-klavesnicou-ked-ma-prist-vypovedat-pred-sud-je-zalezeny\/\",\"url\":\"https:\/\/www.smedemokrati.sk\/lubos-blaha-je-majster-sveta-za-klavesnicou-ked-ma-prist-vypovedat-pred-sud-je-zalezeny\/\",\"name\":\"\u013dubo\u0161 Blaha je majster sveta za kl\u00e1vesnicou, ke\u010f m\u00e1 pr\u00eds\u0165 vypoveda\u0165 pred s\u00fad, je zalezen\u00fd\",\"isPartOf\":{\"@id\":\"https:\/\/www.smedemokrati.sk\/#website\"},\"primaryImageOfPage\":{\"@id\":\"https:\/\/www.smedemokrati.sk\/lubos-blaha-je-majster-sveta-za-klavesnicou-ked-ma-prist-vypovedat-pred-sud-je-zalezeny\/#primaryimage\"},\"image\":{\"@id\":\"https:\/\/www.smedemokrati.sk\/lubos-blaha-je-majster-sveta-za-klavesnicou-ked-ma-prist-vypovedat-pred-sud-je-zalezeny\/#primaryimage\"},\"thumbnailUrl\":\"https:\/\/www.smedemokrati.sk\/wp-content\/uploads\/2024\/05\/image0-1-scaled-e1716545927126.jpeg\",\"datePublished\":\"2024-05-24T10:20:03+00:00\",\"dateModified\":\"2024-06-03T18:43:32+00:00\",\"breadcrumb\":{\"@id\":\"https:\/\/www.smedemokrati.sk\/lubos-blaha-je-majster-sveta-za-klavesnicou-ked-ma-prist-vypovedat-pred-sud-je-zalezeny\/#breadcrumb\"},\"inLanguage\":\"hu-HU\",\"potentialAction\":[{\"@type\":\"ReadAction\",\"target\":[\"https:\/\/www.smedemokrati.sk\/lubos-blaha-je-majster-sveta-za-klavesnicou-ked-ma-prist-vypovedat-pred-sud-je-zalezeny\/\"]}]},{\"@type\":\"ImageObject\",\"inLanguage\":\"hu-HU\",\"@id\":\"https:\/\/www.smedemokrati.sk\/lubos-blaha-je-majster-sveta-za-klavesnicou-ked-ma-prist-vypovedat-pred-sud-je-zalezeny\/#primaryimage\",\"url\":\"https:\/\/www.smedemokrati.sk\/wp-content\/uploads\/2024\/05\/image0-1-scaled-e1716545927126.jpeg\",\"contentUrl\":\"https:\/\/www.smedemokrati.sk\/wp-content\/uploads\/2024\/05\/image0-1-scaled-e1716545927126.jpeg\",\"width\":1920,\"height\":1920},{\"@type\":\"BreadcrumbList\",\"@id\":\"https:\/\/www.smedemokrati.sk\/lubos-blaha-je-majster-sveta-za-klavesnicou-ked-ma-prist-vypovedat-pred-sud-je-zalezeny\/#breadcrumb\",\"itemListElement\":[{\"@type\":\"ListItem\",\"position\":1,\"name\":\"Domovsk\u00e1 str\u00e1nka\",\"item\":\"https:\/\/www.smedemokrati.sk\/\"},{\"@type\":\"ListItem\",\"position\":2,\"name\":\"\u013dubo\u0161 Blaha je majster sveta za kl\u00e1vesnicou, ke\u010f m\u00e1 pr\u00eds\u0165 vypoveda\u0165 pred s\u00fad, je zalezen\u00fd\"}]},{\"@type\":\"WebSite\",\"@id\":\"https:\/\/www.smedemokrati.sk\/#website\",\"url\":\"https:\/\/www.smedemokrati.sk\/\",\"name\":\"Smedemokrati.sk\",\"description\":\"Demokracia a slu\u0161nos\u0165 zv\u00ed\u0165az\u00ed\",\"publisher\":{\"@id\":\"https:\/\/www.smedemokrati.sk\/#organization\"},\"potentialAction\":[{\"@type\":\"SearchAction\",\"target\":{\"@type\":\"EntryPoint\",\"urlTemplate\":\"https:\/\/www.smedemokrati.sk\/?s={search_term_string}\"},\"query-input\":{\"@type\":\"PropertyValueSpecification\",\"valueRequired\":true,\"valueName\":\"search_term_string\"}}],\"inLanguage\":\"hu-HU\"},{\"@type\":\"Organization\",\"@id\":\"https:\/\/www.smedemokrati.sk\/#organization\",\"name\":\"Smedemokrati.sk\",\"url\":\"https:\/\/www.smedemokrati.sk\/\",\"logo\":{\"@type\":\"ImageObject\",\"inLanguage\":\"hu-HU\",\"@id\":\"https:\/\/www.smedemokrati.sk\/#\/schema\/logo\/image\/\",\"url\":\"https:\/\/www.smedemokrati.sk\/wp-content\/uploads\/2023\/04\/ff.002.jpeg\",\"contentUrl\":\"https:\/\/www.smedemokrati.sk\/wp-content\/uploads\/2023\/04\/ff.002.jpeg\",\"width\":640,\"height\":480,\"caption\":\"Smedemokrati.sk\"},\"image\":{\"@id\":\"https:\/\/www.smedemokrati.sk\/#\/schema\/logo\/image\/\"},\"sameAs\":[\"https:\/\/www.facebook.com\/smedemokrati2023\"]},{\"@type\":\"Person\",\"@id\":\"https:\/\/www.smedemokrati.sk\/#\/schema\/person\/21f147c88d605aa7ded900e1e7c344ba\",\"name\":\"miro.sopko\",\"image\":{\"@type\":\"ImageObject\",\"inLanguage\":\"hu-HU\",\"@id\":\"https:\/\/secure.gravatar.com\/avatar\/267e4a36f704376c109afe3a78740c1f5dd8675a2180a908699e7863c9247606?s=96&d=mm&r=g\",\"url\":\"https:\/\/secure.gravatar.com\/avatar\/267e4a36f704376c109afe3a78740c1f5dd8675a2180a908699e7863c9247606?s=96&d=mm&r=g\",\"contentUrl\":\"https:\/\/secure.gravatar.com\/avatar\/267e4a36f704376c109afe3a78740c1f5dd8675a2180a908699e7863c9247606?s=96&d=mm&r=g\",\"caption\":\"miro.sopko\"},\"url\":\"https:\/\/www.smedemokrati.sk\/hu\/author\/miro-sopko\/\"}]}<\/script>\n<!-- \/ Yoast SEO plugin. -->","yoast_head_json":{"title":"\u013dubo\u0161 Blaha je majster sveta za kl\u00e1vesnicou, ke\u010f m\u00e1 pr\u00eds\u0165 vypoveda\u0165 pred s\u00fad, je zalezen\u00fd","robots":{"index":"index","follow":"follow","max-snippet":"max-snippet:-1","max-image-preview":"max-image-preview:large","max-video-preview":"max-video-preview:-1"},"canonical":"https:\/\/www.smedemokrati.sk\/hu\/lubos-blaha-je-majster-sveta-za-klavesnicou-ked-ma-prist-vypovedat-pred-sud-je-zalezeny\/","og_locale":"hu_HU","og_type":"article","og_title":"[:sk]\u013dubo\u0161 Blaha je majster sveta za kl\u00e1vesnicou, ke\u010f m\u00e1 pr\u00eds\u0165 vypoveda\u0165 pred s\u00fad, je zalezen\u00fd[:] - Smedemokrati.sk","og_description":"Dne\u0161n\u00e9 (24. m\u00e1j 2024) pojedn\u00e1vanie vo veci civilnej \u017ealoby Jaroslava Na\u010fa na poslanca Smeru \u013dubo\u0161a Blahu bolo odro\u010den\u00e9. D\u00f4vodom boli ak\u00fatne zdravotn\u00e9 \u0165a\u017ekosti pr\u00e1vneho z\u00e1stupcu poslanca Blahu. Predseda Demokratov na\u010falej trv\u00e1 na tom, aby poslanec pred s\u00fadom vysvet\u013eoval kriv\u00e9 obvinenia z vlastizrady.&nbsp; Exminister obrany hovor\u00ed, \u017ee ho ne\u00fa\u010das\u0165 poslanca na pojedn\u00e1van\u00ed neprekvapuje:&nbsp;\u201eNe\u010dakal som, \u017ee by [&hellip;]","og_url":"https:\/\/www.smedemokrati.sk\/hu\/lubos-blaha-je-majster-sveta-za-klavesnicou-ked-ma-prist-vypovedat-pred-sud-je-zalezeny\/","og_site_name":"Smedemokrati.sk","article_publisher":"https:\/\/www.facebook.com\/smedemokrati2023","article_published_time":"2024-05-24T10:20:03+00:00","article_modified_time":"2024-06-03T18:43:32+00:00","og_image":[{"width":1920,"height":1920,"url":"https:\/\/www.smedemokrati.sk\/wp-content\/uploads\/2024\/05\/image0-1-scaled-e1716545927126.jpeg","type":"image\/jpeg"}],"author":"miro.sopko","twitter_card":"summary_large_image","twitter_misc":{"Szerz\u0151:":"miro.sopko","Becs\u00fclt olvas\u00e1si id\u0151":"2 perc"},"schema":{"@context":"https:\/\/schema.org","@graph":[{"@type":"Article","@id":"https:\/\/www.smedemokrati.sk\/lubos-blaha-je-majster-sveta-za-klavesnicou-ked-ma-prist-vypovedat-pred-sud-je-zalezeny\/#article","isPartOf":{"@id":"https:\/\/www.smedemokrati.sk\/lubos-blaha-je-majster-sveta-za-klavesnicou-ked-ma-prist-vypovedat-pred-sud-je-zalezeny\/"},"author":{"name":"miro.sopko","@id":"https:\/\/www.smedemokrati.sk\/#\/schema\/person\/21f147c88d605aa7ded900e1e7c344ba"},"headline":"\u013dubo\u0161 Blaha je majster sveta za kl\u00e1vesnicou, ke\u010f m\u00e1 pr\u00eds\u0165 vypoveda\u0165 pred s\u00fad, je zalezen\u00fd","datePublished":"2024-05-24T10:20:03+00:00","dateModified":"2024-06-03T18:43:32+00:00","mainEntityOfPage":{"@id":"https:\/\/www.smedemokrati.sk\/lubos-blaha-je-majster-sveta-za-klavesnicou-ked-ma-prist-vypovedat-pred-sud-je-zalezeny\/"},"wordCount":359,"publisher":{"@id":"https:\/\/www.smedemokrati.sk\/#organization"},"image":{"@id":"https:\/\/www.smedemokrati.sk\/lubos-blaha-je-majster-sveta-za-klavesnicou-ked-ma-prist-vypovedat-pred-sud-je-zalezeny\/#primaryimage"},"thumbnailUrl":"https:\/\/www.smedemokrati.sk\/wp-content\/uploads\/2024\/05\/image0-1-scaled-e1716545927126.jpeg","articleSection":["Tla\u010dov\u00e9 spr\u00e1vy"],"inLanguage":"hu-HU"},{"@type":"WebPage","@id":"https:\/\/www.smedemokrati.sk\/lubos-blaha-je-majster-sveta-za-klavesnicou-ked-ma-prist-vypovedat-pred-sud-je-zalezeny\/","url":"https:\/\/www.smedemokrati.sk\/lubos-blaha-je-majster-sveta-za-klavesnicou-ked-ma-prist-vypovedat-pred-sud-je-zalezeny\/","name":"\u013dubo\u0161 Blaha je majster sveta za kl\u00e1vesnicou, ke\u010f m\u00e1 pr\u00eds\u0165 vypoveda\u0165 pred s\u00fad, je zalezen\u00fd","isPartOf":{"@id":"https:\/\/www.smedemokrati.sk\/#website"},"primaryImageOfPage":{"@id":"https:\/\/www.smedemokrati.sk\/lubos-blaha-je-majster-sveta-za-klavesnicou-ked-ma-prist-vypovedat-pred-sud-je-zalezeny\/#primaryimage"},"image":{"@id":"https:\/\/www.smedemokrati.sk\/lubos-blaha-je-majster-sveta-za-klavesnicou-ked-ma-prist-vypovedat-pred-sud-je-zalezeny\/#primaryimage"},"thumbnailUrl":"https:\/\/www.smedemokrati.sk\/wp-content\/uploads\/2024\/05\/image0-1-scaled-e1716545927126.jpeg","datePublished":"2024-05-24T10:20:03+00:00","dateModified":"2024-06-03T18:43:32+00:00","breadcrumb":{"@id":"https:\/\/www.smedemokrati.sk\/lubos-blaha-je-majster-sveta-za-klavesnicou-ked-ma-prist-vypovedat-pred-sud-je-zalezeny\/#breadcrumb"},"inLanguage":"hu-HU","potentialAction":[{"@type":"ReadAction","target":["https:\/\/www.smedemokrati.sk\/lubos-blaha-je-majster-sveta-za-klavesnicou-ked-ma-prist-vypovedat-pred-sud-je-zalezeny\/"]}]},{"@type":"ImageObject","inLanguage":"hu-HU","@id":"https:\/\/www.smedemokrati.sk\/lubos-blaha-je-majster-sveta-za-klavesnicou-ked-ma-prist-vypovedat-pred-sud-je-zalezeny\/#primaryimage","url":"https:\/\/www.smedemokrati.sk\/wp-content\/uploads\/2024\/05\/image0-1-scaled-e1716545927126.jpeg","contentUrl":"https:\/\/www.smedemokrati.sk\/wp-content\/uploads\/2024\/05\/image0-1-scaled-e1716545927126.jpeg","width":1920,"height":1920},{"@type":"BreadcrumbList","@id":"https:\/\/www.smedemokrati.sk\/lubos-blaha-je-majster-sveta-za-klavesnicou-ked-ma-prist-vypovedat-pred-sud-je-zalezeny\/#breadcrumb","itemListElement":[{"@type":"ListItem","position":1,"name":"Domovsk\u00e1 str\u00e1nka","item":"https:\/\/www.smedemokrati.sk\/"},{"@type":"ListItem","position":2,"name":"\u013dubo\u0161 Blaha je majster sveta za kl\u00e1vesnicou, ke\u010f m\u00e1 pr\u00eds\u0165 vypoveda\u0165 pred s\u00fad, je zalezen\u00fd"}]},{"@type":"WebSite","@id":"https:\/\/www.smedemokrati.sk\/#website","url":"https:\/\/www.smedemokrati.sk\/","name":"Smedemokrati.sk","description":"Demokracia a slu\u0161nos\u0165 zv\u00ed\u0165az\u00ed","publisher":{"@id":"https:\/\/www.smedemokrati.sk\/#organization"},"potentialAction":[{"@type":"SearchAction","target":{"@type":"EntryPoint","urlTemplate":"https:\/\/www.smedemokrati.sk\/?s={search_term_string}"},"query-input":{"@type":"PropertyValueSpecification","valueRequired":true,"valueName":"search_term_string"}}],"inLanguage":"hu-HU"},{"@type":"Organization","@id":"https:\/\/www.smedemokrati.sk\/#organization","name":"Smedemokrati.sk","url":"https:\/\/www.smedemokrati.sk\/","logo":{"@type":"ImageObject","inLanguage":"hu-HU","@id":"https:\/\/www.smedemokrati.sk\/#\/schema\/logo\/image\/","url":"https:\/\/www.smedemokrati.sk\/wp-content\/uploads\/2023\/04\/ff.002.jpeg","contentUrl":"https:\/\/www.smedemokrati.sk\/wp-content\/uploads\/2023\/04\/ff.002.jpeg","width":640,"height":480,"caption":"Smedemokrati.sk"},"image":{"@id":"https:\/\/www.smedemokrati.sk\/#\/schema\/logo\/image\/"},"sameAs":["https:\/\/www.facebook.com\/smedemokrati2023"]},{"@type":"Person","@id":"https:\/\/www.smedemokrati.sk\/#\/schema\/person\/21f147c88d605aa7ded900e1e7c344ba","name":"miro.sopko","image":{"@type":"ImageObject","inLanguage":"hu-HU","@id":"https:\/\/secure.gravatar.com\/avatar\/267e4a36f704376c109afe3a78740c1f5dd8675a2180a908699e7863c9247606?s=96&d=mm&r=g","url":"https:\/\/secure.gravatar.com\/avatar\/267e4a36f704376c109afe3a78740c1f5dd8675a2180a908699e7863c9247606?s=96&d=mm&r=g","contentUrl":"https:\/\/secure.gravatar.com\/avatar\/267e4a36f704376c109afe3a78740c1f5dd8675a2180a908699e7863c9247606?s=96&d=mm&r=g","caption":"miro.sopko"},"url":"https:\/\/www.smedemokrati.sk\/hu\/author\/miro-sopko\/"}]}},"_links":{"self":[{"href":"https:\/\/www.smedemokrati.sk\/hu\/wp-json\/wp\/v2\/posts\/4211","targetHints":{"allow":["GET"]}}],"collection":[{"href":"https:\/\/www.smedemokrati.sk\/hu\/wp-json\/wp\/v2\/posts"}],"about":[{"href":"https:\/\/www.smedemokrati.sk\/hu\/wp-json\/wp\/v2\/types\/post"}],"author":[{"embeddable":true,"href":"https:\/\/www.smedemokrati.sk\/hu\/wp-json\/wp\/v2\/users\/13"}],"replies":[{"embeddable":true,"href":"https:\/\/www.smedemokrati.sk\/hu\/wp-json\/wp\/v2\/comments?post=4211"}],"version-history":[{"count":2,"href":"https:\/\/www.smedemokrati.sk\/hu\/wp-json\/wp\/v2\/posts\/4211\/revisions"}],"predecessor-version":[{"id":4214,"href":"https:\/\/www.smedemokrati.sk\/hu\/wp-json\/wp\/v2\/posts\/4211\/revisions\/4214"}],"wp:featuredmedia":[{"embeddable":true,"href":"https:\/\/www.smedemokrati.sk\/hu\/wp-json\/wp\/v2\/media\/4212"}],"wp:attachment":[{"href":"https:\/\/www.smedemokrati.sk\/hu\/wp-json\/wp\/v2\/media?parent=4211"}],"wp:term":[{"taxonomy":"category","embeddable":true,"href":"https:\/\/www.smedemokrati.sk\/hu\/wp-json\/wp\/v2\/categories?post=4211"},{"taxonomy":"post_tag","embeddable":true,"href":"https:\/\/www.smedemokrati.sk\/hu\/wp-json\/wp\/v2\/tags?post=4211"}],"curies":[{"name":"wp","href":"https:\/\/api.w.org\/{rel}","templated":true}]}}