{"id":4046,"date":"2024-05-03T14:41:27","date_gmt":"2024-05-03T13:41:27","guid":{"rendered":"https:\/\/www.smedemokrati.sk\/?p=4046"},"modified":"2024-05-07T13:51:00","modified_gmt":"2024-05-07T12:51:00","slug":"do-statneho-rozpoctu-nepatria-peniaze-z-ludskeho-nestastia","status":"publish","type":"post","link":"https:\/\/www.smedemokrati.sk\/hu\/do-statneho-rozpoctu-nepatria-peniaze-z-ludskeho-nestastia\/","title":{"rendered":"Do \u0161t\u00e1tneho rozpo\u010dtu nepatria peniaze z \u013eudsk\u00e9ho ne\u0161\u0165astia"},"content":{"rendered":"<div id=\"fb-root\"><\/div>\n\n<p><strong>Vl\u00e1da chce zobra\u0165 kompetencie mest\u00e1m a obciam. Po novom, bude skupina \u00faradn\u00edkov na \u010dele s ministrom Kamenick\u00fdm a Ficom rozhodova\u0165 o tom, kde bud\u00fa herne automaty a kas\u00edna. Je \u013eahk\u00e9 predpoklada\u0165, \u017ee t\u00fdmto opatren\u00edm si privyrobia vybran\u00e9 skupiny a \u0161t\u00e1t bude ma\u0165 n\u00e1klady na san\u00e1ciu negat\u00edvnych d\u00f4sledkov. Demokrati \u017eiadaj\u00fa, aby vl\u00e1da ponechala mo\u017enos\u0165 \u013eu\u010fom rozhodn\u00fa\u0165, \u010di a v akom rozsahu chc\u00fa vo svojom okol\u00ed ak\u00fdko\u013evek druh hazardn\u00fdch hier.&nbsp;<\/strong><\/p>\n\n\n\n<p><em>\u201eRobert Fico chce ovl\u00e1dnu\u0165 absol\u00fatne v\u0161etko. Po novom sa chce sta\u0165 zemep\u00e1nom aj nad hazardn\u00fdmi hrami, no nie s \u00famyslom ochr\u00e1ni\u0165 \u013eud\u00ed, pr\u00e1ve naopak. U\u017e rokuje s Asoci\u00e1ciou hazardn\u00fdch hier a z\u00e1bavy tak, aby skupina vyvolen\u00fdch rozhodovala o tom, kto z\u00edska licenciu. \u017diadame Roberta Fica, aby neotv\u00e1ral dvere hazardu, preto\u017ee \u017eiadne peniaze nestoja za \u013eudsk\u00e9 ne\u0161\u0165astie,\u201d<\/em>\u00a0otv\u00e1ra t\u00e9mu Juraj \u0160eliga, ktor\u00fd hovor\u00ed, \u017ee vl\u00e1da Eduarda Hegera zaviedla v minulom obdob\u00ed \u00fa\u010dinn\u00e9 opatrenia na to, aby bol tak\u00fdto typ z\u00e1bavy regulovan\u00fd a neohrozoval rodiny, ml\u00e1de\u017e a jednotlivcov. Podpredseda Demokratov d\u00f4razne \u017eiada, aby vl\u00e1da ponechala kompetencie rozhodova\u0165 o tom \u010di a v akom rozsahu chc\u00fa ob\u010dania hazardn\u00e9 hry na mest\u00e1 a obce tak, ako je tomu teraz.<\/p>\n\n\n\n<p>Pod\u013ea expertky na soci\u00e1lnu politiku, Jany \u017dit\u0148anskej je Ficov z\u00e1mer absol\u00fatne \u010ditate\u013en\u00fd a dokazuje to aj jeho ofici\u00e1lne vyjadrenie:\u00a0<em>\u201eV roku 2010 sme pripravili novelu z\u00e1kona o hazardn\u00fdch hr\u00e1ch. Netrvalo dlho a Robert Fico namietal, \u017ee na\u0161a \u00faprava, m\u00f4\u017ee negat\u00edvne ovplyvni\u0165 v\u00fdvoj hazardn\u00fdch hier. Rozumiete tomu paradoxu? Tomuto \u010dloveku je absol\u00fatne jedno, \u017ee tu m\u00e1me rozpadnut\u00e9 skrachovan\u00e9 rodiny, \u013eud\u00ed, ktor\u00ed s\u00fa z\u00e1visl\u00ed od automatov, jeho u\u017e roky tr\u00e1pi\u00a0jedine to, \u017ee na\u0161ou novelou sme obmedzili zisky kas\u00edn a hern\u00ed. Preto ak dnes chce robi\u0165 ak\u00e9ko\u013evek z\u00e1sahy do tejto oblasti, odpor\u00fa\u010dam e\u0161te v\u00e4\u010d\u0161iu regul\u00e1ciu a tentoraz v oblasti online hazardn\u00fdch hier,\u201d\u00a0<\/em>hovor\u00ed \u017dit\u0148ansk\u00e1 a dod\u00e1va, \u017ee Demokrati maj\u00fa pripraven\u00fd konkr\u00e9tny bal\u00edk opatren\u00ed, ktor\u00fd s\u00fa schopn\u00ed jednoducho uvies\u0165 do praxe.\u00a0<\/p>\n\n\n\n<p>Expremi\u00e9r a exminister financi\u00ed Eduard Heger uzatv\u00e1ra, \u017ee z ekonomick\u00e9ho h\u013eadiska je z\u00e1mer znovu zavies\u0165 mas\u00edvne otv\u00e1ranie kas\u00edn a hern\u00ed nev\u00fdhodn\u00e9:\u00a0<em>\u201eHazardn\u00e9 hry nie s\u00fa v\u00fdhodn\u00e9 pre \u0161t\u00e1t, naopak. \u0160t\u00e1t mus\u00ed vynalo\u017ei\u0165 omnoho viac financi\u00ed na hmotn\u00e9 d\u00e1vky v n\u00fadzi a lie\u010debn\u00e9 pobyty pre z\u00e1visl\u00fdch. Za mojej vl\u00e1dy sa n\u00e1m podarilo da\u0165 kas\u00edna a herne pre\u010d od \u013eud\u00ed a zo s\u00eddlisk. Je povinnos\u0165ou \u0161t\u00e1tu h\u013eadie\u0165 v prvom rade na zdravie rod\u00edn a ob\u010danov, Robert Fico z\u00ed\u010fte z krat\u0161ej cesty a dajte ruky pre\u010d od hazardu. Do \u0161t\u00e1tneho rozpo\u010dtu nepatria peniaze z \u013eudsk\u00e9ho ne\u0161\u0165astia.&#8221;<\/em><\/p>\n\n\n\n<iframe src=\"https:\/\/www.facebook.com\/plugins\/video.php?href=https%3A%2F%2Fwww.facebook.com%2Fsmedemokrati2023%2Fvideos%2F1002559018039841%2F&#038;width=600&#038;show_text=false&#038;appId=361313990972954&#038;height=338\" width=\"600\" height=\"338\" style=\"border:none;overflow:hidden\" scrolling=\"no\" frameborder=\"0\" allowfullscreen=\"true\" allow=\"autoplay; clipboard-write; encrypted-media; picture-in-picture; web-share\" allowFullScreen=\"true\"><\/iframe>\n","protected":false},"excerpt":{"rendered":"<p>Vl\u00e1da chce zobra\u0165 kompetencie mest\u00e1m a obciam. Po novom, bude skupina \u00faradn\u00edkov na \u010dele s ministrom Kamenick\u00fdm a Ficom rozhodova\u0165 o tom, kde bud\u00fa herne automaty a kas\u00edna. Je \u013eahk\u00e9 predpoklada\u0165, \u017ee t\u00fdmto opatren\u00edm si privyrobia vybran\u00e9 skupiny a \u0161t\u00e1t bude ma\u0165 n\u00e1klady na san\u00e1ciu negat\u00edvnych d\u00f4sledkov. Demokrati \u017eiadaj\u00fa, aby vl\u00e1da ponechala mo\u017enos\u0165 \u013eu\u010fom rozhodn\u00fa\u0165, [&hellip;]<\/p>\n","protected":false},"author":13,"featured_media":4047,"comment_status":"closed","ping_status":"closed","sticky":false,"template":"","format":"standard","meta":{"_acf_changed":false,"ngg_post_thumbnail":0,"footnotes":""},"categories":[4],"tags":[],"class_list":["post-4046","post","type-post","status-publish","format-standard","has-post-thumbnail","hentry","category-tlacove-spravy"],"acf":[],"yoast_head":"<!-- This site is optimized with the Yoast SEO plugin v27.2 - https:\/\/yoast.com\/product\/yoast-seo-wordpress\/ -->\n<title>Do \u0161t\u00e1tneho rozpo\u010dtu nepatria peniaze z \u013eudsk\u00e9ho ne\u0161\u0165astia<\/title>\n<meta name=\"robots\" content=\"index, follow, max-snippet:-1, max-image-preview:large, max-video-preview:-1\" \/>\n<link rel=\"canonical\" href=\"https:\/\/www.smedemokrati.sk\/hu\/do-statneho-rozpoctu-nepatria-peniaze-z-ludskeho-nestastia\/\" \/>\n<meta property=\"og:locale\" content=\"hu_HU\" \/>\n<meta property=\"og:locale:alternate\" content=\"en_US\" \/>\n<meta property=\"og:locale:alternate\" content=\"cs_CZ\" \/>\n<meta property=\"og:locale:alternate\" content=\"sk_SK\" \/>\n<meta property=\"og:locale:alternate\" content=\"sv_SE\" \/>\n<meta property=\"og:type\" content=\"article\" \/>\n<meta property=\"og:title\" content=\"Do \u0161t\u00e1tneho rozpo\u010dtu nepatria peniaze z \u013eudsk\u00e9ho ne\u0161\u0165astia\" \/>\n<meta property=\"og:description\" content=\"Vl\u00e1da chce zobra\u0165 kompetencie mest\u00e1m a obciam. Po novom, bude skupina \u00faradn\u00edkov na \u010dele s ministrom Kamenick\u00fdm a Ficom rozhodova\u0165 o tom, kde bud\u00fa herne automaty a kas\u00edna. Je \u013eahk\u00e9 predpoklada\u0165, \u017ee t\u00fdmto opatren\u00edm si privyrobia vybran\u00e9 skupiny a \u0161t\u00e1t bude ma\u0165 n\u00e1klady na san\u00e1ciu negat\u00edvnych d\u00f4sledkov. Demokrati \u017eiadaj\u00fa, aby vl\u00e1da ponechala mo\u017enos\u0165 \u013eu\u010fom rozhodn\u00fa\u0165, [&hellip;]\" \/>\n<meta property=\"og:url\" content=\"https:\/\/www.smedemokrati.sk\/hu\/do-statneho-rozpoctu-nepatria-peniaze-z-ludskeho-nestastia\/\" \/>\n<meta property=\"og:site_name\" content=\"Smedemokrati.sk\" \/>\n<meta property=\"article:publisher\" content=\"https:\/\/www.facebook.com\/smedemokrati2023\" \/>\n<meta property=\"article:published_time\" content=\"2024-05-03T13:41:27+00:00\" \/>\n<meta property=\"article:modified_time\" content=\"2024-05-07T12:51:00+00:00\" \/>\n<meta property=\"og:image\" content=\"https:\/\/www.smedemokrati.sk\/wp-content\/uploads\/2024\/05\/vlada-hazardu.jpg\" \/>\n\t<meta property=\"og:image:width\" content=\"1650\" \/>\n\t<meta property=\"og:image:height\" content=\"891\" \/>\n\t<meta property=\"og:image:type\" content=\"image\/jpeg\" \/>\n<meta name=\"author\" content=\"miro.sopko\" \/>\n<meta name=\"twitter:card\" content=\"summary_large_image\" \/>\n<meta name=\"twitter:label1\" content=\"Szerz\u0151:\" \/>\n\t<meta name=\"twitter:data1\" content=\"miro.sopko\" \/>\n\t<meta name=\"twitter:label2\" content=\"Becs\u00fclt olvas\u00e1si id\u0151\" \/>\n\t<meta name=\"twitter:data2\" content=\"3 perc\" \/>\n<script type=\"application\/ld+json\" class=\"yoast-schema-graph\">{\"@context\":\"https:\/\/schema.org\",\"@graph\":[{\"@type\":\"Article\",\"@id\":\"https:\/\/www.smedemokrati.sk\/do-statneho-rozpoctu-nepatria-peniaze-z-ludskeho-nestastia\/#article\",\"isPartOf\":{\"@id\":\"https:\/\/www.smedemokrati.sk\/do-statneho-rozpoctu-nepatria-peniaze-z-ludskeho-nestastia\/\"},\"author\":{\"name\":\"miro.sopko\",\"@id\":\"https:\/\/www.smedemokrati.sk\/#\/schema\/person\/21f147c88d605aa7ded900e1e7c344ba\"},\"headline\":\"Do \u0161t\u00e1tneho rozpo\u010dtu nepatria peniaze z \u013eudsk\u00e9ho ne\u0161\u0165astia\",\"datePublished\":\"2024-05-03T13:41:27+00:00\",\"dateModified\":\"2024-05-07T12:51:00+00:00\",\"mainEntityOfPage\":{\"@id\":\"https:\/\/www.smedemokrati.sk\/do-statneho-rozpoctu-nepatria-peniaze-z-ludskeho-nestastia\/\"},\"wordCount\":516,\"publisher\":{\"@id\":\"https:\/\/www.smedemokrati.sk\/#organization\"},\"image\":{\"@id\":\"https:\/\/www.smedemokrati.sk\/do-statneho-rozpoctu-nepatria-peniaze-z-ludskeho-nestastia\/#primaryimage\"},\"thumbnailUrl\":\"https:\/\/www.smedemokrati.sk\/wp-content\/uploads\/2024\/05\/vlada-hazardu.jpg\",\"articleSection\":[\"Tla\u010dov\u00e9 spr\u00e1vy\"],\"inLanguage\":\"hu-HU\"},{\"@type\":\"WebPage\",\"@id\":\"https:\/\/www.smedemokrati.sk\/do-statneho-rozpoctu-nepatria-peniaze-z-ludskeho-nestastia\/\",\"url\":\"https:\/\/www.smedemokrati.sk\/do-statneho-rozpoctu-nepatria-peniaze-z-ludskeho-nestastia\/\",\"name\":\"Do \u0161t\u00e1tneho rozpo\u010dtu nepatria peniaze z \u013eudsk\u00e9ho ne\u0161\u0165astia\",\"isPartOf\":{\"@id\":\"https:\/\/www.smedemokrati.sk\/#website\"},\"primaryImageOfPage\":{\"@id\":\"https:\/\/www.smedemokrati.sk\/do-statneho-rozpoctu-nepatria-peniaze-z-ludskeho-nestastia\/#primaryimage\"},\"image\":{\"@id\":\"https:\/\/www.smedemokrati.sk\/do-statneho-rozpoctu-nepatria-peniaze-z-ludskeho-nestastia\/#primaryimage\"},\"thumbnailUrl\":\"https:\/\/www.smedemokrati.sk\/wp-content\/uploads\/2024\/05\/vlada-hazardu.jpg\",\"datePublished\":\"2024-05-03T13:41:27+00:00\",\"dateModified\":\"2024-05-07T12:51:00+00:00\",\"breadcrumb\":{\"@id\":\"https:\/\/www.smedemokrati.sk\/do-statneho-rozpoctu-nepatria-peniaze-z-ludskeho-nestastia\/#breadcrumb\"},\"inLanguage\":\"hu-HU\",\"potentialAction\":[{\"@type\":\"ReadAction\",\"target\":[\"https:\/\/www.smedemokrati.sk\/do-statneho-rozpoctu-nepatria-peniaze-z-ludskeho-nestastia\/\"]}]},{\"@type\":\"ImageObject\",\"inLanguage\":\"hu-HU\",\"@id\":\"https:\/\/www.smedemokrati.sk\/do-statneho-rozpoctu-nepatria-peniaze-z-ludskeho-nestastia\/#primaryimage\",\"url\":\"https:\/\/www.smedemokrati.sk\/wp-content\/uploads\/2024\/05\/vlada-hazardu.jpg\",\"contentUrl\":\"https:\/\/www.smedemokrati.sk\/wp-content\/uploads\/2024\/05\/vlada-hazardu.jpg\",\"width\":1650,\"height\":891},{\"@type\":\"BreadcrumbList\",\"@id\":\"https:\/\/www.smedemokrati.sk\/do-statneho-rozpoctu-nepatria-peniaze-z-ludskeho-nestastia\/#breadcrumb\",\"itemListElement\":[{\"@type\":\"ListItem\",\"position\":1,\"name\":\"Domovsk\u00e1 str\u00e1nka\",\"item\":\"https:\/\/www.smedemokrati.sk\/\"},{\"@type\":\"ListItem\",\"position\":2,\"name\":\"Do \u0161t\u00e1tneho rozpo\u010dtu nepatria peniaze z \u013eudsk\u00e9ho ne\u0161\u0165astia\"}]},{\"@type\":\"WebSite\",\"@id\":\"https:\/\/www.smedemokrati.sk\/#website\",\"url\":\"https:\/\/www.smedemokrati.sk\/\",\"name\":\"Smedemokrati.sk\",\"description\":\"Demokracia a slu\u0161nos\u0165 zv\u00ed\u0165az\u00ed\",\"publisher\":{\"@id\":\"https:\/\/www.smedemokrati.sk\/#organization\"},\"potentialAction\":[{\"@type\":\"SearchAction\",\"target\":{\"@type\":\"EntryPoint\",\"urlTemplate\":\"https:\/\/www.smedemokrati.sk\/?s={search_term_string}\"},\"query-input\":{\"@type\":\"PropertyValueSpecification\",\"valueRequired\":true,\"valueName\":\"search_term_string\"}}],\"inLanguage\":\"hu-HU\"},{\"@type\":\"Organization\",\"@id\":\"https:\/\/www.smedemokrati.sk\/#organization\",\"name\":\"Smedemokrati.sk\",\"url\":\"https:\/\/www.smedemokrati.sk\/\",\"logo\":{\"@type\":\"ImageObject\",\"inLanguage\":\"hu-HU\",\"@id\":\"https:\/\/www.smedemokrati.sk\/#\/schema\/logo\/image\/\",\"url\":\"https:\/\/www.smedemokrati.sk\/wp-content\/uploads\/2023\/04\/ff.002.jpeg\",\"contentUrl\":\"https:\/\/www.smedemokrati.sk\/wp-content\/uploads\/2023\/04\/ff.002.jpeg\",\"width\":640,\"height\":480,\"caption\":\"Smedemokrati.sk\"},\"image\":{\"@id\":\"https:\/\/www.smedemokrati.sk\/#\/schema\/logo\/image\/\"},\"sameAs\":[\"https:\/\/www.facebook.com\/smedemokrati2023\"]},{\"@type\":\"Person\",\"@id\":\"https:\/\/www.smedemokrati.sk\/#\/schema\/person\/21f147c88d605aa7ded900e1e7c344ba\",\"name\":\"miro.sopko\",\"image\":{\"@type\":\"ImageObject\",\"inLanguage\":\"hu-HU\",\"@id\":\"https:\/\/secure.gravatar.com\/avatar\/267e4a36f704376c109afe3a78740c1f5dd8675a2180a908699e7863c9247606?s=96&d=mm&r=g\",\"url\":\"https:\/\/secure.gravatar.com\/avatar\/267e4a36f704376c109afe3a78740c1f5dd8675a2180a908699e7863c9247606?s=96&d=mm&r=g\",\"contentUrl\":\"https:\/\/secure.gravatar.com\/avatar\/267e4a36f704376c109afe3a78740c1f5dd8675a2180a908699e7863c9247606?s=96&d=mm&r=g\",\"caption\":\"miro.sopko\"},\"url\":\"https:\/\/www.smedemokrati.sk\/hu\/author\/miro-sopko\/\"}]}<\/script>\n<!-- \/ Yoast SEO plugin. -->","yoast_head_json":{"title":"Do \u0161t\u00e1tneho rozpo\u010dtu nepatria peniaze z \u013eudsk\u00e9ho ne\u0161\u0165astia","robots":{"index":"index","follow":"follow","max-snippet":"max-snippet:-1","max-image-preview":"max-image-preview:large","max-video-preview":"max-video-preview:-1"},"canonical":"https:\/\/www.smedemokrati.sk\/hu\/do-statneho-rozpoctu-nepatria-peniaze-z-ludskeho-nestastia\/","og_locale":"hu_HU","og_type":"article","og_title":"[:sk]Do \u0161t\u00e1tneho rozpo\u010dtu nepatria peniaze z \u013eudsk\u00e9ho ne\u0161\u0165astia[:] - Smedemokrati.sk","og_description":"Vl\u00e1da chce zobra\u0165 kompetencie mest\u00e1m a obciam. Po novom, bude skupina \u00faradn\u00edkov na \u010dele s ministrom Kamenick\u00fdm a Ficom rozhodova\u0165 o tom, kde bud\u00fa herne automaty a kas\u00edna. Je \u013eahk\u00e9 predpoklada\u0165, \u017ee t\u00fdmto opatren\u00edm si privyrobia vybran\u00e9 skupiny a \u0161t\u00e1t bude ma\u0165 n\u00e1klady na san\u00e1ciu negat\u00edvnych d\u00f4sledkov. Demokrati \u017eiadaj\u00fa, aby vl\u00e1da ponechala mo\u017enos\u0165 \u013eu\u010fom rozhodn\u00fa\u0165, [&hellip;]","og_url":"https:\/\/www.smedemokrati.sk\/hu\/do-statneho-rozpoctu-nepatria-peniaze-z-ludskeho-nestastia\/","og_site_name":"Smedemokrati.sk","article_publisher":"https:\/\/www.facebook.com\/smedemokrati2023","article_published_time":"2024-05-03T13:41:27+00:00","article_modified_time":"2024-05-07T12:51:00+00:00","og_image":[{"width":1650,"height":891,"url":"https:\/\/www.smedemokrati.sk\/wp-content\/uploads\/2024\/05\/vlada-hazardu.jpg","type":"image\/jpeg"}],"author":"miro.sopko","twitter_card":"summary_large_image","twitter_misc":{"Szerz\u0151:":"miro.sopko","Becs\u00fclt olvas\u00e1si id\u0151":"3 perc"},"schema":{"@context":"https:\/\/schema.org","@graph":[{"@type":"Article","@id":"https:\/\/www.smedemokrati.sk\/do-statneho-rozpoctu-nepatria-peniaze-z-ludskeho-nestastia\/#article","isPartOf":{"@id":"https:\/\/www.smedemokrati.sk\/do-statneho-rozpoctu-nepatria-peniaze-z-ludskeho-nestastia\/"},"author":{"name":"miro.sopko","@id":"https:\/\/www.smedemokrati.sk\/#\/schema\/person\/21f147c88d605aa7ded900e1e7c344ba"},"headline":"Do \u0161t\u00e1tneho rozpo\u010dtu nepatria peniaze z \u013eudsk\u00e9ho ne\u0161\u0165astia","datePublished":"2024-05-03T13:41:27+00:00","dateModified":"2024-05-07T12:51:00+00:00","mainEntityOfPage":{"@id":"https:\/\/www.smedemokrati.sk\/do-statneho-rozpoctu-nepatria-peniaze-z-ludskeho-nestastia\/"},"wordCount":516,"publisher":{"@id":"https:\/\/www.smedemokrati.sk\/#organization"},"image":{"@id":"https:\/\/www.smedemokrati.sk\/do-statneho-rozpoctu-nepatria-peniaze-z-ludskeho-nestastia\/#primaryimage"},"thumbnailUrl":"https:\/\/www.smedemokrati.sk\/wp-content\/uploads\/2024\/05\/vlada-hazardu.jpg","articleSection":["Tla\u010dov\u00e9 spr\u00e1vy"],"inLanguage":"hu-HU"},{"@type":"WebPage","@id":"https:\/\/www.smedemokrati.sk\/do-statneho-rozpoctu-nepatria-peniaze-z-ludskeho-nestastia\/","url":"https:\/\/www.smedemokrati.sk\/do-statneho-rozpoctu-nepatria-peniaze-z-ludskeho-nestastia\/","name":"Do \u0161t\u00e1tneho rozpo\u010dtu nepatria peniaze z \u013eudsk\u00e9ho ne\u0161\u0165astia","isPartOf":{"@id":"https:\/\/www.smedemokrati.sk\/#website"},"primaryImageOfPage":{"@id":"https:\/\/www.smedemokrati.sk\/do-statneho-rozpoctu-nepatria-peniaze-z-ludskeho-nestastia\/#primaryimage"},"image":{"@id":"https:\/\/www.smedemokrati.sk\/do-statneho-rozpoctu-nepatria-peniaze-z-ludskeho-nestastia\/#primaryimage"},"thumbnailUrl":"https:\/\/www.smedemokrati.sk\/wp-content\/uploads\/2024\/05\/vlada-hazardu.jpg","datePublished":"2024-05-03T13:41:27+00:00","dateModified":"2024-05-07T12:51:00+00:00","breadcrumb":{"@id":"https:\/\/www.smedemokrati.sk\/do-statneho-rozpoctu-nepatria-peniaze-z-ludskeho-nestastia\/#breadcrumb"},"inLanguage":"hu-HU","potentialAction":[{"@type":"ReadAction","target":["https:\/\/www.smedemokrati.sk\/do-statneho-rozpoctu-nepatria-peniaze-z-ludskeho-nestastia\/"]}]},{"@type":"ImageObject","inLanguage":"hu-HU","@id":"https:\/\/www.smedemokrati.sk\/do-statneho-rozpoctu-nepatria-peniaze-z-ludskeho-nestastia\/#primaryimage","url":"https:\/\/www.smedemokrati.sk\/wp-content\/uploads\/2024\/05\/vlada-hazardu.jpg","contentUrl":"https:\/\/www.smedemokrati.sk\/wp-content\/uploads\/2024\/05\/vlada-hazardu.jpg","width":1650,"height":891},{"@type":"BreadcrumbList","@id":"https:\/\/www.smedemokrati.sk\/do-statneho-rozpoctu-nepatria-peniaze-z-ludskeho-nestastia\/#breadcrumb","itemListElement":[{"@type":"ListItem","position":1,"name":"Domovsk\u00e1 str\u00e1nka","item":"https:\/\/www.smedemokrati.sk\/"},{"@type":"ListItem","position":2,"name":"Do \u0161t\u00e1tneho rozpo\u010dtu nepatria peniaze z \u013eudsk\u00e9ho ne\u0161\u0165astia"}]},{"@type":"WebSite","@id":"https:\/\/www.smedemokrati.sk\/#website","url":"https:\/\/www.smedemokrati.sk\/","name":"Smedemokrati.sk","description":"Demokracia a slu\u0161nos\u0165 zv\u00ed\u0165az\u00ed","publisher":{"@id":"https:\/\/www.smedemokrati.sk\/#organization"},"potentialAction":[{"@type":"SearchAction","target":{"@type":"EntryPoint","urlTemplate":"https:\/\/www.smedemokrati.sk\/?s={search_term_string}"},"query-input":{"@type":"PropertyValueSpecification","valueRequired":true,"valueName":"search_term_string"}}],"inLanguage":"hu-HU"},{"@type":"Organization","@id":"https:\/\/www.smedemokrati.sk\/#organization","name":"Smedemokrati.sk","url":"https:\/\/www.smedemokrati.sk\/","logo":{"@type":"ImageObject","inLanguage":"hu-HU","@id":"https:\/\/www.smedemokrati.sk\/#\/schema\/logo\/image\/","url":"https:\/\/www.smedemokrati.sk\/wp-content\/uploads\/2023\/04\/ff.002.jpeg","contentUrl":"https:\/\/www.smedemokrati.sk\/wp-content\/uploads\/2023\/04\/ff.002.jpeg","width":640,"height":480,"caption":"Smedemokrati.sk"},"image":{"@id":"https:\/\/www.smedemokrati.sk\/#\/schema\/logo\/image\/"},"sameAs":["https:\/\/www.facebook.com\/smedemokrati2023"]},{"@type":"Person","@id":"https:\/\/www.smedemokrati.sk\/#\/schema\/person\/21f147c88d605aa7ded900e1e7c344ba","name":"miro.sopko","image":{"@type":"ImageObject","inLanguage":"hu-HU","@id":"https:\/\/secure.gravatar.com\/avatar\/267e4a36f704376c109afe3a78740c1f5dd8675a2180a908699e7863c9247606?s=96&d=mm&r=g","url":"https:\/\/secure.gravatar.com\/avatar\/267e4a36f704376c109afe3a78740c1f5dd8675a2180a908699e7863c9247606?s=96&d=mm&r=g","contentUrl":"https:\/\/secure.gravatar.com\/avatar\/267e4a36f704376c109afe3a78740c1f5dd8675a2180a908699e7863c9247606?s=96&d=mm&r=g","caption":"miro.sopko"},"url":"https:\/\/www.smedemokrati.sk\/hu\/author\/miro-sopko\/"}]}},"_links":{"self":[{"href":"https:\/\/www.smedemokrati.sk\/hu\/wp-json\/wp\/v2\/posts\/4046","targetHints":{"allow":["GET"]}}],"collection":[{"href":"https:\/\/www.smedemokrati.sk\/hu\/wp-json\/wp\/v2\/posts"}],"about":[{"href":"https:\/\/www.smedemokrati.sk\/hu\/wp-json\/wp\/v2\/types\/post"}],"author":[{"embeddable":true,"href":"https:\/\/www.smedemokrati.sk\/hu\/wp-json\/wp\/v2\/users\/13"}],"replies":[{"embeddable":true,"href":"https:\/\/www.smedemokrati.sk\/hu\/wp-json\/wp\/v2\/comments?post=4046"}],"version-history":[{"count":1,"href":"https:\/\/www.smedemokrati.sk\/hu\/wp-json\/wp\/v2\/posts\/4046\/revisions"}],"predecessor-version":[{"id":4048,"href":"https:\/\/www.smedemokrati.sk\/hu\/wp-json\/wp\/v2\/posts\/4046\/revisions\/4048"}],"wp:featuredmedia":[{"embeddable":true,"href":"https:\/\/www.smedemokrati.sk\/hu\/wp-json\/wp\/v2\/media\/4047"}],"wp:attachment":[{"href":"https:\/\/www.smedemokrati.sk\/hu\/wp-json\/wp\/v2\/media?parent=4046"}],"wp:term":[{"taxonomy":"category","embeddable":true,"href":"https:\/\/www.smedemokrati.sk\/hu\/wp-json\/wp\/v2\/categories?post=4046"},{"taxonomy":"post_tag","embeddable":true,"href":"https:\/\/www.smedemokrati.sk\/hu\/wp-json\/wp\/v2\/tags?post=4046"}],"curies":[{"name":"wp","href":"https:\/\/api.w.org\/{rel}","templated":true}]}}