{"id":4038,"date":"2024-05-02T13:10:32","date_gmt":"2024-05-02T12:10:32","guid":{"rendered":"https:\/\/www.smedemokrati.sk\/?p=4038"},"modified":"2024-05-07T13:51:16","modified_gmt":"2024-05-07T12:51:16","slug":"milan-oleksak-sa-previnil-len-svojou-odvahou","status":"publish","type":"post","link":"https:\/\/www.smedemokrati.sk\/hu\/milan-oleksak-sa-previnil-len-svojou-odvahou\/","title":{"rendered":"Milan Olek\u0161\u00e1k sa previnil len svojou odvahou"},"content":{"rendered":"<div id=\"fb-root\"><\/div>\n\n<p><strong>Reakcia Tom\u00e1\u0161a Tarabu a klanu Kuffovcov na odv\u00e1\u017eny rozhovor Milana Olek\u0161\u00e1ka, nenechala na seba dlho \u010daka\u0165. Riadite\u013e n\u00e1rodn\u00e9ho parku Slovensk\u00fd kras odmietol prepusti\u0165 zamestnancov a rad\u0161ej pouk\u00e1zal na zbyto\u010dn\u00fdch 3 \u0161t\u00e1tnych tajomn\u00edkov na rezorte.<\/strong><\/p>\n\n\n\n<p><br>Dnes bol odvolan\u00fd riadie\u013e Spr\u00e1vy N\u00e1rodn\u00fd park Slovensk\u00fd kras Milan Olek\u0161\u00e1k. Pred nieko\u013ek\u00fdmi d\u0148ami odmietol prist\u00fapi\u0165 k prep\u00fa\u0161\u0165aniu zamestnancov v ter\u00e9ne a priamo povedal, kde sa m\u00e1 za\u010da\u0165 \u0161etri\u0165 v rezorte &#8211; okresa\u0165 troch \u0161t\u00e1tnych tajomn\u00edkov. A to samozrejme je\u0161itn\u00ed a na rezorte zbyto\u010dn\u00ed \u0161t\u00e1tni tajomn\u00edci neznes\u00fa.<br><br><em><em>\u201e<\/em>\u010eakujem Milanovi Olek\u0161\u00e1kovi za vynikaj\u00facu pr\u00e1cu v \u010dele n\u00e1rodn\u00e9ho parku. Podarilo sa mu v Slovenskom krase uvies\u0165 reformu n\u00e1rodn\u00fdch parkov do \u017eivota, spoluzakladal spr\u00e1vu parku, vypracoval, vyrokoval a dotiahol zon\u00e1ciu. Napriek nulovej podpore vedenia ministerstva, prekonal odpor LESOV SR, \u0161. p., a len pred nieko\u013ek\u00fdmi d\u0148ami zabezpe\u010dil aj prechod spr\u00e1vy \u0161t\u00e1tnych pozemkov. Podarilo sa mu vybudova\u0165 nov\u00fa zna\u010dku Krasu a rozbehn\u00fa\u0165 viacer\u00e9 rozvojov\u00e9 projekty. Kras za posledn\u00e9 dva roky neb\u00fdval\u00e9 r\u00e1stol,&#8221;<\/em> uv\u00e1dza Michal Ki\u010da.<br><br>L\u017eiv\u00e9 o\u010diernenie jeho vynikaj\u00facej pr\u00e1ce zo strany Filipa Kuffu je len \u00faboh\u00fdm prejavom z\u00e1visti a frustr\u00e1cie, ke\u010f\u017ee Filip Kuffa v \u017eivote na rozdiel od Milana Olek\u0161\u00e1ka ni\u010d nevybudoval. \u010coko\u013evek Kuffa m\u00f4\u017ee hovori\u0165, z\u00e1sluhy Milana Olek\u0161\u00e1ka mu u\u017e nikto nevezme.\u00a0<\/p>\n\n\n\n<p>Pr\u00e1ve aj na \u013eu\u010foch ako Milan Olek\u0161\u00e1k, sa ukazuje d\u00f4le\u017eitos\u0165 transparetn\u00fdch v\u00fdberov\u00fdch konan\u00ed, ktor\u00e9 t\u00e1to vl\u00e1da vytrvalo ignoruje. <em><em>\u201e<\/em>V pr\u00e1ci vid\u00edme, \u017ee v\u010faka t\u00fdmto procesom sme vygenerovali do funkci\u00ed \u013eud\u00ed, ktor\u00ed s\u00fa nielen odborne a mana\u017e\u00e9rsky zdatn\u00ed,\u00a0 ale maj\u00fa \u010dastokr\u00e1t aj mor\u00e1lny kredit, ktor\u00fd im nedovol\u00ed kona\u0165 inak, ako vo verejnom z\u00e1ujme. A to aj napriek riziku, \u017ee pr\u00eddu o miesto, ako p\u00e1n Olek\u0161\u00e1k,&#8221;<\/em> uzatv\u00e1ra Michal Ki\u010da<\/p>\n","protected":false},"excerpt":{"rendered":"<p>Reakcia Tom\u00e1\u0161a Tarabu a klanu Kuffovcov na odv\u00e1\u017eny rozhovor Milana Olek\u0161\u00e1ka, nenechala na seba dlho \u010daka\u0165. Riadite\u013e n\u00e1rodn\u00e9ho parku Slovensk\u00fd kras odmietol prepusti\u0165 zamestnancov a rad\u0161ej pouk\u00e1zal na zbyto\u010dn\u00fdch 3 \u0161t\u00e1tnych tajomn\u00edkov na rezorte. Dnes bol odvolan\u00fd riadie\u013e Spr\u00e1vy N\u00e1rodn\u00fd park Slovensk\u00fd kras Milan Olek\u0161\u00e1k. Pred nieko\u013ek\u00fdmi d\u0148ami odmietol prist\u00fapi\u0165 k prep\u00fa\u0161\u0165aniu zamestnancov v ter\u00e9ne [&hellip;]<\/p>\n","protected":false},"author":13,"featured_media":4039,"comment_status":"closed","ping_status":"closed","sticky":false,"template":"","format":"standard","meta":{"_acf_changed":false,"ngg_post_thumbnail":0,"footnotes":""},"categories":[4],"tags":[],"class_list":["post-4038","post","type-post","status-publish","format-standard","has-post-thumbnail","hentry","category-tlacove-spravy"],"acf":[],"yoast_head":"<!-- This site is optimized with the Yoast SEO plugin v27.2 - https:\/\/yoast.com\/product\/yoast-seo-wordpress\/ -->\n<title>Milan Olek\u0161\u00e1k sa previnil len svojou odvahou<\/title>\n<meta name=\"robots\" content=\"index, follow, max-snippet:-1, max-image-preview:large, max-video-preview:-1\" \/>\n<link rel=\"canonical\" href=\"https:\/\/www.smedemokrati.sk\/hu\/milan-oleksak-sa-previnil-len-svojou-odvahou\/\" \/>\n<meta property=\"og:locale\" content=\"hu_HU\" \/>\n<meta property=\"og:locale:alternate\" content=\"en_US\" \/>\n<meta property=\"og:locale:alternate\" content=\"cs_CZ\" \/>\n<meta property=\"og:locale:alternate\" content=\"sk_SK\" \/>\n<meta property=\"og:locale:alternate\" content=\"sv_SE\" \/>\n<meta property=\"og:type\" content=\"article\" \/>\n<meta property=\"og:title\" content=\"Milan Olek\u0161\u00e1k sa previnil len svojou odvahou\" \/>\n<meta property=\"og:description\" content=\"Reakcia Tom\u00e1\u0161a Tarabu a klanu Kuffovcov na odv\u00e1\u017eny rozhovor Milana Olek\u0161\u00e1ka, nenechala na seba dlho \u010daka\u0165. Riadite\u013e n\u00e1rodn\u00e9ho parku Slovensk\u00fd kras odmietol prepusti\u0165 zamestnancov a rad\u0161ej pouk\u00e1zal na zbyto\u010dn\u00fdch 3 \u0161t\u00e1tnych tajomn\u00edkov na rezorte. Dnes bol odvolan\u00fd riadie\u013e Spr\u00e1vy N\u00e1rodn\u00fd park Slovensk\u00fd kras Milan Olek\u0161\u00e1k. Pred nieko\u013ek\u00fdmi d\u0148ami odmietol prist\u00fapi\u0165 k prep\u00fa\u0161\u0165aniu zamestnancov v ter\u00e9ne [&hellip;]\" \/>\n<meta property=\"og:url\" content=\"https:\/\/www.smedemokrati.sk\/hu\/milan-oleksak-sa-previnil-len-svojou-odvahou\/\" \/>\n<meta property=\"og:site_name\" content=\"Smedemokrati.sk\" \/>\n<meta property=\"article:publisher\" content=\"https:\/\/www.facebook.com\/smedemokrati2023\" \/>\n<meta property=\"article:published_time\" content=\"2024-05-02T12:10:32+00:00\" \/>\n<meta property=\"article:modified_time\" content=\"2024-05-07T12:51:16+00:00\" \/>\n<meta property=\"og:image\" content=\"https:\/\/www.smedemokrati.sk\/wp-content\/uploads\/2024\/05\/oleksak.jpg\" \/>\n\t<meta property=\"og:image:width\" content=\"862\" \/>\n\t<meta property=\"og:image:height\" content=\"644\" \/>\n\t<meta property=\"og:image:type\" content=\"image\/jpeg\" \/>\n<meta name=\"author\" content=\"miro.sopko\" \/>\n<meta name=\"twitter:card\" content=\"summary_large_image\" \/>\n<meta name=\"twitter:label1\" content=\"Szerz\u0151:\" \/>\n\t<meta name=\"twitter:data1\" content=\"miro.sopko\" \/>\n\t<meta name=\"twitter:label2\" content=\"Becs\u00fclt olvas\u00e1si id\u0151\" \/>\n\t<meta name=\"twitter:data2\" content=\"2 perc\" \/>\n<script type=\"application\/ld+json\" class=\"yoast-schema-graph\">{\"@context\":\"https:\/\/schema.org\",\"@graph\":[{\"@type\":\"Article\",\"@id\":\"https:\/\/www.smedemokrati.sk\/milan-oleksak-sa-previnil-len-svojou-odvahou\/#article\",\"isPartOf\":{\"@id\":\"https:\/\/www.smedemokrati.sk\/milan-oleksak-sa-previnil-len-svojou-odvahou\/\"},\"author\":{\"name\":\"miro.sopko\",\"@id\":\"https:\/\/www.smedemokrati.sk\/#\/schema\/person\/21f147c88d605aa7ded900e1e7c344ba\"},\"headline\":\"Milan Olek\u0161\u00e1k sa previnil len svojou odvahou\",\"datePublished\":\"2024-05-02T12:10:32+00:00\",\"dateModified\":\"2024-05-07T12:51:16+00:00\",\"mainEntityOfPage\":{\"@id\":\"https:\/\/www.smedemokrati.sk\/milan-oleksak-sa-previnil-len-svojou-odvahou\/\"},\"wordCount\":352,\"publisher\":{\"@id\":\"https:\/\/www.smedemokrati.sk\/#organization\"},\"image\":{\"@id\":\"https:\/\/www.smedemokrati.sk\/milan-oleksak-sa-previnil-len-svojou-odvahou\/#primaryimage\"},\"thumbnailUrl\":\"https:\/\/www.smedemokrati.sk\/wp-content\/uploads\/2024\/05\/oleksak.jpg\",\"articleSection\":[\"Tla\u010dov\u00e9 spr\u00e1vy\"],\"inLanguage\":\"hu-HU\"},{\"@type\":\"WebPage\",\"@id\":\"https:\/\/www.smedemokrati.sk\/milan-oleksak-sa-previnil-len-svojou-odvahou\/\",\"url\":\"https:\/\/www.smedemokrati.sk\/milan-oleksak-sa-previnil-len-svojou-odvahou\/\",\"name\":\"Milan Olek\u0161\u00e1k sa previnil len svojou odvahou\",\"isPartOf\":{\"@id\":\"https:\/\/www.smedemokrati.sk\/#website\"},\"primaryImageOfPage\":{\"@id\":\"https:\/\/www.smedemokrati.sk\/milan-oleksak-sa-previnil-len-svojou-odvahou\/#primaryimage\"},\"image\":{\"@id\":\"https:\/\/www.smedemokrati.sk\/milan-oleksak-sa-previnil-len-svojou-odvahou\/#primaryimage\"},\"thumbnailUrl\":\"https:\/\/www.smedemokrati.sk\/wp-content\/uploads\/2024\/05\/oleksak.jpg\",\"datePublished\":\"2024-05-02T12:10:32+00:00\",\"dateModified\":\"2024-05-07T12:51:16+00:00\",\"breadcrumb\":{\"@id\":\"https:\/\/www.smedemokrati.sk\/milan-oleksak-sa-previnil-len-svojou-odvahou\/#breadcrumb\"},\"inLanguage\":\"hu-HU\",\"potentialAction\":[{\"@type\":\"ReadAction\",\"target\":[\"https:\/\/www.smedemokrati.sk\/milan-oleksak-sa-previnil-len-svojou-odvahou\/\"]}]},{\"@type\":\"ImageObject\",\"inLanguage\":\"hu-HU\",\"@id\":\"https:\/\/www.smedemokrati.sk\/milan-oleksak-sa-previnil-len-svojou-odvahou\/#primaryimage\",\"url\":\"https:\/\/www.smedemokrati.sk\/wp-content\/uploads\/2024\/05\/oleksak.jpg\",\"contentUrl\":\"https:\/\/www.smedemokrati.sk\/wp-content\/uploads\/2024\/05\/oleksak.jpg\",\"width\":862,\"height\":644},{\"@type\":\"BreadcrumbList\",\"@id\":\"https:\/\/www.smedemokrati.sk\/milan-oleksak-sa-previnil-len-svojou-odvahou\/#breadcrumb\",\"itemListElement\":[{\"@type\":\"ListItem\",\"position\":1,\"name\":\"Domovsk\u00e1 str\u00e1nka\",\"item\":\"https:\/\/www.smedemokrati.sk\/\"},{\"@type\":\"ListItem\",\"position\":2,\"name\":\"Milan Olek\u0161\u00e1k sa previnil len svojou odvahou\"}]},{\"@type\":\"WebSite\",\"@id\":\"https:\/\/www.smedemokrati.sk\/#website\",\"url\":\"https:\/\/www.smedemokrati.sk\/\",\"name\":\"Smedemokrati.sk\",\"description\":\"Demokracia a slu\u0161nos\u0165 zv\u00ed\u0165az\u00ed\",\"publisher\":{\"@id\":\"https:\/\/www.smedemokrati.sk\/#organization\"},\"potentialAction\":[{\"@type\":\"SearchAction\",\"target\":{\"@type\":\"EntryPoint\",\"urlTemplate\":\"https:\/\/www.smedemokrati.sk\/?s={search_term_string}\"},\"query-input\":{\"@type\":\"PropertyValueSpecification\",\"valueRequired\":true,\"valueName\":\"search_term_string\"}}],\"inLanguage\":\"hu-HU\"},{\"@type\":\"Organization\",\"@id\":\"https:\/\/www.smedemokrati.sk\/#organization\",\"name\":\"Smedemokrati.sk\",\"url\":\"https:\/\/www.smedemokrati.sk\/\",\"logo\":{\"@type\":\"ImageObject\",\"inLanguage\":\"hu-HU\",\"@id\":\"https:\/\/www.smedemokrati.sk\/#\/schema\/logo\/image\/\",\"url\":\"https:\/\/www.smedemokrati.sk\/wp-content\/uploads\/2023\/04\/ff.002.jpeg\",\"contentUrl\":\"https:\/\/www.smedemokrati.sk\/wp-content\/uploads\/2023\/04\/ff.002.jpeg\",\"width\":640,\"height\":480,\"caption\":\"Smedemokrati.sk\"},\"image\":{\"@id\":\"https:\/\/www.smedemokrati.sk\/#\/schema\/logo\/image\/\"},\"sameAs\":[\"https:\/\/www.facebook.com\/smedemokrati2023\"]},{\"@type\":\"Person\",\"@id\":\"https:\/\/www.smedemokrati.sk\/#\/schema\/person\/21f147c88d605aa7ded900e1e7c344ba\",\"name\":\"miro.sopko\",\"image\":{\"@type\":\"ImageObject\",\"inLanguage\":\"hu-HU\",\"@id\":\"https:\/\/secure.gravatar.com\/avatar\/267e4a36f704376c109afe3a78740c1f5dd8675a2180a908699e7863c9247606?s=96&d=mm&r=g\",\"url\":\"https:\/\/secure.gravatar.com\/avatar\/267e4a36f704376c109afe3a78740c1f5dd8675a2180a908699e7863c9247606?s=96&d=mm&r=g\",\"contentUrl\":\"https:\/\/secure.gravatar.com\/avatar\/267e4a36f704376c109afe3a78740c1f5dd8675a2180a908699e7863c9247606?s=96&d=mm&r=g\",\"caption\":\"miro.sopko\"},\"url\":\"https:\/\/www.smedemokrati.sk\/hu\/author\/miro-sopko\/\"}]}<\/script>\n<!-- \/ Yoast SEO plugin. -->","yoast_head_json":{"title":"Milan Olek\u0161\u00e1k sa previnil len svojou odvahou","robots":{"index":"index","follow":"follow","max-snippet":"max-snippet:-1","max-image-preview":"max-image-preview:large","max-video-preview":"max-video-preview:-1"},"canonical":"https:\/\/www.smedemokrati.sk\/hu\/milan-oleksak-sa-previnil-len-svojou-odvahou\/","og_locale":"hu_HU","og_type":"article","og_title":"[:sk]Milan Olek\u0161\u00e1k sa previnil len svojou odvahou[:] - Smedemokrati.sk","og_description":"Reakcia Tom\u00e1\u0161a Tarabu a klanu Kuffovcov na odv\u00e1\u017eny rozhovor Milana Olek\u0161\u00e1ka, nenechala na seba dlho \u010daka\u0165. Riadite\u013e n\u00e1rodn\u00e9ho parku Slovensk\u00fd kras odmietol prepusti\u0165 zamestnancov a rad\u0161ej pouk\u00e1zal na zbyto\u010dn\u00fdch 3 \u0161t\u00e1tnych tajomn\u00edkov na rezorte. Dnes bol odvolan\u00fd riadie\u013e Spr\u00e1vy N\u00e1rodn\u00fd park Slovensk\u00fd kras Milan Olek\u0161\u00e1k. Pred nieko\u013ek\u00fdmi d\u0148ami odmietol prist\u00fapi\u0165 k prep\u00fa\u0161\u0165aniu zamestnancov v ter\u00e9ne [&hellip;]","og_url":"https:\/\/www.smedemokrati.sk\/hu\/milan-oleksak-sa-previnil-len-svojou-odvahou\/","og_site_name":"Smedemokrati.sk","article_publisher":"https:\/\/www.facebook.com\/smedemokrati2023","article_published_time":"2024-05-02T12:10:32+00:00","article_modified_time":"2024-05-07T12:51:16+00:00","og_image":[{"width":862,"height":644,"url":"https:\/\/www.smedemokrati.sk\/wp-content\/uploads\/2024\/05\/oleksak.jpg","type":"image\/jpeg"}],"author":"miro.sopko","twitter_card":"summary_large_image","twitter_misc":{"Szerz\u0151:":"miro.sopko","Becs\u00fclt olvas\u00e1si id\u0151":"2 perc"},"schema":{"@context":"https:\/\/schema.org","@graph":[{"@type":"Article","@id":"https:\/\/www.smedemokrati.sk\/milan-oleksak-sa-previnil-len-svojou-odvahou\/#article","isPartOf":{"@id":"https:\/\/www.smedemokrati.sk\/milan-oleksak-sa-previnil-len-svojou-odvahou\/"},"author":{"name":"miro.sopko","@id":"https:\/\/www.smedemokrati.sk\/#\/schema\/person\/21f147c88d605aa7ded900e1e7c344ba"},"headline":"Milan Olek\u0161\u00e1k sa previnil len svojou odvahou","datePublished":"2024-05-02T12:10:32+00:00","dateModified":"2024-05-07T12:51:16+00:00","mainEntityOfPage":{"@id":"https:\/\/www.smedemokrati.sk\/milan-oleksak-sa-previnil-len-svojou-odvahou\/"},"wordCount":352,"publisher":{"@id":"https:\/\/www.smedemokrati.sk\/#organization"},"image":{"@id":"https:\/\/www.smedemokrati.sk\/milan-oleksak-sa-previnil-len-svojou-odvahou\/#primaryimage"},"thumbnailUrl":"https:\/\/www.smedemokrati.sk\/wp-content\/uploads\/2024\/05\/oleksak.jpg","articleSection":["Tla\u010dov\u00e9 spr\u00e1vy"],"inLanguage":"hu-HU"},{"@type":"WebPage","@id":"https:\/\/www.smedemokrati.sk\/milan-oleksak-sa-previnil-len-svojou-odvahou\/","url":"https:\/\/www.smedemokrati.sk\/milan-oleksak-sa-previnil-len-svojou-odvahou\/","name":"Milan Olek\u0161\u00e1k sa previnil len svojou odvahou","isPartOf":{"@id":"https:\/\/www.smedemokrati.sk\/#website"},"primaryImageOfPage":{"@id":"https:\/\/www.smedemokrati.sk\/milan-oleksak-sa-previnil-len-svojou-odvahou\/#primaryimage"},"image":{"@id":"https:\/\/www.smedemokrati.sk\/milan-oleksak-sa-previnil-len-svojou-odvahou\/#primaryimage"},"thumbnailUrl":"https:\/\/www.smedemokrati.sk\/wp-content\/uploads\/2024\/05\/oleksak.jpg","datePublished":"2024-05-02T12:10:32+00:00","dateModified":"2024-05-07T12:51:16+00:00","breadcrumb":{"@id":"https:\/\/www.smedemokrati.sk\/milan-oleksak-sa-previnil-len-svojou-odvahou\/#breadcrumb"},"inLanguage":"hu-HU","potentialAction":[{"@type":"ReadAction","target":["https:\/\/www.smedemokrati.sk\/milan-oleksak-sa-previnil-len-svojou-odvahou\/"]}]},{"@type":"ImageObject","inLanguage":"hu-HU","@id":"https:\/\/www.smedemokrati.sk\/milan-oleksak-sa-previnil-len-svojou-odvahou\/#primaryimage","url":"https:\/\/www.smedemokrati.sk\/wp-content\/uploads\/2024\/05\/oleksak.jpg","contentUrl":"https:\/\/www.smedemokrati.sk\/wp-content\/uploads\/2024\/05\/oleksak.jpg","width":862,"height":644},{"@type":"BreadcrumbList","@id":"https:\/\/www.smedemokrati.sk\/milan-oleksak-sa-previnil-len-svojou-odvahou\/#breadcrumb","itemListElement":[{"@type":"ListItem","position":1,"name":"Domovsk\u00e1 str\u00e1nka","item":"https:\/\/www.smedemokrati.sk\/"},{"@type":"ListItem","position":2,"name":"Milan Olek\u0161\u00e1k sa previnil len svojou odvahou"}]},{"@type":"WebSite","@id":"https:\/\/www.smedemokrati.sk\/#website","url":"https:\/\/www.smedemokrati.sk\/","name":"Smedemokrati.sk","description":"Demokracia a slu\u0161nos\u0165 zv\u00ed\u0165az\u00ed","publisher":{"@id":"https:\/\/www.smedemokrati.sk\/#organization"},"potentialAction":[{"@type":"SearchAction","target":{"@type":"EntryPoint","urlTemplate":"https:\/\/www.smedemokrati.sk\/?s={search_term_string}"},"query-input":{"@type":"PropertyValueSpecification","valueRequired":true,"valueName":"search_term_string"}}],"inLanguage":"hu-HU"},{"@type":"Organization","@id":"https:\/\/www.smedemokrati.sk\/#organization","name":"Smedemokrati.sk","url":"https:\/\/www.smedemokrati.sk\/","logo":{"@type":"ImageObject","inLanguage":"hu-HU","@id":"https:\/\/www.smedemokrati.sk\/#\/schema\/logo\/image\/","url":"https:\/\/www.smedemokrati.sk\/wp-content\/uploads\/2023\/04\/ff.002.jpeg","contentUrl":"https:\/\/www.smedemokrati.sk\/wp-content\/uploads\/2023\/04\/ff.002.jpeg","width":640,"height":480,"caption":"Smedemokrati.sk"},"image":{"@id":"https:\/\/www.smedemokrati.sk\/#\/schema\/logo\/image\/"},"sameAs":["https:\/\/www.facebook.com\/smedemokrati2023"]},{"@type":"Person","@id":"https:\/\/www.smedemokrati.sk\/#\/schema\/person\/21f147c88d605aa7ded900e1e7c344ba","name":"miro.sopko","image":{"@type":"ImageObject","inLanguage":"hu-HU","@id":"https:\/\/secure.gravatar.com\/avatar\/267e4a36f704376c109afe3a78740c1f5dd8675a2180a908699e7863c9247606?s=96&d=mm&r=g","url":"https:\/\/secure.gravatar.com\/avatar\/267e4a36f704376c109afe3a78740c1f5dd8675a2180a908699e7863c9247606?s=96&d=mm&r=g","contentUrl":"https:\/\/secure.gravatar.com\/avatar\/267e4a36f704376c109afe3a78740c1f5dd8675a2180a908699e7863c9247606?s=96&d=mm&r=g","caption":"miro.sopko"},"url":"https:\/\/www.smedemokrati.sk\/hu\/author\/miro-sopko\/"}]}},"_links":{"self":[{"href":"https:\/\/www.smedemokrati.sk\/hu\/wp-json\/wp\/v2\/posts\/4038","targetHints":{"allow":["GET"]}}],"collection":[{"href":"https:\/\/www.smedemokrati.sk\/hu\/wp-json\/wp\/v2\/posts"}],"about":[{"href":"https:\/\/www.smedemokrati.sk\/hu\/wp-json\/wp\/v2\/types\/post"}],"author":[{"embeddable":true,"href":"https:\/\/www.smedemokrati.sk\/hu\/wp-json\/wp\/v2\/users\/13"}],"replies":[{"embeddable":true,"href":"https:\/\/www.smedemokrati.sk\/hu\/wp-json\/wp\/v2\/comments?post=4038"}],"version-history":[{"count":1,"href":"https:\/\/www.smedemokrati.sk\/hu\/wp-json\/wp\/v2\/posts\/4038\/revisions"}],"predecessor-version":[{"id":4040,"href":"https:\/\/www.smedemokrati.sk\/hu\/wp-json\/wp\/v2\/posts\/4038\/revisions\/4040"}],"wp:featuredmedia":[{"embeddable":true,"href":"https:\/\/www.smedemokrati.sk\/hu\/wp-json\/wp\/v2\/media\/4039"}],"wp:attachment":[{"href":"https:\/\/www.smedemokrati.sk\/hu\/wp-json\/wp\/v2\/media?parent=4038"}],"wp:term":[{"taxonomy":"category","embeddable":true,"href":"https:\/\/www.smedemokrati.sk\/hu\/wp-json\/wp\/v2\/categories?post=4038"},{"taxonomy":"post_tag","embeddable":true,"href":"https:\/\/www.smedemokrati.sk\/hu\/wp-json\/wp\/v2\/tags?post=4038"}],"curies":[{"name":"wp","href":"https:\/\/api.w.org\/{rel}","templated":true}]}}