{"id":3994,"date":"2024-04-29T11:56:49","date_gmt":"2024-04-29T10:56:49","guid":{"rendered":"https:\/\/www.smedemokrati.sk\/?p=3994"},"modified":"2024-05-03T17:23:22","modified_gmt":"2024-05-03T16:23:22","slug":"papalasske-maniere-kuffovcov-pokracuju-dalsi-z-rodiny-sa-zucastnuje-oficialnych-rokovani-na-ktorych-nema-co-robit","status":"publish","type":"post","link":"https:\/\/www.smedemokrati.sk\/hu\/papalasske-maniere-kuffovcov-pokracuju-dalsi-z-rodiny-sa-zucastnuje-oficialnych-rokovani-na-ktorych-nema-co-robit\/","title":{"rendered":"Papal\u00e1\u0161ske maniere Kuffovcov pokra\u010duj\u00fa, \u010fal\u0161\u00ed z rodiny sa z\u00fa\u010dast\u0148uje ofici\u00e1lnych rokovan\u00ed, na ktor\u00fdch nem\u00e1 \u010do robi\u0165"},"content":{"rendered":"<div id=\"fb-root\"><\/div>\n\n<p><strong>Gregor Kuffa, brat a syn \u0161t\u00e1tnych tajomn\u00edkov rezortu \u017eivotn\u00e9ho prostredia, sa z\u00fa\u010dast\u0148uje ofici\u00e1lnych rokovan\u00ed, na ktor\u00fdch nem\u00e1 \u010do robi\u0165. Pod\u013ea zisten\u00ed Michala Ki\u010du sa civiln\u00e1 osoba Gregor Kuffa z\u00fa\u010dastnil napr\u00edklad rokovania k n\u00e1v\u0161tevn\u00e9mu poriadku Tatransk\u00e9ho n\u00e1rodn\u00e9ho parku. Takto sa \u010dlen rodiny Kuffovcov dost\u00e1va k exkluz\u00edvnym inform\u00e1ci\u00e1m, ktor\u00e9 m\u00f4\u017ee vyu\u017ei\u0165 pre svoj biznis.<\/strong><\/p>\n\n\n\n<p>Pod\u013ea Demokratov Gregor Kuffa dlhodobo h\u013ead\u00e1 priestor pre roz\u0161\u00edrenie svojho biznisov\u00e9ho portf\u00f3lia:\u00a0<em>\u201eN\u00e1v\u0161tevn\u00fd poriadok, resp. \u00fa\u010delov\u00e9 zmeny v \u0148om, o ktor\u00fdch sa z prvej ruky Gregor dozved\u00e1 na rokovaniach, mu m\u00f4\u017eu umo\u017eni\u0165, aby v n\u00e1rodnom parku naplno rozbehol svoj biznis a zarobil majland. Poskytuje toti\u017e jazdy na ko\u0148och a z dostupn\u00fdch inform\u00e1ci\u00ed je zrejm\u00e9, \u017ee tak\u00fdto typ slu\u017eby sa sna\u017e\u00ed roz\u0161\u00edri\u0165 aj do Tatransk\u00e9ho n\u00e1rodn\u00e9ho parku. Toto je absol\u00fatny konflikt z\u00e1ujmov, Gregor Kuffa nem\u00e1 na tak\u00fdchto rokovaniach \u010do robi\u0165, je to civiln\u00e1 osoba, ktor\u00e1 z\u00edskava konkuren\u010dn\u00fa v\u00fdhodu, toto je flagrantn\u00fd konflikt z\u00e1ujmov,\u201d<\/em>\u00a0otv\u00e1ra t\u00e9mu Michal Ki\u010da enviroexpert a b\u00fdval\u00fd \u0161t\u00e1tny tajomn\u00edk rezortu \u017eivotn\u00e9ho prostredia. Svoje tvrdenia z\u00e1rove\u0148 dokazuje materi\u00e1lom, ktor\u00fd hovor\u00ed o stretnut\u00ed na odbore \u017eivotn\u00e9ho prostredia v Pre\u0161ove k zmen\u00e1m n\u00e1v\u0161tevn\u00e9ho poriadku TANAPu, na ktor\u00e9ho sa z\u00fa\u010dastnil aj spom\u00ednan\u00fd Gregor Kuffa.\u00a0<\/p>\n\n\n\n<p>Juraja \u0160eliga, podpredseda Demokratov sa p\u00fdta, pre\u010do na stretnut\u00ed neboli \u010fal\u0161\u00ed podnikatelia v oblasti agroturistiky a hovor\u00ed, \u017ee rezort \u017eivotn\u00e9ho prostredia je dokonalou uk\u00e1\u017ekou syst\u00e9mu na\u0161ich \u013eud\u00ed: \u201e<em>Konanie, ktor\u00e9 paradoxne pred n\u00e1stupom do vl\u00e1dy kritizoval Robert Fico, v zmysle \u201ena\u0161i \u013eudia v\u0161ade\u201d je dnes na rezorte \u017eivotn\u00e9ho prostredia absol\u00fatne uk\u00e1\u017ekov\u00e9. Kuffovci obsadili n\u00e1rodn\u00e9 parky, akoby boli doma na z\u00e1hrade. Takto hlava nehlava pokra\u010duj\u00fa v ka\u017edej oblasti, \u010di je to RTVS, S\u00fadna rada, po novom aj m\u00faze\u00e1, kde bez udania d\u00f4vodu m\u00f4\u017eu odvola\u0165 riadite\u013ea a dosadi\u0165 si tam svojho, je na \u010dase to zastavi\u0165,\u201d<\/em>\u00a0hovor\u00ed \u0160eliga.<\/p>\n\n\n\n<p>Predseda Demokratov Jaroslav Na\u010f uzatv\u00e1ra t\u00e9mu v\u00fdzvou predsedovi vl\u00e1dy SR a tie\u017e Gener\u00e1lnemu prokur\u00e1torovi Maro\u0161ovi \u017dilinkovi:\u00a0<em>\u201eTo \u010do vid\u00edme od Tarabov\u00fdch nominatov je bohorovn\u00e9 poru\u0161ovanie z\u00e1kona, papal\u00e1\u0161izmus a rodink\u00e1rstvo. Je to norm\u00e1lne, \u017ee dvaja \u0161t\u00e1tni tajomn\u00edci zober\u00fa svojho brata a syna a id\u00fa mu do n\u00e1rodn\u00e9ho parku vybavova\u0165 biznis? Je toto norm\u00e1lne? Toto je ot\u00e1zka na Fica, ktor\u00fd zodpoved\u00e1 za ministrov. Predstavte si, keby sa toto dialo za Eduarda Hegera, sk\u00e1kal by do v\u00fd\u0161ky a h\u00e1dzal sa o zem. Vyz\u00fdvam ho, ako okam\u017eite odvolal oboch \u0161t\u00e1tnych tajomn\u00edkov a \u017eiadam tie\u017e gener\u00e1lneho prokur\u00e1tora aby sa ihne\u010f pozrel na v\u00fdkon funkcie rodiny Kuffovcov.\u201d<\/em><\/p>\n\n\n\n<figure class=\"wp-block-embed is-type-video is-provider-youtube wp-block-embed-youtube wp-embed-aspect-16-9 wp-has-aspect-ratio\"><div class=\"wp-block-embed__wrapper\">\n<iframe title=\"\ud83d\udd34Live: Zemepansk\u00fd klan Kuffovcov mus\u00ed skon\u010di\u0165, toto s\u00fa nov\u00e9 zistenia o papal\u00e1\u0161skych manieroch\" width=\"500\" height=\"281\" src=\"https:\/\/www.youtube.com\/embed\/WrcfyJdK3L4?feature=oembed\" frameborder=\"0\" allow=\"accelerometer; autoplay; clipboard-write; encrypted-media; gyroscope; picture-in-picture; web-share\" referrerpolicy=\"strict-origin-when-cross-origin\" allowfullscreen><\/iframe>\n<\/div><\/figure>\n","protected":false},"excerpt":{"rendered":"<p>Gregor Kuffa, brat a syn \u0161t\u00e1tnych tajomn\u00edkov rezortu \u017eivotn\u00e9ho prostredia, sa z\u00fa\u010dast\u0148uje ofici\u00e1lnych rokovan\u00ed, na ktor\u00fdch nem\u00e1 \u010do robi\u0165. Pod\u013ea zisten\u00ed Michala Ki\u010du sa civiln\u00e1 osoba Gregor Kuffa z\u00fa\u010dastnil napr\u00edklad rokovania k n\u00e1v\u0161tevn\u00e9mu poriadku Tatransk\u00e9ho n\u00e1rodn\u00e9ho parku. Takto sa \u010dlen rodiny Kuffovcov dost\u00e1va k exkluz\u00edvnym inform\u00e1ci\u00e1m, ktor\u00e9 m\u00f4\u017ee vyu\u017ei\u0165 pre svoj biznis. Pod\u013ea Demokratov Gregor [&hellip;]<\/p>\n","protected":false},"author":13,"featured_media":3995,"comment_status":"closed","ping_status":"closed","sticky":false,"template":"","format":"standard","meta":{"_acf_changed":false,"ngg_post_thumbnail":0,"footnotes":""},"categories":[4],"tags":[],"class_list":["post-3994","post","type-post","status-publish","format-standard","has-post-thumbnail","hentry","category-tlacove-spravy"],"acf":[],"yoast_head":"<!-- This site is optimized with the Yoast SEO plugin v27.2 - https:\/\/yoast.com\/product\/yoast-seo-wordpress\/ -->\n<title>Papal\u00e1\u0161ske maniere Kuffovcov pokra\u010duj\u00fa, \u010fal\u0161\u00ed z rodiny sa z\u00fa\u010dast\u0148uje ofici\u00e1lnych rokovan\u00ed, na ktor\u00fdch nem\u00e1 \u010do robi\u0165<\/title>\n<meta name=\"robots\" content=\"index, follow, max-snippet:-1, max-image-preview:large, max-video-preview:-1\" \/>\n<link rel=\"canonical\" href=\"https:\/\/www.smedemokrati.sk\/hu\/papalasske-maniere-kuffovcov-pokracuju-dalsi-z-rodiny-sa-zucastnuje-oficialnych-rokovani-na-ktorych-nema-co-robit\/\" \/>\n<meta property=\"og:locale\" content=\"hu_HU\" \/>\n<meta property=\"og:locale:alternate\" content=\"en_US\" \/>\n<meta property=\"og:locale:alternate\" content=\"cs_CZ\" \/>\n<meta property=\"og:locale:alternate\" content=\"sk_SK\" \/>\n<meta property=\"og:locale:alternate\" content=\"sv_SE\" \/>\n<meta property=\"og:type\" content=\"article\" \/>\n<meta property=\"og:title\" content=\"Papal\u00e1\u0161ske maniere Kuffovcov pokra\u010duj\u00fa, \u010fal\u0161\u00ed z rodiny sa z\u00fa\u010dast\u0148uje ofici\u00e1lnych rokovan\u00ed, na ktor\u00fdch nem\u00e1 \u010do robi\u0165\" \/>\n<meta property=\"og:description\" content=\"Gregor Kuffa, brat a syn \u0161t\u00e1tnych tajomn\u00edkov rezortu \u017eivotn\u00e9ho prostredia, sa z\u00fa\u010dast\u0148uje ofici\u00e1lnych rokovan\u00ed, na ktor\u00fdch nem\u00e1 \u010do robi\u0165. Pod\u013ea zisten\u00ed Michala Ki\u010du sa civiln\u00e1 osoba Gregor Kuffa z\u00fa\u010dastnil napr\u00edklad rokovania k n\u00e1v\u0161tevn\u00e9mu poriadku Tatransk\u00e9ho n\u00e1rodn\u00e9ho parku. Takto sa \u010dlen rodiny Kuffovcov dost\u00e1va k exkluz\u00edvnym inform\u00e1ci\u00e1m, ktor\u00e9 m\u00f4\u017ee vyu\u017ei\u0165 pre svoj biznis. Pod\u013ea Demokratov Gregor [&hellip;]\" \/>\n<meta property=\"og:url\" content=\"https:\/\/www.smedemokrati.sk\/hu\/papalasske-maniere-kuffovcov-pokracuju-dalsi-z-rodiny-sa-zucastnuje-oficialnych-rokovani-na-ktorych-nema-co-robit\/\" \/>\n<meta property=\"og:site_name\" content=\"Smedemokrati.sk\" \/>\n<meta property=\"article:publisher\" content=\"https:\/\/www.facebook.com\/smedemokrati2023\" \/>\n<meta property=\"article:published_time\" content=\"2024-04-29T10:56:49+00:00\" \/>\n<meta property=\"article:modified_time\" content=\"2024-05-03T16:23:22+00:00\" \/>\n<meta property=\"og:image\" content=\"https:\/\/www.smedemokrati.sk\/wp-content\/uploads\/2024\/04\/kufovci.jpg\" \/>\n\t<meta property=\"og:image:width\" content=\"1200\" \/>\n\t<meta property=\"og:image:height\" content=\"1094\" \/>\n\t<meta property=\"og:image:type\" content=\"image\/jpeg\" \/>\n<meta name=\"author\" content=\"miro.sopko\" \/>\n<meta name=\"twitter:card\" content=\"summary_large_image\" \/>\n<meta name=\"twitter:label1\" content=\"Szerz\u0151:\" \/>\n\t<meta name=\"twitter:data1\" content=\"miro.sopko\" \/>\n\t<meta name=\"twitter:label2\" content=\"Becs\u00fclt olvas\u00e1si id\u0151\" \/>\n\t<meta name=\"twitter:data2\" content=\"3 perc\" \/>\n<script type=\"application\/ld+json\" class=\"yoast-schema-graph\">{\"@context\":\"https:\/\/schema.org\",\"@graph\":[{\"@type\":\"Article\",\"@id\":\"https:\/\/www.smedemokrati.sk\/papalasske-maniere-kuffovcov-pokracuju-dalsi-z-rodiny-sa-zucastnuje-oficialnych-rokovani-na-ktorych-nema-co-robit\/#article\",\"isPartOf\":{\"@id\":\"https:\/\/www.smedemokrati.sk\/papalasske-maniere-kuffovcov-pokracuju-dalsi-z-rodiny-sa-zucastnuje-oficialnych-rokovani-na-ktorych-nema-co-robit\/\"},\"author\":{\"name\":\"miro.sopko\",\"@id\":\"https:\/\/www.smedemokrati.sk\/#\/schema\/person\/21f147c88d605aa7ded900e1e7c344ba\"},\"headline\":\"Papal\u00e1\u0161ske maniere Kuffovcov pokra\u010duj\u00fa, \u010fal\u0161\u00ed z rodiny sa z\u00fa\u010dast\u0148uje ofici\u00e1lnych rokovan\u00ed, na ktor\u00fdch nem\u00e1 \u010do robi\u0165\",\"datePublished\":\"2024-04-29T10:56:49+00:00\",\"dateModified\":\"2024-05-03T16:23:22+00:00\",\"mainEntityOfPage\":{\"@id\":\"https:\/\/www.smedemokrati.sk\/papalasske-maniere-kuffovcov-pokracuju-dalsi-z-rodiny-sa-zucastnuje-oficialnych-rokovani-na-ktorych-nema-co-robit\/\"},\"wordCount\":532,\"publisher\":{\"@id\":\"https:\/\/www.smedemokrati.sk\/#organization\"},\"image\":{\"@id\":\"https:\/\/www.smedemokrati.sk\/papalasske-maniere-kuffovcov-pokracuju-dalsi-z-rodiny-sa-zucastnuje-oficialnych-rokovani-na-ktorych-nema-co-robit\/#primaryimage\"},\"thumbnailUrl\":\"https:\/\/www.smedemokrati.sk\/wp-content\/uploads\/2024\/04\/kufovci.jpg\",\"articleSection\":[\"Tla\u010dov\u00e9 spr\u00e1vy\"],\"inLanguage\":\"hu-HU\"},{\"@type\":\"WebPage\",\"@id\":\"https:\/\/www.smedemokrati.sk\/papalasske-maniere-kuffovcov-pokracuju-dalsi-z-rodiny-sa-zucastnuje-oficialnych-rokovani-na-ktorych-nema-co-robit\/\",\"url\":\"https:\/\/www.smedemokrati.sk\/papalasske-maniere-kuffovcov-pokracuju-dalsi-z-rodiny-sa-zucastnuje-oficialnych-rokovani-na-ktorych-nema-co-robit\/\",\"name\":\"Papal\u00e1\u0161ske maniere Kuffovcov pokra\u010duj\u00fa, \u010fal\u0161\u00ed z rodiny sa z\u00fa\u010dast\u0148uje ofici\u00e1lnych rokovan\u00ed, na ktor\u00fdch nem\u00e1 \u010do robi\u0165\",\"isPartOf\":{\"@id\":\"https:\/\/www.smedemokrati.sk\/#website\"},\"primaryImageOfPage\":{\"@id\":\"https:\/\/www.smedemokrati.sk\/papalasske-maniere-kuffovcov-pokracuju-dalsi-z-rodiny-sa-zucastnuje-oficialnych-rokovani-na-ktorych-nema-co-robit\/#primaryimage\"},\"image\":{\"@id\":\"https:\/\/www.smedemokrati.sk\/papalasske-maniere-kuffovcov-pokracuju-dalsi-z-rodiny-sa-zucastnuje-oficialnych-rokovani-na-ktorych-nema-co-robit\/#primaryimage\"},\"thumbnailUrl\":\"https:\/\/www.smedemokrati.sk\/wp-content\/uploads\/2024\/04\/kufovci.jpg\",\"datePublished\":\"2024-04-29T10:56:49+00:00\",\"dateModified\":\"2024-05-03T16:23:22+00:00\",\"breadcrumb\":{\"@id\":\"https:\/\/www.smedemokrati.sk\/papalasske-maniere-kuffovcov-pokracuju-dalsi-z-rodiny-sa-zucastnuje-oficialnych-rokovani-na-ktorych-nema-co-robit\/#breadcrumb\"},\"inLanguage\":\"hu-HU\",\"potentialAction\":[{\"@type\":\"ReadAction\",\"target\":[\"https:\/\/www.smedemokrati.sk\/papalasske-maniere-kuffovcov-pokracuju-dalsi-z-rodiny-sa-zucastnuje-oficialnych-rokovani-na-ktorych-nema-co-robit\/\"]}]},{\"@type\":\"ImageObject\",\"inLanguage\":\"hu-HU\",\"@id\":\"https:\/\/www.smedemokrati.sk\/papalasske-maniere-kuffovcov-pokracuju-dalsi-z-rodiny-sa-zucastnuje-oficialnych-rokovani-na-ktorych-nema-co-robit\/#primaryimage\",\"url\":\"https:\/\/www.smedemokrati.sk\/wp-content\/uploads\/2024\/04\/kufovci.jpg\",\"contentUrl\":\"https:\/\/www.smedemokrati.sk\/wp-content\/uploads\/2024\/04\/kufovci.jpg\",\"width\":1200,\"height\":1094},{\"@type\":\"BreadcrumbList\",\"@id\":\"https:\/\/www.smedemokrati.sk\/papalasske-maniere-kuffovcov-pokracuju-dalsi-z-rodiny-sa-zucastnuje-oficialnych-rokovani-na-ktorych-nema-co-robit\/#breadcrumb\",\"itemListElement\":[{\"@type\":\"ListItem\",\"position\":1,\"name\":\"Domovsk\u00e1 str\u00e1nka\",\"item\":\"https:\/\/www.smedemokrati.sk\/\"},{\"@type\":\"ListItem\",\"position\":2,\"name\":\"Papal\u00e1\u0161ske maniere Kuffovcov pokra\u010duj\u00fa, \u010fal\u0161\u00ed z rodiny sa z\u00fa\u010dast\u0148uje ofici\u00e1lnych rokovan\u00ed, na ktor\u00fdch nem\u00e1 \u010do robi\u0165\"}]},{\"@type\":\"WebSite\",\"@id\":\"https:\/\/www.smedemokrati.sk\/#website\",\"url\":\"https:\/\/www.smedemokrati.sk\/\",\"name\":\"Smedemokrati.sk\",\"description\":\"Demokracia a slu\u0161nos\u0165 zv\u00ed\u0165az\u00ed\",\"publisher\":{\"@id\":\"https:\/\/www.smedemokrati.sk\/#organization\"},\"potentialAction\":[{\"@type\":\"SearchAction\",\"target\":{\"@type\":\"EntryPoint\",\"urlTemplate\":\"https:\/\/www.smedemokrati.sk\/?s={search_term_string}\"},\"query-input\":{\"@type\":\"PropertyValueSpecification\",\"valueRequired\":true,\"valueName\":\"search_term_string\"}}],\"inLanguage\":\"hu-HU\"},{\"@type\":\"Organization\",\"@id\":\"https:\/\/www.smedemokrati.sk\/#organization\",\"name\":\"Smedemokrati.sk\",\"url\":\"https:\/\/www.smedemokrati.sk\/\",\"logo\":{\"@type\":\"ImageObject\",\"inLanguage\":\"hu-HU\",\"@id\":\"https:\/\/www.smedemokrati.sk\/#\/schema\/logo\/image\/\",\"url\":\"https:\/\/www.smedemokrati.sk\/wp-content\/uploads\/2023\/04\/ff.002.jpeg\",\"contentUrl\":\"https:\/\/www.smedemokrati.sk\/wp-content\/uploads\/2023\/04\/ff.002.jpeg\",\"width\":640,\"height\":480,\"caption\":\"Smedemokrati.sk\"},\"image\":{\"@id\":\"https:\/\/www.smedemokrati.sk\/#\/schema\/logo\/image\/\"},\"sameAs\":[\"https:\/\/www.facebook.com\/smedemokrati2023\"]},{\"@type\":\"Person\",\"@id\":\"https:\/\/www.smedemokrati.sk\/#\/schema\/person\/21f147c88d605aa7ded900e1e7c344ba\",\"name\":\"miro.sopko\",\"image\":{\"@type\":\"ImageObject\",\"inLanguage\":\"hu-HU\",\"@id\":\"https:\/\/secure.gravatar.com\/avatar\/267e4a36f704376c109afe3a78740c1f5dd8675a2180a908699e7863c9247606?s=96&d=mm&r=g\",\"url\":\"https:\/\/secure.gravatar.com\/avatar\/267e4a36f704376c109afe3a78740c1f5dd8675a2180a908699e7863c9247606?s=96&d=mm&r=g\",\"contentUrl\":\"https:\/\/secure.gravatar.com\/avatar\/267e4a36f704376c109afe3a78740c1f5dd8675a2180a908699e7863c9247606?s=96&d=mm&r=g\",\"caption\":\"miro.sopko\"},\"url\":\"https:\/\/www.smedemokrati.sk\/hu\/author\/miro-sopko\/\"}]}<\/script>\n<!-- \/ Yoast SEO plugin. -->","yoast_head_json":{"title":"Papal\u00e1\u0161ske maniere Kuffovcov pokra\u010duj\u00fa, \u010fal\u0161\u00ed z rodiny sa z\u00fa\u010dast\u0148uje ofici\u00e1lnych rokovan\u00ed, na ktor\u00fdch nem\u00e1 \u010do robi\u0165","robots":{"index":"index","follow":"follow","max-snippet":"max-snippet:-1","max-image-preview":"max-image-preview:large","max-video-preview":"max-video-preview:-1"},"canonical":"https:\/\/www.smedemokrati.sk\/hu\/papalasske-maniere-kuffovcov-pokracuju-dalsi-z-rodiny-sa-zucastnuje-oficialnych-rokovani-na-ktorych-nema-co-robit\/","og_locale":"hu_HU","og_type":"article","og_title":"[:sk]Papal\u00e1\u0161ske maniere Kuffovcov pokra\u010duj\u00fa, \u010fal\u0161\u00ed z rodiny sa z\u00fa\u010dast\u0148uje ofici\u00e1lnych rokovan\u00ed, na ktor\u00fdch nem\u00e1 \u010do robi\u0165[:] - Smedemokrati.sk","og_description":"Gregor Kuffa, brat a syn \u0161t\u00e1tnych tajomn\u00edkov rezortu \u017eivotn\u00e9ho prostredia, sa z\u00fa\u010dast\u0148uje ofici\u00e1lnych rokovan\u00ed, na ktor\u00fdch nem\u00e1 \u010do robi\u0165. Pod\u013ea zisten\u00ed Michala Ki\u010du sa civiln\u00e1 osoba Gregor Kuffa z\u00fa\u010dastnil napr\u00edklad rokovania k n\u00e1v\u0161tevn\u00e9mu poriadku Tatransk\u00e9ho n\u00e1rodn\u00e9ho parku. Takto sa \u010dlen rodiny Kuffovcov dost\u00e1va k exkluz\u00edvnym inform\u00e1ci\u00e1m, ktor\u00e9 m\u00f4\u017ee vyu\u017ei\u0165 pre svoj biznis. Pod\u013ea Demokratov Gregor [&hellip;]","og_url":"https:\/\/www.smedemokrati.sk\/hu\/papalasske-maniere-kuffovcov-pokracuju-dalsi-z-rodiny-sa-zucastnuje-oficialnych-rokovani-na-ktorych-nema-co-robit\/","og_site_name":"Smedemokrati.sk","article_publisher":"https:\/\/www.facebook.com\/smedemokrati2023","article_published_time":"2024-04-29T10:56:49+00:00","article_modified_time":"2024-05-03T16:23:22+00:00","og_image":[{"width":1200,"height":1094,"url":"https:\/\/www.smedemokrati.sk\/wp-content\/uploads\/2024\/04\/kufovci.jpg","type":"image\/jpeg"}],"author":"miro.sopko","twitter_card":"summary_large_image","twitter_misc":{"Szerz\u0151:":"miro.sopko","Becs\u00fclt olvas\u00e1si id\u0151":"3 perc"},"schema":{"@context":"https:\/\/schema.org","@graph":[{"@type":"Article","@id":"https:\/\/www.smedemokrati.sk\/papalasske-maniere-kuffovcov-pokracuju-dalsi-z-rodiny-sa-zucastnuje-oficialnych-rokovani-na-ktorych-nema-co-robit\/#article","isPartOf":{"@id":"https:\/\/www.smedemokrati.sk\/papalasske-maniere-kuffovcov-pokracuju-dalsi-z-rodiny-sa-zucastnuje-oficialnych-rokovani-na-ktorych-nema-co-robit\/"},"author":{"name":"miro.sopko","@id":"https:\/\/www.smedemokrati.sk\/#\/schema\/person\/21f147c88d605aa7ded900e1e7c344ba"},"headline":"Papal\u00e1\u0161ske maniere Kuffovcov pokra\u010duj\u00fa, \u010fal\u0161\u00ed z rodiny sa z\u00fa\u010dast\u0148uje ofici\u00e1lnych rokovan\u00ed, na ktor\u00fdch nem\u00e1 \u010do robi\u0165","datePublished":"2024-04-29T10:56:49+00:00","dateModified":"2024-05-03T16:23:22+00:00","mainEntityOfPage":{"@id":"https:\/\/www.smedemokrati.sk\/papalasske-maniere-kuffovcov-pokracuju-dalsi-z-rodiny-sa-zucastnuje-oficialnych-rokovani-na-ktorych-nema-co-robit\/"},"wordCount":532,"publisher":{"@id":"https:\/\/www.smedemokrati.sk\/#organization"},"image":{"@id":"https:\/\/www.smedemokrati.sk\/papalasske-maniere-kuffovcov-pokracuju-dalsi-z-rodiny-sa-zucastnuje-oficialnych-rokovani-na-ktorych-nema-co-robit\/#primaryimage"},"thumbnailUrl":"https:\/\/www.smedemokrati.sk\/wp-content\/uploads\/2024\/04\/kufovci.jpg","articleSection":["Tla\u010dov\u00e9 spr\u00e1vy"],"inLanguage":"hu-HU"},{"@type":"WebPage","@id":"https:\/\/www.smedemokrati.sk\/papalasske-maniere-kuffovcov-pokracuju-dalsi-z-rodiny-sa-zucastnuje-oficialnych-rokovani-na-ktorych-nema-co-robit\/","url":"https:\/\/www.smedemokrati.sk\/papalasske-maniere-kuffovcov-pokracuju-dalsi-z-rodiny-sa-zucastnuje-oficialnych-rokovani-na-ktorych-nema-co-robit\/","name":"Papal\u00e1\u0161ske maniere Kuffovcov pokra\u010duj\u00fa, \u010fal\u0161\u00ed z rodiny sa z\u00fa\u010dast\u0148uje ofici\u00e1lnych rokovan\u00ed, na ktor\u00fdch nem\u00e1 \u010do robi\u0165","isPartOf":{"@id":"https:\/\/www.smedemokrati.sk\/#website"},"primaryImageOfPage":{"@id":"https:\/\/www.smedemokrati.sk\/papalasske-maniere-kuffovcov-pokracuju-dalsi-z-rodiny-sa-zucastnuje-oficialnych-rokovani-na-ktorych-nema-co-robit\/#primaryimage"},"image":{"@id":"https:\/\/www.smedemokrati.sk\/papalasske-maniere-kuffovcov-pokracuju-dalsi-z-rodiny-sa-zucastnuje-oficialnych-rokovani-na-ktorych-nema-co-robit\/#primaryimage"},"thumbnailUrl":"https:\/\/www.smedemokrati.sk\/wp-content\/uploads\/2024\/04\/kufovci.jpg","datePublished":"2024-04-29T10:56:49+00:00","dateModified":"2024-05-03T16:23:22+00:00","breadcrumb":{"@id":"https:\/\/www.smedemokrati.sk\/papalasske-maniere-kuffovcov-pokracuju-dalsi-z-rodiny-sa-zucastnuje-oficialnych-rokovani-na-ktorych-nema-co-robit\/#breadcrumb"},"inLanguage":"hu-HU","potentialAction":[{"@type":"ReadAction","target":["https:\/\/www.smedemokrati.sk\/papalasske-maniere-kuffovcov-pokracuju-dalsi-z-rodiny-sa-zucastnuje-oficialnych-rokovani-na-ktorych-nema-co-robit\/"]}]},{"@type":"ImageObject","inLanguage":"hu-HU","@id":"https:\/\/www.smedemokrati.sk\/papalasske-maniere-kuffovcov-pokracuju-dalsi-z-rodiny-sa-zucastnuje-oficialnych-rokovani-na-ktorych-nema-co-robit\/#primaryimage","url":"https:\/\/www.smedemokrati.sk\/wp-content\/uploads\/2024\/04\/kufovci.jpg","contentUrl":"https:\/\/www.smedemokrati.sk\/wp-content\/uploads\/2024\/04\/kufovci.jpg","width":1200,"height":1094},{"@type":"BreadcrumbList","@id":"https:\/\/www.smedemokrati.sk\/papalasske-maniere-kuffovcov-pokracuju-dalsi-z-rodiny-sa-zucastnuje-oficialnych-rokovani-na-ktorych-nema-co-robit\/#breadcrumb","itemListElement":[{"@type":"ListItem","position":1,"name":"Domovsk\u00e1 str\u00e1nka","item":"https:\/\/www.smedemokrati.sk\/"},{"@type":"ListItem","position":2,"name":"Papal\u00e1\u0161ske maniere Kuffovcov pokra\u010duj\u00fa, \u010fal\u0161\u00ed z rodiny sa z\u00fa\u010dast\u0148uje ofici\u00e1lnych rokovan\u00ed, na ktor\u00fdch nem\u00e1 \u010do robi\u0165"}]},{"@type":"WebSite","@id":"https:\/\/www.smedemokrati.sk\/#website","url":"https:\/\/www.smedemokrati.sk\/","name":"Smedemokrati.sk","description":"Demokracia a slu\u0161nos\u0165 zv\u00ed\u0165az\u00ed","publisher":{"@id":"https:\/\/www.smedemokrati.sk\/#organization"},"potentialAction":[{"@type":"SearchAction","target":{"@type":"EntryPoint","urlTemplate":"https:\/\/www.smedemokrati.sk\/?s={search_term_string}"},"query-input":{"@type":"PropertyValueSpecification","valueRequired":true,"valueName":"search_term_string"}}],"inLanguage":"hu-HU"},{"@type":"Organization","@id":"https:\/\/www.smedemokrati.sk\/#organization","name":"Smedemokrati.sk","url":"https:\/\/www.smedemokrati.sk\/","logo":{"@type":"ImageObject","inLanguage":"hu-HU","@id":"https:\/\/www.smedemokrati.sk\/#\/schema\/logo\/image\/","url":"https:\/\/www.smedemokrati.sk\/wp-content\/uploads\/2023\/04\/ff.002.jpeg","contentUrl":"https:\/\/www.smedemokrati.sk\/wp-content\/uploads\/2023\/04\/ff.002.jpeg","width":640,"height":480,"caption":"Smedemokrati.sk"},"image":{"@id":"https:\/\/www.smedemokrati.sk\/#\/schema\/logo\/image\/"},"sameAs":["https:\/\/www.facebook.com\/smedemokrati2023"]},{"@type":"Person","@id":"https:\/\/www.smedemokrati.sk\/#\/schema\/person\/21f147c88d605aa7ded900e1e7c344ba","name":"miro.sopko","image":{"@type":"ImageObject","inLanguage":"hu-HU","@id":"https:\/\/secure.gravatar.com\/avatar\/267e4a36f704376c109afe3a78740c1f5dd8675a2180a908699e7863c9247606?s=96&d=mm&r=g","url":"https:\/\/secure.gravatar.com\/avatar\/267e4a36f704376c109afe3a78740c1f5dd8675a2180a908699e7863c9247606?s=96&d=mm&r=g","contentUrl":"https:\/\/secure.gravatar.com\/avatar\/267e4a36f704376c109afe3a78740c1f5dd8675a2180a908699e7863c9247606?s=96&d=mm&r=g","caption":"miro.sopko"},"url":"https:\/\/www.smedemokrati.sk\/hu\/author\/miro-sopko\/"}]}},"_links":{"self":[{"href":"https:\/\/www.smedemokrati.sk\/hu\/wp-json\/wp\/v2\/posts\/3994","targetHints":{"allow":["GET"]}}],"collection":[{"href":"https:\/\/www.smedemokrati.sk\/hu\/wp-json\/wp\/v2\/posts"}],"about":[{"href":"https:\/\/www.smedemokrati.sk\/hu\/wp-json\/wp\/v2\/types\/post"}],"author":[{"embeddable":true,"href":"https:\/\/www.smedemokrati.sk\/hu\/wp-json\/wp\/v2\/users\/13"}],"replies":[{"embeddable":true,"href":"https:\/\/www.smedemokrati.sk\/hu\/wp-json\/wp\/v2\/comments?post=3994"}],"version-history":[{"count":1,"href":"https:\/\/www.smedemokrati.sk\/hu\/wp-json\/wp\/v2\/posts\/3994\/revisions"}],"predecessor-version":[{"id":3996,"href":"https:\/\/www.smedemokrati.sk\/hu\/wp-json\/wp\/v2\/posts\/3994\/revisions\/3996"}],"wp:featuredmedia":[{"embeddable":true,"href":"https:\/\/www.smedemokrati.sk\/hu\/wp-json\/wp\/v2\/media\/3995"}],"wp:attachment":[{"href":"https:\/\/www.smedemokrati.sk\/hu\/wp-json\/wp\/v2\/media?parent=3994"}],"wp:term":[{"taxonomy":"category","embeddable":true,"href":"https:\/\/www.smedemokrati.sk\/hu\/wp-json\/wp\/v2\/categories?post=3994"},{"taxonomy":"post_tag","embeddable":true,"href":"https:\/\/www.smedemokrati.sk\/hu\/wp-json\/wp\/v2\/tags?post=3994"}],"curies":[{"name":"wp","href":"https:\/\/api.w.org\/{rel}","templated":true}]}}