{"id":3957,"date":"2024-04-26T13:23:31","date_gmt":"2024-04-26T12:23:31","guid":{"rendered":"https:\/\/www.smedemokrati.sk\/?p=3957"},"modified":"2024-05-01T12:21:33","modified_gmt":"2024-05-01T11:21:33","slug":"europska-komisia-nas-otvorene-varovala-ak-vlada-pretlaci-kladivo-na-mimovladky-prideme-o-europske-peniaze-vyzyvame-poslancov-aby-zakon-odmietli","status":"publish","type":"post","link":"https:\/\/www.smedemokrati.sk\/hu\/europska-komisia-nas-otvorene-varovala-ak-vlada-pretlaci-kladivo-na-mimovladky-prideme-o-europske-peniaze-vyzyvame-poslancov-aby-zakon-odmietli\/","title":{"rendered":"Eur\u00f3pska komisia n\u00e1s otvorene varovala. Ak vl\u00e1da pretla\u010d\u00ed kladivo na mimovl\u00e1dky, pr\u00eddeme o eur\u00f3pske peniaze. Vyz\u00fdvame poslancov, aby z\u00e1kon odmietli"},"content":{"rendered":"<div id=\"fb-root\"><\/div>\n\n<p><strong>Poslanci dnes rokovali o z\u00e1kone o \u201czahrani\u010dn\u00fdch agentoch\u201d z dielne SNS, ktor\u00fd \u0161ikanuje mimovl\u00e1dne organiz\u00e1cie. Monika Podhor\u00e1ny Masarikov\u00e1 z Demokratov upozor\u0148uje, \u017ee poslanci rie\u0161ia neexistuj\u00faci probl\u00e9m a najm\u00e4 hazarduj\u00fa s peniazmi pre ob\u010danov zo zdrojov Eur\u00f3pskej \u00fanie.<\/strong><br><\/p>\n\n\n\n<p><em>\u201eEur\u00f3pska komisia ve\u013emi jednozna\u010dne a opakovane Slovensko upozornila, \u017ee ak\u00e9ko\u013evek snahy o kladenie prek\u00e1\u017eok ob\u010dianskemu sektora je v absol\u00fatnom rozpore s eur\u00f3pskym pr\u00e1vom. Po v\u010deraj\u0161om stretnut\u00ed Roberta Fica s eurokomis\u00e1rkou V\u011brou Jourovou v Bratislave je nad slnko jasnej\u0161ie, \u017ee prijatie tejto legislat\u00edvy bude ma\u0165 za n\u00e1sledok kr\u00e1tenie prostriedkov z E\u00da. Rovnako ako tomu bolo v pr\u00edpade Ma\u010farska, kde v neprospech vl\u00e1dy Viktora Orb\u00e1na dokonca rozhodol aj Eur\u00f3psky s\u00fadny dvor,\u201d<\/em> hovor\u00ed Podhor\u00e1ny Masarikov\u00e1.<\/p>\n\n\n\n<p>Upozor\u0148uje tie\u017e, \u017ee slovensk\u00fd variant z\u00e1kona o mimovl\u00e1dnych organiz\u00e1ci\u00e1ch je dokonca e\u0161te pr\u00edsnej\u0161\u00ed ako ma\u010farsk\u00fd: \u201cViktor Orb\u00e1n dnes iba bledne z\u00e1vis\u0165ou. Ak z\u00e1kon prejde n\u00e1rodnou radou, \u0161t\u00e1t bude m\u00f4c\u0165 ob\u010dianske zdru\u017eenie rozpusti\u0165 aj pri najmen\u0161om poru\u0161en\u00ed z\u00e1kona. A v\u0161etci ve\u013emi dobre vieme, \u017ee kto chce psa bi\u0165, palicu si n\u00e1jde\u201d.<\/p>\n\n\n\n<p>Pod\u013ea Podhor\u00e1ny Masarikovej nie s\u00fa probl\u00e9mom mimovl\u00e1dne organiz\u00e1cie. Za skuto\u010dn\u00fd probl\u00e9m ozna\u010duje Roberta Fica, ktor\u00fd \u00fato\u010d\u00ed na v\u0161etko, \u201e\u010do sa pohne&#8221;. Po spravodlivosti a nez\u00e1visl\u00fdch m\u00e9di\u00e1ch si zobral na mu\u0161ku t\u00fdch, ktor\u00ed pre na\u0161u spolo\u010dnos\u0165 robia mno\u017estvo dobrej pr\u00e1ce. Pom\u00e1haj\u00fa onkologick\u00fdm pacientom, pracuj\u00fa so soci\u00e1lne \u010di zdravotne znev\u00fdhodnen\u00fdmi de\u0165mi a dospel\u00fdmi, chr\u00e1nia pr\u00edrodu, \u010dastokr\u00e1t pr\u00e1ve pred neodborn\u00fdmi z\u00e1sahmi tejto vl\u00e1dy: <em>\u201eAk nie\u010do Robert Fico naozaj nezn\u00e1\u0161a, je to to, ke\u010f je \u013eudom na smiech. A ob\u010diansky sektor mu dnes nastavuje zrkadlo denne. Ako napr\u00edklad v t\u00fdchto d\u0148och zbierkou na pomoc s mun\u00edciou pre Ukrajinu, v ktorej sa za p\u00e1r dn\u00ed vyzbierali takmer 4 mili\u00f3ny Eur. Ob\u010dianske zdru\u017eenia nechc\u00fa od tejto vl\u00e1dy ni\u010d, len aby im dala pokoj a nechala ich v k\u013eude pracova\u0165\u201d<\/em>, vysvet\u013euje Podhor\u00e1ny Masarikov\u00e1.<\/p>\n\n\n\n<p>Hlasovanie o prvom \u010d\u00edtan\u00ed z\u00e1kona je v z\u00e1konodarnom zbore napl\u00e1novan\u00e9 na utorok. \u201cVyz\u00fdvame poslancov, aby tento zl\u00fd a zbyto\u010dn\u00fd z\u00e1kon, ktor\u00fd Slovensko m\u00f4\u017ee st\u00e1\u0165 stovky mili\u00f3nov eur odmietli,&#8221; uzatv\u00e1ra Monika Podhor\u00e1ny Masarikov\u00e1, ktor\u00e1 viac ako desa\u0165 rokov p\u00f4sobila v mimovl\u00e1dnom sektore a viacer\u00e9 organiz\u00e1cie aj \u00faspe\u0161ne viedla.<\/p>\n","protected":false},"excerpt":{"rendered":"<p>Poslanci dnes rokovali o z\u00e1kone o \u201czahrani\u010dn\u00fdch agentoch\u201d z dielne SNS, ktor\u00fd \u0161ikanuje mimovl\u00e1dne organiz\u00e1cie. Monika Podhor\u00e1ny Masarikov\u00e1 z Demokratov upozor\u0148uje, \u017ee poslanci rie\u0161ia neexistuj\u00faci probl\u00e9m a najm\u00e4 hazarduj\u00fa s peniazmi pre ob\u010danov zo zdrojov Eur\u00f3pskej \u00fanie. \u201eEur\u00f3pska komisia ve\u013emi jednozna\u010dne a opakovane Slovensko upozornila, \u017ee ak\u00e9ko\u013evek snahy o kladenie prek\u00e1\u017eok ob\u010dianskemu sektora je v [&hellip;]<\/p>\n","protected":false},"author":13,"featured_media":386,"comment_status":"closed","ping_status":"closed","sticky":false,"template":"","format":"standard","meta":{"_acf_changed":false,"ngg_post_thumbnail":0,"footnotes":""},"categories":[4],"tags":[],"class_list":["post-3957","post","type-post","status-publish","format-standard","has-post-thumbnail","hentry","category-tlacove-spravy"],"acf":[],"yoast_head":"<!-- This site is optimized with the Yoast SEO plugin v27.2 - https:\/\/yoast.com\/product\/yoast-seo-wordpress\/ -->\n<title>Eur\u00f3pska komisia n\u00e1s otvorene varovala. Ak vl\u00e1da pretla\u010d\u00ed kladivo na mimovl\u00e1dky, pr\u00eddeme o eur\u00f3pske peniaze. Vyz\u00fdvame poslancov, aby z\u00e1kon odmietli<\/title>\n<meta name=\"robots\" content=\"index, follow, max-snippet:-1, max-image-preview:large, max-video-preview:-1\" \/>\n<link rel=\"canonical\" href=\"https:\/\/www.smedemokrati.sk\/hu\/europska-komisia-nas-otvorene-varovala-ak-vlada-pretlaci-kladivo-na-mimovladky-prideme-o-europske-peniaze-vyzyvame-poslancov-aby-zakon-odmietli\/\" \/>\n<meta property=\"og:locale\" content=\"hu_HU\" \/>\n<meta property=\"og:locale:alternate\" content=\"en_US\" \/>\n<meta property=\"og:locale:alternate\" content=\"cs_CZ\" \/>\n<meta property=\"og:locale:alternate\" content=\"sk_SK\" \/>\n<meta property=\"og:locale:alternate\" content=\"sv_SE\" \/>\n<meta property=\"og:type\" content=\"article\" \/>\n<meta property=\"og:title\" content=\"Eur\u00f3pska komisia n\u00e1s otvorene varovala. Ak vl\u00e1da pretla\u010d\u00ed kladivo na mimovl\u00e1dky, pr\u00eddeme o eur\u00f3pske peniaze. Vyz\u00fdvame poslancov, aby z\u00e1kon odmietli\" \/>\n<meta property=\"og:description\" content=\"Poslanci dnes rokovali o z\u00e1kone o \u201czahrani\u010dn\u00fdch agentoch\u201d z dielne SNS, ktor\u00fd \u0161ikanuje mimovl\u00e1dne organiz\u00e1cie. Monika Podhor\u00e1ny Masarikov\u00e1 z Demokratov upozor\u0148uje, \u017ee poslanci rie\u0161ia neexistuj\u00faci probl\u00e9m a najm\u00e4 hazarduj\u00fa s peniazmi pre ob\u010danov zo zdrojov Eur\u00f3pskej \u00fanie. \u201eEur\u00f3pska komisia ve\u013emi jednozna\u010dne a opakovane Slovensko upozornila, \u017ee ak\u00e9ko\u013evek snahy o kladenie prek\u00e1\u017eok ob\u010dianskemu sektora je v [&hellip;]\" \/>\n<meta property=\"og:url\" content=\"https:\/\/www.smedemokrati.sk\/hu\/europska-komisia-nas-otvorene-varovala-ak-vlada-pretlaci-kladivo-na-mimovladky-prideme-o-europske-peniaze-vyzyvame-poslancov-aby-zakon-odmietli\/\" \/>\n<meta property=\"og:site_name\" content=\"Smedemokrati.sk\" \/>\n<meta property=\"article:publisher\" content=\"https:\/\/www.facebook.com\/smedemokrati2023\" \/>\n<meta property=\"article:published_time\" content=\"2024-04-26T12:23:31+00:00\" \/>\n<meta property=\"article:modified_time\" content=\"2024-05-01T11:21:33+00:00\" \/>\n<meta property=\"og:image\" content=\"https:\/\/www.smedemokrati.sk\/wp-content\/uploads\/2023\/04\/MM.jpg\" \/>\n\t<meta property=\"og:image:width\" content=\"1520\" \/>\n\t<meta property=\"og:image:height\" content=\"1080\" \/>\n\t<meta property=\"og:image:type\" content=\"image\/jpeg\" \/>\n<meta name=\"author\" content=\"miro.sopko\" \/>\n<meta name=\"twitter:card\" content=\"summary_large_image\" \/>\n<meta name=\"twitter:label1\" content=\"Szerz\u0151:\" \/>\n\t<meta name=\"twitter:data1\" content=\"miro.sopko\" \/>\n\t<meta name=\"twitter:label2\" content=\"Becs\u00fclt olvas\u00e1si id\u0151\" \/>\n\t<meta name=\"twitter:data2\" content=\"2 perc\" \/>\n<script type=\"application\/ld+json\" class=\"yoast-schema-graph\">{\"@context\":\"https:\/\/schema.org\",\"@graph\":[{\"@type\":\"Article\",\"@id\":\"https:\/\/www.smedemokrati.sk\/europska-komisia-nas-otvorene-varovala-ak-vlada-pretlaci-kladivo-na-mimovladky-prideme-o-europske-peniaze-vyzyvame-poslancov-aby-zakon-odmietli\/#article\",\"isPartOf\":{\"@id\":\"https:\/\/www.smedemokrati.sk\/europska-komisia-nas-otvorene-varovala-ak-vlada-pretlaci-kladivo-na-mimovladky-prideme-o-europske-peniaze-vyzyvame-poslancov-aby-zakon-odmietli\/\"},\"author\":{\"name\":\"miro.sopko\",\"@id\":\"https:\/\/www.smedemokrati.sk\/#\/schema\/person\/21f147c88d605aa7ded900e1e7c344ba\"},\"headline\":\"Eur\u00f3pska komisia n\u00e1s otvorene varovala. Ak vl\u00e1da pretla\u010d\u00ed kladivo na mimovl\u00e1dky, pr\u00eddeme o eur\u00f3pske peniaze. Vyz\u00fdvame poslancov, aby z\u00e1kon odmietli\",\"datePublished\":\"2024-04-26T12:23:31+00:00\",\"dateModified\":\"2024-05-01T11:21:33+00:00\",\"mainEntityOfPage\":{\"@id\":\"https:\/\/www.smedemokrati.sk\/europska-komisia-nas-otvorene-varovala-ak-vlada-pretlaci-kladivo-na-mimovladky-prideme-o-europske-peniaze-vyzyvame-poslancov-aby-zakon-odmietli\/\"},\"wordCount\":483,\"publisher\":{\"@id\":\"https:\/\/www.smedemokrati.sk\/#organization\"},\"image\":{\"@id\":\"https:\/\/www.smedemokrati.sk\/europska-komisia-nas-otvorene-varovala-ak-vlada-pretlaci-kladivo-na-mimovladky-prideme-o-europske-peniaze-vyzyvame-poslancov-aby-zakon-odmietli\/#primaryimage\"},\"thumbnailUrl\":\"https:\/\/www.smedemokrati.sk\/wp-content\/uploads\/2023\/04\/MM.jpg\",\"articleSection\":[\"Tla\u010dov\u00e9 spr\u00e1vy\"],\"inLanguage\":\"hu-HU\"},{\"@type\":\"WebPage\",\"@id\":\"https:\/\/www.smedemokrati.sk\/europska-komisia-nas-otvorene-varovala-ak-vlada-pretlaci-kladivo-na-mimovladky-prideme-o-europske-peniaze-vyzyvame-poslancov-aby-zakon-odmietli\/\",\"url\":\"https:\/\/www.smedemokrati.sk\/europska-komisia-nas-otvorene-varovala-ak-vlada-pretlaci-kladivo-na-mimovladky-prideme-o-europske-peniaze-vyzyvame-poslancov-aby-zakon-odmietli\/\",\"name\":\"Eur\u00f3pska komisia n\u00e1s otvorene varovala. Ak vl\u00e1da pretla\u010d\u00ed kladivo na mimovl\u00e1dky, pr\u00eddeme o eur\u00f3pske peniaze. Vyz\u00fdvame poslancov, aby z\u00e1kon odmietli\",\"isPartOf\":{\"@id\":\"https:\/\/www.smedemokrati.sk\/#website\"},\"primaryImageOfPage\":{\"@id\":\"https:\/\/www.smedemokrati.sk\/europska-komisia-nas-otvorene-varovala-ak-vlada-pretlaci-kladivo-na-mimovladky-prideme-o-europske-peniaze-vyzyvame-poslancov-aby-zakon-odmietli\/#primaryimage\"},\"image\":{\"@id\":\"https:\/\/www.smedemokrati.sk\/europska-komisia-nas-otvorene-varovala-ak-vlada-pretlaci-kladivo-na-mimovladky-prideme-o-europske-peniaze-vyzyvame-poslancov-aby-zakon-odmietli\/#primaryimage\"},\"thumbnailUrl\":\"https:\/\/www.smedemokrati.sk\/wp-content\/uploads\/2023\/04\/MM.jpg\",\"datePublished\":\"2024-04-26T12:23:31+00:00\",\"dateModified\":\"2024-05-01T11:21:33+00:00\",\"breadcrumb\":{\"@id\":\"https:\/\/www.smedemokrati.sk\/europska-komisia-nas-otvorene-varovala-ak-vlada-pretlaci-kladivo-na-mimovladky-prideme-o-europske-peniaze-vyzyvame-poslancov-aby-zakon-odmietli\/#breadcrumb\"},\"inLanguage\":\"hu-HU\",\"potentialAction\":[{\"@type\":\"ReadAction\",\"target\":[\"https:\/\/www.smedemokrati.sk\/europska-komisia-nas-otvorene-varovala-ak-vlada-pretlaci-kladivo-na-mimovladky-prideme-o-europske-peniaze-vyzyvame-poslancov-aby-zakon-odmietli\/\"]}]},{\"@type\":\"ImageObject\",\"inLanguage\":\"hu-HU\",\"@id\":\"https:\/\/www.smedemokrati.sk\/europska-komisia-nas-otvorene-varovala-ak-vlada-pretlaci-kladivo-na-mimovladky-prideme-o-europske-peniaze-vyzyvame-poslancov-aby-zakon-odmietli\/#primaryimage\",\"url\":\"https:\/\/www.smedemokrati.sk\/wp-content\/uploads\/2023\/04\/MM.jpg\",\"contentUrl\":\"https:\/\/www.smedemokrati.sk\/wp-content\/uploads\/2023\/04\/MM.jpg\",\"width\":1520,\"height\":1080},{\"@type\":\"BreadcrumbList\",\"@id\":\"https:\/\/www.smedemokrati.sk\/europska-komisia-nas-otvorene-varovala-ak-vlada-pretlaci-kladivo-na-mimovladky-prideme-o-europske-peniaze-vyzyvame-poslancov-aby-zakon-odmietli\/#breadcrumb\",\"itemListElement\":[{\"@type\":\"ListItem\",\"position\":1,\"name\":\"Domovsk\u00e1 str\u00e1nka\",\"item\":\"https:\/\/www.smedemokrati.sk\/\"},{\"@type\":\"ListItem\",\"position\":2,\"name\":\"Eur\u00f3pska komisia n\u00e1s otvorene varovala. Ak vl\u00e1da pretla\u010d\u00ed kladivo na mimovl\u00e1dky, pr\u00eddeme o eur\u00f3pske peniaze. Vyz\u00fdvame poslancov, aby z\u00e1kon odmietli\"}]},{\"@type\":\"WebSite\",\"@id\":\"https:\/\/www.smedemokrati.sk\/#website\",\"url\":\"https:\/\/www.smedemokrati.sk\/\",\"name\":\"Smedemokrati.sk\",\"description\":\"Demokracia a slu\u0161nos\u0165 zv\u00ed\u0165az\u00ed\",\"publisher\":{\"@id\":\"https:\/\/www.smedemokrati.sk\/#organization\"},\"potentialAction\":[{\"@type\":\"SearchAction\",\"target\":{\"@type\":\"EntryPoint\",\"urlTemplate\":\"https:\/\/www.smedemokrati.sk\/?s={search_term_string}\"},\"query-input\":{\"@type\":\"PropertyValueSpecification\",\"valueRequired\":true,\"valueName\":\"search_term_string\"}}],\"inLanguage\":\"hu-HU\"},{\"@type\":\"Organization\",\"@id\":\"https:\/\/www.smedemokrati.sk\/#organization\",\"name\":\"Smedemokrati.sk\",\"url\":\"https:\/\/www.smedemokrati.sk\/\",\"logo\":{\"@type\":\"ImageObject\",\"inLanguage\":\"hu-HU\",\"@id\":\"https:\/\/www.smedemokrati.sk\/#\/schema\/logo\/image\/\",\"url\":\"https:\/\/www.smedemokrati.sk\/wp-content\/uploads\/2023\/04\/ff.002.jpeg\",\"contentUrl\":\"https:\/\/www.smedemokrati.sk\/wp-content\/uploads\/2023\/04\/ff.002.jpeg\",\"width\":640,\"height\":480,\"caption\":\"Smedemokrati.sk\"},\"image\":{\"@id\":\"https:\/\/www.smedemokrati.sk\/#\/schema\/logo\/image\/\"},\"sameAs\":[\"https:\/\/www.facebook.com\/smedemokrati2023\"]},{\"@type\":\"Person\",\"@id\":\"https:\/\/www.smedemokrati.sk\/#\/schema\/person\/21f147c88d605aa7ded900e1e7c344ba\",\"name\":\"miro.sopko\",\"image\":{\"@type\":\"ImageObject\",\"inLanguage\":\"hu-HU\",\"@id\":\"https:\/\/secure.gravatar.com\/avatar\/267e4a36f704376c109afe3a78740c1f5dd8675a2180a908699e7863c9247606?s=96&d=mm&r=g\",\"url\":\"https:\/\/secure.gravatar.com\/avatar\/267e4a36f704376c109afe3a78740c1f5dd8675a2180a908699e7863c9247606?s=96&d=mm&r=g\",\"contentUrl\":\"https:\/\/secure.gravatar.com\/avatar\/267e4a36f704376c109afe3a78740c1f5dd8675a2180a908699e7863c9247606?s=96&d=mm&r=g\",\"caption\":\"miro.sopko\"},\"url\":\"https:\/\/www.smedemokrati.sk\/hu\/author\/miro-sopko\/\"}]}<\/script>\n<!-- \/ Yoast SEO plugin. -->","yoast_head_json":{"title":"Eur\u00f3pska komisia n\u00e1s otvorene varovala. Ak vl\u00e1da pretla\u010d\u00ed kladivo na mimovl\u00e1dky, pr\u00eddeme o eur\u00f3pske peniaze. Vyz\u00fdvame poslancov, aby z\u00e1kon odmietli","robots":{"index":"index","follow":"follow","max-snippet":"max-snippet:-1","max-image-preview":"max-image-preview:large","max-video-preview":"max-video-preview:-1"},"canonical":"https:\/\/www.smedemokrati.sk\/hu\/europska-komisia-nas-otvorene-varovala-ak-vlada-pretlaci-kladivo-na-mimovladky-prideme-o-europske-peniaze-vyzyvame-poslancov-aby-zakon-odmietli\/","og_locale":"hu_HU","og_type":"article","og_title":"[:sk]Eur\u00f3pska komisia n\u00e1s otvorene varovala. Ak vl\u00e1da pretla\u010d\u00ed kladivo na mimovl\u00e1dky, pr\u00eddeme o eur\u00f3pske peniaze. Vyz\u00fdvame poslancov, aby z\u00e1kon odmietli[:] - Smedemokrati.sk","og_description":"Poslanci dnes rokovali o z\u00e1kone o \u201czahrani\u010dn\u00fdch agentoch\u201d z dielne SNS, ktor\u00fd \u0161ikanuje mimovl\u00e1dne organiz\u00e1cie. Monika Podhor\u00e1ny Masarikov\u00e1 z Demokratov upozor\u0148uje, \u017ee poslanci rie\u0161ia neexistuj\u00faci probl\u00e9m a najm\u00e4 hazarduj\u00fa s peniazmi pre ob\u010danov zo zdrojov Eur\u00f3pskej \u00fanie. \u201eEur\u00f3pska komisia ve\u013emi jednozna\u010dne a opakovane Slovensko upozornila, \u017ee ak\u00e9ko\u013evek snahy o kladenie prek\u00e1\u017eok ob\u010dianskemu sektora je v [&hellip;]","og_url":"https:\/\/www.smedemokrati.sk\/hu\/europska-komisia-nas-otvorene-varovala-ak-vlada-pretlaci-kladivo-na-mimovladky-prideme-o-europske-peniaze-vyzyvame-poslancov-aby-zakon-odmietli\/","og_site_name":"Smedemokrati.sk","article_publisher":"https:\/\/www.facebook.com\/smedemokrati2023","article_published_time":"2024-04-26T12:23:31+00:00","article_modified_time":"2024-05-01T11:21:33+00:00","og_image":[{"width":1520,"height":1080,"url":"https:\/\/www.smedemokrati.sk\/wp-content\/uploads\/2023\/04\/MM.jpg","type":"image\/jpeg"}],"author":"miro.sopko","twitter_card":"summary_large_image","twitter_misc":{"Szerz\u0151:":"miro.sopko","Becs\u00fclt olvas\u00e1si id\u0151":"2 perc"},"schema":{"@context":"https:\/\/schema.org","@graph":[{"@type":"Article","@id":"https:\/\/www.smedemokrati.sk\/europska-komisia-nas-otvorene-varovala-ak-vlada-pretlaci-kladivo-na-mimovladky-prideme-o-europske-peniaze-vyzyvame-poslancov-aby-zakon-odmietli\/#article","isPartOf":{"@id":"https:\/\/www.smedemokrati.sk\/europska-komisia-nas-otvorene-varovala-ak-vlada-pretlaci-kladivo-na-mimovladky-prideme-o-europske-peniaze-vyzyvame-poslancov-aby-zakon-odmietli\/"},"author":{"name":"miro.sopko","@id":"https:\/\/www.smedemokrati.sk\/#\/schema\/person\/21f147c88d605aa7ded900e1e7c344ba"},"headline":"Eur\u00f3pska komisia n\u00e1s otvorene varovala. Ak vl\u00e1da pretla\u010d\u00ed kladivo na mimovl\u00e1dky, pr\u00eddeme o eur\u00f3pske peniaze. Vyz\u00fdvame poslancov, aby z\u00e1kon odmietli","datePublished":"2024-04-26T12:23:31+00:00","dateModified":"2024-05-01T11:21:33+00:00","mainEntityOfPage":{"@id":"https:\/\/www.smedemokrati.sk\/europska-komisia-nas-otvorene-varovala-ak-vlada-pretlaci-kladivo-na-mimovladky-prideme-o-europske-peniaze-vyzyvame-poslancov-aby-zakon-odmietli\/"},"wordCount":483,"publisher":{"@id":"https:\/\/www.smedemokrati.sk\/#organization"},"image":{"@id":"https:\/\/www.smedemokrati.sk\/europska-komisia-nas-otvorene-varovala-ak-vlada-pretlaci-kladivo-na-mimovladky-prideme-o-europske-peniaze-vyzyvame-poslancov-aby-zakon-odmietli\/#primaryimage"},"thumbnailUrl":"https:\/\/www.smedemokrati.sk\/wp-content\/uploads\/2023\/04\/MM.jpg","articleSection":["Tla\u010dov\u00e9 spr\u00e1vy"],"inLanguage":"hu-HU"},{"@type":"WebPage","@id":"https:\/\/www.smedemokrati.sk\/europska-komisia-nas-otvorene-varovala-ak-vlada-pretlaci-kladivo-na-mimovladky-prideme-o-europske-peniaze-vyzyvame-poslancov-aby-zakon-odmietli\/","url":"https:\/\/www.smedemokrati.sk\/europska-komisia-nas-otvorene-varovala-ak-vlada-pretlaci-kladivo-na-mimovladky-prideme-o-europske-peniaze-vyzyvame-poslancov-aby-zakon-odmietli\/","name":"Eur\u00f3pska komisia n\u00e1s otvorene varovala. Ak vl\u00e1da pretla\u010d\u00ed kladivo na mimovl\u00e1dky, pr\u00eddeme o eur\u00f3pske peniaze. Vyz\u00fdvame poslancov, aby z\u00e1kon odmietli","isPartOf":{"@id":"https:\/\/www.smedemokrati.sk\/#website"},"primaryImageOfPage":{"@id":"https:\/\/www.smedemokrati.sk\/europska-komisia-nas-otvorene-varovala-ak-vlada-pretlaci-kladivo-na-mimovladky-prideme-o-europske-peniaze-vyzyvame-poslancov-aby-zakon-odmietli\/#primaryimage"},"image":{"@id":"https:\/\/www.smedemokrati.sk\/europska-komisia-nas-otvorene-varovala-ak-vlada-pretlaci-kladivo-na-mimovladky-prideme-o-europske-peniaze-vyzyvame-poslancov-aby-zakon-odmietli\/#primaryimage"},"thumbnailUrl":"https:\/\/www.smedemokrati.sk\/wp-content\/uploads\/2023\/04\/MM.jpg","datePublished":"2024-04-26T12:23:31+00:00","dateModified":"2024-05-01T11:21:33+00:00","breadcrumb":{"@id":"https:\/\/www.smedemokrati.sk\/europska-komisia-nas-otvorene-varovala-ak-vlada-pretlaci-kladivo-na-mimovladky-prideme-o-europske-peniaze-vyzyvame-poslancov-aby-zakon-odmietli\/#breadcrumb"},"inLanguage":"hu-HU","potentialAction":[{"@type":"ReadAction","target":["https:\/\/www.smedemokrati.sk\/europska-komisia-nas-otvorene-varovala-ak-vlada-pretlaci-kladivo-na-mimovladky-prideme-o-europske-peniaze-vyzyvame-poslancov-aby-zakon-odmietli\/"]}]},{"@type":"ImageObject","inLanguage":"hu-HU","@id":"https:\/\/www.smedemokrati.sk\/europska-komisia-nas-otvorene-varovala-ak-vlada-pretlaci-kladivo-na-mimovladky-prideme-o-europske-peniaze-vyzyvame-poslancov-aby-zakon-odmietli\/#primaryimage","url":"https:\/\/www.smedemokrati.sk\/wp-content\/uploads\/2023\/04\/MM.jpg","contentUrl":"https:\/\/www.smedemokrati.sk\/wp-content\/uploads\/2023\/04\/MM.jpg","width":1520,"height":1080},{"@type":"BreadcrumbList","@id":"https:\/\/www.smedemokrati.sk\/europska-komisia-nas-otvorene-varovala-ak-vlada-pretlaci-kladivo-na-mimovladky-prideme-o-europske-peniaze-vyzyvame-poslancov-aby-zakon-odmietli\/#breadcrumb","itemListElement":[{"@type":"ListItem","position":1,"name":"Domovsk\u00e1 str\u00e1nka","item":"https:\/\/www.smedemokrati.sk\/"},{"@type":"ListItem","position":2,"name":"Eur\u00f3pska komisia n\u00e1s otvorene varovala. Ak vl\u00e1da pretla\u010d\u00ed kladivo na mimovl\u00e1dky, pr\u00eddeme o eur\u00f3pske peniaze. Vyz\u00fdvame poslancov, aby z\u00e1kon odmietli"}]},{"@type":"WebSite","@id":"https:\/\/www.smedemokrati.sk\/#website","url":"https:\/\/www.smedemokrati.sk\/","name":"Smedemokrati.sk","description":"Demokracia a slu\u0161nos\u0165 zv\u00ed\u0165az\u00ed","publisher":{"@id":"https:\/\/www.smedemokrati.sk\/#organization"},"potentialAction":[{"@type":"SearchAction","target":{"@type":"EntryPoint","urlTemplate":"https:\/\/www.smedemokrati.sk\/?s={search_term_string}"},"query-input":{"@type":"PropertyValueSpecification","valueRequired":true,"valueName":"search_term_string"}}],"inLanguage":"hu-HU"},{"@type":"Organization","@id":"https:\/\/www.smedemokrati.sk\/#organization","name":"Smedemokrati.sk","url":"https:\/\/www.smedemokrati.sk\/","logo":{"@type":"ImageObject","inLanguage":"hu-HU","@id":"https:\/\/www.smedemokrati.sk\/#\/schema\/logo\/image\/","url":"https:\/\/www.smedemokrati.sk\/wp-content\/uploads\/2023\/04\/ff.002.jpeg","contentUrl":"https:\/\/www.smedemokrati.sk\/wp-content\/uploads\/2023\/04\/ff.002.jpeg","width":640,"height":480,"caption":"Smedemokrati.sk"},"image":{"@id":"https:\/\/www.smedemokrati.sk\/#\/schema\/logo\/image\/"},"sameAs":["https:\/\/www.facebook.com\/smedemokrati2023"]},{"@type":"Person","@id":"https:\/\/www.smedemokrati.sk\/#\/schema\/person\/21f147c88d605aa7ded900e1e7c344ba","name":"miro.sopko","image":{"@type":"ImageObject","inLanguage":"hu-HU","@id":"https:\/\/secure.gravatar.com\/avatar\/267e4a36f704376c109afe3a78740c1f5dd8675a2180a908699e7863c9247606?s=96&d=mm&r=g","url":"https:\/\/secure.gravatar.com\/avatar\/267e4a36f704376c109afe3a78740c1f5dd8675a2180a908699e7863c9247606?s=96&d=mm&r=g","contentUrl":"https:\/\/secure.gravatar.com\/avatar\/267e4a36f704376c109afe3a78740c1f5dd8675a2180a908699e7863c9247606?s=96&d=mm&r=g","caption":"miro.sopko"},"url":"https:\/\/www.smedemokrati.sk\/hu\/author\/miro-sopko\/"}]}},"_links":{"self":[{"href":"https:\/\/www.smedemokrati.sk\/hu\/wp-json\/wp\/v2\/posts\/3957","targetHints":{"allow":["GET"]}}],"collection":[{"href":"https:\/\/www.smedemokrati.sk\/hu\/wp-json\/wp\/v2\/posts"}],"about":[{"href":"https:\/\/www.smedemokrati.sk\/hu\/wp-json\/wp\/v2\/types\/post"}],"author":[{"embeddable":true,"href":"https:\/\/www.smedemokrati.sk\/hu\/wp-json\/wp\/v2\/users\/13"}],"replies":[{"embeddable":true,"href":"https:\/\/www.smedemokrati.sk\/hu\/wp-json\/wp\/v2\/comments?post=3957"}],"version-history":[{"count":1,"href":"https:\/\/www.smedemokrati.sk\/hu\/wp-json\/wp\/v2\/posts\/3957\/revisions"}],"predecessor-version":[{"id":3958,"href":"https:\/\/www.smedemokrati.sk\/hu\/wp-json\/wp\/v2\/posts\/3957\/revisions\/3958"}],"wp:featuredmedia":[{"embeddable":true,"href":"https:\/\/www.smedemokrati.sk\/hu\/wp-json\/wp\/v2\/media\/386"}],"wp:attachment":[{"href":"https:\/\/www.smedemokrati.sk\/hu\/wp-json\/wp\/v2\/media?parent=3957"}],"wp:term":[{"taxonomy":"category","embeddable":true,"href":"https:\/\/www.smedemokrati.sk\/hu\/wp-json\/wp\/v2\/categories?post=3957"},{"taxonomy":"post_tag","embeddable":true,"href":"https:\/\/www.smedemokrati.sk\/hu\/wp-json\/wp\/v2\/tags?post=3957"}],"curies":[{"name":"wp","href":"https:\/\/api.w.org\/{rel}","templated":true}]}}