{"id":3848,"date":"2024-04-18T10:25:53","date_gmt":"2024-04-18T09:25:53","guid":{"rendered":"https:\/\/www.smedemokrati.sk\/?p=3848"},"modified":"2024-04-23T13:46:14","modified_gmt":"2024-04-23T12:46:14","slug":"kdh-moze-byt-ficovym-lakmusovym-papierikom-nemozu-mu-naletiet","status":"publish","type":"post","link":"https:\/\/www.smedemokrati.sk\/hu\/kdh-moze-byt-ficovym-lakmusovym-papierikom-nemozu-mu-naletiet\/","title":{"rendered":"KDH m\u00f4\u017ee by\u0165 Ficov\u00fdm lakmusov\u00fdm papierikom, nem\u00f4\u017eu mu naletie\u0165"},"content":{"rendered":"<div id=\"fb-root\"><\/div>\n\n<p><strong>Demokrati upozor\u0148uj\u00fa na nebezpe\u010dn\u00fa hru, ktor\u00fa rozhoral premi\u00e9r Robert Fico smerom ku KDH. Jeho z\u00e1merom je zmenou \u00fastavn\u00e9ho z\u00e1kona nav\u00fd\u0161i\u0165 po\u010det sudcov \u00fastavn\u00e9ho s\u00fadu, to v\u0161etko v\u00fdmenou za ak\u00fasi falo\u0161n\u00fa ochranu hodnotov\u00fdch t\u00e9m, ktor\u00fdmi je adopcia det\u00ed p\u00e1rov rovnak\u00e9ho pohlavia \u010di z\u00e1kaz potratov.<\/strong><\/p>\n\n\n\n<p><em><em><em>\u201e<\/em><\/em>Postavili sme sa pred \u00dastavn\u00fd s\u00fad v Ko\u0161iciach, aby sme manifestovali, \u017ee ide o jednu z posledn\u00fdch b\u00e1\u0161t pr\u00e1vneho \u0161t\u00e1tu na Slovensku. Ostatn\u00e9 dni sme svedkami brut\u00e1lnych \u00fatokov na in\u0161tit\u00facie garantuj\u00facich spravodlivos\u0165, no aj na vybran\u00fdch sudcov a \u010dlenov S\u00fadnej rady tak, aby odstavili t\u00fdch, ktor\u00ed slu\u0161ne a poctivo vykon\u00e1vaj\u00fa svoju pr\u00e1cu. Chcem upozorni\u0165, \u017ee \u00fastavn\u00fd s\u00fad sa \u017eia\u013e, \u00fatoku zo strany vl\u00e1dnej moci nevyhne,\u201d<\/em>\u00a0hovor\u00ed expert na pr\u00e1vo a spravodlivos\u0165 Juraj \u0160eliga.\u00a0<\/p>\n\n\n\n<p>Podpredseda Demokratov \u0160eliga tie\u017e hovor\u00ed, \u017ee Robert Fico si cez Petra Pellegriniho pripravuje p\u00f4du na to, aby po n\u00e1stupe do prezidentsk\u00e9ho pal\u00e1ca okam\u017eite odvolal s\u00fa\u010dasn\u00e9ho \u0161\u00e9fa \u00fastavn\u00e9ho s\u00fadu, Ivana Fia\u010dana:\u00a0<em><em><em>\u201e<\/em><\/em>P\u00e1r t\u00fd\u017ed\u0148ov dozadu ho Fico\u00a0vyz\u00fdval na odst\u00fapenie, neust\u00e1le kritizuje \u010dinnos\u0165 \u00fastavn\u00e9ho s\u00fadu a pripravuje verejnos\u0165 na to, \u017ee ho odvol\u00e1. Ak k tomu prir\u00e1tame to, \u017eeby si nav\u00fd\u0161il\u00a0po\u010det \u00fastavn\u00fdch sudcov a dosadil si tam svojich spriaznen\u00fdch kon\u00ed, ob\u00e1vam sa, \u017ee Slovensko by si zabuchlo dvere pred spravodlivos\u0165ou. KDH nesmie pod\u013eahn\u00fa\u0165, pros\u00edm kolegov, aby sa nedali takto vydiera\u0165, preto\u017ee cena je privysok\u00e1,&#8221;<\/em>\u00a0uzatv\u00e1ra \u0160eliga.<\/p>\n\n\n\n<p><em><em><em>\u201e<\/em><\/em>Robert Fico chce jednozna\u010dne ovl\u00e1dnu\u0165 \u00fastavn\u00fd s\u00fad. Ver\u00edm, \u017ee KDH nesko\u010d\u00ed na t\u00fato falo\u0161n\u00fa hru, povedzme za v\u00fdmenu \u010di u\u017e hodnotov\u00fdch ot\u00e1zok alebo za eurofondy pre Pre\u0161ovsk\u00fd samospr\u00e1vny kraj. Preto\u017ee ak odovzd\u00e1m \u00fastavn\u00fd s\u00fad Robertovi Ficovi, bude to koniec pr\u00e1vneho \u0161t\u00e1tu na Slovensku. Ke\u010f sa nav\u00fd\u0161i po\u010det sudcov, Fico bude ma\u0165 v\u00e4\u010d\u0161inu a potom m\u00f4\u017eeme \u013eahko predpoklada\u0165, \u017ee \u00fastavn\u00fd s\u00fad bude rozhodova\u0165 tak, ako chce premi\u00e9r Zlovl\u00e1dy,\u201d<\/em>\u00a0povedal predseda strany Jaroslav Na\u010f d\u00f4razne dodal, \u017ee je presved\u010den\u00fd, \u017ee na konci kari\u00e9ry sa Robert Fico vid\u00ed na poz\u00edcii predsedu \u00fastavn\u00e9ho s\u00fadu. To si vie zabezpe\u010di\u0165 pr\u00e1ve zv\u00fd\u0161en\u00edm po\u010dtu sudcov, respekt\u00edve, dosaden\u00edm svojich\u00a0spriaznen\u00fdch, ktor\u00ed mu vyjadria podporu.<\/p>\n\n\n\n<iframe src=\"https:\/\/www.facebook.com\/plugins\/video.php?href=https%3A%2F%2Fwww.facebook.com%2FJaroNadPublic%2Fvideos%2F450887777386222%2F&#038;width=600&#038;show_text=false&#038;appId=361313990972954&#038;height=338\" width=\"600\" height=\"338\" style=\"border:none;overflow:hidden\" scrolling=\"no\" frameborder=\"0\" allowfullscreen=\"true\" allow=\"autoplay; clipboard-write; encrypted-media; picture-in-picture; web-share\" allowFullScreen=\"true\"><\/iframe>\n","protected":false},"excerpt":{"rendered":"<p>Demokrati upozor\u0148uj\u00fa na nebezpe\u010dn\u00fa hru, ktor\u00fa rozhoral premi\u00e9r Robert Fico smerom ku KDH. Jeho z\u00e1merom je zmenou \u00fastavn\u00e9ho z\u00e1kona nav\u00fd\u0161i\u0165 po\u010det sudcov \u00fastavn\u00e9ho s\u00fadu, to v\u0161etko v\u00fdmenou za ak\u00fasi falo\u0161n\u00fa ochranu hodnotov\u00fdch t\u00e9m, ktor\u00fdmi je adopcia det\u00ed p\u00e1rov rovnak\u00e9ho pohlavia \u010di z\u00e1kaz potratov. \u201ePostavili sme sa pred \u00dastavn\u00fd s\u00fad v Ko\u0161iciach, aby sme manifestovali, \u017ee [&hellip;]<\/p>\n","protected":false},"author":13,"featured_media":3849,"comment_status":"closed","ping_status":"closed","sticky":false,"template":"","format":"standard","meta":{"_acf_changed":false,"ngg_post_thumbnail":0,"footnotes":""},"categories":[4],"tags":[],"class_list":["post-3848","post","type-post","status-publish","format-standard","has-post-thumbnail","hentry","category-tlacove-spravy"],"acf":[],"yoast_head":"<!-- This site is optimized with the Yoast SEO plugin v27.2 - https:\/\/yoast.com\/product\/yoast-seo-wordpress\/ -->\n<title>KDH m\u00f4\u017ee by\u0165 Ficov\u00fdm lakmusov\u00fdm papierikom, nem\u00f4\u017eu mu naletie\u0165 - Smedemokrati.sk<\/title>\n<meta name=\"robots\" content=\"index, follow, max-snippet:-1, max-image-preview:large, max-video-preview:-1\" \/>\n<link rel=\"canonical\" href=\"https:\/\/www.smedemokrati.sk\/hu\/kdh-moze-byt-ficovym-lakmusovym-papierikom-nemozu-mu-naletiet\/\" \/>\n<meta property=\"og:locale\" content=\"hu_HU\" \/>\n<meta property=\"og:locale:alternate\" content=\"en_US\" \/>\n<meta property=\"og:locale:alternate\" content=\"cs_CZ\" \/>\n<meta property=\"og:locale:alternate\" content=\"sk_SK\" \/>\n<meta property=\"og:locale:alternate\" content=\"sv_SE\" \/>\n<meta property=\"og:type\" content=\"article\" \/>\n<meta property=\"og:title\" content=\"KDH m\u00f4\u017ee by\u0165 Ficov\u00fdm lakmusov\u00fdm papierikom, nem\u00f4\u017eu mu naletie\u0165 - Smedemokrati.sk\" \/>\n<meta property=\"og:description\" content=\"Demokrati upozor\u0148uj\u00fa na nebezpe\u010dn\u00fa hru, ktor\u00fa rozhoral premi\u00e9r Robert Fico smerom ku KDH. Jeho z\u00e1merom je zmenou \u00fastavn\u00e9ho z\u00e1kona nav\u00fd\u0161i\u0165 po\u010det sudcov \u00fastavn\u00e9ho s\u00fadu, to v\u0161etko v\u00fdmenou za ak\u00fasi falo\u0161n\u00fa ochranu hodnotov\u00fdch t\u00e9m, ktor\u00fdmi je adopcia det\u00ed p\u00e1rov rovnak\u00e9ho pohlavia \u010di z\u00e1kaz potratov. \u201ePostavili sme sa pred \u00dastavn\u00fd s\u00fad v Ko\u0161iciach, aby sme manifestovali, \u017ee [&hellip;]\" \/>\n<meta property=\"og:url\" content=\"https:\/\/www.smedemokrati.sk\/hu\/kdh-moze-byt-ficovym-lakmusovym-papierikom-nemozu-mu-naletiet\/\" \/>\n<meta property=\"og:site_name\" content=\"Smedemokrati.sk\" \/>\n<meta property=\"article:publisher\" content=\"https:\/\/www.facebook.com\/smedemokrati2023\" \/>\n<meta property=\"article:published_time\" content=\"2024-04-18T09:25:53+00:00\" \/>\n<meta property=\"article:modified_time\" content=\"2024-04-23T12:46:14+00:00\" \/>\n<meta property=\"og:image\" content=\"https:\/\/www.smedemokrati.sk\/wp-content\/uploads\/2024\/04\/tk-us-kosice.jpeg\" \/>\n\t<meta property=\"og:image:width\" content=\"1200\" \/>\n\t<meta property=\"og:image:height\" content=\"1600\" \/>\n\t<meta property=\"og:image:type\" content=\"image\/jpeg\" \/>\n<meta name=\"author\" content=\"miro.sopko\" \/>\n<meta name=\"twitter:card\" content=\"summary_large_image\" \/>\n<meta name=\"twitter:label1\" content=\"Szerz\u0151:\" \/>\n\t<meta name=\"twitter:data1\" content=\"miro.sopko\" \/>\n\t<meta name=\"twitter:label2\" content=\"Becs\u00fclt olvas\u00e1si id\u0151\" \/>\n\t<meta name=\"twitter:data2\" content=\"2 perc\" \/>\n<script type=\"application\/ld+json\" class=\"yoast-schema-graph\">{\"@context\":\"https:\/\/schema.org\",\"@graph\":[{\"@type\":\"Article\",\"@id\":\"https:\/\/www.smedemokrati.sk\/kdh-moze-byt-ficovym-lakmusovym-papierikom-nemozu-mu-naletiet\/#article\",\"isPartOf\":{\"@id\":\"https:\/\/www.smedemokrati.sk\/kdh-moze-byt-ficovym-lakmusovym-papierikom-nemozu-mu-naletiet\/\"},\"author\":{\"name\":\"miro.sopko\",\"@id\":\"https:\/\/www.smedemokrati.sk\/#\/schema\/person\/21f147c88d605aa7ded900e1e7c344ba\"},\"headline\":\"KDH m\u00f4\u017ee by\u0165 Ficov\u00fdm lakmusov\u00fdm papierikom, nem\u00f4\u017eu mu naletie\u0165\",\"datePublished\":\"2024-04-18T09:25:53+00:00\",\"dateModified\":\"2024-04-23T12:46:14+00:00\",\"mainEntityOfPage\":{\"@id\":\"https:\/\/www.smedemokrati.sk\/kdh-moze-byt-ficovym-lakmusovym-papierikom-nemozu-mu-naletiet\/\"},\"wordCount\":435,\"publisher\":{\"@id\":\"https:\/\/www.smedemokrati.sk\/#organization\"},\"image\":{\"@id\":\"https:\/\/www.smedemokrati.sk\/kdh-moze-byt-ficovym-lakmusovym-papierikom-nemozu-mu-naletiet\/#primaryimage\"},\"thumbnailUrl\":\"https:\/\/www.smedemokrati.sk\/wp-content\/uploads\/2024\/04\/tk-us-kosice.jpeg\",\"articleSection\":[\"Tla\u010dov\u00e9 spr\u00e1vy\"],\"inLanguage\":\"hu-HU\"},{\"@type\":\"WebPage\",\"@id\":\"https:\/\/www.smedemokrati.sk\/kdh-moze-byt-ficovym-lakmusovym-papierikom-nemozu-mu-naletiet\/\",\"url\":\"https:\/\/www.smedemokrati.sk\/kdh-moze-byt-ficovym-lakmusovym-papierikom-nemozu-mu-naletiet\/\",\"name\":\"KDH m\u00f4\u017ee by\u0165 Ficov\u00fdm lakmusov\u00fdm papierikom, nem\u00f4\u017eu mu naletie\u0165 - Smedemokrati.sk\",\"isPartOf\":{\"@id\":\"https:\/\/www.smedemokrati.sk\/#website\"},\"primaryImageOfPage\":{\"@id\":\"https:\/\/www.smedemokrati.sk\/kdh-moze-byt-ficovym-lakmusovym-papierikom-nemozu-mu-naletiet\/#primaryimage\"},\"image\":{\"@id\":\"https:\/\/www.smedemokrati.sk\/kdh-moze-byt-ficovym-lakmusovym-papierikom-nemozu-mu-naletiet\/#primaryimage\"},\"thumbnailUrl\":\"https:\/\/www.smedemokrati.sk\/wp-content\/uploads\/2024\/04\/tk-us-kosice.jpeg\",\"datePublished\":\"2024-04-18T09:25:53+00:00\",\"dateModified\":\"2024-04-23T12:46:14+00:00\",\"breadcrumb\":{\"@id\":\"https:\/\/www.smedemokrati.sk\/kdh-moze-byt-ficovym-lakmusovym-papierikom-nemozu-mu-naletiet\/#breadcrumb\"},\"inLanguage\":\"hu-HU\",\"potentialAction\":[{\"@type\":\"ReadAction\",\"target\":[\"https:\/\/www.smedemokrati.sk\/kdh-moze-byt-ficovym-lakmusovym-papierikom-nemozu-mu-naletiet\/\"]}]},{\"@type\":\"ImageObject\",\"inLanguage\":\"hu-HU\",\"@id\":\"https:\/\/www.smedemokrati.sk\/kdh-moze-byt-ficovym-lakmusovym-papierikom-nemozu-mu-naletiet\/#primaryimage\",\"url\":\"https:\/\/www.smedemokrati.sk\/wp-content\/uploads\/2024\/04\/tk-us-kosice.jpeg\",\"contentUrl\":\"https:\/\/www.smedemokrati.sk\/wp-content\/uploads\/2024\/04\/tk-us-kosice.jpeg\",\"width\":1200,\"height\":1600},{\"@type\":\"BreadcrumbList\",\"@id\":\"https:\/\/www.smedemokrati.sk\/kdh-moze-byt-ficovym-lakmusovym-papierikom-nemozu-mu-naletiet\/#breadcrumb\",\"itemListElement\":[{\"@type\":\"ListItem\",\"position\":1,\"name\":\"Domovsk\u00e1 str\u00e1nka\",\"item\":\"https:\/\/www.smedemokrati.sk\/\"},{\"@type\":\"ListItem\",\"position\":2,\"name\":\"KDH m\u00f4\u017ee by\u0165 Ficov\u00fdm lakmusov\u00fdm papierikom, nem\u00f4\u017eu mu naletie\u0165\"}]},{\"@type\":\"WebSite\",\"@id\":\"https:\/\/www.smedemokrati.sk\/#website\",\"url\":\"https:\/\/www.smedemokrati.sk\/\",\"name\":\"Smedemokrati.sk\",\"description\":\"Demokracia a slu\u0161nos\u0165 zv\u00ed\u0165az\u00ed\",\"publisher\":{\"@id\":\"https:\/\/www.smedemokrati.sk\/#organization\"},\"potentialAction\":[{\"@type\":\"SearchAction\",\"target\":{\"@type\":\"EntryPoint\",\"urlTemplate\":\"https:\/\/www.smedemokrati.sk\/?s={search_term_string}\"},\"query-input\":{\"@type\":\"PropertyValueSpecification\",\"valueRequired\":true,\"valueName\":\"search_term_string\"}}],\"inLanguage\":\"hu-HU\"},{\"@type\":\"Organization\",\"@id\":\"https:\/\/www.smedemokrati.sk\/#organization\",\"name\":\"Smedemokrati.sk\",\"url\":\"https:\/\/www.smedemokrati.sk\/\",\"logo\":{\"@type\":\"ImageObject\",\"inLanguage\":\"hu-HU\",\"@id\":\"https:\/\/www.smedemokrati.sk\/#\/schema\/logo\/image\/\",\"url\":\"https:\/\/www.smedemokrati.sk\/wp-content\/uploads\/2023\/04\/ff.002.jpeg\",\"contentUrl\":\"https:\/\/www.smedemokrati.sk\/wp-content\/uploads\/2023\/04\/ff.002.jpeg\",\"width\":640,\"height\":480,\"caption\":\"Smedemokrati.sk\"},\"image\":{\"@id\":\"https:\/\/www.smedemokrati.sk\/#\/schema\/logo\/image\/\"},\"sameAs\":[\"https:\/\/www.facebook.com\/smedemokrati2023\"]},{\"@type\":\"Person\",\"@id\":\"https:\/\/www.smedemokrati.sk\/#\/schema\/person\/21f147c88d605aa7ded900e1e7c344ba\",\"name\":\"miro.sopko\",\"image\":{\"@type\":\"ImageObject\",\"inLanguage\":\"hu-HU\",\"@id\":\"https:\/\/secure.gravatar.com\/avatar\/267e4a36f704376c109afe3a78740c1f5dd8675a2180a908699e7863c9247606?s=96&d=mm&r=g\",\"url\":\"https:\/\/secure.gravatar.com\/avatar\/267e4a36f704376c109afe3a78740c1f5dd8675a2180a908699e7863c9247606?s=96&d=mm&r=g\",\"contentUrl\":\"https:\/\/secure.gravatar.com\/avatar\/267e4a36f704376c109afe3a78740c1f5dd8675a2180a908699e7863c9247606?s=96&d=mm&r=g\",\"caption\":\"miro.sopko\"},\"url\":\"https:\/\/www.smedemokrati.sk\/hu\/author\/miro-sopko\/\"}]}<\/script>\n<!-- \/ Yoast SEO plugin. -->","yoast_head_json":{"title":"KDH m\u00f4\u017ee by\u0165 Ficov\u00fdm lakmusov\u00fdm papierikom, nem\u00f4\u017eu mu naletie\u0165 - Smedemokrati.sk","robots":{"index":"index","follow":"follow","max-snippet":"max-snippet:-1","max-image-preview":"max-image-preview:large","max-video-preview":"max-video-preview:-1"},"canonical":"https:\/\/www.smedemokrati.sk\/hu\/kdh-moze-byt-ficovym-lakmusovym-papierikom-nemozu-mu-naletiet\/","og_locale":"hu_HU","og_type":"article","og_title":"KDH m\u00f4\u017ee by\u0165 Ficov\u00fdm lakmusov\u00fdm papierikom, nem\u00f4\u017eu mu naletie\u0165 - Smedemokrati.sk","og_description":"Demokrati upozor\u0148uj\u00fa na nebezpe\u010dn\u00fa hru, ktor\u00fa rozhoral premi\u00e9r Robert Fico smerom ku KDH. Jeho z\u00e1merom je zmenou \u00fastavn\u00e9ho z\u00e1kona nav\u00fd\u0161i\u0165 po\u010det sudcov \u00fastavn\u00e9ho s\u00fadu, to v\u0161etko v\u00fdmenou za ak\u00fasi falo\u0161n\u00fa ochranu hodnotov\u00fdch t\u00e9m, ktor\u00fdmi je adopcia det\u00ed p\u00e1rov rovnak\u00e9ho pohlavia \u010di z\u00e1kaz potratov. \u201ePostavili sme sa pred \u00dastavn\u00fd s\u00fad v Ko\u0161iciach, aby sme manifestovali, \u017ee [&hellip;]","og_url":"https:\/\/www.smedemokrati.sk\/hu\/kdh-moze-byt-ficovym-lakmusovym-papierikom-nemozu-mu-naletiet\/","og_site_name":"Smedemokrati.sk","article_publisher":"https:\/\/www.facebook.com\/smedemokrati2023","article_published_time":"2024-04-18T09:25:53+00:00","article_modified_time":"2024-04-23T12:46:14+00:00","og_image":[{"width":1200,"height":1600,"url":"https:\/\/www.smedemokrati.sk\/wp-content\/uploads\/2024\/04\/tk-us-kosice.jpeg","type":"image\/jpeg"}],"author":"miro.sopko","twitter_card":"summary_large_image","twitter_misc":{"Szerz\u0151:":"miro.sopko","Becs\u00fclt olvas\u00e1si id\u0151":"2 perc"},"schema":{"@context":"https:\/\/schema.org","@graph":[{"@type":"Article","@id":"https:\/\/www.smedemokrati.sk\/kdh-moze-byt-ficovym-lakmusovym-papierikom-nemozu-mu-naletiet\/#article","isPartOf":{"@id":"https:\/\/www.smedemokrati.sk\/kdh-moze-byt-ficovym-lakmusovym-papierikom-nemozu-mu-naletiet\/"},"author":{"name":"miro.sopko","@id":"https:\/\/www.smedemokrati.sk\/#\/schema\/person\/21f147c88d605aa7ded900e1e7c344ba"},"headline":"KDH m\u00f4\u017ee by\u0165 Ficov\u00fdm lakmusov\u00fdm papierikom, nem\u00f4\u017eu mu naletie\u0165","datePublished":"2024-04-18T09:25:53+00:00","dateModified":"2024-04-23T12:46:14+00:00","mainEntityOfPage":{"@id":"https:\/\/www.smedemokrati.sk\/kdh-moze-byt-ficovym-lakmusovym-papierikom-nemozu-mu-naletiet\/"},"wordCount":435,"publisher":{"@id":"https:\/\/www.smedemokrati.sk\/#organization"},"image":{"@id":"https:\/\/www.smedemokrati.sk\/kdh-moze-byt-ficovym-lakmusovym-papierikom-nemozu-mu-naletiet\/#primaryimage"},"thumbnailUrl":"https:\/\/www.smedemokrati.sk\/wp-content\/uploads\/2024\/04\/tk-us-kosice.jpeg","articleSection":["Tla\u010dov\u00e9 spr\u00e1vy"],"inLanguage":"hu-HU"},{"@type":"WebPage","@id":"https:\/\/www.smedemokrati.sk\/kdh-moze-byt-ficovym-lakmusovym-papierikom-nemozu-mu-naletiet\/","url":"https:\/\/www.smedemokrati.sk\/kdh-moze-byt-ficovym-lakmusovym-papierikom-nemozu-mu-naletiet\/","name":"KDH m\u00f4\u017ee by\u0165 Ficov\u00fdm lakmusov\u00fdm papierikom, nem\u00f4\u017eu mu naletie\u0165 - Smedemokrati.sk","isPartOf":{"@id":"https:\/\/www.smedemokrati.sk\/#website"},"primaryImageOfPage":{"@id":"https:\/\/www.smedemokrati.sk\/kdh-moze-byt-ficovym-lakmusovym-papierikom-nemozu-mu-naletiet\/#primaryimage"},"image":{"@id":"https:\/\/www.smedemokrati.sk\/kdh-moze-byt-ficovym-lakmusovym-papierikom-nemozu-mu-naletiet\/#primaryimage"},"thumbnailUrl":"https:\/\/www.smedemokrati.sk\/wp-content\/uploads\/2024\/04\/tk-us-kosice.jpeg","datePublished":"2024-04-18T09:25:53+00:00","dateModified":"2024-04-23T12:46:14+00:00","breadcrumb":{"@id":"https:\/\/www.smedemokrati.sk\/kdh-moze-byt-ficovym-lakmusovym-papierikom-nemozu-mu-naletiet\/#breadcrumb"},"inLanguage":"hu-HU","potentialAction":[{"@type":"ReadAction","target":["https:\/\/www.smedemokrati.sk\/kdh-moze-byt-ficovym-lakmusovym-papierikom-nemozu-mu-naletiet\/"]}]},{"@type":"ImageObject","inLanguage":"hu-HU","@id":"https:\/\/www.smedemokrati.sk\/kdh-moze-byt-ficovym-lakmusovym-papierikom-nemozu-mu-naletiet\/#primaryimage","url":"https:\/\/www.smedemokrati.sk\/wp-content\/uploads\/2024\/04\/tk-us-kosice.jpeg","contentUrl":"https:\/\/www.smedemokrati.sk\/wp-content\/uploads\/2024\/04\/tk-us-kosice.jpeg","width":1200,"height":1600},{"@type":"BreadcrumbList","@id":"https:\/\/www.smedemokrati.sk\/kdh-moze-byt-ficovym-lakmusovym-papierikom-nemozu-mu-naletiet\/#breadcrumb","itemListElement":[{"@type":"ListItem","position":1,"name":"Domovsk\u00e1 str\u00e1nka","item":"https:\/\/www.smedemokrati.sk\/"},{"@type":"ListItem","position":2,"name":"KDH m\u00f4\u017ee by\u0165 Ficov\u00fdm lakmusov\u00fdm papierikom, nem\u00f4\u017eu mu naletie\u0165"}]},{"@type":"WebSite","@id":"https:\/\/www.smedemokrati.sk\/#website","url":"https:\/\/www.smedemokrati.sk\/","name":"Smedemokrati.sk","description":"Demokracia a slu\u0161nos\u0165 zv\u00ed\u0165az\u00ed","publisher":{"@id":"https:\/\/www.smedemokrati.sk\/#organization"},"potentialAction":[{"@type":"SearchAction","target":{"@type":"EntryPoint","urlTemplate":"https:\/\/www.smedemokrati.sk\/?s={search_term_string}"},"query-input":{"@type":"PropertyValueSpecification","valueRequired":true,"valueName":"search_term_string"}}],"inLanguage":"hu-HU"},{"@type":"Organization","@id":"https:\/\/www.smedemokrati.sk\/#organization","name":"Smedemokrati.sk","url":"https:\/\/www.smedemokrati.sk\/","logo":{"@type":"ImageObject","inLanguage":"hu-HU","@id":"https:\/\/www.smedemokrati.sk\/#\/schema\/logo\/image\/","url":"https:\/\/www.smedemokrati.sk\/wp-content\/uploads\/2023\/04\/ff.002.jpeg","contentUrl":"https:\/\/www.smedemokrati.sk\/wp-content\/uploads\/2023\/04\/ff.002.jpeg","width":640,"height":480,"caption":"Smedemokrati.sk"},"image":{"@id":"https:\/\/www.smedemokrati.sk\/#\/schema\/logo\/image\/"},"sameAs":["https:\/\/www.facebook.com\/smedemokrati2023"]},{"@type":"Person","@id":"https:\/\/www.smedemokrati.sk\/#\/schema\/person\/21f147c88d605aa7ded900e1e7c344ba","name":"miro.sopko","image":{"@type":"ImageObject","inLanguage":"hu-HU","@id":"https:\/\/secure.gravatar.com\/avatar\/267e4a36f704376c109afe3a78740c1f5dd8675a2180a908699e7863c9247606?s=96&d=mm&r=g","url":"https:\/\/secure.gravatar.com\/avatar\/267e4a36f704376c109afe3a78740c1f5dd8675a2180a908699e7863c9247606?s=96&d=mm&r=g","contentUrl":"https:\/\/secure.gravatar.com\/avatar\/267e4a36f704376c109afe3a78740c1f5dd8675a2180a908699e7863c9247606?s=96&d=mm&r=g","caption":"miro.sopko"},"url":"https:\/\/www.smedemokrati.sk\/hu\/author\/miro-sopko\/"}]}},"_links":{"self":[{"href":"https:\/\/www.smedemokrati.sk\/hu\/wp-json\/wp\/v2\/posts\/3848","targetHints":{"allow":["GET"]}}],"collection":[{"href":"https:\/\/www.smedemokrati.sk\/hu\/wp-json\/wp\/v2\/posts"}],"about":[{"href":"https:\/\/www.smedemokrati.sk\/hu\/wp-json\/wp\/v2\/types\/post"}],"author":[{"embeddable":true,"href":"https:\/\/www.smedemokrati.sk\/hu\/wp-json\/wp\/v2\/users\/13"}],"replies":[{"embeddable":true,"href":"https:\/\/www.smedemokrati.sk\/hu\/wp-json\/wp\/v2\/comments?post=3848"}],"version-history":[{"count":1,"href":"https:\/\/www.smedemokrati.sk\/hu\/wp-json\/wp\/v2\/posts\/3848\/revisions"}],"predecessor-version":[{"id":3850,"href":"https:\/\/www.smedemokrati.sk\/hu\/wp-json\/wp\/v2\/posts\/3848\/revisions\/3850"}],"wp:featuredmedia":[{"embeddable":true,"href":"https:\/\/www.smedemokrati.sk\/hu\/wp-json\/wp\/v2\/media\/3849"}],"wp:attachment":[{"href":"https:\/\/www.smedemokrati.sk\/hu\/wp-json\/wp\/v2\/media?parent=3848"}],"wp:term":[{"taxonomy":"category","embeddable":true,"href":"https:\/\/www.smedemokrati.sk\/hu\/wp-json\/wp\/v2\/categories?post=3848"},{"taxonomy":"post_tag","embeddable":true,"href":"https:\/\/www.smedemokrati.sk\/hu\/wp-json\/wp\/v2\/tags?post=3848"}],"curies":[{"name":"wp","href":"https:\/\/api.w.org\/{rel}","templated":true}]}}