{"id":3837,"date":"2024-04-17T11:42:31","date_gmt":"2024-04-17T10:42:31","guid":{"rendered":"https:\/\/www.smedemokrati.sk\/?p=3837"},"modified":"2024-04-22T10:26:58","modified_gmt":"2024-04-22T09:26:58","slug":"kocner-musi-oslavovat-ste-spokojny-pan-zilinka","status":"publish","type":"post","link":"https:\/\/www.smedemokrati.sk\/hu\/kocner-musi-oslavovat-ste-spokojny-pan-zilinka\/","title":{"rendered":"Ko\u010dner mus\u00ed oslavova\u0165, ste spokojn\u00fd p\u00e1n \u017dilinka?"},"content":{"rendered":"<div id=\"fb-root\"><\/div>\n\n<p><strong>Na gener\u00e1lnej prokurat\u00fare skon\u010dili prokur\u00e1tori Mikul\u00e1\u0161 a Harkabus, ktor\u00ed dozorovali pr\u00edpad vra\u017edy J\u00e1na Kuciaka a Martiny Ku\u0161n\u00edrovej. V praxi to znamen\u00e1, \u017ee cel\u00e9 s\u00fadne konanie sa spomal\u00ed a cel\u00fd nieko\u013eko tis\u00edc stranov\u00fd spis bud\u00fa musie\u0165 na\u0161tudova\u0165 nov\u00ed prokur\u00e1tori. To m\u00f4\u017ee trva\u0165 mesiace a oddiali to rozhodovanie s\u00fadu o odvolan\u00ed prokurat\u00fary a ob\u017ealovan\u00fdch.<\/strong><br><\/p>\n\n\n\n<p>Gener\u00e1lny prokur\u00e1tor \u017dilinka pred zru\u0161en\u00edm \u00da\u0160P tvrdil, \u017ee podnikne tak\u00e9 kroky, aby vy\u0161etrovanie a s\u00fadny proces vo veci vra\u017edy J\u00e1na a Martiny nebol dotknut\u00fd a nijako spomalen\u00fd. \u017dia\u013e, opak je pravdou a Maro\u0161 \u017dilinka n\u00e1s op\u00e4\u0165 v\u0161etk\u00fdch vodil za nos.<\/p>\n\n\n\n<p>Juraj \u0160eliga, expert na pr\u00e1vo a spravodlivos\u0165 vysvet\u013euje:\u00a0<em><em><em>\u201e<\/em><\/em>Prokur\u00e1tori Harkabus a Mikul\u00e1\u0161 po\u017eiadali o preradenie do \u017diliny. Chceli by\u0165 pri svojich rodin\u00e1ch, na krajskej prokurat\u00fare, za men\u0161\u00ed plat. St\u00e1le ochotn\u00ed vykon\u00e1va\u0165 svoju robotu. \u017dilinka rad\u0161ej svojou ne\u010dinnos\u0165ou dosiahol, \u017ee obaja skon\u010dili na prokurat\u00fare. Toto je gener\u00e1lny prokur\u00e1tor, ktor\u00fd evidentne rob\u00ed v\u0161etko pre to, aby sa mstil prokur\u00e1torom b\u00fdvalej \u0160peci\u00e1lnej prokurat\u00fary&#8221;<\/em>.<\/p>\n\n\n\n<p>Podpredseda strany Demokrati \u0160eliga dod\u00e1va, \u017ee ho v\u00e1\u017ene zauj\u00edma, ak\u00fd vplyv na tento postup \u017dilinku mala skuto\u010dnos\u0165, \u017ee Harkabus navrhol v\u00e4zobne st\u00edha\u0165 Roberta Fica:\u00a0<em><em><em>\u201e<\/em><\/em>Lebo \u00e1no, smrd\u00ed to vybavovan\u00edm si \u00fa\u010dtov z takzvan\u00fdch star\u00fdch \u010dias,&#8221;\u00a0<\/em>komentuje.<\/p>\n\n\n\n<p>Demokrati sa obracaj\u00fa na \u017dilinku s verejn\u00fdmi ot\u00e1zkami:\u00a0<em><em><em>\u201e<\/em><\/em>\u010co urob\u00edte, aby vy\u0161etrovanie a s\u00fadny proces vo veci vra\u017edy J\u00e1na a Martiny pokra\u010doval bez prie\u0165ahov? Ste spokojn\u00fd p\u00e1n \u017dilinka? Z\u00e1\u0161\u0165 a nen\u00e1vis\u0165 vo\u010di prokur\u00e1torom \u00daradu \u0161peci\u00e1lnej prokurat\u00fary je evidentne siln\u00e1 motiv\u00e1cia. To, \u017ee \u013eudia ako Ko\u010dner, Jankovsk\u00e1 alebo Ga\u0161par sa te\u0161ia, to V\u00e1m nevad\u00ed?&#8221;<\/em><\/p>\n\n\n\n<p>Slovensk\u00e1 prokurat\u00fara pod\u013ea \u0160eligu potrebuje reformu, preto\u017ee tento gener\u00e1lny prokur\u00e1tor n\u00e1m ukazuje, \u017ee niektor\u00ed \u013eudia na gener\u00e1lnej prokurat\u00fare s\u00fa hlavou a mys\u013eou e\u0161te v Sovietskom zv\u00e4ze.<\/p>\n","protected":false},"excerpt":{"rendered":"<p>Na gener\u00e1lnej prokurat\u00fare skon\u010dili prokur\u00e1tori Mikul\u00e1\u0161 a Harkabus, ktor\u00ed dozorovali pr\u00edpad vra\u017edy J\u00e1na Kuciaka a Martiny Ku\u0161n\u00edrovej. V praxi to znamen\u00e1, \u017ee cel\u00e9 s\u00fadne konanie sa spomal\u00ed a cel\u00fd nieko\u013eko tis\u00edc stranov\u00fd spis bud\u00fa musie\u0165 na\u0161tudova\u0165 nov\u00ed prokur\u00e1tori. To m\u00f4\u017ee trva\u0165 mesiace a oddiali to rozhodovanie s\u00fadu o odvolan\u00ed prokurat\u00fary a ob\u017ealovan\u00fdch. Gener\u00e1lny prokur\u00e1tor \u017dilinka [&hellip;]<\/p>\n","protected":false},"author":13,"featured_media":3838,"comment_status":"closed","ping_status":"closed","sticky":false,"template":"","format":"standard","meta":{"_acf_changed":false,"ngg_post_thumbnail":0,"footnotes":""},"categories":[4],"tags":[],"class_list":["post-3837","post","type-post","status-publish","format-standard","has-post-thumbnail","hentry","category-tlacove-spravy"],"acf":[],"yoast_head":"<!-- This site is optimized with the Yoast SEO plugin v27.2 - https:\/\/yoast.com\/product\/yoast-seo-wordpress\/ -->\n<title>Ko\u010dner mus\u00ed oslavova\u0165, ste spokojn\u00fd p\u00e1n \u017dilinka? - Smedemokrati.sk<\/title>\n<meta name=\"robots\" content=\"index, follow, max-snippet:-1, max-image-preview:large, max-video-preview:-1\" \/>\n<link rel=\"canonical\" href=\"https:\/\/www.smedemokrati.sk\/hu\/kocner-musi-oslavovat-ste-spokojny-pan-zilinka\/\" \/>\n<meta property=\"og:locale\" content=\"hu_HU\" \/>\n<meta property=\"og:locale:alternate\" content=\"en_US\" \/>\n<meta property=\"og:locale:alternate\" content=\"cs_CZ\" \/>\n<meta property=\"og:locale:alternate\" content=\"sk_SK\" \/>\n<meta property=\"og:locale:alternate\" content=\"sv_SE\" \/>\n<meta property=\"og:type\" content=\"article\" \/>\n<meta property=\"og:title\" content=\"Ko\u010dner mus\u00ed oslavova\u0165, ste spokojn\u00fd p\u00e1n \u017dilinka? - Smedemokrati.sk\" \/>\n<meta property=\"og:description\" content=\"Na gener\u00e1lnej prokurat\u00fare skon\u010dili prokur\u00e1tori Mikul\u00e1\u0161 a Harkabus, ktor\u00ed dozorovali pr\u00edpad vra\u017edy J\u00e1na Kuciaka a Martiny Ku\u0161n\u00edrovej. V praxi to znamen\u00e1, \u017ee cel\u00e9 s\u00fadne konanie sa spomal\u00ed a cel\u00fd nieko\u013eko tis\u00edc stranov\u00fd spis bud\u00fa musie\u0165 na\u0161tudova\u0165 nov\u00ed prokur\u00e1tori. To m\u00f4\u017ee trva\u0165 mesiace a oddiali to rozhodovanie s\u00fadu o odvolan\u00ed prokurat\u00fary a ob\u017ealovan\u00fdch. Gener\u00e1lny prokur\u00e1tor \u017dilinka [&hellip;]\" \/>\n<meta property=\"og:url\" content=\"https:\/\/www.smedemokrati.sk\/hu\/kocner-musi-oslavovat-ste-spokojny-pan-zilinka\/\" \/>\n<meta property=\"og:site_name\" content=\"Smedemokrati.sk\" \/>\n<meta property=\"article:publisher\" content=\"https:\/\/www.facebook.com\/smedemokrati2023\" \/>\n<meta property=\"article:published_time\" content=\"2024-04-17T10:42:31+00:00\" \/>\n<meta property=\"article:modified_time\" content=\"2024-04-22T09:26:58+00:00\" \/>\n<meta property=\"og:image\" content=\"https:\/\/www.smedemokrati.sk\/wp-content\/uploads\/2024\/04\/kocner.jpg\" \/>\n\t<meta property=\"og:image:width\" content=\"1707\" \/>\n\t<meta property=\"og:image:height\" content=\"960\" \/>\n\t<meta property=\"og:image:type\" content=\"image\/jpeg\" \/>\n<meta name=\"author\" content=\"miro.sopko\" \/>\n<meta name=\"twitter:card\" content=\"summary_large_image\" \/>\n<meta name=\"twitter:label1\" content=\"Szerz\u0151:\" \/>\n\t<meta name=\"twitter:data1\" content=\"miro.sopko\" \/>\n\t<meta name=\"twitter:label2\" content=\"Becs\u00fclt olvas\u00e1si id\u0151\" \/>\n\t<meta name=\"twitter:data2\" content=\"2 perc\" \/>\n<script type=\"application\/ld+json\" class=\"yoast-schema-graph\">{\"@context\":\"https:\/\/schema.org\",\"@graph\":[{\"@type\":\"Article\",\"@id\":\"https:\/\/www.smedemokrati.sk\/kocner-musi-oslavovat-ste-spokojny-pan-zilinka\/#article\",\"isPartOf\":{\"@id\":\"https:\/\/www.smedemokrati.sk\/kocner-musi-oslavovat-ste-spokojny-pan-zilinka\/\"},\"author\":{\"name\":\"miro.sopko\",\"@id\":\"https:\/\/www.smedemokrati.sk\/#\/schema\/person\/21f147c88d605aa7ded900e1e7c344ba\"},\"headline\":\"Ko\u010dner mus\u00ed oslavova\u0165, ste spokojn\u00fd p\u00e1n \u017dilinka?\",\"datePublished\":\"2024-04-17T10:42:31+00:00\",\"dateModified\":\"2024-04-22T09:26:58+00:00\",\"mainEntityOfPage\":{\"@id\":\"https:\/\/www.smedemokrati.sk\/kocner-musi-oslavovat-ste-spokojny-pan-zilinka\/\"},\"wordCount\":366,\"publisher\":{\"@id\":\"https:\/\/www.smedemokrati.sk\/#organization\"},\"image\":{\"@id\":\"https:\/\/www.smedemokrati.sk\/kocner-musi-oslavovat-ste-spokojny-pan-zilinka\/#primaryimage\"},\"thumbnailUrl\":\"https:\/\/www.smedemokrati.sk\/wp-content\/uploads\/2024\/04\/kocner.jpg\",\"articleSection\":[\"Tla\u010dov\u00e9 spr\u00e1vy\"],\"inLanguage\":\"hu-HU\"},{\"@type\":\"WebPage\",\"@id\":\"https:\/\/www.smedemokrati.sk\/kocner-musi-oslavovat-ste-spokojny-pan-zilinka\/\",\"url\":\"https:\/\/www.smedemokrati.sk\/kocner-musi-oslavovat-ste-spokojny-pan-zilinka\/\",\"name\":\"Ko\u010dner mus\u00ed oslavova\u0165, ste spokojn\u00fd p\u00e1n \u017dilinka? - Smedemokrati.sk\",\"isPartOf\":{\"@id\":\"https:\/\/www.smedemokrati.sk\/#website\"},\"primaryImageOfPage\":{\"@id\":\"https:\/\/www.smedemokrati.sk\/kocner-musi-oslavovat-ste-spokojny-pan-zilinka\/#primaryimage\"},\"image\":{\"@id\":\"https:\/\/www.smedemokrati.sk\/kocner-musi-oslavovat-ste-spokojny-pan-zilinka\/#primaryimage\"},\"thumbnailUrl\":\"https:\/\/www.smedemokrati.sk\/wp-content\/uploads\/2024\/04\/kocner.jpg\",\"datePublished\":\"2024-04-17T10:42:31+00:00\",\"dateModified\":\"2024-04-22T09:26:58+00:00\",\"breadcrumb\":{\"@id\":\"https:\/\/www.smedemokrati.sk\/kocner-musi-oslavovat-ste-spokojny-pan-zilinka\/#breadcrumb\"},\"inLanguage\":\"hu-HU\",\"potentialAction\":[{\"@type\":\"ReadAction\",\"target\":[\"https:\/\/www.smedemokrati.sk\/kocner-musi-oslavovat-ste-spokojny-pan-zilinka\/\"]}]},{\"@type\":\"ImageObject\",\"inLanguage\":\"hu-HU\",\"@id\":\"https:\/\/www.smedemokrati.sk\/kocner-musi-oslavovat-ste-spokojny-pan-zilinka\/#primaryimage\",\"url\":\"https:\/\/www.smedemokrati.sk\/wp-content\/uploads\/2024\/04\/kocner.jpg\",\"contentUrl\":\"https:\/\/www.smedemokrati.sk\/wp-content\/uploads\/2024\/04\/kocner.jpg\",\"width\":1707,\"height\":960},{\"@type\":\"BreadcrumbList\",\"@id\":\"https:\/\/www.smedemokrati.sk\/kocner-musi-oslavovat-ste-spokojny-pan-zilinka\/#breadcrumb\",\"itemListElement\":[{\"@type\":\"ListItem\",\"position\":1,\"name\":\"Domovsk\u00e1 str\u00e1nka\",\"item\":\"https:\/\/www.smedemokrati.sk\/\"},{\"@type\":\"ListItem\",\"position\":2,\"name\":\"Ko\u010dner mus\u00ed oslavova\u0165, ste spokojn\u00fd p\u00e1n \u017dilinka?\"}]},{\"@type\":\"WebSite\",\"@id\":\"https:\/\/www.smedemokrati.sk\/#website\",\"url\":\"https:\/\/www.smedemokrati.sk\/\",\"name\":\"Smedemokrati.sk\",\"description\":\"Demokracia a slu\u0161nos\u0165 zv\u00ed\u0165az\u00ed\",\"publisher\":{\"@id\":\"https:\/\/www.smedemokrati.sk\/#organization\"},\"potentialAction\":[{\"@type\":\"SearchAction\",\"target\":{\"@type\":\"EntryPoint\",\"urlTemplate\":\"https:\/\/www.smedemokrati.sk\/?s={search_term_string}\"},\"query-input\":{\"@type\":\"PropertyValueSpecification\",\"valueRequired\":true,\"valueName\":\"search_term_string\"}}],\"inLanguage\":\"hu-HU\"},{\"@type\":\"Organization\",\"@id\":\"https:\/\/www.smedemokrati.sk\/#organization\",\"name\":\"Smedemokrati.sk\",\"url\":\"https:\/\/www.smedemokrati.sk\/\",\"logo\":{\"@type\":\"ImageObject\",\"inLanguage\":\"hu-HU\",\"@id\":\"https:\/\/www.smedemokrati.sk\/#\/schema\/logo\/image\/\",\"url\":\"https:\/\/www.smedemokrati.sk\/wp-content\/uploads\/2023\/04\/ff.002.jpeg\",\"contentUrl\":\"https:\/\/www.smedemokrati.sk\/wp-content\/uploads\/2023\/04\/ff.002.jpeg\",\"width\":640,\"height\":480,\"caption\":\"Smedemokrati.sk\"},\"image\":{\"@id\":\"https:\/\/www.smedemokrati.sk\/#\/schema\/logo\/image\/\"},\"sameAs\":[\"https:\/\/www.facebook.com\/smedemokrati2023\"]},{\"@type\":\"Person\",\"@id\":\"https:\/\/www.smedemokrati.sk\/#\/schema\/person\/21f147c88d605aa7ded900e1e7c344ba\",\"name\":\"miro.sopko\",\"image\":{\"@type\":\"ImageObject\",\"inLanguage\":\"hu-HU\",\"@id\":\"https:\/\/secure.gravatar.com\/avatar\/267e4a36f704376c109afe3a78740c1f5dd8675a2180a908699e7863c9247606?s=96&d=mm&r=g\",\"url\":\"https:\/\/secure.gravatar.com\/avatar\/267e4a36f704376c109afe3a78740c1f5dd8675a2180a908699e7863c9247606?s=96&d=mm&r=g\",\"contentUrl\":\"https:\/\/secure.gravatar.com\/avatar\/267e4a36f704376c109afe3a78740c1f5dd8675a2180a908699e7863c9247606?s=96&d=mm&r=g\",\"caption\":\"miro.sopko\"},\"url\":\"https:\/\/www.smedemokrati.sk\/hu\/author\/miro-sopko\/\"}]}<\/script>\n<!-- \/ Yoast SEO plugin. -->","yoast_head_json":{"title":"Ko\u010dner mus\u00ed oslavova\u0165, ste spokojn\u00fd p\u00e1n \u017dilinka? - Smedemokrati.sk","robots":{"index":"index","follow":"follow","max-snippet":"max-snippet:-1","max-image-preview":"max-image-preview:large","max-video-preview":"max-video-preview:-1"},"canonical":"https:\/\/www.smedemokrati.sk\/hu\/kocner-musi-oslavovat-ste-spokojny-pan-zilinka\/","og_locale":"hu_HU","og_type":"article","og_title":"Ko\u010dner mus\u00ed oslavova\u0165, ste spokojn\u00fd p\u00e1n \u017dilinka? - Smedemokrati.sk","og_description":"Na gener\u00e1lnej prokurat\u00fare skon\u010dili prokur\u00e1tori Mikul\u00e1\u0161 a Harkabus, ktor\u00ed dozorovali pr\u00edpad vra\u017edy J\u00e1na Kuciaka a Martiny Ku\u0161n\u00edrovej. V praxi to znamen\u00e1, \u017ee cel\u00e9 s\u00fadne konanie sa spomal\u00ed a cel\u00fd nieko\u013eko tis\u00edc stranov\u00fd spis bud\u00fa musie\u0165 na\u0161tudova\u0165 nov\u00ed prokur\u00e1tori. To m\u00f4\u017ee trva\u0165 mesiace a oddiali to rozhodovanie s\u00fadu o odvolan\u00ed prokurat\u00fary a ob\u017ealovan\u00fdch. Gener\u00e1lny prokur\u00e1tor \u017dilinka [&hellip;]","og_url":"https:\/\/www.smedemokrati.sk\/hu\/kocner-musi-oslavovat-ste-spokojny-pan-zilinka\/","og_site_name":"Smedemokrati.sk","article_publisher":"https:\/\/www.facebook.com\/smedemokrati2023","article_published_time":"2024-04-17T10:42:31+00:00","article_modified_time":"2024-04-22T09:26:58+00:00","og_image":[{"width":1707,"height":960,"url":"https:\/\/www.smedemokrati.sk\/wp-content\/uploads\/2024\/04\/kocner.jpg","type":"image\/jpeg"}],"author":"miro.sopko","twitter_card":"summary_large_image","twitter_misc":{"Szerz\u0151:":"miro.sopko","Becs\u00fclt olvas\u00e1si id\u0151":"2 perc"},"schema":{"@context":"https:\/\/schema.org","@graph":[{"@type":"Article","@id":"https:\/\/www.smedemokrati.sk\/kocner-musi-oslavovat-ste-spokojny-pan-zilinka\/#article","isPartOf":{"@id":"https:\/\/www.smedemokrati.sk\/kocner-musi-oslavovat-ste-spokojny-pan-zilinka\/"},"author":{"name":"miro.sopko","@id":"https:\/\/www.smedemokrati.sk\/#\/schema\/person\/21f147c88d605aa7ded900e1e7c344ba"},"headline":"Ko\u010dner mus\u00ed oslavova\u0165, ste spokojn\u00fd p\u00e1n \u017dilinka?","datePublished":"2024-04-17T10:42:31+00:00","dateModified":"2024-04-22T09:26:58+00:00","mainEntityOfPage":{"@id":"https:\/\/www.smedemokrati.sk\/kocner-musi-oslavovat-ste-spokojny-pan-zilinka\/"},"wordCount":366,"publisher":{"@id":"https:\/\/www.smedemokrati.sk\/#organization"},"image":{"@id":"https:\/\/www.smedemokrati.sk\/kocner-musi-oslavovat-ste-spokojny-pan-zilinka\/#primaryimage"},"thumbnailUrl":"https:\/\/www.smedemokrati.sk\/wp-content\/uploads\/2024\/04\/kocner.jpg","articleSection":["Tla\u010dov\u00e9 spr\u00e1vy"],"inLanguage":"hu-HU"},{"@type":"WebPage","@id":"https:\/\/www.smedemokrati.sk\/kocner-musi-oslavovat-ste-spokojny-pan-zilinka\/","url":"https:\/\/www.smedemokrati.sk\/kocner-musi-oslavovat-ste-spokojny-pan-zilinka\/","name":"Ko\u010dner mus\u00ed oslavova\u0165, ste spokojn\u00fd p\u00e1n \u017dilinka? - Smedemokrati.sk","isPartOf":{"@id":"https:\/\/www.smedemokrati.sk\/#website"},"primaryImageOfPage":{"@id":"https:\/\/www.smedemokrati.sk\/kocner-musi-oslavovat-ste-spokojny-pan-zilinka\/#primaryimage"},"image":{"@id":"https:\/\/www.smedemokrati.sk\/kocner-musi-oslavovat-ste-spokojny-pan-zilinka\/#primaryimage"},"thumbnailUrl":"https:\/\/www.smedemokrati.sk\/wp-content\/uploads\/2024\/04\/kocner.jpg","datePublished":"2024-04-17T10:42:31+00:00","dateModified":"2024-04-22T09:26:58+00:00","breadcrumb":{"@id":"https:\/\/www.smedemokrati.sk\/kocner-musi-oslavovat-ste-spokojny-pan-zilinka\/#breadcrumb"},"inLanguage":"hu-HU","potentialAction":[{"@type":"ReadAction","target":["https:\/\/www.smedemokrati.sk\/kocner-musi-oslavovat-ste-spokojny-pan-zilinka\/"]}]},{"@type":"ImageObject","inLanguage":"hu-HU","@id":"https:\/\/www.smedemokrati.sk\/kocner-musi-oslavovat-ste-spokojny-pan-zilinka\/#primaryimage","url":"https:\/\/www.smedemokrati.sk\/wp-content\/uploads\/2024\/04\/kocner.jpg","contentUrl":"https:\/\/www.smedemokrati.sk\/wp-content\/uploads\/2024\/04\/kocner.jpg","width":1707,"height":960},{"@type":"BreadcrumbList","@id":"https:\/\/www.smedemokrati.sk\/kocner-musi-oslavovat-ste-spokojny-pan-zilinka\/#breadcrumb","itemListElement":[{"@type":"ListItem","position":1,"name":"Domovsk\u00e1 str\u00e1nka","item":"https:\/\/www.smedemokrati.sk\/"},{"@type":"ListItem","position":2,"name":"Ko\u010dner mus\u00ed oslavova\u0165, ste spokojn\u00fd p\u00e1n \u017dilinka?"}]},{"@type":"WebSite","@id":"https:\/\/www.smedemokrati.sk\/#website","url":"https:\/\/www.smedemokrati.sk\/","name":"Smedemokrati.sk","description":"Demokracia a slu\u0161nos\u0165 zv\u00ed\u0165az\u00ed","publisher":{"@id":"https:\/\/www.smedemokrati.sk\/#organization"},"potentialAction":[{"@type":"SearchAction","target":{"@type":"EntryPoint","urlTemplate":"https:\/\/www.smedemokrati.sk\/?s={search_term_string}"},"query-input":{"@type":"PropertyValueSpecification","valueRequired":true,"valueName":"search_term_string"}}],"inLanguage":"hu-HU"},{"@type":"Organization","@id":"https:\/\/www.smedemokrati.sk\/#organization","name":"Smedemokrati.sk","url":"https:\/\/www.smedemokrati.sk\/","logo":{"@type":"ImageObject","inLanguage":"hu-HU","@id":"https:\/\/www.smedemokrati.sk\/#\/schema\/logo\/image\/","url":"https:\/\/www.smedemokrati.sk\/wp-content\/uploads\/2023\/04\/ff.002.jpeg","contentUrl":"https:\/\/www.smedemokrati.sk\/wp-content\/uploads\/2023\/04\/ff.002.jpeg","width":640,"height":480,"caption":"Smedemokrati.sk"},"image":{"@id":"https:\/\/www.smedemokrati.sk\/#\/schema\/logo\/image\/"},"sameAs":["https:\/\/www.facebook.com\/smedemokrati2023"]},{"@type":"Person","@id":"https:\/\/www.smedemokrati.sk\/#\/schema\/person\/21f147c88d605aa7ded900e1e7c344ba","name":"miro.sopko","image":{"@type":"ImageObject","inLanguage":"hu-HU","@id":"https:\/\/secure.gravatar.com\/avatar\/267e4a36f704376c109afe3a78740c1f5dd8675a2180a908699e7863c9247606?s=96&d=mm&r=g","url":"https:\/\/secure.gravatar.com\/avatar\/267e4a36f704376c109afe3a78740c1f5dd8675a2180a908699e7863c9247606?s=96&d=mm&r=g","contentUrl":"https:\/\/secure.gravatar.com\/avatar\/267e4a36f704376c109afe3a78740c1f5dd8675a2180a908699e7863c9247606?s=96&d=mm&r=g","caption":"miro.sopko"},"url":"https:\/\/www.smedemokrati.sk\/hu\/author\/miro-sopko\/"}]}},"_links":{"self":[{"href":"https:\/\/www.smedemokrati.sk\/hu\/wp-json\/wp\/v2\/posts\/3837","targetHints":{"allow":["GET"]}}],"collection":[{"href":"https:\/\/www.smedemokrati.sk\/hu\/wp-json\/wp\/v2\/posts"}],"about":[{"href":"https:\/\/www.smedemokrati.sk\/hu\/wp-json\/wp\/v2\/types\/post"}],"author":[{"embeddable":true,"href":"https:\/\/www.smedemokrati.sk\/hu\/wp-json\/wp\/v2\/users\/13"}],"replies":[{"embeddable":true,"href":"https:\/\/www.smedemokrati.sk\/hu\/wp-json\/wp\/v2\/comments?post=3837"}],"version-history":[{"count":1,"href":"https:\/\/www.smedemokrati.sk\/hu\/wp-json\/wp\/v2\/posts\/3837\/revisions"}],"predecessor-version":[{"id":3839,"href":"https:\/\/www.smedemokrati.sk\/hu\/wp-json\/wp\/v2\/posts\/3837\/revisions\/3839"}],"wp:featuredmedia":[{"embeddable":true,"href":"https:\/\/www.smedemokrati.sk\/hu\/wp-json\/wp\/v2\/media\/3838"}],"wp:attachment":[{"href":"https:\/\/www.smedemokrati.sk\/hu\/wp-json\/wp\/v2\/media?parent=3837"}],"wp:term":[{"taxonomy":"category","embeddable":true,"href":"https:\/\/www.smedemokrati.sk\/hu\/wp-json\/wp\/v2\/categories?post=3837"},{"taxonomy":"post_tag","embeddable":true,"href":"https:\/\/www.smedemokrati.sk\/hu\/wp-json\/wp\/v2\/tags?post=3837"}],"curies":[{"name":"wp","href":"https:\/\/api.w.org\/{rel}","templated":true}]}}