{"id":3828,"date":"2024-04-16T18:46:02","date_gmt":"2024-04-16T17:46:02","guid":{"rendered":"https:\/\/www.smedemokrati.sk\/?p=3828"},"modified":"2024-04-22T10:26:44","modified_gmt":"2024-04-22T09:26:44","slug":"odvolanie-mazaka-znamena-dalsi-krok-k-ovladnutiu-sudnictva","status":"publish","type":"post","link":"https:\/\/www.smedemokrati.sk\/hu\/odvolanie-mazaka-znamena-dalsi-krok-k-ovladnutiu-sudnictva\/","title":{"rendered":"Odvolanie Maz\u00e1ka znamen\u00e1 \u010fal\u0161\u00ed krok k ovl\u00e1dnutiu s\u00fadnictva"},"content":{"rendered":"<div id=\"fb-root\"><\/div>\n\n<p><strong>Postup, ktor\u00fd dnes zvolila S\u00fadna rada je ned\u00f4stojn\u00fd. Profesor J\u00e1n Maz\u00e1k sa nemohol pripravi\u0165 na svoju obhajobu. To, \u010do sa dnes dialo na S\u00fadnej rade pripom\u00edna zinscenovan\u00e9 procesy, podobne ako v 50. rokoch, \u201crozsudok bol nap\u00edsan\u00fd vopred\u201d. Kde sa tak navrhovatelia pon\u00e1h\u013eali, \u017ee nedovolili prof. Maz\u00e1kovi, aby sa pripravil na svoju obhajobu?&nbsp;<\/strong><\/p>\n\n\n\n<p><em><em><em>\u201e<\/em><\/em>To, \u010do dnes predviedla S\u00fadna rada, \u017eia\u013e, nem\u00e1 s\u00favis s nez\u00e1visl\u00fdm s\u00fadnictvom. U\u017e pred \u010dasom premi\u00e9r Robert Fico v m\u00e9di\u00e1ch jasne odkazoval, \u017ee d\u00fafa, \u017ee sa o Maz\u00e1kovom osude \u010doskoro rozhodne. A dnes o \u0148om rozhodli pr\u00e1ve jeho nominanti v S\u00fadnej rade. Potrebuje v tejto krajine niekto e\u0161te v\u00e4\u010d\u0161\u00ed d\u00f4kaz o zasahovan\u00ed politickej moci do s\u00fadnictva? \u017dia\u013e duch \u0160tefana Harabina sa naplno vracia do s\u00fadnictva, len dnes nos\u00ed in\u00e9 men\u00e1. Dnes sme svedkami toho, ako politika vst\u00fapila do s\u00fadnictva, a to nie, aby ho posilnila a urobila nez\u00e1visl\u00fdm, ale \u017eia\u013e, aby za\u010dala s\u00fadnictvo naplno kontrolova\u0165. Ob\u00e1vam sa, \u017ee toto nebude posledn\u00fd krok, ktor\u00fd Fico a jeho spojenci v s\u00fadnej rade robia.\u201d\u00a0<\/em><\/p>\n\n\n\n<p>Hovor\u00ed podpredseda Demokratov a expert na spravodlivos\u0165 Juraj \u0160eliga a z\u00e1rove\u0148 otv\u00e1ra ot\u00e1zku:\u00a0<strong>Kde sa tak navrhovatelia pon\u00e1h\u013eali, \u017ee nedovolili prof. Maz\u00e1kovi, aby sa pripravil na svoju obhajobu?\u00a0<\/strong><\/p>\n\n\n\n<iframe src=\"https:\/\/www.facebook.com\/plugins\/video.php?href=https%3A%2F%2Fwww.facebook.com%2Fsmedemokrati2023%2Fvideos%2F1127679701770111%2F&#038;width=600&#038;show_text=false&#038;appId=361313990972954&#038;height=1067\" width=\"600\" height=\"1067\" style=\"border:none;overflow:hidden\" scrolling=\"no\" frameborder=\"0\" allowfullscreen=\"true\" allow=\"autoplay; clipboard-write; encrypted-media; picture-in-picture; web-share\" allowFullScreen=\"true\"><\/iframe>\n","protected":false},"excerpt":{"rendered":"<p>Postup, ktor\u00fd dnes zvolila S\u00fadna rada je ned\u00f4stojn\u00fd. Profesor J\u00e1n Maz\u00e1k sa nemohol pripravi\u0165 na svoju obhajobu. To, \u010do sa dnes dialo na S\u00fadnej rade pripom\u00edna zinscenovan\u00e9 procesy, podobne ako v 50. rokoch, \u201crozsudok bol nap\u00edsan\u00fd vopred\u201d. Kde sa tak navrhovatelia pon\u00e1h\u013eali, \u017ee nedovolili prof. Maz\u00e1kovi, aby sa pripravil na svoju obhajobu?&nbsp; \u201eTo, \u010do dnes [&hellip;]<\/p>\n","protected":false},"author":13,"featured_media":3829,"comment_status":"closed","ping_status":"closed","sticky":false,"template":"","format":"standard","meta":{"_acf_changed":false,"ngg_post_thumbnail":0,"footnotes":""},"categories":[4],"tags":[],"class_list":["post-3828","post","type-post","status-publish","format-standard","has-post-thumbnail","hentry","category-tlacove-spravy"],"acf":[],"yoast_head":"<!-- This site is optimized with the Yoast SEO plugin v27.2 - https:\/\/yoast.com\/product\/yoast-seo-wordpress\/ -->\n<title>Odvolanie Maz\u00e1ka znamen\u00e1 \u010fal\u0161\u00ed krok k ovl\u00e1dnutiu s\u00fadnictva - Smedemokrati.sk<\/title>\n<meta name=\"robots\" content=\"index, follow, max-snippet:-1, max-image-preview:large, max-video-preview:-1\" \/>\n<link rel=\"canonical\" href=\"https:\/\/www.smedemokrati.sk\/hu\/odvolanie-mazaka-znamena-dalsi-krok-k-ovladnutiu-sudnictva\/\" \/>\n<meta property=\"og:locale\" content=\"hu_HU\" \/>\n<meta property=\"og:locale:alternate\" content=\"en_US\" \/>\n<meta property=\"og:locale:alternate\" content=\"cs_CZ\" \/>\n<meta property=\"og:locale:alternate\" content=\"sk_SK\" \/>\n<meta property=\"og:locale:alternate\" content=\"sv_SE\" \/>\n<meta property=\"og:type\" content=\"article\" \/>\n<meta property=\"og:title\" content=\"Odvolanie Maz\u00e1ka znamen\u00e1 \u010fal\u0161\u00ed krok k ovl\u00e1dnutiu s\u00fadnictva - Smedemokrati.sk\" \/>\n<meta property=\"og:description\" content=\"Postup, ktor\u00fd dnes zvolila S\u00fadna rada je ned\u00f4stojn\u00fd. Profesor J\u00e1n Maz\u00e1k sa nemohol pripravi\u0165 na svoju obhajobu. To, \u010do sa dnes dialo na S\u00fadnej rade pripom\u00edna zinscenovan\u00e9 procesy, podobne ako v 50. rokoch, \u201crozsudok bol nap\u00edsan\u00fd vopred\u201d. Kde sa tak navrhovatelia pon\u00e1h\u013eali, \u017ee nedovolili prof. Maz\u00e1kovi, aby sa pripravil na svoju obhajobu?&nbsp; \u201eTo, \u010do dnes [&hellip;]\" \/>\n<meta property=\"og:url\" content=\"https:\/\/www.smedemokrati.sk\/hu\/odvolanie-mazaka-znamena-dalsi-krok-k-ovladnutiu-sudnictva\/\" \/>\n<meta property=\"og:site_name\" content=\"Smedemokrati.sk\" \/>\n<meta property=\"article:publisher\" content=\"https:\/\/www.facebook.com\/smedemokrati2023\" \/>\n<meta property=\"article:published_time\" content=\"2024-04-16T17:46:02+00:00\" \/>\n<meta property=\"article:modified_time\" content=\"2024-04-22T09:26:44+00:00\" \/>\n<meta property=\"og:image\" content=\"https:\/\/www.smedemokrati.sk\/wp-content\/uploads\/2024\/04\/mazak.jpg\" \/>\n\t<meta property=\"og:image:width\" content=\"678\" \/>\n\t<meta property=\"og:image:height\" content=\"452\" \/>\n\t<meta property=\"og:image:type\" content=\"image\/jpeg\" \/>\n<meta name=\"author\" content=\"miro.sopko\" \/>\n<meta name=\"twitter:card\" content=\"summary_large_image\" \/>\n<meta name=\"twitter:label1\" content=\"Szerz\u0151:\" \/>\n\t<meta name=\"twitter:data1\" content=\"miro.sopko\" \/>\n\t<meta name=\"twitter:label2\" content=\"Becs\u00fclt olvas\u00e1si id\u0151\" \/>\n\t<meta name=\"twitter:data2\" content=\"2 perc\" \/>\n<script type=\"application\/ld+json\" class=\"yoast-schema-graph\">{\"@context\":\"https:\/\/schema.org\",\"@graph\":[{\"@type\":\"Article\",\"@id\":\"https:\/\/www.smedemokrati.sk\/odvolanie-mazaka-znamena-dalsi-krok-k-ovladnutiu-sudnictva\/#article\",\"isPartOf\":{\"@id\":\"https:\/\/www.smedemokrati.sk\/odvolanie-mazaka-znamena-dalsi-krok-k-ovladnutiu-sudnictva\/\"},\"author\":{\"name\":\"miro.sopko\",\"@id\":\"https:\/\/www.smedemokrati.sk\/#\/schema\/person\/21f147c88d605aa7ded900e1e7c344ba\"},\"headline\":\"Odvolanie Maz\u00e1ka znamen\u00e1 \u010fal\u0161\u00ed krok k ovl\u00e1dnutiu s\u00fadnictva\",\"datePublished\":\"2024-04-16T17:46:02+00:00\",\"dateModified\":\"2024-04-22T09:26:44+00:00\",\"mainEntityOfPage\":{\"@id\":\"https:\/\/www.smedemokrati.sk\/odvolanie-mazaka-znamena-dalsi-krok-k-ovladnutiu-sudnictva\/\"},\"wordCount\":242,\"publisher\":{\"@id\":\"https:\/\/www.smedemokrati.sk\/#organization\"},\"image\":{\"@id\":\"https:\/\/www.smedemokrati.sk\/odvolanie-mazaka-znamena-dalsi-krok-k-ovladnutiu-sudnictva\/#primaryimage\"},\"thumbnailUrl\":\"https:\/\/www.smedemokrati.sk\/wp-content\/uploads\/2024\/04\/mazak.jpg\",\"articleSection\":[\"Tla\u010dov\u00e9 spr\u00e1vy\"],\"inLanguage\":\"hu-HU\"},{\"@type\":\"WebPage\",\"@id\":\"https:\/\/www.smedemokrati.sk\/odvolanie-mazaka-znamena-dalsi-krok-k-ovladnutiu-sudnictva\/\",\"url\":\"https:\/\/www.smedemokrati.sk\/odvolanie-mazaka-znamena-dalsi-krok-k-ovladnutiu-sudnictva\/\",\"name\":\"Odvolanie Maz\u00e1ka znamen\u00e1 \u010fal\u0161\u00ed krok k ovl\u00e1dnutiu s\u00fadnictva - Smedemokrati.sk\",\"isPartOf\":{\"@id\":\"https:\/\/www.smedemokrati.sk\/#website\"},\"primaryImageOfPage\":{\"@id\":\"https:\/\/www.smedemokrati.sk\/odvolanie-mazaka-znamena-dalsi-krok-k-ovladnutiu-sudnictva\/#primaryimage\"},\"image\":{\"@id\":\"https:\/\/www.smedemokrati.sk\/odvolanie-mazaka-znamena-dalsi-krok-k-ovladnutiu-sudnictva\/#primaryimage\"},\"thumbnailUrl\":\"https:\/\/www.smedemokrati.sk\/wp-content\/uploads\/2024\/04\/mazak.jpg\",\"datePublished\":\"2024-04-16T17:46:02+00:00\",\"dateModified\":\"2024-04-22T09:26:44+00:00\",\"breadcrumb\":{\"@id\":\"https:\/\/www.smedemokrati.sk\/odvolanie-mazaka-znamena-dalsi-krok-k-ovladnutiu-sudnictva\/#breadcrumb\"},\"inLanguage\":\"hu-HU\",\"potentialAction\":[{\"@type\":\"ReadAction\",\"target\":[\"https:\/\/www.smedemokrati.sk\/odvolanie-mazaka-znamena-dalsi-krok-k-ovladnutiu-sudnictva\/\"]}]},{\"@type\":\"ImageObject\",\"inLanguage\":\"hu-HU\",\"@id\":\"https:\/\/www.smedemokrati.sk\/odvolanie-mazaka-znamena-dalsi-krok-k-ovladnutiu-sudnictva\/#primaryimage\",\"url\":\"https:\/\/www.smedemokrati.sk\/wp-content\/uploads\/2024\/04\/mazak.jpg\",\"contentUrl\":\"https:\/\/www.smedemokrati.sk\/wp-content\/uploads\/2024\/04\/mazak.jpg\",\"width\":678,\"height\":452},{\"@type\":\"BreadcrumbList\",\"@id\":\"https:\/\/www.smedemokrati.sk\/odvolanie-mazaka-znamena-dalsi-krok-k-ovladnutiu-sudnictva\/#breadcrumb\",\"itemListElement\":[{\"@type\":\"ListItem\",\"position\":1,\"name\":\"Domovsk\u00e1 str\u00e1nka\",\"item\":\"https:\/\/www.smedemokrati.sk\/\"},{\"@type\":\"ListItem\",\"position\":2,\"name\":\"Odvolanie Maz\u00e1ka znamen\u00e1 \u010fal\u0161\u00ed krok k ovl\u00e1dnutiu s\u00fadnictva\"}]},{\"@type\":\"WebSite\",\"@id\":\"https:\/\/www.smedemokrati.sk\/#website\",\"url\":\"https:\/\/www.smedemokrati.sk\/\",\"name\":\"Smedemokrati.sk\",\"description\":\"Demokracia a slu\u0161nos\u0165 zv\u00ed\u0165az\u00ed\",\"publisher\":{\"@id\":\"https:\/\/www.smedemokrati.sk\/#organization\"},\"potentialAction\":[{\"@type\":\"SearchAction\",\"target\":{\"@type\":\"EntryPoint\",\"urlTemplate\":\"https:\/\/www.smedemokrati.sk\/?s={search_term_string}\"},\"query-input\":{\"@type\":\"PropertyValueSpecification\",\"valueRequired\":true,\"valueName\":\"search_term_string\"}}],\"inLanguage\":\"hu-HU\"},{\"@type\":\"Organization\",\"@id\":\"https:\/\/www.smedemokrati.sk\/#organization\",\"name\":\"Smedemokrati.sk\",\"url\":\"https:\/\/www.smedemokrati.sk\/\",\"logo\":{\"@type\":\"ImageObject\",\"inLanguage\":\"hu-HU\",\"@id\":\"https:\/\/www.smedemokrati.sk\/#\/schema\/logo\/image\/\",\"url\":\"https:\/\/www.smedemokrati.sk\/wp-content\/uploads\/2023\/04\/ff.002.jpeg\",\"contentUrl\":\"https:\/\/www.smedemokrati.sk\/wp-content\/uploads\/2023\/04\/ff.002.jpeg\",\"width\":640,\"height\":480,\"caption\":\"Smedemokrati.sk\"},\"image\":{\"@id\":\"https:\/\/www.smedemokrati.sk\/#\/schema\/logo\/image\/\"},\"sameAs\":[\"https:\/\/www.facebook.com\/smedemokrati2023\"]},{\"@type\":\"Person\",\"@id\":\"https:\/\/www.smedemokrati.sk\/#\/schema\/person\/21f147c88d605aa7ded900e1e7c344ba\",\"name\":\"miro.sopko\",\"image\":{\"@type\":\"ImageObject\",\"inLanguage\":\"hu-HU\",\"@id\":\"https:\/\/secure.gravatar.com\/avatar\/267e4a36f704376c109afe3a78740c1f5dd8675a2180a908699e7863c9247606?s=96&d=mm&r=g\",\"url\":\"https:\/\/secure.gravatar.com\/avatar\/267e4a36f704376c109afe3a78740c1f5dd8675a2180a908699e7863c9247606?s=96&d=mm&r=g\",\"contentUrl\":\"https:\/\/secure.gravatar.com\/avatar\/267e4a36f704376c109afe3a78740c1f5dd8675a2180a908699e7863c9247606?s=96&d=mm&r=g\",\"caption\":\"miro.sopko\"},\"url\":\"https:\/\/www.smedemokrati.sk\/hu\/author\/miro-sopko\/\"}]}<\/script>\n<!-- \/ Yoast SEO plugin. -->","yoast_head_json":{"title":"Odvolanie Maz\u00e1ka znamen\u00e1 \u010fal\u0161\u00ed krok k ovl\u00e1dnutiu s\u00fadnictva - Smedemokrati.sk","robots":{"index":"index","follow":"follow","max-snippet":"max-snippet:-1","max-image-preview":"max-image-preview:large","max-video-preview":"max-video-preview:-1"},"canonical":"https:\/\/www.smedemokrati.sk\/hu\/odvolanie-mazaka-znamena-dalsi-krok-k-ovladnutiu-sudnictva\/","og_locale":"hu_HU","og_type":"article","og_title":"Odvolanie Maz\u00e1ka znamen\u00e1 \u010fal\u0161\u00ed krok k ovl\u00e1dnutiu s\u00fadnictva - Smedemokrati.sk","og_description":"Postup, ktor\u00fd dnes zvolila S\u00fadna rada je ned\u00f4stojn\u00fd. Profesor J\u00e1n Maz\u00e1k sa nemohol pripravi\u0165 na svoju obhajobu. To, \u010do sa dnes dialo na S\u00fadnej rade pripom\u00edna zinscenovan\u00e9 procesy, podobne ako v 50. rokoch, \u201crozsudok bol nap\u00edsan\u00fd vopred\u201d. Kde sa tak navrhovatelia pon\u00e1h\u013eali, \u017ee nedovolili prof. Maz\u00e1kovi, aby sa pripravil na svoju obhajobu?&nbsp; \u201eTo, \u010do dnes [&hellip;]","og_url":"https:\/\/www.smedemokrati.sk\/hu\/odvolanie-mazaka-znamena-dalsi-krok-k-ovladnutiu-sudnictva\/","og_site_name":"Smedemokrati.sk","article_publisher":"https:\/\/www.facebook.com\/smedemokrati2023","article_published_time":"2024-04-16T17:46:02+00:00","article_modified_time":"2024-04-22T09:26:44+00:00","og_image":[{"width":678,"height":452,"url":"https:\/\/www.smedemokrati.sk\/wp-content\/uploads\/2024\/04\/mazak.jpg","type":"image\/jpeg"}],"author":"miro.sopko","twitter_card":"summary_large_image","twitter_misc":{"Szerz\u0151:":"miro.sopko","Becs\u00fclt olvas\u00e1si id\u0151":"2 perc"},"schema":{"@context":"https:\/\/schema.org","@graph":[{"@type":"Article","@id":"https:\/\/www.smedemokrati.sk\/odvolanie-mazaka-znamena-dalsi-krok-k-ovladnutiu-sudnictva\/#article","isPartOf":{"@id":"https:\/\/www.smedemokrati.sk\/odvolanie-mazaka-znamena-dalsi-krok-k-ovladnutiu-sudnictva\/"},"author":{"name":"miro.sopko","@id":"https:\/\/www.smedemokrati.sk\/#\/schema\/person\/21f147c88d605aa7ded900e1e7c344ba"},"headline":"Odvolanie Maz\u00e1ka znamen\u00e1 \u010fal\u0161\u00ed krok k ovl\u00e1dnutiu s\u00fadnictva","datePublished":"2024-04-16T17:46:02+00:00","dateModified":"2024-04-22T09:26:44+00:00","mainEntityOfPage":{"@id":"https:\/\/www.smedemokrati.sk\/odvolanie-mazaka-znamena-dalsi-krok-k-ovladnutiu-sudnictva\/"},"wordCount":242,"publisher":{"@id":"https:\/\/www.smedemokrati.sk\/#organization"},"image":{"@id":"https:\/\/www.smedemokrati.sk\/odvolanie-mazaka-znamena-dalsi-krok-k-ovladnutiu-sudnictva\/#primaryimage"},"thumbnailUrl":"https:\/\/www.smedemokrati.sk\/wp-content\/uploads\/2024\/04\/mazak.jpg","articleSection":["Tla\u010dov\u00e9 spr\u00e1vy"],"inLanguage":"hu-HU"},{"@type":"WebPage","@id":"https:\/\/www.smedemokrati.sk\/odvolanie-mazaka-znamena-dalsi-krok-k-ovladnutiu-sudnictva\/","url":"https:\/\/www.smedemokrati.sk\/odvolanie-mazaka-znamena-dalsi-krok-k-ovladnutiu-sudnictva\/","name":"Odvolanie Maz\u00e1ka znamen\u00e1 \u010fal\u0161\u00ed krok k ovl\u00e1dnutiu s\u00fadnictva - Smedemokrati.sk","isPartOf":{"@id":"https:\/\/www.smedemokrati.sk\/#website"},"primaryImageOfPage":{"@id":"https:\/\/www.smedemokrati.sk\/odvolanie-mazaka-znamena-dalsi-krok-k-ovladnutiu-sudnictva\/#primaryimage"},"image":{"@id":"https:\/\/www.smedemokrati.sk\/odvolanie-mazaka-znamena-dalsi-krok-k-ovladnutiu-sudnictva\/#primaryimage"},"thumbnailUrl":"https:\/\/www.smedemokrati.sk\/wp-content\/uploads\/2024\/04\/mazak.jpg","datePublished":"2024-04-16T17:46:02+00:00","dateModified":"2024-04-22T09:26:44+00:00","breadcrumb":{"@id":"https:\/\/www.smedemokrati.sk\/odvolanie-mazaka-znamena-dalsi-krok-k-ovladnutiu-sudnictva\/#breadcrumb"},"inLanguage":"hu-HU","potentialAction":[{"@type":"ReadAction","target":["https:\/\/www.smedemokrati.sk\/odvolanie-mazaka-znamena-dalsi-krok-k-ovladnutiu-sudnictva\/"]}]},{"@type":"ImageObject","inLanguage":"hu-HU","@id":"https:\/\/www.smedemokrati.sk\/odvolanie-mazaka-znamena-dalsi-krok-k-ovladnutiu-sudnictva\/#primaryimage","url":"https:\/\/www.smedemokrati.sk\/wp-content\/uploads\/2024\/04\/mazak.jpg","contentUrl":"https:\/\/www.smedemokrati.sk\/wp-content\/uploads\/2024\/04\/mazak.jpg","width":678,"height":452},{"@type":"BreadcrumbList","@id":"https:\/\/www.smedemokrati.sk\/odvolanie-mazaka-znamena-dalsi-krok-k-ovladnutiu-sudnictva\/#breadcrumb","itemListElement":[{"@type":"ListItem","position":1,"name":"Domovsk\u00e1 str\u00e1nka","item":"https:\/\/www.smedemokrati.sk\/"},{"@type":"ListItem","position":2,"name":"Odvolanie Maz\u00e1ka znamen\u00e1 \u010fal\u0161\u00ed krok k ovl\u00e1dnutiu s\u00fadnictva"}]},{"@type":"WebSite","@id":"https:\/\/www.smedemokrati.sk\/#website","url":"https:\/\/www.smedemokrati.sk\/","name":"Smedemokrati.sk","description":"Demokracia a slu\u0161nos\u0165 zv\u00ed\u0165az\u00ed","publisher":{"@id":"https:\/\/www.smedemokrati.sk\/#organization"},"potentialAction":[{"@type":"SearchAction","target":{"@type":"EntryPoint","urlTemplate":"https:\/\/www.smedemokrati.sk\/?s={search_term_string}"},"query-input":{"@type":"PropertyValueSpecification","valueRequired":true,"valueName":"search_term_string"}}],"inLanguage":"hu-HU"},{"@type":"Organization","@id":"https:\/\/www.smedemokrati.sk\/#organization","name":"Smedemokrati.sk","url":"https:\/\/www.smedemokrati.sk\/","logo":{"@type":"ImageObject","inLanguage":"hu-HU","@id":"https:\/\/www.smedemokrati.sk\/#\/schema\/logo\/image\/","url":"https:\/\/www.smedemokrati.sk\/wp-content\/uploads\/2023\/04\/ff.002.jpeg","contentUrl":"https:\/\/www.smedemokrati.sk\/wp-content\/uploads\/2023\/04\/ff.002.jpeg","width":640,"height":480,"caption":"Smedemokrati.sk"},"image":{"@id":"https:\/\/www.smedemokrati.sk\/#\/schema\/logo\/image\/"},"sameAs":["https:\/\/www.facebook.com\/smedemokrati2023"]},{"@type":"Person","@id":"https:\/\/www.smedemokrati.sk\/#\/schema\/person\/21f147c88d605aa7ded900e1e7c344ba","name":"miro.sopko","image":{"@type":"ImageObject","inLanguage":"hu-HU","@id":"https:\/\/secure.gravatar.com\/avatar\/267e4a36f704376c109afe3a78740c1f5dd8675a2180a908699e7863c9247606?s=96&d=mm&r=g","url":"https:\/\/secure.gravatar.com\/avatar\/267e4a36f704376c109afe3a78740c1f5dd8675a2180a908699e7863c9247606?s=96&d=mm&r=g","contentUrl":"https:\/\/secure.gravatar.com\/avatar\/267e4a36f704376c109afe3a78740c1f5dd8675a2180a908699e7863c9247606?s=96&d=mm&r=g","caption":"miro.sopko"},"url":"https:\/\/www.smedemokrati.sk\/hu\/author\/miro-sopko\/"}]}},"_links":{"self":[{"href":"https:\/\/www.smedemokrati.sk\/hu\/wp-json\/wp\/v2\/posts\/3828","targetHints":{"allow":["GET"]}}],"collection":[{"href":"https:\/\/www.smedemokrati.sk\/hu\/wp-json\/wp\/v2\/posts"}],"about":[{"href":"https:\/\/www.smedemokrati.sk\/hu\/wp-json\/wp\/v2\/types\/post"}],"author":[{"embeddable":true,"href":"https:\/\/www.smedemokrati.sk\/hu\/wp-json\/wp\/v2\/users\/13"}],"replies":[{"embeddable":true,"href":"https:\/\/www.smedemokrati.sk\/hu\/wp-json\/wp\/v2\/comments?post=3828"}],"version-history":[{"count":2,"href":"https:\/\/www.smedemokrati.sk\/hu\/wp-json\/wp\/v2\/posts\/3828\/revisions"}],"predecessor-version":[{"id":3831,"href":"https:\/\/www.smedemokrati.sk\/hu\/wp-json\/wp\/v2\/posts\/3828\/revisions\/3831"}],"wp:featuredmedia":[{"embeddable":true,"href":"https:\/\/www.smedemokrati.sk\/hu\/wp-json\/wp\/v2\/media\/3829"}],"wp:attachment":[{"href":"https:\/\/www.smedemokrati.sk\/hu\/wp-json\/wp\/v2\/media?parent=3828"}],"wp:term":[{"taxonomy":"category","embeddable":true,"href":"https:\/\/www.smedemokrati.sk\/hu\/wp-json\/wp\/v2\/categories?post=3828"},{"taxonomy":"post_tag","embeddable":true,"href":"https:\/\/www.smedemokrati.sk\/hu\/wp-json\/wp\/v2\/tags?post=3828"}],"curies":[{"name":"wp","href":"https:\/\/api.w.org\/{rel}","templated":true}]}}