{"id":3811,"date":"2024-04-15T12:52:15","date_gmt":"2024-04-15T11:52:15","guid":{"rendered":"https:\/\/www.smedemokrati.sk\/?p=3811"},"modified":"2024-04-22T10:26:31","modified_gmt":"2024-04-22T09:26:31","slug":"predstavitelia-vlady-chaosu-a-rozvratu-porusuju-jeden-zakon-za-druhym","status":"publish","type":"post","link":"https:\/\/www.smedemokrati.sk\/hu\/predstavitelia-vlady-chaosu-a-rozvratu-porusuju-jeden-zakon-za-druhym\/","title":{"rendered":"Predstavitelia vl\u00e1dy chaosu a rozvratu poru\u0161uj\u00fa jeden z\u00e1kon za druh\u00fdm"},"content":{"rendered":"<div id=\"fb-root\"><\/div>\n\n<p><strong>Vl\u00e1da Roberta Fica likviduje pr\u00e1vny \u0161t\u00e1t, poru\u0161uje z\u00e1kony a naplno si u\u017e\u00edvaj\u00fa papal\u00e1\u0161izmus. Nesmieme to v\u0161ak necha\u0165 tak, a preto pod\u00e1vame na gener\u00e1lnu prokurat\u00faru podnet oh\u013eadom poru\u0161enia z\u00e1kona o reforme n\u00e1rodn\u00fdch parkov zo strany rezortov p\u00f4dohospod\u00e1rstva a \u017eivotn\u00e9ho prostredia. Ministri Taraba s Tak\u00e1\u010dom nezabezpe\u010dili v z\u00e1konnej lehote do 2.4.2024 uzavretie d\u00f4le\u017eit\u00fdch dokumentov &#8211; tzv. delimita\u010dn\u00fdch protokolov. D\u00f4sledkom je pr\u00e1vny chaos oh\u013eadom spr\u00e1vy viac ako 22.000 hekt\u00e1rov \u0161t\u00e1tnych pozemkov. Z\u00e1rove\u0148 vyz\u00fdvame Filipa Kuffu, aby odst\u00fapil z funkcie \u0161t\u00e1tneho tajomn\u00edka, preto\u017ee svoju funkciu zneu\u017e\u00edva na papala\u0161izmus a opakovane poru\u0161uje z\u00e1kon o ochrane pr\u00edrody a krajiny.<\/strong><\/p>\n\n\n\n<p>Taraba s Tak\u00e1\u010dom pre svoju neschopnos\u0165 a nekompetentnos\u0165 sp\u00f4sobili protiz\u00e1konn\u00fd stav a pr\u00e1vny chaos v spr\u00e1ve lesn\u00fdch pozemkov t\u00fdm, \u017ee nezabezpe\u010dili podp\u00edsanie dokumentov k prechodu spr\u00e1vy pozemkov v n\u00e1rodn\u00fdch parkoch, tzv. delimita\u010dn\u00fdch protokolov. Miesto toho, aby t\u00fato situ\u00e1ciu napravili, tak si probl\u00e9m prehadzuj\u00fa ako hor\u00faci zemiak a posielaj\u00fa si odkazy cez m\u00e9di\u00e1.\u00a0<em><em><em>\u201e<\/em><\/em>S\u013eubovan\u00e1 harm\u00f3nia medzi rezortmi skon\u010dila hne\u010f pri prvej pr\u00edle\u017eitosti. \u0164a\u017eko poveda\u0165, ktor\u00fd z ministrov zlyhal viac, ke\u010f\u017ee obaja sa s\u00edce radi pasuj\u00fa do rol\u00ed tzv. \u201ctechnokratov\u201d, ale v\u00fdsledky neprin\u00e1\u0161a ani jeden. Podp\u00edsan\u00edm delimita\u010dn\u00fdch protokolov sa m\u00e1 upravi\u0165 prechod spr\u00e1vy \u0161t\u00e1tnych pozemkov v n\u00e1rodn\u00fdch parkoch Ve\u013ek\u00e1 Fatra a Slovensk\u00fd kras z LESOV SR, \u0161. p. na spr\u00e1vy n\u00e1rodn\u00fdch parkov. T\u00fdka sa to skoro 22 000 hekt\u00e1rov pozemkov. Okrem sp\u00f4sobenia protipr\u00e1vneho stavu m\u00e1 ich ne\u010dinnos\u0165 za n\u00e1sledky aj neistotu v pracovnopr\u00e1vnych vz\u0165ahoch zamestnancov, ktor\u00ed mali prejs\u0165 tie\u017e; u\u017e\u00edvan\u00ed po\u013eovn\u00fdch rev\u00edrov; platen\u00ed dan\u00ed; dod\u00e1vate\u013esk\u00fdch vz\u0165ahoch \u010di n\u00e1jmoch dotknut\u00fdch nehnute\u013enost\u00ed\u201d,<\/em>\u00a0vysvet\u013euje Michal Ki\u010da expert strany Demokrati na \u017eivotn\u00e9 prostredie a \u010dlen predsedn\u00edctva strany a dod\u00e1va, \u017ee \u010dere\u0161ni\u010dkou na torte je, \u017ee p\u00e1ve \u0161t\u00e1tny tajomn\u00edk Kuffa m\u00e1 v zodpovednosti odovzdanie pozemkov a uzavretie delimita\u010dn\u00fdch protokolov.\u00a0<\/p>\n\n\n\n<p>Doslova \u0161okuj\u00faci je aj postoj ministra Richarda Tak\u00e1\u010da, ktor\u00fd sa tv\u00e1ri, \u017ee ni\u010d podpisova\u0165 nemusia. Rezort p\u00f4dohospod\u00e1rstva tvrd\u00ed, \u017ee protokol m\u00e1 len\u00a0<em><em><em>\u201e<\/em><\/em>inventariza\u010dn\u00fd charakter a dan\u00e9 dokumenty nepodpisuje.\u201d Ide bu\u010f o nepochopenie z\u00e1kona alebo jeho hrub\u00fa ignor\u00e1ciu. <em><em>\u201e<\/em><\/em>Hoci sa to p\u00e1nom z koal\u00edcie nep\u00e1\u010di, tak st\u00e1le sme pr\u00e1vnym \u0161t\u00e1tom a z\u00e1kon mus\u00ed plati\u0165 a fungova\u0165 pre ka\u017ed\u00e9ho. Pod\u00e1vame preto podnet na Gener\u00e1lnu prokurat\u00faru SR. Ide o jasn\u00e9 poru\u0161enie z\u00e1kona \u00a7 104I ods. 9 z\u00e1kona \u010d. 543\/2002 Z. z. o ochrane pr\u00edrody a krajiny a ministri by mali nies\u0165 za svoje pochybenia zodpovednos\u0165, \u201d<\/em>\u00a0dod\u00e1va Ki\u010da.<\/p>\n\n\n\n<p><em><em>\u201e<\/em>Pevne ver\u00edm, \u017ee p\u00e1n \u017dilinka bude v tomto v tomto pr\u00edpade jasn\u00e9ho poru\u0161enia z\u00e1kona ak\u010dn\u00fd a nekompromisn\u00fd ako pri vyu\u017e\u00edvan\u00ed paragrafu 363 a n\u00e1\u0161 podnet d\u00f4kladne pre\u0161etr\u00ed. Slovensko nie je absurdistan, aby si to predstavitelia vl\u00e1dy robili \u010do chceli a nevyvodili za ni\u010d zodpovednos\u0165. Ak by takto konal be\u017en\u00fd ob\u010dan, bol by okam\u017eite rie\u0161en\u00fd pr\u00edslu\u0161n\u00fdmi org\u00e1nmi\u201d<\/em>, hovor\u00ed Juraj \u0160eliga, podpredseda strany Demokrati. Poru\u0161ovanie z\u00e1konov je o\u010dividne pre t\u00fato vl\u00e1du nie\u010do ako pracovn\u00fd n\u00e1vyk. Nielen Taraba a Tak\u00e1\u010d, ale aj \u0161t\u00e1tny tajomn\u00edk Filip Kuffa opakovane poru\u0161uje z\u00e1kon o ochrane pr\u00edrody a krajiny. Miesto toho, aby veci vysvet\u013eoval, tak nad\u00e1va novin\u00e1rkam, pr\u00edpadne ich ignoruje. Len za posledn\u00e9 2 t\u00fd\u017edne vyrobil kauzu zvl\u00e1\u0161tnych mana\u017e\u00e9rskych prakt\u00edk v TANAPe, na ktor\u00e9 upozornili zamestnanci; prelet vrtu\u013en\u00edkom cez chr\u00e1nen\u00e9 \u00fazemie, v ktorom hniezdia orly a najnov\u0161ie jazda na \u0161tvorkolke cez N\u00e1rodn\u00fd park Poloniny, ktor\u00fd nedok\u00e1\u017ee alebo nechce vysvetli\u0165.<\/p>\n\n\n\n<p><em><em><em>\u201e<\/em><\/em>Vyz\u00fdvame Filipa Kuffu, aby odst\u00fapil z funkcie \u0161t\u00e1tneho tajomn\u00edka, ktor\u00fa zneu\u017e\u00edva len na svoje papal\u00e1\u0161ske maniere. Ani on, ani Tak\u00e1\u010d a ani Taraba nie s\u00fa nad z\u00e1konom. S\u00fa tu preto, aby sl\u00fa\u017eili ob\u010danom Slovenska. Je hanbou, \u017ee \u0161t\u00e1tny tajomn\u00edk, ktor\u00fd by mal \u00eds\u0165 pr\u00edkladom v ochrane pr\u00edrody, sa podie\u013ea na jej devastovan\u00ed. Pod\u013ea mojich inform\u00e1ci\u00ed sa pri jazde v Polonin\u00e1ch jedn\u00e1 o z\u00e1va\u017en\u00e9 poru\u0161enie z\u00e1kona, pri ktorom mohlo d\u00f4js\u0165 k sp\u00e1chaniu trestn\u00e9ho \u010dinu poru\u0161ovania ochrany rastl\u00edn a \u017eivo\u010d\u00edchov. Vyz\u00fdvam Filipa Kuffu, aby vec okam\u017eite objasnil, inak nebudem ma\u0165 in\u00fa mo\u017enos\u0165 ako poda\u0165 trestn\u00e9 ozn\u00e1menie. Kuffa op\u00e4\u0165 len potvrdil, \u017ee na rezorte nem\u00e1 \u010do robi\u0165 a mal by si to chlapsky<\/em> <em>prizna\u0165, ne\u017e narob\u00ed fat\u00e1lne \u0161kody\u201d<\/em>, uzatv\u00e1ra Michal Ki\u010da.<\/p>\n\n\n\n<iframe src=\"https:\/\/www.facebook.com\/plugins\/video.php?href=https%3A%2F%2Fwww.facebook.com%2Fsmedemokrati2023%2Fvideos%2F956246752534723%2F&#038;width=600&#038;show_text=false&#038;appId=361313990972954&#038;height=338\" width=\"600\" height=\"338\" style=\"border:none;overflow:hidden\" scrolling=\"no\" frameborder=\"0\" allowfullscreen=\"true\" allow=\"autoplay; clipboard-write; encrypted-media; picture-in-picture; web-share\" allowFullScreen=\"true\"><\/iframe>\n","protected":false},"excerpt":{"rendered":"<p>Vl\u00e1da Roberta Fica likviduje pr\u00e1vny \u0161t\u00e1t, poru\u0161uje z\u00e1kony a naplno si u\u017e\u00edvaj\u00fa papal\u00e1\u0161izmus. Nesmieme to v\u0161ak necha\u0165 tak, a preto pod\u00e1vame na gener\u00e1lnu prokurat\u00faru podnet oh\u013eadom poru\u0161enia z\u00e1kona o reforme n\u00e1rodn\u00fdch parkov zo strany rezortov p\u00f4dohospod\u00e1rstva a \u017eivotn\u00e9ho prostredia. Ministri Taraba s Tak\u00e1\u010dom nezabezpe\u010dili v z\u00e1konnej lehote do 2.4.2024 uzavretie d\u00f4le\u017eit\u00fdch dokumentov &#8211; tzv. delimita\u010dn\u00fdch [&hellip;]<\/p>\n","protected":false},"author":13,"featured_media":3812,"comment_status":"closed","ping_status":"closed","sticky":false,"template":"","format":"standard","meta":{"_acf_changed":false,"ngg_post_thumbnail":0,"footnotes":""},"categories":[4],"tags":[],"class_list":["post-3811","post","type-post","status-publish","format-standard","has-post-thumbnail","hentry","category-tlacove-spravy"],"acf":[],"yoast_head":"<!-- This site is optimized with the Yoast SEO plugin v27.2 - https:\/\/yoast.com\/product\/yoast-seo-wordpress\/ -->\n<title>Predstavitelia vl\u00e1dy chaosu a rozvratu poru\u0161uj\u00fa jeden z\u00e1kon za druh\u00fdm - Smedemokrati.sk<\/title>\n<meta name=\"robots\" content=\"index, follow, max-snippet:-1, max-image-preview:large, max-video-preview:-1\" \/>\n<link rel=\"canonical\" href=\"https:\/\/www.smedemokrati.sk\/hu\/predstavitelia-vlady-chaosu-a-rozvratu-porusuju-jeden-zakon-za-druhym\/\" \/>\n<meta property=\"og:locale\" content=\"hu_HU\" \/>\n<meta property=\"og:locale:alternate\" content=\"en_US\" \/>\n<meta property=\"og:locale:alternate\" content=\"cs_CZ\" \/>\n<meta property=\"og:locale:alternate\" content=\"sk_SK\" \/>\n<meta property=\"og:locale:alternate\" content=\"sv_SE\" \/>\n<meta property=\"og:type\" content=\"article\" \/>\n<meta property=\"og:title\" content=\"Predstavitelia vl\u00e1dy chaosu a rozvratu poru\u0161uj\u00fa jeden z\u00e1kon za druh\u00fdm - Smedemokrati.sk\" \/>\n<meta property=\"og:description\" content=\"Vl\u00e1da Roberta Fica likviduje pr\u00e1vny \u0161t\u00e1t, poru\u0161uje z\u00e1kony a naplno si u\u017e\u00edvaj\u00fa papal\u00e1\u0161izmus. Nesmieme to v\u0161ak necha\u0165 tak, a preto pod\u00e1vame na gener\u00e1lnu prokurat\u00faru podnet oh\u013eadom poru\u0161enia z\u00e1kona o reforme n\u00e1rodn\u00fdch parkov zo strany rezortov p\u00f4dohospod\u00e1rstva a \u017eivotn\u00e9ho prostredia. Ministri Taraba s Tak\u00e1\u010dom nezabezpe\u010dili v z\u00e1konnej lehote do 2.4.2024 uzavretie d\u00f4le\u017eit\u00fdch dokumentov &#8211; tzv. delimita\u010dn\u00fdch [&hellip;]\" \/>\n<meta property=\"og:url\" content=\"https:\/\/www.smedemokrati.sk\/hu\/predstavitelia-vlady-chaosu-a-rozvratu-porusuju-jeden-zakon-za-druhym\/\" \/>\n<meta property=\"og:site_name\" content=\"Smedemokrati.sk\" \/>\n<meta property=\"article:publisher\" content=\"https:\/\/www.facebook.com\/smedemokrati2023\" \/>\n<meta property=\"article:published_time\" content=\"2024-04-15T11:52:15+00:00\" \/>\n<meta property=\"article:modified_time\" content=\"2024-04-22T09:26:31+00:00\" \/>\n<meta property=\"og:image\" content=\"https:\/\/www.smedemokrati.sk\/wp-content\/uploads\/2024\/04\/KICA-SELIGA.jpg\" \/>\n\t<meta property=\"og:image:width\" content=\"1789\" \/>\n\t<meta property=\"og:image:height\" content=\"970\" \/>\n\t<meta property=\"og:image:type\" content=\"image\/jpeg\" \/>\n<meta name=\"author\" content=\"miro.sopko\" \/>\n<meta name=\"twitter:card\" content=\"summary_large_image\" \/>\n<meta name=\"twitter:label1\" content=\"Szerz\u0151:\" \/>\n\t<meta name=\"twitter:data1\" content=\"miro.sopko\" \/>\n\t<meta name=\"twitter:label2\" content=\"Becs\u00fclt olvas\u00e1si id\u0151\" \/>\n\t<meta name=\"twitter:data2\" content=\"4 perc\" \/>\n<script type=\"application\/ld+json\" class=\"yoast-schema-graph\">{\"@context\":\"https:\/\/schema.org\",\"@graph\":[{\"@type\":\"Article\",\"@id\":\"https:\/\/www.smedemokrati.sk\/predstavitelia-vlady-chaosu-a-rozvratu-porusuju-jeden-zakon-za-druhym\/#article\",\"isPartOf\":{\"@id\":\"https:\/\/www.smedemokrati.sk\/predstavitelia-vlady-chaosu-a-rozvratu-porusuju-jeden-zakon-za-druhym\/\"},\"author\":{\"name\":\"miro.sopko\",\"@id\":\"https:\/\/www.smedemokrati.sk\/#\/schema\/person\/21f147c88d605aa7ded900e1e7c344ba\"},\"headline\":\"Predstavitelia vl\u00e1dy chaosu a rozvratu poru\u0161uj\u00fa jeden z\u00e1kon za druh\u00fdm\",\"datePublished\":\"2024-04-15T11:52:15+00:00\",\"dateModified\":\"2024-04-22T09:26:31+00:00\",\"mainEntityOfPage\":{\"@id\":\"https:\/\/www.smedemokrati.sk\/predstavitelia-vlady-chaosu-a-rozvratu-porusuju-jeden-zakon-za-druhym\/\"},\"wordCount\":851,\"publisher\":{\"@id\":\"https:\/\/www.smedemokrati.sk\/#organization\"},\"image\":{\"@id\":\"https:\/\/www.smedemokrati.sk\/predstavitelia-vlady-chaosu-a-rozvratu-porusuju-jeden-zakon-za-druhym\/#primaryimage\"},\"thumbnailUrl\":\"https:\/\/www.smedemokrati.sk\/wp-content\/uploads\/2024\/04\/KICA-SELIGA.jpg\",\"articleSection\":[\"Tla\u010dov\u00e9 spr\u00e1vy\"],\"inLanguage\":\"hu-HU\"},{\"@type\":\"WebPage\",\"@id\":\"https:\/\/www.smedemokrati.sk\/predstavitelia-vlady-chaosu-a-rozvratu-porusuju-jeden-zakon-za-druhym\/\",\"url\":\"https:\/\/www.smedemokrati.sk\/predstavitelia-vlady-chaosu-a-rozvratu-porusuju-jeden-zakon-za-druhym\/\",\"name\":\"Predstavitelia vl\u00e1dy chaosu a rozvratu poru\u0161uj\u00fa jeden z\u00e1kon za druh\u00fdm - Smedemokrati.sk\",\"isPartOf\":{\"@id\":\"https:\/\/www.smedemokrati.sk\/#website\"},\"primaryImageOfPage\":{\"@id\":\"https:\/\/www.smedemokrati.sk\/predstavitelia-vlady-chaosu-a-rozvratu-porusuju-jeden-zakon-za-druhym\/#primaryimage\"},\"image\":{\"@id\":\"https:\/\/www.smedemokrati.sk\/predstavitelia-vlady-chaosu-a-rozvratu-porusuju-jeden-zakon-za-druhym\/#primaryimage\"},\"thumbnailUrl\":\"https:\/\/www.smedemokrati.sk\/wp-content\/uploads\/2024\/04\/KICA-SELIGA.jpg\",\"datePublished\":\"2024-04-15T11:52:15+00:00\",\"dateModified\":\"2024-04-22T09:26:31+00:00\",\"breadcrumb\":{\"@id\":\"https:\/\/www.smedemokrati.sk\/predstavitelia-vlady-chaosu-a-rozvratu-porusuju-jeden-zakon-za-druhym\/#breadcrumb\"},\"inLanguage\":\"hu-HU\",\"potentialAction\":[{\"@type\":\"ReadAction\",\"target\":[\"https:\/\/www.smedemokrati.sk\/predstavitelia-vlady-chaosu-a-rozvratu-porusuju-jeden-zakon-za-druhym\/\"]}]},{\"@type\":\"ImageObject\",\"inLanguage\":\"hu-HU\",\"@id\":\"https:\/\/www.smedemokrati.sk\/predstavitelia-vlady-chaosu-a-rozvratu-porusuju-jeden-zakon-za-druhym\/#primaryimage\",\"url\":\"https:\/\/www.smedemokrati.sk\/wp-content\/uploads\/2024\/04\/KICA-SELIGA.jpg\",\"contentUrl\":\"https:\/\/www.smedemokrati.sk\/wp-content\/uploads\/2024\/04\/KICA-SELIGA.jpg\",\"width\":1789,\"height\":970},{\"@type\":\"BreadcrumbList\",\"@id\":\"https:\/\/www.smedemokrati.sk\/predstavitelia-vlady-chaosu-a-rozvratu-porusuju-jeden-zakon-za-druhym\/#breadcrumb\",\"itemListElement\":[{\"@type\":\"ListItem\",\"position\":1,\"name\":\"Domovsk\u00e1 str\u00e1nka\",\"item\":\"https:\/\/www.smedemokrati.sk\/\"},{\"@type\":\"ListItem\",\"position\":2,\"name\":\"Predstavitelia vl\u00e1dy chaosu a rozvratu poru\u0161uj\u00fa jeden z\u00e1kon za druh\u00fdm\"}]},{\"@type\":\"WebSite\",\"@id\":\"https:\/\/www.smedemokrati.sk\/#website\",\"url\":\"https:\/\/www.smedemokrati.sk\/\",\"name\":\"Smedemokrati.sk\",\"description\":\"Demokracia a slu\u0161nos\u0165 zv\u00ed\u0165az\u00ed\",\"publisher\":{\"@id\":\"https:\/\/www.smedemokrati.sk\/#organization\"},\"potentialAction\":[{\"@type\":\"SearchAction\",\"target\":{\"@type\":\"EntryPoint\",\"urlTemplate\":\"https:\/\/www.smedemokrati.sk\/?s={search_term_string}\"},\"query-input\":{\"@type\":\"PropertyValueSpecification\",\"valueRequired\":true,\"valueName\":\"search_term_string\"}}],\"inLanguage\":\"hu-HU\"},{\"@type\":\"Organization\",\"@id\":\"https:\/\/www.smedemokrati.sk\/#organization\",\"name\":\"Smedemokrati.sk\",\"url\":\"https:\/\/www.smedemokrati.sk\/\",\"logo\":{\"@type\":\"ImageObject\",\"inLanguage\":\"hu-HU\",\"@id\":\"https:\/\/www.smedemokrati.sk\/#\/schema\/logo\/image\/\",\"url\":\"https:\/\/www.smedemokrati.sk\/wp-content\/uploads\/2023\/04\/ff.002.jpeg\",\"contentUrl\":\"https:\/\/www.smedemokrati.sk\/wp-content\/uploads\/2023\/04\/ff.002.jpeg\",\"width\":640,\"height\":480,\"caption\":\"Smedemokrati.sk\"},\"image\":{\"@id\":\"https:\/\/www.smedemokrati.sk\/#\/schema\/logo\/image\/\"},\"sameAs\":[\"https:\/\/www.facebook.com\/smedemokrati2023\"]},{\"@type\":\"Person\",\"@id\":\"https:\/\/www.smedemokrati.sk\/#\/schema\/person\/21f147c88d605aa7ded900e1e7c344ba\",\"name\":\"miro.sopko\",\"image\":{\"@type\":\"ImageObject\",\"inLanguage\":\"hu-HU\",\"@id\":\"https:\/\/secure.gravatar.com\/avatar\/267e4a36f704376c109afe3a78740c1f5dd8675a2180a908699e7863c9247606?s=96&d=mm&r=g\",\"url\":\"https:\/\/secure.gravatar.com\/avatar\/267e4a36f704376c109afe3a78740c1f5dd8675a2180a908699e7863c9247606?s=96&d=mm&r=g\",\"contentUrl\":\"https:\/\/secure.gravatar.com\/avatar\/267e4a36f704376c109afe3a78740c1f5dd8675a2180a908699e7863c9247606?s=96&d=mm&r=g\",\"caption\":\"miro.sopko\"},\"url\":\"https:\/\/www.smedemokrati.sk\/hu\/author\/miro-sopko\/\"}]}<\/script>\n<!-- \/ Yoast SEO plugin. -->","yoast_head_json":{"title":"Predstavitelia vl\u00e1dy chaosu a rozvratu poru\u0161uj\u00fa jeden z\u00e1kon za druh\u00fdm - Smedemokrati.sk","robots":{"index":"index","follow":"follow","max-snippet":"max-snippet:-1","max-image-preview":"max-image-preview:large","max-video-preview":"max-video-preview:-1"},"canonical":"https:\/\/www.smedemokrati.sk\/hu\/predstavitelia-vlady-chaosu-a-rozvratu-porusuju-jeden-zakon-za-druhym\/","og_locale":"hu_HU","og_type":"article","og_title":"Predstavitelia vl\u00e1dy chaosu a rozvratu poru\u0161uj\u00fa jeden z\u00e1kon za druh\u00fdm - Smedemokrati.sk","og_description":"Vl\u00e1da Roberta Fica likviduje pr\u00e1vny \u0161t\u00e1t, poru\u0161uje z\u00e1kony a naplno si u\u017e\u00edvaj\u00fa papal\u00e1\u0161izmus. Nesmieme to v\u0161ak necha\u0165 tak, a preto pod\u00e1vame na gener\u00e1lnu prokurat\u00faru podnet oh\u013eadom poru\u0161enia z\u00e1kona o reforme n\u00e1rodn\u00fdch parkov zo strany rezortov p\u00f4dohospod\u00e1rstva a \u017eivotn\u00e9ho prostredia. Ministri Taraba s Tak\u00e1\u010dom nezabezpe\u010dili v z\u00e1konnej lehote do 2.4.2024 uzavretie d\u00f4le\u017eit\u00fdch dokumentov &#8211; tzv. delimita\u010dn\u00fdch [&hellip;]","og_url":"https:\/\/www.smedemokrati.sk\/hu\/predstavitelia-vlady-chaosu-a-rozvratu-porusuju-jeden-zakon-za-druhym\/","og_site_name":"Smedemokrati.sk","article_publisher":"https:\/\/www.facebook.com\/smedemokrati2023","article_published_time":"2024-04-15T11:52:15+00:00","article_modified_time":"2024-04-22T09:26:31+00:00","og_image":[{"width":1789,"height":970,"url":"https:\/\/www.smedemokrati.sk\/wp-content\/uploads\/2024\/04\/KICA-SELIGA.jpg","type":"image\/jpeg"}],"author":"miro.sopko","twitter_card":"summary_large_image","twitter_misc":{"Szerz\u0151:":"miro.sopko","Becs\u00fclt olvas\u00e1si id\u0151":"4 perc"},"schema":{"@context":"https:\/\/schema.org","@graph":[{"@type":"Article","@id":"https:\/\/www.smedemokrati.sk\/predstavitelia-vlady-chaosu-a-rozvratu-porusuju-jeden-zakon-za-druhym\/#article","isPartOf":{"@id":"https:\/\/www.smedemokrati.sk\/predstavitelia-vlady-chaosu-a-rozvratu-porusuju-jeden-zakon-za-druhym\/"},"author":{"name":"miro.sopko","@id":"https:\/\/www.smedemokrati.sk\/#\/schema\/person\/21f147c88d605aa7ded900e1e7c344ba"},"headline":"Predstavitelia vl\u00e1dy chaosu a rozvratu poru\u0161uj\u00fa jeden z\u00e1kon za druh\u00fdm","datePublished":"2024-04-15T11:52:15+00:00","dateModified":"2024-04-22T09:26:31+00:00","mainEntityOfPage":{"@id":"https:\/\/www.smedemokrati.sk\/predstavitelia-vlady-chaosu-a-rozvratu-porusuju-jeden-zakon-za-druhym\/"},"wordCount":851,"publisher":{"@id":"https:\/\/www.smedemokrati.sk\/#organization"},"image":{"@id":"https:\/\/www.smedemokrati.sk\/predstavitelia-vlady-chaosu-a-rozvratu-porusuju-jeden-zakon-za-druhym\/#primaryimage"},"thumbnailUrl":"https:\/\/www.smedemokrati.sk\/wp-content\/uploads\/2024\/04\/KICA-SELIGA.jpg","articleSection":["Tla\u010dov\u00e9 spr\u00e1vy"],"inLanguage":"hu-HU"},{"@type":"WebPage","@id":"https:\/\/www.smedemokrati.sk\/predstavitelia-vlady-chaosu-a-rozvratu-porusuju-jeden-zakon-za-druhym\/","url":"https:\/\/www.smedemokrati.sk\/predstavitelia-vlady-chaosu-a-rozvratu-porusuju-jeden-zakon-za-druhym\/","name":"Predstavitelia vl\u00e1dy chaosu a rozvratu poru\u0161uj\u00fa jeden z\u00e1kon za druh\u00fdm - Smedemokrati.sk","isPartOf":{"@id":"https:\/\/www.smedemokrati.sk\/#website"},"primaryImageOfPage":{"@id":"https:\/\/www.smedemokrati.sk\/predstavitelia-vlady-chaosu-a-rozvratu-porusuju-jeden-zakon-za-druhym\/#primaryimage"},"image":{"@id":"https:\/\/www.smedemokrati.sk\/predstavitelia-vlady-chaosu-a-rozvratu-porusuju-jeden-zakon-za-druhym\/#primaryimage"},"thumbnailUrl":"https:\/\/www.smedemokrati.sk\/wp-content\/uploads\/2024\/04\/KICA-SELIGA.jpg","datePublished":"2024-04-15T11:52:15+00:00","dateModified":"2024-04-22T09:26:31+00:00","breadcrumb":{"@id":"https:\/\/www.smedemokrati.sk\/predstavitelia-vlady-chaosu-a-rozvratu-porusuju-jeden-zakon-za-druhym\/#breadcrumb"},"inLanguage":"hu-HU","potentialAction":[{"@type":"ReadAction","target":["https:\/\/www.smedemokrati.sk\/predstavitelia-vlady-chaosu-a-rozvratu-porusuju-jeden-zakon-za-druhym\/"]}]},{"@type":"ImageObject","inLanguage":"hu-HU","@id":"https:\/\/www.smedemokrati.sk\/predstavitelia-vlady-chaosu-a-rozvratu-porusuju-jeden-zakon-za-druhym\/#primaryimage","url":"https:\/\/www.smedemokrati.sk\/wp-content\/uploads\/2024\/04\/KICA-SELIGA.jpg","contentUrl":"https:\/\/www.smedemokrati.sk\/wp-content\/uploads\/2024\/04\/KICA-SELIGA.jpg","width":1789,"height":970},{"@type":"BreadcrumbList","@id":"https:\/\/www.smedemokrati.sk\/predstavitelia-vlady-chaosu-a-rozvratu-porusuju-jeden-zakon-za-druhym\/#breadcrumb","itemListElement":[{"@type":"ListItem","position":1,"name":"Domovsk\u00e1 str\u00e1nka","item":"https:\/\/www.smedemokrati.sk\/"},{"@type":"ListItem","position":2,"name":"Predstavitelia vl\u00e1dy chaosu a rozvratu poru\u0161uj\u00fa jeden z\u00e1kon za druh\u00fdm"}]},{"@type":"WebSite","@id":"https:\/\/www.smedemokrati.sk\/#website","url":"https:\/\/www.smedemokrati.sk\/","name":"Smedemokrati.sk","description":"Demokracia a slu\u0161nos\u0165 zv\u00ed\u0165az\u00ed","publisher":{"@id":"https:\/\/www.smedemokrati.sk\/#organization"},"potentialAction":[{"@type":"SearchAction","target":{"@type":"EntryPoint","urlTemplate":"https:\/\/www.smedemokrati.sk\/?s={search_term_string}"},"query-input":{"@type":"PropertyValueSpecification","valueRequired":true,"valueName":"search_term_string"}}],"inLanguage":"hu-HU"},{"@type":"Organization","@id":"https:\/\/www.smedemokrati.sk\/#organization","name":"Smedemokrati.sk","url":"https:\/\/www.smedemokrati.sk\/","logo":{"@type":"ImageObject","inLanguage":"hu-HU","@id":"https:\/\/www.smedemokrati.sk\/#\/schema\/logo\/image\/","url":"https:\/\/www.smedemokrati.sk\/wp-content\/uploads\/2023\/04\/ff.002.jpeg","contentUrl":"https:\/\/www.smedemokrati.sk\/wp-content\/uploads\/2023\/04\/ff.002.jpeg","width":640,"height":480,"caption":"Smedemokrati.sk"},"image":{"@id":"https:\/\/www.smedemokrati.sk\/#\/schema\/logo\/image\/"},"sameAs":["https:\/\/www.facebook.com\/smedemokrati2023"]},{"@type":"Person","@id":"https:\/\/www.smedemokrati.sk\/#\/schema\/person\/21f147c88d605aa7ded900e1e7c344ba","name":"miro.sopko","image":{"@type":"ImageObject","inLanguage":"hu-HU","@id":"https:\/\/secure.gravatar.com\/avatar\/267e4a36f704376c109afe3a78740c1f5dd8675a2180a908699e7863c9247606?s=96&d=mm&r=g","url":"https:\/\/secure.gravatar.com\/avatar\/267e4a36f704376c109afe3a78740c1f5dd8675a2180a908699e7863c9247606?s=96&d=mm&r=g","contentUrl":"https:\/\/secure.gravatar.com\/avatar\/267e4a36f704376c109afe3a78740c1f5dd8675a2180a908699e7863c9247606?s=96&d=mm&r=g","caption":"miro.sopko"},"url":"https:\/\/www.smedemokrati.sk\/hu\/author\/miro-sopko\/"}]}},"_links":{"self":[{"href":"https:\/\/www.smedemokrati.sk\/hu\/wp-json\/wp\/v2\/posts\/3811","targetHints":{"allow":["GET"]}}],"collection":[{"href":"https:\/\/www.smedemokrati.sk\/hu\/wp-json\/wp\/v2\/posts"}],"about":[{"href":"https:\/\/www.smedemokrati.sk\/hu\/wp-json\/wp\/v2\/types\/post"}],"author":[{"embeddable":true,"href":"https:\/\/www.smedemokrati.sk\/hu\/wp-json\/wp\/v2\/users\/13"}],"replies":[{"embeddable":true,"href":"https:\/\/www.smedemokrati.sk\/hu\/wp-json\/wp\/v2\/comments?post=3811"}],"version-history":[{"count":2,"href":"https:\/\/www.smedemokrati.sk\/hu\/wp-json\/wp\/v2\/posts\/3811\/revisions"}],"predecessor-version":[{"id":3825,"href":"https:\/\/www.smedemokrati.sk\/hu\/wp-json\/wp\/v2\/posts\/3811\/revisions\/3825"}],"wp:featuredmedia":[{"embeddable":true,"href":"https:\/\/www.smedemokrati.sk\/hu\/wp-json\/wp\/v2\/media\/3812"}],"wp:attachment":[{"href":"https:\/\/www.smedemokrati.sk\/hu\/wp-json\/wp\/v2\/media?parent=3811"}],"wp:term":[{"taxonomy":"category","embeddable":true,"href":"https:\/\/www.smedemokrati.sk\/hu\/wp-json\/wp\/v2\/categories?post=3811"},{"taxonomy":"post_tag","embeddable":true,"href":"https:\/\/www.smedemokrati.sk\/hu\/wp-json\/wp\/v2\/tags?post=3811"}],"curies":[{"name":"wp","href":"https:\/\/api.w.org\/{rel}","templated":true}]}}