{"id":3709,"date":"2024-04-12T11:04:09","date_gmt":"2024-04-12T10:04:09","guid":{"rendered":"https:\/\/www.smedemokrati.sk\/?p=3709"},"modified":"2024-04-17T11:43:02","modified_gmt":"2024-04-17T10:43:02","slug":"listom-ziadame-r-fica-odpovede-pre-verejnost-prideme-o-eurofondy","status":"publish","type":"post","link":"https:\/\/www.smedemokrati.sk\/hu\/listom-ziadame-r-fica-odpovede-pre-verejnost-prideme-o-eurofondy\/","title":{"rendered":"Listom \u017eiadame R. Fica odpovede pre verejnos\u0165, pr\u00eddeme o eurofondy?"},"content":{"rendered":"<div id=\"fb-root\"><\/div>\n\n<p><strong>Demokrati doru\u010dili predsedovi vl\u00e1dy SR list, ktor\u00fdm \u017eiadaj\u00fa Roberta Fica aby jasne, komplexne a okam\u017eite informoval verejnos\u0165, ak\u00e9 kroky ide podnikn\u00fa\u0165, aby Slovensku neboli zastaven\u00e9 eurofondy a financie z Pl\u00e1nu obnovy. Strana tak opakovane reaguje na inform\u00e1cie z Eur\u00f3pskej komisie, ktor\u00e1 chce stopn\u00fa\u0165 financie pre nebezpe\u010dn\u00e9 konanie vl\u00e1dy SR, najm\u00e4 v s\u00favislosti so zmenami v trestnom k\u00f3dexe.<\/strong><\/p>\n\n\n\n<p>Strana Jaroslava Na\u010fa ako prv\u00e1 upozornila na d\u00f4sledky krokov s\u00fa\u010dasnej vl\u00e1dy, pre ktor\u00e9 hroz\u00ed, \u017ee Slovensko pr\u00edde o miliardy:\u00a0<em><em><em>\u201e<\/em><\/em>Mesiace opakujeme, \u017ee Robert Fico a jeho kump\u00e1ni s\u00fa najv\u00e4\u010d\u0161ou hrozbou pre Slovensko. \u010co u\u017e m\u00f4\u017ee by\u0165 v\u00e4\u010d\u0161\u00edm d\u00f4kazom ako to, \u017ee predsedovi vl\u00e1dy nejde o be\u017en\u00e9ho ob\u010dana a\u017e nato\u013eko, \u017ee je ochotn\u00fd vymeni\u0165 na\u0161e, opakujem na\u0161e, miliardy eur za svoju beztrestnos\u0165? Robert Fico n\u00e1s ober\u00e1 o zahrani\u010dn\u00e9 renom\u00e9, d\u00f4stojnos\u0165, dobr\u00e9 vz\u0165ahy so susedmi a spojencami a navy\u0161e, n\u00e1s cynicky n\u00e1s ober\u00e1 o peniaze, ktor\u00e9 maj\u00fa \u00eds\u0165 do nemocn\u00edc, kult\u00farnych centier \u010di na konkr\u00e9tne projekty do miest a obc\u00ed,\u201d<\/em>\u00a0reagoval Na\u010f.<\/p>\n\n\n\n<p>Juraj \u0160eliga, podpredseda strany hovor\u00ed, \u017ee verejnos\u0165 mus\u00ed okam\u017eite pozna\u0165 z\u00e1mery predsedu vl\u00e1dy SR:\u00a0<em><em><em>\u201e<\/em><\/em>O\u010dak\u00e1vame od predsedu vl\u00e1dy predstavenie konkr\u00e9tnych krokov, ktor\u00e9 chce urobi\u0165, aby Slovensko nepri\u0161lo o eur\u00f3pske peniaze. V\u00fdhovorky, zastra\u0161ovanie a hrubos\u0165 nepom\u00f4\u017eu. My sa nedr\u017e\u00edme hesla &#8222;\u010d\u00edm hor\u0161ie pre Fica t\u00fdm lep\u0161ie pre n\u00e1s&#8221;, preto o\u010dak\u00e1vame konkr\u00e9tne kroky ako zabr\u00e1nia stopnutie eurofondov. Chcem zd\u00f4razni\u0165, \u017ee to, v akej sme situ\u00e1cii, je plne v zodpovednosti vl\u00e1dy Roberta Fica, aj ke\u010f ten sa to sna\u017e\u00ed hodi\u0165 na ob\u010danov a na n\u00e1s opoz\u00edciu. Opakujem, je to len a len premi\u00e9r tejto krajiny a jeho snaha o zb\u00faranie spravodlivosti, ktor\u00e9 n\u00e1s dost\u00e1vaj\u00fa na kolen\u00e1.&#8221;<\/em><\/p>\n\n\n\n<figure class=\"wp-block-video\"><video height=\"720\" style=\"aspect-ratio: 406 \/ 720;\" width=\"406\" controls src=\"https:\/\/www.smedemokrati.sk\/wp-content\/uploads\/2024\/04\/LIST-ROBERTOVI-FICOVI.mp4\"><\/video><\/figure>\n\n\n\n<div data-wp-interactive=\"core\/file\" class=\"wp-block-file\"><object data-wp-bind--hidden=\"!state.hasPdfPreview\" hidden class=\"wp-block-file__embed\" data=\"https:\/\/www.smedemokrati.sk\/wp-content\/uploads\/2024\/04\/List-RF.pdf\" type=\"application\/pdf\" style=\"width:100%;height:723px\" aria-label=\"List-RF be\u00e1gyaz\u00e1sa\"><\/object><a id=\"wp-block-file--media-0c3d8a9e-9037-4951-88dd-b27ee8b987a6\" href=\"https:\/\/www.smedemokrati.sk\/wp-content\/uploads\/2024\/04\/List-RF.pdf\" target=\"_blank\" rel=\"noreferrer noopener\">List-RF<\/a><a href=\"https:\/\/www.smedemokrati.sk\/wp-content\/uploads\/2024\/04\/List-RF.pdf\" class=\"wp-block-file__button wp-element-button\" download aria-describedby=\"wp-block-file--media-0c3d8a9e-9037-4951-88dd-b27ee8b987a6\">Stiahnu\u0165<\/a><\/div>\n","protected":false},"excerpt":{"rendered":"<p>Demokrati doru\u010dili predsedovi vl\u00e1dy SR list, ktor\u00fdm \u017eiadaj\u00fa Roberta Fica aby jasne, komplexne a okam\u017eite informoval verejnos\u0165, ak\u00e9 kroky ide podnikn\u00fa\u0165, aby Slovensku neboli zastaven\u00e9 eurofondy a financie z Pl\u00e1nu obnovy. Strana tak opakovane reaguje na inform\u00e1cie z Eur\u00f3pskej komisie, ktor\u00e1 chce stopn\u00fa\u0165 financie pre nebezpe\u010dn\u00e9 konanie vl\u00e1dy SR, najm\u00e4 v s\u00favislosti so zmenami v [&hellip;]<\/p>\n","protected":false},"author":13,"featured_media":1849,"comment_status":"closed","ping_status":"closed","sticky":false,"template":"","format":"standard","meta":{"_acf_changed":false,"ngg_post_thumbnail":0,"footnotes":""},"categories":[4],"tags":[],"class_list":["post-3709","post","type-post","status-publish","format-standard","has-post-thumbnail","hentry","category-tlacove-spravy"],"acf":[],"yoast_head":"<!-- This site is optimized with the Yoast SEO plugin v27.2 - https:\/\/yoast.com\/product\/yoast-seo-wordpress\/ -->\n<title>Listom \u017eiadame R. Fica odpovede pre verejnos\u0165, pr\u00eddeme o eurofondy? - Smedemokrati.sk<\/title>\n<meta name=\"robots\" content=\"index, follow, max-snippet:-1, max-image-preview:large, max-video-preview:-1\" \/>\n<link rel=\"canonical\" href=\"https:\/\/www.smedemokrati.sk\/hu\/listom-ziadame-r-fica-odpovede-pre-verejnost-prideme-o-eurofondy\/\" \/>\n<meta property=\"og:locale\" content=\"hu_HU\" \/>\n<meta property=\"og:locale:alternate\" content=\"en_US\" \/>\n<meta property=\"og:locale:alternate\" content=\"cs_CZ\" \/>\n<meta property=\"og:locale:alternate\" content=\"sk_SK\" \/>\n<meta property=\"og:locale:alternate\" content=\"sv_SE\" \/>\n<meta property=\"og:type\" content=\"article\" \/>\n<meta property=\"og:title\" content=\"Listom \u017eiadame R. Fica odpovede pre verejnos\u0165, pr\u00eddeme o eurofondy? - Smedemokrati.sk\" \/>\n<meta property=\"og:description\" content=\"Demokrati doru\u010dili predsedovi vl\u00e1dy SR list, ktor\u00fdm \u017eiadaj\u00fa Roberta Fica aby jasne, komplexne a okam\u017eite informoval verejnos\u0165, ak\u00e9 kroky ide podnikn\u00fa\u0165, aby Slovensku neboli zastaven\u00e9 eurofondy a financie z Pl\u00e1nu obnovy. Strana tak opakovane reaguje na inform\u00e1cie z Eur\u00f3pskej komisie, ktor\u00e1 chce stopn\u00fa\u0165 financie pre nebezpe\u010dn\u00e9 konanie vl\u00e1dy SR, najm\u00e4 v s\u00favislosti so zmenami v [&hellip;]\" \/>\n<meta property=\"og:url\" content=\"https:\/\/www.smedemokrati.sk\/hu\/listom-ziadame-r-fica-odpovede-pre-verejnost-prideme-o-eurofondy\/\" \/>\n<meta property=\"og:site_name\" content=\"Smedemokrati.sk\" \/>\n<meta property=\"article:publisher\" content=\"https:\/\/www.facebook.com\/smedemokrati2023\" \/>\n<meta property=\"article:published_time\" content=\"2024-04-12T10:04:09+00:00\" \/>\n<meta property=\"article:modified_time\" content=\"2024-04-17T10:43:02+00:00\" \/>\n<meta property=\"og:image\" content=\"https:\/\/www.smedemokrati.sk\/wp-content\/uploads\/2023\/08\/smer-lubos-blaha-robert-fico-zvolen-oslavy-snp-miroslav-suja_06-galeria.jpg\" \/>\n\t<meta property=\"og:image:width\" content=\"1200\" \/>\n\t<meta property=\"og:image:height\" content=\"800\" \/>\n\t<meta property=\"og:image:type\" content=\"image\/jpeg\" \/>\n<meta name=\"author\" content=\"miro.sopko\" \/>\n<meta name=\"twitter:card\" content=\"summary_large_image\" \/>\n<meta name=\"twitter:label1\" content=\"Szerz\u0151:\" \/>\n\t<meta name=\"twitter:data1\" content=\"miro.sopko\" \/>\n<script type=\"application\/ld+json\" class=\"yoast-schema-graph\">{\"@context\":\"https:\/\/schema.org\",\"@graph\":[{\"@type\":\"Article\",\"@id\":\"https:\/\/www.smedemokrati.sk\/listom-ziadame-r-fica-odpovede-pre-verejnost-prideme-o-eurofondy\/#article\",\"isPartOf\":{\"@id\":\"https:\/\/www.smedemokrati.sk\/listom-ziadame-r-fica-odpovede-pre-verejnost-prideme-o-eurofondy\/\"},\"author\":{\"name\":\"miro.sopko\",\"@id\":\"https:\/\/www.smedemokrati.sk\/#\/schema\/person\/21f147c88d605aa7ded900e1e7c344ba\"},\"headline\":\"Listom \u017eiadame R. Fica odpovede pre verejnos\u0165, pr\u00eddeme o eurofondy?\",\"datePublished\":\"2024-04-12T10:04:09+00:00\",\"dateModified\":\"2024-04-17T10:43:02+00:00\",\"mainEntityOfPage\":{\"@id\":\"https:\/\/www.smedemokrati.sk\/listom-ziadame-r-fica-odpovede-pre-verejnost-prideme-o-eurofondy\/\"},\"wordCount\":342,\"publisher\":{\"@id\":\"https:\/\/www.smedemokrati.sk\/#organization\"},\"image\":{\"@id\":\"https:\/\/www.smedemokrati.sk\/listom-ziadame-r-fica-odpovede-pre-verejnost-prideme-o-eurofondy\/#primaryimage\"},\"thumbnailUrl\":\"https:\/\/www.smedemokrati.sk\/wp-content\/uploads\/2023\/08\/smer-lubos-blaha-robert-fico-zvolen-oslavy-snp-miroslav-suja_06-galeria.jpg\",\"articleSection\":[\"Tla\u010dov\u00e9 spr\u00e1vy\"],\"inLanguage\":\"hu-HU\"},{\"@type\":\"WebPage\",\"@id\":\"https:\/\/www.smedemokrati.sk\/listom-ziadame-r-fica-odpovede-pre-verejnost-prideme-o-eurofondy\/\",\"url\":\"https:\/\/www.smedemokrati.sk\/listom-ziadame-r-fica-odpovede-pre-verejnost-prideme-o-eurofondy\/\",\"name\":\"Listom \u017eiadame R. Fica odpovede pre verejnos\u0165, pr\u00eddeme o eurofondy? - Smedemokrati.sk\",\"isPartOf\":{\"@id\":\"https:\/\/www.smedemokrati.sk\/#website\"},\"primaryImageOfPage\":{\"@id\":\"https:\/\/www.smedemokrati.sk\/listom-ziadame-r-fica-odpovede-pre-verejnost-prideme-o-eurofondy\/#primaryimage\"},\"image\":{\"@id\":\"https:\/\/www.smedemokrati.sk\/listom-ziadame-r-fica-odpovede-pre-verejnost-prideme-o-eurofondy\/#primaryimage\"},\"thumbnailUrl\":\"https:\/\/www.smedemokrati.sk\/wp-content\/uploads\/2023\/08\/smer-lubos-blaha-robert-fico-zvolen-oslavy-snp-miroslav-suja_06-galeria.jpg\",\"datePublished\":\"2024-04-12T10:04:09+00:00\",\"dateModified\":\"2024-04-17T10:43:02+00:00\",\"breadcrumb\":{\"@id\":\"https:\/\/www.smedemokrati.sk\/listom-ziadame-r-fica-odpovede-pre-verejnost-prideme-o-eurofondy\/#breadcrumb\"},\"inLanguage\":\"hu-HU\",\"potentialAction\":[{\"@type\":\"ReadAction\",\"target\":[\"https:\/\/www.smedemokrati.sk\/listom-ziadame-r-fica-odpovede-pre-verejnost-prideme-o-eurofondy\/\"]}]},{\"@type\":\"ImageObject\",\"inLanguage\":\"hu-HU\",\"@id\":\"https:\/\/www.smedemokrati.sk\/listom-ziadame-r-fica-odpovede-pre-verejnost-prideme-o-eurofondy\/#primaryimage\",\"url\":\"https:\/\/www.smedemokrati.sk\/wp-content\/uploads\/2023\/08\/smer-lubos-blaha-robert-fico-zvolen-oslavy-snp-miroslav-suja_06-galeria.jpg\",\"contentUrl\":\"https:\/\/www.smedemokrati.sk\/wp-content\/uploads\/2023\/08\/smer-lubos-blaha-robert-fico-zvolen-oslavy-snp-miroslav-suja_06-galeria.jpg\",\"width\":1200,\"height\":800},{\"@type\":\"BreadcrumbList\",\"@id\":\"https:\/\/www.smedemokrati.sk\/listom-ziadame-r-fica-odpovede-pre-verejnost-prideme-o-eurofondy\/#breadcrumb\",\"itemListElement\":[{\"@type\":\"ListItem\",\"position\":1,\"name\":\"Domovsk\u00e1 str\u00e1nka\",\"item\":\"https:\/\/www.smedemokrati.sk\/\"},{\"@type\":\"ListItem\",\"position\":2,\"name\":\"Listom \u017eiadame R. Fica odpovede pre verejnos\u0165, pr\u00eddeme o eurofondy?\"}]},{\"@type\":\"WebSite\",\"@id\":\"https:\/\/www.smedemokrati.sk\/#website\",\"url\":\"https:\/\/www.smedemokrati.sk\/\",\"name\":\"Smedemokrati.sk\",\"description\":\"Demokracia a slu\u0161nos\u0165 zv\u00ed\u0165az\u00ed\",\"publisher\":{\"@id\":\"https:\/\/www.smedemokrati.sk\/#organization\"},\"potentialAction\":[{\"@type\":\"SearchAction\",\"target\":{\"@type\":\"EntryPoint\",\"urlTemplate\":\"https:\/\/www.smedemokrati.sk\/?s={search_term_string}\"},\"query-input\":{\"@type\":\"PropertyValueSpecification\",\"valueRequired\":true,\"valueName\":\"search_term_string\"}}],\"inLanguage\":\"hu-HU\"},{\"@type\":\"Organization\",\"@id\":\"https:\/\/www.smedemokrati.sk\/#organization\",\"name\":\"Smedemokrati.sk\",\"url\":\"https:\/\/www.smedemokrati.sk\/\",\"logo\":{\"@type\":\"ImageObject\",\"inLanguage\":\"hu-HU\",\"@id\":\"https:\/\/www.smedemokrati.sk\/#\/schema\/logo\/image\/\",\"url\":\"https:\/\/www.smedemokrati.sk\/wp-content\/uploads\/2023\/04\/ff.002.jpeg\",\"contentUrl\":\"https:\/\/www.smedemokrati.sk\/wp-content\/uploads\/2023\/04\/ff.002.jpeg\",\"width\":640,\"height\":480,\"caption\":\"Smedemokrati.sk\"},\"image\":{\"@id\":\"https:\/\/www.smedemokrati.sk\/#\/schema\/logo\/image\/\"},\"sameAs\":[\"https:\/\/www.facebook.com\/smedemokrati2023\"]},{\"@type\":\"Person\",\"@id\":\"https:\/\/www.smedemokrati.sk\/#\/schema\/person\/21f147c88d605aa7ded900e1e7c344ba\",\"name\":\"miro.sopko\",\"image\":{\"@type\":\"ImageObject\",\"inLanguage\":\"hu-HU\",\"@id\":\"https:\/\/secure.gravatar.com\/avatar\/267e4a36f704376c109afe3a78740c1f5dd8675a2180a908699e7863c9247606?s=96&d=mm&r=g\",\"url\":\"https:\/\/secure.gravatar.com\/avatar\/267e4a36f704376c109afe3a78740c1f5dd8675a2180a908699e7863c9247606?s=96&d=mm&r=g\",\"contentUrl\":\"https:\/\/secure.gravatar.com\/avatar\/267e4a36f704376c109afe3a78740c1f5dd8675a2180a908699e7863c9247606?s=96&d=mm&r=g\",\"caption\":\"miro.sopko\"},\"url\":\"https:\/\/www.smedemokrati.sk\/hu\/author\/miro-sopko\/\"}]}<\/script>\n<!-- \/ Yoast SEO plugin. -->","yoast_head_json":{"title":"Listom \u017eiadame R. Fica odpovede pre verejnos\u0165, pr\u00eddeme o eurofondy? - Smedemokrati.sk","robots":{"index":"index","follow":"follow","max-snippet":"max-snippet:-1","max-image-preview":"max-image-preview:large","max-video-preview":"max-video-preview:-1"},"canonical":"https:\/\/www.smedemokrati.sk\/hu\/listom-ziadame-r-fica-odpovede-pre-verejnost-prideme-o-eurofondy\/","og_locale":"hu_HU","og_type":"article","og_title":"Listom \u017eiadame R. Fica odpovede pre verejnos\u0165, pr\u00eddeme o eurofondy? - Smedemokrati.sk","og_description":"Demokrati doru\u010dili predsedovi vl\u00e1dy SR list, ktor\u00fdm \u017eiadaj\u00fa Roberta Fica aby jasne, komplexne a okam\u017eite informoval verejnos\u0165, ak\u00e9 kroky ide podnikn\u00fa\u0165, aby Slovensku neboli zastaven\u00e9 eurofondy a financie z Pl\u00e1nu obnovy. Strana tak opakovane reaguje na inform\u00e1cie z Eur\u00f3pskej komisie, ktor\u00e1 chce stopn\u00fa\u0165 financie pre nebezpe\u010dn\u00e9 konanie vl\u00e1dy SR, najm\u00e4 v s\u00favislosti so zmenami v [&hellip;]","og_url":"https:\/\/www.smedemokrati.sk\/hu\/listom-ziadame-r-fica-odpovede-pre-verejnost-prideme-o-eurofondy\/","og_site_name":"Smedemokrati.sk","article_publisher":"https:\/\/www.facebook.com\/smedemokrati2023","article_published_time":"2024-04-12T10:04:09+00:00","article_modified_time":"2024-04-17T10:43:02+00:00","og_image":[{"width":1200,"height":800,"url":"https:\/\/www.smedemokrati.sk\/wp-content\/uploads\/2023\/08\/smer-lubos-blaha-robert-fico-zvolen-oslavy-snp-miroslav-suja_06-galeria.jpg","type":"image\/jpeg"}],"author":"miro.sopko","twitter_card":"summary_large_image","twitter_misc":{"Szerz\u0151:":"miro.sopko"},"schema":{"@context":"https:\/\/schema.org","@graph":[{"@type":"Article","@id":"https:\/\/www.smedemokrati.sk\/listom-ziadame-r-fica-odpovede-pre-verejnost-prideme-o-eurofondy\/#article","isPartOf":{"@id":"https:\/\/www.smedemokrati.sk\/listom-ziadame-r-fica-odpovede-pre-verejnost-prideme-o-eurofondy\/"},"author":{"name":"miro.sopko","@id":"https:\/\/www.smedemokrati.sk\/#\/schema\/person\/21f147c88d605aa7ded900e1e7c344ba"},"headline":"Listom \u017eiadame R. Fica odpovede pre verejnos\u0165, pr\u00eddeme o eurofondy?","datePublished":"2024-04-12T10:04:09+00:00","dateModified":"2024-04-17T10:43:02+00:00","mainEntityOfPage":{"@id":"https:\/\/www.smedemokrati.sk\/listom-ziadame-r-fica-odpovede-pre-verejnost-prideme-o-eurofondy\/"},"wordCount":342,"publisher":{"@id":"https:\/\/www.smedemokrati.sk\/#organization"},"image":{"@id":"https:\/\/www.smedemokrati.sk\/listom-ziadame-r-fica-odpovede-pre-verejnost-prideme-o-eurofondy\/#primaryimage"},"thumbnailUrl":"https:\/\/www.smedemokrati.sk\/wp-content\/uploads\/2023\/08\/smer-lubos-blaha-robert-fico-zvolen-oslavy-snp-miroslav-suja_06-galeria.jpg","articleSection":["Tla\u010dov\u00e9 spr\u00e1vy"],"inLanguage":"hu-HU"},{"@type":"WebPage","@id":"https:\/\/www.smedemokrati.sk\/listom-ziadame-r-fica-odpovede-pre-verejnost-prideme-o-eurofondy\/","url":"https:\/\/www.smedemokrati.sk\/listom-ziadame-r-fica-odpovede-pre-verejnost-prideme-o-eurofondy\/","name":"Listom \u017eiadame R. Fica odpovede pre verejnos\u0165, pr\u00eddeme o eurofondy? - Smedemokrati.sk","isPartOf":{"@id":"https:\/\/www.smedemokrati.sk\/#website"},"primaryImageOfPage":{"@id":"https:\/\/www.smedemokrati.sk\/listom-ziadame-r-fica-odpovede-pre-verejnost-prideme-o-eurofondy\/#primaryimage"},"image":{"@id":"https:\/\/www.smedemokrati.sk\/listom-ziadame-r-fica-odpovede-pre-verejnost-prideme-o-eurofondy\/#primaryimage"},"thumbnailUrl":"https:\/\/www.smedemokrati.sk\/wp-content\/uploads\/2023\/08\/smer-lubos-blaha-robert-fico-zvolen-oslavy-snp-miroslav-suja_06-galeria.jpg","datePublished":"2024-04-12T10:04:09+00:00","dateModified":"2024-04-17T10:43:02+00:00","breadcrumb":{"@id":"https:\/\/www.smedemokrati.sk\/listom-ziadame-r-fica-odpovede-pre-verejnost-prideme-o-eurofondy\/#breadcrumb"},"inLanguage":"hu-HU","potentialAction":[{"@type":"ReadAction","target":["https:\/\/www.smedemokrati.sk\/listom-ziadame-r-fica-odpovede-pre-verejnost-prideme-o-eurofondy\/"]}]},{"@type":"ImageObject","inLanguage":"hu-HU","@id":"https:\/\/www.smedemokrati.sk\/listom-ziadame-r-fica-odpovede-pre-verejnost-prideme-o-eurofondy\/#primaryimage","url":"https:\/\/www.smedemokrati.sk\/wp-content\/uploads\/2023\/08\/smer-lubos-blaha-robert-fico-zvolen-oslavy-snp-miroslav-suja_06-galeria.jpg","contentUrl":"https:\/\/www.smedemokrati.sk\/wp-content\/uploads\/2023\/08\/smer-lubos-blaha-robert-fico-zvolen-oslavy-snp-miroslav-suja_06-galeria.jpg","width":1200,"height":800},{"@type":"BreadcrumbList","@id":"https:\/\/www.smedemokrati.sk\/listom-ziadame-r-fica-odpovede-pre-verejnost-prideme-o-eurofondy\/#breadcrumb","itemListElement":[{"@type":"ListItem","position":1,"name":"Domovsk\u00e1 str\u00e1nka","item":"https:\/\/www.smedemokrati.sk\/"},{"@type":"ListItem","position":2,"name":"Listom \u017eiadame R. Fica odpovede pre verejnos\u0165, pr\u00eddeme o eurofondy?"}]},{"@type":"WebSite","@id":"https:\/\/www.smedemokrati.sk\/#website","url":"https:\/\/www.smedemokrati.sk\/","name":"Smedemokrati.sk","description":"Demokracia a slu\u0161nos\u0165 zv\u00ed\u0165az\u00ed","publisher":{"@id":"https:\/\/www.smedemokrati.sk\/#organization"},"potentialAction":[{"@type":"SearchAction","target":{"@type":"EntryPoint","urlTemplate":"https:\/\/www.smedemokrati.sk\/?s={search_term_string}"},"query-input":{"@type":"PropertyValueSpecification","valueRequired":true,"valueName":"search_term_string"}}],"inLanguage":"hu-HU"},{"@type":"Organization","@id":"https:\/\/www.smedemokrati.sk\/#organization","name":"Smedemokrati.sk","url":"https:\/\/www.smedemokrati.sk\/","logo":{"@type":"ImageObject","inLanguage":"hu-HU","@id":"https:\/\/www.smedemokrati.sk\/#\/schema\/logo\/image\/","url":"https:\/\/www.smedemokrati.sk\/wp-content\/uploads\/2023\/04\/ff.002.jpeg","contentUrl":"https:\/\/www.smedemokrati.sk\/wp-content\/uploads\/2023\/04\/ff.002.jpeg","width":640,"height":480,"caption":"Smedemokrati.sk"},"image":{"@id":"https:\/\/www.smedemokrati.sk\/#\/schema\/logo\/image\/"},"sameAs":["https:\/\/www.facebook.com\/smedemokrati2023"]},{"@type":"Person","@id":"https:\/\/www.smedemokrati.sk\/#\/schema\/person\/21f147c88d605aa7ded900e1e7c344ba","name":"miro.sopko","image":{"@type":"ImageObject","inLanguage":"hu-HU","@id":"https:\/\/secure.gravatar.com\/avatar\/267e4a36f704376c109afe3a78740c1f5dd8675a2180a908699e7863c9247606?s=96&d=mm&r=g","url":"https:\/\/secure.gravatar.com\/avatar\/267e4a36f704376c109afe3a78740c1f5dd8675a2180a908699e7863c9247606?s=96&d=mm&r=g","contentUrl":"https:\/\/secure.gravatar.com\/avatar\/267e4a36f704376c109afe3a78740c1f5dd8675a2180a908699e7863c9247606?s=96&d=mm&r=g","caption":"miro.sopko"},"url":"https:\/\/www.smedemokrati.sk\/hu\/author\/miro-sopko\/"}]}},"_links":{"self":[{"href":"https:\/\/www.smedemokrati.sk\/hu\/wp-json\/wp\/v2\/posts\/3709","targetHints":{"allow":["GET"]}}],"collection":[{"href":"https:\/\/www.smedemokrati.sk\/hu\/wp-json\/wp\/v2\/posts"}],"about":[{"href":"https:\/\/www.smedemokrati.sk\/hu\/wp-json\/wp\/v2\/types\/post"}],"author":[{"embeddable":true,"href":"https:\/\/www.smedemokrati.sk\/hu\/wp-json\/wp\/v2\/users\/13"}],"replies":[{"embeddable":true,"href":"https:\/\/www.smedemokrati.sk\/hu\/wp-json\/wp\/v2\/comments?post=3709"}],"version-history":[{"count":1,"href":"https:\/\/www.smedemokrati.sk\/hu\/wp-json\/wp\/v2\/posts\/3709\/revisions"}],"predecessor-version":[{"id":3713,"href":"https:\/\/www.smedemokrati.sk\/hu\/wp-json\/wp\/v2\/posts\/3709\/revisions\/3713"}],"wp:featuredmedia":[{"embeddable":true,"href":"https:\/\/www.smedemokrati.sk\/hu\/wp-json\/wp\/v2\/media\/1849"}],"wp:attachment":[{"href":"https:\/\/www.smedemokrati.sk\/hu\/wp-json\/wp\/v2\/media?parent=3709"}],"wp:term":[{"taxonomy":"category","embeddable":true,"href":"https:\/\/www.smedemokrati.sk\/hu\/wp-json\/wp\/v2\/categories?post=3709"},{"taxonomy":"post_tag","embeddable":true,"href":"https:\/\/www.smedemokrati.sk\/hu\/wp-json\/wp\/v2\/tags?post=3709"}],"curies":[{"name":"wp","href":"https:\/\/api.w.org\/{rel}","templated":true}]}}