{"id":3323,"date":"2024-03-29T11:13:46","date_gmt":"2024-03-29T10:13:46","guid":{"rendered":"https:\/\/www.smedemokrati.sk\/?p=3323"},"modified":"2024-04-04T13:51:25","modified_gmt":"2024-04-04T12:51:25","slug":"20-rokov-v-nato-podla-exministra-obrany-nada-bude-najvacsou-vyzvou-pre-slovensko-neprehrat-v-informacnej-vojne","status":"publish","type":"post","link":"https:\/\/www.smedemokrati.sk\/hu\/20-rokov-v-nato-podla-exministra-obrany-nada-bude-najvacsou-vyzvou-pre-slovensko-neprehrat-v-informacnej-vojne\/","title":{"rendered":"20 rokov v NATO: Pod\u013ea exministra obrany Na\u010fa bude najv\u00e4\u010d\u0161ou v\u00fdzvou pre Slovensko neprehra\u0165 v informa\u010dnej vojne"},"content":{"rendered":"<div id=\"fb-root\"><\/div>\n\n<p><strong>Exminister obrany a predseda strany Demokrati Jaroslav Na\u010f pri pr\u00edle\u017eitosti 20. v\u00fdro\u010dia vstupu Slovenska do najsilnej\u0161ej obrannej Aliancie (NATO) odhaduje, \u017ee najv\u00e4\u010d\u0161ou v\u00fdzvou do \u010fal\u0161ieho obdobia bude, aby \u010dlensk\u00e9 krajiny dok\u00e1zali odola\u0165 siln\u00fdm dezinforma\u010dn\u00fdm \u00fatokom a cielen\u00fdm vplyvov\u00fdm oper\u00e1ci\u00e1m. Pod\u013eahnutie t\u00fdmto premyslen\u00fdm kampaniam, na ktor\u00e9 je pod\u013ea \u0161tatist\u00edk Slovensko n\u00e1chyln\u00e9, m\u00f4\u017ee pod\u013ea Na\u010fa oslabi\u0165 celkov\u00fa d\u00f4veru v NATO a Alanciu samotn\u00fa.<\/strong><\/p>\n\n\n\n<p>Pri ot\u00e1zke v\u00fdziev do \u010fal\u0161ieho obdobia, ktor\u00e9 m\u00e1\u00a0pred sebou Slovensko ako plnohodnotn\u00fd \u010dlen Aliancie, bude pod\u013ea Na\u010fa z\u00e1sadn\u00e9, \u010di dok\u00e1\u017eeme odola\u0165 dezinform\u00e1ci\u00e1m, ktor\u00e9 pr\u00fadia naprie\u010d cel\u00fdm demokratick\u00fdm svetom zv\u00e4\u010d\u0161a z Ruskej feder\u00e1cie:\u00a0<em>\u201eFaktom je, \u017ee za 75 rokov fungovania Aliancie, nebola \u017eiadna jej \u010dlensk\u00e1 krajina vojensky napadnut\u00e1 a Aliancia tak zaistila mier pre v\u0161etk\u00fdch svojich \u010dlenov. Nikto si na tak siln\u00e9 spolo\u010denstvo netr\u00fafne, som o tom presved\u010den\u00fd, no je potrebn\u00e9 hovori\u0165, \u017ee toto nie je len o vojenskej sile. Mus\u00edme sa pozrie\u0165 realite do o\u010d\u00ed a na rovinu poveda\u0165, \u017ee \u017eijeme v informa\u010dnej vojne, kedy je z faktu &#8211; klamstvo a z \u00fa\u010delov\u00e9ho zav\u00e1dzania &#8211; biblick\u00e1 pravda,\u201d\u00a0<\/em>povedal Na\u010f a zd\u00f4raznil, \u017ee dnes je to najm\u00e4 Rusk\u00e1 feder\u00e1cia, ktor\u00e1 potrebuje oslabi\u0165 tak siln\u00fa Alianciu.\u00a0<em>\u201ePutin n\u00e1s chcel rozdeli\u0165, no po tom, \u010do nezmyselne a bezd\u00f4vodne za\u00fato\u010dil na Ukrajinu sa Aliancia rozr\u00e1stla o \u010fal\u0161ie krajiny a sme e\u0161te silnej\u0161\u00ed ako kedyko\u013evek predt\u00fdm. Rusko sa dezinform\u00e1ciami a cielenou propagandou sna\u017e\u00ed roztrhn\u00fa\u0165 siln\u00fa re\u0165az a nakloni\u0165 si verejnos\u0165 na svoju stranu a vyu\u017e\u00edvaj\u00fa na to okrem spravodajsk\u00fdch slu\u017eieb aj spriatelen\u00fdch politikov a r\u00f4zne organiz\u00e1cie v \u010dlensk\u00fdch krajin\u00e1ch, \u010do vid\u00edme aj na Slovensku. Zlu v\u0161ak neust\u00fapime a na\u010falej budeme jasne hovori\u0165 kto je agresor a komu treba pom\u00f4c\u0165. Ak takto nebudeme postupova\u0165 a st\u00e1\u0165 na spr\u00e1vnej strane, Aliancia, ale aj cel\u00fd demokratick\u00fd svet bude \u010deli\u0165 v\u00e1\u017enym probl\u00e9mom,\u201d<\/em>\u00a0povedal Na\u010f.\u00a0<\/p>\n\n\n\n<p>Pod\u013ea predsedu Demokratov s\u00fa strach, klamstvo a t\u00e9my obrany a bezpe\u010dnosti \u010dasto zneu\u017e\u00edvan\u00e9 v politickom boji:\u00a0<em>\u201eVid\u00edme to aj dnes, kedy jeden z kandid\u00e1tov na prezidenta SR vykres\u013euje sam\u00e9ho seba ako ochrancu slovensk\u00fdch vojakov pred nasaden\u00edm na Ukrajinu. S\u00e1m pritom vie, \u017ee nikto na\u0161ich vojakov nikam neposiela, nem\u00f4\u017eu o tom rozhodn\u00fa\u0165 in\u00e9 krajiny a ani \u017eiadna krajina od n\u00e1s nechce, aby sme ich na vojnov\u00e9 pole poslali. Presne tak\u00e9to zneu\u017e\u00edvanie t\u00e9m oslabuje NATO, preto\u017ee navodzuje dojem, \u017ee je to pr\u00e1ve Aliancia, respekt\u00edve, jej \u010dlensk\u00e9 krajiny, ktor\u00e9 chc\u00fa, aby na\u0161i mu\u017ei a \u017eeny bojovali na Ukrajine, a to je podl\u00e9 klamstvo,\u201d<\/em>\u00a0povedal Na\u010f a zd\u00f4raznil, \u017ee zodpovedn\u00fd politik mus\u00ed zd\u00f4raz\u0148ova\u0165 v\u00fdznam n\u00e1\u0161ho \u010dlenstva a v\u017edy st\u00e1\u0165 na strane faktov. A zodpovedn\u00ed politici musia pravdivo pomenova\u0165, \u017ee mier na Ukrajine sa d\u00e1 dosiahnu\u0165 okam\u017eite, sta\u010d\u00ed, aby agresor, ktor\u00fdm je \u00a0Rusko, okam\u017eite stiahlo svoje okupa\u010dn\u00e9 jednotky z \u00fazemia Ukrajiny.<\/p>\n\n\n\n<p>Exminister obrany hodnot\u00ed, \u017ee vstupom Slovenska do NATO sme z\u00e1sadne posilnili na\u0161u bezpe\u010dnos\u0165 a obranu a patr\u00edme do dobre funguj\u00faceho spolo\u010denstva, ktor\u00e9 je v\u017edy pripraven\u00e9 vz\u00e1jomne si pom\u00f4c\u0165:\u00a0<em>\u201eVideli ste to za na\u0161ej vl\u00e1dy. Po nehanebnom \u00fatoku Ruska na Ukrajinu &#8211; na Slovensko okam\u017eite pri\u0161li spojeneck\u00ed vojaci so svojou technikou a person\u00e1lnymi kapacitami. I\u0161lo o siln\u00e9 gesto, ktor\u00e9 Putinovi nazna\u010dilo, \u017ee Aliancia neustupuje a je pripraven\u00e1 chr\u00e1ni\u0165 ka\u017ed\u00fd centimeter svojho \u00fazemia. Naopak, aj Slovensko uk\u00e1zalo ve\u013ekorysos\u0165, spom\u00ednam si na po\u017eiare v \u010cech\u00e1ch, v Gr\u00e9cku \u010di v Slovinsku, kde sme okam\u017eite ako spo\u013eahliv\u00fd spojenec pomohli,\u201d<\/em>\u00a0povedal Na\u010f a podotkol, \u017ee tento princ\u00edp solidarity mus\u00ed st\u00e1\u0165 na pevn\u00fdch z\u00e1kladoch dobr\u00fdch vz\u0165ahov a vz\u00e1jomnej d\u00f4vere.\u00a0<\/p>\n","protected":false},"excerpt":{"rendered":"<p>Exminister obrany a predseda strany Demokrati Jaroslav Na\u010f pri pr\u00edle\u017eitosti 20. v\u00fdro\u010dia vstupu Slovenska do najsilnej\u0161ej obrannej Aliancie (NATO) odhaduje, \u017ee najv\u00e4\u010d\u0161ou v\u00fdzvou do \u010fal\u0161ieho obdobia bude, aby \u010dlensk\u00e9 krajiny dok\u00e1zali odola\u0165 siln\u00fdm dezinforma\u010dn\u00fdm \u00fatokom a cielen\u00fdm vplyvov\u00fdm oper\u00e1ci\u00e1m. Pod\u013eahnutie t\u00fdmto premyslen\u00fdm kampaniam, na ktor\u00e9 je pod\u013ea \u0161tatist\u00edk Slovensko n\u00e1chyln\u00e9, m\u00f4\u017ee pod\u013ea Na\u010fa oslabi\u0165 celkov\u00fa [&hellip;]<\/p>\n","protected":false},"author":13,"featured_media":250,"comment_status":"closed","ping_status":"closed","sticky":false,"template":"","format":"standard","meta":{"_acf_changed":false,"ngg_post_thumbnail":0,"footnotes":""},"categories":[4],"tags":[],"class_list":["post-3323","post","type-post","status-publish","format-standard","has-post-thumbnail","hentry","category-tlacove-spravy"],"acf":[],"yoast_head":"<!-- This site is optimized with the Yoast SEO plugin v27.2 - https:\/\/yoast.com\/product\/yoast-seo-wordpress\/ -->\n<title>20 rokov v NATO: Pod\u013ea exministra obrany Na\u010fa bude najv\u00e4\u010d\u0161ou v\u00fdzvou pre Slovensko neprehra\u0165 v informa\u010dnej vojne - Smedemokrati.sk<\/title>\n<meta name=\"robots\" content=\"index, follow, max-snippet:-1, max-image-preview:large, max-video-preview:-1\" \/>\n<link rel=\"canonical\" href=\"https:\/\/www.smedemokrati.sk\/hu\/20-rokov-v-nato-podla-exministra-obrany-nada-bude-najvacsou-vyzvou-pre-slovensko-neprehrat-v-informacnej-vojne\/\" \/>\n<meta property=\"og:locale\" content=\"hu_HU\" \/>\n<meta property=\"og:locale:alternate\" content=\"en_US\" \/>\n<meta property=\"og:locale:alternate\" content=\"cs_CZ\" \/>\n<meta property=\"og:locale:alternate\" content=\"sk_SK\" \/>\n<meta property=\"og:locale:alternate\" content=\"sv_SE\" \/>\n<meta property=\"og:type\" content=\"article\" \/>\n<meta property=\"og:title\" content=\"20 rokov v NATO: Pod\u013ea exministra obrany Na\u010fa bude najv\u00e4\u010d\u0161ou v\u00fdzvou pre Slovensko neprehra\u0165 v informa\u010dnej vojne - Smedemokrati.sk\" \/>\n<meta property=\"og:description\" content=\"Exminister obrany a predseda strany Demokrati Jaroslav Na\u010f pri pr\u00edle\u017eitosti 20. v\u00fdro\u010dia vstupu Slovenska do najsilnej\u0161ej obrannej Aliancie (NATO) odhaduje, \u017ee najv\u00e4\u010d\u0161ou v\u00fdzvou do \u010fal\u0161ieho obdobia bude, aby \u010dlensk\u00e9 krajiny dok\u00e1zali odola\u0165 siln\u00fdm dezinforma\u010dn\u00fdm \u00fatokom a cielen\u00fdm vplyvov\u00fdm oper\u00e1ci\u00e1m. Pod\u013eahnutie t\u00fdmto premyslen\u00fdm kampaniam, na ktor\u00e9 je pod\u013ea \u0161tatist\u00edk Slovensko n\u00e1chyln\u00e9, m\u00f4\u017ee pod\u013ea Na\u010fa oslabi\u0165 celkov\u00fa [&hellip;]\" \/>\n<meta property=\"og:url\" content=\"https:\/\/www.smedemokrati.sk\/hu\/20-rokov-v-nato-podla-exministra-obrany-nada-bude-najvacsou-vyzvou-pre-slovensko-neprehrat-v-informacnej-vojne\/\" \/>\n<meta property=\"og:site_name\" content=\"Smedemokrati.sk\" \/>\n<meta property=\"article:publisher\" content=\"https:\/\/www.facebook.com\/smedemokrati2023\" \/>\n<meta property=\"article:published_time\" content=\"2024-03-29T10:13:46+00:00\" \/>\n<meta property=\"article:modified_time\" content=\"2024-04-04T12:51:25+00:00\" \/>\n<meta property=\"og:image\" content=\"https:\/\/www.smedemokrati.sk\/wp-content\/uploads\/2023\/04\/JN.jpg\" \/>\n\t<meta property=\"og:image:width\" content=\"1520\" \/>\n\t<meta property=\"og:image:height\" content=\"1080\" \/>\n\t<meta property=\"og:image:type\" content=\"image\/jpeg\" \/>\n<meta name=\"author\" content=\"miro.sopko\" \/>\n<meta name=\"twitter:card\" content=\"summary_large_image\" \/>\n<meta name=\"twitter:label1\" content=\"Szerz\u0151:\" \/>\n\t<meta name=\"twitter:data1\" content=\"miro.sopko\" \/>\n\t<meta name=\"twitter:label2\" content=\"Becs\u00fclt olvas\u00e1si id\u0151\" \/>\n\t<meta name=\"twitter:data2\" content=\"3 perc\" \/>\n<script type=\"application\/ld+json\" class=\"yoast-schema-graph\">{\"@context\":\"https:\/\/schema.org\",\"@graph\":[{\"@type\":\"Article\",\"@id\":\"https:\/\/www.smedemokrati.sk\/20-rokov-v-nato-podla-exministra-obrany-nada-bude-najvacsou-vyzvou-pre-slovensko-neprehrat-v-informacnej-vojne\/#article\",\"isPartOf\":{\"@id\":\"https:\/\/www.smedemokrati.sk\/20-rokov-v-nato-podla-exministra-obrany-nada-bude-najvacsou-vyzvou-pre-slovensko-neprehrat-v-informacnej-vojne\/\"},\"author\":{\"name\":\"miro.sopko\",\"@id\":\"https:\/\/www.smedemokrati.sk\/#\/schema\/person\/21f147c88d605aa7ded900e1e7c344ba\"},\"headline\":\"20 rokov v NATO: Pod\u013ea exministra obrany Na\u010fa bude najv\u00e4\u010d\u0161ou v\u00fdzvou pre Slovensko neprehra\u0165 v informa\u010dnej vojne\",\"datePublished\":\"2024-03-29T10:13:46+00:00\",\"dateModified\":\"2024-04-04T12:51:25+00:00\",\"mainEntityOfPage\":{\"@id\":\"https:\/\/www.smedemokrati.sk\/20-rokov-v-nato-podla-exministra-obrany-nada-bude-najvacsou-vyzvou-pre-slovensko-neprehrat-v-informacnej-vojne\/\"},\"wordCount\":707,\"publisher\":{\"@id\":\"https:\/\/www.smedemokrati.sk\/#organization\"},\"image\":{\"@id\":\"https:\/\/www.smedemokrati.sk\/20-rokov-v-nato-podla-exministra-obrany-nada-bude-najvacsou-vyzvou-pre-slovensko-neprehrat-v-informacnej-vojne\/#primaryimage\"},\"thumbnailUrl\":\"https:\/\/www.smedemokrati.sk\/wp-content\/uploads\/2023\/04\/JN.jpg\",\"articleSection\":[\"Tla\u010dov\u00e9 spr\u00e1vy\"],\"inLanguage\":\"hu-HU\"},{\"@type\":\"WebPage\",\"@id\":\"https:\/\/www.smedemokrati.sk\/20-rokov-v-nato-podla-exministra-obrany-nada-bude-najvacsou-vyzvou-pre-slovensko-neprehrat-v-informacnej-vojne\/\",\"url\":\"https:\/\/www.smedemokrati.sk\/20-rokov-v-nato-podla-exministra-obrany-nada-bude-najvacsou-vyzvou-pre-slovensko-neprehrat-v-informacnej-vojne\/\",\"name\":\"20 rokov v NATO: Pod\u013ea exministra obrany Na\u010fa bude najv\u00e4\u010d\u0161ou v\u00fdzvou pre Slovensko neprehra\u0165 v informa\u010dnej vojne - Smedemokrati.sk\",\"isPartOf\":{\"@id\":\"https:\/\/www.smedemokrati.sk\/#website\"},\"primaryImageOfPage\":{\"@id\":\"https:\/\/www.smedemokrati.sk\/20-rokov-v-nato-podla-exministra-obrany-nada-bude-najvacsou-vyzvou-pre-slovensko-neprehrat-v-informacnej-vojne\/#primaryimage\"},\"image\":{\"@id\":\"https:\/\/www.smedemokrati.sk\/20-rokov-v-nato-podla-exministra-obrany-nada-bude-najvacsou-vyzvou-pre-slovensko-neprehrat-v-informacnej-vojne\/#primaryimage\"},\"thumbnailUrl\":\"https:\/\/www.smedemokrati.sk\/wp-content\/uploads\/2023\/04\/JN.jpg\",\"datePublished\":\"2024-03-29T10:13:46+00:00\",\"dateModified\":\"2024-04-04T12:51:25+00:00\",\"breadcrumb\":{\"@id\":\"https:\/\/www.smedemokrati.sk\/20-rokov-v-nato-podla-exministra-obrany-nada-bude-najvacsou-vyzvou-pre-slovensko-neprehrat-v-informacnej-vojne\/#breadcrumb\"},\"inLanguage\":\"hu-HU\",\"potentialAction\":[{\"@type\":\"ReadAction\",\"target\":[\"https:\/\/www.smedemokrati.sk\/20-rokov-v-nato-podla-exministra-obrany-nada-bude-najvacsou-vyzvou-pre-slovensko-neprehrat-v-informacnej-vojne\/\"]}]},{\"@type\":\"ImageObject\",\"inLanguage\":\"hu-HU\",\"@id\":\"https:\/\/www.smedemokrati.sk\/20-rokov-v-nato-podla-exministra-obrany-nada-bude-najvacsou-vyzvou-pre-slovensko-neprehrat-v-informacnej-vojne\/#primaryimage\",\"url\":\"https:\/\/www.smedemokrati.sk\/wp-content\/uploads\/2023\/04\/JN.jpg\",\"contentUrl\":\"https:\/\/www.smedemokrati.sk\/wp-content\/uploads\/2023\/04\/JN.jpg\",\"width\":1520,\"height\":1080},{\"@type\":\"BreadcrumbList\",\"@id\":\"https:\/\/www.smedemokrati.sk\/20-rokov-v-nato-podla-exministra-obrany-nada-bude-najvacsou-vyzvou-pre-slovensko-neprehrat-v-informacnej-vojne\/#breadcrumb\",\"itemListElement\":[{\"@type\":\"ListItem\",\"position\":1,\"name\":\"Domovsk\u00e1 str\u00e1nka\",\"item\":\"https:\/\/www.smedemokrati.sk\/\"},{\"@type\":\"ListItem\",\"position\":2,\"name\":\"20 rokov v NATO: Pod\u013ea exministra obrany Na\u010fa bude najv\u00e4\u010d\u0161ou v\u00fdzvou pre Slovensko neprehra\u0165 v informa\u010dnej vojne\"}]},{\"@type\":\"WebSite\",\"@id\":\"https:\/\/www.smedemokrati.sk\/#website\",\"url\":\"https:\/\/www.smedemokrati.sk\/\",\"name\":\"Smedemokrati.sk\",\"description\":\"Demokracia a slu\u0161nos\u0165 zv\u00ed\u0165az\u00ed\",\"publisher\":{\"@id\":\"https:\/\/www.smedemokrati.sk\/#organization\"},\"potentialAction\":[{\"@type\":\"SearchAction\",\"target\":{\"@type\":\"EntryPoint\",\"urlTemplate\":\"https:\/\/www.smedemokrati.sk\/?s={search_term_string}\"},\"query-input\":{\"@type\":\"PropertyValueSpecification\",\"valueRequired\":true,\"valueName\":\"search_term_string\"}}],\"inLanguage\":\"hu-HU\"},{\"@type\":\"Organization\",\"@id\":\"https:\/\/www.smedemokrati.sk\/#organization\",\"name\":\"Smedemokrati.sk\",\"url\":\"https:\/\/www.smedemokrati.sk\/\",\"logo\":{\"@type\":\"ImageObject\",\"inLanguage\":\"hu-HU\",\"@id\":\"https:\/\/www.smedemokrati.sk\/#\/schema\/logo\/image\/\",\"url\":\"https:\/\/www.smedemokrati.sk\/wp-content\/uploads\/2023\/04\/ff.002.jpeg\",\"contentUrl\":\"https:\/\/www.smedemokrati.sk\/wp-content\/uploads\/2023\/04\/ff.002.jpeg\",\"width\":640,\"height\":480,\"caption\":\"Smedemokrati.sk\"},\"image\":{\"@id\":\"https:\/\/www.smedemokrati.sk\/#\/schema\/logo\/image\/\"},\"sameAs\":[\"https:\/\/www.facebook.com\/smedemokrati2023\"]},{\"@type\":\"Person\",\"@id\":\"https:\/\/www.smedemokrati.sk\/#\/schema\/person\/21f147c88d605aa7ded900e1e7c344ba\",\"name\":\"miro.sopko\",\"image\":{\"@type\":\"ImageObject\",\"inLanguage\":\"hu-HU\",\"@id\":\"https:\/\/secure.gravatar.com\/avatar\/267e4a36f704376c109afe3a78740c1f5dd8675a2180a908699e7863c9247606?s=96&d=mm&r=g\",\"url\":\"https:\/\/secure.gravatar.com\/avatar\/267e4a36f704376c109afe3a78740c1f5dd8675a2180a908699e7863c9247606?s=96&d=mm&r=g\",\"contentUrl\":\"https:\/\/secure.gravatar.com\/avatar\/267e4a36f704376c109afe3a78740c1f5dd8675a2180a908699e7863c9247606?s=96&d=mm&r=g\",\"caption\":\"miro.sopko\"},\"url\":\"https:\/\/www.smedemokrati.sk\/hu\/author\/miro-sopko\/\"}]}<\/script>\n<!-- \/ Yoast SEO plugin. -->","yoast_head_json":{"title":"20 rokov v NATO: Pod\u013ea exministra obrany Na\u010fa bude najv\u00e4\u010d\u0161ou v\u00fdzvou pre Slovensko neprehra\u0165 v informa\u010dnej vojne - Smedemokrati.sk","robots":{"index":"index","follow":"follow","max-snippet":"max-snippet:-1","max-image-preview":"max-image-preview:large","max-video-preview":"max-video-preview:-1"},"canonical":"https:\/\/www.smedemokrati.sk\/hu\/20-rokov-v-nato-podla-exministra-obrany-nada-bude-najvacsou-vyzvou-pre-slovensko-neprehrat-v-informacnej-vojne\/","og_locale":"hu_HU","og_type":"article","og_title":"20 rokov v NATO: Pod\u013ea exministra obrany Na\u010fa bude najv\u00e4\u010d\u0161ou v\u00fdzvou pre Slovensko neprehra\u0165 v informa\u010dnej vojne - Smedemokrati.sk","og_description":"Exminister obrany a predseda strany Demokrati Jaroslav Na\u010f pri pr\u00edle\u017eitosti 20. v\u00fdro\u010dia vstupu Slovenska do najsilnej\u0161ej obrannej Aliancie (NATO) odhaduje, \u017ee najv\u00e4\u010d\u0161ou v\u00fdzvou do \u010fal\u0161ieho obdobia bude, aby \u010dlensk\u00e9 krajiny dok\u00e1zali odola\u0165 siln\u00fdm dezinforma\u010dn\u00fdm \u00fatokom a cielen\u00fdm vplyvov\u00fdm oper\u00e1ci\u00e1m. Pod\u013eahnutie t\u00fdmto premyslen\u00fdm kampaniam, na ktor\u00e9 je pod\u013ea \u0161tatist\u00edk Slovensko n\u00e1chyln\u00e9, m\u00f4\u017ee pod\u013ea Na\u010fa oslabi\u0165 celkov\u00fa [&hellip;]","og_url":"https:\/\/www.smedemokrati.sk\/hu\/20-rokov-v-nato-podla-exministra-obrany-nada-bude-najvacsou-vyzvou-pre-slovensko-neprehrat-v-informacnej-vojne\/","og_site_name":"Smedemokrati.sk","article_publisher":"https:\/\/www.facebook.com\/smedemokrati2023","article_published_time":"2024-03-29T10:13:46+00:00","article_modified_time":"2024-04-04T12:51:25+00:00","og_image":[{"width":1520,"height":1080,"url":"https:\/\/www.smedemokrati.sk\/wp-content\/uploads\/2023\/04\/JN.jpg","type":"image\/jpeg"}],"author":"miro.sopko","twitter_card":"summary_large_image","twitter_misc":{"Szerz\u0151:":"miro.sopko","Becs\u00fclt olvas\u00e1si id\u0151":"3 perc"},"schema":{"@context":"https:\/\/schema.org","@graph":[{"@type":"Article","@id":"https:\/\/www.smedemokrati.sk\/20-rokov-v-nato-podla-exministra-obrany-nada-bude-najvacsou-vyzvou-pre-slovensko-neprehrat-v-informacnej-vojne\/#article","isPartOf":{"@id":"https:\/\/www.smedemokrati.sk\/20-rokov-v-nato-podla-exministra-obrany-nada-bude-najvacsou-vyzvou-pre-slovensko-neprehrat-v-informacnej-vojne\/"},"author":{"name":"miro.sopko","@id":"https:\/\/www.smedemokrati.sk\/#\/schema\/person\/21f147c88d605aa7ded900e1e7c344ba"},"headline":"20 rokov v NATO: Pod\u013ea exministra obrany Na\u010fa bude najv\u00e4\u010d\u0161ou v\u00fdzvou pre Slovensko neprehra\u0165 v informa\u010dnej vojne","datePublished":"2024-03-29T10:13:46+00:00","dateModified":"2024-04-04T12:51:25+00:00","mainEntityOfPage":{"@id":"https:\/\/www.smedemokrati.sk\/20-rokov-v-nato-podla-exministra-obrany-nada-bude-najvacsou-vyzvou-pre-slovensko-neprehrat-v-informacnej-vojne\/"},"wordCount":707,"publisher":{"@id":"https:\/\/www.smedemokrati.sk\/#organization"},"image":{"@id":"https:\/\/www.smedemokrati.sk\/20-rokov-v-nato-podla-exministra-obrany-nada-bude-najvacsou-vyzvou-pre-slovensko-neprehrat-v-informacnej-vojne\/#primaryimage"},"thumbnailUrl":"https:\/\/www.smedemokrati.sk\/wp-content\/uploads\/2023\/04\/JN.jpg","articleSection":["Tla\u010dov\u00e9 spr\u00e1vy"],"inLanguage":"hu-HU"},{"@type":"WebPage","@id":"https:\/\/www.smedemokrati.sk\/20-rokov-v-nato-podla-exministra-obrany-nada-bude-najvacsou-vyzvou-pre-slovensko-neprehrat-v-informacnej-vojne\/","url":"https:\/\/www.smedemokrati.sk\/20-rokov-v-nato-podla-exministra-obrany-nada-bude-najvacsou-vyzvou-pre-slovensko-neprehrat-v-informacnej-vojne\/","name":"20 rokov v NATO: Pod\u013ea exministra obrany Na\u010fa bude najv\u00e4\u010d\u0161ou v\u00fdzvou pre Slovensko neprehra\u0165 v informa\u010dnej vojne - Smedemokrati.sk","isPartOf":{"@id":"https:\/\/www.smedemokrati.sk\/#website"},"primaryImageOfPage":{"@id":"https:\/\/www.smedemokrati.sk\/20-rokov-v-nato-podla-exministra-obrany-nada-bude-najvacsou-vyzvou-pre-slovensko-neprehrat-v-informacnej-vojne\/#primaryimage"},"image":{"@id":"https:\/\/www.smedemokrati.sk\/20-rokov-v-nato-podla-exministra-obrany-nada-bude-najvacsou-vyzvou-pre-slovensko-neprehrat-v-informacnej-vojne\/#primaryimage"},"thumbnailUrl":"https:\/\/www.smedemokrati.sk\/wp-content\/uploads\/2023\/04\/JN.jpg","datePublished":"2024-03-29T10:13:46+00:00","dateModified":"2024-04-04T12:51:25+00:00","breadcrumb":{"@id":"https:\/\/www.smedemokrati.sk\/20-rokov-v-nato-podla-exministra-obrany-nada-bude-najvacsou-vyzvou-pre-slovensko-neprehrat-v-informacnej-vojne\/#breadcrumb"},"inLanguage":"hu-HU","potentialAction":[{"@type":"ReadAction","target":["https:\/\/www.smedemokrati.sk\/20-rokov-v-nato-podla-exministra-obrany-nada-bude-najvacsou-vyzvou-pre-slovensko-neprehrat-v-informacnej-vojne\/"]}]},{"@type":"ImageObject","inLanguage":"hu-HU","@id":"https:\/\/www.smedemokrati.sk\/20-rokov-v-nato-podla-exministra-obrany-nada-bude-najvacsou-vyzvou-pre-slovensko-neprehrat-v-informacnej-vojne\/#primaryimage","url":"https:\/\/www.smedemokrati.sk\/wp-content\/uploads\/2023\/04\/JN.jpg","contentUrl":"https:\/\/www.smedemokrati.sk\/wp-content\/uploads\/2023\/04\/JN.jpg","width":1520,"height":1080},{"@type":"BreadcrumbList","@id":"https:\/\/www.smedemokrati.sk\/20-rokov-v-nato-podla-exministra-obrany-nada-bude-najvacsou-vyzvou-pre-slovensko-neprehrat-v-informacnej-vojne\/#breadcrumb","itemListElement":[{"@type":"ListItem","position":1,"name":"Domovsk\u00e1 str\u00e1nka","item":"https:\/\/www.smedemokrati.sk\/"},{"@type":"ListItem","position":2,"name":"20 rokov v NATO: Pod\u013ea exministra obrany Na\u010fa bude najv\u00e4\u010d\u0161ou v\u00fdzvou pre Slovensko neprehra\u0165 v informa\u010dnej vojne"}]},{"@type":"WebSite","@id":"https:\/\/www.smedemokrati.sk\/#website","url":"https:\/\/www.smedemokrati.sk\/","name":"Smedemokrati.sk","description":"Demokracia a slu\u0161nos\u0165 zv\u00ed\u0165az\u00ed","publisher":{"@id":"https:\/\/www.smedemokrati.sk\/#organization"},"potentialAction":[{"@type":"SearchAction","target":{"@type":"EntryPoint","urlTemplate":"https:\/\/www.smedemokrati.sk\/?s={search_term_string}"},"query-input":{"@type":"PropertyValueSpecification","valueRequired":true,"valueName":"search_term_string"}}],"inLanguage":"hu-HU"},{"@type":"Organization","@id":"https:\/\/www.smedemokrati.sk\/#organization","name":"Smedemokrati.sk","url":"https:\/\/www.smedemokrati.sk\/","logo":{"@type":"ImageObject","inLanguage":"hu-HU","@id":"https:\/\/www.smedemokrati.sk\/#\/schema\/logo\/image\/","url":"https:\/\/www.smedemokrati.sk\/wp-content\/uploads\/2023\/04\/ff.002.jpeg","contentUrl":"https:\/\/www.smedemokrati.sk\/wp-content\/uploads\/2023\/04\/ff.002.jpeg","width":640,"height":480,"caption":"Smedemokrati.sk"},"image":{"@id":"https:\/\/www.smedemokrati.sk\/#\/schema\/logo\/image\/"},"sameAs":["https:\/\/www.facebook.com\/smedemokrati2023"]},{"@type":"Person","@id":"https:\/\/www.smedemokrati.sk\/#\/schema\/person\/21f147c88d605aa7ded900e1e7c344ba","name":"miro.sopko","image":{"@type":"ImageObject","inLanguage":"hu-HU","@id":"https:\/\/secure.gravatar.com\/avatar\/267e4a36f704376c109afe3a78740c1f5dd8675a2180a908699e7863c9247606?s=96&d=mm&r=g","url":"https:\/\/secure.gravatar.com\/avatar\/267e4a36f704376c109afe3a78740c1f5dd8675a2180a908699e7863c9247606?s=96&d=mm&r=g","contentUrl":"https:\/\/secure.gravatar.com\/avatar\/267e4a36f704376c109afe3a78740c1f5dd8675a2180a908699e7863c9247606?s=96&d=mm&r=g","caption":"miro.sopko"},"url":"https:\/\/www.smedemokrati.sk\/hu\/author\/miro-sopko\/"}]}},"_links":{"self":[{"href":"https:\/\/www.smedemokrati.sk\/hu\/wp-json\/wp\/v2\/posts\/3323","targetHints":{"allow":["GET"]}}],"collection":[{"href":"https:\/\/www.smedemokrati.sk\/hu\/wp-json\/wp\/v2\/posts"}],"about":[{"href":"https:\/\/www.smedemokrati.sk\/hu\/wp-json\/wp\/v2\/types\/post"}],"author":[{"embeddable":true,"href":"https:\/\/www.smedemokrati.sk\/hu\/wp-json\/wp\/v2\/users\/13"}],"replies":[{"embeddable":true,"href":"https:\/\/www.smedemokrati.sk\/hu\/wp-json\/wp\/v2\/comments?post=3323"}],"version-history":[{"count":1,"href":"https:\/\/www.smedemokrati.sk\/hu\/wp-json\/wp\/v2\/posts\/3323\/revisions"}],"predecessor-version":[{"id":3325,"href":"https:\/\/www.smedemokrati.sk\/hu\/wp-json\/wp\/v2\/posts\/3323\/revisions\/3325"}],"wp:featuredmedia":[{"embeddable":true,"href":"https:\/\/www.smedemokrati.sk\/hu\/wp-json\/wp\/v2\/media\/250"}],"wp:attachment":[{"href":"https:\/\/www.smedemokrati.sk\/hu\/wp-json\/wp\/v2\/media?parent=3323"}],"wp:term":[{"taxonomy":"category","embeddable":true,"href":"https:\/\/www.smedemokrati.sk\/hu\/wp-json\/wp\/v2\/categories?post=3323"},{"taxonomy":"post_tag","embeddable":true,"href":"https:\/\/www.smedemokrati.sk\/hu\/wp-json\/wp\/v2\/tags?post=3323"}],"curies":[{"name":"wp","href":"https:\/\/api.w.org\/{rel}","templated":true}]}}