{"id":3295,"date":"2024-03-27T15:27:27","date_gmt":"2024-03-27T14:27:27","guid":{"rendered":"https:\/\/www.smedemokrati.sk\/?p=3295"},"modified":"2024-03-27T15:31:09","modified_gmt":"2024-03-27T14:31:09","slug":"vlada-kupila-podporu-madarskej-aliancie-pre-pellegriniho-za-dva-miliony-eur-regionom-nepomohla","status":"publish","type":"post","link":"https:\/\/www.smedemokrati.sk\/hu\/vlada-kupila-podporu-madarskej-aliancie-pre-pellegriniho-za-dva-miliony-eur-regionom-nepomohla\/","title":{"rendered":"Vl\u00e1da k\u00fapila\u00a0podporu\u00a0Ma\u010farskej aliancie pre Pellegriniho\u00a0za dva mili\u00f3ny eur, regi\u00f3nom\u00a0nepomohla"},"content":{"rendered":"<div id=\"fb-root\"><\/div>\n\n<p><strong>Vl\u00e1da Slovenskej republiky na svojom v\u00fdjazdovom rokovan\u00ed 27. marca 2024 v&nbsp;Galante rozhodla o&nbsp;finan\u010dnej podpore projektov obc\u00ed, miest a&nbsp;\u010fal\u0161\u00edch subjektov p\u00f4sobiacich na \u00fazem\u00ed Trnavsk\u00e9ho kraja v&nbsp;celkovej hodnote takmer dva mili\u00f3ny eur. Vz\u00e1p\u00e4t\u00ed dostal kandid\u00e1t na prezidenta Peter Pellegrini podporu od predsedu strany&nbsp;Aliancie-Sz\u00f6vets\u00e9g&nbsp;a&nbsp;do druh\u00e9ho kola prezidentsk\u00fdch volieb nepostupuj\u00faceho Kriszti\u00e1na Forr\u00f3a. Pod\u013ea z\u00e1stupcov strany Demokrati ide o politick\u00e9 kup\u010denie vl\u00e1dy&nbsp;bez amb\u00edcie re\u00e1lne pom\u00f4c\u0165 rozvoju regi\u00f3nov.<\/strong><\/p>\n\n\n\n<p><em>\u201eDnes sme boli svedkami \u010fal\u0161ej fra\u0161ky z&nbsp;dielne Ficovej vl\u00e1dy. Miesto rie\u0161enia re\u00e1lnych naliehav\u00fdch probl\u00e9mov regi\u00f3nu, ministri nehanebne schv\u00e1lili desiatky mal\u00fdch dot\u00e1ci\u00ed starostov a&nbsp;prim\u00e1torov obc\u00ed a&nbsp;miest v&nbsp;okresoch Dunajsk\u00e1 Streda a&nbsp;Galanta. Pr\u00e1ve tu dominuj\u00fa politici strany Ma\u010farsk\u00e1 aliancia, ktor\u00ed boli na rokovan\u00ed poslu\u0161ne nast\u00fapen\u00ed. To, \u017ee sa po skon\u010den\u00ed zasadnutia vl\u00e1dy postavili na spolo\u010dn\u00fa tla\u010dov\u00fa konferenciu Peter Pellegrini a&nbsp;Kriszti\u00e1n Forr\u00f3, pova\u017eujeme za symbol volebnej korupcie. Vl\u00e1da veden\u00e1 Smerom a Hlasom si mysl\u00ed, \u017ee v\u0161etko je na predaj, a za peniaze n\u00e1s v\u0161etk\u00fdch sa sna\u017e\u00ed k\u00fapi\u0165 hlasy ma\u010farsk\u00fdch voli\u010dov pred druh\u00fdm kolom volieb prezidenta,\u201c<\/em>&nbsp;uviedol predseda strany Demokrati Jaroslav Na\u010f.<\/p>\n\n\n\n<p>Desiatka \u010dlenov strany Demokrati priv\u00edtala \u010dlenov vl\u00e1dy v&nbsp;Galante protestn\u00fdmi transparentmi. Vyjadrila tak nev\u00f4\u013eu s&nbsp;populisticky laden\u00fdm konceptom v\u00fdjazdov\u00fdch rokovan\u00ed \u00faraduj\u00facej vl\u00e1dy, ako aj s&nbsp;konkr\u00e9tnymi predlo\u017een\u00fdmi n\u00e1vrhmi vr\u00e1tane novely z\u00e1kona o&nbsp;posudzovan\u00ed vplyvov na \u017eivotn\u00e9 prostredie (EIA).<\/p>\n\n\n\n<p><em>\u201eVl\u00e1da namiesto pomoci s ve\u013ek\u00fdmi invest\u00edciami do mostov, \u017eelezn\u00edc alebo \u0161k\u00f4l rozdala &#8222;drobn\u00e9\u201d na realiz\u00e1ciu v\u00fdsadby zelene, roz\u0161\u00edrenie detsk\u00e9ho ihriska, n\u00e1kup stojanov na bicykle \u010di n\u00e1kup \u0161portov\u00e9ho vybavenia. Tieto minut\u00e9 dva mili\u00f3ny eur nemaj\u00fa pridan\u00fa hodnotu. Z poh\u013eadu syst\u00e9mov\u00e9ho rozvoja regi\u00f3nu ide o&nbsp;fra\u0161ku. Nako\u013eko je riadenie region\u00e1lneho rozvoja u&nbsp;n\u00e1s st\u00e1le centralizovan\u00e9, je na mieste od vl\u00e1dy o\u010dak\u00e1va\u0165, \u017ee bude rie\u0161i\u0165 z\u00e1sadn\u00e9 probl\u00e9my, ktor\u00e9 tr\u00e1pia obyvate\u013eov&nbsp;\u00fazemia. Do\u010dkali sme sa v\u0161ak len nekonkr\u00e9tnych pr\u00eds\u013eubov na roky stojace z\u00e1mery,\u201c<\/em>&nbsp;dodal expremi\u00e9r a&nbsp;podpredseda strany Demokrati Eduard Heger.<\/p>\n","protected":false},"excerpt":{"rendered":"<p>Vl\u00e1da Slovenskej republiky na svojom v\u00fdjazdovom rokovan\u00ed 27. marca 2024 v&nbsp;Galante rozhodla o&nbsp;finan\u010dnej podpore projektov obc\u00ed, miest a&nbsp;\u010fal\u0161\u00edch subjektov p\u00f4sobiacich na \u00fazem\u00ed Trnavsk\u00e9ho kraja v&nbsp;celkovej hodnote takmer dva mili\u00f3ny eur. Vz\u00e1p\u00e4t\u00ed dostal kandid\u00e1t na prezidenta Peter Pellegrini podporu od predsedu strany&nbsp;Aliancie-Sz\u00f6vets\u00e9g&nbsp;a&nbsp;do druh\u00e9ho kola prezidentsk\u00fdch volieb nepostupuj\u00faceho Kriszti\u00e1na Forr\u00f3a. Pod\u013ea z\u00e1stupcov strany Demokrati ide o politick\u00e9 [&hellip;]<\/p>\n","protected":false},"author":13,"featured_media":3006,"comment_status":"closed","ping_status":"closed","sticky":false,"template":"","format":"standard","meta":{"_acf_changed":false,"ngg_post_thumbnail":0,"footnotes":""},"categories":[4],"tags":[],"class_list":["post-3295","post","type-post","status-publish","format-standard","has-post-thumbnail","hentry","category-tlacove-spravy"],"acf":[],"yoast_head":"<!-- This site is optimized with the Yoast SEO plugin v27.2 - https:\/\/yoast.com\/product\/yoast-seo-wordpress\/ -->\n<title>Vl\u00e1da k\u00fapila\u00a0podporu\u00a0Ma\u010farskej aliancie pre Pellegriniho\u00a0za dva mili\u00f3ny eur, regi\u00f3nom\u00a0nepomohla - Smedemokrati.sk<\/title>\n<meta name=\"robots\" content=\"index, follow, max-snippet:-1, max-image-preview:large, max-video-preview:-1\" \/>\n<link rel=\"canonical\" href=\"https:\/\/www.smedemokrati.sk\/hu\/vlada-kupila-podporu-madarskej-aliancie-pre-pellegriniho-za-dva-miliony-eur-regionom-nepomohla\/\" \/>\n<meta property=\"og:locale\" content=\"hu_HU\" \/>\n<meta property=\"og:locale:alternate\" content=\"en_US\" \/>\n<meta property=\"og:locale:alternate\" content=\"cs_CZ\" \/>\n<meta property=\"og:locale:alternate\" content=\"sk_SK\" \/>\n<meta property=\"og:locale:alternate\" content=\"sv_SE\" \/>\n<meta property=\"og:type\" content=\"article\" \/>\n<meta property=\"og:title\" content=\"Vl\u00e1da k\u00fapila\u00a0podporu\u00a0Ma\u010farskej aliancie pre Pellegriniho\u00a0za dva mili\u00f3ny eur, regi\u00f3nom\u00a0nepomohla - Smedemokrati.sk\" \/>\n<meta property=\"og:description\" content=\"Vl\u00e1da Slovenskej republiky na svojom v\u00fdjazdovom rokovan\u00ed 27. marca 2024 v&nbsp;Galante rozhodla o&nbsp;finan\u010dnej podpore projektov obc\u00ed, miest a&nbsp;\u010fal\u0161\u00edch subjektov p\u00f4sobiacich na \u00fazem\u00ed Trnavsk\u00e9ho kraja v&nbsp;celkovej hodnote takmer dva mili\u00f3ny eur. Vz\u00e1p\u00e4t\u00ed dostal kandid\u00e1t na prezidenta Peter Pellegrini podporu od predsedu strany&nbsp;Aliancie-Sz\u00f6vets\u00e9g&nbsp;a&nbsp;do druh\u00e9ho kola prezidentsk\u00fdch volieb nepostupuj\u00faceho Kriszti\u00e1na Forr\u00f3a. Pod\u013ea z\u00e1stupcov strany Demokrati ide o politick\u00e9 [&hellip;]\" \/>\n<meta property=\"og:url\" content=\"https:\/\/www.smedemokrati.sk\/hu\/vlada-kupila-podporu-madarskej-aliancie-pre-pellegriniho-za-dva-miliony-eur-regionom-nepomohla\/\" \/>\n<meta property=\"og:site_name\" content=\"Smedemokrati.sk\" \/>\n<meta property=\"article:publisher\" content=\"https:\/\/www.facebook.com\/smedemokrati2023\" \/>\n<meta property=\"article:published_time\" content=\"2024-03-27T14:27:27+00:00\" \/>\n<meta property=\"article:modified_time\" content=\"2024-03-27T14:31:09+00:00\" \/>\n<meta property=\"og:image\" content=\"https:\/\/www.smedemokrati.sk\/wp-content\/uploads\/2024\/03\/eurovolby-2024-1-e1709982159756.jpg\" \/>\n\t<meta property=\"og:image:width\" content=\"1261\" \/>\n\t<meta property=\"og:image:height\" content=\"701\" \/>\n\t<meta property=\"og:image:type\" content=\"image\/jpeg\" \/>\n<meta name=\"author\" content=\"miro.sopko\" \/>\n<meta name=\"twitter:card\" content=\"summary_large_image\" \/>\n<meta name=\"twitter:label1\" content=\"Szerz\u0151:\" \/>\n\t<meta name=\"twitter:data1\" content=\"miro.sopko\" \/>\n\t<meta name=\"twitter:label2\" content=\"Becs\u00fclt olvas\u00e1si id\u0151\" \/>\n\t<meta name=\"twitter:data2\" content=\"2 perc\" \/>\n<script type=\"application\/ld+json\" class=\"yoast-schema-graph\">{\"@context\":\"https:\/\/schema.org\",\"@graph\":[{\"@type\":\"Article\",\"@id\":\"https:\/\/www.smedemokrati.sk\/vlada-kupila-podporu-madarskej-aliancie-pre-pellegriniho-za-dva-miliony-eur-regionom-nepomohla\/#article\",\"isPartOf\":{\"@id\":\"https:\/\/www.smedemokrati.sk\/vlada-kupila-podporu-madarskej-aliancie-pre-pellegriniho-za-dva-miliony-eur-regionom-nepomohla\/\"},\"author\":{\"name\":\"miro.sopko\",\"@id\":\"https:\/\/www.smedemokrati.sk\/#\/schema\/person\/21f147c88d605aa7ded900e1e7c344ba\"},\"headline\":\"Vl\u00e1da k\u00fapila\u00a0podporu\u00a0Ma\u010farskej aliancie pre Pellegriniho\u00a0za dva mili\u00f3ny eur, regi\u00f3nom\u00a0nepomohla\",\"datePublished\":\"2024-03-27T14:27:27+00:00\",\"dateModified\":\"2024-03-27T14:31:09+00:00\",\"mainEntityOfPage\":{\"@id\":\"https:\/\/www.smedemokrati.sk\/vlada-kupila-podporu-madarskej-aliancie-pre-pellegriniho-za-dva-miliony-eur-regionom-nepomohla\/\"},\"wordCount\":448,\"publisher\":{\"@id\":\"https:\/\/www.smedemokrati.sk\/#organization\"},\"image\":{\"@id\":\"https:\/\/www.smedemokrati.sk\/vlada-kupila-podporu-madarskej-aliancie-pre-pellegriniho-za-dva-miliony-eur-regionom-nepomohla\/#primaryimage\"},\"thumbnailUrl\":\"https:\/\/www.smedemokrati.sk\/wp-content\/uploads\/2024\/03\/eurovolby-2024-1-e1709982159756.jpg\",\"articleSection\":[\"Tla\u010dov\u00e9 spr\u00e1vy\"],\"inLanguage\":\"hu-HU\"},{\"@type\":\"WebPage\",\"@id\":\"https:\/\/www.smedemokrati.sk\/vlada-kupila-podporu-madarskej-aliancie-pre-pellegriniho-za-dva-miliony-eur-regionom-nepomohla\/\",\"url\":\"https:\/\/www.smedemokrati.sk\/vlada-kupila-podporu-madarskej-aliancie-pre-pellegriniho-za-dva-miliony-eur-regionom-nepomohla\/\",\"name\":\"Vl\u00e1da k\u00fapila\u00a0podporu\u00a0Ma\u010farskej aliancie pre Pellegriniho\u00a0za dva mili\u00f3ny eur, regi\u00f3nom\u00a0nepomohla - Smedemokrati.sk\",\"isPartOf\":{\"@id\":\"https:\/\/www.smedemokrati.sk\/#website\"},\"primaryImageOfPage\":{\"@id\":\"https:\/\/www.smedemokrati.sk\/vlada-kupila-podporu-madarskej-aliancie-pre-pellegriniho-za-dva-miliony-eur-regionom-nepomohla\/#primaryimage\"},\"image\":{\"@id\":\"https:\/\/www.smedemokrati.sk\/vlada-kupila-podporu-madarskej-aliancie-pre-pellegriniho-za-dva-miliony-eur-regionom-nepomohla\/#primaryimage\"},\"thumbnailUrl\":\"https:\/\/www.smedemokrati.sk\/wp-content\/uploads\/2024\/03\/eurovolby-2024-1-e1709982159756.jpg\",\"datePublished\":\"2024-03-27T14:27:27+00:00\",\"dateModified\":\"2024-03-27T14:31:09+00:00\",\"breadcrumb\":{\"@id\":\"https:\/\/www.smedemokrati.sk\/vlada-kupila-podporu-madarskej-aliancie-pre-pellegriniho-za-dva-miliony-eur-regionom-nepomohla\/#breadcrumb\"},\"inLanguage\":\"hu-HU\",\"potentialAction\":[{\"@type\":\"ReadAction\",\"target\":[\"https:\/\/www.smedemokrati.sk\/vlada-kupila-podporu-madarskej-aliancie-pre-pellegriniho-za-dva-miliony-eur-regionom-nepomohla\/\"]}]},{\"@type\":\"ImageObject\",\"inLanguage\":\"hu-HU\",\"@id\":\"https:\/\/www.smedemokrati.sk\/vlada-kupila-podporu-madarskej-aliancie-pre-pellegriniho-za-dva-miliony-eur-regionom-nepomohla\/#primaryimage\",\"url\":\"https:\/\/www.smedemokrati.sk\/wp-content\/uploads\/2024\/03\/eurovolby-2024-1-e1709982159756.jpg\",\"contentUrl\":\"https:\/\/www.smedemokrati.sk\/wp-content\/uploads\/2024\/03\/eurovolby-2024-1-e1709982159756.jpg\",\"width\":1261,\"height\":701},{\"@type\":\"BreadcrumbList\",\"@id\":\"https:\/\/www.smedemokrati.sk\/vlada-kupila-podporu-madarskej-aliancie-pre-pellegriniho-za-dva-miliony-eur-regionom-nepomohla\/#breadcrumb\",\"itemListElement\":[{\"@type\":\"ListItem\",\"position\":1,\"name\":\"Domovsk\u00e1 str\u00e1nka\",\"item\":\"https:\/\/www.smedemokrati.sk\/\"},{\"@type\":\"ListItem\",\"position\":2,\"name\":\"Vl\u00e1da k\u00fapila\u00a0podporu\u00a0Ma\u010farskej aliancie pre Pellegriniho\u00a0za dva mili\u00f3ny eur, regi\u00f3nom\u00a0nepomohla\"}]},{\"@type\":\"WebSite\",\"@id\":\"https:\/\/www.smedemokrati.sk\/#website\",\"url\":\"https:\/\/www.smedemokrati.sk\/\",\"name\":\"Smedemokrati.sk\",\"description\":\"Demokracia a slu\u0161nos\u0165 zv\u00ed\u0165az\u00ed\",\"publisher\":{\"@id\":\"https:\/\/www.smedemokrati.sk\/#organization\"},\"potentialAction\":[{\"@type\":\"SearchAction\",\"target\":{\"@type\":\"EntryPoint\",\"urlTemplate\":\"https:\/\/www.smedemokrati.sk\/?s={search_term_string}\"},\"query-input\":{\"@type\":\"PropertyValueSpecification\",\"valueRequired\":true,\"valueName\":\"search_term_string\"}}],\"inLanguage\":\"hu-HU\"},{\"@type\":\"Organization\",\"@id\":\"https:\/\/www.smedemokrati.sk\/#organization\",\"name\":\"Smedemokrati.sk\",\"url\":\"https:\/\/www.smedemokrati.sk\/\",\"logo\":{\"@type\":\"ImageObject\",\"inLanguage\":\"hu-HU\",\"@id\":\"https:\/\/www.smedemokrati.sk\/#\/schema\/logo\/image\/\",\"url\":\"https:\/\/www.smedemokrati.sk\/wp-content\/uploads\/2023\/04\/ff.002.jpeg\",\"contentUrl\":\"https:\/\/www.smedemokrati.sk\/wp-content\/uploads\/2023\/04\/ff.002.jpeg\",\"width\":640,\"height\":480,\"caption\":\"Smedemokrati.sk\"},\"image\":{\"@id\":\"https:\/\/www.smedemokrati.sk\/#\/schema\/logo\/image\/\"},\"sameAs\":[\"https:\/\/www.facebook.com\/smedemokrati2023\"]},{\"@type\":\"Person\",\"@id\":\"https:\/\/www.smedemokrati.sk\/#\/schema\/person\/21f147c88d605aa7ded900e1e7c344ba\",\"name\":\"miro.sopko\",\"image\":{\"@type\":\"ImageObject\",\"inLanguage\":\"hu-HU\",\"@id\":\"https:\/\/secure.gravatar.com\/avatar\/267e4a36f704376c109afe3a78740c1f5dd8675a2180a908699e7863c9247606?s=96&d=mm&r=g\",\"url\":\"https:\/\/secure.gravatar.com\/avatar\/267e4a36f704376c109afe3a78740c1f5dd8675a2180a908699e7863c9247606?s=96&d=mm&r=g\",\"contentUrl\":\"https:\/\/secure.gravatar.com\/avatar\/267e4a36f704376c109afe3a78740c1f5dd8675a2180a908699e7863c9247606?s=96&d=mm&r=g\",\"caption\":\"miro.sopko\"},\"url\":\"https:\/\/www.smedemokrati.sk\/hu\/author\/miro-sopko\/\"}]}<\/script>\n<!-- \/ Yoast SEO plugin. -->","yoast_head_json":{"title":"Vl\u00e1da k\u00fapila\u00a0podporu\u00a0Ma\u010farskej aliancie pre Pellegriniho\u00a0za dva mili\u00f3ny eur, regi\u00f3nom\u00a0nepomohla - Smedemokrati.sk","robots":{"index":"index","follow":"follow","max-snippet":"max-snippet:-1","max-image-preview":"max-image-preview:large","max-video-preview":"max-video-preview:-1"},"canonical":"https:\/\/www.smedemokrati.sk\/hu\/vlada-kupila-podporu-madarskej-aliancie-pre-pellegriniho-za-dva-miliony-eur-regionom-nepomohla\/","og_locale":"hu_HU","og_type":"article","og_title":"Vl\u00e1da k\u00fapila\u00a0podporu\u00a0Ma\u010farskej aliancie pre Pellegriniho\u00a0za dva mili\u00f3ny eur, regi\u00f3nom\u00a0nepomohla - Smedemokrati.sk","og_description":"Vl\u00e1da Slovenskej republiky na svojom v\u00fdjazdovom rokovan\u00ed 27. marca 2024 v&nbsp;Galante rozhodla o&nbsp;finan\u010dnej podpore projektov obc\u00ed, miest a&nbsp;\u010fal\u0161\u00edch subjektov p\u00f4sobiacich na \u00fazem\u00ed Trnavsk\u00e9ho kraja v&nbsp;celkovej hodnote takmer dva mili\u00f3ny eur. Vz\u00e1p\u00e4t\u00ed dostal kandid\u00e1t na prezidenta Peter Pellegrini podporu od predsedu strany&nbsp;Aliancie-Sz\u00f6vets\u00e9g&nbsp;a&nbsp;do druh\u00e9ho kola prezidentsk\u00fdch volieb nepostupuj\u00faceho Kriszti\u00e1na Forr\u00f3a. Pod\u013ea z\u00e1stupcov strany Demokrati ide o politick\u00e9 [&hellip;]","og_url":"https:\/\/www.smedemokrati.sk\/hu\/vlada-kupila-podporu-madarskej-aliancie-pre-pellegriniho-za-dva-miliony-eur-regionom-nepomohla\/","og_site_name":"Smedemokrati.sk","article_publisher":"https:\/\/www.facebook.com\/smedemokrati2023","article_published_time":"2024-03-27T14:27:27+00:00","article_modified_time":"2024-03-27T14:31:09+00:00","og_image":[{"width":1261,"height":701,"url":"https:\/\/www.smedemokrati.sk\/wp-content\/uploads\/2024\/03\/eurovolby-2024-1-e1709982159756.jpg","type":"image\/jpeg"}],"author":"miro.sopko","twitter_card":"summary_large_image","twitter_misc":{"Szerz\u0151:":"miro.sopko","Becs\u00fclt olvas\u00e1si id\u0151":"2 perc"},"schema":{"@context":"https:\/\/schema.org","@graph":[{"@type":"Article","@id":"https:\/\/www.smedemokrati.sk\/vlada-kupila-podporu-madarskej-aliancie-pre-pellegriniho-za-dva-miliony-eur-regionom-nepomohla\/#article","isPartOf":{"@id":"https:\/\/www.smedemokrati.sk\/vlada-kupila-podporu-madarskej-aliancie-pre-pellegriniho-za-dva-miliony-eur-regionom-nepomohla\/"},"author":{"name":"miro.sopko","@id":"https:\/\/www.smedemokrati.sk\/#\/schema\/person\/21f147c88d605aa7ded900e1e7c344ba"},"headline":"Vl\u00e1da k\u00fapila\u00a0podporu\u00a0Ma\u010farskej aliancie pre Pellegriniho\u00a0za dva mili\u00f3ny eur, regi\u00f3nom\u00a0nepomohla","datePublished":"2024-03-27T14:27:27+00:00","dateModified":"2024-03-27T14:31:09+00:00","mainEntityOfPage":{"@id":"https:\/\/www.smedemokrati.sk\/vlada-kupila-podporu-madarskej-aliancie-pre-pellegriniho-za-dva-miliony-eur-regionom-nepomohla\/"},"wordCount":448,"publisher":{"@id":"https:\/\/www.smedemokrati.sk\/#organization"},"image":{"@id":"https:\/\/www.smedemokrati.sk\/vlada-kupila-podporu-madarskej-aliancie-pre-pellegriniho-za-dva-miliony-eur-regionom-nepomohla\/#primaryimage"},"thumbnailUrl":"https:\/\/www.smedemokrati.sk\/wp-content\/uploads\/2024\/03\/eurovolby-2024-1-e1709982159756.jpg","articleSection":["Tla\u010dov\u00e9 spr\u00e1vy"],"inLanguage":"hu-HU"},{"@type":"WebPage","@id":"https:\/\/www.smedemokrati.sk\/vlada-kupila-podporu-madarskej-aliancie-pre-pellegriniho-za-dva-miliony-eur-regionom-nepomohla\/","url":"https:\/\/www.smedemokrati.sk\/vlada-kupila-podporu-madarskej-aliancie-pre-pellegriniho-za-dva-miliony-eur-regionom-nepomohla\/","name":"Vl\u00e1da k\u00fapila\u00a0podporu\u00a0Ma\u010farskej aliancie pre Pellegriniho\u00a0za dva mili\u00f3ny eur, regi\u00f3nom\u00a0nepomohla - Smedemokrati.sk","isPartOf":{"@id":"https:\/\/www.smedemokrati.sk\/#website"},"primaryImageOfPage":{"@id":"https:\/\/www.smedemokrati.sk\/vlada-kupila-podporu-madarskej-aliancie-pre-pellegriniho-za-dva-miliony-eur-regionom-nepomohla\/#primaryimage"},"image":{"@id":"https:\/\/www.smedemokrati.sk\/vlada-kupila-podporu-madarskej-aliancie-pre-pellegriniho-za-dva-miliony-eur-regionom-nepomohla\/#primaryimage"},"thumbnailUrl":"https:\/\/www.smedemokrati.sk\/wp-content\/uploads\/2024\/03\/eurovolby-2024-1-e1709982159756.jpg","datePublished":"2024-03-27T14:27:27+00:00","dateModified":"2024-03-27T14:31:09+00:00","breadcrumb":{"@id":"https:\/\/www.smedemokrati.sk\/vlada-kupila-podporu-madarskej-aliancie-pre-pellegriniho-za-dva-miliony-eur-regionom-nepomohla\/#breadcrumb"},"inLanguage":"hu-HU","potentialAction":[{"@type":"ReadAction","target":["https:\/\/www.smedemokrati.sk\/vlada-kupila-podporu-madarskej-aliancie-pre-pellegriniho-za-dva-miliony-eur-regionom-nepomohla\/"]}]},{"@type":"ImageObject","inLanguage":"hu-HU","@id":"https:\/\/www.smedemokrati.sk\/vlada-kupila-podporu-madarskej-aliancie-pre-pellegriniho-za-dva-miliony-eur-regionom-nepomohla\/#primaryimage","url":"https:\/\/www.smedemokrati.sk\/wp-content\/uploads\/2024\/03\/eurovolby-2024-1-e1709982159756.jpg","contentUrl":"https:\/\/www.smedemokrati.sk\/wp-content\/uploads\/2024\/03\/eurovolby-2024-1-e1709982159756.jpg","width":1261,"height":701},{"@type":"BreadcrumbList","@id":"https:\/\/www.smedemokrati.sk\/vlada-kupila-podporu-madarskej-aliancie-pre-pellegriniho-za-dva-miliony-eur-regionom-nepomohla\/#breadcrumb","itemListElement":[{"@type":"ListItem","position":1,"name":"Domovsk\u00e1 str\u00e1nka","item":"https:\/\/www.smedemokrati.sk\/"},{"@type":"ListItem","position":2,"name":"Vl\u00e1da k\u00fapila\u00a0podporu\u00a0Ma\u010farskej aliancie pre Pellegriniho\u00a0za dva mili\u00f3ny eur, regi\u00f3nom\u00a0nepomohla"}]},{"@type":"WebSite","@id":"https:\/\/www.smedemokrati.sk\/#website","url":"https:\/\/www.smedemokrati.sk\/","name":"Smedemokrati.sk","description":"Demokracia a slu\u0161nos\u0165 zv\u00ed\u0165az\u00ed","publisher":{"@id":"https:\/\/www.smedemokrati.sk\/#organization"},"potentialAction":[{"@type":"SearchAction","target":{"@type":"EntryPoint","urlTemplate":"https:\/\/www.smedemokrati.sk\/?s={search_term_string}"},"query-input":{"@type":"PropertyValueSpecification","valueRequired":true,"valueName":"search_term_string"}}],"inLanguage":"hu-HU"},{"@type":"Organization","@id":"https:\/\/www.smedemokrati.sk\/#organization","name":"Smedemokrati.sk","url":"https:\/\/www.smedemokrati.sk\/","logo":{"@type":"ImageObject","inLanguage":"hu-HU","@id":"https:\/\/www.smedemokrati.sk\/#\/schema\/logo\/image\/","url":"https:\/\/www.smedemokrati.sk\/wp-content\/uploads\/2023\/04\/ff.002.jpeg","contentUrl":"https:\/\/www.smedemokrati.sk\/wp-content\/uploads\/2023\/04\/ff.002.jpeg","width":640,"height":480,"caption":"Smedemokrati.sk"},"image":{"@id":"https:\/\/www.smedemokrati.sk\/#\/schema\/logo\/image\/"},"sameAs":["https:\/\/www.facebook.com\/smedemokrati2023"]},{"@type":"Person","@id":"https:\/\/www.smedemokrati.sk\/#\/schema\/person\/21f147c88d605aa7ded900e1e7c344ba","name":"miro.sopko","image":{"@type":"ImageObject","inLanguage":"hu-HU","@id":"https:\/\/secure.gravatar.com\/avatar\/267e4a36f704376c109afe3a78740c1f5dd8675a2180a908699e7863c9247606?s=96&d=mm&r=g","url":"https:\/\/secure.gravatar.com\/avatar\/267e4a36f704376c109afe3a78740c1f5dd8675a2180a908699e7863c9247606?s=96&d=mm&r=g","contentUrl":"https:\/\/secure.gravatar.com\/avatar\/267e4a36f704376c109afe3a78740c1f5dd8675a2180a908699e7863c9247606?s=96&d=mm&r=g","caption":"miro.sopko"},"url":"https:\/\/www.smedemokrati.sk\/hu\/author\/miro-sopko\/"}]}},"_links":{"self":[{"href":"https:\/\/www.smedemokrati.sk\/hu\/wp-json\/wp\/v2\/posts\/3295","targetHints":{"allow":["GET"]}}],"collection":[{"href":"https:\/\/www.smedemokrati.sk\/hu\/wp-json\/wp\/v2\/posts"}],"about":[{"href":"https:\/\/www.smedemokrati.sk\/hu\/wp-json\/wp\/v2\/types\/post"}],"author":[{"embeddable":true,"href":"https:\/\/www.smedemokrati.sk\/hu\/wp-json\/wp\/v2\/users\/13"}],"replies":[{"embeddable":true,"href":"https:\/\/www.smedemokrati.sk\/hu\/wp-json\/wp\/v2\/comments?post=3295"}],"version-history":[{"count":1,"href":"https:\/\/www.smedemokrati.sk\/hu\/wp-json\/wp\/v2\/posts\/3295\/revisions"}],"predecessor-version":[{"id":3296,"href":"https:\/\/www.smedemokrati.sk\/hu\/wp-json\/wp\/v2\/posts\/3295\/revisions\/3296"}],"wp:featuredmedia":[{"embeddable":true,"href":"https:\/\/www.smedemokrati.sk\/hu\/wp-json\/wp\/v2\/media\/3006"}],"wp:attachment":[{"href":"https:\/\/www.smedemokrati.sk\/hu\/wp-json\/wp\/v2\/media?parent=3295"}],"wp:term":[{"taxonomy":"category","embeddable":true,"href":"https:\/\/www.smedemokrati.sk\/hu\/wp-json\/wp\/v2\/categories?post=3295"},{"taxonomy":"post_tag","embeddable":true,"href":"https:\/\/www.smedemokrati.sk\/hu\/wp-json\/wp\/v2\/tags?post=3295"}],"curies":[{"name":"wp","href":"https:\/\/api.w.org\/{rel}","templated":true}]}}