{"id":3270,"date":"2024-03-26T16:04:00","date_gmt":"2024-03-26T15:04:00","guid":{"rendered":"https:\/\/www.smedemokrati.sk\/?p=3270"},"modified":"2024-03-27T15:12:22","modified_gmt":"2024-03-27T14:12:22","slug":"legislativna-smrst-fica-a-tarabu-zakon-o-eia-bude-este-horsi","status":"publish","type":"post","link":"https:\/\/www.smedemokrati.sk\/hu\/legislativna-smrst-fica-a-tarabu-zakon-o-eia-bude-este-horsi\/","title":{"rendered":"Legislat\u00edvna smr\u0161\u0165 Fica a Tarabu &#8211; z\u00e1kon o EIA bude e\u0161te hor\u0161\u00ed"},"content":{"rendered":"<div id=\"fb-root\"><\/div>\n\n<blockquote class=\"wp-block-quote is-layout-flow wp-block-quote-is-layout-flow\">\n<p><strong>Demokrati upozor\u0148uj\u00fa, \u017ee fin\u00e1lne znenie novely z\u00e1kona o posudzovan\u00ed vplyvov na \u017eivotn\u00e9 prostredie (EIA), ktor\u00fa m\u00e1 v stredu schva\u013eova\u0165 vl\u00e1da, je v\u00fdrazne hor\u0161ie ako p\u00f4vodn\u00e1 verzia predlo\u017een\u00e1 ministrom Tarabom do pripomienkov\u00e9ho konania. V\u0161etky zmeny s\u00fa pod\u013ea Demokratov jednostrann\u00e9 v prospech investorov. Vyz\u00fdvaj\u00fa na jej stiahnutie a rokovanie s Eur\u00f3pskou komisiou.&nbsp;<\/strong><\/p>\n\n\n\n<p>Demokrati v\u010faka hromadnej pripomienke akt\u00edvne vst\u00fapili do legislat\u00edvneho procesu. Po pondelkovom rozporovom konan\u00ed so \u0161t\u00e1tnou tajomn\u00ed\u010dkou Gabrielou Mate\u010dnou je zrejm\u00e9, \u017ee n\u00e1vrh z\u00e1kona smeruj\u00faci na vl\u00e1du bude ma\u0165 fat\u00e1lne d\u00f4sledky. <em>\u201eMinister Taraba v rozpore s Aarhusk\u00fdm dohovorom a Smernicou E\u00da o EIA navrhuje vyl\u00fa\u010denie verejnosti z 90 % konan\u00ed, teda v tzv. zis\u0165ovacom konan\u00ed, v ktorom sa vybav\u00ed drviv\u00e1 v\u00e4\u010d\u0161ina invest\u00edci\u00ed, sa u\u017e ob\u010dania nebud\u00fa m\u00f4c\u0165 vyjadri\u0165 a ani poda\u0165 riadny opravn\u00fd prostriedok. N\u00e1zor ob\u010danov na roz\u0161\u00edrenie priemyselnej prev\u00e1dzky, budovanie polyfunk\u010dn\u00e9ho centra, roz\u0161\u00edrenie skl\u00e1dky odpadov \u010di \u010dmudiaci kom\u00edn v bezprostrednom susedstve u\u017e nikoho nebude zauj\u00edma\u0165. V\u0161etko sa vybav\u00ed len medzi investorom a \u00faradn\u00edkom. A to je na Slovensku v\u017edy rizikov\u00e9,\u201d<\/em>\u00a0upozor\u0148uje Michal Ki\u010da, \u010dlen predsedn\u00edctva strany Demokrati a jej expert na \u017eivotn\u00e9 prostredie.\u00a0<\/p>\n\n\n\n<p>V rozpore s deklarovanou spolupr\u00e1cou medzi \u0161t\u00e1tom a obcami sa vylu\u010duj\u00fa zo zis\u0165ovacieho konania susedn\u00e9 mest\u00e1 a obce. Hoci by navrhovan\u00e1 invest\u00edcia, napr\u00edklad roz\u0161\u00edrenia skl\u00e1dky, bola v bezprostrednej bl\u00edzkosti ich zastavan\u00e9ho \u00fazemia a mala na ich obyvate\u013eov negat\u00edvny vplyv, nebud\u00fa sa m\u00f4c\u0165 v konan\u00ed nijako vyjadri\u0165. Ministerstvo \u017eivotn\u00e9ho prostredia SR \u010falej navrhuje, aby jedin\u00fdm opravn\u00fdm prostriedkom pre verejnos\u0165 bola len \u017ealoba na spr\u00e1vny s\u00fad. Pre mno\u017estvo \u013eud\u00ed ostane nedostupn\u00fd. Tento n\u00e1vrh naviac so s\u00fadmi a ani s Ministerstvom spravodlivosti SR nijako nekonzultovalo. Spr\u00e1vne s\u00fady nie s\u00fa pripraven\u00e9&nbsp;na stovky nov\u00fdch konan\u00ed, naviac, ich \u00falohou nie je vykon\u00e1va\u0165 environment\u00e1lne pos\u00fadenie namiesto \u00faradov.&nbsp;<\/p>\n\n\n\n<p><em>\u201eNapriek\u00a0tomu, \u017ee sa v\u00fdrazne roz\u0161iruje okruh invest\u00edci\u00ed, ktor\u00e9 p\u00f4jdu v tzv. zis\u0165ovacom konan\u00ed, ministerstvo ner\u00e1ta s posilnen\u00edm okresn\u00fdch \u00faradov, ktor\u00e9 ho vykon\u00e1vaj\u00fa. Gener\u00e1lny tajomn\u00edk slu\u017eobn\u00e9ho \u00faradu M\u017dP SR Chovan ich posilnenie ozna\u010dil \u0161okuj\u00faco za \u201cnezmysel\u201d. Okresn\u00e9 \u00farady tak bud\u00fa e\u0161te viac zahlten\u00e9 a nebud\u00fa st\u00edha\u0165 vyd\u00e1va\u0165 stanovisk\u00e1 v\u010das, \u010do p\u00f4jde na \u00fakor ochrany zdravia obyvate\u013eov a \u017eivotn\u00e9ho prostredia. V spojitosti s vyl\u00fa\u010den\u00edm verejnej kontroly z tohto procesu sa bude jedna\u0165 o smrtiaci koktejl pre ochranu zdravia obyvate\u013eov a ich pr\u00e1va na priazniv\u00e9 \u017eivotn\u00e9 prostredie. Z tejto situ\u00e1cie bud\u00fa \u0165a\u017ei\u0165 jedine nepoctiv\u00ed podnikatelia,\u201d<\/em>\u00a0vysvet\u013euje Michal Ki\u010da.<\/p>\n\n\n\n<p>Oproti p\u00f4vodn\u00e9mu n\u00e1vrhu sa v\u00fdrazne zni\u017euj\u00fa aj tzv. prahov\u00e9 hodnoty posudzovan\u00fdch invest\u00edci\u00ed. Ministerstvo po novom navrhuje, aby sa mimo riadneho procesu EIA povo\u013eovali aj tak\u00e9 invest\u00edcie, ako ve\u013ek\u00e9 vodn\u00e9 elektr\u00e1rne, rekon\u0161trukcie \u017eelezn\u00edc do 15 km \u010di obrovsk\u00e9 n\u00e1kupn\u00e9 stredisk\u00e1 alebo zariadenia obdobn\u00e9 krytej letnej \u0161portovej hale s umel\u00fdm zasne\u017eovan\u00edm na Donovaloch. Naopak, \u00faspechom hromadnej pripomienky je spr\u00edsnenie prahov\u00fdch hodn\u00f4t pre vetern\u00e9 parky.&nbsp;<\/p>\n\n\n\n<p><em>\u201ePr\u00edpadn\u00e9 schv\u00e1lenie novely v\u00fdrazne zhor\u0161\u00ed situ\u00e1ciu s viacer\u00fdmi konaniami o poru\u0161enie pr\u00e1va E\u00da, napr. v oblasti neposudzovania mal\u00fdch vodn\u00fdch elektr\u00e1rn\u00ed alebo pr\u00edstupu verejnosti k spravodlivosti v oblasti \u017eivotn\u00e9ho prostredia. Napriek opakovan\u00fdm upozorneniam predstavitelia ministerstva odmietli n\u00e1vrh novely konzultova\u0165 s Eur\u00f3pskou komisiou, v\u010faka \u010domu by sme mohli pred\u00eds\u0165 zbyto\u010dn\u00fdm \u017ealob\u00e1m. Predstavitelia ministerstva na mno\u017estvo ot\u00e1zok alebo v\u00fdhrad nemali \u017eiadnu odpove\u010f, alebo len uviedli, \u017ee sa jedn\u00e1 o politick\u00e9 rozhodnutie vedenia ministerstva. Demokrati upozor\u0148uj\u00fa, \u017ee na pr\u00edprave n\u00e1vrhu z\u00e1kona sa podie\u013eali priamo z\u00e1stupcovia investorov, \u010do pova\u017euj\u00fa za z\u00e1va\u017en\u00fd konflikt z\u00e1ujmov a o podrobnostiach bud\u00fa informova\u0165 nesk\u00f4r,\u201d<\/em>\u00a0dop\u013a\u0148a Michal Ki\u010da.\u00a0<\/p>\n\n\n\n<p>S oh\u013eadom na rozsiahle zmeny malo d\u00f4js\u0165 k opakovan\u00e9mu medzirezortn\u00e9mu pripomienkov\u00e9mu konaniu. V legislat\u00edvnom procese v\u0161ak k do\u0161lo k poru\u0161eniu legislat\u00edvnych pravidiel vl\u00e1dy a n\u00e1vrh neprerokovala ani Legislat\u00edvna rada vl\u00e1dy SR. Demokrati vyz\u00fdvaj\u00fa vl\u00e1du, aby schva\u013eovanie tak z\u00e1va\u017en\u00e9ho n\u00e1vrhu odlo\u017eila a\u017e po konzult\u00e1ci\u00e1ch s Eur\u00f3pskou komisiou.&nbsp;<\/p>\n<\/blockquote>\n","protected":false},"excerpt":{"rendered":"<p>Demokrati upozor\u0148uj\u00fa, \u017ee fin\u00e1lne znenie novely z\u00e1kona o posudzovan\u00ed vplyvov na \u017eivotn\u00e9 prostredie (EIA), ktor\u00fa m\u00e1 v stredu schva\u013eova\u0165 vl\u00e1da, je v\u00fdrazne hor\u0161ie ako p\u00f4vodn\u00e1 verzia predlo\u017een\u00e1 ministrom Tarabom do pripomienkov\u00e9ho konania. V\u0161etky zmeny s\u00fa pod\u013ea Demokratov jednostrann\u00e9 v prospech investorov. Vyz\u00fdvaj\u00fa na jej stiahnutie a rokovanie s Eur\u00f3pskou komisiou.&nbsp; Demokrati v\u010faka hromadnej pripomienke akt\u00edvne [&hellip;]<\/p>\n","protected":false},"author":13,"featured_media":2526,"comment_status":"closed","ping_status":"closed","sticky":false,"template":"","format":"standard","meta":{"_acf_changed":false,"ngg_post_thumbnail":0,"footnotes":""},"categories":[4],"tags":[],"class_list":["post-3270","post","type-post","status-publish","format-standard","has-post-thumbnail","hentry","category-tlacove-spravy"],"acf":[],"yoast_head":"<!-- This site is optimized with the Yoast SEO plugin v27.2 - https:\/\/yoast.com\/product\/yoast-seo-wordpress\/ -->\n<title>Legislat\u00edvna smr\u0161\u0165 Fica a Tarabu - z\u00e1kon o EIA bude e\u0161te hor\u0161\u00ed - Smedemokrati.sk<\/title>\n<meta name=\"robots\" content=\"index, follow, max-snippet:-1, max-image-preview:large, max-video-preview:-1\" \/>\n<link rel=\"canonical\" href=\"https:\/\/www.smedemokrati.sk\/hu\/legislativna-smrst-fica-a-tarabu-zakon-o-eia-bude-este-horsi\/\" \/>\n<meta property=\"og:locale\" content=\"hu_HU\" \/>\n<meta property=\"og:locale:alternate\" content=\"en_US\" \/>\n<meta property=\"og:locale:alternate\" content=\"cs_CZ\" \/>\n<meta property=\"og:locale:alternate\" content=\"sk_SK\" \/>\n<meta property=\"og:locale:alternate\" content=\"sv_SE\" \/>\n<meta property=\"og:type\" content=\"article\" \/>\n<meta property=\"og:title\" content=\"Legislat\u00edvna smr\u0161\u0165 Fica a Tarabu - z\u00e1kon o EIA bude e\u0161te hor\u0161\u00ed - Smedemokrati.sk\" \/>\n<meta property=\"og:description\" content=\"Demokrati upozor\u0148uj\u00fa, \u017ee fin\u00e1lne znenie novely z\u00e1kona o posudzovan\u00ed vplyvov na \u017eivotn\u00e9 prostredie (EIA), ktor\u00fa m\u00e1 v stredu schva\u013eova\u0165 vl\u00e1da, je v\u00fdrazne hor\u0161ie ako p\u00f4vodn\u00e1 verzia predlo\u017een\u00e1 ministrom Tarabom do pripomienkov\u00e9ho konania. V\u0161etky zmeny s\u00fa pod\u013ea Demokratov jednostrann\u00e9 v prospech investorov. Vyz\u00fdvaj\u00fa na jej stiahnutie a rokovanie s Eur\u00f3pskou komisiou.&nbsp; Demokrati v\u010faka hromadnej pripomienke akt\u00edvne [&hellip;]\" \/>\n<meta property=\"og:url\" content=\"https:\/\/www.smedemokrati.sk\/hu\/legislativna-smrst-fica-a-tarabu-zakon-o-eia-bude-este-horsi\/\" \/>\n<meta property=\"og:site_name\" content=\"Smedemokrati.sk\" \/>\n<meta property=\"article:publisher\" content=\"https:\/\/www.facebook.com\/smedemokrati2023\" \/>\n<meta property=\"article:published_time\" content=\"2024-03-26T15:04:00+00:00\" \/>\n<meta property=\"article:modified_time\" content=\"2024-03-27T14:12:22+00:00\" \/>\n<meta property=\"og:image\" content=\"https:\/\/www.smedemokrati.sk\/wp-content\/uploads\/2024\/01\/kica-1.jpg\" \/>\n\t<meta property=\"og:image:width\" content=\"1897\" \/>\n\t<meta property=\"og:image:height\" content=\"1057\" \/>\n\t<meta property=\"og:image:type\" content=\"image\/jpeg\" \/>\n<meta name=\"author\" content=\"miro.sopko\" \/>\n<meta name=\"twitter:card\" content=\"summary_large_image\" \/>\n<meta name=\"twitter:label1\" content=\"Szerz\u0151:\" \/>\n\t<meta name=\"twitter:data1\" content=\"miro.sopko\" \/>\n<script type=\"application\/ld+json\" class=\"yoast-schema-graph\">{\"@context\":\"https:\/\/schema.org\",\"@graph\":[{\"@type\":\"Article\",\"@id\":\"https:\/\/www.smedemokrati.sk\/legislativna-smrst-fica-a-tarabu-zakon-o-eia-bude-este-horsi\/#article\",\"isPartOf\":{\"@id\":\"https:\/\/www.smedemokrati.sk\/legislativna-smrst-fica-a-tarabu-zakon-o-eia-bude-este-horsi\/\"},\"author\":{\"name\":\"miro.sopko\",\"@id\":\"https:\/\/www.smedemokrati.sk\/#\/schema\/person\/21f147c88d605aa7ded900e1e7c344ba\"},\"headline\":\"Legislat\u00edvna smr\u0161\u0165 Fica a Tarabu &#8211; z\u00e1kon o EIA bude e\u0161te hor\u0161\u00ed\",\"datePublished\":\"2024-03-26T15:04:00+00:00\",\"dateModified\":\"2024-03-27T14:12:22+00:00\",\"mainEntityOfPage\":{\"@id\":\"https:\/\/www.smedemokrati.sk\/legislativna-smrst-fica-a-tarabu-zakon-o-eia-bude-este-horsi\/\"},\"wordCount\":781,\"publisher\":{\"@id\":\"https:\/\/www.smedemokrati.sk\/#organization\"},\"image\":{\"@id\":\"https:\/\/www.smedemokrati.sk\/legislativna-smrst-fica-a-tarabu-zakon-o-eia-bude-este-horsi\/#primaryimage\"},\"thumbnailUrl\":\"https:\/\/www.smedemokrati.sk\/wp-content\/uploads\/2024\/01\/kica-1.jpg\",\"articleSection\":[\"Tla\u010dov\u00e9 spr\u00e1vy\"],\"inLanguage\":\"hu-HU\"},{\"@type\":\"WebPage\",\"@id\":\"https:\/\/www.smedemokrati.sk\/legislativna-smrst-fica-a-tarabu-zakon-o-eia-bude-este-horsi\/\",\"url\":\"https:\/\/www.smedemokrati.sk\/legislativna-smrst-fica-a-tarabu-zakon-o-eia-bude-este-horsi\/\",\"name\":\"Legislat\u00edvna smr\u0161\u0165 Fica a Tarabu - z\u00e1kon o EIA bude e\u0161te hor\u0161\u00ed - Smedemokrati.sk\",\"isPartOf\":{\"@id\":\"https:\/\/www.smedemokrati.sk\/#website\"},\"primaryImageOfPage\":{\"@id\":\"https:\/\/www.smedemokrati.sk\/legislativna-smrst-fica-a-tarabu-zakon-o-eia-bude-este-horsi\/#primaryimage\"},\"image\":{\"@id\":\"https:\/\/www.smedemokrati.sk\/legislativna-smrst-fica-a-tarabu-zakon-o-eia-bude-este-horsi\/#primaryimage\"},\"thumbnailUrl\":\"https:\/\/www.smedemokrati.sk\/wp-content\/uploads\/2024\/01\/kica-1.jpg\",\"datePublished\":\"2024-03-26T15:04:00+00:00\",\"dateModified\":\"2024-03-27T14:12:22+00:00\",\"breadcrumb\":{\"@id\":\"https:\/\/www.smedemokrati.sk\/legislativna-smrst-fica-a-tarabu-zakon-o-eia-bude-este-horsi\/#breadcrumb\"},\"inLanguage\":\"hu-HU\",\"potentialAction\":[{\"@type\":\"ReadAction\",\"target\":[\"https:\/\/www.smedemokrati.sk\/legislativna-smrst-fica-a-tarabu-zakon-o-eia-bude-este-horsi\/\"]}]},{\"@type\":\"ImageObject\",\"inLanguage\":\"hu-HU\",\"@id\":\"https:\/\/www.smedemokrati.sk\/legislativna-smrst-fica-a-tarabu-zakon-o-eia-bude-este-horsi\/#primaryimage\",\"url\":\"https:\/\/www.smedemokrati.sk\/wp-content\/uploads\/2024\/01\/kica-1.jpg\",\"contentUrl\":\"https:\/\/www.smedemokrati.sk\/wp-content\/uploads\/2024\/01\/kica-1.jpg\",\"width\":1897,\"height\":1057},{\"@type\":\"BreadcrumbList\",\"@id\":\"https:\/\/www.smedemokrati.sk\/legislativna-smrst-fica-a-tarabu-zakon-o-eia-bude-este-horsi\/#breadcrumb\",\"itemListElement\":[{\"@type\":\"ListItem\",\"position\":1,\"name\":\"Domovsk\u00e1 str\u00e1nka\",\"item\":\"https:\/\/www.smedemokrati.sk\/\"},{\"@type\":\"ListItem\",\"position\":2,\"name\":\"Legislat\u00edvna smr\u0161\u0165 Fica a Tarabu &#8211; z\u00e1kon o EIA bude e\u0161te hor\u0161\u00ed\"}]},{\"@type\":\"WebSite\",\"@id\":\"https:\/\/www.smedemokrati.sk\/#website\",\"url\":\"https:\/\/www.smedemokrati.sk\/\",\"name\":\"Smedemokrati.sk\",\"description\":\"Demokracia a slu\u0161nos\u0165 zv\u00ed\u0165az\u00ed\",\"publisher\":{\"@id\":\"https:\/\/www.smedemokrati.sk\/#organization\"},\"potentialAction\":[{\"@type\":\"SearchAction\",\"target\":{\"@type\":\"EntryPoint\",\"urlTemplate\":\"https:\/\/www.smedemokrati.sk\/?s={search_term_string}\"},\"query-input\":{\"@type\":\"PropertyValueSpecification\",\"valueRequired\":true,\"valueName\":\"search_term_string\"}}],\"inLanguage\":\"hu-HU\"},{\"@type\":\"Organization\",\"@id\":\"https:\/\/www.smedemokrati.sk\/#organization\",\"name\":\"Smedemokrati.sk\",\"url\":\"https:\/\/www.smedemokrati.sk\/\",\"logo\":{\"@type\":\"ImageObject\",\"inLanguage\":\"hu-HU\",\"@id\":\"https:\/\/www.smedemokrati.sk\/#\/schema\/logo\/image\/\",\"url\":\"https:\/\/www.smedemokrati.sk\/wp-content\/uploads\/2023\/04\/ff.002.jpeg\",\"contentUrl\":\"https:\/\/www.smedemokrati.sk\/wp-content\/uploads\/2023\/04\/ff.002.jpeg\",\"width\":640,\"height\":480,\"caption\":\"Smedemokrati.sk\"},\"image\":{\"@id\":\"https:\/\/www.smedemokrati.sk\/#\/schema\/logo\/image\/\"},\"sameAs\":[\"https:\/\/www.facebook.com\/smedemokrati2023\"]},{\"@type\":\"Person\",\"@id\":\"https:\/\/www.smedemokrati.sk\/#\/schema\/person\/21f147c88d605aa7ded900e1e7c344ba\",\"name\":\"miro.sopko\",\"image\":{\"@type\":\"ImageObject\",\"inLanguage\":\"hu-HU\",\"@id\":\"https:\/\/secure.gravatar.com\/avatar\/267e4a36f704376c109afe3a78740c1f5dd8675a2180a908699e7863c9247606?s=96&d=mm&r=g\",\"url\":\"https:\/\/secure.gravatar.com\/avatar\/267e4a36f704376c109afe3a78740c1f5dd8675a2180a908699e7863c9247606?s=96&d=mm&r=g\",\"contentUrl\":\"https:\/\/secure.gravatar.com\/avatar\/267e4a36f704376c109afe3a78740c1f5dd8675a2180a908699e7863c9247606?s=96&d=mm&r=g\",\"caption\":\"miro.sopko\"},\"url\":\"https:\/\/www.smedemokrati.sk\/hu\/author\/miro-sopko\/\"}]}<\/script>\n<!-- \/ Yoast SEO plugin. -->","yoast_head_json":{"title":"Legislat\u00edvna smr\u0161\u0165 Fica a Tarabu - z\u00e1kon o EIA bude e\u0161te hor\u0161\u00ed - Smedemokrati.sk","robots":{"index":"index","follow":"follow","max-snippet":"max-snippet:-1","max-image-preview":"max-image-preview:large","max-video-preview":"max-video-preview:-1"},"canonical":"https:\/\/www.smedemokrati.sk\/hu\/legislativna-smrst-fica-a-tarabu-zakon-o-eia-bude-este-horsi\/","og_locale":"hu_HU","og_type":"article","og_title":"Legislat\u00edvna smr\u0161\u0165 Fica a Tarabu - z\u00e1kon o EIA bude e\u0161te hor\u0161\u00ed - Smedemokrati.sk","og_description":"Demokrati upozor\u0148uj\u00fa, \u017ee fin\u00e1lne znenie novely z\u00e1kona o posudzovan\u00ed vplyvov na \u017eivotn\u00e9 prostredie (EIA), ktor\u00fa m\u00e1 v stredu schva\u013eova\u0165 vl\u00e1da, je v\u00fdrazne hor\u0161ie ako p\u00f4vodn\u00e1 verzia predlo\u017een\u00e1 ministrom Tarabom do pripomienkov\u00e9ho konania. V\u0161etky zmeny s\u00fa pod\u013ea Demokratov jednostrann\u00e9 v prospech investorov. Vyz\u00fdvaj\u00fa na jej stiahnutie a rokovanie s Eur\u00f3pskou komisiou.&nbsp; Demokrati v\u010faka hromadnej pripomienke akt\u00edvne [&hellip;]","og_url":"https:\/\/www.smedemokrati.sk\/hu\/legislativna-smrst-fica-a-tarabu-zakon-o-eia-bude-este-horsi\/","og_site_name":"Smedemokrati.sk","article_publisher":"https:\/\/www.facebook.com\/smedemokrati2023","article_published_time":"2024-03-26T15:04:00+00:00","article_modified_time":"2024-03-27T14:12:22+00:00","og_image":[{"width":1897,"height":1057,"url":"https:\/\/www.smedemokrati.sk\/wp-content\/uploads\/2024\/01\/kica-1.jpg","type":"image\/jpeg"}],"author":"miro.sopko","twitter_card":"summary_large_image","twitter_misc":{"Szerz\u0151:":"miro.sopko"},"schema":{"@context":"https:\/\/schema.org","@graph":[{"@type":"Article","@id":"https:\/\/www.smedemokrati.sk\/legislativna-smrst-fica-a-tarabu-zakon-o-eia-bude-este-horsi\/#article","isPartOf":{"@id":"https:\/\/www.smedemokrati.sk\/legislativna-smrst-fica-a-tarabu-zakon-o-eia-bude-este-horsi\/"},"author":{"name":"miro.sopko","@id":"https:\/\/www.smedemokrati.sk\/#\/schema\/person\/21f147c88d605aa7ded900e1e7c344ba"},"headline":"Legislat\u00edvna smr\u0161\u0165 Fica a Tarabu &#8211; z\u00e1kon o EIA bude e\u0161te hor\u0161\u00ed","datePublished":"2024-03-26T15:04:00+00:00","dateModified":"2024-03-27T14:12:22+00:00","mainEntityOfPage":{"@id":"https:\/\/www.smedemokrati.sk\/legislativna-smrst-fica-a-tarabu-zakon-o-eia-bude-este-horsi\/"},"wordCount":781,"publisher":{"@id":"https:\/\/www.smedemokrati.sk\/#organization"},"image":{"@id":"https:\/\/www.smedemokrati.sk\/legislativna-smrst-fica-a-tarabu-zakon-o-eia-bude-este-horsi\/#primaryimage"},"thumbnailUrl":"https:\/\/www.smedemokrati.sk\/wp-content\/uploads\/2024\/01\/kica-1.jpg","articleSection":["Tla\u010dov\u00e9 spr\u00e1vy"],"inLanguage":"hu-HU"},{"@type":"WebPage","@id":"https:\/\/www.smedemokrati.sk\/legislativna-smrst-fica-a-tarabu-zakon-o-eia-bude-este-horsi\/","url":"https:\/\/www.smedemokrati.sk\/legislativna-smrst-fica-a-tarabu-zakon-o-eia-bude-este-horsi\/","name":"Legislat\u00edvna smr\u0161\u0165 Fica a Tarabu - z\u00e1kon o EIA bude e\u0161te hor\u0161\u00ed - Smedemokrati.sk","isPartOf":{"@id":"https:\/\/www.smedemokrati.sk\/#website"},"primaryImageOfPage":{"@id":"https:\/\/www.smedemokrati.sk\/legislativna-smrst-fica-a-tarabu-zakon-o-eia-bude-este-horsi\/#primaryimage"},"image":{"@id":"https:\/\/www.smedemokrati.sk\/legislativna-smrst-fica-a-tarabu-zakon-o-eia-bude-este-horsi\/#primaryimage"},"thumbnailUrl":"https:\/\/www.smedemokrati.sk\/wp-content\/uploads\/2024\/01\/kica-1.jpg","datePublished":"2024-03-26T15:04:00+00:00","dateModified":"2024-03-27T14:12:22+00:00","breadcrumb":{"@id":"https:\/\/www.smedemokrati.sk\/legislativna-smrst-fica-a-tarabu-zakon-o-eia-bude-este-horsi\/#breadcrumb"},"inLanguage":"hu-HU","potentialAction":[{"@type":"ReadAction","target":["https:\/\/www.smedemokrati.sk\/legislativna-smrst-fica-a-tarabu-zakon-o-eia-bude-este-horsi\/"]}]},{"@type":"ImageObject","inLanguage":"hu-HU","@id":"https:\/\/www.smedemokrati.sk\/legislativna-smrst-fica-a-tarabu-zakon-o-eia-bude-este-horsi\/#primaryimage","url":"https:\/\/www.smedemokrati.sk\/wp-content\/uploads\/2024\/01\/kica-1.jpg","contentUrl":"https:\/\/www.smedemokrati.sk\/wp-content\/uploads\/2024\/01\/kica-1.jpg","width":1897,"height":1057},{"@type":"BreadcrumbList","@id":"https:\/\/www.smedemokrati.sk\/legislativna-smrst-fica-a-tarabu-zakon-o-eia-bude-este-horsi\/#breadcrumb","itemListElement":[{"@type":"ListItem","position":1,"name":"Domovsk\u00e1 str\u00e1nka","item":"https:\/\/www.smedemokrati.sk\/"},{"@type":"ListItem","position":2,"name":"Legislat\u00edvna smr\u0161\u0165 Fica a Tarabu &#8211; z\u00e1kon o EIA bude e\u0161te hor\u0161\u00ed"}]},{"@type":"WebSite","@id":"https:\/\/www.smedemokrati.sk\/#website","url":"https:\/\/www.smedemokrati.sk\/","name":"Smedemokrati.sk","description":"Demokracia a slu\u0161nos\u0165 zv\u00ed\u0165az\u00ed","publisher":{"@id":"https:\/\/www.smedemokrati.sk\/#organization"},"potentialAction":[{"@type":"SearchAction","target":{"@type":"EntryPoint","urlTemplate":"https:\/\/www.smedemokrati.sk\/?s={search_term_string}"},"query-input":{"@type":"PropertyValueSpecification","valueRequired":true,"valueName":"search_term_string"}}],"inLanguage":"hu-HU"},{"@type":"Organization","@id":"https:\/\/www.smedemokrati.sk\/#organization","name":"Smedemokrati.sk","url":"https:\/\/www.smedemokrati.sk\/","logo":{"@type":"ImageObject","inLanguage":"hu-HU","@id":"https:\/\/www.smedemokrati.sk\/#\/schema\/logo\/image\/","url":"https:\/\/www.smedemokrati.sk\/wp-content\/uploads\/2023\/04\/ff.002.jpeg","contentUrl":"https:\/\/www.smedemokrati.sk\/wp-content\/uploads\/2023\/04\/ff.002.jpeg","width":640,"height":480,"caption":"Smedemokrati.sk"},"image":{"@id":"https:\/\/www.smedemokrati.sk\/#\/schema\/logo\/image\/"},"sameAs":["https:\/\/www.facebook.com\/smedemokrati2023"]},{"@type":"Person","@id":"https:\/\/www.smedemokrati.sk\/#\/schema\/person\/21f147c88d605aa7ded900e1e7c344ba","name":"miro.sopko","image":{"@type":"ImageObject","inLanguage":"hu-HU","@id":"https:\/\/secure.gravatar.com\/avatar\/267e4a36f704376c109afe3a78740c1f5dd8675a2180a908699e7863c9247606?s=96&d=mm&r=g","url":"https:\/\/secure.gravatar.com\/avatar\/267e4a36f704376c109afe3a78740c1f5dd8675a2180a908699e7863c9247606?s=96&d=mm&r=g","contentUrl":"https:\/\/secure.gravatar.com\/avatar\/267e4a36f704376c109afe3a78740c1f5dd8675a2180a908699e7863c9247606?s=96&d=mm&r=g","caption":"miro.sopko"},"url":"https:\/\/www.smedemokrati.sk\/hu\/author\/miro-sopko\/"}]}},"_links":{"self":[{"href":"https:\/\/www.smedemokrati.sk\/hu\/wp-json\/wp\/v2\/posts\/3270","targetHints":{"allow":["GET"]}}],"collection":[{"href":"https:\/\/www.smedemokrati.sk\/hu\/wp-json\/wp\/v2\/posts"}],"about":[{"href":"https:\/\/www.smedemokrati.sk\/hu\/wp-json\/wp\/v2\/types\/post"}],"author":[{"embeddable":true,"href":"https:\/\/www.smedemokrati.sk\/hu\/wp-json\/wp\/v2\/users\/13"}],"replies":[{"embeddable":true,"href":"https:\/\/www.smedemokrati.sk\/hu\/wp-json\/wp\/v2\/comments?post=3270"}],"version-history":[{"count":2,"href":"https:\/\/www.smedemokrati.sk\/hu\/wp-json\/wp\/v2\/posts\/3270\/revisions"}],"predecessor-version":[{"id":3272,"href":"https:\/\/www.smedemokrati.sk\/hu\/wp-json\/wp\/v2\/posts\/3270\/revisions\/3272"}],"wp:featuredmedia":[{"embeddable":true,"href":"https:\/\/www.smedemokrati.sk\/hu\/wp-json\/wp\/v2\/media\/2526"}],"wp:attachment":[{"href":"https:\/\/www.smedemokrati.sk\/hu\/wp-json\/wp\/v2\/media?parent=3270"}],"wp:term":[{"taxonomy":"category","embeddable":true,"href":"https:\/\/www.smedemokrati.sk\/hu\/wp-json\/wp\/v2\/categories?post=3270"},{"taxonomy":"post_tag","embeddable":true,"href":"https:\/\/www.smedemokrati.sk\/hu\/wp-json\/wp\/v2\/tags?post=3270"}],"curies":[{"name":"wp","href":"https:\/\/api.w.org\/{rel}","templated":true}]}}