{"id":3142,"date":"2024-03-14T17:18:15","date_gmt":"2024-03-14T16:18:15","guid":{"rendered":"https:\/\/www.smedemokrati.sk\/?p=3142"},"modified":"2024-03-18T10:41:48","modified_gmt":"2024-03-18T09:41:48","slug":"demokrati-vyzbierali-podpisy-na-hromadnu-pripomienku-v-rekordom-case","status":"publish","type":"post","link":"https:\/\/www.smedemokrati.sk\/hu\/demokrati-vyzbierali-podpisy-na-hromadnu-pripomienku-v-rekordom-case\/","title":{"rendered":"Demokrati vyzbierali podpisy na hromadn\u00fa pripomienku v rekordom \u010dase"},"content":{"rendered":"<div id=\"fb-root\"><\/div>\n\n<p><em><strong>Strana Demokrati vo \u0161tvrtok ozn\u00e1mila zber podpisov za hromadn\u00fa pripomienku k z\u00e1konu o RTVS a do dvoch hod\u00edn sa jej podarilo z\u00edska\u0165 dostato\u010dn\u00fd po\u010det. Znamen\u00e1 to, \u017ee \u0160imkovi\u010dovej rezort bude musie\u0165 do rozporov\u00e9ho konania prizva\u0165 z\u00e1stupcov verejnosti.<\/strong><\/em><\/p>\n\n\n\n<p><em>\u201e\u010eakujeme v\u0161etk\u00fdm, ktor\u00ed sa okam\u017eite po na\u0161ej tla\u010dovej konferencii zmobilizovali. \u0160imkovi\u010dovej ministerstvo si nem\u00f4\u017ee robi\u0165 s verejn\u00fdmi in\u0161tit\u00faciami, ktor\u00e9 s\u00fa financovan\u00e9 z na\u0161ich dan\u00ed \u010do sa jej len zachce. Boj o zachovanie RTVS nie je na konci a my urob\u00edme v\u0161etko pre to, aby to boli ob\u010dania, ktor\u00ed bud\u00fa rozhodova\u0165 o tom, ako m\u00e1 na\u0161a spolo\u010dn\u00e1 in\u0161tit\u00facia vyzera\u0165.\u201d<\/em> Povedal Kristi\u00e1n \u010cekovsk\u00fd, b\u00fdval\u00fd \u0161\u00e9f v\u00fdboru NR SR pre kult\u00faru a m\u00e9di\u00e1.\u00a0<\/p>\n\n\n\n<p>Advok\u00e1t a \u010dlen predsedn\u00edctva Michal Ki\u010da dod\u00e1va: <em>\u201eHromadnou pripomienkou \u013eudia s\u00fahlasili, aby sme ich zastupovali na rozporovom konan\u00ed. O\u010dak\u00e1vam, \u017ee ministerstvo bude postupova\u0165 v s\u00falade so z\u00e1konom a \u010doskoro n\u00e1m bude doru\u010den\u00e9 ozn\u00e1menie o konan\u00ed.\u201d<\/em>\u00a0<\/p>\n\n\n\n<p>Umelky\u0148a a \u010dlenka predsedn\u00edctva Dorota Nvotov\u00e1 uzatv\u00e1ra, \u017ee na rozporov\u00e9 konanie p\u00f4jdu Demokrati s d\u00f4kladne pripraven\u00fdmi argumentmi, aby odborne a r\u00e1zne zastupovali po\u017eiadavky verejnosti: <em>\u201e\u010eakujeme \u013eu\u010fom, \u017ee im z\u00e1le\u017e\u00ed. Dobre sa priprav\u00edme, budeme vecn\u00ed a neust\u00fapime z podmienok, pod ktor\u00e9 sa podp\u00edsali stovky \u013eud\u00ed.\u201d<\/em><\/p>\n","protected":false},"excerpt":{"rendered":"<p>Strana Demokrati vo \u0161tvrtok ozn\u00e1mila zber podpisov za hromadn\u00fa pripomienku k z\u00e1konu o RTVS a do dvoch hod\u00edn sa jej podarilo z\u00edska\u0165 dostato\u010dn\u00fd po\u010det. Znamen\u00e1 to, \u017ee \u0160imkovi\u010dovej rezort bude musie\u0165 do rozporov\u00e9ho konania prizva\u0165 z\u00e1stupcov verejnosti. \u201e\u010eakujeme v\u0161etk\u00fdm, ktor\u00ed sa okam\u017eite po na\u0161ej tla\u010dovej konferencii zmobilizovali. \u0160imkovi\u010dovej ministerstvo si nem\u00f4\u017ee robi\u0165 s verejn\u00fdmi in\u0161tit\u00faciami, [&hellip;]<\/p>\n","protected":false},"author":13,"featured_media":3143,"comment_status":"closed","ping_status":"closed","sticky":false,"template":"","format":"standard","meta":{"_acf_changed":false,"ngg_post_thumbnail":0,"footnotes":""},"categories":[4],"tags":[],"class_list":["post-3142","post","type-post","status-publish","format-standard","has-post-thumbnail","hentry","category-tlacove-spravy"],"acf":[],"yoast_head":"<!-- This site is optimized with the Yoast SEO plugin v27.2 - https:\/\/yoast.com\/product\/yoast-seo-wordpress\/ -->\n<title>Demokrati vyzbierali podpisy na hromadn\u00fa pripomienku v rekordom \u010dase - Smedemokrati.sk<\/title>\n<meta name=\"robots\" content=\"index, follow, max-snippet:-1, max-image-preview:large, max-video-preview:-1\" \/>\n<link rel=\"canonical\" href=\"https:\/\/www.smedemokrati.sk\/hu\/demokrati-vyzbierali-podpisy-na-hromadnu-pripomienku-v-rekordom-case\/\" \/>\n<meta property=\"og:locale\" content=\"hu_HU\" \/>\n<meta property=\"og:locale:alternate\" content=\"en_US\" \/>\n<meta property=\"og:locale:alternate\" content=\"cs_CZ\" \/>\n<meta property=\"og:locale:alternate\" content=\"sk_SK\" \/>\n<meta property=\"og:locale:alternate\" content=\"sv_SE\" \/>\n<meta property=\"og:type\" content=\"article\" \/>\n<meta property=\"og:title\" content=\"Demokrati vyzbierali podpisy na hromadn\u00fa pripomienku v rekordom \u010dase - Smedemokrati.sk\" \/>\n<meta property=\"og:description\" content=\"Strana Demokrati vo \u0161tvrtok ozn\u00e1mila zber podpisov za hromadn\u00fa pripomienku k z\u00e1konu o RTVS a do dvoch hod\u00edn sa jej podarilo z\u00edska\u0165 dostato\u010dn\u00fd po\u010det. Znamen\u00e1 to, \u017ee \u0160imkovi\u010dovej rezort bude musie\u0165 do rozporov\u00e9ho konania prizva\u0165 z\u00e1stupcov verejnosti. \u201e\u010eakujeme v\u0161etk\u00fdm, ktor\u00ed sa okam\u017eite po na\u0161ej tla\u010dovej konferencii zmobilizovali. \u0160imkovi\u010dovej ministerstvo si nem\u00f4\u017ee robi\u0165 s verejn\u00fdmi in\u0161tit\u00faciami, [&hellip;]\" \/>\n<meta property=\"og:url\" content=\"https:\/\/www.smedemokrati.sk\/hu\/demokrati-vyzbierali-podpisy-na-hromadnu-pripomienku-v-rekordom-case\/\" \/>\n<meta property=\"og:site_name\" content=\"Smedemokrati.sk\" \/>\n<meta property=\"article:publisher\" content=\"https:\/\/www.facebook.com\/smedemokrati2023\" \/>\n<meta property=\"article:published_time\" content=\"2024-03-14T16:18:15+00:00\" \/>\n<meta property=\"article:modified_time\" content=\"2024-03-18T09:41:48+00:00\" \/>\n<meta property=\"og:image\" content=\"https:\/\/www.smedemokrati.sk\/wp-content\/uploads\/2024\/03\/danko-rtvs.jpg\" \/>\n\t<meta property=\"og:image:width\" content=\"861\" \/>\n\t<meta property=\"og:image:height\" content=\"522\" \/>\n\t<meta property=\"og:image:type\" content=\"image\/jpeg\" \/>\n<meta name=\"author\" content=\"miro.sopko\" \/>\n<meta name=\"twitter:card\" content=\"summary_large_image\" \/>\n<meta name=\"twitter:label1\" content=\"Szerz\u0151:\" \/>\n\t<meta name=\"twitter:data1\" content=\"miro.sopko\" \/>\n\t<meta name=\"twitter:label2\" content=\"Becs\u00fclt olvas\u00e1si id\u0151\" \/>\n\t<meta name=\"twitter:data2\" content=\"2 perc\" \/>\n<script type=\"application\/ld+json\" class=\"yoast-schema-graph\">{\"@context\":\"https:\/\/schema.org\",\"@graph\":[{\"@type\":\"Article\",\"@id\":\"https:\/\/www.smedemokrati.sk\/demokrati-vyzbierali-podpisy-na-hromadnu-pripomienku-v-rekordom-case\/#article\",\"isPartOf\":{\"@id\":\"https:\/\/www.smedemokrati.sk\/demokrati-vyzbierali-podpisy-na-hromadnu-pripomienku-v-rekordom-case\/\"},\"author\":{\"name\":\"miro.sopko\",\"@id\":\"https:\/\/www.smedemokrati.sk\/#\/schema\/person\/21f147c88d605aa7ded900e1e7c344ba\"},\"headline\":\"Demokrati vyzbierali podpisy na hromadn\u00fa pripomienku v rekordom \u010dase\",\"datePublished\":\"2024-03-14T16:18:15+00:00\",\"dateModified\":\"2024-03-18T09:41:48+00:00\",\"mainEntityOfPage\":{\"@id\":\"https:\/\/www.smedemokrati.sk\/demokrati-vyzbierali-podpisy-na-hromadnu-pripomienku-v-rekordom-case\/\"},\"wordCount\":252,\"publisher\":{\"@id\":\"https:\/\/www.smedemokrati.sk\/#organization\"},\"image\":{\"@id\":\"https:\/\/www.smedemokrati.sk\/demokrati-vyzbierali-podpisy-na-hromadnu-pripomienku-v-rekordom-case\/#primaryimage\"},\"thumbnailUrl\":\"https:\/\/www.smedemokrati.sk\/wp-content\/uploads\/2024\/03\/danko-rtvs.jpg\",\"articleSection\":[\"Tla\u010dov\u00e9 spr\u00e1vy\"],\"inLanguage\":\"hu-HU\"},{\"@type\":\"WebPage\",\"@id\":\"https:\/\/www.smedemokrati.sk\/demokrati-vyzbierali-podpisy-na-hromadnu-pripomienku-v-rekordom-case\/\",\"url\":\"https:\/\/www.smedemokrati.sk\/demokrati-vyzbierali-podpisy-na-hromadnu-pripomienku-v-rekordom-case\/\",\"name\":\"Demokrati vyzbierali podpisy na hromadn\u00fa pripomienku v rekordom \u010dase - Smedemokrati.sk\",\"isPartOf\":{\"@id\":\"https:\/\/www.smedemokrati.sk\/#website\"},\"primaryImageOfPage\":{\"@id\":\"https:\/\/www.smedemokrati.sk\/demokrati-vyzbierali-podpisy-na-hromadnu-pripomienku-v-rekordom-case\/#primaryimage\"},\"image\":{\"@id\":\"https:\/\/www.smedemokrati.sk\/demokrati-vyzbierali-podpisy-na-hromadnu-pripomienku-v-rekordom-case\/#primaryimage\"},\"thumbnailUrl\":\"https:\/\/www.smedemokrati.sk\/wp-content\/uploads\/2024\/03\/danko-rtvs.jpg\",\"datePublished\":\"2024-03-14T16:18:15+00:00\",\"dateModified\":\"2024-03-18T09:41:48+00:00\",\"breadcrumb\":{\"@id\":\"https:\/\/www.smedemokrati.sk\/demokrati-vyzbierali-podpisy-na-hromadnu-pripomienku-v-rekordom-case\/#breadcrumb\"},\"inLanguage\":\"hu-HU\",\"potentialAction\":[{\"@type\":\"ReadAction\",\"target\":[\"https:\/\/www.smedemokrati.sk\/demokrati-vyzbierali-podpisy-na-hromadnu-pripomienku-v-rekordom-case\/\"]}]},{\"@type\":\"ImageObject\",\"inLanguage\":\"hu-HU\",\"@id\":\"https:\/\/www.smedemokrati.sk\/demokrati-vyzbierali-podpisy-na-hromadnu-pripomienku-v-rekordom-case\/#primaryimage\",\"url\":\"https:\/\/www.smedemokrati.sk\/wp-content\/uploads\/2024\/03\/danko-rtvs.jpg\",\"contentUrl\":\"https:\/\/www.smedemokrati.sk\/wp-content\/uploads\/2024\/03\/danko-rtvs.jpg\",\"width\":861,\"height\":522},{\"@type\":\"BreadcrumbList\",\"@id\":\"https:\/\/www.smedemokrati.sk\/demokrati-vyzbierali-podpisy-na-hromadnu-pripomienku-v-rekordom-case\/#breadcrumb\",\"itemListElement\":[{\"@type\":\"ListItem\",\"position\":1,\"name\":\"Domovsk\u00e1 str\u00e1nka\",\"item\":\"https:\/\/www.smedemokrati.sk\/\"},{\"@type\":\"ListItem\",\"position\":2,\"name\":\"Demokrati vyzbierali podpisy na hromadn\u00fa pripomienku v rekordom \u010dase\"}]},{\"@type\":\"WebSite\",\"@id\":\"https:\/\/www.smedemokrati.sk\/#website\",\"url\":\"https:\/\/www.smedemokrati.sk\/\",\"name\":\"Smedemokrati.sk\",\"description\":\"Demokracia a slu\u0161nos\u0165 zv\u00ed\u0165az\u00ed\",\"publisher\":{\"@id\":\"https:\/\/www.smedemokrati.sk\/#organization\"},\"potentialAction\":[{\"@type\":\"SearchAction\",\"target\":{\"@type\":\"EntryPoint\",\"urlTemplate\":\"https:\/\/www.smedemokrati.sk\/?s={search_term_string}\"},\"query-input\":{\"@type\":\"PropertyValueSpecification\",\"valueRequired\":true,\"valueName\":\"search_term_string\"}}],\"inLanguage\":\"hu-HU\"},{\"@type\":\"Organization\",\"@id\":\"https:\/\/www.smedemokrati.sk\/#organization\",\"name\":\"Smedemokrati.sk\",\"url\":\"https:\/\/www.smedemokrati.sk\/\",\"logo\":{\"@type\":\"ImageObject\",\"inLanguage\":\"hu-HU\",\"@id\":\"https:\/\/www.smedemokrati.sk\/#\/schema\/logo\/image\/\",\"url\":\"https:\/\/www.smedemokrati.sk\/wp-content\/uploads\/2023\/04\/ff.002.jpeg\",\"contentUrl\":\"https:\/\/www.smedemokrati.sk\/wp-content\/uploads\/2023\/04\/ff.002.jpeg\",\"width\":640,\"height\":480,\"caption\":\"Smedemokrati.sk\"},\"image\":{\"@id\":\"https:\/\/www.smedemokrati.sk\/#\/schema\/logo\/image\/\"},\"sameAs\":[\"https:\/\/www.facebook.com\/smedemokrati2023\"]},{\"@type\":\"Person\",\"@id\":\"https:\/\/www.smedemokrati.sk\/#\/schema\/person\/21f147c88d605aa7ded900e1e7c344ba\",\"name\":\"miro.sopko\",\"image\":{\"@type\":\"ImageObject\",\"inLanguage\":\"hu-HU\",\"@id\":\"https:\/\/secure.gravatar.com\/avatar\/267e4a36f704376c109afe3a78740c1f5dd8675a2180a908699e7863c9247606?s=96&d=mm&r=g\",\"url\":\"https:\/\/secure.gravatar.com\/avatar\/267e4a36f704376c109afe3a78740c1f5dd8675a2180a908699e7863c9247606?s=96&d=mm&r=g\",\"contentUrl\":\"https:\/\/secure.gravatar.com\/avatar\/267e4a36f704376c109afe3a78740c1f5dd8675a2180a908699e7863c9247606?s=96&d=mm&r=g\",\"caption\":\"miro.sopko\"},\"url\":\"https:\/\/www.smedemokrati.sk\/hu\/author\/miro-sopko\/\"}]}<\/script>\n<!-- \/ Yoast SEO plugin. -->","yoast_head_json":{"title":"Demokrati vyzbierali podpisy na hromadn\u00fa pripomienku v rekordom \u010dase - Smedemokrati.sk","robots":{"index":"index","follow":"follow","max-snippet":"max-snippet:-1","max-image-preview":"max-image-preview:large","max-video-preview":"max-video-preview:-1"},"canonical":"https:\/\/www.smedemokrati.sk\/hu\/demokrati-vyzbierali-podpisy-na-hromadnu-pripomienku-v-rekordom-case\/","og_locale":"hu_HU","og_type":"article","og_title":"Demokrati vyzbierali podpisy na hromadn\u00fa pripomienku v rekordom \u010dase - Smedemokrati.sk","og_description":"Strana Demokrati vo \u0161tvrtok ozn\u00e1mila zber podpisov za hromadn\u00fa pripomienku k z\u00e1konu o RTVS a do dvoch hod\u00edn sa jej podarilo z\u00edska\u0165 dostato\u010dn\u00fd po\u010det. Znamen\u00e1 to, \u017ee \u0160imkovi\u010dovej rezort bude musie\u0165 do rozporov\u00e9ho konania prizva\u0165 z\u00e1stupcov verejnosti. \u201e\u010eakujeme v\u0161etk\u00fdm, ktor\u00ed sa okam\u017eite po na\u0161ej tla\u010dovej konferencii zmobilizovali. \u0160imkovi\u010dovej ministerstvo si nem\u00f4\u017ee robi\u0165 s verejn\u00fdmi in\u0161tit\u00faciami, [&hellip;]","og_url":"https:\/\/www.smedemokrati.sk\/hu\/demokrati-vyzbierali-podpisy-na-hromadnu-pripomienku-v-rekordom-case\/","og_site_name":"Smedemokrati.sk","article_publisher":"https:\/\/www.facebook.com\/smedemokrati2023","article_published_time":"2024-03-14T16:18:15+00:00","article_modified_time":"2024-03-18T09:41:48+00:00","og_image":[{"width":861,"height":522,"url":"https:\/\/www.smedemokrati.sk\/wp-content\/uploads\/2024\/03\/danko-rtvs.jpg","type":"image\/jpeg"}],"author":"miro.sopko","twitter_card":"summary_large_image","twitter_misc":{"Szerz\u0151:":"miro.sopko","Becs\u00fclt olvas\u00e1si id\u0151":"2 perc"},"schema":{"@context":"https:\/\/schema.org","@graph":[{"@type":"Article","@id":"https:\/\/www.smedemokrati.sk\/demokrati-vyzbierali-podpisy-na-hromadnu-pripomienku-v-rekordom-case\/#article","isPartOf":{"@id":"https:\/\/www.smedemokrati.sk\/demokrati-vyzbierali-podpisy-na-hromadnu-pripomienku-v-rekordom-case\/"},"author":{"name":"miro.sopko","@id":"https:\/\/www.smedemokrati.sk\/#\/schema\/person\/21f147c88d605aa7ded900e1e7c344ba"},"headline":"Demokrati vyzbierali podpisy na hromadn\u00fa pripomienku v rekordom \u010dase","datePublished":"2024-03-14T16:18:15+00:00","dateModified":"2024-03-18T09:41:48+00:00","mainEntityOfPage":{"@id":"https:\/\/www.smedemokrati.sk\/demokrati-vyzbierali-podpisy-na-hromadnu-pripomienku-v-rekordom-case\/"},"wordCount":252,"publisher":{"@id":"https:\/\/www.smedemokrati.sk\/#organization"},"image":{"@id":"https:\/\/www.smedemokrati.sk\/demokrati-vyzbierali-podpisy-na-hromadnu-pripomienku-v-rekordom-case\/#primaryimage"},"thumbnailUrl":"https:\/\/www.smedemokrati.sk\/wp-content\/uploads\/2024\/03\/danko-rtvs.jpg","articleSection":["Tla\u010dov\u00e9 spr\u00e1vy"],"inLanguage":"hu-HU"},{"@type":"WebPage","@id":"https:\/\/www.smedemokrati.sk\/demokrati-vyzbierali-podpisy-na-hromadnu-pripomienku-v-rekordom-case\/","url":"https:\/\/www.smedemokrati.sk\/demokrati-vyzbierali-podpisy-na-hromadnu-pripomienku-v-rekordom-case\/","name":"Demokrati vyzbierali podpisy na hromadn\u00fa pripomienku v rekordom \u010dase - Smedemokrati.sk","isPartOf":{"@id":"https:\/\/www.smedemokrati.sk\/#website"},"primaryImageOfPage":{"@id":"https:\/\/www.smedemokrati.sk\/demokrati-vyzbierali-podpisy-na-hromadnu-pripomienku-v-rekordom-case\/#primaryimage"},"image":{"@id":"https:\/\/www.smedemokrati.sk\/demokrati-vyzbierali-podpisy-na-hromadnu-pripomienku-v-rekordom-case\/#primaryimage"},"thumbnailUrl":"https:\/\/www.smedemokrati.sk\/wp-content\/uploads\/2024\/03\/danko-rtvs.jpg","datePublished":"2024-03-14T16:18:15+00:00","dateModified":"2024-03-18T09:41:48+00:00","breadcrumb":{"@id":"https:\/\/www.smedemokrati.sk\/demokrati-vyzbierali-podpisy-na-hromadnu-pripomienku-v-rekordom-case\/#breadcrumb"},"inLanguage":"hu-HU","potentialAction":[{"@type":"ReadAction","target":["https:\/\/www.smedemokrati.sk\/demokrati-vyzbierali-podpisy-na-hromadnu-pripomienku-v-rekordom-case\/"]}]},{"@type":"ImageObject","inLanguage":"hu-HU","@id":"https:\/\/www.smedemokrati.sk\/demokrati-vyzbierali-podpisy-na-hromadnu-pripomienku-v-rekordom-case\/#primaryimage","url":"https:\/\/www.smedemokrati.sk\/wp-content\/uploads\/2024\/03\/danko-rtvs.jpg","contentUrl":"https:\/\/www.smedemokrati.sk\/wp-content\/uploads\/2024\/03\/danko-rtvs.jpg","width":861,"height":522},{"@type":"BreadcrumbList","@id":"https:\/\/www.smedemokrati.sk\/demokrati-vyzbierali-podpisy-na-hromadnu-pripomienku-v-rekordom-case\/#breadcrumb","itemListElement":[{"@type":"ListItem","position":1,"name":"Domovsk\u00e1 str\u00e1nka","item":"https:\/\/www.smedemokrati.sk\/"},{"@type":"ListItem","position":2,"name":"Demokrati vyzbierali podpisy na hromadn\u00fa pripomienku v rekordom \u010dase"}]},{"@type":"WebSite","@id":"https:\/\/www.smedemokrati.sk\/#website","url":"https:\/\/www.smedemokrati.sk\/","name":"Smedemokrati.sk","description":"Demokracia a slu\u0161nos\u0165 zv\u00ed\u0165az\u00ed","publisher":{"@id":"https:\/\/www.smedemokrati.sk\/#organization"},"potentialAction":[{"@type":"SearchAction","target":{"@type":"EntryPoint","urlTemplate":"https:\/\/www.smedemokrati.sk\/?s={search_term_string}"},"query-input":{"@type":"PropertyValueSpecification","valueRequired":true,"valueName":"search_term_string"}}],"inLanguage":"hu-HU"},{"@type":"Organization","@id":"https:\/\/www.smedemokrati.sk\/#organization","name":"Smedemokrati.sk","url":"https:\/\/www.smedemokrati.sk\/","logo":{"@type":"ImageObject","inLanguage":"hu-HU","@id":"https:\/\/www.smedemokrati.sk\/#\/schema\/logo\/image\/","url":"https:\/\/www.smedemokrati.sk\/wp-content\/uploads\/2023\/04\/ff.002.jpeg","contentUrl":"https:\/\/www.smedemokrati.sk\/wp-content\/uploads\/2023\/04\/ff.002.jpeg","width":640,"height":480,"caption":"Smedemokrati.sk"},"image":{"@id":"https:\/\/www.smedemokrati.sk\/#\/schema\/logo\/image\/"},"sameAs":["https:\/\/www.facebook.com\/smedemokrati2023"]},{"@type":"Person","@id":"https:\/\/www.smedemokrati.sk\/#\/schema\/person\/21f147c88d605aa7ded900e1e7c344ba","name":"miro.sopko","image":{"@type":"ImageObject","inLanguage":"hu-HU","@id":"https:\/\/secure.gravatar.com\/avatar\/267e4a36f704376c109afe3a78740c1f5dd8675a2180a908699e7863c9247606?s=96&d=mm&r=g","url":"https:\/\/secure.gravatar.com\/avatar\/267e4a36f704376c109afe3a78740c1f5dd8675a2180a908699e7863c9247606?s=96&d=mm&r=g","contentUrl":"https:\/\/secure.gravatar.com\/avatar\/267e4a36f704376c109afe3a78740c1f5dd8675a2180a908699e7863c9247606?s=96&d=mm&r=g","caption":"miro.sopko"},"url":"https:\/\/www.smedemokrati.sk\/hu\/author\/miro-sopko\/"}]}},"_links":{"self":[{"href":"https:\/\/www.smedemokrati.sk\/hu\/wp-json\/wp\/v2\/posts\/3142","targetHints":{"allow":["GET"]}}],"collection":[{"href":"https:\/\/www.smedemokrati.sk\/hu\/wp-json\/wp\/v2\/posts"}],"about":[{"href":"https:\/\/www.smedemokrati.sk\/hu\/wp-json\/wp\/v2\/types\/post"}],"author":[{"embeddable":true,"href":"https:\/\/www.smedemokrati.sk\/hu\/wp-json\/wp\/v2\/users\/13"}],"replies":[{"embeddable":true,"href":"https:\/\/www.smedemokrati.sk\/hu\/wp-json\/wp\/v2\/comments?post=3142"}],"version-history":[{"count":1,"href":"https:\/\/www.smedemokrati.sk\/hu\/wp-json\/wp\/v2\/posts\/3142\/revisions"}],"predecessor-version":[{"id":3144,"href":"https:\/\/www.smedemokrati.sk\/hu\/wp-json\/wp\/v2\/posts\/3142\/revisions\/3144"}],"wp:featuredmedia":[{"embeddable":true,"href":"https:\/\/www.smedemokrati.sk\/hu\/wp-json\/wp\/v2\/media\/3143"}],"wp:attachment":[{"href":"https:\/\/www.smedemokrati.sk\/hu\/wp-json\/wp\/v2\/media?parent=3142"}],"wp:term":[{"taxonomy":"category","embeddable":true,"href":"https:\/\/www.smedemokrati.sk\/hu\/wp-json\/wp\/v2\/categories?post=3142"},{"taxonomy":"post_tag","embeddable":true,"href":"https:\/\/www.smedemokrati.sk\/hu\/wp-json\/wp\/v2\/tags?post=3142"}],"curies":[{"name":"wp","href":"https:\/\/api.w.org\/{rel}","templated":true}]}}