{"id":3137,"date":"2024-03-14T14:12:50","date_gmt":"2024-03-14T13:12:50","guid":{"rendered":"https:\/\/www.smedemokrati.sk\/?p=3137"},"modified":"2024-03-18T10:41:54","modified_gmt":"2024-03-18T09:41:54","slug":"ak-toto-ludia-podpisu-simkovicova-musi-o-navrhu-k-rtvs-rokovat","status":"publish","type":"post","link":"https:\/\/www.smedemokrati.sk\/hu\/ak-toto-ludia-podpisu-simkovicova-musi-o-navrhu-k-rtvs-rokovat\/","title":{"rendered":"Ak toto \u013eudia podp\u00ed\u0161u, \u0160imkovi\u010dov\u00e1 mus\u00ed o n\u00e1vrhu k RTVS rokova\u0165"},"content":{"rendered":"<div id=\"fb-root\"><\/div>\n\n<p><em>Demokrati iniciuj\u00fa hromadn\u00fa pripomienku k z\u00e1konu o Slovenskom rozhlase a telev\u00edzii. Jej cie\u013eom je stiahnutie z\u00e1kona \u010di zachovanie funk\u010dn\u00e9ho obdobia s\u00fa\u010dasn\u00e9ho vedenia. Ak pripomienku svoj\u00edm podpisom podpor\u00ed aspo\u0148 500 ob\u010danov, predkladate\u013e n\u00e1vrhu, v tomto pr\u00edpade ministerstvo kult\u00fary, je povinn\u00e9 so z\u00e1stupcami verejnosti rokova\u0165 v tzv. rozporovom konan\u00ed.<\/em><\/p>\n\n\n\n<p>Demokrati vy\u010d\u00edtaj\u00fa vl\u00e1de, \u017ee okrem \u0161kodliv\u00e9ho z\u00e1meru absol\u00fatne spolitizova\u0165 verejn\u00fa in\u0161tit\u00faciu, neprebehla k t\u00e9me \u017eiadna odborn\u00e1 diskusia, n\u00e1vrhu ch\u00fdbaj\u00fa argumenty a ministerka kult\u00fary utek\u00e1 pred ot\u00e1zkami verejnosti a novin\u00e1rov:\u00a0<em><em><em>\u201e<\/em><\/em>Ako b\u00fdval\u00fd\u00a0predseda V\u00fdboru NR SR pre kult\u00faru a m\u00e9di\u00e1, sa nem\u00f4\u017eem zmieri\u0165 nielen s obsahom z\u00e1kona, ale aj s formou, akou je n\u00e1vrh predkladan\u00fd. Ministerke \u0160imkovi\u010dovej zachutila moc nato\u013eko, \u017ee nem\u00e1 potrebu nikomu riadne vysvet\u013eova\u0165 ni\u010div\u00e9 zmeny, ktor\u00fdch v\u00fdsledkom bude, \u017ee z verejnopr\u00e1vnej a nez\u00e1vislej in\u0161tit\u00facie bude n\u00e1stroj koali\u010dnej propagandy. Videli sme to aj na tla\u010dovej konferencii kde namiesto argumentov sa \u0160imkovi\u010dov\u00e1, Taraba a Danko vybrali cestou \u00fatokov na novin\u00e1rov, ur\u00e1\u017eok a balastu namiesto faktov,\u201d<\/em>\u00a0hovor\u00ed Kristi\u00e1n \u010cekovsk\u00fd, ktor\u00fd je z\u00e1rove\u0148 b\u00fdval\u00fd novin\u00e1r RTVS. Z\u00e1rove\u0148 dod\u00e1va, \u017ee Demokrati u\u017e v ostatn\u00fdch d\u0148och listom upozornili viceprezidentku Eur\u00f3pskej komisie V\u011bru Jourov\u00fa na pripravovan\u00e9 zmeny.\u00a0<\/p>\n\n\n\n<p>Proti pripravovan\u00fdm zmen\u00e1m sa u\u017e zdvihla vlna odporu. V\u00fdhrady m\u00e1 nielen opoz\u00edcia, ale aj medzin\u00e1rodn\u00e9 novin\u00e1rske organiz\u00e1cie, mimovl\u00e1dny sektor, riaditelia \u010ceskej telev\u00edzie a \u010cesk\u00e9ho rozhlasu a&nbsp;eur\u00f3pski l\u00eddri. Za pozornos\u0165 stoj\u00ed, \u017ee proti z\u00e1meru vl\u00e1dy stoj\u00ed u\u017e vy\u0161e 800 zamestnancov RTVS.&nbsp;\u201eStiahnite tento n\u00e1vrh!\u201c vyzval ministerku kult\u00fary Kristi\u00e1n \u010cekovsk\u00fd.<\/p>\n\n\n\n<p>Hromadn\u00fa pripomienku form\u00e1lne pripravil advok\u00e1t a \u010dlen predsedn\u00edctva Michal Ki\u010da:\u00a0<em><em><em>\u201e<\/em><\/em>Hromadnou pripomienkou \u017eiadame stiahnu\u0165 z\u00e1kon, zachova\u0165 verejnopr\u00e1vnu povahy vysielate\u013ea, zachova\u0165 funk\u010dn\u00e9ho obdobia s\u00fa\u010dasn\u00e9ho vedenia \u010di vypusti\u0165 in\u0161tit\u00fatu Programovej rady, ktor\u00e1 by mala pod\u013ea n\u00e1vrhu postavenie cenzorsk\u00e9ho politick\u00e9ho org\u00e1nu.\u201d<\/em>\u00a0Hovor\u00ed Ki\u010da a dod\u00e1va, \u017ee podpisom pod pripomienku m\u00f4\u017ee verejnos\u0165 r\u00fdchlym a efekt\u00edvnym sp\u00f4sobom vyjadri\u0165 svoj nes\u00fahlas a delegova\u0165 svojho z\u00e1stupcu na rozporov\u00e9 konania.<\/p>\n\n\n\n<p>\u010clenka predsedn\u00edctva Dorota Nvotov\u00e1 nazna\u010duje, \u017ee n\u00e1vrh je v \u010dase, ke\u010f Eur\u00f3pska \u00fania schv\u00e1lila nov\u00fd z\u00e1kon na ochranu novin\u00e1rov a m\u00e9di\u00ed pred politick\u00fdmi z\u00e1sahmi, probl\u00e9mov\u00fd aj v medzin\u00e1rodnom kontexte:\u00a0<em><em><em>\u201e<\/em><\/em>Eur\u00f3psky pr\u00e1vny predpis, za ktor\u00fd upozor\u0148uje, hlasovala tento t\u00fd\u017ede\u0148 v Eur\u00f3pskom parlamente aj Monika Be\u0148ov\u00e1 zo SMERu, podporuje nez\u00e1vislos\u0165 a apolitickos\u0165 m\u00e9di\u00ed. Naproti tomu vl\u00e1da pripravila n\u00e1vrh, ktor\u00fd n\u00e1s odkl\u00e1\u0148a od eur\u00f3pskeho demokratick\u00e9ho spolo\u010denstva a ktor\u00e9ho d\u00f4sledky bud\u00fa pre slobodu, objektivitu a nez\u00e1vislos\u0165 m\u00e9di\u00ed tragick\u00e9. Som presved\u010den\u00e1, \u017ee Eur\u00f3pska komisia vo\u010di tomuto neostane \u013eahostajn\u00e1.\u201d\u00a0<\/em><\/p>\n\n\n\n<p><em><strong>Hromadn\u00fa pripomienku m\u00f4\u017eu ob\u010dania podp\u00edsa\u0165 na tomto linku:<\/strong><\/em><\/p>\n\n\n\n<p><a href=\"https:\/\/www.peticie.com\/zachrame_rtvs_-_hromadna_pripomienka_k_navrhu_zakona_o_slovenskej_televizii_a_rozhlase\">https:\/\/www.peticie.com\/zachrame_rtvs_-_hromadna_pripomienka_k_navrhu_zakona_o_slovenskej_televizii_a_rozhlase<\/a><\/p>\n\n\n\n<p><em>Link na tla\u010dov\u00fa konferenciu:<\/em><\/p>\n\n\n\n<figure class=\"wp-block-embed is-type-video is-provider-youtube wp-block-embed-youtube wp-embed-aspect-16-9 wp-has-aspect-ratio\"><div class=\"wp-block-embed__wrapper\">\n<iframe title=\"\ud83d\udd34Live: Ke\u010f toto \u013eudia podp\u00ed\u0161u, \u0160imkovicov\u00e1 mus\u00ed rokova\u0165\" width=\"500\" height=\"281\" src=\"https:\/\/www.youtube.com\/embed\/ggpx232NXQ0?feature=oembed\" frameborder=\"0\" allow=\"accelerometer; autoplay; clipboard-write; encrypted-media; gyroscope; picture-in-picture; web-share\" referrerpolicy=\"strict-origin-when-cross-origin\" allowfullscreen><\/iframe>\n<\/div><\/figure>\n","protected":false},"excerpt":{"rendered":"<p>Demokrati iniciuj\u00fa hromadn\u00fa pripomienku k z\u00e1konu o Slovenskom rozhlase a telev\u00edzii. Jej cie\u013eom je stiahnutie z\u00e1kona \u010di zachovanie funk\u010dn\u00e9ho obdobia s\u00fa\u010dasn\u00e9ho vedenia. Ak pripomienku svoj\u00edm podpisom podpor\u00ed aspo\u0148 500 ob\u010danov, predkladate\u013e n\u00e1vrhu, v tomto pr\u00edpade ministerstvo kult\u00fary, je povinn\u00e9 so z\u00e1stupcami verejnosti rokova\u0165 v tzv. rozporovom konan\u00ed. Demokrati vy\u010d\u00edtaj\u00fa vl\u00e1de, \u017ee okrem \u0161kodliv\u00e9ho z\u00e1meru absol\u00fatne [&hellip;]<\/p>\n","protected":false},"author":13,"featured_media":3138,"comment_status":"closed","ping_status":"closed","sticky":false,"template":"","format":"standard","meta":{"_acf_changed":false,"ngg_post_thumbnail":0,"footnotes":""},"categories":[4],"tags":[],"class_list":["post-3137","post","type-post","status-publish","format-standard","has-post-thumbnail","hentry","category-tlacove-spravy"],"acf":[],"yoast_head":"<!-- This site is optimized with the Yoast SEO plugin v27.2 - https:\/\/yoast.com\/product\/yoast-seo-wordpress\/ -->\n<title>Ak toto \u013eudia podp\u00ed\u0161u, \u0160imkovi\u010dov\u00e1 mus\u00ed o n\u00e1vrhu k RTVS rokova\u0165 - Smedemokrati.sk<\/title>\n<meta name=\"robots\" content=\"index, follow, max-snippet:-1, max-image-preview:large, max-video-preview:-1\" \/>\n<link rel=\"canonical\" href=\"https:\/\/www.smedemokrati.sk\/hu\/ak-toto-ludia-podpisu-simkovicova-musi-o-navrhu-k-rtvs-rokovat\/\" \/>\n<meta property=\"og:locale\" content=\"hu_HU\" \/>\n<meta property=\"og:locale:alternate\" content=\"en_US\" \/>\n<meta property=\"og:locale:alternate\" content=\"cs_CZ\" \/>\n<meta property=\"og:locale:alternate\" content=\"sk_SK\" \/>\n<meta property=\"og:locale:alternate\" content=\"sv_SE\" \/>\n<meta property=\"og:type\" content=\"article\" \/>\n<meta property=\"og:title\" content=\"Ak toto \u013eudia podp\u00ed\u0161u, \u0160imkovi\u010dov\u00e1 mus\u00ed o n\u00e1vrhu k RTVS rokova\u0165 - Smedemokrati.sk\" \/>\n<meta property=\"og:description\" content=\"Demokrati iniciuj\u00fa hromadn\u00fa pripomienku k z\u00e1konu o Slovenskom rozhlase a telev\u00edzii. Jej cie\u013eom je stiahnutie z\u00e1kona \u010di zachovanie funk\u010dn\u00e9ho obdobia s\u00fa\u010dasn\u00e9ho vedenia. Ak pripomienku svoj\u00edm podpisom podpor\u00ed aspo\u0148 500 ob\u010danov, predkladate\u013e n\u00e1vrhu, v tomto pr\u00edpade ministerstvo kult\u00fary, je povinn\u00e9 so z\u00e1stupcami verejnosti rokova\u0165 v tzv. rozporovom konan\u00ed. Demokrati vy\u010d\u00edtaj\u00fa vl\u00e1de, \u017ee okrem \u0161kodliv\u00e9ho z\u00e1meru absol\u00fatne [&hellip;]\" \/>\n<meta property=\"og:url\" content=\"https:\/\/www.smedemokrati.sk\/hu\/ak-toto-ludia-podpisu-simkovicova-musi-o-navrhu-k-rtvs-rokovat\/\" \/>\n<meta property=\"og:site_name\" content=\"Smedemokrati.sk\" \/>\n<meta property=\"article:publisher\" content=\"https:\/\/www.facebook.com\/smedemokrati2023\" \/>\n<meta property=\"article:published_time\" content=\"2024-03-14T13:12:50+00:00\" \/>\n<meta property=\"article:modified_time\" content=\"2024-03-18T09:41:54+00:00\" \/>\n<meta property=\"og:image\" content=\"https:\/\/www.smedemokrati.sk\/wp-content\/uploads\/2024\/03\/rtvs-pomoc.jpg\" \/>\n\t<meta property=\"og:image:width\" content=\"666\" \/>\n\t<meta property=\"og:image:height\" content=\"444\" \/>\n\t<meta property=\"og:image:type\" content=\"image\/jpeg\" \/>\n<meta name=\"author\" content=\"miro.sopko\" \/>\n<meta name=\"twitter:card\" content=\"summary_large_image\" \/>\n<meta name=\"twitter:label1\" content=\"Szerz\u0151:\" \/>\n\t<meta name=\"twitter:data1\" content=\"miro.sopko\" \/>\n\t<meta name=\"twitter:label2\" content=\"Becs\u00fclt olvas\u00e1si id\u0151\" \/>\n\t<meta name=\"twitter:data2\" content=\"3 perc\" \/>\n<script type=\"application\/ld+json\" class=\"yoast-schema-graph\">{\"@context\":\"https:\/\/schema.org\",\"@graph\":[{\"@type\":\"Article\",\"@id\":\"https:\/\/www.smedemokrati.sk\/ak-toto-ludia-podpisu-simkovicova-musi-o-navrhu-k-rtvs-rokovat\/#article\",\"isPartOf\":{\"@id\":\"https:\/\/www.smedemokrati.sk\/ak-toto-ludia-podpisu-simkovicova-musi-o-navrhu-k-rtvs-rokovat\/\"},\"author\":{\"name\":\"miro.sopko\",\"@id\":\"https:\/\/www.smedemokrati.sk\/#\/schema\/person\/21f147c88d605aa7ded900e1e7c344ba\"},\"headline\":\"Ak toto \u013eudia podp\u00ed\u0161u, \u0160imkovi\u010dov\u00e1 mus\u00ed o n\u00e1vrhu k RTVS rokova\u0165\",\"datePublished\":\"2024-03-14T13:12:50+00:00\",\"dateModified\":\"2024-03-18T09:41:54+00:00\",\"mainEntityOfPage\":{\"@id\":\"https:\/\/www.smedemokrati.sk\/ak-toto-ludia-podpisu-simkovicova-musi-o-navrhu-k-rtvs-rokovat\/\"},\"wordCount\":566,\"publisher\":{\"@id\":\"https:\/\/www.smedemokrati.sk\/#organization\"},\"image\":{\"@id\":\"https:\/\/www.smedemokrati.sk\/ak-toto-ludia-podpisu-simkovicova-musi-o-navrhu-k-rtvs-rokovat\/#primaryimage\"},\"thumbnailUrl\":\"https:\/\/www.smedemokrati.sk\/wp-content\/uploads\/2024\/03\/rtvs-pomoc.jpg\",\"articleSection\":[\"Tla\u010dov\u00e9 spr\u00e1vy\"],\"inLanguage\":\"hu-HU\"},{\"@type\":\"WebPage\",\"@id\":\"https:\/\/www.smedemokrati.sk\/ak-toto-ludia-podpisu-simkovicova-musi-o-navrhu-k-rtvs-rokovat\/\",\"url\":\"https:\/\/www.smedemokrati.sk\/ak-toto-ludia-podpisu-simkovicova-musi-o-navrhu-k-rtvs-rokovat\/\",\"name\":\"Ak toto \u013eudia podp\u00ed\u0161u, \u0160imkovi\u010dov\u00e1 mus\u00ed o n\u00e1vrhu k RTVS rokova\u0165 - Smedemokrati.sk\",\"isPartOf\":{\"@id\":\"https:\/\/www.smedemokrati.sk\/#website\"},\"primaryImageOfPage\":{\"@id\":\"https:\/\/www.smedemokrati.sk\/ak-toto-ludia-podpisu-simkovicova-musi-o-navrhu-k-rtvs-rokovat\/#primaryimage\"},\"image\":{\"@id\":\"https:\/\/www.smedemokrati.sk\/ak-toto-ludia-podpisu-simkovicova-musi-o-navrhu-k-rtvs-rokovat\/#primaryimage\"},\"thumbnailUrl\":\"https:\/\/www.smedemokrati.sk\/wp-content\/uploads\/2024\/03\/rtvs-pomoc.jpg\",\"datePublished\":\"2024-03-14T13:12:50+00:00\",\"dateModified\":\"2024-03-18T09:41:54+00:00\",\"breadcrumb\":{\"@id\":\"https:\/\/www.smedemokrati.sk\/ak-toto-ludia-podpisu-simkovicova-musi-o-navrhu-k-rtvs-rokovat\/#breadcrumb\"},\"inLanguage\":\"hu-HU\",\"potentialAction\":[{\"@type\":\"ReadAction\",\"target\":[\"https:\/\/www.smedemokrati.sk\/ak-toto-ludia-podpisu-simkovicova-musi-o-navrhu-k-rtvs-rokovat\/\"]}]},{\"@type\":\"ImageObject\",\"inLanguage\":\"hu-HU\",\"@id\":\"https:\/\/www.smedemokrati.sk\/ak-toto-ludia-podpisu-simkovicova-musi-o-navrhu-k-rtvs-rokovat\/#primaryimage\",\"url\":\"https:\/\/www.smedemokrati.sk\/wp-content\/uploads\/2024\/03\/rtvs-pomoc.jpg\",\"contentUrl\":\"https:\/\/www.smedemokrati.sk\/wp-content\/uploads\/2024\/03\/rtvs-pomoc.jpg\",\"width\":666,\"height\":444},{\"@type\":\"BreadcrumbList\",\"@id\":\"https:\/\/www.smedemokrati.sk\/ak-toto-ludia-podpisu-simkovicova-musi-o-navrhu-k-rtvs-rokovat\/#breadcrumb\",\"itemListElement\":[{\"@type\":\"ListItem\",\"position\":1,\"name\":\"Domovsk\u00e1 str\u00e1nka\",\"item\":\"https:\/\/www.smedemokrati.sk\/\"},{\"@type\":\"ListItem\",\"position\":2,\"name\":\"Ak toto \u013eudia podp\u00ed\u0161u, \u0160imkovi\u010dov\u00e1 mus\u00ed o n\u00e1vrhu k RTVS rokova\u0165\"}]},{\"@type\":\"WebSite\",\"@id\":\"https:\/\/www.smedemokrati.sk\/#website\",\"url\":\"https:\/\/www.smedemokrati.sk\/\",\"name\":\"Smedemokrati.sk\",\"description\":\"Demokracia a slu\u0161nos\u0165 zv\u00ed\u0165az\u00ed\",\"publisher\":{\"@id\":\"https:\/\/www.smedemokrati.sk\/#organization\"},\"potentialAction\":[{\"@type\":\"SearchAction\",\"target\":{\"@type\":\"EntryPoint\",\"urlTemplate\":\"https:\/\/www.smedemokrati.sk\/?s={search_term_string}\"},\"query-input\":{\"@type\":\"PropertyValueSpecification\",\"valueRequired\":true,\"valueName\":\"search_term_string\"}}],\"inLanguage\":\"hu-HU\"},{\"@type\":\"Organization\",\"@id\":\"https:\/\/www.smedemokrati.sk\/#organization\",\"name\":\"Smedemokrati.sk\",\"url\":\"https:\/\/www.smedemokrati.sk\/\",\"logo\":{\"@type\":\"ImageObject\",\"inLanguage\":\"hu-HU\",\"@id\":\"https:\/\/www.smedemokrati.sk\/#\/schema\/logo\/image\/\",\"url\":\"https:\/\/www.smedemokrati.sk\/wp-content\/uploads\/2023\/04\/ff.002.jpeg\",\"contentUrl\":\"https:\/\/www.smedemokrati.sk\/wp-content\/uploads\/2023\/04\/ff.002.jpeg\",\"width\":640,\"height\":480,\"caption\":\"Smedemokrati.sk\"},\"image\":{\"@id\":\"https:\/\/www.smedemokrati.sk\/#\/schema\/logo\/image\/\"},\"sameAs\":[\"https:\/\/www.facebook.com\/smedemokrati2023\"]},{\"@type\":\"Person\",\"@id\":\"https:\/\/www.smedemokrati.sk\/#\/schema\/person\/21f147c88d605aa7ded900e1e7c344ba\",\"name\":\"miro.sopko\",\"image\":{\"@type\":\"ImageObject\",\"inLanguage\":\"hu-HU\",\"@id\":\"https:\/\/secure.gravatar.com\/avatar\/267e4a36f704376c109afe3a78740c1f5dd8675a2180a908699e7863c9247606?s=96&d=mm&r=g\",\"url\":\"https:\/\/secure.gravatar.com\/avatar\/267e4a36f704376c109afe3a78740c1f5dd8675a2180a908699e7863c9247606?s=96&d=mm&r=g\",\"contentUrl\":\"https:\/\/secure.gravatar.com\/avatar\/267e4a36f704376c109afe3a78740c1f5dd8675a2180a908699e7863c9247606?s=96&d=mm&r=g\",\"caption\":\"miro.sopko\"},\"url\":\"https:\/\/www.smedemokrati.sk\/hu\/author\/miro-sopko\/\"}]}<\/script>\n<!-- \/ Yoast SEO plugin. -->","yoast_head_json":{"title":"Ak toto \u013eudia podp\u00ed\u0161u, \u0160imkovi\u010dov\u00e1 mus\u00ed o n\u00e1vrhu k RTVS rokova\u0165 - Smedemokrati.sk","robots":{"index":"index","follow":"follow","max-snippet":"max-snippet:-1","max-image-preview":"max-image-preview:large","max-video-preview":"max-video-preview:-1"},"canonical":"https:\/\/www.smedemokrati.sk\/hu\/ak-toto-ludia-podpisu-simkovicova-musi-o-navrhu-k-rtvs-rokovat\/","og_locale":"hu_HU","og_type":"article","og_title":"Ak toto \u013eudia podp\u00ed\u0161u, \u0160imkovi\u010dov\u00e1 mus\u00ed o n\u00e1vrhu k RTVS rokova\u0165 - Smedemokrati.sk","og_description":"Demokrati iniciuj\u00fa hromadn\u00fa pripomienku k z\u00e1konu o Slovenskom rozhlase a telev\u00edzii. Jej cie\u013eom je stiahnutie z\u00e1kona \u010di zachovanie funk\u010dn\u00e9ho obdobia s\u00fa\u010dasn\u00e9ho vedenia. Ak pripomienku svoj\u00edm podpisom podpor\u00ed aspo\u0148 500 ob\u010danov, predkladate\u013e n\u00e1vrhu, v tomto pr\u00edpade ministerstvo kult\u00fary, je povinn\u00e9 so z\u00e1stupcami verejnosti rokova\u0165 v tzv. rozporovom konan\u00ed. Demokrati vy\u010d\u00edtaj\u00fa vl\u00e1de, \u017ee okrem \u0161kodliv\u00e9ho z\u00e1meru absol\u00fatne [&hellip;]","og_url":"https:\/\/www.smedemokrati.sk\/hu\/ak-toto-ludia-podpisu-simkovicova-musi-o-navrhu-k-rtvs-rokovat\/","og_site_name":"Smedemokrati.sk","article_publisher":"https:\/\/www.facebook.com\/smedemokrati2023","article_published_time":"2024-03-14T13:12:50+00:00","article_modified_time":"2024-03-18T09:41:54+00:00","og_image":[{"width":666,"height":444,"url":"https:\/\/www.smedemokrati.sk\/wp-content\/uploads\/2024\/03\/rtvs-pomoc.jpg","type":"image\/jpeg"}],"author":"miro.sopko","twitter_card":"summary_large_image","twitter_misc":{"Szerz\u0151:":"miro.sopko","Becs\u00fclt olvas\u00e1si id\u0151":"3 perc"},"schema":{"@context":"https:\/\/schema.org","@graph":[{"@type":"Article","@id":"https:\/\/www.smedemokrati.sk\/ak-toto-ludia-podpisu-simkovicova-musi-o-navrhu-k-rtvs-rokovat\/#article","isPartOf":{"@id":"https:\/\/www.smedemokrati.sk\/ak-toto-ludia-podpisu-simkovicova-musi-o-navrhu-k-rtvs-rokovat\/"},"author":{"name":"miro.sopko","@id":"https:\/\/www.smedemokrati.sk\/#\/schema\/person\/21f147c88d605aa7ded900e1e7c344ba"},"headline":"Ak toto \u013eudia podp\u00ed\u0161u, \u0160imkovi\u010dov\u00e1 mus\u00ed o n\u00e1vrhu k RTVS rokova\u0165","datePublished":"2024-03-14T13:12:50+00:00","dateModified":"2024-03-18T09:41:54+00:00","mainEntityOfPage":{"@id":"https:\/\/www.smedemokrati.sk\/ak-toto-ludia-podpisu-simkovicova-musi-o-navrhu-k-rtvs-rokovat\/"},"wordCount":566,"publisher":{"@id":"https:\/\/www.smedemokrati.sk\/#organization"},"image":{"@id":"https:\/\/www.smedemokrati.sk\/ak-toto-ludia-podpisu-simkovicova-musi-o-navrhu-k-rtvs-rokovat\/#primaryimage"},"thumbnailUrl":"https:\/\/www.smedemokrati.sk\/wp-content\/uploads\/2024\/03\/rtvs-pomoc.jpg","articleSection":["Tla\u010dov\u00e9 spr\u00e1vy"],"inLanguage":"hu-HU"},{"@type":"WebPage","@id":"https:\/\/www.smedemokrati.sk\/ak-toto-ludia-podpisu-simkovicova-musi-o-navrhu-k-rtvs-rokovat\/","url":"https:\/\/www.smedemokrati.sk\/ak-toto-ludia-podpisu-simkovicova-musi-o-navrhu-k-rtvs-rokovat\/","name":"Ak toto \u013eudia podp\u00ed\u0161u, \u0160imkovi\u010dov\u00e1 mus\u00ed o n\u00e1vrhu k RTVS rokova\u0165 - Smedemokrati.sk","isPartOf":{"@id":"https:\/\/www.smedemokrati.sk\/#website"},"primaryImageOfPage":{"@id":"https:\/\/www.smedemokrati.sk\/ak-toto-ludia-podpisu-simkovicova-musi-o-navrhu-k-rtvs-rokovat\/#primaryimage"},"image":{"@id":"https:\/\/www.smedemokrati.sk\/ak-toto-ludia-podpisu-simkovicova-musi-o-navrhu-k-rtvs-rokovat\/#primaryimage"},"thumbnailUrl":"https:\/\/www.smedemokrati.sk\/wp-content\/uploads\/2024\/03\/rtvs-pomoc.jpg","datePublished":"2024-03-14T13:12:50+00:00","dateModified":"2024-03-18T09:41:54+00:00","breadcrumb":{"@id":"https:\/\/www.smedemokrati.sk\/ak-toto-ludia-podpisu-simkovicova-musi-o-navrhu-k-rtvs-rokovat\/#breadcrumb"},"inLanguage":"hu-HU","potentialAction":[{"@type":"ReadAction","target":["https:\/\/www.smedemokrati.sk\/ak-toto-ludia-podpisu-simkovicova-musi-o-navrhu-k-rtvs-rokovat\/"]}]},{"@type":"ImageObject","inLanguage":"hu-HU","@id":"https:\/\/www.smedemokrati.sk\/ak-toto-ludia-podpisu-simkovicova-musi-o-navrhu-k-rtvs-rokovat\/#primaryimage","url":"https:\/\/www.smedemokrati.sk\/wp-content\/uploads\/2024\/03\/rtvs-pomoc.jpg","contentUrl":"https:\/\/www.smedemokrati.sk\/wp-content\/uploads\/2024\/03\/rtvs-pomoc.jpg","width":666,"height":444},{"@type":"BreadcrumbList","@id":"https:\/\/www.smedemokrati.sk\/ak-toto-ludia-podpisu-simkovicova-musi-o-navrhu-k-rtvs-rokovat\/#breadcrumb","itemListElement":[{"@type":"ListItem","position":1,"name":"Domovsk\u00e1 str\u00e1nka","item":"https:\/\/www.smedemokrati.sk\/"},{"@type":"ListItem","position":2,"name":"Ak toto \u013eudia podp\u00ed\u0161u, \u0160imkovi\u010dov\u00e1 mus\u00ed o n\u00e1vrhu k RTVS rokova\u0165"}]},{"@type":"WebSite","@id":"https:\/\/www.smedemokrati.sk\/#website","url":"https:\/\/www.smedemokrati.sk\/","name":"Smedemokrati.sk","description":"Demokracia a slu\u0161nos\u0165 zv\u00ed\u0165az\u00ed","publisher":{"@id":"https:\/\/www.smedemokrati.sk\/#organization"},"potentialAction":[{"@type":"SearchAction","target":{"@type":"EntryPoint","urlTemplate":"https:\/\/www.smedemokrati.sk\/?s={search_term_string}"},"query-input":{"@type":"PropertyValueSpecification","valueRequired":true,"valueName":"search_term_string"}}],"inLanguage":"hu-HU"},{"@type":"Organization","@id":"https:\/\/www.smedemokrati.sk\/#organization","name":"Smedemokrati.sk","url":"https:\/\/www.smedemokrati.sk\/","logo":{"@type":"ImageObject","inLanguage":"hu-HU","@id":"https:\/\/www.smedemokrati.sk\/#\/schema\/logo\/image\/","url":"https:\/\/www.smedemokrati.sk\/wp-content\/uploads\/2023\/04\/ff.002.jpeg","contentUrl":"https:\/\/www.smedemokrati.sk\/wp-content\/uploads\/2023\/04\/ff.002.jpeg","width":640,"height":480,"caption":"Smedemokrati.sk"},"image":{"@id":"https:\/\/www.smedemokrati.sk\/#\/schema\/logo\/image\/"},"sameAs":["https:\/\/www.facebook.com\/smedemokrati2023"]},{"@type":"Person","@id":"https:\/\/www.smedemokrati.sk\/#\/schema\/person\/21f147c88d605aa7ded900e1e7c344ba","name":"miro.sopko","image":{"@type":"ImageObject","inLanguage":"hu-HU","@id":"https:\/\/secure.gravatar.com\/avatar\/267e4a36f704376c109afe3a78740c1f5dd8675a2180a908699e7863c9247606?s=96&d=mm&r=g","url":"https:\/\/secure.gravatar.com\/avatar\/267e4a36f704376c109afe3a78740c1f5dd8675a2180a908699e7863c9247606?s=96&d=mm&r=g","contentUrl":"https:\/\/secure.gravatar.com\/avatar\/267e4a36f704376c109afe3a78740c1f5dd8675a2180a908699e7863c9247606?s=96&d=mm&r=g","caption":"miro.sopko"},"url":"https:\/\/www.smedemokrati.sk\/hu\/author\/miro-sopko\/"}]}},"_links":{"self":[{"href":"https:\/\/www.smedemokrati.sk\/hu\/wp-json\/wp\/v2\/posts\/3137","targetHints":{"allow":["GET"]}}],"collection":[{"href":"https:\/\/www.smedemokrati.sk\/hu\/wp-json\/wp\/v2\/posts"}],"about":[{"href":"https:\/\/www.smedemokrati.sk\/hu\/wp-json\/wp\/v2\/types\/post"}],"author":[{"embeddable":true,"href":"https:\/\/www.smedemokrati.sk\/hu\/wp-json\/wp\/v2\/users\/13"}],"replies":[{"embeddable":true,"href":"https:\/\/www.smedemokrati.sk\/hu\/wp-json\/wp\/v2\/comments?post=3137"}],"version-history":[{"count":1,"href":"https:\/\/www.smedemokrati.sk\/hu\/wp-json\/wp\/v2\/posts\/3137\/revisions"}],"predecessor-version":[{"id":3139,"href":"https:\/\/www.smedemokrati.sk\/hu\/wp-json\/wp\/v2\/posts\/3137\/revisions\/3139"}],"wp:featuredmedia":[{"embeddable":true,"href":"https:\/\/www.smedemokrati.sk\/hu\/wp-json\/wp\/v2\/media\/3138"}],"wp:attachment":[{"href":"https:\/\/www.smedemokrati.sk\/hu\/wp-json\/wp\/v2\/media?parent=3137"}],"wp:term":[{"taxonomy":"category","embeddable":true,"href":"https:\/\/www.smedemokrati.sk\/hu\/wp-json\/wp\/v2\/categories?post=3137"},{"taxonomy":"post_tag","embeddable":true,"href":"https:\/\/www.smedemokrati.sk\/hu\/wp-json\/wp\/v2\/tags?post=3137"}],"curies":[{"name":"wp","href":"https:\/\/api.w.org\/{rel}","templated":true}]}}