{"id":3094,"date":"2024-03-12T08:50:33","date_gmt":"2024-03-12T07:50:33","guid":{"rendered":"https:\/\/www.smedemokrati.sk\/?p=3094"},"modified":"2024-03-13T15:13:18","modified_gmt":"2024-03-13T14:13:18","slug":"vlada-ide-z-rtvs-urobit-nastroj-propagandy-a-cenzury","status":"publish","type":"post","link":"https:\/\/www.smedemokrati.sk\/hu\/vlada-ide-z-rtvs-urobit-nastroj-propagandy-a-cenzury\/","title":{"rendered":"Vl\u00e1da ide z RTVS urobi\u0165 n\u00e1stroj propagandy a cenz\u00fary"},"content":{"rendered":"<div id=\"fb-root\"><\/div>\n\n<p><em><strong>N\u00e1vrh z\u00e1kona o Slovenskej telev\u00edzii a rozhlase je totalitn\u00e9 \u0161ialenstvo, ktor\u00e9 nem\u00e1 vo vyspelej Eur\u00f3pe obdobu.<\/strong><\/em><\/p>\n\n\n\n<p><em>\u201eCie\u013eom nie je iba politicky ovl\u00e1dnu\u0165 RTVS a vymeni\u0165 v nej riadite\u013ea. Predstavitelia koal\u00edcie si chc\u00fa verejnopr\u00e1vne m\u00e9dium\u00a0platen\u00e9 z na\u0161ich dan\u00ed prisvoji\u0165 a vysiela\u0165 v \u0148om vlastn\u00fa propagandu. Tak\u00fdto n\u00e1vrh ide proti v\u0161etk\u00fdm pravidl\u00e1m a odpor\u00fa\u010daniam Eur\u00f3pskej \u00fanie aj medzin\u00e1rodn\u00fdch novin\u00e1rskych organiz\u00e1ci\u00ed,\u201c<\/em> zhodnotil b\u00fdval\u00fd predseda V\u00fdboru NR SR pre kult\u00faru a m\u00e9di\u00e1 Kristi\u00e1n \u010cekovsk\u00fd.<\/p>\n\n\n\n<p>Schv\u00e1len\u00edm z\u00e1kona okam\u017eite skon\u010d\u00ed nielen s\u00fa\u010dasn\u00fd riadite\u013e RTVS \u013dubo\u0161 Machaj, ale aj cel\u00e1 Rada RTVS. Vl\u00e1da chce takto ovl\u00e1dnu\u0165 nielen vedenie, ale aj kontroln\u00fd org\u00e1n verejnopr\u00e1vneho m\u00e9dia. Na rozdiel od v\u00e4\u010d\u0161iny eur\u00f3pskych kraj\u00edn v \u0148om nebud\u00fa sedie\u0165 z\u00e1stupcovia verejnosti a nez\u00e1visl\u00ed odborn\u00edci, ale v\u00fdlu\u010dne politick\u00ed nominanti. Po novom sa m\u00e1 po\u010det \u010dlenov Rady okresa\u0165 na sedem, pri\u010dom troch nominuje priamo ministerka kult\u00fary a \u0161tyroch jej navolia kolegovia v parlamente.&nbsp;<\/p>\n\n\n\n<p>Na zvolenie riadite\u013ea bud\u00fa sta\u010di\u0165 \u0161tyri hlasy \u010dlenov Rady. <em>\u201eNov\u00e9ho riadite\u013ea tak zvol\u00ed \u010disto politick\u00fd org\u00e1n zlo\u017een\u00fd predov\u0161etk\u00fdm z \u013eud\u00ed, ktor\u00fdch si vyberie ministerka \u0160imkovi\u010dov\u00e1. Ru\u0161\u00ed sa aj ak\u00e1ko\u013evek ochrana riadite\u013ea pred politick\u00fdmi vplyvmi. Rada bude gener\u00e1lneho riadite\u013ea nielen voli\u0165, ale bude ho m\u00f4c\u0165 aj kedyko\u013evek a za hoci\u010do odvola\u0165. To je absol\u00fatny nonsens,\u201c<\/em> varuje \u010cekovsk\u00fd, pod\u013ea ktor\u00e9ho riadite\u013e nebude m\u00f4c\u0165 kona\u0165 nez\u00e1visle, ale len na politick\u00fa objedn\u00e1vku.\u00a0<\/p>\n\n\n\n<p>Vrcholom propagandy bude vznik programovej rady, ktor\u00fdch si najprv navolia poslanci v parlamente. <em>\u201eTento org\u00e1n bude fungova\u0165 ako cenzorsk\u00fd \u00farad. Jeho \u00falohou bude posudzova\u0165 a kontrolova\u0165 vysielanie. Ak sa jej \u010dlenom nie\u010do nebude p\u00e1\u010di\u0165, riadite\u013e bude musie\u0165 vykona\u0165 n\u00e1pravu. Ak tak neurob\u00ed, rada ho odvol\u00e1. O vysielan\u00ed tak bud\u00fa rozhodova\u0165 v\u00fdlu\u010dne politick\u00ed nominanti s\u00fa\u010dasnej vl\u00e1dy. Ak toto uvidia v Eur\u00f3pskej \u00fanii, bud\u00fa sa chyta\u0165 za hlavy a Slovensko sa zrejme nevyhne \u010fal\u0161\u00edm sankci\u00e1m,\u201c<\/em> uzavrel \u010cekovsk\u00fd s t\u00fdm, \u017ee pomyselnou \u010dere\u0161ni\u010dkou je skr\u00e1ten\u00e9 pripomienkov\u00e9 konanie bez riadneho d\u00f4vodu.\u00a0<\/p>\n\n\n\n<p>Ovl\u00e1dnutie verejnopr\u00e1vnych m\u00e9di\u00ed je jeden z prv\u00fdch krokov na zni\u010denie demokracie a n\u00e1stup vl\u00e1dy autokratov. <em>\u201eProti tomuto z\u00e1meru budeme bojova\u0165 nielen na dom\u00e1cej p\u00f4de, ale aj v E\u00da. Ofici\u00e1lnym listom sme sa obr\u00e1tili na V\u011bru Jourov\u00fa &#8211; eurokomis\u00e1rku pre hodnoty a transparentnos\u0165, do ktorej kompetenci\u00ed spad\u00e1 aj sloboda m\u00e9di\u00ed. Toto \u0161ialenstvo nenech\u00e1me len tak, verejnopr\u00e1vna telev\u00edzia je n\u00e1s v\u0161etk\u00fdch ob\u010danov, nie vl\u00e1dny n\u00e1stroj propagandy,\u201d<\/em> uzavrel predseda strany Jaroslav Na\u010f.\u00a0<\/p>\n","protected":false},"excerpt":{"rendered":"<p>N\u00e1vrh z\u00e1kona o Slovenskej telev\u00edzii a rozhlase je totalitn\u00e9 \u0161ialenstvo, ktor\u00e9 nem\u00e1 vo vyspelej Eur\u00f3pe obdobu. \u201eCie\u013eom nie je iba politicky ovl\u00e1dnu\u0165 RTVS a vymeni\u0165 v nej riadite\u013ea. Predstavitelia koal\u00edcie si chc\u00fa verejnopr\u00e1vne m\u00e9dium\u00a0platen\u00e9 z na\u0161ich dan\u00ed prisvoji\u0165 a vysiela\u0165 v \u0148om vlastn\u00fa propagandu. Tak\u00fdto n\u00e1vrh ide proti v\u0161etk\u00fdm pravidl\u00e1m a odpor\u00fa\u010daniam Eur\u00f3pskej \u00fanie aj [&hellip;]<\/p>\n","protected":false},"author":13,"featured_media":3097,"comment_status":"closed","ping_status":"closed","sticky":false,"template":"","format":"standard","meta":{"_acf_changed":false,"ngg_post_thumbnail":0,"footnotes":""},"categories":[4],"tags":[],"class_list":["post-3094","post","type-post","status-publish","format-standard","has-post-thumbnail","hentry","category-tlacove-spravy"],"acf":[],"yoast_head":"<!-- This site is optimized with the Yoast SEO plugin v27.2 - https:\/\/yoast.com\/product\/yoast-seo-wordpress\/ -->\n<title>Vl\u00e1da ide z RTVS urobi\u0165 n\u00e1stroj propagandy a cenz\u00fary - Smedemokrati.sk<\/title>\n<meta name=\"robots\" content=\"index, follow, max-snippet:-1, max-image-preview:large, max-video-preview:-1\" \/>\n<link rel=\"canonical\" href=\"https:\/\/www.smedemokrati.sk\/hu\/vlada-ide-z-rtvs-urobit-nastroj-propagandy-a-cenzury\/\" \/>\n<meta property=\"og:locale\" content=\"hu_HU\" \/>\n<meta property=\"og:locale:alternate\" content=\"en_US\" \/>\n<meta property=\"og:locale:alternate\" content=\"cs_CZ\" \/>\n<meta property=\"og:locale:alternate\" content=\"sk_SK\" \/>\n<meta property=\"og:locale:alternate\" content=\"sv_SE\" \/>\n<meta property=\"og:type\" content=\"article\" \/>\n<meta property=\"og:title\" content=\"Vl\u00e1da ide z RTVS urobi\u0165 n\u00e1stroj propagandy a cenz\u00fary - Smedemokrati.sk\" \/>\n<meta property=\"og:description\" content=\"N\u00e1vrh z\u00e1kona o Slovenskej telev\u00edzii a rozhlase je totalitn\u00e9 \u0161ialenstvo, ktor\u00e9 nem\u00e1 vo vyspelej Eur\u00f3pe obdobu. \u201eCie\u013eom nie je iba politicky ovl\u00e1dnu\u0165 RTVS a vymeni\u0165 v nej riadite\u013ea. Predstavitelia koal\u00edcie si chc\u00fa verejnopr\u00e1vne m\u00e9dium\u00a0platen\u00e9 z na\u0161ich dan\u00ed prisvoji\u0165 a vysiela\u0165 v \u0148om vlastn\u00fa propagandu. Tak\u00fdto n\u00e1vrh ide proti v\u0161etk\u00fdm pravidl\u00e1m a odpor\u00fa\u010daniam Eur\u00f3pskej \u00fanie aj [&hellip;]\" \/>\n<meta property=\"og:url\" content=\"https:\/\/www.smedemokrati.sk\/hu\/vlada-ide-z-rtvs-urobit-nastroj-propagandy-a-cenzury\/\" \/>\n<meta property=\"og:site_name\" content=\"Smedemokrati.sk\" \/>\n<meta property=\"article:publisher\" content=\"https:\/\/www.facebook.com\/smedemokrati2023\" \/>\n<meta property=\"article:published_time\" content=\"2024-03-12T07:50:33+00:00\" \/>\n<meta property=\"article:modified_time\" content=\"2024-03-13T14:13:18+00:00\" \/>\n<meta property=\"og:image\" content=\"https:\/\/www.smedemokrati.sk\/wp-content\/uploads\/2024\/03\/simkovicova-1.jpg\" \/>\n\t<meta property=\"og:image:width\" content=\"800\" \/>\n\t<meta property=\"og:image:height\" content=\"448\" \/>\n\t<meta property=\"og:image:type\" content=\"image\/jpeg\" \/>\n<meta name=\"author\" content=\"miro.sopko\" \/>\n<meta name=\"twitter:card\" content=\"summary_large_image\" \/>\n<meta name=\"twitter:label1\" content=\"Szerz\u0151:\" \/>\n\t<meta name=\"twitter:data1\" content=\"miro.sopko\" \/>\n\t<meta name=\"twitter:label2\" content=\"Becs\u00fclt olvas\u00e1si id\u0151\" \/>\n\t<meta name=\"twitter:data2\" content=\"2 perc\" \/>\n<script type=\"application\/ld+json\" class=\"yoast-schema-graph\">{\"@context\":\"https:\/\/schema.org\",\"@graph\":[{\"@type\":\"Article\",\"@id\":\"https:\/\/www.smedemokrati.sk\/vlada-ide-z-rtvs-urobit-nastroj-propagandy-a-cenzury\/#article\",\"isPartOf\":{\"@id\":\"https:\/\/www.smedemokrati.sk\/vlada-ide-z-rtvs-urobit-nastroj-propagandy-a-cenzury\/\"},\"author\":{\"name\":\"miro.sopko\",\"@id\":\"https:\/\/www.smedemokrati.sk\/#\/schema\/person\/21f147c88d605aa7ded900e1e7c344ba\"},\"headline\":\"Vl\u00e1da ide z RTVS urobi\u0165 n\u00e1stroj propagandy a cenz\u00fary\",\"datePublished\":\"2024-03-12T07:50:33+00:00\",\"dateModified\":\"2024-03-13T14:13:18+00:00\",\"mainEntityOfPage\":{\"@id\":\"https:\/\/www.smedemokrati.sk\/vlada-ide-z-rtvs-urobit-nastroj-propagandy-a-cenzury\/\"},\"wordCount\":491,\"publisher\":{\"@id\":\"https:\/\/www.smedemokrati.sk\/#organization\"},\"image\":{\"@id\":\"https:\/\/www.smedemokrati.sk\/vlada-ide-z-rtvs-urobit-nastroj-propagandy-a-cenzury\/#primaryimage\"},\"thumbnailUrl\":\"https:\/\/www.smedemokrati.sk\/wp-content\/uploads\/2024\/03\/simkovicova-1.jpg\",\"articleSection\":[\"Tla\u010dov\u00e9 spr\u00e1vy\"],\"inLanguage\":\"hu-HU\"},{\"@type\":\"WebPage\",\"@id\":\"https:\/\/www.smedemokrati.sk\/vlada-ide-z-rtvs-urobit-nastroj-propagandy-a-cenzury\/\",\"url\":\"https:\/\/www.smedemokrati.sk\/vlada-ide-z-rtvs-urobit-nastroj-propagandy-a-cenzury\/\",\"name\":\"Vl\u00e1da ide z RTVS urobi\u0165 n\u00e1stroj propagandy a cenz\u00fary - Smedemokrati.sk\",\"isPartOf\":{\"@id\":\"https:\/\/www.smedemokrati.sk\/#website\"},\"primaryImageOfPage\":{\"@id\":\"https:\/\/www.smedemokrati.sk\/vlada-ide-z-rtvs-urobit-nastroj-propagandy-a-cenzury\/#primaryimage\"},\"image\":{\"@id\":\"https:\/\/www.smedemokrati.sk\/vlada-ide-z-rtvs-urobit-nastroj-propagandy-a-cenzury\/#primaryimage\"},\"thumbnailUrl\":\"https:\/\/www.smedemokrati.sk\/wp-content\/uploads\/2024\/03\/simkovicova-1.jpg\",\"datePublished\":\"2024-03-12T07:50:33+00:00\",\"dateModified\":\"2024-03-13T14:13:18+00:00\",\"breadcrumb\":{\"@id\":\"https:\/\/www.smedemokrati.sk\/vlada-ide-z-rtvs-urobit-nastroj-propagandy-a-cenzury\/#breadcrumb\"},\"inLanguage\":\"hu-HU\",\"potentialAction\":[{\"@type\":\"ReadAction\",\"target\":[\"https:\/\/www.smedemokrati.sk\/vlada-ide-z-rtvs-urobit-nastroj-propagandy-a-cenzury\/\"]}]},{\"@type\":\"ImageObject\",\"inLanguage\":\"hu-HU\",\"@id\":\"https:\/\/www.smedemokrati.sk\/vlada-ide-z-rtvs-urobit-nastroj-propagandy-a-cenzury\/#primaryimage\",\"url\":\"https:\/\/www.smedemokrati.sk\/wp-content\/uploads\/2024\/03\/simkovicova-1.jpg\",\"contentUrl\":\"https:\/\/www.smedemokrati.sk\/wp-content\/uploads\/2024\/03\/simkovicova-1.jpg\",\"width\":800,\"height\":448},{\"@type\":\"BreadcrumbList\",\"@id\":\"https:\/\/www.smedemokrati.sk\/vlada-ide-z-rtvs-urobit-nastroj-propagandy-a-cenzury\/#breadcrumb\",\"itemListElement\":[{\"@type\":\"ListItem\",\"position\":1,\"name\":\"Domovsk\u00e1 str\u00e1nka\",\"item\":\"https:\/\/www.smedemokrati.sk\/\"},{\"@type\":\"ListItem\",\"position\":2,\"name\":\"Vl\u00e1da ide z RTVS urobi\u0165 n\u00e1stroj propagandy a cenz\u00fary\"}]},{\"@type\":\"WebSite\",\"@id\":\"https:\/\/www.smedemokrati.sk\/#website\",\"url\":\"https:\/\/www.smedemokrati.sk\/\",\"name\":\"Smedemokrati.sk\",\"description\":\"Demokracia a slu\u0161nos\u0165 zv\u00ed\u0165az\u00ed\",\"publisher\":{\"@id\":\"https:\/\/www.smedemokrati.sk\/#organization\"},\"potentialAction\":[{\"@type\":\"SearchAction\",\"target\":{\"@type\":\"EntryPoint\",\"urlTemplate\":\"https:\/\/www.smedemokrati.sk\/?s={search_term_string}\"},\"query-input\":{\"@type\":\"PropertyValueSpecification\",\"valueRequired\":true,\"valueName\":\"search_term_string\"}}],\"inLanguage\":\"hu-HU\"},{\"@type\":\"Organization\",\"@id\":\"https:\/\/www.smedemokrati.sk\/#organization\",\"name\":\"Smedemokrati.sk\",\"url\":\"https:\/\/www.smedemokrati.sk\/\",\"logo\":{\"@type\":\"ImageObject\",\"inLanguage\":\"hu-HU\",\"@id\":\"https:\/\/www.smedemokrati.sk\/#\/schema\/logo\/image\/\",\"url\":\"https:\/\/www.smedemokrati.sk\/wp-content\/uploads\/2023\/04\/ff.002.jpeg\",\"contentUrl\":\"https:\/\/www.smedemokrati.sk\/wp-content\/uploads\/2023\/04\/ff.002.jpeg\",\"width\":640,\"height\":480,\"caption\":\"Smedemokrati.sk\"},\"image\":{\"@id\":\"https:\/\/www.smedemokrati.sk\/#\/schema\/logo\/image\/\"},\"sameAs\":[\"https:\/\/www.facebook.com\/smedemokrati2023\"]},{\"@type\":\"Person\",\"@id\":\"https:\/\/www.smedemokrati.sk\/#\/schema\/person\/21f147c88d605aa7ded900e1e7c344ba\",\"name\":\"miro.sopko\",\"image\":{\"@type\":\"ImageObject\",\"inLanguage\":\"hu-HU\",\"@id\":\"https:\/\/secure.gravatar.com\/avatar\/267e4a36f704376c109afe3a78740c1f5dd8675a2180a908699e7863c9247606?s=96&d=mm&r=g\",\"url\":\"https:\/\/secure.gravatar.com\/avatar\/267e4a36f704376c109afe3a78740c1f5dd8675a2180a908699e7863c9247606?s=96&d=mm&r=g\",\"contentUrl\":\"https:\/\/secure.gravatar.com\/avatar\/267e4a36f704376c109afe3a78740c1f5dd8675a2180a908699e7863c9247606?s=96&d=mm&r=g\",\"caption\":\"miro.sopko\"},\"url\":\"https:\/\/www.smedemokrati.sk\/hu\/author\/miro-sopko\/\"}]}<\/script>\n<!-- \/ Yoast SEO plugin. -->","yoast_head_json":{"title":"Vl\u00e1da ide z RTVS urobi\u0165 n\u00e1stroj propagandy a cenz\u00fary - Smedemokrati.sk","robots":{"index":"index","follow":"follow","max-snippet":"max-snippet:-1","max-image-preview":"max-image-preview:large","max-video-preview":"max-video-preview:-1"},"canonical":"https:\/\/www.smedemokrati.sk\/hu\/vlada-ide-z-rtvs-urobit-nastroj-propagandy-a-cenzury\/","og_locale":"hu_HU","og_type":"article","og_title":"Vl\u00e1da ide z RTVS urobi\u0165 n\u00e1stroj propagandy a cenz\u00fary - Smedemokrati.sk","og_description":"N\u00e1vrh z\u00e1kona o Slovenskej telev\u00edzii a rozhlase je totalitn\u00e9 \u0161ialenstvo, ktor\u00e9 nem\u00e1 vo vyspelej Eur\u00f3pe obdobu. \u201eCie\u013eom nie je iba politicky ovl\u00e1dnu\u0165 RTVS a vymeni\u0165 v nej riadite\u013ea. Predstavitelia koal\u00edcie si chc\u00fa verejnopr\u00e1vne m\u00e9dium\u00a0platen\u00e9 z na\u0161ich dan\u00ed prisvoji\u0165 a vysiela\u0165 v \u0148om vlastn\u00fa propagandu. Tak\u00fdto n\u00e1vrh ide proti v\u0161etk\u00fdm pravidl\u00e1m a odpor\u00fa\u010daniam Eur\u00f3pskej \u00fanie aj [&hellip;]","og_url":"https:\/\/www.smedemokrati.sk\/hu\/vlada-ide-z-rtvs-urobit-nastroj-propagandy-a-cenzury\/","og_site_name":"Smedemokrati.sk","article_publisher":"https:\/\/www.facebook.com\/smedemokrati2023","article_published_time":"2024-03-12T07:50:33+00:00","article_modified_time":"2024-03-13T14:13:18+00:00","og_image":[{"width":800,"height":448,"url":"https:\/\/www.smedemokrati.sk\/wp-content\/uploads\/2024\/03\/simkovicova-1.jpg","type":"image\/jpeg"}],"author":"miro.sopko","twitter_card":"summary_large_image","twitter_misc":{"Szerz\u0151:":"miro.sopko","Becs\u00fclt olvas\u00e1si id\u0151":"2 perc"},"schema":{"@context":"https:\/\/schema.org","@graph":[{"@type":"Article","@id":"https:\/\/www.smedemokrati.sk\/vlada-ide-z-rtvs-urobit-nastroj-propagandy-a-cenzury\/#article","isPartOf":{"@id":"https:\/\/www.smedemokrati.sk\/vlada-ide-z-rtvs-urobit-nastroj-propagandy-a-cenzury\/"},"author":{"name":"miro.sopko","@id":"https:\/\/www.smedemokrati.sk\/#\/schema\/person\/21f147c88d605aa7ded900e1e7c344ba"},"headline":"Vl\u00e1da ide z RTVS urobi\u0165 n\u00e1stroj propagandy a cenz\u00fary","datePublished":"2024-03-12T07:50:33+00:00","dateModified":"2024-03-13T14:13:18+00:00","mainEntityOfPage":{"@id":"https:\/\/www.smedemokrati.sk\/vlada-ide-z-rtvs-urobit-nastroj-propagandy-a-cenzury\/"},"wordCount":491,"publisher":{"@id":"https:\/\/www.smedemokrati.sk\/#organization"},"image":{"@id":"https:\/\/www.smedemokrati.sk\/vlada-ide-z-rtvs-urobit-nastroj-propagandy-a-cenzury\/#primaryimage"},"thumbnailUrl":"https:\/\/www.smedemokrati.sk\/wp-content\/uploads\/2024\/03\/simkovicova-1.jpg","articleSection":["Tla\u010dov\u00e9 spr\u00e1vy"],"inLanguage":"hu-HU"},{"@type":"WebPage","@id":"https:\/\/www.smedemokrati.sk\/vlada-ide-z-rtvs-urobit-nastroj-propagandy-a-cenzury\/","url":"https:\/\/www.smedemokrati.sk\/vlada-ide-z-rtvs-urobit-nastroj-propagandy-a-cenzury\/","name":"Vl\u00e1da ide z RTVS urobi\u0165 n\u00e1stroj propagandy a cenz\u00fary - Smedemokrati.sk","isPartOf":{"@id":"https:\/\/www.smedemokrati.sk\/#website"},"primaryImageOfPage":{"@id":"https:\/\/www.smedemokrati.sk\/vlada-ide-z-rtvs-urobit-nastroj-propagandy-a-cenzury\/#primaryimage"},"image":{"@id":"https:\/\/www.smedemokrati.sk\/vlada-ide-z-rtvs-urobit-nastroj-propagandy-a-cenzury\/#primaryimage"},"thumbnailUrl":"https:\/\/www.smedemokrati.sk\/wp-content\/uploads\/2024\/03\/simkovicova-1.jpg","datePublished":"2024-03-12T07:50:33+00:00","dateModified":"2024-03-13T14:13:18+00:00","breadcrumb":{"@id":"https:\/\/www.smedemokrati.sk\/vlada-ide-z-rtvs-urobit-nastroj-propagandy-a-cenzury\/#breadcrumb"},"inLanguage":"hu-HU","potentialAction":[{"@type":"ReadAction","target":["https:\/\/www.smedemokrati.sk\/vlada-ide-z-rtvs-urobit-nastroj-propagandy-a-cenzury\/"]}]},{"@type":"ImageObject","inLanguage":"hu-HU","@id":"https:\/\/www.smedemokrati.sk\/vlada-ide-z-rtvs-urobit-nastroj-propagandy-a-cenzury\/#primaryimage","url":"https:\/\/www.smedemokrati.sk\/wp-content\/uploads\/2024\/03\/simkovicova-1.jpg","contentUrl":"https:\/\/www.smedemokrati.sk\/wp-content\/uploads\/2024\/03\/simkovicova-1.jpg","width":800,"height":448},{"@type":"BreadcrumbList","@id":"https:\/\/www.smedemokrati.sk\/vlada-ide-z-rtvs-urobit-nastroj-propagandy-a-cenzury\/#breadcrumb","itemListElement":[{"@type":"ListItem","position":1,"name":"Domovsk\u00e1 str\u00e1nka","item":"https:\/\/www.smedemokrati.sk\/"},{"@type":"ListItem","position":2,"name":"Vl\u00e1da ide z RTVS urobi\u0165 n\u00e1stroj propagandy a cenz\u00fary"}]},{"@type":"WebSite","@id":"https:\/\/www.smedemokrati.sk\/#website","url":"https:\/\/www.smedemokrati.sk\/","name":"Smedemokrati.sk","description":"Demokracia a slu\u0161nos\u0165 zv\u00ed\u0165az\u00ed","publisher":{"@id":"https:\/\/www.smedemokrati.sk\/#organization"},"potentialAction":[{"@type":"SearchAction","target":{"@type":"EntryPoint","urlTemplate":"https:\/\/www.smedemokrati.sk\/?s={search_term_string}"},"query-input":{"@type":"PropertyValueSpecification","valueRequired":true,"valueName":"search_term_string"}}],"inLanguage":"hu-HU"},{"@type":"Organization","@id":"https:\/\/www.smedemokrati.sk\/#organization","name":"Smedemokrati.sk","url":"https:\/\/www.smedemokrati.sk\/","logo":{"@type":"ImageObject","inLanguage":"hu-HU","@id":"https:\/\/www.smedemokrati.sk\/#\/schema\/logo\/image\/","url":"https:\/\/www.smedemokrati.sk\/wp-content\/uploads\/2023\/04\/ff.002.jpeg","contentUrl":"https:\/\/www.smedemokrati.sk\/wp-content\/uploads\/2023\/04\/ff.002.jpeg","width":640,"height":480,"caption":"Smedemokrati.sk"},"image":{"@id":"https:\/\/www.smedemokrati.sk\/#\/schema\/logo\/image\/"},"sameAs":["https:\/\/www.facebook.com\/smedemokrati2023"]},{"@type":"Person","@id":"https:\/\/www.smedemokrati.sk\/#\/schema\/person\/21f147c88d605aa7ded900e1e7c344ba","name":"miro.sopko","image":{"@type":"ImageObject","inLanguage":"hu-HU","@id":"https:\/\/secure.gravatar.com\/avatar\/267e4a36f704376c109afe3a78740c1f5dd8675a2180a908699e7863c9247606?s=96&d=mm&r=g","url":"https:\/\/secure.gravatar.com\/avatar\/267e4a36f704376c109afe3a78740c1f5dd8675a2180a908699e7863c9247606?s=96&d=mm&r=g","contentUrl":"https:\/\/secure.gravatar.com\/avatar\/267e4a36f704376c109afe3a78740c1f5dd8675a2180a908699e7863c9247606?s=96&d=mm&r=g","caption":"miro.sopko"},"url":"https:\/\/www.smedemokrati.sk\/hu\/author\/miro-sopko\/"}]}},"_links":{"self":[{"href":"https:\/\/www.smedemokrati.sk\/hu\/wp-json\/wp\/v2\/posts\/3094","targetHints":{"allow":["GET"]}}],"collection":[{"href":"https:\/\/www.smedemokrati.sk\/hu\/wp-json\/wp\/v2\/posts"}],"about":[{"href":"https:\/\/www.smedemokrati.sk\/hu\/wp-json\/wp\/v2\/types\/post"}],"author":[{"embeddable":true,"href":"https:\/\/www.smedemokrati.sk\/hu\/wp-json\/wp\/v2\/users\/13"}],"replies":[{"embeddable":true,"href":"https:\/\/www.smedemokrati.sk\/hu\/wp-json\/wp\/v2\/comments?post=3094"}],"version-history":[{"count":1,"href":"https:\/\/www.smedemokrati.sk\/hu\/wp-json\/wp\/v2\/posts\/3094\/revisions"}],"predecessor-version":[{"id":3096,"href":"https:\/\/www.smedemokrati.sk\/hu\/wp-json\/wp\/v2\/posts\/3094\/revisions\/3096"}],"wp:featuredmedia":[{"embeddable":true,"href":"https:\/\/www.smedemokrati.sk\/hu\/wp-json\/wp\/v2\/media\/3097"}],"wp:attachment":[{"href":"https:\/\/www.smedemokrati.sk\/hu\/wp-json\/wp\/v2\/media?parent=3094"}],"wp:term":[{"taxonomy":"category","embeddable":true,"href":"https:\/\/www.smedemokrati.sk\/hu\/wp-json\/wp\/v2\/categories?post=3094"},{"taxonomy":"post_tag","embeddable":true,"href":"https:\/\/www.smedemokrati.sk\/hu\/wp-json\/wp\/v2\/tags?post=3094"}],"curies":[{"name":"wp","href":"https:\/\/api.w.org\/{rel}","templated":true}]}}